{"id":48120,"date":"2013-04-01T20:06:27","date_gmt":"2013-04-01T19:06:27","guid":{"rendered":"http:\/\/www.bellunopress.it\/?p=48120"},"modified":"2013-04-01T20:06:27","modified_gmt":"2013-04-01T19:06:27","slug":"siamo-ancora-litalia-degli-spaghetti-mafia-e-camorra-ecco-cosa-dice-di-noi-la-stampa-estera-ma-era-un-pesce-daprile-con-il-ritratto-dellitalia-a-cavallo","status":"publish","type":"post","link":"https:\/\/www.bellunopress.it\/fr\/2013\/04\/01\/siamo-ancora-litalia-degli-spaghetti-mafia-e-camorra-ecco-cosa-dice-di-noi-la-stampa-estera-ma-era-un-pesce-daprile-con-il-ritratto-dellitalia-a-cavallo\/","title":{"rendered":"\u201cSiamo ancora l\u2019Italia degli spaghetti, mafia e camorra. Ecco cosa dice di noi la stampa estera\u201d. Ma era un pesce d\u2019aprile con il ritratto dell\u2019Italia a cavallo tra l\u2019800 e il \u2018900"},"content":{"rendered":"<p><a href=\"http:\/\/www.bellunopress.it\/wp-content\/uploads\/2013\/04\/pesce-daprile.jpg\"><img loading=\"lazy\" decoding=\"async\" class=\"alignleft size-full wp-image-48121\" alt=\"pesce d'aprile\" src=\"http:\/\/www.bellunopress.it\/wp-content\/uploads\/2013\/04\/pesce-daprile.jpg\" width=\"160\" height=\"121\" \/><\/a>In omaggio alla tradizione del I\u00b0 aprile che quest\u2019anno ha coinciso con il luned\u00ec di Pasquetta, anche Bellunopress ha pubblicato il suo pesce d\u2019aprile.<\/p>\n<p>E allora diciamo subito che \u00e8 un tarocco l\u2019editoriale dal titolo \u201cSiamo ancora l\u2019Italia degli spaghetti, mafia e camorra. Ecco cosa dice di noi la stampa estera\u201d accompagnato dalla celebre immagine degli spaghetti conditi con il revolver del settimanale tedesco Der Spiegel del 1977.<\/p>\n<p>In realt\u00e0 i virgolettati attribuiti alla stampa estera The Washington Post, Daily Express, Frankfurter Allgemeine Zeitung li abbiamo presi da \u201cLe origini della camorra\u201d con gli scritti del professor Barbagallo relativi all\u2019Italia di fine \u2018800, quando \u201cl\u2019espansione dell\u2019illegalit\u00e0 criminale si misurava con gli sviluppi della politica. Non essendo ancora nati i partiti di massa, questi si muovevano come aggregati di notabili, guidati da personalit\u00e0 eminenti come Nicotera, Crispi, Rudin\u00ec, Giolitti, Zanardelli, Sonnino. Non era pi\u00f9 una stretta oligarchia di ricchi e aristocratici. Sulla scena politica irrompevano ceti meno altolocati, pi\u00f9 disponibili a pi\u00f9 larghe relazioni. Si tenga presente che le riforme elettorali degli anni \u201980 allargavano il voto ai maschi ventunenni in grado di leggere e scrivere\u201d.<\/p>\n<p>Il ritratto del camorrista moderno che \u201cconosce anticipatamente a chi verr\u00e0 aggiudicato l\u2019appalto\u201d \u00e8 di Eugenio De Cosa, funzionario di polizia, che nel 1908 traccia un intrigante profilo di questi criminali.<\/p>\n<p>Insomma, \u00e8 passato pi\u00f9 di un secolo, ma se prendiamo un qualsiasi rapporto sulla criminalit\u00e0 redatto allora e lo virgolettiamo riproponendolo al lettore, difficilmente viene smascherata la bufala.<\/p>\n<p>A onor del vero c&#8217;\u00e8 stato un solo un commento con degli indizi su Facebook al nostro pesce d&#8217;aprile, firmato dall\u2019anonimo John Wine, che sottolineava la singolare assenza della questione droga nel ritratto dell&#8217;Italia spaghetti mafia e camorra.<\/p>\n<p>&nbsp;<\/p>\n<p>&nbsp;<\/p>","protected":false},"excerpt":{"rendered":"<p>In omaggio alla tradizione del I\u00b0 aprile che quest\u2019anno ha coinciso con il luned\u00ec di Pasquetta, anche Bellunopress ha pubblicato il suo pesce d\u2019aprile. E allora diciamo subito che \u00e8 un tarocco l\u2019editoriale dal titolo \u201cSiamo ancora l\u2019Italia degli spaghetti, mafia e camorra. Ecco cosa dice di noi la stampa estera\u201d accompagnato dalla celebre immagine [&hellip;]<\/p>\n","protected":false},"author":2,"featured_media":0,"comment_status":"closed","ping_status":"open","sticky":false,"template":"","format":"standard","meta":{"footnotes":""},"categories":[5,26],"tags":[],"class_list":["post-48120","post","type-post","status-publish","format-standard","category-cronaca","category-prima-pagina"],"yoast_head":"<!-- This site is optimized with the Yoast SEO plugin v28.4 - https:\/\/yoast.com\/product\/yoast-seo-wordpress\/ -->\n<title>\u201cSiamo ancora l\u2019Italia degli spaghetti, mafia e camorra. Ecco cosa dice di noi la stampa estera\u201d. Ma era un pesce d\u2019aprile con il ritratto dell\u2019Italia a cavallo tra l\u2019800 e il \u2018900 - Bellunopress - Dolomiti<\/title>\n<meta name=\"robots\" content=\"index, follow, max-snippet:-1, max-image-preview:large, max-video-preview:-1\" \/>\n<link rel=\"canonical\" href=\"https:\/\/www.bellunopress.it\/fr\/2013\/04\/01\/siamo-ancora-litalia-degli-spaghetti-mafia-e-camorra-ecco-cosa-dice-di-noi-la-stampa-estera-ma-era-un-pesce-daprile-con-il-ritratto-dellitalia-a-cavallo\/\" \/>\n<meta property=\"og:locale\" content=\"fr_FR\" \/>\n<meta property=\"og:type\" content=\"article\" \/>\n<meta property=\"og:title\" content=\"\u201cSiamo ancora l\u2019Italia degli spaghetti, mafia e camorra. Ecco cosa dice di noi la stampa estera\u201d. Ma era un pesce d\u2019aprile con il ritratto dell\u2019Italia a cavallo tra l\u2019800 e il \u2018900 - Bellunopress - Dolomiti\" \/>\n<meta property=\"og:description\" content=\"In omaggio alla tradizione del I\u00b0 aprile che quest\u2019anno ha coinciso con il luned\u00ec di Pasquetta, anche Bellunopress ha pubblicato il suo pesce d\u2019aprile. E allora diciamo subito che \u00e8 un tarocco l\u2019editoriale dal titolo \u201cSiamo ancora l\u2019Italia degli spaghetti, mafia e camorra. Ecco cosa dice di noi la stampa estera\u201d accompagnato dalla celebre immagine [&hellip;]\" \/>\n<meta property=\"og:url\" content=\"https:\/\/www.bellunopress.it\/fr\/2013\/04\/01\/siamo-ancora-litalia-degli-spaghetti-mafia-e-camorra-ecco-cosa-dice-di-noi-la-stampa-estera-ma-era-un-pesce-daprile-con-il-ritratto-dellitalia-a-cavallo\/\" \/>\n<meta property=\"og:site_name\" content=\"Bellunopress - Dolomiti\" \/>\n<meta property=\"article:publisher\" content=\"https:\/\/www.facebook.com\/profile.php?id=100008943462799\" \/>\n<meta property=\"article:published_time\" content=\"2013-04-01T19:06:27+00:00\" \/>\n<meta property=\"og:image\" content=\"http:\/\/www.bellunopress.it\/wp-content\/uploads\/2013\/04\/pesce-daprile.jpg\" \/>\n<meta name=\"author\" content=\"redazione\" \/>\n<meta name=\"twitter:card\" content=\"summary_large_image\" \/>\n<meta name=\"twitter:creator\" content=\"@bellunopress\" \/>\n<meta name=\"twitter:site\" content=\"@bellunopress\" \/>\n<meta name=\"twitter:label1\" content=\"\u00c9crit par\" \/>\n\t<meta name=\"twitter:data1\" content=\"redazione\" \/>\n\t<meta name=\"twitter:label2\" content=\"Dur\u00e9e de lecture estim\u00e9e\" \/>\n\t<meta name=\"twitter:data2\" content=\"1 minute\" \/>\n<script type=\"application\/ld+json\" class=\"yoast-schema-graph\">{\"@context\":\"https:\\\/\\\/schema.org\",\"@graph\":[{\"@type\":\"Article\",\"@id\":\"https:\\\/\\\/www.bellunopress.it\\\/2013\\\/04\\\/01\\\/siamo-ancora-litalia-degli-spaghetti-mafia-e-camorra-ecco-cosa-dice-di-noi-la-stampa-estera-ma-era-un-pesce-daprile-con-il-ritratto-dellitalia-a-cavallo\\\/#article\",\"isPartOf\":{\"@id\":\"https:\\\/\\\/www.bellunopress.it\\\/2013\\\/04\\\/01\\\/siamo-ancora-litalia-degli-spaghetti-mafia-e-camorra-ecco-cosa-dice-di-noi-la-stampa-estera-ma-era-un-pesce-daprile-con-il-ritratto-dellitalia-a-cavallo\\\/\"},\"author\":{\"name\":\"redazione\",\"@id\":\"https:\\\/\\\/www.bellunopress.it\\\/#\\\/schema\\\/person\\\/79bb06722b37ece1c03d3e94beb30d73\"},\"headline\":\"\u201cSiamo ancora l\u2019Italia degli spaghetti, mafia e camorra. Ecco cosa dice di noi la stampa estera\u201d. Ma era un pesce d\u2019aprile con il ritratto dell\u2019Italia a cavallo tra l\u2019800 e il \u2018900\",\"datePublished\":\"2013-04-01T19:06:27+00:00\",\"mainEntityOfPage\":{\"@id\":\"https:\\\/\\\/www.bellunopress.it\\\/2013\\\/04\\\/01\\\/siamo-ancora-litalia-degli-spaghetti-mafia-e-camorra-ecco-cosa-dice-di-noi-la-stampa-estera-ma-era-un-pesce-daprile-con-il-ritratto-dellitalia-a-cavallo\\\/\"},\"wordCount\":322,\"publisher\":{\"@id\":\"https:\\\/\\\/www.bellunopress.it\\\/#organization\"},\"image\":{\"@id\":\"https:\\\/\\\/www.bellunopress.it\\\/2013\\\/04\\\/01\\\/siamo-ancora-litalia-degli-spaghetti-mafia-e-camorra-ecco-cosa-dice-di-noi-la-stampa-estera-ma-era-un-pesce-daprile-con-il-ritratto-dellitalia-a-cavallo\\\/#primaryimage\"},\"thumbnailUrl\":\"http:\\\/\\\/www.bellunopress.it\\\/wp-content\\\/uploads\\\/2013\\\/04\\\/pesce-daprile.jpg\",\"articleSection\":[\"Cronaca\\\/Politica\",\"Prima Pagina\"],\"inLanguage\":\"fr-FR\"},{\"@type\":\"WebPage\",\"@id\":\"https:\\\/\\\/www.bellunopress.it\\\/2013\\\/04\\\/01\\\/siamo-ancora-litalia-degli-spaghetti-mafia-e-camorra-ecco-cosa-dice-di-noi-la-stampa-estera-ma-era-un-pesce-daprile-con-il-ritratto-dellitalia-a-cavallo\\\/\",\"url\":\"https:\\\/\\\/www.bellunopress.it\\\/2013\\\/04\\\/01\\\/siamo-ancora-litalia-degli-spaghetti-mafia-e-camorra-ecco-cosa-dice-di-noi-la-stampa-estera-ma-era-un-pesce-daprile-con-il-ritratto-dellitalia-a-cavallo\\\/\",\"name\":\"\u201cSiamo ancora l\u2019Italia degli spaghetti, mafia e camorra. Ecco cosa dice di noi la stampa estera\u201d. Ma era un pesce d\u2019aprile con il ritratto dell\u2019Italia a cavallo tra l\u2019800 e il \u2018900 - Bellunopress - Dolomiti\",\"isPartOf\":{\"@id\":\"https:\\\/\\\/www.bellunopress.it\\\/#website\"},\"primaryImageOfPage\":{\"@id\":\"https:\\\/\\\/www.bellunopress.it\\\/2013\\\/04\\\/01\\\/siamo-ancora-litalia-degli-spaghetti-mafia-e-camorra-ecco-cosa-dice-di-noi-la-stampa-estera-ma-era-un-pesce-daprile-con-il-ritratto-dellitalia-a-cavallo\\\/#primaryimage\"},\"image\":{\"@id\":\"https:\\\/\\\/www.bellunopress.it\\\/2013\\\/04\\\/01\\\/siamo-ancora-litalia-degli-spaghetti-mafia-e-camorra-ecco-cosa-dice-di-noi-la-stampa-estera-ma-era-un-pesce-daprile-con-il-ritratto-dellitalia-a-cavallo\\\/#primaryimage\"},\"thumbnailUrl\":\"http:\\\/\\\/www.bellunopress.it\\\/wp-content\\\/uploads\\\/2013\\\/04\\\/pesce-daprile.jpg\",\"datePublished\":\"2013-04-01T19:06:27+00:00\",\"breadcrumb\":{\"@id\":\"https:\\\/\\\/www.bellunopress.it\\\/2013\\\/04\\\/01\\\/siamo-ancora-litalia-degli-spaghetti-mafia-e-camorra-ecco-cosa-dice-di-noi-la-stampa-estera-ma-era-un-pesce-daprile-con-il-ritratto-dellitalia-a-cavallo\\\/#breadcrumb\"},\"inLanguage\":\"fr-FR\",\"potentialAction\":[{\"@type\":\"ReadAction\",\"target\":[\"https:\\\/\\\/www.bellunopress.it\\\/2013\\\/04\\\/01\\\/siamo-ancora-litalia-degli-spaghetti-mafia-e-camorra-ecco-cosa-dice-di-noi-la-stampa-estera-ma-era-un-pesce-daprile-con-il-ritratto-dellitalia-a-cavallo\\\/\"]}]},{\"@type\":\"ImageObject\",\"inLanguage\":\"fr-FR\",\"@id\":\"https:\\\/\\\/www.bellunopress.it\\\/2013\\\/04\\\/01\\\/siamo-ancora-litalia-degli-spaghetti-mafia-e-camorra-ecco-cosa-dice-di-noi-la-stampa-estera-ma-era-un-pesce-daprile-con-il-ritratto-dellitalia-a-cavallo\\\/#primaryimage\",\"url\":\"http:\\\/\\\/www.bellunopress.it\\\/wp-content\\\/uploads\\\/2013\\\/04\\\/pesce-daprile.jpg\",\"contentUrl\":\"http:\\\/\\\/www.bellunopress.it\\\/wp-content\\\/uploads\\\/2013\\\/04\\\/pesce-daprile.jpg\"},{\"@type\":\"BreadcrumbList\",\"@id\":\"https:\\\/\\\/www.bellunopress.it\\\/2013\\\/04\\\/01\\\/siamo-ancora-litalia-degli-spaghetti-mafia-e-camorra-ecco-cosa-dice-di-noi-la-stampa-estera-ma-era-un-pesce-daprile-con-il-ritratto-dellitalia-a-cavallo\\\/#breadcrumb\",\"itemListElement\":[{\"@type\":\"ListItem\",\"position\":1,\"name\":\"Home\",\"item\":\"https:\\\/\\\/www.bellunopress.it\\\/\"},{\"@type\":\"ListItem\",\"position\":2,\"name\":\"\u201cSiamo ancora l\u2019Italia degli spaghetti, mafia e camorra. Ecco cosa dice di noi la stampa estera\u201d. Ma era un pesce d\u2019aprile con il ritratto dell\u2019Italia a cavallo tra l\u2019800 e il \u2018900\"}]},{\"@type\":\"WebSite\",\"@id\":\"https:\\\/\\\/www.bellunopress.it\\\/#website\",\"url\":\"https:\\\/\\\/www.bellunopress.it\\\/\",\"name\":\"Bellunopress - Dolomiti\",\"description\":\"e-mail: redazione@bellunopress.it\",\"publisher\":{\"@id\":\"https:\\\/\\\/www.bellunopress.it\\\/#organization\"},\"potentialAction\":[{\"@type\":\"SearchAction\",\"target\":{\"@type\":\"EntryPoint\",\"urlTemplate\":\"https:\\\/\\\/www.bellunopress.it\\\/?s={search_term_string}\"},\"query-input\":{\"@type\":\"PropertyValueSpecification\",\"valueRequired\":true,\"valueName\":\"search_term_string\"}}],\"inLanguage\":\"fr-FR\"},{\"@type\":\"Organization\",\"@id\":\"https:\\\/\\\/www.bellunopress.it\\\/#organization\",\"name\":\"Bellunopress\",\"url\":\"https:\\\/\\\/www.bellunopress.it\\\/\",\"logo\":{\"@type\":\"ImageObject\",\"inLanguage\":\"fr-FR\",\"@id\":\"https:\\\/\\\/www.bellunopress.it\\\/#\\\/schema\\\/logo\\\/image\\\/\",\"url\":\"https:\\\/\\\/www.bellunopress.it\\\/wp-content\\\/uploads\\\/2011\\\/05\\\/cropped-logo-bellunopress-.jpg\",\"contentUrl\":\"https:\\\/\\\/www.bellunopress.it\\\/wp-content\\\/uploads\\\/2011\\\/05\\\/cropped-logo-bellunopress-.jpg\",\"width\":512,\"height\":512,\"caption\":\"Bellunopress\"},\"image\":{\"@id\":\"https:\\\/\\\/www.bellunopress.it\\\/#\\\/schema\\\/logo\\\/image\\\/\"},\"sameAs\":[\"https:\\\/\\\/www.facebook.com\\\/profile.php?id=100008943462799\",\"https:\\\/\\\/x.com\\\/bellunopress\",\"https:\\\/\\\/www.linkedin.com\\\/hp\\\/?dnr=JBzUWaJfMUw8vbXJJ2tVW5-I3jZKvC4wsoxE&amp;amp;amp;amp;amp;amp;trk=nav_responsive_tab_home\",\"https:\\\/\\\/www.youtube.com\\\/channel\\\/UCxL0wu1uN0_3_7hGG0306cw\"]},{\"@type\":\"Person\",\"@id\":\"https:\\\/\\\/www.bellunopress.it\\\/#\\\/schema\\\/person\\\/79bb06722b37ece1c03d3e94beb30d73\",\"name\":\"redazione\",\"image\":{\"@type\":\"ImageObject\",\"inLanguage\":\"fr-FR\",\"@id\":\"https:\\\/\\\/secure.gravatar.com\\\/avatar\\\/37d968a2e67a6fd04c169c4bdef102d0bc5d31b2546345219e348575eb80e9a0?s=96&d=mm&r=g\",\"url\":\"https:\\\/\\\/secure.gravatar.com\\\/avatar\\\/37d968a2e67a6fd04c169c4bdef102d0bc5d31b2546345219e348575eb80e9a0?s=96&d=mm&r=g\",\"contentUrl\":\"https:\\\/\\\/secure.gravatar.com\\\/avatar\\\/37d968a2e67a6fd04c169c4bdef102d0bc5d31b2546345219e348575eb80e9a0?s=96&d=mm&r=g\",\"caption\":\"redazione\"},\"sameAs\":[\"http:\\\/\\\/www.bellunopress.it\",\"https:\\\/\\\/x.com\\\/bellunopress\"],\"url\":\"https:\\\/\\\/www.bellunopress.it\\\/fr\\\/author\\\/redazione\\\/\"}]}<\/script>\n<!-- \/ Yoast SEO plugin. -->","yoast_head_json":{"title":"\u201cSiamo ancora l\u2019Italia degli spaghetti, mafia e camorra. Ecco cosa dice di noi la stampa estera\u201d. Ma era un pesce d\u2019aprile con il ritratto dell\u2019Italia a cavallo tra l\u2019800 e il \u2018900 - Bellunopress - Dolomiti","robots":{"index":"index","follow":"follow","max-snippet":"max-snippet:-1","max-image-preview":"max-image-preview:large","max-video-preview":"max-video-preview:-1"},"canonical":"https:\/\/www.bellunopress.it\/fr\/2013\/04\/01\/siamo-ancora-litalia-degli-spaghetti-mafia-e-camorra-ecco-cosa-dice-di-noi-la-stampa-estera-ma-era-un-pesce-daprile-con-il-ritratto-dellitalia-a-cavallo\/","og_locale":"fr_FR","og_type":"article","og_title":"\u201cSiamo ancora l\u2019Italia degli spaghetti, mafia e camorra. Ecco cosa dice di noi la stampa estera\u201d. Ma era un pesce d\u2019aprile con il ritratto dell\u2019Italia a cavallo tra l\u2019800 e il \u2018900 - Bellunopress - Dolomiti","og_description":"In omaggio alla tradizione del I\u00b0 aprile che quest\u2019anno ha coinciso con il luned\u00ec di Pasquetta, anche Bellunopress ha pubblicato il suo pesce d\u2019aprile. E allora diciamo subito che \u00e8 un tarocco l\u2019editoriale dal titolo \u201cSiamo ancora l\u2019Italia degli spaghetti, mafia e camorra. Ecco cosa dice di noi la stampa estera\u201d accompagnato dalla celebre immagine [&hellip;]","og_url":"https:\/\/www.bellunopress.it\/fr\/2013\/04\/01\/siamo-ancora-litalia-degli-spaghetti-mafia-e-camorra-ecco-cosa-dice-di-noi-la-stampa-estera-ma-era-un-pesce-daprile-con-il-ritratto-dellitalia-a-cavallo\/","og_site_name":"Bellunopress - Dolomiti","article_publisher":"https:\/\/www.facebook.com\/profile.php?id=100008943462799","article_published_time":"2013-04-01T19:06:27+00:00","og_image":[{"url":"http:\/\/www.bellunopress.it\/wp-content\/uploads\/2013\/04\/pesce-daprile.jpg","type":"","width":"","height":""}],"author":"redazione","twitter_card":"summary_large_image","twitter_creator":"@bellunopress","twitter_site":"@bellunopress","twitter_misc":{"\u00c9crit par":"redazione","Dur\u00e9e de lecture estim\u00e9e":"1 minute"},"schema":{"@context":"https:\/\/schema.org","@graph":[{"@type":"Article","@id":"https:\/\/www.bellunopress.it\/2013\/04\/01\/siamo-ancora-litalia-degli-spaghetti-mafia-e-camorra-ecco-cosa-dice-di-noi-la-stampa-estera-ma-era-un-pesce-daprile-con-il-ritratto-dellitalia-a-cavallo\/#article","isPartOf":{"@id":"https:\/\/www.bellunopress.it\/2013\/04\/01\/siamo-ancora-litalia-degli-spaghetti-mafia-e-camorra-ecco-cosa-dice-di-noi-la-stampa-estera-ma-era-un-pesce-daprile-con-il-ritratto-dellitalia-a-cavallo\/"},"author":{"name":"redazione","@id":"https:\/\/www.bellunopress.it\/#\/schema\/person\/79bb06722b37ece1c03d3e94beb30d73"},"headline":"\u201cSiamo ancora l\u2019Italia degli spaghetti, mafia e camorra. Ecco cosa dice di noi la stampa estera\u201d. Ma era un pesce d\u2019aprile con il ritratto dell\u2019Italia a cavallo tra l\u2019800 e il \u2018900","datePublished":"2013-04-01T19:06:27+00:00","mainEntityOfPage":{"@id":"https:\/\/www.bellunopress.it\/2013\/04\/01\/siamo-ancora-litalia-degli-spaghetti-mafia-e-camorra-ecco-cosa-dice-di-noi-la-stampa-estera-ma-era-un-pesce-daprile-con-il-ritratto-dellitalia-a-cavallo\/"},"wordCount":322,"publisher":{"@id":"https:\/\/www.bellunopress.it\/#organization"},"image":{"@id":"https:\/\/www.bellunopress.it\/2013\/04\/01\/siamo-ancora-litalia-degli-spaghetti-mafia-e-camorra-ecco-cosa-dice-di-noi-la-stampa-estera-ma-era-un-pesce-daprile-con-il-ritratto-dellitalia-a-cavallo\/#primaryimage"},"thumbnailUrl":"http:\/\/www.bellunopress.it\/wp-content\/uploads\/2013\/04\/pesce-daprile.jpg","articleSection":["Cronaca\/Politica","Prima Pagina"],"inLanguage":"fr-FR"},{"@type":"WebPage","@id":"https:\/\/www.bellunopress.it\/2013\/04\/01\/siamo-ancora-litalia-degli-spaghetti-mafia-e-camorra-ecco-cosa-dice-di-noi-la-stampa-estera-ma-era-un-pesce-daprile-con-il-ritratto-dellitalia-a-cavallo\/","url":"https:\/\/www.bellunopress.it\/2013\/04\/01\/siamo-ancora-litalia-degli-spaghetti-mafia-e-camorra-ecco-cosa-dice-di-noi-la-stampa-estera-ma-era-un-pesce-daprile-con-il-ritratto-dellitalia-a-cavallo\/","name":"\u201cSiamo ancora l\u2019Italia degli spaghetti, mafia e camorra. Ecco cosa dice di noi la stampa estera\u201d. Ma era un pesce d\u2019aprile con il ritratto dell\u2019Italia a cavallo tra l\u2019800 e il \u2018900 - Bellunopress - Dolomiti","isPartOf":{"@id":"https:\/\/www.bellunopress.it\/#website"},"primaryImageOfPage":{"@id":"https:\/\/www.bellunopress.it\/2013\/04\/01\/siamo-ancora-litalia-degli-spaghetti-mafia-e-camorra-ecco-cosa-dice-di-noi-la-stampa-estera-ma-era-un-pesce-daprile-con-il-ritratto-dellitalia-a-cavallo\/#primaryimage"},"image":{"@id":"https:\/\/www.bellunopress.it\/2013\/04\/01\/siamo-ancora-litalia-degli-spaghetti-mafia-e-camorra-ecco-cosa-dice-di-noi-la-stampa-estera-ma-era-un-pesce-daprile-con-il-ritratto-dellitalia-a-cavallo\/#primaryimage"},"thumbnailUrl":"http:\/\/www.bellunopress.it\/wp-content\/uploads\/2013\/04\/pesce-daprile.jpg","datePublished":"2013-04-01T19:06:27+00:00","breadcrumb":{"@id":"https:\/\/www.bellunopress.it\/2013\/04\/01\/siamo-ancora-litalia-degli-spaghetti-mafia-e-camorra-ecco-cosa-dice-di-noi-la-stampa-estera-ma-era-un-pesce-daprile-con-il-ritratto-dellitalia-a-cavallo\/#breadcrumb"},"inLanguage":"fr-FR","potentialAction":[{"@type":"ReadAction","target":["https:\/\/www.bellunopress.it\/2013\/04\/01\/siamo-ancora-litalia-degli-spaghetti-mafia-e-camorra-ecco-cosa-dice-di-noi-la-stampa-estera-ma-era-un-pesce-daprile-con-il-ritratto-dellitalia-a-cavallo\/"]}]},{"@type":"ImageObject","inLanguage":"fr-FR","@id":"https:\/\/www.bellunopress.it\/2013\/04\/01\/siamo-ancora-litalia-degli-spaghetti-mafia-e-camorra-ecco-cosa-dice-di-noi-la-stampa-estera-ma-era-un-pesce-daprile-con-il-ritratto-dellitalia-a-cavallo\/#primaryimage","url":"http:\/\/www.bellunopress.it\/wp-content\/uploads\/2013\/04\/pesce-daprile.jpg","contentUrl":"http:\/\/www.bellunopress.it\/wp-content\/uploads\/2013\/04\/pesce-daprile.jpg"},{"@type":"BreadcrumbList","@id":"https:\/\/www.bellunopress.it\/2013\/04\/01\/siamo-ancora-litalia-degli-spaghetti-mafia-e-camorra-ecco-cosa-dice-di-noi-la-stampa-estera-ma-era-un-pesce-daprile-con-il-ritratto-dellitalia-a-cavallo\/#breadcrumb","itemListElement":[{"@type":"ListItem","position":1,"name":"Home","item":"https:\/\/www.bellunopress.it\/"},{"@type":"ListItem","position":2,"name":"\u201cSiamo ancora l\u2019Italia degli spaghetti, mafia e camorra. Ecco cosa dice di noi la stampa estera\u201d. Ma era un pesce d\u2019aprile con il ritratto dell\u2019Italia a cavallo tra l\u2019800 e il \u2018900"}]},{"@type":"WebSite","@id":"https:\/\/www.bellunopress.it\/#website","url":"https:\/\/www.bellunopress.it\/","name":"Bellunopress - Dolomiti","description":"e-mail: redazione@bellunopress.it","publisher":{"@id":"https:\/\/www.bellunopress.it\/#organization"},"potentialAction":[{"@type":"SearchAction","target":{"@type":"EntryPoint","urlTemplate":"https:\/\/www.bellunopress.it\/?s={search_term_string}"},"query-input":{"@type":"PropertyValueSpecification","valueRequired":true,"valueName":"search_term_string"}}],"inLanguage":"fr-FR"},{"@type":"Organization","@id":"https:\/\/www.bellunopress.it\/#organization","name":"Bellunopress","url":"https:\/\/www.bellunopress.it\/","logo":{"@type":"ImageObject","inLanguage":"fr-FR","@id":"https:\/\/www.bellunopress.it\/#\/schema\/logo\/image\/","url":"https:\/\/www.bellunopress.it\/wp-content\/uploads\/2011\/05\/cropped-logo-bellunopress-.jpg","contentUrl":"https:\/\/www.bellunopress.it\/wp-content\/uploads\/2011\/05\/cropped-logo-bellunopress-.jpg","width":512,"height":512,"caption":"Bellunopress"},"image":{"@id":"https:\/\/www.bellunopress.it\/#\/schema\/logo\/image\/"},"sameAs":["https:\/\/www.facebook.com\/profile.php?id=100008943462799","https:\/\/x.com\/bellunopress","https:\/\/www.linkedin.com\/hp\/?dnr=JBzUWaJfMUw8vbXJJ2tVW5-I3jZKvC4wsoxE&amp;amp;amp;amp;amp;amp;trk=nav_responsive_tab_home","https:\/\/www.youtube.com\/channel\/UCxL0wu1uN0_3_7hGG0306cw"]},{"@type":"Person","@id":"https:\/\/www.bellunopress.it\/#\/schema\/person\/79bb06722b37ece1c03d3e94beb30d73","name":"r\u00e9daction","image":{"@type":"ImageObject","inLanguage":"fr-FR","@id":"https:\/\/secure.gravatar.com\/avatar\/37d968a2e67a6fd04c169c4bdef102d0bc5d31b2546345219e348575eb80e9a0?s=96&d=mm&r=g","url":"https:\/\/secure.gravatar.com\/avatar\/37d968a2e67a6fd04c169c4bdef102d0bc5d31b2546345219e348575eb80e9a0?s=96&d=mm&r=g","contentUrl":"https:\/\/secure.gravatar.com\/avatar\/37d968a2e67a6fd04c169c4bdef102d0bc5d31b2546345219e348575eb80e9a0?s=96&d=mm&r=g","caption":"redazione"},"sameAs":["http:\/\/www.bellunopress.it","https:\/\/x.com\/bellunopress"],"url":"https:\/\/www.bellunopress.it\/fr\/author\/redazione\/"}]}},"_links":{"self":[{"href":"https:\/\/www.bellunopress.it\/fr\/wp-json\/wp\/v2\/posts\/48120","targetHints":{"allow":["GET"]}}],"collection":[{"href":"https:\/\/www.bellunopress.it\/fr\/wp-json\/wp\/v2\/posts"}],"about":[{"href":"https:\/\/www.bellunopress.it\/fr\/wp-json\/wp\/v2\/types\/post"}],"author":[{"embeddable":true,"href":"https:\/\/www.bellunopress.it\/fr\/wp-json\/wp\/v2\/users\/2"}],"replies":[{"embeddable":true,"href":"https:\/\/www.bellunopress.it\/fr\/wp-json\/wp\/v2\/comments?post=48120"}],"version-history":[{"count":1,"href":"https:\/\/www.bellunopress.it\/fr\/wp-json\/wp\/v2\/posts\/48120\/revisions"}],"predecessor-version":[{"id":48122,"href":"https:\/\/www.bellunopress.it\/fr\/wp-json\/wp\/v2\/posts\/48120\/revisions\/48122"}],"wp:attachment":[{"href":"https:\/\/www.bellunopress.it\/fr\/wp-json\/wp\/v2\/media?parent=48120"}],"wp:term":[{"taxonomy":"category","embeddable":true,"href":"https:\/\/www.bellunopress.it\/fr\/wp-json\/wp\/v2\/categories?post=48120"},{"taxonomy":"post_tag","embeddable":true,"href":"https:\/\/www.bellunopress.it\/fr\/wp-json\/wp\/v2\/tags?post=48120"}],"curies":[{"name":"wp","href":"https:\/\/api.w.org\/{rel}","templated":true}]}}