{"id":48116,"date":"2013-04-01T14:58:47","date_gmt":"2013-04-01T13:58:47","guid":{"rendered":"http:\/\/www.bellunopress.it\/?p=48116"},"modified":"2013-04-01T14:58:47","modified_gmt":"2013-04-01T13:58:47","slug":"montagna-vita-lavoro-o-sport-dal-4-aprile-la-pro-loco-pieve-castionese-organizza-la-seconda-edizione-del-ciclo-dincontri-dedicati-alla-montagna","status":"publish","type":"post","link":"https:\/\/www.bellunopress.it\/fr\/2013\/04\/01\/montagna-vita-lavoro-o-sport-dal-4-aprile-la-pro-loco-pieve-castionese-organizza-la-seconda-edizione-del-ciclo-dincontri-dedicati-alla-montagna\/","title":{"rendered":"Montagna: vita, lavoro o sport? Dal 4 aprile la Pro Loco Pieve Castionese organizza la seconda edizione del ciclo d&#8217;incontri dedicati alla montagna"},"content":{"rendered":"<p>Parte gioved\u00ec 4 aprile 2013 a Castoi il secondo ciclo di incontri, immagini e riflessioni sul passato e sul futuro delle nostre vallate alpine.<\/p>\n<p>Nella sede del Circolo Val Cicogna alle 20.45, Daniela Mangiola, operatore naturalistico del CAI, sar\u00e0 la protagonista dell\u2019incontro dal titolo \u201cMontagna: quale lavoro? \u2013 La trasformazione del paesaggio alpini tra antropizzazione e variazioni climatiche\u201d. Durante la serata sar\u00e0 proiettato il documentari di Giuseppe Taffarel, datato 1969, \u201cLa montagna del sole \u2013 La fienagione sulle creste del Visentin negli anni \u201960\u2033.<\/p>\n<p>La rassegna prosegue venerd\u00ec 12 aprile 2013 alle ore 20.45 al Teatro San Gaetano di Castion.<\/p>\n<p>Protagonista della serata sar\u00e0 Don Rinaldo Ottone, Docente della Pontificia Universit\u00e0 Gregoriana. Titolo dell\u2019incontro \u201cDal lago di Braies alla Valbelluna in meno di 24 ore \u2013 Una corsa con immagini per riflettere sul ruolo della montagna nei confronti dell\u2019uomo moderno\u201d.<\/p>\n<p>Chiusura gioved\u00ec 18 aprile 2013 alle ore 20.45 nella Sala della Cooperativa di Cirvoi, con Valentina De Marchi, Antropologa. La serata, organizzata in collaborazione con la Fondazione Giovanni Angelini, ha per titolo \u201cUn vento di cambiamento in montagna? \u2013 Abitanti, energie e soluzioni lavorative nuove nel bellunese\u201d.<\/p>\n<p>Tutti gli incontri sono ad ingresso libero.<\/p>\n<p>&nbsp;<\/p>\n<p>&nbsp;<\/p>","protected":false},"excerpt":{"rendered":"<p>Parte gioved\u00ec 4 aprile 2013 a Castoi il secondo ciclo di incontri, immagini e riflessioni sul passato e sul futuro delle nostre vallate alpine. Nella sede del Circolo Val Cicogna alle 20.45, Daniela Mangiola, operatore naturalistico del CAI, sar\u00e0 la protagonista dell\u2019incontro dal titolo \u201cMontagna: quale lavoro? \u2013 La trasformazione del paesaggio alpini tra antropizzazione [&hellip;]<\/p>\n","protected":false},"author":2,"featured_media":0,"comment_status":"closed","ping_status":"open","sticky":false,"template":"","format":"standard","meta":{"footnotes":""},"categories":[27,3,25],"tags":[],"class_list":["post-48116","post","type-post","status-publish","format-standard","category-appuntamenti","category-arte-cultura-spettacoli-scienza-archivi","category-pausa-caffe"],"yoast_head":"<!-- This site is optimized with the Yoast SEO plugin v28.4 - https:\/\/yoast.com\/product\/yoast-seo-wordpress\/ -->\n<title>Montagna: vita, lavoro o sport? Dal 4 aprile la Pro Loco Pieve Castionese organizza la seconda edizione del ciclo d&#039;incontri dedicati alla montagna - Bellunopress - Dolomiti<\/title>\n<meta name=\"robots\" content=\"index, follow, max-snippet:-1, max-image-preview:large, max-video-preview:-1\" \/>\n<link rel=\"canonical\" href=\"https:\/\/www.bellunopress.it\/fr\/2013\/04\/01\/montagna-vita-lavoro-o-sport-dal-4-aprile-la-pro-loco-pieve-castionese-organizza-la-seconda-edizione-del-ciclo-dincontri-dedicati-alla-montagna\/\" \/>\n<meta property=\"og:locale\" content=\"fr_FR\" \/>\n<meta property=\"og:type\" content=\"article\" \/>\n<meta property=\"og:title\" content=\"Montagna: vita, lavoro o sport? Dal 4 aprile la Pro Loco Pieve Castionese organizza la seconda edizione del ciclo d&#039;incontri dedicati alla montagna - Bellunopress - Dolomiti\" \/>\n<meta property=\"og:description\" content=\"Parte gioved\u00ec 4 aprile 2013 a Castoi il secondo ciclo di incontri, immagini e riflessioni sul passato e sul futuro delle nostre vallate alpine. Nella sede del Circolo Val Cicogna alle 20.45, Daniela Mangiola, operatore naturalistico del CAI, sar\u00e0 la protagonista dell\u2019incontro dal titolo \u201cMontagna: quale lavoro? \u2013 La trasformazione del paesaggio alpini tra antropizzazione [&hellip;]\" \/>\n<meta property=\"og:url\" content=\"https:\/\/www.bellunopress.it\/fr\/2013\/04\/01\/montagna-vita-lavoro-o-sport-dal-4-aprile-la-pro-loco-pieve-castionese-organizza-la-seconda-edizione-del-ciclo-dincontri-dedicati-alla-montagna\/\" \/>\n<meta property=\"og:site_name\" content=\"Bellunopress - Dolomiti\" \/>\n<meta property=\"article:publisher\" content=\"https:\/\/www.facebook.com\/profile.php?id=100008943462799\" \/>\n<meta property=\"article:published_time\" content=\"2013-04-01T13:58:47+00:00\" \/>\n<meta property=\"og:image\" content=\"http:\/\/www.bellunopress.it\/wp-content\/uploads\/2012\/07\/logo-bellunopress-250x250-2012.jpg\" \/>\n<meta name=\"author\" content=\"redazione\" \/>\n<meta name=\"twitter:card\" content=\"summary_large_image\" \/>\n<meta name=\"twitter:creator\" content=\"@bellunopress\" \/>\n<meta name=\"twitter:site\" content=\"@bellunopress\" \/>\n<meta name=\"twitter:label1\" content=\"\u00c9crit par\" \/>\n\t<meta name=\"twitter:data1\" content=\"redazione\" \/>\n\t<meta name=\"twitter:label2\" content=\"Dur\u00e9e de lecture estim\u00e9e\" \/>\n\t<meta name=\"twitter:data2\" content=\"1 minute\" \/>\n<script type=\"application\/ld+json\" class=\"yoast-schema-graph\">{\"@context\":\"https:\\\/\\\/schema.org\",\"@graph\":[{\"@type\":\"Article\",\"@id\":\"https:\\\/\\\/www.bellunopress.it\\\/2013\\\/04\\\/01\\\/montagna-vita-lavoro-o-sport-dal-4-aprile-la-pro-loco-pieve-castionese-organizza-la-seconda-edizione-del-ciclo-dincontri-dedicati-alla-montagna\\\/#article\",\"isPartOf\":{\"@id\":\"https:\\\/\\\/www.bellunopress.it\\\/2013\\\/04\\\/01\\\/montagna-vita-lavoro-o-sport-dal-4-aprile-la-pro-loco-pieve-castionese-organizza-la-seconda-edizione-del-ciclo-dincontri-dedicati-alla-montagna\\\/\"},\"author\":{\"name\":\"redazione\",\"@id\":\"https:\\\/\\\/www.bellunopress.it\\\/#\\\/schema\\\/person\\\/79bb06722b37ece1c03d3e94beb30d73\"},\"headline\":\"Montagna: vita, lavoro o sport? Dal 4 aprile la Pro Loco Pieve Castionese organizza la seconda edizione del ciclo d&#8217;incontri dedicati alla montagna\",\"datePublished\":\"2013-04-01T13:58:47+00:00\",\"mainEntityOfPage\":{\"@id\":\"https:\\\/\\\/www.bellunopress.it\\\/2013\\\/04\\\/01\\\/montagna-vita-lavoro-o-sport-dal-4-aprile-la-pro-loco-pieve-castionese-organizza-la-seconda-edizione-del-ciclo-dincontri-dedicati-alla-montagna\\\/\"},\"wordCount\":206,\"publisher\":{\"@id\":\"https:\\\/\\\/www.bellunopress.it\\\/#organization\"},\"articleSection\":[\"Appuntamenti, Eventi\",\"Arte, Cultura, Spettacoli, Scienza\",\"Pausa Caff\u00e8\"],\"inLanguage\":\"fr-FR\"},{\"@type\":\"WebPage\",\"@id\":\"https:\\\/\\\/www.bellunopress.it\\\/2013\\\/04\\\/01\\\/montagna-vita-lavoro-o-sport-dal-4-aprile-la-pro-loco-pieve-castionese-organizza-la-seconda-edizione-del-ciclo-dincontri-dedicati-alla-montagna\\\/\",\"url\":\"https:\\\/\\\/www.bellunopress.it\\\/2013\\\/04\\\/01\\\/montagna-vita-lavoro-o-sport-dal-4-aprile-la-pro-loco-pieve-castionese-organizza-la-seconda-edizione-del-ciclo-dincontri-dedicati-alla-montagna\\\/\",\"name\":\"Montagna: vita, lavoro o sport? Dal 4 aprile la Pro Loco Pieve Castionese organizza la seconda edizione del ciclo d'incontri dedicati alla montagna - Bellunopress - Dolomiti\",\"isPartOf\":{\"@id\":\"https:\\\/\\\/www.bellunopress.it\\\/#website\"},\"datePublished\":\"2013-04-01T13:58:47+00:00\",\"breadcrumb\":{\"@id\":\"https:\\\/\\\/www.bellunopress.it\\\/2013\\\/04\\\/01\\\/montagna-vita-lavoro-o-sport-dal-4-aprile-la-pro-loco-pieve-castionese-organizza-la-seconda-edizione-del-ciclo-dincontri-dedicati-alla-montagna\\\/#breadcrumb\"},\"inLanguage\":\"fr-FR\",\"potentialAction\":[{\"@type\":\"ReadAction\",\"target\":[\"https:\\\/\\\/www.bellunopress.it\\\/2013\\\/04\\\/01\\\/montagna-vita-lavoro-o-sport-dal-4-aprile-la-pro-loco-pieve-castionese-organizza-la-seconda-edizione-del-ciclo-dincontri-dedicati-alla-montagna\\\/\"]}]},{\"@type\":\"BreadcrumbList\",\"@id\":\"https:\\\/\\\/www.bellunopress.it\\\/2013\\\/04\\\/01\\\/montagna-vita-lavoro-o-sport-dal-4-aprile-la-pro-loco-pieve-castionese-organizza-la-seconda-edizione-del-ciclo-dincontri-dedicati-alla-montagna\\\/#breadcrumb\",\"itemListElement\":[{\"@type\":\"ListItem\",\"position\":1,\"name\":\"Home\",\"item\":\"https:\\\/\\\/www.bellunopress.it\\\/\"},{\"@type\":\"ListItem\",\"position\":2,\"name\":\"Montagna: vita, lavoro o sport? Dal 4 aprile la Pro Loco Pieve Castionese organizza la seconda edizione del ciclo d&#8217;incontri dedicati alla montagna\"}]},{\"@type\":\"WebSite\",\"@id\":\"https:\\\/\\\/www.bellunopress.it\\\/#website\",\"url\":\"https:\\\/\\\/www.bellunopress.it\\\/\",\"name\":\"Bellunopress - Dolomiti\",\"description\":\"e-mail: redazione@bellunopress.it\",\"publisher\":{\"@id\":\"https:\\\/\\\/www.bellunopress.it\\\/#organization\"},\"potentialAction\":[{\"@type\":\"SearchAction\",\"target\":{\"@type\":\"EntryPoint\",\"urlTemplate\":\"https:\\\/\\\/www.bellunopress.it\\\/?s={search_term_string}\"},\"query-input\":{\"@type\":\"PropertyValueSpecification\",\"valueRequired\":true,\"valueName\":\"search_term_string\"}}],\"inLanguage\":\"fr-FR\"},{\"@type\":\"Organization\",\"@id\":\"https:\\\/\\\/www.bellunopress.it\\\/#organization\",\"name\":\"Bellunopress\",\"url\":\"https:\\\/\\\/www.bellunopress.it\\\/\",\"logo\":{\"@type\":\"ImageObject\",\"inLanguage\":\"fr-FR\",\"@id\":\"https:\\\/\\\/www.bellunopress.it\\\/#\\\/schema\\\/logo\\\/image\\\/\",\"url\":\"https:\\\/\\\/www.bellunopress.it\\\/wp-content\\\/uploads\\\/2011\\\/05\\\/cropped-logo-bellunopress-.jpg\",\"contentUrl\":\"https:\\\/\\\/www.bellunopress.it\\\/wp-content\\\/uploads\\\/2011\\\/05\\\/cropped-logo-bellunopress-.jpg\",\"width\":512,\"height\":512,\"caption\":\"Bellunopress\"},\"image\":{\"@id\":\"https:\\\/\\\/www.bellunopress.it\\\/#\\\/schema\\\/logo\\\/image\\\/\"},\"sameAs\":[\"https:\\\/\\\/www.facebook.com\\\/profile.php?id=100008943462799\",\"https:\\\/\\\/x.com\\\/bellunopress\",\"https:\\\/\\\/www.linkedin.com\\\/hp\\\/?dnr=JBzUWaJfMUw8vbXJJ2tVW5-I3jZKvC4wsoxE&amp;amp;amp;amp;amp;amp;trk=nav_responsive_tab_home\",\"https:\\\/\\\/www.youtube.com\\\/channel\\\/UCxL0wu1uN0_3_7hGG0306cw\"]},{\"@type\":\"Person\",\"@id\":\"https:\\\/\\\/www.bellunopress.it\\\/#\\\/schema\\\/person\\\/79bb06722b37ece1c03d3e94beb30d73\",\"name\":\"redazione\",\"image\":{\"@type\":\"ImageObject\",\"inLanguage\":\"fr-FR\",\"@id\":\"https:\\\/\\\/secure.gravatar.com\\\/avatar\\\/37d968a2e67a6fd04c169c4bdef102d0bc5d31b2546345219e348575eb80e9a0?s=96&d=mm&r=g\",\"url\":\"https:\\\/\\\/secure.gravatar.com\\\/avatar\\\/37d968a2e67a6fd04c169c4bdef102d0bc5d31b2546345219e348575eb80e9a0?s=96&d=mm&r=g\",\"contentUrl\":\"https:\\\/\\\/secure.gravatar.com\\\/avatar\\\/37d968a2e67a6fd04c169c4bdef102d0bc5d31b2546345219e348575eb80e9a0?s=96&d=mm&r=g\",\"caption\":\"redazione\"},\"sameAs\":[\"http:\\\/\\\/www.bellunopress.it\",\"https:\\\/\\\/x.com\\\/bellunopress\"],\"url\":\"https:\\\/\\\/www.bellunopress.it\\\/fr\\\/author\\\/redazione\\\/\"}]}<\/script>\n<!-- \/ Yoast SEO plugin. -->","yoast_head_json":{"title":"Montagna: vita, lavoro o sport? Dal 4 aprile la Pro Loco Pieve Castionese organizza la seconda edizione del ciclo d'incontri dedicati alla montagna - Bellunopress - Dolomiti","robots":{"index":"index","follow":"follow","max-snippet":"max-snippet:-1","max-image-preview":"max-image-preview:large","max-video-preview":"max-video-preview:-1"},"canonical":"https:\/\/www.bellunopress.it\/fr\/2013\/04\/01\/montagna-vita-lavoro-o-sport-dal-4-aprile-la-pro-loco-pieve-castionese-organizza-la-seconda-edizione-del-ciclo-dincontri-dedicati-alla-montagna\/","og_locale":"fr_FR","og_type":"article","og_title":"Montagna: vita, lavoro o sport? Dal 4 aprile la Pro Loco Pieve Castionese organizza la seconda edizione del ciclo d'incontri dedicati alla montagna - Bellunopress - Dolomiti","og_description":"Parte gioved\u00ec 4 aprile 2013 a Castoi il secondo ciclo di incontri, immagini e riflessioni sul passato e sul futuro delle nostre vallate alpine. Nella sede del Circolo Val Cicogna alle 20.45, Daniela Mangiola, operatore naturalistico del CAI, sar\u00e0 la protagonista dell\u2019incontro dal titolo \u201cMontagna: quale lavoro? \u2013 La trasformazione del paesaggio alpini tra antropizzazione [&hellip;]","og_url":"https:\/\/www.bellunopress.it\/fr\/2013\/04\/01\/montagna-vita-lavoro-o-sport-dal-4-aprile-la-pro-loco-pieve-castionese-organizza-la-seconda-edizione-del-ciclo-dincontri-dedicati-alla-montagna\/","og_site_name":"Bellunopress - Dolomiti","article_publisher":"https:\/\/www.facebook.com\/profile.php?id=100008943462799","article_published_time":"2013-04-01T13:58:47+00:00","og_image":[{"url":"http:\/\/www.bellunopress.it\/wp-content\/uploads\/2012\/07\/logo-bellunopress-250x250-2012.jpg","type":"","width":"","height":""}],"author":"redazione","twitter_card":"summary_large_image","twitter_creator":"@bellunopress","twitter_site":"@bellunopress","twitter_misc":{"\u00c9crit par":"redazione","Dur\u00e9e de lecture estim\u00e9e":"1 minute"},"schema":{"@context":"https:\/\/schema.org","@graph":[{"@type":"Article","@id":"https:\/\/www.bellunopress.it\/2013\/04\/01\/montagna-vita-lavoro-o-sport-dal-4-aprile-la-pro-loco-pieve-castionese-organizza-la-seconda-edizione-del-ciclo-dincontri-dedicati-alla-montagna\/#article","isPartOf":{"@id":"https:\/\/www.bellunopress.it\/2013\/04\/01\/montagna-vita-lavoro-o-sport-dal-4-aprile-la-pro-loco-pieve-castionese-organizza-la-seconda-edizione-del-ciclo-dincontri-dedicati-alla-montagna\/"},"author":{"name":"redazione","@id":"https:\/\/www.bellunopress.it\/#\/schema\/person\/79bb06722b37ece1c03d3e94beb30d73"},"headline":"Montagna: vita, lavoro o sport? Dal 4 aprile la Pro Loco Pieve Castionese organizza la seconda edizione del ciclo d&#8217;incontri dedicati alla montagna","datePublished":"2013-04-01T13:58:47+00:00","mainEntityOfPage":{"@id":"https:\/\/www.bellunopress.it\/2013\/04\/01\/montagna-vita-lavoro-o-sport-dal-4-aprile-la-pro-loco-pieve-castionese-organizza-la-seconda-edizione-del-ciclo-dincontri-dedicati-alla-montagna\/"},"wordCount":206,"publisher":{"@id":"https:\/\/www.bellunopress.it\/#organization"},"articleSection":["Appuntamenti, Eventi","Arte, Cultura, Spettacoli, Scienza","Pausa Caff\u00e8"],"inLanguage":"fr-FR"},{"@type":"WebPage","@id":"https:\/\/www.bellunopress.it\/2013\/04\/01\/montagna-vita-lavoro-o-sport-dal-4-aprile-la-pro-loco-pieve-castionese-organizza-la-seconda-edizione-del-ciclo-dincontri-dedicati-alla-montagna\/","url":"https:\/\/www.bellunopress.it\/2013\/04\/01\/montagna-vita-lavoro-o-sport-dal-4-aprile-la-pro-loco-pieve-castionese-organizza-la-seconda-edizione-del-ciclo-dincontri-dedicati-alla-montagna\/","name":"Montagna: vita, lavoro o sport? Dal 4 aprile la Pro Loco Pieve Castionese organizza la seconda edizione del ciclo d'incontri dedicati alla montagna - Bellunopress - Dolomiti","isPartOf":{"@id":"https:\/\/www.bellunopress.it\/#website"},"datePublished":"2013-04-01T13:58:47+00:00","breadcrumb":{"@id":"https:\/\/www.bellunopress.it\/2013\/04\/01\/montagna-vita-lavoro-o-sport-dal-4-aprile-la-pro-loco-pieve-castionese-organizza-la-seconda-edizione-del-ciclo-dincontri-dedicati-alla-montagna\/#breadcrumb"},"inLanguage":"fr-FR","potentialAction":[{"@type":"ReadAction","target":["https:\/\/www.bellunopress.it\/2013\/04\/01\/montagna-vita-lavoro-o-sport-dal-4-aprile-la-pro-loco-pieve-castionese-organizza-la-seconda-edizione-del-ciclo-dincontri-dedicati-alla-montagna\/"]}]},{"@type":"BreadcrumbList","@id":"https:\/\/www.bellunopress.it\/2013\/04\/01\/montagna-vita-lavoro-o-sport-dal-4-aprile-la-pro-loco-pieve-castionese-organizza-la-seconda-edizione-del-ciclo-dincontri-dedicati-alla-montagna\/#breadcrumb","itemListElement":[{"@type":"ListItem","position":1,"name":"Home","item":"https:\/\/www.bellunopress.it\/"},{"@type":"ListItem","position":2,"name":"Montagna: vita, lavoro o sport? Dal 4 aprile la Pro Loco Pieve Castionese organizza la seconda edizione del ciclo d&#8217;incontri dedicati alla montagna"}]},{"@type":"WebSite","@id":"https:\/\/www.bellunopress.it\/#website","url":"https:\/\/www.bellunopress.it\/","name":"Bellunopress - Dolomiti","description":"e-mail: redazione@bellunopress.it","publisher":{"@id":"https:\/\/www.bellunopress.it\/#organization"},"potentialAction":[{"@type":"SearchAction","target":{"@type":"EntryPoint","urlTemplate":"https:\/\/www.bellunopress.it\/?s={search_term_string}"},"query-input":{"@type":"PropertyValueSpecification","valueRequired":true,"valueName":"search_term_string"}}],"inLanguage":"fr-FR"},{"@type":"Organization","@id":"https:\/\/www.bellunopress.it\/#organization","name":"Bellunopress","url":"https:\/\/www.bellunopress.it\/","logo":{"@type":"ImageObject","inLanguage":"fr-FR","@id":"https:\/\/www.bellunopress.it\/#\/schema\/logo\/image\/","url":"https:\/\/www.bellunopress.it\/wp-content\/uploads\/2011\/05\/cropped-logo-bellunopress-.jpg","contentUrl":"https:\/\/www.bellunopress.it\/wp-content\/uploads\/2011\/05\/cropped-logo-bellunopress-.jpg","width":512,"height":512,"caption":"Bellunopress"},"image":{"@id":"https:\/\/www.bellunopress.it\/#\/schema\/logo\/image\/"},"sameAs":["https:\/\/www.facebook.com\/profile.php?id=100008943462799","https:\/\/x.com\/bellunopress","https:\/\/www.linkedin.com\/hp\/?dnr=JBzUWaJfMUw8vbXJJ2tVW5-I3jZKvC4wsoxE&amp;amp;amp;amp;amp;amp;trk=nav_responsive_tab_home","https:\/\/www.youtube.com\/channel\/UCxL0wu1uN0_3_7hGG0306cw"]},{"@type":"Person","@id":"https:\/\/www.bellunopress.it\/#\/schema\/person\/79bb06722b37ece1c03d3e94beb30d73","name":"r\u00e9daction","image":{"@type":"ImageObject","inLanguage":"fr-FR","@id":"https:\/\/secure.gravatar.com\/avatar\/37d968a2e67a6fd04c169c4bdef102d0bc5d31b2546345219e348575eb80e9a0?s=96&d=mm&r=g","url":"https:\/\/secure.gravatar.com\/avatar\/37d968a2e67a6fd04c169c4bdef102d0bc5d31b2546345219e348575eb80e9a0?s=96&d=mm&r=g","contentUrl":"https:\/\/secure.gravatar.com\/avatar\/37d968a2e67a6fd04c169c4bdef102d0bc5d31b2546345219e348575eb80e9a0?s=96&d=mm&r=g","caption":"redazione"},"sameAs":["http:\/\/www.bellunopress.it","https:\/\/x.com\/bellunopress"],"url":"https:\/\/www.bellunopress.it\/fr\/author\/redazione\/"}]}},"_links":{"self":[{"href":"https:\/\/www.bellunopress.it\/fr\/wp-json\/wp\/v2\/posts\/48116","targetHints":{"allow":["GET"]}}],"collection":[{"href":"https:\/\/www.bellunopress.it\/fr\/wp-json\/wp\/v2\/posts"}],"about":[{"href":"https:\/\/www.bellunopress.it\/fr\/wp-json\/wp\/v2\/types\/post"}],"author":[{"embeddable":true,"href":"https:\/\/www.bellunopress.it\/fr\/wp-json\/wp\/v2\/users\/2"}],"replies":[{"embeddable":true,"href":"https:\/\/www.bellunopress.it\/fr\/wp-json\/wp\/v2\/comments?post=48116"}],"version-history":[{"count":2,"href":"https:\/\/www.bellunopress.it\/fr\/wp-json\/wp\/v2\/posts\/48116\/revisions"}],"predecessor-version":[{"id":48118,"href":"https:\/\/www.bellunopress.it\/fr\/wp-json\/wp\/v2\/posts\/48116\/revisions\/48118"}],"wp:attachment":[{"href":"https:\/\/www.bellunopress.it\/fr\/wp-json\/wp\/v2\/media?parent=48116"}],"wp:term":[{"taxonomy":"category","embeddable":true,"href":"https:\/\/www.bellunopress.it\/fr\/wp-json\/wp\/v2\/categories?post=48116"},{"taxonomy":"post_tag","embeddable":true,"href":"https:\/\/www.bellunopress.it\/fr\/wp-json\/wp\/v2\/tags?post=48116"}],"curies":[{"name":"wp","href":"https:\/\/api.w.org\/{rel}","templated":true}]}}