{"id":48064,"date":"2013-03-30T13:27:00","date_gmt":"2013-03-30T12:27:00","guid":{"rendered":"http:\/\/www.bellunopress.it\/?p=48064"},"modified":"2013-03-30T23:11:44","modified_gmt":"2013-03-30T22:11:44","slug":"un-bard-feltrino-da-psicanalisi-di-paolo-perenzin-sindaco-di-feltre","status":"publish","type":"post","link":"https:\/\/www.bellunopress.it\/fr\/2013\/03\/30\/un-bard-feltrino-da-psicanalisi-di-paolo-perenzin-sindaco-di-feltre\/","title":{"rendered":"Un Bard feltrino da psicanalisi  * di Paolo Perenzin, sindaco di Feltre"},"content":{"rendered":"<figure id=\"attachment_42091\" aria-describedby=\"caption-attachment-42091\" style=\"width: 200px\" class=\"wp-caption alignleft\"><a href=\"http:\/\/www.bellunopress.it\/wp-content\/uploads\/2012\/09\/Paolo_Perenzin.jpg\"><img loading=\"lazy\" decoding=\"async\" class=\"size-full wp-image-42091\" alt=\"Paolo Perenzin -  sindaco di Feltre\" src=\"http:\/\/www.bellunopress.it\/wp-content\/uploads\/2012\/09\/Paolo_Perenzin.jpg\" width=\"200\" height=\"208\" \/><\/a><figcaption id=\"caption-attachment-42091\" class=\"wp-caption-text\">Paolo Perenzin &#8211; sindaco di Feltre<\/figcaption><\/figure>\n<p>Resurrexit? \u00c8 davvero interessante che il Bard cerchi di sfruttare la congiunzione astrale con la santa Pasqua per rifarsi vivo. Ma francamente l&#8217;uscita di oggi sui giornali certifica una volta di pi\u00f9 che il Bard feltrino \u00e8 morto e sepolto. E se ogni tanto esce dalla tomba, lo fa come uno zombie!<\/p>\n<p>Cari amici, mettetevi il cuore in pace:<\/p>\n<p>1. avete portato avanti una battaglia perdente, e infatti avete PERSO, con dispendio di energie e soldi da parte delle comunit\u00e0 che non vi hanno n\u00e9 creduto, n\u00e9 seguito&#8230; Siam mica qua a farci riempire il culo di lucaniche&#8230;!<\/p>\n<p>2. Fate una buona volta l&#8217;analisi del voto, come si fa in politica, se volete continuare a fare politica. E magari anche una seria psico-analisi: in quello che scrivete ci sono i segni evidenti di una paranoia mondiale! Comunque s\u00ec, io e Massaro siamo stati rapiti dagli alieni, ci hanno messo un microchip sottocutaneo, e nell&#8217;interspazio abbiamo firmato accordi segreti che prevedono l&#8217;annientamento di Feltre&#8230; Che cinema!!!<\/p>\n<p>3. Se ancora non conoscete le mie posizioni sull&#8217;Ulss mi fate preoccupare: \u00e8 almeno un mese che non leggete i giornali! Ma forse avete ragione: anche la stampa fa parte del complotto cosmico! Almeno datevi la briga di leggere i documenti ufficiali, e le prese di posizione della Conferenza dei sindaci dell&#8217;Ulss 2, che presiedo, e del Consiglio comunale di Feltre.<\/p>\n<p>4. Sulla specificit\u00e0 della montagna non vi date pensieri: in 45 giorni non \u00e8 ancora arrivata? Tranquilli, voi avete speso inutilmente 8 mesi di tempo e soldi di tutti, per una battaglia fuori dalla storia e dal tempo. Che volete? Dettare voi i tempi agli altri? Suggerisco, oltre alla paranoia, una dilatazione ipertrofica dell&#8217;io.<\/p>\n<p>Caro Bard feltrino&#8230; Riposa in pace!<\/p>\n<p>Paolo Perenzin<\/p>","protected":false},"excerpt":{"rendered":"<p>Resurrexit? \u00c8 davvero interessante che il Bard cerchi di sfruttare la congiunzione astrale con la santa Pasqua per rifarsi vivo. Ma francamente l&#8217;uscita di oggi sui giornali certifica una volta di pi\u00f9 che il Bard feltrino \u00e8 morto e sepolto. E se ogni tanto esce dalla tomba, lo fa come uno zombie! Cari amici, mettetevi [&hellip;]<\/p>\n","protected":false},"author":2,"featured_media":0,"comment_status":"closed","ping_status":"open","sticky":false,"template":"","format":"standard","meta":{"footnotes":""},"categories":[5,26],"tags":[],"class_list":["post-48064","post","type-post","status-publish","format-standard","category-cronaca","category-prima-pagina"],"yoast_head":"<!-- This site is optimized with the Yoast SEO plugin v28.4 - https:\/\/yoast.com\/product\/yoast-seo-wordpress\/ -->\n<title>Un Bard feltrino da psicanalisi * di Paolo Perenzin, sindaco di Feltre  - Bellunopress - Dolomiti<\/title>\n<meta name=\"robots\" content=\"index, follow, max-snippet:-1, max-image-preview:large, max-video-preview:-1\" \/>\n<link rel=\"canonical\" href=\"https:\/\/www.bellunopress.it\/fr\/2013\/03\/30\/un-bard-feltrino-da-psicanalisi-di-paolo-perenzin-sindaco-di-feltre\/\" \/>\n<meta property=\"og:locale\" content=\"fr_FR\" \/>\n<meta property=\"og:type\" content=\"article\" \/>\n<meta property=\"og:title\" content=\"Un Bard feltrino da psicanalisi * di Paolo Perenzin, sindaco di Feltre  - Bellunopress - Dolomiti\" \/>\n<meta property=\"og:description\" content=\"Resurrexit? \u00c8 davvero interessante che il Bard cerchi di sfruttare la congiunzione astrale con la santa Pasqua per rifarsi vivo. Ma francamente l&#8217;uscita di oggi sui giornali certifica una volta di pi\u00f9 che il Bard feltrino \u00e8 morto e sepolto. E se ogni tanto esce dalla tomba, lo fa come uno zombie! Cari amici, mettetevi [&hellip;]\" \/>\n<meta property=\"og:url\" content=\"https:\/\/www.bellunopress.it\/fr\/2013\/03\/30\/un-bard-feltrino-da-psicanalisi-di-paolo-perenzin-sindaco-di-feltre\/\" \/>\n<meta property=\"og:site_name\" content=\"Bellunopress - Dolomiti\" \/>\n<meta property=\"article:publisher\" content=\"https:\/\/www.facebook.com\/profile.php?id=100008943462799\" \/>\n<meta property=\"article:published_time\" content=\"2013-03-30T12:27:00+00:00\" \/>\n<meta property=\"article:modified_time\" content=\"2013-03-30T22:11:44+00:00\" \/>\n<meta property=\"og:image\" content=\"http:\/\/www.bellunopress.it\/wp-content\/uploads\/2012\/09\/Paolo_Perenzin.jpg\" \/>\n<meta name=\"author\" content=\"redazione\" \/>\n<meta name=\"twitter:card\" content=\"summary_large_image\" \/>\n<meta name=\"twitter:creator\" content=\"@bellunopress\" \/>\n<meta name=\"twitter:site\" content=\"@bellunopress\" \/>\n<meta name=\"twitter:label1\" content=\"\u00c9crit par\" \/>\n\t<meta name=\"twitter:data1\" content=\"redazione\" \/>\n\t<meta name=\"twitter:label2\" content=\"Dur\u00e9e de lecture estim\u00e9e\" \/>\n\t<meta name=\"twitter:data2\" content=\"1 minute\" \/>\n<script type=\"application\/ld+json\" class=\"yoast-schema-graph\">{\"@context\":\"https:\\\/\\\/schema.org\",\"@graph\":[{\"@type\":\"Article\",\"@id\":\"https:\\\/\\\/www.bellunopress.it\\\/2013\\\/03\\\/30\\\/un-bard-feltrino-da-psicanalisi-di-paolo-perenzin-sindaco-di-feltre\\\/#article\",\"isPartOf\":{\"@id\":\"https:\\\/\\\/www.bellunopress.it\\\/2013\\\/03\\\/30\\\/un-bard-feltrino-da-psicanalisi-di-paolo-perenzin-sindaco-di-feltre\\\/\"},\"author\":{\"name\":\"redazione\",\"@id\":\"https:\\\/\\\/www.bellunopress.it\\\/#\\\/schema\\\/person\\\/79bb06722b37ece1c03d3e94beb30d73\"},\"headline\":\"Un Bard feltrino da psicanalisi * di Paolo Perenzin, sindaco di Feltre\",\"datePublished\":\"2013-03-30T12:27:00+00:00\",\"dateModified\":\"2013-03-30T22:11:44+00:00\",\"mainEntityOfPage\":{\"@id\":\"https:\\\/\\\/www.bellunopress.it\\\/2013\\\/03\\\/30\\\/un-bard-feltrino-da-psicanalisi-di-paolo-perenzin-sindaco-di-feltre\\\/\"},\"wordCount\":308,\"publisher\":{\"@id\":\"https:\\\/\\\/www.bellunopress.it\\\/#organization\"},\"image\":{\"@id\":\"https:\\\/\\\/www.bellunopress.it\\\/2013\\\/03\\\/30\\\/un-bard-feltrino-da-psicanalisi-di-paolo-perenzin-sindaco-di-feltre\\\/#primaryimage\"},\"thumbnailUrl\":\"http:\\\/\\\/www.bellunopress.it\\\/wp-content\\\/uploads\\\/2012\\\/09\\\/Paolo_Perenzin.jpg\",\"articleSection\":[\"Cronaca\\\/Politica\",\"Prima Pagina\"],\"inLanguage\":\"fr-FR\"},{\"@type\":\"WebPage\",\"@id\":\"https:\\\/\\\/www.bellunopress.it\\\/2013\\\/03\\\/30\\\/un-bard-feltrino-da-psicanalisi-di-paolo-perenzin-sindaco-di-feltre\\\/\",\"url\":\"https:\\\/\\\/www.bellunopress.it\\\/2013\\\/03\\\/30\\\/un-bard-feltrino-da-psicanalisi-di-paolo-perenzin-sindaco-di-feltre\\\/\",\"name\":\"Un Bard feltrino da psicanalisi * di Paolo Perenzin, sindaco di Feltre - Bellunopress - Dolomiti\",\"isPartOf\":{\"@id\":\"https:\\\/\\\/www.bellunopress.it\\\/#website\"},\"primaryImageOfPage\":{\"@id\":\"https:\\\/\\\/www.bellunopress.it\\\/2013\\\/03\\\/30\\\/un-bard-feltrino-da-psicanalisi-di-paolo-perenzin-sindaco-di-feltre\\\/#primaryimage\"},\"image\":{\"@id\":\"https:\\\/\\\/www.bellunopress.it\\\/2013\\\/03\\\/30\\\/un-bard-feltrino-da-psicanalisi-di-paolo-perenzin-sindaco-di-feltre\\\/#primaryimage\"},\"thumbnailUrl\":\"http:\\\/\\\/www.bellunopress.it\\\/wp-content\\\/uploads\\\/2012\\\/09\\\/Paolo_Perenzin.jpg\",\"datePublished\":\"2013-03-30T12:27:00+00:00\",\"dateModified\":\"2013-03-30T22:11:44+00:00\",\"breadcrumb\":{\"@id\":\"https:\\\/\\\/www.bellunopress.it\\\/2013\\\/03\\\/30\\\/un-bard-feltrino-da-psicanalisi-di-paolo-perenzin-sindaco-di-feltre\\\/#breadcrumb\"},\"inLanguage\":\"fr-FR\",\"potentialAction\":[{\"@type\":\"ReadAction\",\"target\":[\"https:\\\/\\\/www.bellunopress.it\\\/2013\\\/03\\\/30\\\/un-bard-feltrino-da-psicanalisi-di-paolo-perenzin-sindaco-di-feltre\\\/\"]}]},{\"@type\":\"ImageObject\",\"inLanguage\":\"fr-FR\",\"@id\":\"https:\\\/\\\/www.bellunopress.it\\\/2013\\\/03\\\/30\\\/un-bard-feltrino-da-psicanalisi-di-paolo-perenzin-sindaco-di-feltre\\\/#primaryimage\",\"url\":\"http:\\\/\\\/www.bellunopress.it\\\/wp-content\\\/uploads\\\/2012\\\/09\\\/Paolo_Perenzin.jpg\",\"contentUrl\":\"http:\\\/\\\/www.bellunopress.it\\\/wp-content\\\/uploads\\\/2012\\\/09\\\/Paolo_Perenzin.jpg\"},{\"@type\":\"BreadcrumbList\",\"@id\":\"https:\\\/\\\/www.bellunopress.it\\\/2013\\\/03\\\/30\\\/un-bard-feltrino-da-psicanalisi-di-paolo-perenzin-sindaco-di-feltre\\\/#breadcrumb\",\"itemListElement\":[{\"@type\":\"ListItem\",\"position\":1,\"name\":\"Home\",\"item\":\"https:\\\/\\\/www.bellunopress.it\\\/\"},{\"@type\":\"ListItem\",\"position\":2,\"name\":\"Un Bard feltrino da psicanalisi * di Paolo Perenzin, sindaco di Feltre\"}]},{\"@type\":\"WebSite\",\"@id\":\"https:\\\/\\\/www.bellunopress.it\\\/#website\",\"url\":\"https:\\\/\\\/www.bellunopress.it\\\/\",\"name\":\"Bellunopress - Dolomiti\",\"description\":\"e-mail: redazione@bellunopress.it\",\"publisher\":{\"@id\":\"https:\\\/\\\/www.bellunopress.it\\\/#organization\"},\"potentialAction\":[{\"@type\":\"SearchAction\",\"target\":{\"@type\":\"EntryPoint\",\"urlTemplate\":\"https:\\\/\\\/www.bellunopress.it\\\/?s={search_term_string}\"},\"query-input\":{\"@type\":\"PropertyValueSpecification\",\"valueRequired\":true,\"valueName\":\"search_term_string\"}}],\"inLanguage\":\"fr-FR\"},{\"@type\":\"Organization\",\"@id\":\"https:\\\/\\\/www.bellunopress.it\\\/#organization\",\"name\":\"Bellunopress\",\"url\":\"https:\\\/\\\/www.bellunopress.it\\\/\",\"logo\":{\"@type\":\"ImageObject\",\"inLanguage\":\"fr-FR\",\"@id\":\"https:\\\/\\\/www.bellunopress.it\\\/#\\\/schema\\\/logo\\\/image\\\/\",\"url\":\"https:\\\/\\\/www.bellunopress.it\\\/wp-content\\\/uploads\\\/2011\\\/05\\\/cropped-logo-bellunopress-.jpg\",\"contentUrl\":\"https:\\\/\\\/www.bellunopress.it\\\/wp-content\\\/uploads\\\/2011\\\/05\\\/cropped-logo-bellunopress-.jpg\",\"width\":512,\"height\":512,\"caption\":\"Bellunopress\"},\"image\":{\"@id\":\"https:\\\/\\\/www.bellunopress.it\\\/#\\\/schema\\\/logo\\\/image\\\/\"},\"sameAs\":[\"https:\\\/\\\/www.facebook.com\\\/profile.php?id=100008943462799\",\"https:\\\/\\\/x.com\\\/bellunopress\",\"https:\\\/\\\/www.linkedin.com\\\/hp\\\/?dnr=JBzUWaJfMUw8vbXJJ2tVW5-I3jZKvC4wsoxE&amp;amp;amp;amp;amp;amp;trk=nav_responsive_tab_home\",\"https:\\\/\\\/www.youtube.com\\\/channel\\\/UCxL0wu1uN0_3_7hGG0306cw\"]},{\"@type\":\"Person\",\"@id\":\"https:\\\/\\\/www.bellunopress.it\\\/#\\\/schema\\\/person\\\/79bb06722b37ece1c03d3e94beb30d73\",\"name\":\"redazione\",\"image\":{\"@type\":\"ImageObject\",\"inLanguage\":\"fr-FR\",\"@id\":\"https:\\\/\\\/secure.gravatar.com\\\/avatar\\\/37d968a2e67a6fd04c169c4bdef102d0bc5d31b2546345219e348575eb80e9a0?s=96&d=mm&r=g\",\"url\":\"https:\\\/\\\/secure.gravatar.com\\\/avatar\\\/37d968a2e67a6fd04c169c4bdef102d0bc5d31b2546345219e348575eb80e9a0?s=96&d=mm&r=g\",\"contentUrl\":\"https:\\\/\\\/secure.gravatar.com\\\/avatar\\\/37d968a2e67a6fd04c169c4bdef102d0bc5d31b2546345219e348575eb80e9a0?s=96&d=mm&r=g\",\"caption\":\"redazione\"},\"sameAs\":[\"http:\\\/\\\/www.bellunopress.it\",\"https:\\\/\\\/x.com\\\/bellunopress\"],\"url\":\"https:\\\/\\\/www.bellunopress.it\\\/fr\\\/author\\\/redazione\\\/\"}]}<\/script>\n<!-- \/ Yoast SEO plugin. -->","yoast_head_json":{"title":"Un Bard feltrino da psicanalisi * di Paolo Perenzin, sindaco di Feltre  - Bellunopress - Dolomiti","robots":{"index":"index","follow":"follow","max-snippet":"max-snippet:-1","max-image-preview":"max-image-preview:large","max-video-preview":"max-video-preview:-1"},"canonical":"https:\/\/www.bellunopress.it\/fr\/2013\/03\/30\/un-bard-feltrino-da-psicanalisi-di-paolo-perenzin-sindaco-di-feltre\/","og_locale":"fr_FR","og_type":"article","og_title":"Un Bard feltrino da psicanalisi * di Paolo Perenzin, sindaco di Feltre  - Bellunopress - Dolomiti","og_description":"Resurrexit? \u00c8 davvero interessante che il Bard cerchi di sfruttare la congiunzione astrale con la santa Pasqua per rifarsi vivo. Ma francamente l&#8217;uscita di oggi sui giornali certifica una volta di pi\u00f9 che il Bard feltrino \u00e8 morto e sepolto. E se ogni tanto esce dalla tomba, lo fa come uno zombie! Cari amici, mettetevi [&hellip;]","og_url":"https:\/\/www.bellunopress.it\/fr\/2013\/03\/30\/un-bard-feltrino-da-psicanalisi-di-paolo-perenzin-sindaco-di-feltre\/","og_site_name":"Bellunopress - Dolomiti","article_publisher":"https:\/\/www.facebook.com\/profile.php?id=100008943462799","article_published_time":"2013-03-30T12:27:00+00:00","article_modified_time":"2013-03-30T22:11:44+00:00","og_image":[{"url":"http:\/\/www.bellunopress.it\/wp-content\/uploads\/2012\/09\/Paolo_Perenzin.jpg","type":"","width":"","height":""}],"author":"redazione","twitter_card":"summary_large_image","twitter_creator":"@bellunopress","twitter_site":"@bellunopress","twitter_misc":{"\u00c9crit par":"redazione","Dur\u00e9e de lecture estim\u00e9e":"1 minute"},"schema":{"@context":"https:\/\/schema.org","@graph":[{"@type":"Article","@id":"https:\/\/www.bellunopress.it\/2013\/03\/30\/un-bard-feltrino-da-psicanalisi-di-paolo-perenzin-sindaco-di-feltre\/#article","isPartOf":{"@id":"https:\/\/www.bellunopress.it\/2013\/03\/30\/un-bard-feltrino-da-psicanalisi-di-paolo-perenzin-sindaco-di-feltre\/"},"author":{"name":"redazione","@id":"https:\/\/www.bellunopress.it\/#\/schema\/person\/79bb06722b37ece1c03d3e94beb30d73"},"headline":"Un Bard feltrino da psicanalisi * di Paolo Perenzin, sindaco di Feltre","datePublished":"2013-03-30T12:27:00+00:00","dateModified":"2013-03-30T22:11:44+00:00","mainEntityOfPage":{"@id":"https:\/\/www.bellunopress.it\/2013\/03\/30\/un-bard-feltrino-da-psicanalisi-di-paolo-perenzin-sindaco-di-feltre\/"},"wordCount":308,"publisher":{"@id":"https:\/\/www.bellunopress.it\/#organization"},"image":{"@id":"https:\/\/www.bellunopress.it\/2013\/03\/30\/un-bard-feltrino-da-psicanalisi-di-paolo-perenzin-sindaco-di-feltre\/#primaryimage"},"thumbnailUrl":"http:\/\/www.bellunopress.it\/wp-content\/uploads\/2012\/09\/Paolo_Perenzin.jpg","articleSection":["Cronaca\/Politica","Prima Pagina"],"inLanguage":"fr-FR"},{"@type":"WebPage","@id":"https:\/\/www.bellunopress.it\/2013\/03\/30\/un-bard-feltrino-da-psicanalisi-di-paolo-perenzin-sindaco-di-feltre\/","url":"https:\/\/www.bellunopress.it\/2013\/03\/30\/un-bard-feltrino-da-psicanalisi-di-paolo-perenzin-sindaco-di-feltre\/","name":"Un Bard feltrino da psicanalisi * di Paolo Perenzin, sindaco di Feltre - Bellunopress - Dolomiti","isPartOf":{"@id":"https:\/\/www.bellunopress.it\/#website"},"primaryImageOfPage":{"@id":"https:\/\/www.bellunopress.it\/2013\/03\/30\/un-bard-feltrino-da-psicanalisi-di-paolo-perenzin-sindaco-di-feltre\/#primaryimage"},"image":{"@id":"https:\/\/www.bellunopress.it\/2013\/03\/30\/un-bard-feltrino-da-psicanalisi-di-paolo-perenzin-sindaco-di-feltre\/#primaryimage"},"thumbnailUrl":"http:\/\/www.bellunopress.it\/wp-content\/uploads\/2012\/09\/Paolo_Perenzin.jpg","datePublished":"2013-03-30T12:27:00+00:00","dateModified":"2013-03-30T22:11:44+00:00","breadcrumb":{"@id":"https:\/\/www.bellunopress.it\/2013\/03\/30\/un-bard-feltrino-da-psicanalisi-di-paolo-perenzin-sindaco-di-feltre\/#breadcrumb"},"inLanguage":"fr-FR","potentialAction":[{"@type":"ReadAction","target":["https:\/\/www.bellunopress.it\/2013\/03\/30\/un-bard-feltrino-da-psicanalisi-di-paolo-perenzin-sindaco-di-feltre\/"]}]},{"@type":"ImageObject","inLanguage":"fr-FR","@id":"https:\/\/www.bellunopress.it\/2013\/03\/30\/un-bard-feltrino-da-psicanalisi-di-paolo-perenzin-sindaco-di-feltre\/#primaryimage","url":"http:\/\/www.bellunopress.it\/wp-content\/uploads\/2012\/09\/Paolo_Perenzin.jpg","contentUrl":"http:\/\/www.bellunopress.it\/wp-content\/uploads\/2012\/09\/Paolo_Perenzin.jpg"},{"@type":"BreadcrumbList","@id":"https:\/\/www.bellunopress.it\/2013\/03\/30\/un-bard-feltrino-da-psicanalisi-di-paolo-perenzin-sindaco-di-feltre\/#breadcrumb","itemListElement":[{"@type":"ListItem","position":1,"name":"Home","item":"https:\/\/www.bellunopress.it\/"},{"@type":"ListItem","position":2,"name":"Un Bard feltrino da psicanalisi * di Paolo Perenzin, sindaco di Feltre"}]},{"@type":"WebSite","@id":"https:\/\/www.bellunopress.it\/#website","url":"https:\/\/www.bellunopress.it\/","name":"Bellunopress - Dolomiti","description":"e-mail: redazione@bellunopress.it","publisher":{"@id":"https:\/\/www.bellunopress.it\/#organization"},"potentialAction":[{"@type":"SearchAction","target":{"@type":"EntryPoint","urlTemplate":"https:\/\/www.bellunopress.it\/?s={search_term_string}"},"query-input":{"@type":"PropertyValueSpecification","valueRequired":true,"valueName":"search_term_string"}}],"inLanguage":"fr-FR"},{"@type":"Organization","@id":"https:\/\/www.bellunopress.it\/#organization","name":"Bellunopress","url":"https:\/\/www.bellunopress.it\/","logo":{"@type":"ImageObject","inLanguage":"fr-FR","@id":"https:\/\/www.bellunopress.it\/#\/schema\/logo\/image\/","url":"https:\/\/www.bellunopress.it\/wp-content\/uploads\/2011\/05\/cropped-logo-bellunopress-.jpg","contentUrl":"https:\/\/www.bellunopress.it\/wp-content\/uploads\/2011\/05\/cropped-logo-bellunopress-.jpg","width":512,"height":512,"caption":"Bellunopress"},"image":{"@id":"https:\/\/www.bellunopress.it\/#\/schema\/logo\/image\/"},"sameAs":["https:\/\/www.facebook.com\/profile.php?id=100008943462799","https:\/\/x.com\/bellunopress","https:\/\/www.linkedin.com\/hp\/?dnr=JBzUWaJfMUw8vbXJJ2tVW5-I3jZKvC4wsoxE&amp;amp;amp;amp;amp;amp;trk=nav_responsive_tab_home","https:\/\/www.youtube.com\/channel\/UCxL0wu1uN0_3_7hGG0306cw"]},{"@type":"Person","@id":"https:\/\/www.bellunopress.it\/#\/schema\/person\/79bb06722b37ece1c03d3e94beb30d73","name":"r\u00e9daction","image":{"@type":"ImageObject","inLanguage":"fr-FR","@id":"https:\/\/secure.gravatar.com\/avatar\/37d968a2e67a6fd04c169c4bdef102d0bc5d31b2546345219e348575eb80e9a0?s=96&d=mm&r=g","url":"https:\/\/secure.gravatar.com\/avatar\/37d968a2e67a6fd04c169c4bdef102d0bc5d31b2546345219e348575eb80e9a0?s=96&d=mm&r=g","contentUrl":"https:\/\/secure.gravatar.com\/avatar\/37d968a2e67a6fd04c169c4bdef102d0bc5d31b2546345219e348575eb80e9a0?s=96&d=mm&r=g","caption":"redazione"},"sameAs":["http:\/\/www.bellunopress.it","https:\/\/x.com\/bellunopress"],"url":"https:\/\/www.bellunopress.it\/fr\/author\/redazione\/"}]}},"_links":{"self":[{"href":"https:\/\/www.bellunopress.it\/fr\/wp-json\/wp\/v2\/posts\/48064","targetHints":{"allow":["GET"]}}],"collection":[{"href":"https:\/\/www.bellunopress.it\/fr\/wp-json\/wp\/v2\/posts"}],"about":[{"href":"https:\/\/www.bellunopress.it\/fr\/wp-json\/wp\/v2\/types\/post"}],"author":[{"embeddable":true,"href":"https:\/\/www.bellunopress.it\/fr\/wp-json\/wp\/v2\/users\/2"}],"replies":[{"embeddable":true,"href":"https:\/\/www.bellunopress.it\/fr\/wp-json\/wp\/v2\/comments?post=48064"}],"version-history":[{"count":2,"href":"https:\/\/www.bellunopress.it\/fr\/wp-json\/wp\/v2\/posts\/48064\/revisions"}],"predecessor-version":[{"id":48092,"href":"https:\/\/www.bellunopress.it\/fr\/wp-json\/wp\/v2\/posts\/48064\/revisions\/48092"}],"wp:attachment":[{"href":"https:\/\/www.bellunopress.it\/fr\/wp-json\/wp\/v2\/media?parent=48064"}],"wp:term":[{"taxonomy":"category","embeddable":true,"href":"https:\/\/www.bellunopress.it\/fr\/wp-json\/wp\/v2\/categories?post=48064"},{"taxonomy":"post_tag","embeddable":true,"href":"https:\/\/www.bellunopress.it\/fr\/wp-json\/wp\/v2\/tags?post=48064"}],"curies":[{"name":"wp","href":"https:\/\/api.w.org\/{rel}","templated":true}]}}