{"id":48020,"date":"2013-03-28T20:57:44","date_gmt":"2013-03-28T19:57:44","guid":{"rendered":"http:\/\/www.bellunopress.it\/?p=48020"},"modified":"2013-03-28T20:57:44","modified_gmt":"2013-03-28T19:57:44","slug":"acc-mel-lassessore-donazzan-incontra-alcuni-imprenditori-interessati-allacquisizione-seguo-passo-dopo-passo-la-trattativa","status":"publish","type":"post","link":"https:\/\/www.bellunopress.it\/fr\/2013\/03\/28\/acc-mel-lassessore-donazzan-incontra-alcuni-imprenditori-interessati-allacquisizione-seguo-passo-dopo-passo-la-trattativa\/","title":{"rendered":"Acc Mel. L&#8217;assessore Donazzan incontra alcuni imprenditori interessati all&#8217;acquisizione :&#8221;Seguo passo dopo passo la trattativa&#8221;"},"content":{"rendered":"<figure id=\"attachment_23971\" aria-describedby=\"caption-attachment-23971\" style=\"width: 140px\" class=\"wp-caption alignleft\"><a href=\"http:\/\/www.bellunopress.it\/wp-content\/uploads\/2011\/02\/elena-donazzan-140x140.jpg\"><img loading=\"lazy\" decoding=\"async\" class=\"size-full wp-image-23971\" alt=\"Elena Donazzan\" src=\"http:\/\/www.bellunopress.it\/wp-content\/uploads\/2011\/02\/elena-donazzan-140x140.jpg\" width=\"140\" height=\"140\" \/><\/a><figcaption id=\"caption-attachment-23971\" class=\"wp-caption-text\">Elena Donazzan<\/figcaption><\/figure>\n<p>\u201cHo incontrato personalmente alcuni degli imprenditori che hanno dato concretezza all\u2019acquisizione di ACC di Mel. Sono imprenditori italiani molto credibili il cui piano finanziario ed industriale ha ottime possibilit\u00e0 di essere non solo accettato ma supportato dal sistema del credito interessato ad ACC\u201d. Lo dichiara l\u2019Assessore regionale al lavoro Elena Donazzan la quale aggiunge: \u201cHo immediatamente informato il Ministero per lo sviluppo economico per attivare i nostri canali della diplomazia sull\u2019Austria allo scopo di sostenere questa ipotesi di acquisizione che vedrebbe garantite le persone occupate, le relazioni con i fornitori e la qualit\u00e0 della produzione per entrambi gli stabilimenti. Continuer\u00f2 a seguire passo dopo passo la trattativa accompagnata dalle istituzioni locali ma soprattutto dal Ministero\u201d.<\/p>\n<p>&nbsp;<\/p>","protected":false},"excerpt":{"rendered":"<p>\u201cHo incontrato personalmente alcuni degli imprenditori che hanno dato concretezza all\u2019acquisizione di ACC di Mel. Sono imprenditori italiani molto credibili il cui piano finanziario ed industriale ha ottime possibilit\u00e0 di essere non solo accettato ma supportato dal sistema del credito interessato ad ACC\u201d. Lo dichiara l\u2019Assessore regionale al lavoro Elena Donazzan la quale aggiunge: \u201cHo [&hellip;]<\/p>\n","protected":false},"author":2,"featured_media":0,"comment_status":"closed","ping_status":"open","sticky":false,"template":"","format":"standard","meta":{"footnotes":""},"categories":[5,36,26],"tags":[],"class_list":["post-48020","post","type-post","status-publish","format-standard","category-cronaca","category-lavoro-economia","category-prima-pagina"],"yoast_head":"<!-- This site is optimized with the Yoast SEO plugin v28.4 - https:\/\/yoast.com\/product\/yoast-seo-wordpress\/ -->\n<title>Acc Mel. L&#039;assessore Donazzan incontra alcuni imprenditori interessati all&#039;acquisizione :&quot;Seguo passo dopo passo la trattativa&quot; - Bellunopress - Dolomiti<\/title>\n<meta name=\"robots\" content=\"index, follow, max-snippet:-1, max-image-preview:large, max-video-preview:-1\" \/>\n<link rel=\"canonical\" href=\"https:\/\/www.bellunopress.it\/fr\/2013\/03\/28\/acc-mel-lassessore-donazzan-incontra-alcuni-imprenditori-interessati-allacquisizione-seguo-passo-dopo-passo-la-trattativa\/\" \/>\n<meta property=\"og:locale\" content=\"fr_FR\" \/>\n<meta property=\"og:type\" content=\"article\" \/>\n<meta property=\"og:title\" content=\"Acc Mel. L&#039;assessore Donazzan incontra alcuni imprenditori interessati all&#039;acquisizione :&quot;Seguo passo dopo passo la trattativa&quot; - Bellunopress - Dolomiti\" \/>\n<meta property=\"og:description\" content=\"\u201cHo incontrato personalmente alcuni degli imprenditori che hanno dato concretezza all\u2019acquisizione di ACC di Mel. Sono imprenditori italiani molto credibili il cui piano finanziario ed industriale ha ottime possibilit\u00e0 di essere non solo accettato ma supportato dal sistema del credito interessato ad ACC\u201d. Lo dichiara l\u2019Assessore regionale al lavoro Elena Donazzan la quale aggiunge: \u201cHo [&hellip;]\" \/>\n<meta property=\"og:url\" content=\"https:\/\/www.bellunopress.it\/fr\/2013\/03\/28\/acc-mel-lassessore-donazzan-incontra-alcuni-imprenditori-interessati-allacquisizione-seguo-passo-dopo-passo-la-trattativa\/\" \/>\n<meta property=\"og:site_name\" content=\"Bellunopress - Dolomiti\" \/>\n<meta property=\"article:publisher\" content=\"https:\/\/www.facebook.com\/profile.php?id=100008943462799\" \/>\n<meta property=\"article:published_time\" content=\"2013-03-28T19:57:44+00:00\" \/>\n<meta property=\"og:image\" content=\"http:\/\/www.bellunopress.it\/wp-content\/uploads\/2011\/02\/elena-donazzan-140x140.jpg\" \/>\n<meta name=\"author\" content=\"redazione\" \/>\n<meta name=\"twitter:card\" content=\"summary_large_image\" \/>\n<meta name=\"twitter:creator\" content=\"@bellunopress\" \/>\n<meta name=\"twitter:site\" content=\"@bellunopress\" \/>\n<meta name=\"twitter:label1\" content=\"\u00c9crit par\" \/>\n\t<meta name=\"twitter:data1\" content=\"redazione\" \/>\n\t<meta name=\"twitter:label2\" content=\"Dur\u00e9e de lecture estim\u00e9e\" \/>\n\t<meta name=\"twitter:data2\" content=\"1 minute\" \/>\n<script type=\"application\/ld+json\" class=\"yoast-schema-graph\">{\"@context\":\"https:\\\/\\\/schema.org\",\"@graph\":[{\"@type\":\"Article\",\"@id\":\"https:\\\/\\\/www.bellunopress.it\\\/2013\\\/03\\\/28\\\/acc-mel-lassessore-donazzan-incontra-alcuni-imprenditori-interessati-allacquisizione-seguo-passo-dopo-passo-la-trattativa\\\/#article\",\"isPartOf\":{\"@id\":\"https:\\\/\\\/www.bellunopress.it\\\/2013\\\/03\\\/28\\\/acc-mel-lassessore-donazzan-incontra-alcuni-imprenditori-interessati-allacquisizione-seguo-passo-dopo-passo-la-trattativa\\\/\"},\"author\":{\"name\":\"redazione\",\"@id\":\"https:\\\/\\\/www.bellunopress.it\\\/#\\\/schema\\\/person\\\/79bb06722b37ece1c03d3e94beb30d73\"},\"headline\":\"Acc Mel. L&#8217;assessore Donazzan incontra alcuni imprenditori interessati all&#8217;acquisizione :&#8221;Seguo passo dopo passo la trattativa&#8221;\",\"datePublished\":\"2013-03-28T19:57:44+00:00\",\"mainEntityOfPage\":{\"@id\":\"https:\\\/\\\/www.bellunopress.it\\\/2013\\\/03\\\/28\\\/acc-mel-lassessore-donazzan-incontra-alcuni-imprenditori-interessati-allacquisizione-seguo-passo-dopo-passo-la-trattativa\\\/\"},\"wordCount\":145,\"publisher\":{\"@id\":\"https:\\\/\\\/www.bellunopress.it\\\/#organization\"},\"image\":{\"@id\":\"https:\\\/\\\/www.bellunopress.it\\\/2013\\\/03\\\/28\\\/acc-mel-lassessore-donazzan-incontra-alcuni-imprenditori-interessati-allacquisizione-seguo-passo-dopo-passo-la-trattativa\\\/#primaryimage\"},\"thumbnailUrl\":\"http:\\\/\\\/www.bellunopress.it\\\/wp-content\\\/uploads\\\/2011\\\/02\\\/elena-donazzan-140x140.jpg\",\"articleSection\":[\"Cronaca\\\/Politica\",\"Lavoro, Economia, Turismo\",\"Prima Pagina\"],\"inLanguage\":\"fr-FR\"},{\"@type\":\"WebPage\",\"@id\":\"https:\\\/\\\/www.bellunopress.it\\\/2013\\\/03\\\/28\\\/acc-mel-lassessore-donazzan-incontra-alcuni-imprenditori-interessati-allacquisizione-seguo-passo-dopo-passo-la-trattativa\\\/\",\"url\":\"https:\\\/\\\/www.bellunopress.it\\\/2013\\\/03\\\/28\\\/acc-mel-lassessore-donazzan-incontra-alcuni-imprenditori-interessati-allacquisizione-seguo-passo-dopo-passo-la-trattativa\\\/\",\"name\":\"Acc Mel. L'assessore Donazzan incontra alcuni imprenditori interessati all'acquisizione :\\\"Seguo passo dopo passo la trattativa\\\" - Bellunopress - Dolomiti\",\"isPartOf\":{\"@id\":\"https:\\\/\\\/www.bellunopress.it\\\/#website\"},\"primaryImageOfPage\":{\"@id\":\"https:\\\/\\\/www.bellunopress.it\\\/2013\\\/03\\\/28\\\/acc-mel-lassessore-donazzan-incontra-alcuni-imprenditori-interessati-allacquisizione-seguo-passo-dopo-passo-la-trattativa\\\/#primaryimage\"},\"image\":{\"@id\":\"https:\\\/\\\/www.bellunopress.it\\\/2013\\\/03\\\/28\\\/acc-mel-lassessore-donazzan-incontra-alcuni-imprenditori-interessati-allacquisizione-seguo-passo-dopo-passo-la-trattativa\\\/#primaryimage\"},\"thumbnailUrl\":\"http:\\\/\\\/www.bellunopress.it\\\/wp-content\\\/uploads\\\/2011\\\/02\\\/elena-donazzan-140x140.jpg\",\"datePublished\":\"2013-03-28T19:57:44+00:00\",\"breadcrumb\":{\"@id\":\"https:\\\/\\\/www.bellunopress.it\\\/2013\\\/03\\\/28\\\/acc-mel-lassessore-donazzan-incontra-alcuni-imprenditori-interessati-allacquisizione-seguo-passo-dopo-passo-la-trattativa\\\/#breadcrumb\"},\"inLanguage\":\"fr-FR\",\"potentialAction\":[{\"@type\":\"ReadAction\",\"target\":[\"https:\\\/\\\/www.bellunopress.it\\\/2013\\\/03\\\/28\\\/acc-mel-lassessore-donazzan-incontra-alcuni-imprenditori-interessati-allacquisizione-seguo-passo-dopo-passo-la-trattativa\\\/\"]}]},{\"@type\":\"ImageObject\",\"inLanguage\":\"fr-FR\",\"@id\":\"https:\\\/\\\/www.bellunopress.it\\\/2013\\\/03\\\/28\\\/acc-mel-lassessore-donazzan-incontra-alcuni-imprenditori-interessati-allacquisizione-seguo-passo-dopo-passo-la-trattativa\\\/#primaryimage\",\"url\":\"http:\\\/\\\/www.bellunopress.it\\\/wp-content\\\/uploads\\\/2011\\\/02\\\/elena-donazzan-140x140.jpg\",\"contentUrl\":\"http:\\\/\\\/www.bellunopress.it\\\/wp-content\\\/uploads\\\/2011\\\/02\\\/elena-donazzan-140x140.jpg\"},{\"@type\":\"BreadcrumbList\",\"@id\":\"https:\\\/\\\/www.bellunopress.it\\\/2013\\\/03\\\/28\\\/acc-mel-lassessore-donazzan-incontra-alcuni-imprenditori-interessati-allacquisizione-seguo-passo-dopo-passo-la-trattativa\\\/#breadcrumb\",\"itemListElement\":[{\"@type\":\"ListItem\",\"position\":1,\"name\":\"Home\",\"item\":\"https:\\\/\\\/www.bellunopress.it\\\/\"},{\"@type\":\"ListItem\",\"position\":2,\"name\":\"Acc Mel. L&#8217;assessore Donazzan incontra alcuni imprenditori interessati all&#8217;acquisizione :&#8221;Seguo passo dopo passo la trattativa&#8221;\"}]},{\"@type\":\"WebSite\",\"@id\":\"https:\\\/\\\/www.bellunopress.it\\\/#website\",\"url\":\"https:\\\/\\\/www.bellunopress.it\\\/\",\"name\":\"Bellunopress - Dolomiti\",\"description\":\"e-mail: redazione@bellunopress.it\",\"publisher\":{\"@id\":\"https:\\\/\\\/www.bellunopress.it\\\/#organization\"},\"potentialAction\":[{\"@type\":\"SearchAction\",\"target\":{\"@type\":\"EntryPoint\",\"urlTemplate\":\"https:\\\/\\\/www.bellunopress.it\\\/?s={search_term_string}\"},\"query-input\":{\"@type\":\"PropertyValueSpecification\",\"valueRequired\":true,\"valueName\":\"search_term_string\"}}],\"inLanguage\":\"fr-FR\"},{\"@type\":\"Organization\",\"@id\":\"https:\\\/\\\/www.bellunopress.it\\\/#organization\",\"name\":\"Bellunopress\",\"url\":\"https:\\\/\\\/www.bellunopress.it\\\/\",\"logo\":{\"@type\":\"ImageObject\",\"inLanguage\":\"fr-FR\",\"@id\":\"https:\\\/\\\/www.bellunopress.it\\\/#\\\/schema\\\/logo\\\/image\\\/\",\"url\":\"https:\\\/\\\/www.bellunopress.it\\\/wp-content\\\/uploads\\\/2011\\\/05\\\/cropped-logo-bellunopress-.jpg\",\"contentUrl\":\"https:\\\/\\\/www.bellunopress.it\\\/wp-content\\\/uploads\\\/2011\\\/05\\\/cropped-logo-bellunopress-.jpg\",\"width\":512,\"height\":512,\"caption\":\"Bellunopress\"},\"image\":{\"@id\":\"https:\\\/\\\/www.bellunopress.it\\\/#\\\/schema\\\/logo\\\/image\\\/\"},\"sameAs\":[\"https:\\\/\\\/www.facebook.com\\\/profile.php?id=100008943462799\",\"https:\\\/\\\/x.com\\\/bellunopress\",\"https:\\\/\\\/www.linkedin.com\\\/hp\\\/?dnr=JBzUWaJfMUw8vbXJJ2tVW5-I3jZKvC4wsoxE&amp;amp;amp;amp;amp;amp;trk=nav_responsive_tab_home\",\"https:\\\/\\\/www.youtube.com\\\/channel\\\/UCxL0wu1uN0_3_7hGG0306cw\"]},{\"@type\":\"Person\",\"@id\":\"https:\\\/\\\/www.bellunopress.it\\\/#\\\/schema\\\/person\\\/79bb06722b37ece1c03d3e94beb30d73\",\"name\":\"redazione\",\"image\":{\"@type\":\"ImageObject\",\"inLanguage\":\"fr-FR\",\"@id\":\"https:\\\/\\\/secure.gravatar.com\\\/avatar\\\/37d968a2e67a6fd04c169c4bdef102d0bc5d31b2546345219e348575eb80e9a0?s=96&d=mm&r=g\",\"url\":\"https:\\\/\\\/secure.gravatar.com\\\/avatar\\\/37d968a2e67a6fd04c169c4bdef102d0bc5d31b2546345219e348575eb80e9a0?s=96&d=mm&r=g\",\"contentUrl\":\"https:\\\/\\\/secure.gravatar.com\\\/avatar\\\/37d968a2e67a6fd04c169c4bdef102d0bc5d31b2546345219e348575eb80e9a0?s=96&d=mm&r=g\",\"caption\":\"redazione\"},\"sameAs\":[\"http:\\\/\\\/www.bellunopress.it\",\"https:\\\/\\\/x.com\\\/bellunopress\"],\"url\":\"https:\\\/\\\/www.bellunopress.it\\\/fr\\\/author\\\/redazione\\\/\"}]}<\/script>\n<!-- \/ Yoast SEO plugin. -->","yoast_head_json":{"title":"Acc Mel. L'assessore Donazzan incontra alcuni imprenditori interessati all'acquisizione :\"Seguo passo dopo passo la trattativa\" - Bellunopress - Dolomiti","robots":{"index":"index","follow":"follow","max-snippet":"max-snippet:-1","max-image-preview":"max-image-preview:large","max-video-preview":"max-video-preview:-1"},"canonical":"https:\/\/www.bellunopress.it\/fr\/2013\/03\/28\/acc-mel-lassessore-donazzan-incontra-alcuni-imprenditori-interessati-allacquisizione-seguo-passo-dopo-passo-la-trattativa\/","og_locale":"fr_FR","og_type":"article","og_title":"Acc Mel. L'assessore Donazzan incontra alcuni imprenditori interessati all'acquisizione :\"Seguo passo dopo passo la trattativa\" - Bellunopress - Dolomiti","og_description":"\u201cHo incontrato personalmente alcuni degli imprenditori che hanno dato concretezza all\u2019acquisizione di ACC di Mel. Sono imprenditori italiani molto credibili il cui piano finanziario ed industriale ha ottime possibilit\u00e0 di essere non solo accettato ma supportato dal sistema del credito interessato ad ACC\u201d. Lo dichiara l\u2019Assessore regionale al lavoro Elena Donazzan la quale aggiunge: \u201cHo [&hellip;]","og_url":"https:\/\/www.bellunopress.it\/fr\/2013\/03\/28\/acc-mel-lassessore-donazzan-incontra-alcuni-imprenditori-interessati-allacquisizione-seguo-passo-dopo-passo-la-trattativa\/","og_site_name":"Bellunopress - Dolomiti","article_publisher":"https:\/\/www.facebook.com\/profile.php?id=100008943462799","article_published_time":"2013-03-28T19:57:44+00:00","og_image":[{"url":"http:\/\/www.bellunopress.it\/wp-content\/uploads\/2011\/02\/elena-donazzan-140x140.jpg","type":"","width":"","height":""}],"author":"redazione","twitter_card":"summary_large_image","twitter_creator":"@bellunopress","twitter_site":"@bellunopress","twitter_misc":{"\u00c9crit par":"redazione","Dur\u00e9e de lecture estim\u00e9e":"1 minute"},"schema":{"@context":"https:\/\/schema.org","@graph":[{"@type":"Article","@id":"https:\/\/www.bellunopress.it\/2013\/03\/28\/acc-mel-lassessore-donazzan-incontra-alcuni-imprenditori-interessati-allacquisizione-seguo-passo-dopo-passo-la-trattativa\/#article","isPartOf":{"@id":"https:\/\/www.bellunopress.it\/2013\/03\/28\/acc-mel-lassessore-donazzan-incontra-alcuni-imprenditori-interessati-allacquisizione-seguo-passo-dopo-passo-la-trattativa\/"},"author":{"name":"redazione","@id":"https:\/\/www.bellunopress.it\/#\/schema\/person\/79bb06722b37ece1c03d3e94beb30d73"},"headline":"Acc Mel. L&#8217;assessore Donazzan incontra alcuni imprenditori interessati all&#8217;acquisizione :&#8221;Seguo passo dopo passo la trattativa&#8221;","datePublished":"2013-03-28T19:57:44+00:00","mainEntityOfPage":{"@id":"https:\/\/www.bellunopress.it\/2013\/03\/28\/acc-mel-lassessore-donazzan-incontra-alcuni-imprenditori-interessati-allacquisizione-seguo-passo-dopo-passo-la-trattativa\/"},"wordCount":145,"publisher":{"@id":"https:\/\/www.bellunopress.it\/#organization"},"image":{"@id":"https:\/\/www.bellunopress.it\/2013\/03\/28\/acc-mel-lassessore-donazzan-incontra-alcuni-imprenditori-interessati-allacquisizione-seguo-passo-dopo-passo-la-trattativa\/#primaryimage"},"thumbnailUrl":"http:\/\/www.bellunopress.it\/wp-content\/uploads\/2011\/02\/elena-donazzan-140x140.jpg","articleSection":["Cronaca\/Politica","Lavoro, Economia, Turismo","Prima Pagina"],"inLanguage":"fr-FR"},{"@type":"WebPage","@id":"https:\/\/www.bellunopress.it\/2013\/03\/28\/acc-mel-lassessore-donazzan-incontra-alcuni-imprenditori-interessati-allacquisizione-seguo-passo-dopo-passo-la-trattativa\/","url":"https:\/\/www.bellunopress.it\/2013\/03\/28\/acc-mel-lassessore-donazzan-incontra-alcuni-imprenditori-interessati-allacquisizione-seguo-passo-dopo-passo-la-trattativa\/","name":"Acc Mel. L'assessore Donazzan incontra alcuni imprenditori interessati all'acquisizione :\"Seguo passo dopo passo la trattativa\" - Bellunopress - Dolomiti","isPartOf":{"@id":"https:\/\/www.bellunopress.it\/#website"},"primaryImageOfPage":{"@id":"https:\/\/www.bellunopress.it\/2013\/03\/28\/acc-mel-lassessore-donazzan-incontra-alcuni-imprenditori-interessati-allacquisizione-seguo-passo-dopo-passo-la-trattativa\/#primaryimage"},"image":{"@id":"https:\/\/www.bellunopress.it\/2013\/03\/28\/acc-mel-lassessore-donazzan-incontra-alcuni-imprenditori-interessati-allacquisizione-seguo-passo-dopo-passo-la-trattativa\/#primaryimage"},"thumbnailUrl":"http:\/\/www.bellunopress.it\/wp-content\/uploads\/2011\/02\/elena-donazzan-140x140.jpg","datePublished":"2013-03-28T19:57:44+00:00","breadcrumb":{"@id":"https:\/\/www.bellunopress.it\/2013\/03\/28\/acc-mel-lassessore-donazzan-incontra-alcuni-imprenditori-interessati-allacquisizione-seguo-passo-dopo-passo-la-trattativa\/#breadcrumb"},"inLanguage":"fr-FR","potentialAction":[{"@type":"ReadAction","target":["https:\/\/www.bellunopress.it\/2013\/03\/28\/acc-mel-lassessore-donazzan-incontra-alcuni-imprenditori-interessati-allacquisizione-seguo-passo-dopo-passo-la-trattativa\/"]}]},{"@type":"ImageObject","inLanguage":"fr-FR","@id":"https:\/\/www.bellunopress.it\/2013\/03\/28\/acc-mel-lassessore-donazzan-incontra-alcuni-imprenditori-interessati-allacquisizione-seguo-passo-dopo-passo-la-trattativa\/#primaryimage","url":"http:\/\/www.bellunopress.it\/wp-content\/uploads\/2011\/02\/elena-donazzan-140x140.jpg","contentUrl":"http:\/\/www.bellunopress.it\/wp-content\/uploads\/2011\/02\/elena-donazzan-140x140.jpg"},{"@type":"BreadcrumbList","@id":"https:\/\/www.bellunopress.it\/2013\/03\/28\/acc-mel-lassessore-donazzan-incontra-alcuni-imprenditori-interessati-allacquisizione-seguo-passo-dopo-passo-la-trattativa\/#breadcrumb","itemListElement":[{"@type":"ListItem","position":1,"name":"Home","item":"https:\/\/www.bellunopress.it\/"},{"@type":"ListItem","position":2,"name":"Acc Mel. L&#8217;assessore Donazzan incontra alcuni imprenditori interessati all&#8217;acquisizione :&#8221;Seguo passo dopo passo la trattativa&#8221;"}]},{"@type":"WebSite","@id":"https:\/\/www.bellunopress.it\/#website","url":"https:\/\/www.bellunopress.it\/","name":"Bellunopress - Dolomiti","description":"e-mail: redazione@bellunopress.it","publisher":{"@id":"https:\/\/www.bellunopress.it\/#organization"},"potentialAction":[{"@type":"SearchAction","target":{"@type":"EntryPoint","urlTemplate":"https:\/\/www.bellunopress.it\/?s={search_term_string}"},"query-input":{"@type":"PropertyValueSpecification","valueRequired":true,"valueName":"search_term_string"}}],"inLanguage":"fr-FR"},{"@type":"Organization","@id":"https:\/\/www.bellunopress.it\/#organization","name":"Bellunopress","url":"https:\/\/www.bellunopress.it\/","logo":{"@type":"ImageObject","inLanguage":"fr-FR","@id":"https:\/\/www.bellunopress.it\/#\/schema\/logo\/image\/","url":"https:\/\/www.bellunopress.it\/wp-content\/uploads\/2011\/05\/cropped-logo-bellunopress-.jpg","contentUrl":"https:\/\/www.bellunopress.it\/wp-content\/uploads\/2011\/05\/cropped-logo-bellunopress-.jpg","width":512,"height":512,"caption":"Bellunopress"},"image":{"@id":"https:\/\/www.bellunopress.it\/#\/schema\/logo\/image\/"},"sameAs":["https:\/\/www.facebook.com\/profile.php?id=100008943462799","https:\/\/x.com\/bellunopress","https:\/\/www.linkedin.com\/hp\/?dnr=JBzUWaJfMUw8vbXJJ2tVW5-I3jZKvC4wsoxE&amp;amp;amp;amp;amp;amp;trk=nav_responsive_tab_home","https:\/\/www.youtube.com\/channel\/UCxL0wu1uN0_3_7hGG0306cw"]},{"@type":"Person","@id":"https:\/\/www.bellunopress.it\/#\/schema\/person\/79bb06722b37ece1c03d3e94beb30d73","name":"r\u00e9daction","image":{"@type":"ImageObject","inLanguage":"fr-FR","@id":"https:\/\/secure.gravatar.com\/avatar\/37d968a2e67a6fd04c169c4bdef102d0bc5d31b2546345219e348575eb80e9a0?s=96&d=mm&r=g","url":"https:\/\/secure.gravatar.com\/avatar\/37d968a2e67a6fd04c169c4bdef102d0bc5d31b2546345219e348575eb80e9a0?s=96&d=mm&r=g","contentUrl":"https:\/\/secure.gravatar.com\/avatar\/37d968a2e67a6fd04c169c4bdef102d0bc5d31b2546345219e348575eb80e9a0?s=96&d=mm&r=g","caption":"redazione"},"sameAs":["http:\/\/www.bellunopress.it","https:\/\/x.com\/bellunopress"],"url":"https:\/\/www.bellunopress.it\/fr\/author\/redazione\/"}]}},"_links":{"self":[{"href":"https:\/\/www.bellunopress.it\/fr\/wp-json\/wp\/v2\/posts\/48020","targetHints":{"allow":["GET"]}}],"collection":[{"href":"https:\/\/www.bellunopress.it\/fr\/wp-json\/wp\/v2\/posts"}],"about":[{"href":"https:\/\/www.bellunopress.it\/fr\/wp-json\/wp\/v2\/types\/post"}],"author":[{"embeddable":true,"href":"https:\/\/www.bellunopress.it\/fr\/wp-json\/wp\/v2\/users\/2"}],"replies":[{"embeddable":true,"href":"https:\/\/www.bellunopress.it\/fr\/wp-json\/wp\/v2\/comments?post=48020"}],"version-history":[{"count":1,"href":"https:\/\/www.bellunopress.it\/fr\/wp-json\/wp\/v2\/posts\/48020\/revisions"}],"predecessor-version":[{"id":48021,"href":"https:\/\/www.bellunopress.it\/fr\/wp-json\/wp\/v2\/posts\/48020\/revisions\/48021"}],"wp:attachment":[{"href":"https:\/\/www.bellunopress.it\/fr\/wp-json\/wp\/v2\/media?parent=48020"}],"wp:term":[{"taxonomy":"category","embeddable":true,"href":"https:\/\/www.bellunopress.it\/fr\/wp-json\/wp\/v2\/categories?post=48020"},{"taxonomy":"post_tag","embeddable":true,"href":"https:\/\/www.bellunopress.it\/fr\/wp-json\/wp\/v2\/tags?post=48020"}],"curies":[{"name":"wp","href":"https:\/\/api.w.org\/{rel}","templated":true}]}}