{"id":48017,"date":"2013-03-28T19:10:09","date_gmt":"2013-03-28T18:10:09","guid":{"rendered":"http:\/\/www.bellunopress.it\/?p=48017"},"modified":"2013-03-28T19:10:09","modified_gmt":"2013-03-28T18:10:09","slug":"alla-tecnosport-di-belluno-e-arrivata-la-piccola-ninja-della-kawasaki","status":"publish","type":"post","link":"https:\/\/www.bellunopress.it\/fr\/2013\/03\/28\/alla-tecnosport-di-belluno-e-arrivata-la-piccola-ninja-della-kawasaki\/","title":{"rendered":"Alla Tecnosport di Belluno \u00e8 arrivata la &#8220;piccola Ninja&#8221; della Kawasaki"},"content":{"rendered":"<p>Linea aggressiva, con frontale aguzzo, profilo possente e coda filante. E&#8217; il ritratto della &#8220;piccola Ninja&#8221; 300 della Kawasaki, che \u00e8 gi\u00e0 in vetrina alla Concessionaria Tecnosport di Belluno in via Vittorio Veneto n.258.<\/p>\n<p><a href=\"http:\/\/www.bellunopress.it\/wp-content\/uploads\/2013\/03\/kawasaki-ninja-300.jpg\"><img loading=\"lazy\" decoding=\"async\" class=\"alignleft size-full wp-image-48018\" alt=\"kawasaki ninja 300\" src=\"http:\/\/www.bellunopress.it\/wp-content\/uploads\/2013\/03\/kawasaki-ninja-300.jpg\" width=\"290\" height=\"211\" \/><\/a>Rispetto al precedente modello 250R di cui ha preso il posto, la Ninja 300 \u00e8 una moto completamente nuova, ridisegnata nell&#8217;estetica, che ora si avvicina ancor pi\u00f9 a quella delle sorelle maggiori.<\/p>\n<p>Anche il propulsore \u00e8 nuovo, progettato per i neo patentati: con due cilindri in linea di 296 cc che erogano una potenza di 39 cv (29 kW) a 10.000 giri, e una coppia di 27 Nm a 10.000 giri. Le caratteristiche tecniche rispondono alla nuova normativa di patente A2, in vigore da quest&#8217;anno, che prevede per la guida a 18 anni da 25 a 35 kW.<\/p>\n<p>Alcune novit\u00e0 anche sul fronte della tecnologia. Ora il bicilindrico \u00e8 dotato di condotti e valvole di aspirazione maggiorati, pistoni alleggeriti e frizione assistita Fcc antisaltellamento. Nell&#8217;impianto frenante ora c&#8217;\u00e8 la possibilit\u00e0 di aggiungere l&#8217;Abs, disponibile come opzional. Nuova anche la strumentazione.<\/p>\n<p>La Ninja ora adotta uno schermo lcd contenente il tachimetro analogico, orologio, indicatore di carburante, doppio contachilometri parziale e indicatore di consumo. Tutto quello, insomma, che far\u00e0 sognare quest&#8217;anno i giovani biker, catturati dall&#8217;irresistibile fascino della nuova verde nipponica.<\/p>","protected":false},"excerpt":{"rendered":"<p>Linea aggressiva, con frontale aguzzo, profilo possente e coda filante. E&#8217; il ritratto della &#8220;piccola Ninja&#8221; 300 della Kawasaki, che \u00e8 gi\u00e0 in vetrina alla Concessionaria Tecnosport di Belluno in via Vittorio Veneto n.258. Rispetto al precedente modello 250R di cui ha preso il posto, la Ninja 300 \u00e8 una moto completamente nuova, ridisegnata nell&#8217;estetica, [&hellip;]<\/p>\n","protected":false},"author":2,"featured_media":0,"comment_status":"closed","ping_status":"open","sticky":false,"template":"","format":"standard","meta":{"footnotes":""},"categories":[25,50],"tags":[],"class_list":["post-48017","post","type-post","status-publish","format-standard","category-pausa-caffe","category-pubbliredazionali"],"yoast_head":"<!-- This site is optimized with the Yoast SEO plugin v28.4 - https:\/\/yoast.com\/product\/yoast-seo-wordpress\/ -->\n<title>Alla Tecnosport di Belluno \u00e8 arrivata la &quot;piccola Ninja&quot; della Kawasaki - Bellunopress - Dolomiti<\/title>\n<meta name=\"robots\" content=\"index, follow, max-snippet:-1, max-image-preview:large, max-video-preview:-1\" \/>\n<link rel=\"canonical\" href=\"https:\/\/www.bellunopress.it\/fr\/2013\/03\/28\/alla-tecnosport-di-belluno-e-arrivata-la-piccola-ninja-della-kawasaki\/\" \/>\n<meta property=\"og:locale\" content=\"fr_FR\" \/>\n<meta property=\"og:type\" content=\"article\" \/>\n<meta property=\"og:title\" content=\"Alla Tecnosport di Belluno \u00e8 arrivata la &quot;piccola Ninja&quot; della Kawasaki - Bellunopress - Dolomiti\" \/>\n<meta property=\"og:description\" content=\"Linea aggressiva, con frontale aguzzo, profilo possente e coda filante. E&#8217; il ritratto della &#8220;piccola Ninja&#8221; 300 della Kawasaki, che \u00e8 gi\u00e0 in vetrina alla Concessionaria Tecnosport di Belluno in via Vittorio Veneto n.258. Rispetto al precedente modello 250R di cui ha preso il posto, la Ninja 300 \u00e8 una moto completamente nuova, ridisegnata nell&#8217;estetica, [&hellip;]\" \/>\n<meta property=\"og:url\" content=\"https:\/\/www.bellunopress.it\/fr\/2013\/03\/28\/alla-tecnosport-di-belluno-e-arrivata-la-piccola-ninja-della-kawasaki\/\" \/>\n<meta property=\"og:site_name\" content=\"Bellunopress - Dolomiti\" \/>\n<meta property=\"article:publisher\" content=\"https:\/\/www.facebook.com\/profile.php?id=100008943462799\" \/>\n<meta property=\"article:published_time\" content=\"2013-03-28T18:10:09+00:00\" \/>\n<meta property=\"og:image\" content=\"http:\/\/www.bellunopress.it\/wp-content\/uploads\/2013\/03\/kawasaki-ninja-300.jpg\" \/>\n<meta name=\"author\" content=\"redazione\" \/>\n<meta name=\"twitter:card\" content=\"summary_large_image\" \/>\n<meta name=\"twitter:creator\" content=\"@bellunopress\" \/>\n<meta name=\"twitter:site\" content=\"@bellunopress\" \/>\n<meta name=\"twitter:label1\" content=\"\u00c9crit par\" \/>\n\t<meta name=\"twitter:data1\" content=\"redazione\" \/>\n\t<meta name=\"twitter:label2\" content=\"Dur\u00e9e de lecture estim\u00e9e\" \/>\n\t<meta name=\"twitter:data2\" content=\"1 minute\" \/>\n<script type=\"application\/ld+json\" class=\"yoast-schema-graph\">{\"@context\":\"https:\\\/\\\/schema.org\",\"@graph\":[{\"@type\":\"Article\",\"@id\":\"https:\\\/\\\/www.bellunopress.it\\\/2013\\\/03\\\/28\\\/alla-tecnosport-di-belluno-e-arrivata-la-piccola-ninja-della-kawasaki\\\/#article\",\"isPartOf\":{\"@id\":\"https:\\\/\\\/www.bellunopress.it\\\/2013\\\/03\\\/28\\\/alla-tecnosport-di-belluno-e-arrivata-la-piccola-ninja-della-kawasaki\\\/\"},\"author\":{\"name\":\"redazione\",\"@id\":\"https:\\\/\\\/www.bellunopress.it\\\/#\\\/schema\\\/person\\\/79bb06722b37ece1c03d3e94beb30d73\"},\"headline\":\"Alla Tecnosport di Belluno \u00e8 arrivata la &#8220;piccola Ninja&#8221; della Kawasaki\",\"datePublished\":\"2013-03-28T18:10:09+00:00\",\"mainEntityOfPage\":{\"@id\":\"https:\\\/\\\/www.bellunopress.it\\\/2013\\\/03\\\/28\\\/alla-tecnosport-di-belluno-e-arrivata-la-piccola-ninja-della-kawasaki\\\/\"},\"wordCount\":214,\"publisher\":{\"@id\":\"https:\\\/\\\/www.bellunopress.it\\\/#organization\"},\"image\":{\"@id\":\"https:\\\/\\\/www.bellunopress.it\\\/2013\\\/03\\\/28\\\/alla-tecnosport-di-belluno-e-arrivata-la-piccola-ninja-della-kawasaki\\\/#primaryimage\"},\"thumbnailUrl\":\"http:\\\/\\\/www.bellunopress.it\\\/wp-content\\\/uploads\\\/2013\\\/03\\\/kawasaki-ninja-300.jpg\",\"articleSection\":[\"Pausa Caff\u00e8\",\"Pubbliredazionali\"],\"inLanguage\":\"fr-FR\"},{\"@type\":\"WebPage\",\"@id\":\"https:\\\/\\\/www.bellunopress.it\\\/2013\\\/03\\\/28\\\/alla-tecnosport-di-belluno-e-arrivata-la-piccola-ninja-della-kawasaki\\\/\",\"url\":\"https:\\\/\\\/www.bellunopress.it\\\/2013\\\/03\\\/28\\\/alla-tecnosport-di-belluno-e-arrivata-la-piccola-ninja-della-kawasaki\\\/\",\"name\":\"Alla Tecnosport di Belluno \u00e8 arrivata la \\\"piccola Ninja\\\" della Kawasaki - Bellunopress - Dolomiti\",\"isPartOf\":{\"@id\":\"https:\\\/\\\/www.bellunopress.it\\\/#website\"},\"primaryImageOfPage\":{\"@id\":\"https:\\\/\\\/www.bellunopress.it\\\/2013\\\/03\\\/28\\\/alla-tecnosport-di-belluno-e-arrivata-la-piccola-ninja-della-kawasaki\\\/#primaryimage\"},\"image\":{\"@id\":\"https:\\\/\\\/www.bellunopress.it\\\/2013\\\/03\\\/28\\\/alla-tecnosport-di-belluno-e-arrivata-la-piccola-ninja-della-kawasaki\\\/#primaryimage\"},\"thumbnailUrl\":\"http:\\\/\\\/www.bellunopress.it\\\/wp-content\\\/uploads\\\/2013\\\/03\\\/kawasaki-ninja-300.jpg\",\"datePublished\":\"2013-03-28T18:10:09+00:00\",\"breadcrumb\":{\"@id\":\"https:\\\/\\\/www.bellunopress.it\\\/2013\\\/03\\\/28\\\/alla-tecnosport-di-belluno-e-arrivata-la-piccola-ninja-della-kawasaki\\\/#breadcrumb\"},\"inLanguage\":\"fr-FR\",\"potentialAction\":[{\"@type\":\"ReadAction\",\"target\":[\"https:\\\/\\\/www.bellunopress.it\\\/2013\\\/03\\\/28\\\/alla-tecnosport-di-belluno-e-arrivata-la-piccola-ninja-della-kawasaki\\\/\"]}]},{\"@type\":\"ImageObject\",\"inLanguage\":\"fr-FR\",\"@id\":\"https:\\\/\\\/www.bellunopress.it\\\/2013\\\/03\\\/28\\\/alla-tecnosport-di-belluno-e-arrivata-la-piccola-ninja-della-kawasaki\\\/#primaryimage\",\"url\":\"http:\\\/\\\/www.bellunopress.it\\\/wp-content\\\/uploads\\\/2013\\\/03\\\/kawasaki-ninja-300.jpg\",\"contentUrl\":\"http:\\\/\\\/www.bellunopress.it\\\/wp-content\\\/uploads\\\/2013\\\/03\\\/kawasaki-ninja-300.jpg\"},{\"@type\":\"BreadcrumbList\",\"@id\":\"https:\\\/\\\/www.bellunopress.it\\\/2013\\\/03\\\/28\\\/alla-tecnosport-di-belluno-e-arrivata-la-piccola-ninja-della-kawasaki\\\/#breadcrumb\",\"itemListElement\":[{\"@type\":\"ListItem\",\"position\":1,\"name\":\"Home\",\"item\":\"https:\\\/\\\/www.bellunopress.it\\\/\"},{\"@type\":\"ListItem\",\"position\":2,\"name\":\"Alla Tecnosport di Belluno \u00e8 arrivata la &#8220;piccola Ninja&#8221; della Kawasaki\"}]},{\"@type\":\"WebSite\",\"@id\":\"https:\\\/\\\/www.bellunopress.it\\\/#website\",\"url\":\"https:\\\/\\\/www.bellunopress.it\\\/\",\"name\":\"Bellunopress - Dolomiti\",\"description\":\"e-mail: redazione@bellunopress.it\",\"publisher\":{\"@id\":\"https:\\\/\\\/www.bellunopress.it\\\/#organization\"},\"potentialAction\":[{\"@type\":\"SearchAction\",\"target\":{\"@type\":\"EntryPoint\",\"urlTemplate\":\"https:\\\/\\\/www.bellunopress.it\\\/?s={search_term_string}\"},\"query-input\":{\"@type\":\"PropertyValueSpecification\",\"valueRequired\":true,\"valueName\":\"search_term_string\"}}],\"inLanguage\":\"fr-FR\"},{\"@type\":\"Organization\",\"@id\":\"https:\\\/\\\/www.bellunopress.it\\\/#organization\",\"name\":\"Bellunopress\",\"url\":\"https:\\\/\\\/www.bellunopress.it\\\/\",\"logo\":{\"@type\":\"ImageObject\",\"inLanguage\":\"fr-FR\",\"@id\":\"https:\\\/\\\/www.bellunopress.it\\\/#\\\/schema\\\/logo\\\/image\\\/\",\"url\":\"https:\\\/\\\/www.bellunopress.it\\\/wp-content\\\/uploads\\\/2011\\\/05\\\/cropped-logo-bellunopress-.jpg\",\"contentUrl\":\"https:\\\/\\\/www.bellunopress.it\\\/wp-content\\\/uploads\\\/2011\\\/05\\\/cropped-logo-bellunopress-.jpg\",\"width\":512,\"height\":512,\"caption\":\"Bellunopress\"},\"image\":{\"@id\":\"https:\\\/\\\/www.bellunopress.it\\\/#\\\/schema\\\/logo\\\/image\\\/\"},\"sameAs\":[\"https:\\\/\\\/www.facebook.com\\\/profile.php?id=100008943462799\",\"https:\\\/\\\/x.com\\\/bellunopress\",\"https:\\\/\\\/www.linkedin.com\\\/hp\\\/?dnr=JBzUWaJfMUw8vbXJJ2tVW5-I3jZKvC4wsoxE&amp;amp;amp;amp;amp;amp;trk=nav_responsive_tab_home\",\"https:\\\/\\\/www.youtube.com\\\/channel\\\/UCxL0wu1uN0_3_7hGG0306cw\"]},{\"@type\":\"Person\",\"@id\":\"https:\\\/\\\/www.bellunopress.it\\\/#\\\/schema\\\/person\\\/79bb06722b37ece1c03d3e94beb30d73\",\"name\":\"redazione\",\"image\":{\"@type\":\"ImageObject\",\"inLanguage\":\"fr-FR\",\"@id\":\"https:\\\/\\\/secure.gravatar.com\\\/avatar\\\/37d968a2e67a6fd04c169c4bdef102d0bc5d31b2546345219e348575eb80e9a0?s=96&d=mm&r=g\",\"url\":\"https:\\\/\\\/secure.gravatar.com\\\/avatar\\\/37d968a2e67a6fd04c169c4bdef102d0bc5d31b2546345219e348575eb80e9a0?s=96&d=mm&r=g\",\"contentUrl\":\"https:\\\/\\\/secure.gravatar.com\\\/avatar\\\/37d968a2e67a6fd04c169c4bdef102d0bc5d31b2546345219e348575eb80e9a0?s=96&d=mm&r=g\",\"caption\":\"redazione\"},\"sameAs\":[\"http:\\\/\\\/www.bellunopress.it\",\"https:\\\/\\\/x.com\\\/bellunopress\"],\"url\":\"https:\\\/\\\/www.bellunopress.it\\\/fr\\\/author\\\/redazione\\\/\"}]}<\/script>\n<!-- \/ Yoast SEO plugin. -->","yoast_head_json":{"title":"Alla Tecnosport di Belluno \u00e8 arrivata la \"piccola Ninja\" della Kawasaki - Bellunopress - Dolomiti","robots":{"index":"index","follow":"follow","max-snippet":"max-snippet:-1","max-image-preview":"max-image-preview:large","max-video-preview":"max-video-preview:-1"},"canonical":"https:\/\/www.bellunopress.it\/fr\/2013\/03\/28\/alla-tecnosport-di-belluno-e-arrivata-la-piccola-ninja-della-kawasaki\/","og_locale":"fr_FR","og_type":"article","og_title":"Alla Tecnosport di Belluno \u00e8 arrivata la \"piccola Ninja\" della Kawasaki - Bellunopress - Dolomiti","og_description":"Linea aggressiva, con frontale aguzzo, profilo possente e coda filante. E&#8217; il ritratto della &#8220;piccola Ninja&#8221; 300 della Kawasaki, che \u00e8 gi\u00e0 in vetrina alla Concessionaria Tecnosport di Belluno in via Vittorio Veneto n.258. Rispetto al precedente modello 250R di cui ha preso il posto, la Ninja 300 \u00e8 una moto completamente nuova, ridisegnata nell&#8217;estetica, [&hellip;]","og_url":"https:\/\/www.bellunopress.it\/fr\/2013\/03\/28\/alla-tecnosport-di-belluno-e-arrivata-la-piccola-ninja-della-kawasaki\/","og_site_name":"Bellunopress - Dolomiti","article_publisher":"https:\/\/www.facebook.com\/profile.php?id=100008943462799","article_published_time":"2013-03-28T18:10:09+00:00","og_image":[{"url":"http:\/\/www.bellunopress.it\/wp-content\/uploads\/2013\/03\/kawasaki-ninja-300.jpg","type":"","width":"","height":""}],"author":"redazione","twitter_card":"summary_large_image","twitter_creator":"@bellunopress","twitter_site":"@bellunopress","twitter_misc":{"\u00c9crit par":"redazione","Dur\u00e9e de lecture estim\u00e9e":"1 minute"},"schema":{"@context":"https:\/\/schema.org","@graph":[{"@type":"Article","@id":"https:\/\/www.bellunopress.it\/2013\/03\/28\/alla-tecnosport-di-belluno-e-arrivata-la-piccola-ninja-della-kawasaki\/#article","isPartOf":{"@id":"https:\/\/www.bellunopress.it\/2013\/03\/28\/alla-tecnosport-di-belluno-e-arrivata-la-piccola-ninja-della-kawasaki\/"},"author":{"name":"redazione","@id":"https:\/\/www.bellunopress.it\/#\/schema\/person\/79bb06722b37ece1c03d3e94beb30d73"},"headline":"Alla Tecnosport di Belluno \u00e8 arrivata la &#8220;piccola Ninja&#8221; della Kawasaki","datePublished":"2013-03-28T18:10:09+00:00","mainEntityOfPage":{"@id":"https:\/\/www.bellunopress.it\/2013\/03\/28\/alla-tecnosport-di-belluno-e-arrivata-la-piccola-ninja-della-kawasaki\/"},"wordCount":214,"publisher":{"@id":"https:\/\/www.bellunopress.it\/#organization"},"image":{"@id":"https:\/\/www.bellunopress.it\/2013\/03\/28\/alla-tecnosport-di-belluno-e-arrivata-la-piccola-ninja-della-kawasaki\/#primaryimage"},"thumbnailUrl":"http:\/\/www.bellunopress.it\/wp-content\/uploads\/2013\/03\/kawasaki-ninja-300.jpg","articleSection":["Pausa Caff\u00e8","Pubbliredazionali"],"inLanguage":"fr-FR"},{"@type":"WebPage","@id":"https:\/\/www.bellunopress.it\/2013\/03\/28\/alla-tecnosport-di-belluno-e-arrivata-la-piccola-ninja-della-kawasaki\/","url":"https:\/\/www.bellunopress.it\/2013\/03\/28\/alla-tecnosport-di-belluno-e-arrivata-la-piccola-ninja-della-kawasaki\/","name":"Alla Tecnosport di Belluno \u00e8 arrivata la \"piccola Ninja\" della Kawasaki - Bellunopress - Dolomiti","isPartOf":{"@id":"https:\/\/www.bellunopress.it\/#website"},"primaryImageOfPage":{"@id":"https:\/\/www.bellunopress.it\/2013\/03\/28\/alla-tecnosport-di-belluno-e-arrivata-la-piccola-ninja-della-kawasaki\/#primaryimage"},"image":{"@id":"https:\/\/www.bellunopress.it\/2013\/03\/28\/alla-tecnosport-di-belluno-e-arrivata-la-piccola-ninja-della-kawasaki\/#primaryimage"},"thumbnailUrl":"http:\/\/www.bellunopress.it\/wp-content\/uploads\/2013\/03\/kawasaki-ninja-300.jpg","datePublished":"2013-03-28T18:10:09+00:00","breadcrumb":{"@id":"https:\/\/www.bellunopress.it\/2013\/03\/28\/alla-tecnosport-di-belluno-e-arrivata-la-piccola-ninja-della-kawasaki\/#breadcrumb"},"inLanguage":"fr-FR","potentialAction":[{"@type":"ReadAction","target":["https:\/\/www.bellunopress.it\/2013\/03\/28\/alla-tecnosport-di-belluno-e-arrivata-la-piccola-ninja-della-kawasaki\/"]}]},{"@type":"ImageObject","inLanguage":"fr-FR","@id":"https:\/\/www.bellunopress.it\/2013\/03\/28\/alla-tecnosport-di-belluno-e-arrivata-la-piccola-ninja-della-kawasaki\/#primaryimage","url":"http:\/\/www.bellunopress.it\/wp-content\/uploads\/2013\/03\/kawasaki-ninja-300.jpg","contentUrl":"http:\/\/www.bellunopress.it\/wp-content\/uploads\/2013\/03\/kawasaki-ninja-300.jpg"},{"@type":"BreadcrumbList","@id":"https:\/\/www.bellunopress.it\/2013\/03\/28\/alla-tecnosport-di-belluno-e-arrivata-la-piccola-ninja-della-kawasaki\/#breadcrumb","itemListElement":[{"@type":"ListItem","position":1,"name":"Home","item":"https:\/\/www.bellunopress.it\/"},{"@type":"ListItem","position":2,"name":"Alla Tecnosport di Belluno \u00e8 arrivata la &#8220;piccola Ninja&#8221; della Kawasaki"}]},{"@type":"WebSite","@id":"https:\/\/www.bellunopress.it\/#website","url":"https:\/\/www.bellunopress.it\/","name":"Bellunopress - Dolomiti","description":"e-mail: redazione@bellunopress.it","publisher":{"@id":"https:\/\/www.bellunopress.it\/#organization"},"potentialAction":[{"@type":"SearchAction","target":{"@type":"EntryPoint","urlTemplate":"https:\/\/www.bellunopress.it\/?s={search_term_string}"},"query-input":{"@type":"PropertyValueSpecification","valueRequired":true,"valueName":"search_term_string"}}],"inLanguage":"fr-FR"},{"@type":"Organization","@id":"https:\/\/www.bellunopress.it\/#organization","name":"Bellunopress","url":"https:\/\/www.bellunopress.it\/","logo":{"@type":"ImageObject","inLanguage":"fr-FR","@id":"https:\/\/www.bellunopress.it\/#\/schema\/logo\/image\/","url":"https:\/\/www.bellunopress.it\/wp-content\/uploads\/2011\/05\/cropped-logo-bellunopress-.jpg","contentUrl":"https:\/\/www.bellunopress.it\/wp-content\/uploads\/2011\/05\/cropped-logo-bellunopress-.jpg","width":512,"height":512,"caption":"Bellunopress"},"image":{"@id":"https:\/\/www.bellunopress.it\/#\/schema\/logo\/image\/"},"sameAs":["https:\/\/www.facebook.com\/profile.php?id=100008943462799","https:\/\/x.com\/bellunopress","https:\/\/www.linkedin.com\/hp\/?dnr=JBzUWaJfMUw8vbXJJ2tVW5-I3jZKvC4wsoxE&amp;amp;amp;amp;amp;amp;trk=nav_responsive_tab_home","https:\/\/www.youtube.com\/channel\/UCxL0wu1uN0_3_7hGG0306cw"]},{"@type":"Person","@id":"https:\/\/www.bellunopress.it\/#\/schema\/person\/79bb06722b37ece1c03d3e94beb30d73","name":"r\u00e9daction","image":{"@type":"ImageObject","inLanguage":"fr-FR","@id":"https:\/\/secure.gravatar.com\/avatar\/37d968a2e67a6fd04c169c4bdef102d0bc5d31b2546345219e348575eb80e9a0?s=96&d=mm&r=g","url":"https:\/\/secure.gravatar.com\/avatar\/37d968a2e67a6fd04c169c4bdef102d0bc5d31b2546345219e348575eb80e9a0?s=96&d=mm&r=g","contentUrl":"https:\/\/secure.gravatar.com\/avatar\/37d968a2e67a6fd04c169c4bdef102d0bc5d31b2546345219e348575eb80e9a0?s=96&d=mm&r=g","caption":"redazione"},"sameAs":["http:\/\/www.bellunopress.it","https:\/\/x.com\/bellunopress"],"url":"https:\/\/www.bellunopress.it\/fr\/author\/redazione\/"}]}},"_links":{"self":[{"href":"https:\/\/www.bellunopress.it\/fr\/wp-json\/wp\/v2\/posts\/48017","targetHints":{"allow":["GET"]}}],"collection":[{"href":"https:\/\/www.bellunopress.it\/fr\/wp-json\/wp\/v2\/posts"}],"about":[{"href":"https:\/\/www.bellunopress.it\/fr\/wp-json\/wp\/v2\/types\/post"}],"author":[{"embeddable":true,"href":"https:\/\/www.bellunopress.it\/fr\/wp-json\/wp\/v2\/users\/2"}],"replies":[{"embeddable":true,"href":"https:\/\/www.bellunopress.it\/fr\/wp-json\/wp\/v2\/comments?post=48017"}],"version-history":[{"count":1,"href":"https:\/\/www.bellunopress.it\/fr\/wp-json\/wp\/v2\/posts\/48017\/revisions"}],"predecessor-version":[{"id":48019,"href":"https:\/\/www.bellunopress.it\/fr\/wp-json\/wp\/v2\/posts\/48017\/revisions\/48019"}],"wp:attachment":[{"href":"https:\/\/www.bellunopress.it\/fr\/wp-json\/wp\/v2\/media?parent=48017"}],"wp:term":[{"taxonomy":"category","embeddable":true,"href":"https:\/\/www.bellunopress.it\/fr\/wp-json\/wp\/v2\/categories?post=48017"},{"taxonomy":"post_tag","embeddable":true,"href":"https:\/\/www.bellunopress.it\/fr\/wp-json\/wp\/v2\/tags?post=48017"}],"curies":[{"name":"wp","href":"https:\/\/api.w.org\/{rel}","templated":true}]}}