{"id":47960,"date":"2013-03-27T12:48:33","date_gmt":"2013-03-27T11:48:33","guid":{"rendered":"http:\/\/www.bellunopress.it\/?p=47960"},"modified":"2013-03-27T15:17:39","modified_gmt":"2013-03-27T14:17:39","slug":"ora-belluno-e-davvero-adorable-6-mesi-da-record-per-il-turismo","status":"publish","type":"post","link":"https:\/\/www.bellunopress.it\/fr\/2013\/03\/27\/ora-belluno-e-davvero-adorable-6-mesi-da-record-per-il-turismo\/","title":{"rendered":"Ora Belluno \u00e8 davvero \u201cAdorable\u201d: 6 mesi da record per il turismo"},"content":{"rendered":"<p>\u00abSi pu\u00f2 fare. Il turismo a Belluno \u00e8 una risorsa concreta e non un\u2019ipotesi\u00bb.<\/p>\n<p><a href=\"http:\/\/www.bellunopress.it\/wp-content\/uploads\/2012\/08\/adorable-belluno.jpg\"><img loading=\"lazy\" decoding=\"async\" class=\"alignleft size-full wp-image-41404\" alt=\"adorable belluno\" src=\"http:\/\/www.bellunopress.it\/wp-content\/uploads\/2012\/08\/adorable-belluno.jpg\" width=\"232\" height=\"300\" \/><\/a>Lo ha detto questa mattina\u00a0il sindaco di Belluno Jacopo Massaro e l&#8217;assessore al Turismo Valerio Tabacchi nell&#8217;illustrare i dati statistici sul turismo a Belluno.<\/p>\n<p>\u00abCome Amministrazione ci abbiamo creduto sino dal primo giorno del nostro mandato e l\u2019abbiamo dimostrato investendoci energie e risorse. Abbiamo passato i mesi estivi a convincere il tessuto imprenditoriale bellunese, da sempre abituato a concentrarsi sul manifatturiero e sui servizi, che anche il settore turistico pu\u00f2 rappresentare una nuova opportunit\u00e0 di business. Oggi i dati delle presenze turistiche rilevate nel periodo giugno-dicembre 2012 dimostrano che non ci siamo sbagliati\u00bb.<\/p>\n<p>Nell\u2019anno pi\u00f9 duro della crisi per l\u2019economia italiana, ivi compresa quella turistica, la citt\u00e0 di Belluno \u00e8 riuscita ad andare in controtendenza aumentando costantemente le presenze turistiche. A giugno l\u2019aumento \u00e8 stato contenuto +0,6%, da luglio registriamo invece dati importanti. Nei mesi estivi registriamo infatti decisi aumenti (luglio +9,8%, agosto +12,5% e settembre 8,4%) con l\u2019extra alberghiero (B&amp;B, Camping ed Appartamenti) che fa il boom a luglio ed agosto registrato un +19%. Gli alberghi invece dopo una leggera flessione a luglio, recuperano bene ad agosto (+2,3%) ma soprattutto a settembre (+7,3%).<\/p>\n<p><a href=\"http:\/\/www.bellunopress.it\/wp-content\/uploads\/2012\/12\/belluno-adorable.jpg\"><img loading=\"lazy\" decoding=\"async\" class=\"alignleft size-full wp-image-44392\" alt=\"belluno adorable\" src=\"http:\/\/www.bellunopress.it\/wp-content\/uploads\/2012\/12\/belluno-adorable.jpg\" width=\"300\" height=\"168\" \/><\/a>I dati migliori si registrano per\u00f2 in autunno e all\u2019inizio dell\u2019inverno dove grazie ai grandi eventi si registrano aumenti importanti sia a ottobre (+10,2%) che a novembre (+13%), con un vero a picco a dicembre (+21,2%) durante i mercatini natalizi e l\u2019apertura delle piste da sci in Nevegal. In questo periodo sono ottime le performance del settore extra alberghiero, sempre in aumento con il picco del 16,8% a dicembre, ma crescono soprattutto le presenze negli hotel bellunesi. +18,2% la crescita a ottobre, +17,4% a novembre e ben +25,2% a dicembre. Sono ben 84.570 le presenze turistiche registrate i citt\u00e0 in soli 6 mesi, di cui ben 16.603 pernottamenti di stranieri. Un dato molto positivo considerando che la citt\u00e0 nei 12 mesi del 2010 ha registrato 101.641 presenze e nei 12 mesi dell\u2019anno 2011 le presenze sono state 113.436. Il turismo a Belluno, in soli 6 mesi e considerando una spesa media giornaliera di 125 euro a persona, registra pertanto un giro d\u2019affari di oltre 10 milioni (10.571.250 euro per la precisione).<\/p>\n<p>Riguardo la provenienza dei flussi turistici a farla da padrone sono i turisti veneti (39.134 presenze), lombardi (6.091) ed emiliani (5.939). Tra i paesi stranieri si nota invece la Germania come primo paese con ben 4.261 presenze, seguiti dagli Usa con 1.357 presenze e dalla Francia con 1.311 presenze. Da segnalare la gran crescita di giapponesi, ben 566 i pernottamenti registrati. I mercati stranieri sono sicuramente il bacino d\u2019utenza da cui potranno nei prossimi anni arrivare un numero sempre maggiore di turisti, gi\u00e0 in questi 6 mesi infatti la crescita \u00e8 esponenziale. Sono state registrate infatti ben 16.603 presenze di turisti stranieri, in soli 6 mesi sono state pareggiate le presenze straniere del 2010.<\/p>\n<p>Per tale motivo, oltre al turismo sportivo sul Nevegal o in Valle dell\u2019Ardo, va valorizzato il turismo culturale grazie al patrimonio storico e paesaggistico del centro storico. Belluno deve riuscire a proporsi sia come citt\u00e0 alpina contornata dalle Dolomiti patrimonio Unesco che come met\u00e0 culturale all\u2019interno del circuito veneto. A tal riguardo grande impulso potr\u00e0 esserci anche grazie ai gemellaggi attivati con citt\u00e0 straniere o che stiamo per attivare. Il lavoro pertanto non si ferma qui, a breve presenteremo un restyling della attivit\u00e0 comunicazione iniziata col marchio Adorable (sito web costantemente aggiornato e arricchito, community sui social media di quasi 600.000 persone e nuovi materiale comunicazione) che sar\u00e0 potenziato con alcune nuove iniziative e stiamo sviluppando 3 importanti progetti turistici di rilancio della citt\u00e0 con particolare attenzione a 3 aree: Centro Storico, Nevegal-Castion e Valle dell\u2019Ardo.<\/p>","protected":false},"excerpt":{"rendered":"<p>\u00abSi pu\u00f2 fare. Il turismo a Belluno \u00e8 una risorsa concreta e non un\u2019ipotesi\u00bb. Lo ha detto questa mattina\u00a0il sindaco di Belluno Jacopo Massaro e l&#8217;assessore al Turismo Valerio Tabacchi nell&#8217;illustrare i dati statistici sul turismo a Belluno. \u00abCome Amministrazione ci abbiamo creduto sino dal primo giorno del nostro mandato e l\u2019abbiamo dimostrato investendoci energie [&hellip;]<\/p>\n","protected":false},"author":2,"featured_media":0,"comment_status":"closed","ping_status":"open","sticky":false,"template":"","format":"standard","meta":{"footnotes":""},"categories":[36,8],"tags":[],"class_list":["post-47960","post","type-post","status-publish","format-standard","category-lavoro-economia","category-societa-istituzioni"],"yoast_head":"<!-- This site is optimized with the Yoast SEO plugin v28.4 - https:\/\/yoast.com\/product\/yoast-seo-wordpress\/ -->\n<title>Ora Belluno \u00e8 davvero \u201cAdorable\u201d: 6 mesi da record per il turismo - Bellunopress - Dolomiti<\/title>\n<meta name=\"robots\" content=\"index, follow, max-snippet:-1, max-image-preview:large, max-video-preview:-1\" \/>\n<link rel=\"canonical\" href=\"https:\/\/www.bellunopress.it\/fr\/2013\/03\/27\/ora-belluno-e-davvero-adorable-6-mesi-da-record-per-il-turismo\/\" \/>\n<meta property=\"og:locale\" content=\"fr_FR\" \/>\n<meta property=\"og:type\" content=\"article\" \/>\n<meta property=\"og:title\" content=\"Ora Belluno \u00e8 davvero \u201cAdorable\u201d: 6 mesi da record per il turismo - Bellunopress - Dolomiti\" \/>\n<meta property=\"og:description\" content=\"\u00abSi pu\u00f2 fare. Il turismo a Belluno \u00e8 una risorsa concreta e non un\u2019ipotesi\u00bb. Lo ha detto questa mattina\u00a0il sindaco di Belluno Jacopo Massaro e l&#8217;assessore al Turismo Valerio Tabacchi nell&#8217;illustrare i dati statistici sul turismo a Belluno. \u00abCome Amministrazione ci abbiamo creduto sino dal primo giorno del nostro mandato e l\u2019abbiamo dimostrato investendoci energie [&hellip;]\" \/>\n<meta property=\"og:url\" content=\"https:\/\/www.bellunopress.it\/fr\/2013\/03\/27\/ora-belluno-e-davvero-adorable-6-mesi-da-record-per-il-turismo\/\" \/>\n<meta property=\"og:site_name\" content=\"Bellunopress - Dolomiti\" \/>\n<meta property=\"article:publisher\" content=\"https:\/\/www.facebook.com\/profile.php?id=100008943462799\" \/>\n<meta property=\"article:published_time\" content=\"2013-03-27T11:48:33+00:00\" \/>\n<meta property=\"article:modified_time\" content=\"2013-03-27T14:17:39+00:00\" \/>\n<meta property=\"og:image\" content=\"http:\/\/www.bellunopress.it\/wp-content\/uploads\/2012\/08\/adorable-belluno.jpg\" \/>\n<meta name=\"author\" content=\"redazione\" \/>\n<meta name=\"twitter:card\" content=\"summary_large_image\" \/>\n<meta name=\"twitter:creator\" content=\"@bellunopress\" \/>\n<meta name=\"twitter:site\" content=\"@bellunopress\" \/>\n<meta name=\"twitter:label1\" content=\"\u00c9crit par\" \/>\n\t<meta name=\"twitter:data1\" content=\"redazione\" \/>\n\t<meta name=\"twitter:label2\" content=\"Dur\u00e9e de lecture estim\u00e9e\" \/>\n\t<meta name=\"twitter:data2\" content=\"3 minutes\" \/>\n<script type=\"application\/ld+json\" class=\"yoast-schema-graph\">{\"@context\":\"https:\\\/\\\/schema.org\",\"@graph\":[{\"@type\":\"Article\",\"@id\":\"https:\\\/\\\/www.bellunopress.it\\\/2013\\\/03\\\/27\\\/ora-belluno-e-davvero-adorable-6-mesi-da-record-per-il-turismo\\\/#article\",\"isPartOf\":{\"@id\":\"https:\\\/\\\/www.bellunopress.it\\\/2013\\\/03\\\/27\\\/ora-belluno-e-davvero-adorable-6-mesi-da-record-per-il-turismo\\\/\"},\"author\":{\"name\":\"redazione\",\"@id\":\"https:\\\/\\\/www.bellunopress.it\\\/#\\\/schema\\\/person\\\/79bb06722b37ece1c03d3e94beb30d73\"},\"headline\":\"Ora Belluno \u00e8 davvero \u201cAdorable\u201d: 6 mesi da record per il turismo\",\"datePublished\":\"2013-03-27T11:48:33+00:00\",\"dateModified\":\"2013-03-27T14:17:39+00:00\",\"mainEntityOfPage\":{\"@id\":\"https:\\\/\\\/www.bellunopress.it\\\/2013\\\/03\\\/27\\\/ora-belluno-e-davvero-adorable-6-mesi-da-record-per-il-turismo\\\/\"},\"wordCount\":603,\"publisher\":{\"@id\":\"https:\\\/\\\/www.bellunopress.it\\\/#organization\"},\"image\":{\"@id\":\"https:\\\/\\\/www.bellunopress.it\\\/2013\\\/03\\\/27\\\/ora-belluno-e-davvero-adorable-6-mesi-da-record-per-il-turismo\\\/#primaryimage\"},\"thumbnailUrl\":\"http:\\\/\\\/www.bellunopress.it\\\/wp-content\\\/uploads\\\/2012\\\/08\\\/adorable-belluno.jpg\",\"articleSection\":[\"Lavoro, Economia, Turismo\",\"Societ\u00e0, Associazioni, Istituzioni\"],\"inLanguage\":\"fr-FR\"},{\"@type\":\"WebPage\",\"@id\":\"https:\\\/\\\/www.bellunopress.it\\\/2013\\\/03\\\/27\\\/ora-belluno-e-davvero-adorable-6-mesi-da-record-per-il-turismo\\\/\",\"url\":\"https:\\\/\\\/www.bellunopress.it\\\/2013\\\/03\\\/27\\\/ora-belluno-e-davvero-adorable-6-mesi-da-record-per-il-turismo\\\/\",\"name\":\"Ora Belluno \u00e8 davvero \u201cAdorable\u201d: 6 mesi da record per il turismo - Bellunopress - Dolomiti\",\"isPartOf\":{\"@id\":\"https:\\\/\\\/www.bellunopress.it\\\/#website\"},\"primaryImageOfPage\":{\"@id\":\"https:\\\/\\\/www.bellunopress.it\\\/2013\\\/03\\\/27\\\/ora-belluno-e-davvero-adorable-6-mesi-da-record-per-il-turismo\\\/#primaryimage\"},\"image\":{\"@id\":\"https:\\\/\\\/www.bellunopress.it\\\/2013\\\/03\\\/27\\\/ora-belluno-e-davvero-adorable-6-mesi-da-record-per-il-turismo\\\/#primaryimage\"},\"thumbnailUrl\":\"http:\\\/\\\/www.bellunopress.it\\\/wp-content\\\/uploads\\\/2012\\\/08\\\/adorable-belluno.jpg\",\"datePublished\":\"2013-03-27T11:48:33+00:00\",\"dateModified\":\"2013-03-27T14:17:39+00:00\",\"breadcrumb\":{\"@id\":\"https:\\\/\\\/www.bellunopress.it\\\/2013\\\/03\\\/27\\\/ora-belluno-e-davvero-adorable-6-mesi-da-record-per-il-turismo\\\/#breadcrumb\"},\"inLanguage\":\"fr-FR\",\"potentialAction\":[{\"@type\":\"ReadAction\",\"target\":[\"https:\\\/\\\/www.bellunopress.it\\\/2013\\\/03\\\/27\\\/ora-belluno-e-davvero-adorable-6-mesi-da-record-per-il-turismo\\\/\"]}]},{\"@type\":\"ImageObject\",\"inLanguage\":\"fr-FR\",\"@id\":\"https:\\\/\\\/www.bellunopress.it\\\/2013\\\/03\\\/27\\\/ora-belluno-e-davvero-adorable-6-mesi-da-record-per-il-turismo\\\/#primaryimage\",\"url\":\"http:\\\/\\\/www.bellunopress.it\\\/wp-content\\\/uploads\\\/2012\\\/08\\\/adorable-belluno.jpg\",\"contentUrl\":\"http:\\\/\\\/www.bellunopress.it\\\/wp-content\\\/uploads\\\/2012\\\/08\\\/adorable-belluno.jpg\"},{\"@type\":\"BreadcrumbList\",\"@id\":\"https:\\\/\\\/www.bellunopress.it\\\/2013\\\/03\\\/27\\\/ora-belluno-e-davvero-adorable-6-mesi-da-record-per-il-turismo\\\/#breadcrumb\",\"itemListElement\":[{\"@type\":\"ListItem\",\"position\":1,\"name\":\"Home\",\"item\":\"https:\\\/\\\/www.bellunopress.it\\\/\"},{\"@type\":\"ListItem\",\"position\":2,\"name\":\"Ora Belluno \u00e8 davvero \u201cAdorable\u201d: 6 mesi da record per il turismo\"}]},{\"@type\":\"WebSite\",\"@id\":\"https:\\\/\\\/www.bellunopress.it\\\/#website\",\"url\":\"https:\\\/\\\/www.bellunopress.it\\\/\",\"name\":\"Bellunopress - Dolomiti\",\"description\":\"e-mail: redazione@bellunopress.it\",\"publisher\":{\"@id\":\"https:\\\/\\\/www.bellunopress.it\\\/#organization\"},\"potentialAction\":[{\"@type\":\"SearchAction\",\"target\":{\"@type\":\"EntryPoint\",\"urlTemplate\":\"https:\\\/\\\/www.bellunopress.it\\\/?s={search_term_string}\"},\"query-input\":{\"@type\":\"PropertyValueSpecification\",\"valueRequired\":true,\"valueName\":\"search_term_string\"}}],\"inLanguage\":\"fr-FR\"},{\"@type\":\"Organization\",\"@id\":\"https:\\\/\\\/www.bellunopress.it\\\/#organization\",\"name\":\"Bellunopress\",\"url\":\"https:\\\/\\\/www.bellunopress.it\\\/\",\"logo\":{\"@type\":\"ImageObject\",\"inLanguage\":\"fr-FR\",\"@id\":\"https:\\\/\\\/www.bellunopress.it\\\/#\\\/schema\\\/logo\\\/image\\\/\",\"url\":\"https:\\\/\\\/www.bellunopress.it\\\/wp-content\\\/uploads\\\/2011\\\/05\\\/cropped-logo-bellunopress-.jpg\",\"contentUrl\":\"https:\\\/\\\/www.bellunopress.it\\\/wp-content\\\/uploads\\\/2011\\\/05\\\/cropped-logo-bellunopress-.jpg\",\"width\":512,\"height\":512,\"caption\":\"Bellunopress\"},\"image\":{\"@id\":\"https:\\\/\\\/www.bellunopress.it\\\/#\\\/schema\\\/logo\\\/image\\\/\"},\"sameAs\":[\"https:\\\/\\\/www.facebook.com\\\/profile.php?id=100008943462799\",\"https:\\\/\\\/x.com\\\/bellunopress\",\"https:\\\/\\\/www.linkedin.com\\\/hp\\\/?dnr=JBzUWaJfMUw8vbXJJ2tVW5-I3jZKvC4wsoxE&amp;amp;amp;amp;amp;amp;trk=nav_responsive_tab_home\",\"https:\\\/\\\/www.youtube.com\\\/channel\\\/UCxL0wu1uN0_3_7hGG0306cw\"]},{\"@type\":\"Person\",\"@id\":\"https:\\\/\\\/www.bellunopress.it\\\/#\\\/schema\\\/person\\\/79bb06722b37ece1c03d3e94beb30d73\",\"name\":\"redazione\",\"image\":{\"@type\":\"ImageObject\",\"inLanguage\":\"fr-FR\",\"@id\":\"https:\\\/\\\/secure.gravatar.com\\\/avatar\\\/37d968a2e67a6fd04c169c4bdef102d0bc5d31b2546345219e348575eb80e9a0?s=96&d=mm&r=g\",\"url\":\"https:\\\/\\\/secure.gravatar.com\\\/avatar\\\/37d968a2e67a6fd04c169c4bdef102d0bc5d31b2546345219e348575eb80e9a0?s=96&d=mm&r=g\",\"contentUrl\":\"https:\\\/\\\/secure.gravatar.com\\\/avatar\\\/37d968a2e67a6fd04c169c4bdef102d0bc5d31b2546345219e348575eb80e9a0?s=96&d=mm&r=g\",\"caption\":\"redazione\"},\"sameAs\":[\"http:\\\/\\\/www.bellunopress.it\",\"https:\\\/\\\/x.com\\\/bellunopress\"],\"url\":\"https:\\\/\\\/www.bellunopress.it\\\/fr\\\/author\\\/redazione\\\/\"}]}<\/script>\n<!-- \/ Yoast SEO plugin. -->","yoast_head_json":{"title":"Ora Belluno \u00e8 davvero \u201cAdorable\u201d: 6 mesi da record per il turismo - Bellunopress - Dolomiti","robots":{"index":"index","follow":"follow","max-snippet":"max-snippet:-1","max-image-preview":"max-image-preview:large","max-video-preview":"max-video-preview:-1"},"canonical":"https:\/\/www.bellunopress.it\/fr\/2013\/03\/27\/ora-belluno-e-davvero-adorable-6-mesi-da-record-per-il-turismo\/","og_locale":"fr_FR","og_type":"article","og_title":"Ora Belluno \u00e8 davvero \u201cAdorable\u201d: 6 mesi da record per il turismo - Bellunopress - Dolomiti","og_description":"\u00abSi pu\u00f2 fare. Il turismo a Belluno \u00e8 una risorsa concreta e non un\u2019ipotesi\u00bb. Lo ha detto questa mattina\u00a0il sindaco di Belluno Jacopo Massaro e l&#8217;assessore al Turismo Valerio Tabacchi nell&#8217;illustrare i dati statistici sul turismo a Belluno. \u00abCome Amministrazione ci abbiamo creduto sino dal primo giorno del nostro mandato e l\u2019abbiamo dimostrato investendoci energie [&hellip;]","og_url":"https:\/\/www.bellunopress.it\/fr\/2013\/03\/27\/ora-belluno-e-davvero-adorable-6-mesi-da-record-per-il-turismo\/","og_site_name":"Bellunopress - Dolomiti","article_publisher":"https:\/\/www.facebook.com\/profile.php?id=100008943462799","article_published_time":"2013-03-27T11:48:33+00:00","article_modified_time":"2013-03-27T14:17:39+00:00","og_image":[{"url":"http:\/\/www.bellunopress.it\/wp-content\/uploads\/2012\/08\/adorable-belluno.jpg","type":"","width":"","height":""}],"author":"redazione","twitter_card":"summary_large_image","twitter_creator":"@bellunopress","twitter_site":"@bellunopress","twitter_misc":{"\u00c9crit par":"redazione","Dur\u00e9e de lecture estim\u00e9e":"3 minutes"},"schema":{"@context":"https:\/\/schema.org","@graph":[{"@type":"Article","@id":"https:\/\/www.bellunopress.it\/2013\/03\/27\/ora-belluno-e-davvero-adorable-6-mesi-da-record-per-il-turismo\/#article","isPartOf":{"@id":"https:\/\/www.bellunopress.it\/2013\/03\/27\/ora-belluno-e-davvero-adorable-6-mesi-da-record-per-il-turismo\/"},"author":{"name":"redazione","@id":"https:\/\/www.bellunopress.it\/#\/schema\/person\/79bb06722b37ece1c03d3e94beb30d73"},"headline":"Ora Belluno \u00e8 davvero \u201cAdorable\u201d: 6 mesi da record per il turismo","datePublished":"2013-03-27T11:48:33+00:00","dateModified":"2013-03-27T14:17:39+00:00","mainEntityOfPage":{"@id":"https:\/\/www.bellunopress.it\/2013\/03\/27\/ora-belluno-e-davvero-adorable-6-mesi-da-record-per-il-turismo\/"},"wordCount":603,"publisher":{"@id":"https:\/\/www.bellunopress.it\/#organization"},"image":{"@id":"https:\/\/www.bellunopress.it\/2013\/03\/27\/ora-belluno-e-davvero-adorable-6-mesi-da-record-per-il-turismo\/#primaryimage"},"thumbnailUrl":"http:\/\/www.bellunopress.it\/wp-content\/uploads\/2012\/08\/adorable-belluno.jpg","articleSection":["Lavoro, Economia, Turismo","Societ\u00e0, Associazioni, Istituzioni"],"inLanguage":"fr-FR"},{"@type":"WebPage","@id":"https:\/\/www.bellunopress.it\/2013\/03\/27\/ora-belluno-e-davvero-adorable-6-mesi-da-record-per-il-turismo\/","url":"https:\/\/www.bellunopress.it\/2013\/03\/27\/ora-belluno-e-davvero-adorable-6-mesi-da-record-per-il-turismo\/","name":"Ora Belluno \u00e8 davvero \u201cAdorable\u201d: 6 mesi da record per il turismo - Bellunopress - Dolomiti","isPartOf":{"@id":"https:\/\/www.bellunopress.it\/#website"},"primaryImageOfPage":{"@id":"https:\/\/www.bellunopress.it\/2013\/03\/27\/ora-belluno-e-davvero-adorable-6-mesi-da-record-per-il-turismo\/#primaryimage"},"image":{"@id":"https:\/\/www.bellunopress.it\/2013\/03\/27\/ora-belluno-e-davvero-adorable-6-mesi-da-record-per-il-turismo\/#primaryimage"},"thumbnailUrl":"http:\/\/www.bellunopress.it\/wp-content\/uploads\/2012\/08\/adorable-belluno.jpg","datePublished":"2013-03-27T11:48:33+00:00","dateModified":"2013-03-27T14:17:39+00:00","breadcrumb":{"@id":"https:\/\/www.bellunopress.it\/2013\/03\/27\/ora-belluno-e-davvero-adorable-6-mesi-da-record-per-il-turismo\/#breadcrumb"},"inLanguage":"fr-FR","potentialAction":[{"@type":"ReadAction","target":["https:\/\/www.bellunopress.it\/2013\/03\/27\/ora-belluno-e-davvero-adorable-6-mesi-da-record-per-il-turismo\/"]}]},{"@type":"ImageObject","inLanguage":"fr-FR","@id":"https:\/\/www.bellunopress.it\/2013\/03\/27\/ora-belluno-e-davvero-adorable-6-mesi-da-record-per-il-turismo\/#primaryimage","url":"http:\/\/www.bellunopress.it\/wp-content\/uploads\/2012\/08\/adorable-belluno.jpg","contentUrl":"http:\/\/www.bellunopress.it\/wp-content\/uploads\/2012\/08\/adorable-belluno.jpg"},{"@type":"BreadcrumbList","@id":"https:\/\/www.bellunopress.it\/2013\/03\/27\/ora-belluno-e-davvero-adorable-6-mesi-da-record-per-il-turismo\/#breadcrumb","itemListElement":[{"@type":"ListItem","position":1,"name":"Home","item":"https:\/\/www.bellunopress.it\/"},{"@type":"ListItem","position":2,"name":"Ora Belluno \u00e8 davvero \u201cAdorable\u201d: 6 mesi da record per il turismo"}]},{"@type":"WebSite","@id":"https:\/\/www.bellunopress.it\/#website","url":"https:\/\/www.bellunopress.it\/","name":"Bellunopress - Dolomiti","description":"e-mail: redazione@bellunopress.it","publisher":{"@id":"https:\/\/www.bellunopress.it\/#organization"},"potentialAction":[{"@type":"SearchAction","target":{"@type":"EntryPoint","urlTemplate":"https:\/\/www.bellunopress.it\/?s={search_term_string}"},"query-input":{"@type":"PropertyValueSpecification","valueRequired":true,"valueName":"search_term_string"}}],"inLanguage":"fr-FR"},{"@type":"Organization","@id":"https:\/\/www.bellunopress.it\/#organization","name":"Bellunopress","url":"https:\/\/www.bellunopress.it\/","logo":{"@type":"ImageObject","inLanguage":"fr-FR","@id":"https:\/\/www.bellunopress.it\/#\/schema\/logo\/image\/","url":"https:\/\/www.bellunopress.it\/wp-content\/uploads\/2011\/05\/cropped-logo-bellunopress-.jpg","contentUrl":"https:\/\/www.bellunopress.it\/wp-content\/uploads\/2011\/05\/cropped-logo-bellunopress-.jpg","width":512,"height":512,"caption":"Bellunopress"},"image":{"@id":"https:\/\/www.bellunopress.it\/#\/schema\/logo\/image\/"},"sameAs":["https:\/\/www.facebook.com\/profile.php?id=100008943462799","https:\/\/x.com\/bellunopress","https:\/\/www.linkedin.com\/hp\/?dnr=JBzUWaJfMUw8vbXJJ2tVW5-I3jZKvC4wsoxE&amp;amp;amp;amp;amp;amp;trk=nav_responsive_tab_home","https:\/\/www.youtube.com\/channel\/UCxL0wu1uN0_3_7hGG0306cw"]},{"@type":"Person","@id":"https:\/\/www.bellunopress.it\/#\/schema\/person\/79bb06722b37ece1c03d3e94beb30d73","name":"r\u00e9daction","image":{"@type":"ImageObject","inLanguage":"fr-FR","@id":"https:\/\/secure.gravatar.com\/avatar\/37d968a2e67a6fd04c169c4bdef102d0bc5d31b2546345219e348575eb80e9a0?s=96&d=mm&r=g","url":"https:\/\/secure.gravatar.com\/avatar\/37d968a2e67a6fd04c169c4bdef102d0bc5d31b2546345219e348575eb80e9a0?s=96&d=mm&r=g","contentUrl":"https:\/\/secure.gravatar.com\/avatar\/37d968a2e67a6fd04c169c4bdef102d0bc5d31b2546345219e348575eb80e9a0?s=96&d=mm&r=g","caption":"redazione"},"sameAs":["http:\/\/www.bellunopress.it","https:\/\/x.com\/bellunopress"],"url":"https:\/\/www.bellunopress.it\/fr\/author\/redazione\/"}]}},"_links":{"self":[{"href":"https:\/\/www.bellunopress.it\/fr\/wp-json\/wp\/v2\/posts\/47960","targetHints":{"allow":["GET"]}}],"collection":[{"href":"https:\/\/www.bellunopress.it\/fr\/wp-json\/wp\/v2\/posts"}],"about":[{"href":"https:\/\/www.bellunopress.it\/fr\/wp-json\/wp\/v2\/types\/post"}],"author":[{"embeddable":true,"href":"https:\/\/www.bellunopress.it\/fr\/wp-json\/wp\/v2\/users\/2"}],"replies":[{"embeddable":true,"href":"https:\/\/www.bellunopress.it\/fr\/wp-json\/wp\/v2\/comments?post=47960"}],"version-history":[{"count":4,"href":"https:\/\/www.bellunopress.it\/fr\/wp-json\/wp\/v2\/posts\/47960\/revisions"}],"predecessor-version":[{"id":47963,"href":"https:\/\/www.bellunopress.it\/fr\/wp-json\/wp\/v2\/posts\/47960\/revisions\/47963"}],"wp:attachment":[{"href":"https:\/\/www.bellunopress.it\/fr\/wp-json\/wp\/v2\/media?parent=47960"}],"wp:term":[{"taxonomy":"category","embeddable":true,"href":"https:\/\/www.bellunopress.it\/fr\/wp-json\/wp\/v2\/categories?post=47960"},{"taxonomy":"post_tag","embeddable":true,"href":"https:\/\/www.bellunopress.it\/fr\/wp-json\/wp\/v2\/tags?post=47960"}],"curies":[{"name":"wp","href":"https:\/\/api.w.org\/{rel}","templated":true}]}}