{"id":47933,"date":"2013-03-26T18:18:58","date_gmt":"2013-03-26T17:18:58","guid":{"rendered":"http:\/\/www.bellunopress.it\/?p=47933"},"modified":"2013-03-26T18:18:58","modified_gmt":"2013-03-26T17:18:58","slug":"corpo-forestale-dello-stato-e-polizia-provinciale-di-belluno-salvano-un-cervo-in-val-zoldana","status":"publish","type":"post","link":"https:\/\/www.bellunopress.it\/fr\/2013\/03\/26\/corpo-forestale-dello-stato-e-polizia-provinciale-di-belluno-salvano-un-cervo-in-val-zoldana\/","title":{"rendered":"Corpo Forestale dello Stato e Polizia Provinciale di Belluno salvano un cervo in Val Zoldana"},"content":{"rendered":"<p><a href=\"http:\/\/www.bellunopress.it\/wp-content\/uploads\/2013\/03\/salvataggio-cervo.jpg\"><img loading=\"lazy\" decoding=\"async\" class=\"alignleft size-full wp-image-47934\" alt=\"salvataggio cervo\" src=\"http:\/\/www.bellunopress.it\/wp-content\/uploads\/2013\/03\/salvataggio-cervo.jpg\" width=\"290\" height=\"222\" \/><\/a>La scorsa mattina una piccola femmina di cervo in difficolt\u00e0 \u00e8 stata salvata dal pronto intervento congiunto degli uomini del Corpo Forestale dello Stato e della Polizia Provinciale che operano in provincia di Belluno.<\/p>\n<p>La piccola di cervo, che per l\u2019occasione \u00e8 stata chiamata \u201cBiancaneve\u201d, presumibilmente nata nel giugno dello scorso anno, si \u00e8 trovata ad affrontare le abbondanti nevicate che hanno colpito pi\u00f9 volte quest\u2019inverno tutta la provincia bellunese.<br \/>\nL\u2019animale, nell\u2019affrontare il manto bianco dell&#8217;altezza di oltre un metro lungo le ripide pendici montuose della Val Zoldana, si \u00e8 trovato in grandi difficolt\u00e0 fino a quando, stremato dalla fatica, si \u00e8 adagiato nell&#8217;alveo del torrente Ma\u00e8, su una lingua di neve larga non pi\u00f9 di due metri e lunga circa venti, sotto la spalla di un ponte a ridosso del paese.<br \/>\nPreoccupati della situazione, gli abitanti del luogo hanno avvisato la Polizia Provinciale che \u00e8 intervenuta \u00a0congiuntamente al personale del Corpo Forestale dello Stato del Coordinamento Territoriale per l\u2019Ambiente di Feltre, Comando Stazione di Termine di Cadore.<br \/>\nGli uomini dei due Corpi, equipaggiati di stivali, corde, reti ed altro materiale atto ad immobilizzare l&#8217;animale, si calano lungo le impervie sponde del torrente per prestare soccorso al cervo.<br \/>\nUna volta immobilizzato, il cervo viene messo in sicurezza e trasportato con un mezzo del Corpo Forestale dello Stato ad alcuni chilometri di distanza dal luogo del ritrovamento. Dove successivamente \u00e8 stato liberato nel suo ambiente naturale e selvaggio, nel quale potr\u00e0 riprendere tutte le energie fisiche perdute.<br \/>\nOra, costantemente monitorato, avr\u00e0 tutto il tempo per rinvigorirsi e per prepararsi ad affrontare autonomamente e al meglio il prossimo inverno, comunque esso sar\u00e0.<\/p>\n<p>&nbsp;<\/p>\n<p>le immagini del salvataggio del cervo realizzate dal Corpo forestale dello Stato<\/p>\n<p><a href=\"http:\/\/youtu.be\/OYRXfUF9bQA\">http:\/\/youtu.be\/OYRXfUF9bQA<\/a><br \/>\n<a href=\"http:\/\/youtu.be\/R3Pbto99TWU\">http:\/\/youtu.be\/R3Pbto99TWU<\/a><br \/>\n<a href=\"http:\/\/youtu.be\/c1mXBsY8XNg\">http:\/\/youtu.be\/c1mXBsY8XNg<\/a><br \/>\n<a href=\"http:\/\/youtu.be\/wUdhoIxV7X0\">http:\/\/youtu.be\/wUdhoIxV7X0<\/a><br \/>\n<a href=\"http:\/\/youtu.be\/QelnW1nxvgs\">http:\/\/youtu.be\/QelnW1nxvgs<\/a><br \/>\n<a href=\"http:\/\/youtu.be\/mqTBEj7bfsA\">http:\/\/youtu.be\/mqTBEj7bfsA<\/a><br \/>\n<a href=\"http:\/\/youtu.be\/SWapeg01IPU\">http:\/\/youtu.be\/SWapeg01IPU<\/a><\/p>\n<p>&nbsp;<\/p>\n<p>&nbsp;<\/p>\n<p>&nbsp;<\/p>","protected":false},"excerpt":{"rendered":"<p>La scorsa mattina una piccola femmina di cervo in difficolt\u00e0 \u00e8 stata salvata dal pronto intervento congiunto degli uomini del Corpo Forestale dello Stato e della Polizia Provinciale che operano in provincia di Belluno. La piccola di cervo, che per l\u2019occasione \u00e8 stata chiamata \u201cBiancaneve\u201d, presumibilmente nata nel giugno dello scorso anno, si \u00e8 trovata [&hellip;]<\/p>\n","protected":false},"author":2,"featured_media":0,"comment_status":"closed","ping_status":"open","sticky":false,"template":"","format":"standard","meta":{"footnotes":""},"categories":[1],"tags":[],"class_list":["post-47933","post","type-post","status-publish","format-standard","category-leo"],"yoast_head":"<!-- This site is optimized with the Yoast SEO plugin v28.4 - https:\/\/yoast.com\/product\/yoast-seo-wordpress\/ -->\n<title>Corpo Forestale dello Stato e Polizia Provinciale di Belluno salvano un cervo in Val Zoldana - Bellunopress - Dolomiti<\/title>\n<meta name=\"robots\" content=\"index, follow, max-snippet:-1, max-image-preview:large, max-video-preview:-1\" \/>\n<link rel=\"canonical\" href=\"https:\/\/www.bellunopress.it\/fr\/2013\/03\/26\/corpo-forestale-dello-stato-e-polizia-provinciale-di-belluno-salvano-un-cervo-in-val-zoldana\/\" \/>\n<meta property=\"og:locale\" content=\"fr_FR\" \/>\n<meta property=\"og:type\" content=\"article\" \/>\n<meta property=\"og:title\" content=\"Corpo Forestale dello Stato e Polizia Provinciale di Belluno salvano un cervo in Val Zoldana - Bellunopress - Dolomiti\" \/>\n<meta property=\"og:description\" content=\"La scorsa mattina una piccola femmina di cervo in difficolt\u00e0 \u00e8 stata salvata dal pronto intervento congiunto degli uomini del Corpo Forestale dello Stato e della Polizia Provinciale che operano in provincia di Belluno. La piccola di cervo, che per l\u2019occasione \u00e8 stata chiamata \u201cBiancaneve\u201d, presumibilmente nata nel giugno dello scorso anno, si \u00e8 trovata [&hellip;]\" \/>\n<meta property=\"og:url\" content=\"https:\/\/www.bellunopress.it\/fr\/2013\/03\/26\/corpo-forestale-dello-stato-e-polizia-provinciale-di-belluno-salvano-un-cervo-in-val-zoldana\/\" \/>\n<meta property=\"og:site_name\" content=\"Bellunopress - Dolomiti\" \/>\n<meta property=\"article:publisher\" content=\"https:\/\/www.facebook.com\/profile.php?id=100008943462799\" \/>\n<meta property=\"article:published_time\" content=\"2013-03-26T17:18:58+00:00\" \/>\n<meta property=\"og:image\" content=\"http:\/\/www.bellunopress.it\/wp-content\/uploads\/2013\/03\/salvataggio-cervo.jpg\" \/>\n<meta name=\"author\" content=\"redazione\" \/>\n<meta name=\"twitter:card\" content=\"summary_large_image\" \/>\n<meta name=\"twitter:creator\" content=\"@bellunopress\" \/>\n<meta name=\"twitter:site\" content=\"@bellunopress\" \/>\n<meta name=\"twitter:label1\" content=\"\u00c9crit par\" \/>\n\t<meta name=\"twitter:data1\" content=\"redazione\" \/>\n\t<meta name=\"twitter:label2\" content=\"Dur\u00e9e de lecture estim\u00e9e\" \/>\n\t<meta name=\"twitter:data2\" content=\"2 minutes\" \/>\n<script type=\"application\/ld+json\" class=\"yoast-schema-graph\">{\"@context\":\"https:\\\/\\\/schema.org\",\"@graph\":[{\"@type\":\"Article\",\"@id\":\"https:\\\/\\\/www.bellunopress.it\\\/2013\\\/03\\\/26\\\/corpo-forestale-dello-stato-e-polizia-provinciale-di-belluno-salvano-un-cervo-in-val-zoldana\\\/#article\",\"isPartOf\":{\"@id\":\"https:\\\/\\\/www.bellunopress.it\\\/2013\\\/03\\\/26\\\/corpo-forestale-dello-stato-e-polizia-provinciale-di-belluno-salvano-un-cervo-in-val-zoldana\\\/\"},\"author\":{\"name\":\"redazione\",\"@id\":\"https:\\\/\\\/www.bellunopress.it\\\/#\\\/schema\\\/person\\\/79bb06722b37ece1c03d3e94beb30d73\"},\"headline\":\"Corpo Forestale dello Stato e Polizia Provinciale di Belluno salvano un cervo in Val Zoldana\",\"datePublished\":\"2013-03-26T17:18:58+00:00\",\"mainEntityOfPage\":{\"@id\":\"https:\\\/\\\/www.bellunopress.it\\\/2013\\\/03\\\/26\\\/corpo-forestale-dello-stato-e-polizia-provinciale-di-belluno-salvano-un-cervo-in-val-zoldana\\\/\"},\"wordCount\":339,\"publisher\":{\"@id\":\"https:\\\/\\\/www.bellunopress.it\\\/#organization\"},\"image\":{\"@id\":\"https:\\\/\\\/www.bellunopress.it\\\/2013\\\/03\\\/26\\\/corpo-forestale-dello-stato-e-polizia-provinciale-di-belluno-salvano-un-cervo-in-val-zoldana\\\/#primaryimage\"},\"thumbnailUrl\":\"http:\\\/\\\/www.bellunopress.it\\\/wp-content\\\/uploads\\\/2013\\\/03\\\/salvataggio-cervo.jpg\",\"articleSection\":[\"Lettere Opinioni\"],\"inLanguage\":\"fr-FR\"},{\"@type\":\"WebPage\",\"@id\":\"https:\\\/\\\/www.bellunopress.it\\\/2013\\\/03\\\/26\\\/corpo-forestale-dello-stato-e-polizia-provinciale-di-belluno-salvano-un-cervo-in-val-zoldana\\\/\",\"url\":\"https:\\\/\\\/www.bellunopress.it\\\/2013\\\/03\\\/26\\\/corpo-forestale-dello-stato-e-polizia-provinciale-di-belluno-salvano-un-cervo-in-val-zoldana\\\/\",\"name\":\"Corpo Forestale dello Stato e Polizia Provinciale di Belluno salvano un cervo in Val Zoldana - Bellunopress - Dolomiti\",\"isPartOf\":{\"@id\":\"https:\\\/\\\/www.bellunopress.it\\\/#website\"},\"primaryImageOfPage\":{\"@id\":\"https:\\\/\\\/www.bellunopress.it\\\/2013\\\/03\\\/26\\\/corpo-forestale-dello-stato-e-polizia-provinciale-di-belluno-salvano-un-cervo-in-val-zoldana\\\/#primaryimage\"},\"image\":{\"@id\":\"https:\\\/\\\/www.bellunopress.it\\\/2013\\\/03\\\/26\\\/corpo-forestale-dello-stato-e-polizia-provinciale-di-belluno-salvano-un-cervo-in-val-zoldana\\\/#primaryimage\"},\"thumbnailUrl\":\"http:\\\/\\\/www.bellunopress.it\\\/wp-content\\\/uploads\\\/2013\\\/03\\\/salvataggio-cervo.jpg\",\"datePublished\":\"2013-03-26T17:18:58+00:00\",\"breadcrumb\":{\"@id\":\"https:\\\/\\\/www.bellunopress.it\\\/2013\\\/03\\\/26\\\/corpo-forestale-dello-stato-e-polizia-provinciale-di-belluno-salvano-un-cervo-in-val-zoldana\\\/#breadcrumb\"},\"inLanguage\":\"fr-FR\",\"potentialAction\":[{\"@type\":\"ReadAction\",\"target\":[\"https:\\\/\\\/www.bellunopress.it\\\/2013\\\/03\\\/26\\\/corpo-forestale-dello-stato-e-polizia-provinciale-di-belluno-salvano-un-cervo-in-val-zoldana\\\/\"]}]},{\"@type\":\"ImageObject\",\"inLanguage\":\"fr-FR\",\"@id\":\"https:\\\/\\\/www.bellunopress.it\\\/2013\\\/03\\\/26\\\/corpo-forestale-dello-stato-e-polizia-provinciale-di-belluno-salvano-un-cervo-in-val-zoldana\\\/#primaryimage\",\"url\":\"http:\\\/\\\/www.bellunopress.it\\\/wp-content\\\/uploads\\\/2013\\\/03\\\/salvataggio-cervo.jpg\",\"contentUrl\":\"http:\\\/\\\/www.bellunopress.it\\\/wp-content\\\/uploads\\\/2013\\\/03\\\/salvataggio-cervo.jpg\"},{\"@type\":\"BreadcrumbList\",\"@id\":\"https:\\\/\\\/www.bellunopress.it\\\/2013\\\/03\\\/26\\\/corpo-forestale-dello-stato-e-polizia-provinciale-di-belluno-salvano-un-cervo-in-val-zoldana\\\/#breadcrumb\",\"itemListElement\":[{\"@type\":\"ListItem\",\"position\":1,\"name\":\"Home\",\"item\":\"https:\\\/\\\/www.bellunopress.it\\\/\"},{\"@type\":\"ListItem\",\"position\":2,\"name\":\"Corpo Forestale dello Stato e Polizia Provinciale di Belluno salvano un cervo in Val Zoldana\"}]},{\"@type\":\"WebSite\",\"@id\":\"https:\\\/\\\/www.bellunopress.it\\\/#website\",\"url\":\"https:\\\/\\\/www.bellunopress.it\\\/\",\"name\":\"Bellunopress - Dolomiti\",\"description\":\"e-mail: redazione@bellunopress.it\",\"publisher\":{\"@id\":\"https:\\\/\\\/www.bellunopress.it\\\/#organization\"},\"potentialAction\":[{\"@type\":\"SearchAction\",\"target\":{\"@type\":\"EntryPoint\",\"urlTemplate\":\"https:\\\/\\\/www.bellunopress.it\\\/?s={search_term_string}\"},\"query-input\":{\"@type\":\"PropertyValueSpecification\",\"valueRequired\":true,\"valueName\":\"search_term_string\"}}],\"inLanguage\":\"fr-FR\"},{\"@type\":\"Organization\",\"@id\":\"https:\\\/\\\/www.bellunopress.it\\\/#organization\",\"name\":\"Bellunopress\",\"url\":\"https:\\\/\\\/www.bellunopress.it\\\/\",\"logo\":{\"@type\":\"ImageObject\",\"inLanguage\":\"fr-FR\",\"@id\":\"https:\\\/\\\/www.bellunopress.it\\\/#\\\/schema\\\/logo\\\/image\\\/\",\"url\":\"https:\\\/\\\/www.bellunopress.it\\\/wp-content\\\/uploads\\\/2011\\\/05\\\/cropped-logo-bellunopress-.jpg\",\"contentUrl\":\"https:\\\/\\\/www.bellunopress.it\\\/wp-content\\\/uploads\\\/2011\\\/05\\\/cropped-logo-bellunopress-.jpg\",\"width\":512,\"height\":512,\"caption\":\"Bellunopress\"},\"image\":{\"@id\":\"https:\\\/\\\/www.bellunopress.it\\\/#\\\/schema\\\/logo\\\/image\\\/\"},\"sameAs\":[\"https:\\\/\\\/www.facebook.com\\\/profile.php?id=100008943462799\",\"https:\\\/\\\/x.com\\\/bellunopress\",\"https:\\\/\\\/www.linkedin.com\\\/hp\\\/?dnr=JBzUWaJfMUw8vbXJJ2tVW5-I3jZKvC4wsoxE&amp;amp;amp;amp;amp;amp;trk=nav_responsive_tab_home\",\"https:\\\/\\\/www.youtube.com\\\/channel\\\/UCxL0wu1uN0_3_7hGG0306cw\"]},{\"@type\":\"Person\",\"@id\":\"https:\\\/\\\/www.bellunopress.it\\\/#\\\/schema\\\/person\\\/79bb06722b37ece1c03d3e94beb30d73\",\"name\":\"redazione\",\"image\":{\"@type\":\"ImageObject\",\"inLanguage\":\"fr-FR\",\"@id\":\"https:\\\/\\\/secure.gravatar.com\\\/avatar\\\/37d968a2e67a6fd04c169c4bdef102d0bc5d31b2546345219e348575eb80e9a0?s=96&d=mm&r=g\",\"url\":\"https:\\\/\\\/secure.gravatar.com\\\/avatar\\\/37d968a2e67a6fd04c169c4bdef102d0bc5d31b2546345219e348575eb80e9a0?s=96&d=mm&r=g\",\"contentUrl\":\"https:\\\/\\\/secure.gravatar.com\\\/avatar\\\/37d968a2e67a6fd04c169c4bdef102d0bc5d31b2546345219e348575eb80e9a0?s=96&d=mm&r=g\",\"caption\":\"redazione\"},\"sameAs\":[\"http:\\\/\\\/www.bellunopress.it\",\"https:\\\/\\\/x.com\\\/bellunopress\"],\"url\":\"https:\\\/\\\/www.bellunopress.it\\\/fr\\\/author\\\/redazione\\\/\"}]}<\/script>\n<!-- \/ Yoast SEO plugin. -->","yoast_head_json":{"title":"Corpo Forestale dello Stato e Polizia Provinciale di Belluno salvano un cervo in Val Zoldana - Bellunopress - Dolomiti","robots":{"index":"index","follow":"follow","max-snippet":"max-snippet:-1","max-image-preview":"max-image-preview:large","max-video-preview":"max-video-preview:-1"},"canonical":"https:\/\/www.bellunopress.it\/fr\/2013\/03\/26\/corpo-forestale-dello-stato-e-polizia-provinciale-di-belluno-salvano-un-cervo-in-val-zoldana\/","og_locale":"fr_FR","og_type":"article","og_title":"Corpo Forestale dello Stato e Polizia Provinciale di Belluno salvano un cervo in Val Zoldana - Bellunopress - Dolomiti","og_description":"La scorsa mattina una piccola femmina di cervo in difficolt\u00e0 \u00e8 stata salvata dal pronto intervento congiunto degli uomini del Corpo Forestale dello Stato e della Polizia Provinciale che operano in provincia di Belluno. La piccola di cervo, che per l\u2019occasione \u00e8 stata chiamata \u201cBiancaneve\u201d, presumibilmente nata nel giugno dello scorso anno, si \u00e8 trovata [&hellip;]","og_url":"https:\/\/www.bellunopress.it\/fr\/2013\/03\/26\/corpo-forestale-dello-stato-e-polizia-provinciale-di-belluno-salvano-un-cervo-in-val-zoldana\/","og_site_name":"Bellunopress - Dolomiti","article_publisher":"https:\/\/www.facebook.com\/profile.php?id=100008943462799","article_published_time":"2013-03-26T17:18:58+00:00","og_image":[{"url":"http:\/\/www.bellunopress.it\/wp-content\/uploads\/2013\/03\/salvataggio-cervo.jpg","type":"","width":"","height":""}],"author":"redazione","twitter_card":"summary_large_image","twitter_creator":"@bellunopress","twitter_site":"@bellunopress","twitter_misc":{"\u00c9crit par":"redazione","Dur\u00e9e de lecture estim\u00e9e":"2 minutes"},"schema":{"@context":"https:\/\/schema.org","@graph":[{"@type":"Article","@id":"https:\/\/www.bellunopress.it\/2013\/03\/26\/corpo-forestale-dello-stato-e-polizia-provinciale-di-belluno-salvano-un-cervo-in-val-zoldana\/#article","isPartOf":{"@id":"https:\/\/www.bellunopress.it\/2013\/03\/26\/corpo-forestale-dello-stato-e-polizia-provinciale-di-belluno-salvano-un-cervo-in-val-zoldana\/"},"author":{"name":"redazione","@id":"https:\/\/www.bellunopress.it\/#\/schema\/person\/79bb06722b37ece1c03d3e94beb30d73"},"headline":"Corpo Forestale dello Stato e Polizia Provinciale di Belluno salvano un cervo in Val Zoldana","datePublished":"2013-03-26T17:18:58+00:00","mainEntityOfPage":{"@id":"https:\/\/www.bellunopress.it\/2013\/03\/26\/corpo-forestale-dello-stato-e-polizia-provinciale-di-belluno-salvano-un-cervo-in-val-zoldana\/"},"wordCount":339,"publisher":{"@id":"https:\/\/www.bellunopress.it\/#organization"},"image":{"@id":"https:\/\/www.bellunopress.it\/2013\/03\/26\/corpo-forestale-dello-stato-e-polizia-provinciale-di-belluno-salvano-un-cervo-in-val-zoldana\/#primaryimage"},"thumbnailUrl":"http:\/\/www.bellunopress.it\/wp-content\/uploads\/2013\/03\/salvataggio-cervo.jpg","articleSection":["Lettere Opinioni"],"inLanguage":"fr-FR"},{"@type":"WebPage","@id":"https:\/\/www.bellunopress.it\/2013\/03\/26\/corpo-forestale-dello-stato-e-polizia-provinciale-di-belluno-salvano-un-cervo-in-val-zoldana\/","url":"https:\/\/www.bellunopress.it\/2013\/03\/26\/corpo-forestale-dello-stato-e-polizia-provinciale-di-belluno-salvano-un-cervo-in-val-zoldana\/","name":"Corpo Forestale dello Stato e Polizia Provinciale di Belluno salvano un cervo in Val Zoldana - Bellunopress - Dolomiti","isPartOf":{"@id":"https:\/\/www.bellunopress.it\/#website"},"primaryImageOfPage":{"@id":"https:\/\/www.bellunopress.it\/2013\/03\/26\/corpo-forestale-dello-stato-e-polizia-provinciale-di-belluno-salvano-un-cervo-in-val-zoldana\/#primaryimage"},"image":{"@id":"https:\/\/www.bellunopress.it\/2013\/03\/26\/corpo-forestale-dello-stato-e-polizia-provinciale-di-belluno-salvano-un-cervo-in-val-zoldana\/#primaryimage"},"thumbnailUrl":"http:\/\/www.bellunopress.it\/wp-content\/uploads\/2013\/03\/salvataggio-cervo.jpg","datePublished":"2013-03-26T17:18:58+00:00","breadcrumb":{"@id":"https:\/\/www.bellunopress.it\/2013\/03\/26\/corpo-forestale-dello-stato-e-polizia-provinciale-di-belluno-salvano-un-cervo-in-val-zoldana\/#breadcrumb"},"inLanguage":"fr-FR","potentialAction":[{"@type":"ReadAction","target":["https:\/\/www.bellunopress.it\/2013\/03\/26\/corpo-forestale-dello-stato-e-polizia-provinciale-di-belluno-salvano-un-cervo-in-val-zoldana\/"]}]},{"@type":"ImageObject","inLanguage":"fr-FR","@id":"https:\/\/www.bellunopress.it\/2013\/03\/26\/corpo-forestale-dello-stato-e-polizia-provinciale-di-belluno-salvano-un-cervo-in-val-zoldana\/#primaryimage","url":"http:\/\/www.bellunopress.it\/wp-content\/uploads\/2013\/03\/salvataggio-cervo.jpg","contentUrl":"http:\/\/www.bellunopress.it\/wp-content\/uploads\/2013\/03\/salvataggio-cervo.jpg"},{"@type":"BreadcrumbList","@id":"https:\/\/www.bellunopress.it\/2013\/03\/26\/corpo-forestale-dello-stato-e-polizia-provinciale-di-belluno-salvano-un-cervo-in-val-zoldana\/#breadcrumb","itemListElement":[{"@type":"ListItem","position":1,"name":"Home","item":"https:\/\/www.bellunopress.it\/"},{"@type":"ListItem","position":2,"name":"Corpo Forestale dello Stato e Polizia Provinciale di Belluno salvano un cervo in Val Zoldana"}]},{"@type":"WebSite","@id":"https:\/\/www.bellunopress.it\/#website","url":"https:\/\/www.bellunopress.it\/","name":"Bellunopress - Dolomiti","description":"e-mail: redazione@bellunopress.it","publisher":{"@id":"https:\/\/www.bellunopress.it\/#organization"},"potentialAction":[{"@type":"SearchAction","target":{"@type":"EntryPoint","urlTemplate":"https:\/\/www.bellunopress.it\/?s={search_term_string}"},"query-input":{"@type":"PropertyValueSpecification","valueRequired":true,"valueName":"search_term_string"}}],"inLanguage":"fr-FR"},{"@type":"Organization","@id":"https:\/\/www.bellunopress.it\/#organization","name":"Bellunopress","url":"https:\/\/www.bellunopress.it\/","logo":{"@type":"ImageObject","inLanguage":"fr-FR","@id":"https:\/\/www.bellunopress.it\/#\/schema\/logo\/image\/","url":"https:\/\/www.bellunopress.it\/wp-content\/uploads\/2011\/05\/cropped-logo-bellunopress-.jpg","contentUrl":"https:\/\/www.bellunopress.it\/wp-content\/uploads\/2011\/05\/cropped-logo-bellunopress-.jpg","width":512,"height":512,"caption":"Bellunopress"},"image":{"@id":"https:\/\/www.bellunopress.it\/#\/schema\/logo\/image\/"},"sameAs":["https:\/\/www.facebook.com\/profile.php?id=100008943462799","https:\/\/x.com\/bellunopress","https:\/\/www.linkedin.com\/hp\/?dnr=JBzUWaJfMUw8vbXJJ2tVW5-I3jZKvC4wsoxE&amp;amp;amp;amp;amp;amp;trk=nav_responsive_tab_home","https:\/\/www.youtube.com\/channel\/UCxL0wu1uN0_3_7hGG0306cw"]},{"@type":"Person","@id":"https:\/\/www.bellunopress.it\/#\/schema\/person\/79bb06722b37ece1c03d3e94beb30d73","name":"r\u00e9daction","image":{"@type":"ImageObject","inLanguage":"fr-FR","@id":"https:\/\/secure.gravatar.com\/avatar\/37d968a2e67a6fd04c169c4bdef102d0bc5d31b2546345219e348575eb80e9a0?s=96&d=mm&r=g","url":"https:\/\/secure.gravatar.com\/avatar\/37d968a2e67a6fd04c169c4bdef102d0bc5d31b2546345219e348575eb80e9a0?s=96&d=mm&r=g","contentUrl":"https:\/\/secure.gravatar.com\/avatar\/37d968a2e67a6fd04c169c4bdef102d0bc5d31b2546345219e348575eb80e9a0?s=96&d=mm&r=g","caption":"redazione"},"sameAs":["http:\/\/www.bellunopress.it","https:\/\/x.com\/bellunopress"],"url":"https:\/\/www.bellunopress.it\/fr\/author\/redazione\/"}]}},"_links":{"self":[{"href":"https:\/\/www.bellunopress.it\/fr\/wp-json\/wp\/v2\/posts\/47933","targetHints":{"allow":["GET"]}}],"collection":[{"href":"https:\/\/www.bellunopress.it\/fr\/wp-json\/wp\/v2\/posts"}],"about":[{"href":"https:\/\/www.bellunopress.it\/fr\/wp-json\/wp\/v2\/types\/post"}],"author":[{"embeddable":true,"href":"https:\/\/www.bellunopress.it\/fr\/wp-json\/wp\/v2\/users\/2"}],"replies":[{"embeddable":true,"href":"https:\/\/www.bellunopress.it\/fr\/wp-json\/wp\/v2\/comments?post=47933"}],"version-history":[{"count":2,"href":"https:\/\/www.bellunopress.it\/fr\/wp-json\/wp\/v2\/posts\/47933\/revisions"}],"predecessor-version":[{"id":47936,"href":"https:\/\/www.bellunopress.it\/fr\/wp-json\/wp\/v2\/posts\/47933\/revisions\/47936"}],"wp:attachment":[{"href":"https:\/\/www.bellunopress.it\/fr\/wp-json\/wp\/v2\/media?parent=47933"}],"wp:term":[{"taxonomy":"category","embeddable":true,"href":"https:\/\/www.bellunopress.it\/fr\/wp-json\/wp\/v2\/categories?post=47933"},{"taxonomy":"post_tag","embeddable":true,"href":"https:\/\/www.bellunopress.it\/fr\/wp-json\/wp\/v2\/tags?post=47933"}],"curies":[{"name":"wp","href":"https:\/\/api.w.org\/{rel}","templated":true}]}}