{"id":47927,"date":"2013-03-25T22:35:59","date_gmt":"2013-03-25T21:35:59","guid":{"rendered":"http:\/\/www.bellunopress.it\/?p=47927"},"modified":"2013-03-25T22:35:59","modified_gmt":"2013-03-25T21:35:59","slug":"rifiuti-60-giorni-per-presentare-le-osservazioni-al-piano-regionale-poi-la-parola-al-consiglio-per-lapprovazione","status":"publish","type":"post","link":"https:\/\/www.bellunopress.it\/fr\/2013\/03\/25\/rifiuti-60-giorni-per-presentare-le-osservazioni-al-piano-regionale-poi-la-parola-al-consiglio-per-lapprovazione\/","title":{"rendered":"Rifiuti: 60 giorni per presentare le osservazioni al piano regionale, poi la parola al consiglio per l&#8217;approvazione"},"content":{"rendered":"<p><a href=\"http:\/\/www.bellunopress.it\/wp-content\/uploads\/2009\/02\/camion-rifiuti-copia.jpg\"><img loading=\"lazy\" decoding=\"async\" class=\"alignleft size-full wp-image-399\" alt=\"camion-rifiuti-copia\" src=\"http:\/\/www.bellunopress.it\/wp-content\/uploads\/2009\/02\/camion-rifiuti-copia.jpg\" width=\"256\" height=\"181\" \/><\/a>Sul Bollettino Ufficiale della Regione n. 27 del 22 marzo \u00e8 stato pubblicato l\u2019avviso a firma del presidente della giunta regionale con cui si rende noto che il 5 marzo scorso \u00e8 stato adottato il \u201cPiano regionale di gestione dei rifiuti urbani e speciali, anche pericolosi\u201d, disponendo il deposito di tutti gli elaborati in forma integrale, presso le sedi degli U. R. P. (Uffici per le Relazioni con il Pubblico) della Regione con sede in ciascun capoluogo di provincia e presso la sede del Genio civile di Padova per l\u2019avvio della procedura di consultazione prevista per legge. Il termine per la presentazione delle osservazioni da parte di chiunque ne abbia interesse \u00e8 fissato in 60 .giorni. Con le medesime finalit\u00e0 tutta la documentazione di Piano \u00e8 consultabile anche sul sito web regionale (<a href=\"http:\/\/www.regione.veneto.it\/web\/ambiente-e-territorio\/rifiuti\">http:\/\/www.regione.veneto.it\/web\/ambiente-e-territorio\/rifiuti<\/a>).<\/p>\n<p>\u201cIl nuovo piano di gestione dei rifiuti \u2013 commenta l\u2019assessore regionale alle poliche ambientali Maurizio Conte &#8211; aggiorna quello attualmente in vigore, risalente al 2004. Considerata l\u2019evoluzione della gestione dei rifiuti nel Veneto, si \u00e8 deciso di uniformare, all&#8217;interno di un unico elaborato, tutta la pianificazione in materia di gestione di rifiuti sia urbani che speciali. La nuova pianificazione, si conforma alla \u201cgerarchia di priorit\u00e0 per la gestione dei rifiuti\u201d contenuta nella Direttiva Europea, partendo dalla riduzione della quantit\u00e0 e pericolosit\u00e0 dei rifiuti, sia mediante azioni di prevenzione, sia mediante il riutilizzo e il recupero di materia, privilegiando inoltre altre forme di recupero, anche energetico, rispetto allo smaltimento finale in discarica. Per la raccolta differenziata dei rifiuti urbani l\u2019obiettivo a cui puntiamo \u00e8 raggiungere con le azioni previste una quota del 65% entro il 2015 e del 70% entro il 2020. La produzione totale di rifiuti urbani nel 2011 \u00e8 stata di oltre 2 milioni 305 mila tonnellate, con una produzione annuale pro capite di 465 kg per abitante. La raccolta differenziata (pari a un milione 394 mila tonnellate) ha raggiunto una media del 60,5% del totale. Per quanto riguarda i rifiuti speciali, i dati 2010 registrano una produzione di circa 15 milioni di tonnellate.<\/p>\n<p>Decorsi i 60 giorni di tempo per la presentazione delle osservazioni e conclusa la fase consultiva, tutta la documentazione verr\u00e0 trasmessa al Consiglio regionale per la definitiva approvazione.<\/p>\n<p>&nbsp;<\/p>","protected":false},"excerpt":{"rendered":"<p>Sul Bollettino Ufficiale della Regione n. 27 del 22 marzo \u00e8 stato pubblicato l\u2019avviso a firma del presidente della giunta regionale con cui si rende noto che il 5 marzo scorso \u00e8 stato adottato il \u201cPiano regionale di gestione dei rifiuti urbani e speciali, anche pericolosi\u201d, disponendo il deposito di tutti gli elaborati in forma [&hellip;]<\/p>\n","protected":false},"author":2,"featured_media":0,"comment_status":"closed","ping_status":"open","sticky":false,"template":"","format":"standard","meta":{"footnotes":""},"categories":[5,36,26],"tags":[],"class_list":["post-47927","post","type-post","status-publish","format-standard","category-cronaca","category-lavoro-economia","category-prima-pagina"],"yoast_head":"<!-- This site is optimized with the Yoast SEO plugin v28.4 - https:\/\/yoast.com\/product\/yoast-seo-wordpress\/ -->\n<title>Rifiuti: 60 giorni per presentare le osservazioni al piano regionale, poi la parola al consiglio per l&#039;approvazione - Bellunopress - Dolomiti<\/title>\n<meta name=\"robots\" content=\"index, follow, max-snippet:-1, max-image-preview:large, max-video-preview:-1\" \/>\n<link rel=\"canonical\" href=\"https:\/\/www.bellunopress.it\/fr\/2013\/03\/25\/rifiuti-60-giorni-per-presentare-le-osservazioni-al-piano-regionale-poi-la-parola-al-consiglio-per-lapprovazione\/\" \/>\n<meta property=\"og:locale\" content=\"fr_FR\" \/>\n<meta property=\"og:type\" content=\"article\" \/>\n<meta property=\"og:title\" content=\"Rifiuti: 60 giorni per presentare le osservazioni al piano regionale, poi la parola al consiglio per l&#039;approvazione - Bellunopress - Dolomiti\" \/>\n<meta property=\"og:description\" content=\"Sul Bollettino Ufficiale della Regione n. 27 del 22 marzo \u00e8 stato pubblicato l\u2019avviso a firma del presidente della giunta regionale con cui si rende noto che il 5 marzo scorso \u00e8 stato adottato il \u201cPiano regionale di gestione dei rifiuti urbani e speciali, anche pericolosi\u201d, disponendo il deposito di tutti gli elaborati in forma [&hellip;]\" \/>\n<meta property=\"og:url\" content=\"https:\/\/www.bellunopress.it\/fr\/2013\/03\/25\/rifiuti-60-giorni-per-presentare-le-osservazioni-al-piano-regionale-poi-la-parola-al-consiglio-per-lapprovazione\/\" \/>\n<meta property=\"og:site_name\" content=\"Bellunopress - Dolomiti\" \/>\n<meta property=\"article:publisher\" content=\"https:\/\/www.facebook.com\/profile.php?id=100008943462799\" \/>\n<meta property=\"article:published_time\" content=\"2013-03-25T21:35:59+00:00\" \/>\n<meta property=\"og:image\" content=\"http:\/\/www.bellunopress.it\/wp-content\/uploads\/2009\/02\/camion-rifiuti-copia.jpg\" \/>\n<meta name=\"author\" content=\"redazione\" \/>\n<meta name=\"twitter:card\" content=\"summary_large_image\" \/>\n<meta name=\"twitter:creator\" content=\"@bellunopress\" \/>\n<meta name=\"twitter:site\" content=\"@bellunopress\" \/>\n<meta name=\"twitter:label1\" content=\"\u00c9crit par\" \/>\n\t<meta name=\"twitter:data1\" content=\"redazione\" \/>\n\t<meta name=\"twitter:label2\" content=\"Dur\u00e9e de lecture estim\u00e9e\" \/>\n\t<meta name=\"twitter:data2\" content=\"2 minutes\" \/>\n<script type=\"application\/ld+json\" class=\"yoast-schema-graph\">{\"@context\":\"https:\\\/\\\/schema.org\",\"@graph\":[{\"@type\":\"Article\",\"@id\":\"https:\\\/\\\/www.bellunopress.it\\\/2013\\\/03\\\/25\\\/rifiuti-60-giorni-per-presentare-le-osservazioni-al-piano-regionale-poi-la-parola-al-consiglio-per-lapprovazione\\\/#article\",\"isPartOf\":{\"@id\":\"https:\\\/\\\/www.bellunopress.it\\\/2013\\\/03\\\/25\\\/rifiuti-60-giorni-per-presentare-le-osservazioni-al-piano-regionale-poi-la-parola-al-consiglio-per-lapprovazione\\\/\"},\"author\":{\"name\":\"redazione\",\"@id\":\"https:\\\/\\\/www.bellunopress.it\\\/#\\\/schema\\\/person\\\/79bb06722b37ece1c03d3e94beb30d73\"},\"headline\":\"Rifiuti: 60 giorni per presentare le osservazioni al piano regionale, poi la parola al consiglio per l&#8217;approvazione\",\"datePublished\":\"2013-03-25T21:35:59+00:00\",\"mainEntityOfPage\":{\"@id\":\"https:\\\/\\\/www.bellunopress.it\\\/2013\\\/03\\\/25\\\/rifiuti-60-giorni-per-presentare-le-osservazioni-al-piano-regionale-poi-la-parola-al-consiglio-per-lapprovazione\\\/\"},\"wordCount\":371,\"publisher\":{\"@id\":\"https:\\\/\\\/www.bellunopress.it\\\/#organization\"},\"image\":{\"@id\":\"https:\\\/\\\/www.bellunopress.it\\\/2013\\\/03\\\/25\\\/rifiuti-60-giorni-per-presentare-le-osservazioni-al-piano-regionale-poi-la-parola-al-consiglio-per-lapprovazione\\\/#primaryimage\"},\"thumbnailUrl\":\"http:\\\/\\\/www.bellunopress.it\\\/wp-content\\\/uploads\\\/2009\\\/02\\\/camion-rifiuti-copia.jpg\",\"articleSection\":[\"Cronaca\\\/Politica\",\"Lavoro, Economia, Turismo\",\"Prima Pagina\"],\"inLanguage\":\"fr-FR\"},{\"@type\":\"WebPage\",\"@id\":\"https:\\\/\\\/www.bellunopress.it\\\/2013\\\/03\\\/25\\\/rifiuti-60-giorni-per-presentare-le-osservazioni-al-piano-regionale-poi-la-parola-al-consiglio-per-lapprovazione\\\/\",\"url\":\"https:\\\/\\\/www.bellunopress.it\\\/2013\\\/03\\\/25\\\/rifiuti-60-giorni-per-presentare-le-osservazioni-al-piano-regionale-poi-la-parola-al-consiglio-per-lapprovazione\\\/\",\"name\":\"Rifiuti: 60 giorni per presentare le osservazioni al piano regionale, poi la parola al consiglio per l'approvazione - Bellunopress - Dolomiti\",\"isPartOf\":{\"@id\":\"https:\\\/\\\/www.bellunopress.it\\\/#website\"},\"primaryImageOfPage\":{\"@id\":\"https:\\\/\\\/www.bellunopress.it\\\/2013\\\/03\\\/25\\\/rifiuti-60-giorni-per-presentare-le-osservazioni-al-piano-regionale-poi-la-parola-al-consiglio-per-lapprovazione\\\/#primaryimage\"},\"image\":{\"@id\":\"https:\\\/\\\/www.bellunopress.it\\\/2013\\\/03\\\/25\\\/rifiuti-60-giorni-per-presentare-le-osservazioni-al-piano-regionale-poi-la-parola-al-consiglio-per-lapprovazione\\\/#primaryimage\"},\"thumbnailUrl\":\"http:\\\/\\\/www.bellunopress.it\\\/wp-content\\\/uploads\\\/2009\\\/02\\\/camion-rifiuti-copia.jpg\",\"datePublished\":\"2013-03-25T21:35:59+00:00\",\"breadcrumb\":{\"@id\":\"https:\\\/\\\/www.bellunopress.it\\\/2013\\\/03\\\/25\\\/rifiuti-60-giorni-per-presentare-le-osservazioni-al-piano-regionale-poi-la-parola-al-consiglio-per-lapprovazione\\\/#breadcrumb\"},\"inLanguage\":\"fr-FR\",\"potentialAction\":[{\"@type\":\"ReadAction\",\"target\":[\"https:\\\/\\\/www.bellunopress.it\\\/2013\\\/03\\\/25\\\/rifiuti-60-giorni-per-presentare-le-osservazioni-al-piano-regionale-poi-la-parola-al-consiglio-per-lapprovazione\\\/\"]}]},{\"@type\":\"ImageObject\",\"inLanguage\":\"fr-FR\",\"@id\":\"https:\\\/\\\/www.bellunopress.it\\\/2013\\\/03\\\/25\\\/rifiuti-60-giorni-per-presentare-le-osservazioni-al-piano-regionale-poi-la-parola-al-consiglio-per-lapprovazione\\\/#primaryimage\",\"url\":\"http:\\\/\\\/www.bellunopress.it\\\/wp-content\\\/uploads\\\/2009\\\/02\\\/camion-rifiuti-copia.jpg\",\"contentUrl\":\"http:\\\/\\\/www.bellunopress.it\\\/wp-content\\\/uploads\\\/2009\\\/02\\\/camion-rifiuti-copia.jpg\"},{\"@type\":\"BreadcrumbList\",\"@id\":\"https:\\\/\\\/www.bellunopress.it\\\/2013\\\/03\\\/25\\\/rifiuti-60-giorni-per-presentare-le-osservazioni-al-piano-regionale-poi-la-parola-al-consiglio-per-lapprovazione\\\/#breadcrumb\",\"itemListElement\":[{\"@type\":\"ListItem\",\"position\":1,\"name\":\"Home\",\"item\":\"https:\\\/\\\/www.bellunopress.it\\\/\"},{\"@type\":\"ListItem\",\"position\":2,\"name\":\"Rifiuti: 60 giorni per presentare le osservazioni al piano regionale, poi la parola al consiglio per l&#8217;approvazione\"}]},{\"@type\":\"WebSite\",\"@id\":\"https:\\\/\\\/www.bellunopress.it\\\/#website\",\"url\":\"https:\\\/\\\/www.bellunopress.it\\\/\",\"name\":\"Bellunopress - Dolomiti\",\"description\":\"e-mail: redazione@bellunopress.it\",\"publisher\":{\"@id\":\"https:\\\/\\\/www.bellunopress.it\\\/#organization\"},\"potentialAction\":[{\"@type\":\"SearchAction\",\"target\":{\"@type\":\"EntryPoint\",\"urlTemplate\":\"https:\\\/\\\/www.bellunopress.it\\\/?s={search_term_string}\"},\"query-input\":{\"@type\":\"PropertyValueSpecification\",\"valueRequired\":true,\"valueName\":\"search_term_string\"}}],\"inLanguage\":\"fr-FR\"},{\"@type\":\"Organization\",\"@id\":\"https:\\\/\\\/www.bellunopress.it\\\/#organization\",\"name\":\"Bellunopress\",\"url\":\"https:\\\/\\\/www.bellunopress.it\\\/\",\"logo\":{\"@type\":\"ImageObject\",\"inLanguage\":\"fr-FR\",\"@id\":\"https:\\\/\\\/www.bellunopress.it\\\/#\\\/schema\\\/logo\\\/image\\\/\",\"url\":\"https:\\\/\\\/www.bellunopress.it\\\/wp-content\\\/uploads\\\/2011\\\/05\\\/cropped-logo-bellunopress-.jpg\",\"contentUrl\":\"https:\\\/\\\/www.bellunopress.it\\\/wp-content\\\/uploads\\\/2011\\\/05\\\/cropped-logo-bellunopress-.jpg\",\"width\":512,\"height\":512,\"caption\":\"Bellunopress\"},\"image\":{\"@id\":\"https:\\\/\\\/www.bellunopress.it\\\/#\\\/schema\\\/logo\\\/image\\\/\"},\"sameAs\":[\"https:\\\/\\\/www.facebook.com\\\/profile.php?id=100008943462799\",\"https:\\\/\\\/x.com\\\/bellunopress\",\"https:\\\/\\\/www.linkedin.com\\\/hp\\\/?dnr=JBzUWaJfMUw8vbXJJ2tVW5-I3jZKvC4wsoxE&amp;amp;amp;amp;amp;amp;trk=nav_responsive_tab_home\",\"https:\\\/\\\/www.youtube.com\\\/channel\\\/UCxL0wu1uN0_3_7hGG0306cw\"]},{\"@type\":\"Person\",\"@id\":\"https:\\\/\\\/www.bellunopress.it\\\/#\\\/schema\\\/person\\\/79bb06722b37ece1c03d3e94beb30d73\",\"name\":\"redazione\",\"image\":{\"@type\":\"ImageObject\",\"inLanguage\":\"fr-FR\",\"@id\":\"https:\\\/\\\/secure.gravatar.com\\\/avatar\\\/37d968a2e67a6fd04c169c4bdef102d0bc5d31b2546345219e348575eb80e9a0?s=96&d=mm&r=g\",\"url\":\"https:\\\/\\\/secure.gravatar.com\\\/avatar\\\/37d968a2e67a6fd04c169c4bdef102d0bc5d31b2546345219e348575eb80e9a0?s=96&d=mm&r=g\",\"contentUrl\":\"https:\\\/\\\/secure.gravatar.com\\\/avatar\\\/37d968a2e67a6fd04c169c4bdef102d0bc5d31b2546345219e348575eb80e9a0?s=96&d=mm&r=g\",\"caption\":\"redazione\"},\"sameAs\":[\"http:\\\/\\\/www.bellunopress.it\",\"https:\\\/\\\/x.com\\\/bellunopress\"],\"url\":\"https:\\\/\\\/www.bellunopress.it\\\/fr\\\/author\\\/redazione\\\/\"}]}<\/script>\n<!-- \/ Yoast SEO plugin. -->","yoast_head_json":{"title":"Rifiuti: 60 giorni per presentare le osservazioni al piano regionale, poi la parola al consiglio per l'approvazione - Bellunopress - Dolomiti","robots":{"index":"index","follow":"follow","max-snippet":"max-snippet:-1","max-image-preview":"max-image-preview:large","max-video-preview":"max-video-preview:-1"},"canonical":"https:\/\/www.bellunopress.it\/fr\/2013\/03\/25\/rifiuti-60-giorni-per-presentare-le-osservazioni-al-piano-regionale-poi-la-parola-al-consiglio-per-lapprovazione\/","og_locale":"fr_FR","og_type":"article","og_title":"Rifiuti: 60 giorni per presentare le osservazioni al piano regionale, poi la parola al consiglio per l'approvazione - Bellunopress - Dolomiti","og_description":"Sul Bollettino Ufficiale della Regione n. 27 del 22 marzo \u00e8 stato pubblicato l\u2019avviso a firma del presidente della giunta regionale con cui si rende noto che il 5 marzo scorso \u00e8 stato adottato il \u201cPiano regionale di gestione dei rifiuti urbani e speciali, anche pericolosi\u201d, disponendo il deposito di tutti gli elaborati in forma [&hellip;]","og_url":"https:\/\/www.bellunopress.it\/fr\/2013\/03\/25\/rifiuti-60-giorni-per-presentare-le-osservazioni-al-piano-regionale-poi-la-parola-al-consiglio-per-lapprovazione\/","og_site_name":"Bellunopress - Dolomiti","article_publisher":"https:\/\/www.facebook.com\/profile.php?id=100008943462799","article_published_time":"2013-03-25T21:35:59+00:00","og_image":[{"url":"http:\/\/www.bellunopress.it\/wp-content\/uploads\/2009\/02\/camion-rifiuti-copia.jpg","type":"","width":"","height":""}],"author":"redazione","twitter_card":"summary_large_image","twitter_creator":"@bellunopress","twitter_site":"@bellunopress","twitter_misc":{"\u00c9crit par":"redazione","Dur\u00e9e de lecture estim\u00e9e":"2 minutes"},"schema":{"@context":"https:\/\/schema.org","@graph":[{"@type":"Article","@id":"https:\/\/www.bellunopress.it\/2013\/03\/25\/rifiuti-60-giorni-per-presentare-le-osservazioni-al-piano-regionale-poi-la-parola-al-consiglio-per-lapprovazione\/#article","isPartOf":{"@id":"https:\/\/www.bellunopress.it\/2013\/03\/25\/rifiuti-60-giorni-per-presentare-le-osservazioni-al-piano-regionale-poi-la-parola-al-consiglio-per-lapprovazione\/"},"author":{"name":"redazione","@id":"https:\/\/www.bellunopress.it\/#\/schema\/person\/79bb06722b37ece1c03d3e94beb30d73"},"headline":"Rifiuti: 60 giorni per presentare le osservazioni al piano regionale, poi la parola al consiglio per l&#8217;approvazione","datePublished":"2013-03-25T21:35:59+00:00","mainEntityOfPage":{"@id":"https:\/\/www.bellunopress.it\/2013\/03\/25\/rifiuti-60-giorni-per-presentare-le-osservazioni-al-piano-regionale-poi-la-parola-al-consiglio-per-lapprovazione\/"},"wordCount":371,"publisher":{"@id":"https:\/\/www.bellunopress.it\/#organization"},"image":{"@id":"https:\/\/www.bellunopress.it\/2013\/03\/25\/rifiuti-60-giorni-per-presentare-le-osservazioni-al-piano-regionale-poi-la-parola-al-consiglio-per-lapprovazione\/#primaryimage"},"thumbnailUrl":"http:\/\/www.bellunopress.it\/wp-content\/uploads\/2009\/02\/camion-rifiuti-copia.jpg","articleSection":["Cronaca\/Politica","Lavoro, Economia, Turismo","Prima Pagina"],"inLanguage":"fr-FR"},{"@type":"WebPage","@id":"https:\/\/www.bellunopress.it\/2013\/03\/25\/rifiuti-60-giorni-per-presentare-le-osservazioni-al-piano-regionale-poi-la-parola-al-consiglio-per-lapprovazione\/","url":"https:\/\/www.bellunopress.it\/2013\/03\/25\/rifiuti-60-giorni-per-presentare-le-osservazioni-al-piano-regionale-poi-la-parola-al-consiglio-per-lapprovazione\/","name":"Rifiuti: 60 giorni per presentare le osservazioni al piano regionale, poi la parola al consiglio per l'approvazione - Bellunopress - Dolomiti","isPartOf":{"@id":"https:\/\/www.bellunopress.it\/#website"},"primaryImageOfPage":{"@id":"https:\/\/www.bellunopress.it\/2013\/03\/25\/rifiuti-60-giorni-per-presentare-le-osservazioni-al-piano-regionale-poi-la-parola-al-consiglio-per-lapprovazione\/#primaryimage"},"image":{"@id":"https:\/\/www.bellunopress.it\/2013\/03\/25\/rifiuti-60-giorni-per-presentare-le-osservazioni-al-piano-regionale-poi-la-parola-al-consiglio-per-lapprovazione\/#primaryimage"},"thumbnailUrl":"http:\/\/www.bellunopress.it\/wp-content\/uploads\/2009\/02\/camion-rifiuti-copia.jpg","datePublished":"2013-03-25T21:35:59+00:00","breadcrumb":{"@id":"https:\/\/www.bellunopress.it\/2013\/03\/25\/rifiuti-60-giorni-per-presentare-le-osservazioni-al-piano-regionale-poi-la-parola-al-consiglio-per-lapprovazione\/#breadcrumb"},"inLanguage":"fr-FR","potentialAction":[{"@type":"ReadAction","target":["https:\/\/www.bellunopress.it\/2013\/03\/25\/rifiuti-60-giorni-per-presentare-le-osservazioni-al-piano-regionale-poi-la-parola-al-consiglio-per-lapprovazione\/"]}]},{"@type":"ImageObject","inLanguage":"fr-FR","@id":"https:\/\/www.bellunopress.it\/2013\/03\/25\/rifiuti-60-giorni-per-presentare-le-osservazioni-al-piano-regionale-poi-la-parola-al-consiglio-per-lapprovazione\/#primaryimage","url":"http:\/\/www.bellunopress.it\/wp-content\/uploads\/2009\/02\/camion-rifiuti-copia.jpg","contentUrl":"http:\/\/www.bellunopress.it\/wp-content\/uploads\/2009\/02\/camion-rifiuti-copia.jpg"},{"@type":"BreadcrumbList","@id":"https:\/\/www.bellunopress.it\/2013\/03\/25\/rifiuti-60-giorni-per-presentare-le-osservazioni-al-piano-regionale-poi-la-parola-al-consiglio-per-lapprovazione\/#breadcrumb","itemListElement":[{"@type":"ListItem","position":1,"name":"Home","item":"https:\/\/www.bellunopress.it\/"},{"@type":"ListItem","position":2,"name":"Rifiuti: 60 giorni per presentare le osservazioni al piano regionale, poi la parola al consiglio per l&#8217;approvazione"}]},{"@type":"WebSite","@id":"https:\/\/www.bellunopress.it\/#website","url":"https:\/\/www.bellunopress.it\/","name":"Bellunopress - Dolomiti","description":"e-mail: redazione@bellunopress.it","publisher":{"@id":"https:\/\/www.bellunopress.it\/#organization"},"potentialAction":[{"@type":"SearchAction","target":{"@type":"EntryPoint","urlTemplate":"https:\/\/www.bellunopress.it\/?s={search_term_string}"},"query-input":{"@type":"PropertyValueSpecification","valueRequired":true,"valueName":"search_term_string"}}],"inLanguage":"fr-FR"},{"@type":"Organization","@id":"https:\/\/www.bellunopress.it\/#organization","name":"Bellunopress","url":"https:\/\/www.bellunopress.it\/","logo":{"@type":"ImageObject","inLanguage":"fr-FR","@id":"https:\/\/www.bellunopress.it\/#\/schema\/logo\/image\/","url":"https:\/\/www.bellunopress.it\/wp-content\/uploads\/2011\/05\/cropped-logo-bellunopress-.jpg","contentUrl":"https:\/\/www.bellunopress.it\/wp-content\/uploads\/2011\/05\/cropped-logo-bellunopress-.jpg","width":512,"height":512,"caption":"Bellunopress"},"image":{"@id":"https:\/\/www.bellunopress.it\/#\/schema\/logo\/image\/"},"sameAs":["https:\/\/www.facebook.com\/profile.php?id=100008943462799","https:\/\/x.com\/bellunopress","https:\/\/www.linkedin.com\/hp\/?dnr=JBzUWaJfMUw8vbXJJ2tVW5-I3jZKvC4wsoxE&amp;amp;amp;amp;amp;amp;trk=nav_responsive_tab_home","https:\/\/www.youtube.com\/channel\/UCxL0wu1uN0_3_7hGG0306cw"]},{"@type":"Person","@id":"https:\/\/www.bellunopress.it\/#\/schema\/person\/79bb06722b37ece1c03d3e94beb30d73","name":"r\u00e9daction","image":{"@type":"ImageObject","inLanguage":"fr-FR","@id":"https:\/\/secure.gravatar.com\/avatar\/37d968a2e67a6fd04c169c4bdef102d0bc5d31b2546345219e348575eb80e9a0?s=96&d=mm&r=g","url":"https:\/\/secure.gravatar.com\/avatar\/37d968a2e67a6fd04c169c4bdef102d0bc5d31b2546345219e348575eb80e9a0?s=96&d=mm&r=g","contentUrl":"https:\/\/secure.gravatar.com\/avatar\/37d968a2e67a6fd04c169c4bdef102d0bc5d31b2546345219e348575eb80e9a0?s=96&d=mm&r=g","caption":"redazione"},"sameAs":["http:\/\/www.bellunopress.it","https:\/\/x.com\/bellunopress"],"url":"https:\/\/www.bellunopress.it\/fr\/author\/redazione\/"}]}},"_links":{"self":[{"href":"https:\/\/www.bellunopress.it\/fr\/wp-json\/wp\/v2\/posts\/47927","targetHints":{"allow":["GET"]}}],"collection":[{"href":"https:\/\/www.bellunopress.it\/fr\/wp-json\/wp\/v2\/posts"}],"about":[{"href":"https:\/\/www.bellunopress.it\/fr\/wp-json\/wp\/v2\/types\/post"}],"author":[{"embeddable":true,"href":"https:\/\/www.bellunopress.it\/fr\/wp-json\/wp\/v2\/users\/2"}],"replies":[{"embeddable":true,"href":"https:\/\/www.bellunopress.it\/fr\/wp-json\/wp\/v2\/comments?post=47927"}],"version-history":[{"count":1,"href":"https:\/\/www.bellunopress.it\/fr\/wp-json\/wp\/v2\/posts\/47927\/revisions"}],"predecessor-version":[{"id":47928,"href":"https:\/\/www.bellunopress.it\/fr\/wp-json\/wp\/v2\/posts\/47927\/revisions\/47928"}],"wp:attachment":[{"href":"https:\/\/www.bellunopress.it\/fr\/wp-json\/wp\/v2\/media?parent=47927"}],"wp:term":[{"taxonomy":"category","embeddable":true,"href":"https:\/\/www.bellunopress.it\/fr\/wp-json\/wp\/v2\/categories?post=47927"},{"taxonomy":"post_tag","embeddable":true,"href":"https:\/\/www.bellunopress.it\/fr\/wp-json\/wp\/v2\/tags?post=47927"}],"curies":[{"name":"wp","href":"https:\/\/api.w.org\/{rel}","templated":true}]}}