{"id":47925,"date":"2013-03-25T22:24:53","date_gmt":"2013-03-25T21:24:53","guid":{"rendered":"http:\/\/www.bellunopress.it\/?p=47925"},"modified":"2013-03-25T22:24:53","modified_gmt":"2013-03-25T21:24:53","slug":"anche-il-concorso-di-design-per-la-pietra-alla-27ma-mostra-dellartigianato-dal-27-al-30-giugno-a-feltre","status":"publish","type":"post","link":"https:\/\/www.bellunopress.it\/fr\/2013\/03\/25\/anche-il-concorso-di-design-per-la-pietra-alla-27ma-mostra-dellartigianato-dal-27-al-30-giugno-a-feltre\/","title":{"rendered":"Anche il concorso di design per la pietra alla 27ma mostra dell&#8217;Artigianato dal 27 al 30 giugno a Feltre"},"content":{"rendered":"<p><a href=\"http:\/\/www.bellunopress.it\/wp-content\/uploads\/2012\/07\/mostra-dellartigianato-feltre.jpg\"><img loading=\"lazy\" decoding=\"async\" class=\"alignleft size-full wp-image-39625\" alt=\"mostra dell'artigianato feltre\" src=\"http:\/\/www.bellunopress.it\/wp-content\/uploads\/2012\/07\/mostra-dellartigianato-feltre.jpg\" width=\"290\" height=\"193\" \/><\/a>Una grande novit\u00e0 \u00e8 riservata alla pietra quest&#8217;anno alla 27ma Mostra dell&#8217;artigianato di Feltre che si terr\u00e0 nei giorni dal 27 al 30 giugno. Grazie alla collaborazione con la ditta Fent Marmi snc e al patrocinio dell\u2019Ordine degli architetti di Belluno e del Comune di Feltre, infatti, \u00e8 indetto un concorso di design per la valorizzazione dell\u2019uso delle pietre locali.<\/p>\n<p>Il bando sar\u00e0 pubblicato il 30 marzo e la consegna degli elaborati dovr\u00e0 avvenire entro il 30 maggio presso la segreteria della Mostra dell\u2019Artigianato. Il concorso ha come obiettivo l\u2019ideazione di prodotti di disegn che valorizzino le caratteristiche della pietra locale senza trascurare la lavorazione artigianale. In particolare saranno usate il Verdello di Asiago e la Pietra di Pianon per la progettazione e la realizzazione di tre oggetti specifici: una seduta outdoor, un cestino e un portabici.<\/p>\n<p>La partecipazione \u00e8 gratuita ed \u00e8 aperta ad: architetti, ingegneri, designer, laureati presso le Facolt\u00e0 di Architettura, Ingegneria, Design, Design Industriale, Accademia delle Belle Arti e diplomati presso gli Istituti Superiori di Design. La commissione giudicante sar\u00e0 formata dall\u2019Arch. Orlando Fent, dall\u2019Arch. Salton Valter (nominato dall\u2019Ordine degli Architetti), da un componente del Comitato Organizzatore della Mostra dell\u2019Artigianato, da un professionista esperto di design e da un architetto. Al primo classificato andranno \u20ac 2000,00 mentre per al secondo e al terzo spetteranno \u20ac 1000,00.<\/p>\n<p>Altre novit\u00e0 riguarderanno inoltre il percorso della manifestazione che si concentrer\u00e0 come sempre all\u2019interno della cittadella mentre i commercianti saranno disposti fuori le mura. Largo spazio sar\u00e0 dato quest\u2019anno alle lavorazioni dal vivo con dimostrazioni nei pi\u00f9 svariati campi. Come sempre ci saranno i fabbri, quest\u2019anno presenti in Largo Castaldi, e gli scultori del legno che parteciperanno alla terza edizione del simposio. Durante la Mostra sar\u00e0 inoltre possibile ammirare la lavorazione della cartapesta, del vetro (grazie alla collaborazione con Promovetro di Murano) e della ceramica.<\/p>\n<p>Per info riguardo al concorso: segreteria@mostraartigianatofeltre.it, www.mostraartigianatofeltre.it<\/p>\n<p>&nbsp;<\/p>","protected":false},"excerpt":{"rendered":"<p>Una grande novit\u00e0 \u00e8 riservata alla pietra quest&#8217;anno alla 27ma Mostra dell&#8217;artigianato di Feltre che si terr\u00e0 nei giorni dal 27 al 30 giugno. Grazie alla collaborazione con la ditta Fent Marmi snc e al patrocinio dell\u2019Ordine degli architetti di Belluno e del Comune di Feltre, infatti, \u00e8 indetto un concorso di design per la [&hellip;]<\/p>\n","protected":false},"author":2,"featured_media":0,"comment_status":"closed","ping_status":"open","sticky":false,"template":"","format":"standard","meta":{"footnotes":""},"categories":[3,26,8],"tags":[],"class_list":["post-47925","post","type-post","status-publish","format-standard","category-arte-cultura-spettacoli-scienza-archivi","category-prima-pagina","category-societa-istituzioni"],"yoast_head":"<!-- This site is optimized with the Yoast SEO plugin v28.4 - https:\/\/yoast.com\/product\/yoast-seo-wordpress\/ -->\n<title>Anche il concorso di design per la pietra alla 27ma mostra dell&#039;Artigianato dal 27 al 30 giugno a Feltre - Bellunopress - Dolomiti<\/title>\n<meta name=\"robots\" content=\"index, follow, max-snippet:-1, max-image-preview:large, max-video-preview:-1\" \/>\n<link rel=\"canonical\" href=\"https:\/\/www.bellunopress.it\/fr\/2013\/03\/25\/anche-il-concorso-di-design-per-la-pietra-alla-27ma-mostra-dellartigianato-dal-27-al-30-giugno-a-feltre\/\" \/>\n<meta property=\"og:locale\" content=\"fr_FR\" \/>\n<meta property=\"og:type\" content=\"article\" \/>\n<meta property=\"og:title\" content=\"Anche il concorso di design per la pietra alla 27ma mostra dell&#039;Artigianato dal 27 al 30 giugno a Feltre - Bellunopress - Dolomiti\" \/>\n<meta property=\"og:description\" content=\"Una grande novit\u00e0 \u00e8 riservata alla pietra quest&#8217;anno alla 27ma Mostra dell&#8217;artigianato di Feltre che si terr\u00e0 nei giorni dal 27 al 30 giugno. Grazie alla collaborazione con la ditta Fent Marmi snc e al patrocinio dell\u2019Ordine degli architetti di Belluno e del Comune di Feltre, infatti, \u00e8 indetto un concorso di design per la [&hellip;]\" \/>\n<meta property=\"og:url\" content=\"https:\/\/www.bellunopress.it\/fr\/2013\/03\/25\/anche-il-concorso-di-design-per-la-pietra-alla-27ma-mostra-dellartigianato-dal-27-al-30-giugno-a-feltre\/\" \/>\n<meta property=\"og:site_name\" content=\"Bellunopress - Dolomiti\" \/>\n<meta property=\"article:publisher\" content=\"https:\/\/www.facebook.com\/profile.php?id=100008943462799\" \/>\n<meta property=\"article:published_time\" content=\"2013-03-25T21:24:53+00:00\" \/>\n<meta property=\"og:image\" content=\"http:\/\/www.bellunopress.it\/wp-content\/uploads\/2012\/07\/mostra-dellartigianato-feltre.jpg\" \/>\n<meta name=\"author\" content=\"redazione\" \/>\n<meta name=\"twitter:card\" content=\"summary_large_image\" \/>\n<meta name=\"twitter:creator\" content=\"@bellunopress\" \/>\n<meta name=\"twitter:site\" content=\"@bellunopress\" \/>\n<meta name=\"twitter:label1\" content=\"\u00c9crit par\" \/>\n\t<meta name=\"twitter:data1\" content=\"redazione\" \/>\n\t<meta name=\"twitter:label2\" content=\"Dur\u00e9e de lecture estim\u00e9e\" \/>\n\t<meta name=\"twitter:data2\" content=\"2 minutes\" \/>\n<script type=\"application\/ld+json\" class=\"yoast-schema-graph\">{\"@context\":\"https:\\\/\\\/schema.org\",\"@graph\":[{\"@type\":\"Article\",\"@id\":\"https:\\\/\\\/www.bellunopress.it\\\/2013\\\/03\\\/25\\\/anche-il-concorso-di-design-per-la-pietra-alla-27ma-mostra-dellartigianato-dal-27-al-30-giugno-a-feltre\\\/#article\",\"isPartOf\":{\"@id\":\"https:\\\/\\\/www.bellunopress.it\\\/2013\\\/03\\\/25\\\/anche-il-concorso-di-design-per-la-pietra-alla-27ma-mostra-dellartigianato-dal-27-al-30-giugno-a-feltre\\\/\"},\"author\":{\"name\":\"redazione\",\"@id\":\"https:\\\/\\\/www.bellunopress.it\\\/#\\\/schema\\\/person\\\/79bb06722b37ece1c03d3e94beb30d73\"},\"headline\":\"Anche il concorso di design per la pietra alla 27ma mostra dell&#8217;Artigianato dal 27 al 30 giugno a Feltre\",\"datePublished\":\"2013-03-25T21:24:53+00:00\",\"mainEntityOfPage\":{\"@id\":\"https:\\\/\\\/www.bellunopress.it\\\/2013\\\/03\\\/25\\\/anche-il-concorso-di-design-per-la-pietra-alla-27ma-mostra-dellartigianato-dal-27-al-30-giugno-a-feltre\\\/\"},\"wordCount\":336,\"publisher\":{\"@id\":\"https:\\\/\\\/www.bellunopress.it\\\/#organization\"},\"image\":{\"@id\":\"https:\\\/\\\/www.bellunopress.it\\\/2013\\\/03\\\/25\\\/anche-il-concorso-di-design-per-la-pietra-alla-27ma-mostra-dellartigianato-dal-27-al-30-giugno-a-feltre\\\/#primaryimage\"},\"thumbnailUrl\":\"http:\\\/\\\/www.bellunopress.it\\\/wp-content\\\/uploads\\\/2012\\\/07\\\/mostra-dellartigianato-feltre.jpg\",\"articleSection\":[\"Arte, Cultura, Spettacoli, Scienza\",\"Prima Pagina\",\"Societ\u00e0, Associazioni, Istituzioni\"],\"inLanguage\":\"fr-FR\"},{\"@type\":\"WebPage\",\"@id\":\"https:\\\/\\\/www.bellunopress.it\\\/2013\\\/03\\\/25\\\/anche-il-concorso-di-design-per-la-pietra-alla-27ma-mostra-dellartigianato-dal-27-al-30-giugno-a-feltre\\\/\",\"url\":\"https:\\\/\\\/www.bellunopress.it\\\/2013\\\/03\\\/25\\\/anche-il-concorso-di-design-per-la-pietra-alla-27ma-mostra-dellartigianato-dal-27-al-30-giugno-a-feltre\\\/\",\"name\":\"Anche il concorso di design per la pietra alla 27ma mostra dell'Artigianato dal 27 al 30 giugno a Feltre - Bellunopress - Dolomiti\",\"isPartOf\":{\"@id\":\"https:\\\/\\\/www.bellunopress.it\\\/#website\"},\"primaryImageOfPage\":{\"@id\":\"https:\\\/\\\/www.bellunopress.it\\\/2013\\\/03\\\/25\\\/anche-il-concorso-di-design-per-la-pietra-alla-27ma-mostra-dellartigianato-dal-27-al-30-giugno-a-feltre\\\/#primaryimage\"},\"image\":{\"@id\":\"https:\\\/\\\/www.bellunopress.it\\\/2013\\\/03\\\/25\\\/anche-il-concorso-di-design-per-la-pietra-alla-27ma-mostra-dellartigianato-dal-27-al-30-giugno-a-feltre\\\/#primaryimage\"},\"thumbnailUrl\":\"http:\\\/\\\/www.bellunopress.it\\\/wp-content\\\/uploads\\\/2012\\\/07\\\/mostra-dellartigianato-feltre.jpg\",\"datePublished\":\"2013-03-25T21:24:53+00:00\",\"breadcrumb\":{\"@id\":\"https:\\\/\\\/www.bellunopress.it\\\/2013\\\/03\\\/25\\\/anche-il-concorso-di-design-per-la-pietra-alla-27ma-mostra-dellartigianato-dal-27-al-30-giugno-a-feltre\\\/#breadcrumb\"},\"inLanguage\":\"fr-FR\",\"potentialAction\":[{\"@type\":\"ReadAction\",\"target\":[\"https:\\\/\\\/www.bellunopress.it\\\/2013\\\/03\\\/25\\\/anche-il-concorso-di-design-per-la-pietra-alla-27ma-mostra-dellartigianato-dal-27-al-30-giugno-a-feltre\\\/\"]}]},{\"@type\":\"ImageObject\",\"inLanguage\":\"fr-FR\",\"@id\":\"https:\\\/\\\/www.bellunopress.it\\\/2013\\\/03\\\/25\\\/anche-il-concorso-di-design-per-la-pietra-alla-27ma-mostra-dellartigianato-dal-27-al-30-giugno-a-feltre\\\/#primaryimage\",\"url\":\"http:\\\/\\\/www.bellunopress.it\\\/wp-content\\\/uploads\\\/2012\\\/07\\\/mostra-dellartigianato-feltre.jpg\",\"contentUrl\":\"http:\\\/\\\/www.bellunopress.it\\\/wp-content\\\/uploads\\\/2012\\\/07\\\/mostra-dellartigianato-feltre.jpg\"},{\"@type\":\"BreadcrumbList\",\"@id\":\"https:\\\/\\\/www.bellunopress.it\\\/2013\\\/03\\\/25\\\/anche-il-concorso-di-design-per-la-pietra-alla-27ma-mostra-dellartigianato-dal-27-al-30-giugno-a-feltre\\\/#breadcrumb\",\"itemListElement\":[{\"@type\":\"ListItem\",\"position\":1,\"name\":\"Home\",\"item\":\"https:\\\/\\\/www.bellunopress.it\\\/\"},{\"@type\":\"ListItem\",\"position\":2,\"name\":\"Anche il concorso di design per la pietra alla 27ma mostra dell&#8217;Artigianato dal 27 al 30 giugno a Feltre\"}]},{\"@type\":\"WebSite\",\"@id\":\"https:\\\/\\\/www.bellunopress.it\\\/#website\",\"url\":\"https:\\\/\\\/www.bellunopress.it\\\/\",\"name\":\"Bellunopress - Dolomiti\",\"description\":\"e-mail: redazione@bellunopress.it\",\"publisher\":{\"@id\":\"https:\\\/\\\/www.bellunopress.it\\\/#organization\"},\"potentialAction\":[{\"@type\":\"SearchAction\",\"target\":{\"@type\":\"EntryPoint\",\"urlTemplate\":\"https:\\\/\\\/www.bellunopress.it\\\/?s={search_term_string}\"},\"query-input\":{\"@type\":\"PropertyValueSpecification\",\"valueRequired\":true,\"valueName\":\"search_term_string\"}}],\"inLanguage\":\"fr-FR\"},{\"@type\":\"Organization\",\"@id\":\"https:\\\/\\\/www.bellunopress.it\\\/#organization\",\"name\":\"Bellunopress\",\"url\":\"https:\\\/\\\/www.bellunopress.it\\\/\",\"logo\":{\"@type\":\"ImageObject\",\"inLanguage\":\"fr-FR\",\"@id\":\"https:\\\/\\\/www.bellunopress.it\\\/#\\\/schema\\\/logo\\\/image\\\/\",\"url\":\"https:\\\/\\\/www.bellunopress.it\\\/wp-content\\\/uploads\\\/2011\\\/05\\\/cropped-logo-bellunopress-.jpg\",\"contentUrl\":\"https:\\\/\\\/www.bellunopress.it\\\/wp-content\\\/uploads\\\/2011\\\/05\\\/cropped-logo-bellunopress-.jpg\",\"width\":512,\"height\":512,\"caption\":\"Bellunopress\"},\"image\":{\"@id\":\"https:\\\/\\\/www.bellunopress.it\\\/#\\\/schema\\\/logo\\\/image\\\/\"},\"sameAs\":[\"https:\\\/\\\/www.facebook.com\\\/profile.php?id=100008943462799\",\"https:\\\/\\\/x.com\\\/bellunopress\",\"https:\\\/\\\/www.linkedin.com\\\/hp\\\/?dnr=JBzUWaJfMUw8vbXJJ2tVW5-I3jZKvC4wsoxE&amp;amp;amp;amp;amp;amp;trk=nav_responsive_tab_home\",\"https:\\\/\\\/www.youtube.com\\\/channel\\\/UCxL0wu1uN0_3_7hGG0306cw\"]},{\"@type\":\"Person\",\"@id\":\"https:\\\/\\\/www.bellunopress.it\\\/#\\\/schema\\\/person\\\/79bb06722b37ece1c03d3e94beb30d73\",\"name\":\"redazione\",\"image\":{\"@type\":\"ImageObject\",\"inLanguage\":\"fr-FR\",\"@id\":\"https:\\\/\\\/secure.gravatar.com\\\/avatar\\\/37d968a2e67a6fd04c169c4bdef102d0bc5d31b2546345219e348575eb80e9a0?s=96&d=mm&r=g\",\"url\":\"https:\\\/\\\/secure.gravatar.com\\\/avatar\\\/37d968a2e67a6fd04c169c4bdef102d0bc5d31b2546345219e348575eb80e9a0?s=96&d=mm&r=g\",\"contentUrl\":\"https:\\\/\\\/secure.gravatar.com\\\/avatar\\\/37d968a2e67a6fd04c169c4bdef102d0bc5d31b2546345219e348575eb80e9a0?s=96&d=mm&r=g\",\"caption\":\"redazione\"},\"sameAs\":[\"http:\\\/\\\/www.bellunopress.it\",\"https:\\\/\\\/x.com\\\/bellunopress\"],\"url\":\"https:\\\/\\\/www.bellunopress.it\\\/fr\\\/author\\\/redazione\\\/\"}]}<\/script>\n<!-- \/ Yoast SEO plugin. -->","yoast_head_json":{"title":"Anche il concorso di design per la pietra alla 27ma mostra dell'Artigianato dal 27 al 30 giugno a Feltre - Bellunopress - Dolomiti","robots":{"index":"index","follow":"follow","max-snippet":"max-snippet:-1","max-image-preview":"max-image-preview:large","max-video-preview":"max-video-preview:-1"},"canonical":"https:\/\/www.bellunopress.it\/fr\/2013\/03\/25\/anche-il-concorso-di-design-per-la-pietra-alla-27ma-mostra-dellartigianato-dal-27-al-30-giugno-a-feltre\/","og_locale":"fr_FR","og_type":"article","og_title":"Anche il concorso di design per la pietra alla 27ma mostra dell'Artigianato dal 27 al 30 giugno a Feltre - Bellunopress - Dolomiti","og_description":"Una grande novit\u00e0 \u00e8 riservata alla pietra quest&#8217;anno alla 27ma Mostra dell&#8217;artigianato di Feltre che si terr\u00e0 nei giorni dal 27 al 30 giugno. Grazie alla collaborazione con la ditta Fent Marmi snc e al patrocinio dell\u2019Ordine degli architetti di Belluno e del Comune di Feltre, infatti, \u00e8 indetto un concorso di design per la [&hellip;]","og_url":"https:\/\/www.bellunopress.it\/fr\/2013\/03\/25\/anche-il-concorso-di-design-per-la-pietra-alla-27ma-mostra-dellartigianato-dal-27-al-30-giugno-a-feltre\/","og_site_name":"Bellunopress - Dolomiti","article_publisher":"https:\/\/www.facebook.com\/profile.php?id=100008943462799","article_published_time":"2013-03-25T21:24:53+00:00","og_image":[{"url":"http:\/\/www.bellunopress.it\/wp-content\/uploads\/2012\/07\/mostra-dellartigianato-feltre.jpg","type":"","width":"","height":""}],"author":"redazione","twitter_card":"summary_large_image","twitter_creator":"@bellunopress","twitter_site":"@bellunopress","twitter_misc":{"\u00c9crit par":"redazione","Dur\u00e9e de lecture estim\u00e9e":"2 minutes"},"schema":{"@context":"https:\/\/schema.org","@graph":[{"@type":"Article","@id":"https:\/\/www.bellunopress.it\/2013\/03\/25\/anche-il-concorso-di-design-per-la-pietra-alla-27ma-mostra-dellartigianato-dal-27-al-30-giugno-a-feltre\/#article","isPartOf":{"@id":"https:\/\/www.bellunopress.it\/2013\/03\/25\/anche-il-concorso-di-design-per-la-pietra-alla-27ma-mostra-dellartigianato-dal-27-al-30-giugno-a-feltre\/"},"author":{"name":"redazione","@id":"https:\/\/www.bellunopress.it\/#\/schema\/person\/79bb06722b37ece1c03d3e94beb30d73"},"headline":"Anche il concorso di design per la pietra alla 27ma mostra dell&#8217;Artigianato dal 27 al 30 giugno a Feltre","datePublished":"2013-03-25T21:24:53+00:00","mainEntityOfPage":{"@id":"https:\/\/www.bellunopress.it\/2013\/03\/25\/anche-il-concorso-di-design-per-la-pietra-alla-27ma-mostra-dellartigianato-dal-27-al-30-giugno-a-feltre\/"},"wordCount":336,"publisher":{"@id":"https:\/\/www.bellunopress.it\/#organization"},"image":{"@id":"https:\/\/www.bellunopress.it\/2013\/03\/25\/anche-il-concorso-di-design-per-la-pietra-alla-27ma-mostra-dellartigianato-dal-27-al-30-giugno-a-feltre\/#primaryimage"},"thumbnailUrl":"http:\/\/www.bellunopress.it\/wp-content\/uploads\/2012\/07\/mostra-dellartigianato-feltre.jpg","articleSection":["Arte, Cultura, Spettacoli, Scienza","Prima Pagina","Societ\u00e0, Associazioni, Istituzioni"],"inLanguage":"fr-FR"},{"@type":"WebPage","@id":"https:\/\/www.bellunopress.it\/2013\/03\/25\/anche-il-concorso-di-design-per-la-pietra-alla-27ma-mostra-dellartigianato-dal-27-al-30-giugno-a-feltre\/","url":"https:\/\/www.bellunopress.it\/2013\/03\/25\/anche-il-concorso-di-design-per-la-pietra-alla-27ma-mostra-dellartigianato-dal-27-al-30-giugno-a-feltre\/","name":"Anche il concorso di design per la pietra alla 27ma mostra dell'Artigianato dal 27 al 30 giugno a Feltre - Bellunopress - Dolomiti","isPartOf":{"@id":"https:\/\/www.bellunopress.it\/#website"},"primaryImageOfPage":{"@id":"https:\/\/www.bellunopress.it\/2013\/03\/25\/anche-il-concorso-di-design-per-la-pietra-alla-27ma-mostra-dellartigianato-dal-27-al-30-giugno-a-feltre\/#primaryimage"},"image":{"@id":"https:\/\/www.bellunopress.it\/2013\/03\/25\/anche-il-concorso-di-design-per-la-pietra-alla-27ma-mostra-dellartigianato-dal-27-al-30-giugno-a-feltre\/#primaryimage"},"thumbnailUrl":"http:\/\/www.bellunopress.it\/wp-content\/uploads\/2012\/07\/mostra-dellartigianato-feltre.jpg","datePublished":"2013-03-25T21:24:53+00:00","breadcrumb":{"@id":"https:\/\/www.bellunopress.it\/2013\/03\/25\/anche-il-concorso-di-design-per-la-pietra-alla-27ma-mostra-dellartigianato-dal-27-al-30-giugno-a-feltre\/#breadcrumb"},"inLanguage":"fr-FR","potentialAction":[{"@type":"ReadAction","target":["https:\/\/www.bellunopress.it\/2013\/03\/25\/anche-il-concorso-di-design-per-la-pietra-alla-27ma-mostra-dellartigianato-dal-27-al-30-giugno-a-feltre\/"]}]},{"@type":"ImageObject","inLanguage":"fr-FR","@id":"https:\/\/www.bellunopress.it\/2013\/03\/25\/anche-il-concorso-di-design-per-la-pietra-alla-27ma-mostra-dellartigianato-dal-27-al-30-giugno-a-feltre\/#primaryimage","url":"http:\/\/www.bellunopress.it\/wp-content\/uploads\/2012\/07\/mostra-dellartigianato-feltre.jpg","contentUrl":"http:\/\/www.bellunopress.it\/wp-content\/uploads\/2012\/07\/mostra-dellartigianato-feltre.jpg"},{"@type":"BreadcrumbList","@id":"https:\/\/www.bellunopress.it\/2013\/03\/25\/anche-il-concorso-di-design-per-la-pietra-alla-27ma-mostra-dellartigianato-dal-27-al-30-giugno-a-feltre\/#breadcrumb","itemListElement":[{"@type":"ListItem","position":1,"name":"Home","item":"https:\/\/www.bellunopress.it\/"},{"@type":"ListItem","position":2,"name":"Anche il concorso di design per la pietra alla 27ma mostra dell&#8217;Artigianato dal 27 al 30 giugno a Feltre"}]},{"@type":"WebSite","@id":"https:\/\/www.bellunopress.it\/#website","url":"https:\/\/www.bellunopress.it\/","name":"Bellunopress - Dolomiti","description":"e-mail: redazione@bellunopress.it","publisher":{"@id":"https:\/\/www.bellunopress.it\/#organization"},"potentialAction":[{"@type":"SearchAction","target":{"@type":"EntryPoint","urlTemplate":"https:\/\/www.bellunopress.it\/?s={search_term_string}"},"query-input":{"@type":"PropertyValueSpecification","valueRequired":true,"valueName":"search_term_string"}}],"inLanguage":"fr-FR"},{"@type":"Organization","@id":"https:\/\/www.bellunopress.it\/#organization","name":"Bellunopress","url":"https:\/\/www.bellunopress.it\/","logo":{"@type":"ImageObject","inLanguage":"fr-FR","@id":"https:\/\/www.bellunopress.it\/#\/schema\/logo\/image\/","url":"https:\/\/www.bellunopress.it\/wp-content\/uploads\/2011\/05\/cropped-logo-bellunopress-.jpg","contentUrl":"https:\/\/www.bellunopress.it\/wp-content\/uploads\/2011\/05\/cropped-logo-bellunopress-.jpg","width":512,"height":512,"caption":"Bellunopress"},"image":{"@id":"https:\/\/www.bellunopress.it\/#\/schema\/logo\/image\/"},"sameAs":["https:\/\/www.facebook.com\/profile.php?id=100008943462799","https:\/\/x.com\/bellunopress","https:\/\/www.linkedin.com\/hp\/?dnr=JBzUWaJfMUw8vbXJJ2tVW5-I3jZKvC4wsoxE&amp;amp;amp;amp;amp;amp;trk=nav_responsive_tab_home","https:\/\/www.youtube.com\/channel\/UCxL0wu1uN0_3_7hGG0306cw"]},{"@type":"Person","@id":"https:\/\/www.bellunopress.it\/#\/schema\/person\/79bb06722b37ece1c03d3e94beb30d73","name":"r\u00e9daction","image":{"@type":"ImageObject","inLanguage":"fr-FR","@id":"https:\/\/secure.gravatar.com\/avatar\/37d968a2e67a6fd04c169c4bdef102d0bc5d31b2546345219e348575eb80e9a0?s=96&d=mm&r=g","url":"https:\/\/secure.gravatar.com\/avatar\/37d968a2e67a6fd04c169c4bdef102d0bc5d31b2546345219e348575eb80e9a0?s=96&d=mm&r=g","contentUrl":"https:\/\/secure.gravatar.com\/avatar\/37d968a2e67a6fd04c169c4bdef102d0bc5d31b2546345219e348575eb80e9a0?s=96&d=mm&r=g","caption":"redazione"},"sameAs":["http:\/\/www.bellunopress.it","https:\/\/x.com\/bellunopress"],"url":"https:\/\/www.bellunopress.it\/fr\/author\/redazione\/"}]}},"_links":{"self":[{"href":"https:\/\/www.bellunopress.it\/fr\/wp-json\/wp\/v2\/posts\/47925","targetHints":{"allow":["GET"]}}],"collection":[{"href":"https:\/\/www.bellunopress.it\/fr\/wp-json\/wp\/v2\/posts"}],"about":[{"href":"https:\/\/www.bellunopress.it\/fr\/wp-json\/wp\/v2\/types\/post"}],"author":[{"embeddable":true,"href":"https:\/\/www.bellunopress.it\/fr\/wp-json\/wp\/v2\/users\/2"}],"replies":[{"embeddable":true,"href":"https:\/\/www.bellunopress.it\/fr\/wp-json\/wp\/v2\/comments?post=47925"}],"version-history":[{"count":1,"href":"https:\/\/www.bellunopress.it\/fr\/wp-json\/wp\/v2\/posts\/47925\/revisions"}],"predecessor-version":[{"id":47926,"href":"https:\/\/www.bellunopress.it\/fr\/wp-json\/wp\/v2\/posts\/47925\/revisions\/47926"}],"wp:attachment":[{"href":"https:\/\/www.bellunopress.it\/fr\/wp-json\/wp\/v2\/media?parent=47925"}],"wp:term":[{"taxonomy":"category","embeddable":true,"href":"https:\/\/www.bellunopress.it\/fr\/wp-json\/wp\/v2\/categories?post=47925"},{"taxonomy":"post_tag","embeddable":true,"href":"https:\/\/www.bellunopress.it\/fr\/wp-json\/wp\/v2\/tags?post=47925"}],"curies":[{"name":"wp","href":"https:\/\/api.w.org\/{rel}","templated":true}]}}