{"id":47923,"date":"2013-03-25T21:22:19","date_gmt":"2013-03-25T20:22:19","guid":{"rendered":"http:\/\/www.bellunopress.it\/?p=47923"},"modified":"2013-03-25T21:22:19","modified_gmt":"2013-03-25T20:22:19","slug":"linea-ferroviaria-calalzo-padova-la-proposta-dei-pendolari-del-blog-binariquotidiani","status":"publish","type":"post","link":"https:\/\/www.bellunopress.it\/fr\/2013\/03\/25\/linea-ferroviaria-calalzo-padova-la-proposta-dei-pendolari-del-blog-binariquotidiani\/","title":{"rendered":"Linea ferroviaria Calalzo-Padova: la proposta dei pendolari del blog BinariQuotidiani"},"content":{"rendered":"<p><a href=\"http:\/\/www.bellunopress.it\/wp-content\/uploads\/2009\/02\/binari-galleria.jpg\"><img loading=\"lazy\" decoding=\"async\" class=\"alignleft size-full wp-image-416\" alt=\"binari-galleria\" src=\"http:\/\/www.bellunopress.it\/wp-content\/uploads\/2009\/02\/binari-galleria.jpg\" width=\"241\" height=\"181\" \/><\/a>I pendolari del blog BinariQuotidiani, invitano i sindaci e i consigli comunali\u00a0dei comuni della provincia di Belluno e alcuni\u00a0delle province di Treviso e Padova e Pordenone alla riflessione, dibattito e azione congiunta per favorire l&#8217;efficienza e\u00a0affidabilit\u00e0 del trasporto ferroviario nella parte pi\u00f9 settentrionale\u00a0del Veneto.<\/p>\n<p>&#8220;Dopo anni di pendolarismo &#8211; scrivono nella lettera ai sindaci &#8211; notando un progressivo peggioramento del servizio\u00a0ferroviario, da un anno a questa parte abbiamo iniziato a darci da fare per evidenziare le\u00a0carenze e le problematiche.<\/p>\n<p>Prima di elencarvi alcuni dati e considerazioni vogliamo farvi riflettere sui seguenti\u00a0punti e farvi alcune proposte.<\/p>\n<p>La linea Calalzo \u2013 Padova ha un&#8217;utenza, anche tra fermate intermedie, di tipo:<\/p>\n<p>&#8211; pendolare:<\/p>\n<p>&#8211; studenti medie-superiori e universitari (sia quotidiano che settimanale),<\/p>\n<p>&#8211; lavoratori che sono legati al loro territorio e vogliono rimanerci (quotidiano)<\/p>\n<p>&#8211; occasionale per:<\/p>\n<p>&#8211; viaggi di lavoro<\/p>\n<p>&#8211; viaggi di diletto<\/p>\n<p>&#8211; visite mediche specialistiche<\/p>\n<p>&#8211; turismo nelle aree montane, periferiche<\/p>\n<p>&#8211; il maggior bacino di utenza quotidiano, attuale e potenziale, \u00e8 l&#8217;alto trevigiano; l&#8217;utenza<\/p>\n<p>settimanale ricopre anche la provincia di Belluno e il comune di Erto-Casso.<\/p>\n<p>Vi \u00e8 da riflettere che:<\/p>\n<p>&#8211; la linea ferroviaria \u00e8 un unicum dove interventi migliorativi in qualsiasi suo punto vanno a<\/p>\n<p>vantaggio di tutti;<\/p>\n<p>&#8211; disservizi e fragilit\u00e0 della linea danneggiano sia i viaggiatori che le popolazioni locali dei<\/p>\n<p>territori attraversati;<\/p>\n<p>&#8211; un servizio ferroviario efficiente ed affidabile oltre a favorire il quotidiano movimento delle<\/p>\n<p>persone, ridurre problemi veicolari, ridurre problemi di inquinamento, aiuta lo sviluppo<\/p>\n<p>turistico;<\/p>\n<p>&#8211; un&#8217;Amministrazione locale pu\u00f2 riuscire ad indicare e ad appoggiare azioni di<\/p>\n<p>miglioramento e potenziamento del trasporto ferroviario anche fuori del proprio territorio;<\/p>\n<p>&#8211; la Linea Calalzo \u2013 Padova \u00e8 una linea periferica che collega una grande citt\u00e0 di pianura<\/p>\n<p>ad un capoluogo di provincia e zone turistiche periferiche come lo sono la linea Torino &#8211;<\/p>\n<p>Aosta \u2013 Pr\u00e9 S. Didier, e la Milano \u2013 Lecco \u2013 Sondrio \u2013 Tirano (dove Aosta e Sondrio hanno<\/p>\n<p>circa gli stessi abitanti di Belluno e Feltre);<\/p>\n<p>&#8211; una gestione locale e parziale della stessa linea \u00e8 sensata se limitata ad alcune corse<\/p>\n<p>locali intercalate tra le principali per l&#8217;intera linea;<\/p>\n<p>&#8211; la struttura fisica della linea (gallerie ecc.) non permette un&#8217;elettrificazione.<\/p>\n<p>LE NOSTRE PROPOSTE PER IL MIGLIORAMENTO<\/p>\n<p>1) Contrattuali Regione \u2013 Trenitalia e Regione \u2013 RFI (tutte le linee)<\/p>\n<p>&#8211; Eliminare l&#8217;articolo 22 e l&#8217;occultamento dei dati di costo dei servizi.<\/p>\n<p>&#8211; Considerare come ritardo la media dei ritardi ad ogni stazione di ogni singola corsa per<\/p>\n<p>ogni treno in modo di dare dignit\u00e0 a tutti i viaggiatori (es. Reg. CE n. 1371\/2007,<\/p>\n<p>\u201cArticolo 3: Definizioni: 12) \u00abritardo\u00bb: la differenza di tempo tra l\u2019ora d\u2019arrivo prevista del<\/p>\n<p>passeggero secondo l\u2019orario pubblicato e l\u2019ora del suo arrivo effettivo o previsto;\u201d).<\/p>\n<p>&#8211; I soldi delle multe a Trenitalia siano reinvestiti in miglioramenti infrastrutturali e non siano<\/p>\n<p>dati come esiguo rimborso ai pendolari.<\/p>\n<p>&#8211; Se proprio si deve dare il rimborso agli abbonati, applicare il sistema di comminazione<\/p>\n<p>multe a Trenitalia e rimborso a cadenza mensile simile a quello attivo nella Regione<\/p>\n<p>Lombardia anzich\u00e9 ritardato di 12-15 mesi come ora.<\/p>\n<p>&#8211; Obbligare il Gestore del Servizio e il Gestore delle Infrastrutture ad indicare nel contratto<\/p>\n<p>quali sono le condizioni climatico-meteorologiche entro le quali assicurano un servizio<\/p>\n<p>di qualit\u00e0 e non si avvalgano della scusa \u201cper avverse condizioni atmosferiche\u201d (art. 6<\/p>\n<p>Interruzione del servizio e servizi non resi: \u201c1 L&#8217;esecuzione del servizio non pu\u00f2 essere<\/p>\n<p>interrotta n\u00e9 sospesa da Trenitalia, salvo nei casi di forza maggiore (eventi fortuiti o<\/p>\n<p>accidentali quali ad esempio guasti o interruzioni derivanti da avverse condizioni<\/p>\n<p>atmosferiche; \u2026) e di calamit\u00e0 naturali (terrremoti frane alluvioni) non prevedibili e non<\/p>\n<p>imputabili a Trenitalia.\u201d) come ad es. \u00e8 successo nel caso della nevicata di 12 cm nel<\/p>\n<p>feltrino il 14\/12\/2012 scorso.<\/p>\n<p>2) Gestionali<\/p>\n<p>&#8211; Che la Regione renda pubblico il Documento di Programmazione del Trasporto<\/p>\n<p>Pubblico regionale 2011.<\/p>\n<p>&#8211; Che la Regione coordini la programmazione delle corse ferroviarie e di autocorriere<\/p>\n<p>in modo che non vi sia la concorrenza e sovrapposizione temporale del trasporto su<\/p>\n<p>gomma a quello su rotaia, ma che si integrino tra loro.<\/p>\n<p>&#8211; Che la Regione istituisca il biglietto unico coordinando i vari gestori del trasporto<\/p>\n<p>pubblico come si vede in altri esempi italiani.<\/p>\n<p>&#8211; Dare un forte impulso all&#8217;informazione e non lasciare i passeggeri \/ cittadini in balia dei<\/p>\n<p>disservizi nella condizione di non sapere cosa stia succedendo e nell&#8217;impossibilit\u00e0 di<\/p>\n<p>programmarsi al meglio.<\/p>\n<p>&#8211; Obbligare il Gestore del Servizio a pubblicare i resoconti mensili del servizio effettuato<\/p>\n<p>&#8211; Si suggerisce di attivare una corsa aggiuntiva con il materiale in trasferimento e non<\/p>\n<p>lasciare che esso transiti vuoto.<\/p>\n<p>&#8211; Che il sito internet del trasporto locale ferroviario abbia la stessa dignit\u00e0 di quello del<\/p>\n<p>trasporto a lunga percorrenza; cio\u00e8 che per poter trovare informazioni sul TPL-ferroviario<\/p>\n<p>non si debba dover cercare tra le pagine dedicate alle \u201cFrecce\u201d.<\/p>\n<p>&#8211; Nel sito Viaggiatreno obbligare ad indicare i treni soppressi e non doverlo capire solo<\/p>\n<p>se cercandoli per codice.<\/p>\n<p>&#8211; Fare scelte che non facciano perdere la clientela dell&#8217;alta trevigiana (stazioni di<\/p>\n<p>Cornuda e Montebelluna), anzi incentivarne il numero.<\/p>\n<p>3) Infrastrutture (linea Padova \u2013 Calalzo)<\/p>\n<p>&#8211; Attrezzare con \u201csnevatori-scaldini\u201d agli scambi delle stazioni in modo che gli scambi<\/p>\n<p>funzionino anche durante momenti di neve e gelo e sia permesso il regolare incrocio dei<\/p>\n<p>treni presso le stazioni stesse (massima priorit\u00e0 per Alano-Fener o Cornuda).<\/p>\n<p>&#8211; Costruzione del secondo ponte-binario nel tratto di attraversamento del Fiume Brenta<\/p>\n<p>presso Vigodarzere, breve tratto ad unico binario tra Padova e Castelfranco.<\/p>\n<p>&#8211; Rendere funzionanti gli ascensori costruiti alle stazioni di Campodarsego, Castelfranco<\/p>\n<p>Veneto.<\/p>\n<p>&#8211; Togliere il maggior numero possibile di passaggi a livello tra Castelfranco Veneto e<\/p>\n<p>Alano-Fener (22; vedi fig. 6 allegato), perch\u00e8 i passaggi a livello oltre ad essere strutture<\/p>\n<p>che rallentano il traffico ferroviario sono un disagio per le comunit\u00e0 di residenti nei pressi<\/p>\n<p>della linea ferroviaria e per coloro che usufruiscono di quelle arterie stradali.<\/p>\n<p>&#8211; Ripristinare il raddoppio del binario presso la stazione di Pederobba per favorire<\/p>\n<p>l&#8217;incorcio dei treni.<\/p>\n<p>&#8211; Progressivo raddoppio del binario tra Castelfranco Veneto e Montebelluna visto che il<\/p>\n<p>sedime \u00e8 gi\u00e0 presente.<\/p>\n<p>&#8211; Elettrificazione della tratta Castelfranco Veneto \u2013 Montebelluna.<\/p>\n<p>&#8211; Costruzione di rampe e\/o ascensori per l&#8217;accesso al secondo binario ed eliminazione<\/p>\n<p>delle barriere architettoniche nelle stazioni di Feltre e Belluno, ma sicuramente anche in<\/p>\n<p>altre stazioni.<\/p>\n<p>4) Materiali rotabili<\/p>\n<p>&#8211; Manutenzione materiale rotabile preventiva e non in perenne carenza come succede<\/p>\n<p>ora.<\/p>\n<p>&#8211; Modifica delle automotrici Aln668 in modo che si possano congiungere pi\u00f9 moduli da 2<\/p>\n<p>automotrici senza avere doppio personale di guida.<\/p>\n<p>&#8211; Acquistare nuovo materiale rotabile consono alle nostre linee.<\/p>\n<p>Fa parte della lettera l&#8217;allegato che contiene informazioni su:<\/p>\n<p>A) &#8211; i disservizi che abbiamo sub\u00ecto nel 2012<\/p>\n<p>B) &#8211; le iniziative che abbiamo intrapreso<\/p>\n<p>C) &#8211; i punti critici dei contratti Trenitalia \u2013 Regione Veneto e RFI \u2013 Regione Veneto<\/p>\n<p>Questa \u00e8 un&#8217;iniziativa dei pendolari \u201cBinariQuotidiani\u201d con dati e spunti acquisiti anche<\/p>\n<p>grazie a \u201cScossa\u201d, \u201cTrenibelluno\u201d, \u201cTreno dei Desideri\u201d, \u201cFerrovieanordest\u201d; \u201cViaggitareno\u201d<\/p>\n<p>http:\/\/binariquotidiani2.altervista.org<\/p>\n<p>&nbsp;<\/p>\n<p>1<\/p>","protected":false},"excerpt":{"rendered":"<p>I pendolari del blog BinariQuotidiani, invitano i sindaci e i consigli comunali\u00a0dei comuni della provincia di Belluno e alcuni\u00a0delle province di Treviso e Padova e Pordenone alla riflessione, dibattito e azione congiunta per favorire l&#8217;efficienza e\u00a0affidabilit\u00e0 del trasporto ferroviario nella parte pi\u00f9 settentrionale\u00a0del Veneto. &#8220;Dopo anni di pendolarismo &#8211; scrivono nella lettera ai sindaci &#8211; [&hellip;]<\/p>\n","protected":false},"author":2,"featured_media":0,"comment_status":"closed","ping_status":"open","sticky":false,"template":"","format":"standard","meta":{"footnotes":""},"categories":[26,8],"tags":[],"class_list":["post-47923","post","type-post","status-publish","format-standard","category-prima-pagina","category-societa-istituzioni"],"yoast_head":"<!-- This site is optimized with the Yoast SEO plugin v28.4 - https:\/\/yoast.com\/product\/yoast-seo-wordpress\/ -->\n<title>Linea ferroviaria Calalzo-Padova: la proposta dei pendolari del blog BinariQuotidiani - Bellunopress - Dolomiti<\/title>\n<meta name=\"robots\" content=\"index, follow, max-snippet:-1, max-image-preview:large, max-video-preview:-1\" \/>\n<link rel=\"canonical\" href=\"https:\/\/www.bellunopress.it\/fr\/2013\/03\/25\/linea-ferroviaria-calalzo-padova-la-proposta-dei-pendolari-del-blog-binariquotidiani\/\" \/>\n<meta property=\"og:locale\" content=\"fr_FR\" \/>\n<meta property=\"og:type\" content=\"article\" \/>\n<meta property=\"og:title\" content=\"Linea ferroviaria Calalzo-Padova: la proposta dei pendolari del blog BinariQuotidiani - Bellunopress - Dolomiti\" \/>\n<meta property=\"og:description\" content=\"I pendolari del blog BinariQuotidiani, invitano i sindaci e i consigli comunali\u00a0dei comuni della provincia di Belluno e alcuni\u00a0delle province di Treviso e Padova e Pordenone alla riflessione, dibattito e azione congiunta per favorire l&#8217;efficienza e\u00a0affidabilit\u00e0 del trasporto ferroviario nella parte pi\u00f9 settentrionale\u00a0del Veneto. &#8220;Dopo anni di pendolarismo &#8211; scrivono nella lettera ai sindaci &#8211; [&hellip;]\" \/>\n<meta property=\"og:url\" content=\"https:\/\/www.bellunopress.it\/fr\/2013\/03\/25\/linea-ferroviaria-calalzo-padova-la-proposta-dei-pendolari-del-blog-binariquotidiani\/\" \/>\n<meta property=\"og:site_name\" content=\"Bellunopress - Dolomiti\" \/>\n<meta property=\"article:publisher\" content=\"https:\/\/www.facebook.com\/profile.php?id=100008943462799\" \/>\n<meta property=\"article:published_time\" content=\"2013-03-25T20:22:19+00:00\" \/>\n<meta property=\"og:image\" content=\"http:\/\/www.bellunopress.it\/wp-content\/uploads\/2009\/02\/binari-galleria.jpg\" \/>\n<meta name=\"author\" content=\"redazione\" \/>\n<meta name=\"twitter:card\" content=\"summary_large_image\" \/>\n<meta name=\"twitter:creator\" content=\"@bellunopress\" \/>\n<meta name=\"twitter:site\" content=\"@bellunopress\" \/>\n<meta name=\"twitter:label1\" content=\"\u00c9crit par\" \/>\n\t<meta name=\"twitter:data1\" content=\"redazione\" \/>\n\t<meta name=\"twitter:label2\" content=\"Dur\u00e9e de lecture estim\u00e9e\" \/>\n\t<meta name=\"twitter:data2\" content=\"6 minutes\" \/>\n<script type=\"application\/ld+json\" class=\"yoast-schema-graph\">{\"@context\":\"https:\\\/\\\/schema.org\",\"@graph\":[{\"@type\":\"Article\",\"@id\":\"https:\\\/\\\/www.bellunopress.it\\\/2013\\\/03\\\/25\\\/linea-ferroviaria-calalzo-padova-la-proposta-dei-pendolari-del-blog-binariquotidiani\\\/#article\",\"isPartOf\":{\"@id\":\"https:\\\/\\\/www.bellunopress.it\\\/2013\\\/03\\\/25\\\/linea-ferroviaria-calalzo-padova-la-proposta-dei-pendolari-del-blog-binariquotidiani\\\/\"},\"author\":{\"name\":\"redazione\",\"@id\":\"https:\\\/\\\/www.bellunopress.it\\\/#\\\/schema\\\/person\\\/79bb06722b37ece1c03d3e94beb30d73\"},\"headline\":\"Linea ferroviaria Calalzo-Padova: la proposta dei pendolari del blog BinariQuotidiani\",\"datePublished\":\"2013-03-25T20:22:19+00:00\",\"mainEntityOfPage\":{\"@id\":\"https:\\\/\\\/www.bellunopress.it\\\/2013\\\/03\\\/25\\\/linea-ferroviaria-calalzo-padova-la-proposta-dei-pendolari-del-blog-binariquotidiani\\\/\"},\"wordCount\":1161,\"publisher\":{\"@id\":\"https:\\\/\\\/www.bellunopress.it\\\/#organization\"},\"image\":{\"@id\":\"https:\\\/\\\/www.bellunopress.it\\\/2013\\\/03\\\/25\\\/linea-ferroviaria-calalzo-padova-la-proposta-dei-pendolari-del-blog-binariquotidiani\\\/#primaryimage\"},\"thumbnailUrl\":\"http:\\\/\\\/www.bellunopress.it\\\/wp-content\\\/uploads\\\/2009\\\/02\\\/binari-galleria.jpg\",\"articleSection\":[\"Prima Pagina\",\"Societ\u00e0, Associazioni, Istituzioni\"],\"inLanguage\":\"fr-FR\"},{\"@type\":\"WebPage\",\"@id\":\"https:\\\/\\\/www.bellunopress.it\\\/2013\\\/03\\\/25\\\/linea-ferroviaria-calalzo-padova-la-proposta-dei-pendolari-del-blog-binariquotidiani\\\/\",\"url\":\"https:\\\/\\\/www.bellunopress.it\\\/2013\\\/03\\\/25\\\/linea-ferroviaria-calalzo-padova-la-proposta-dei-pendolari-del-blog-binariquotidiani\\\/\",\"name\":\"Linea ferroviaria Calalzo-Padova: la proposta dei pendolari del blog BinariQuotidiani - Bellunopress - Dolomiti\",\"isPartOf\":{\"@id\":\"https:\\\/\\\/www.bellunopress.it\\\/#website\"},\"primaryImageOfPage\":{\"@id\":\"https:\\\/\\\/www.bellunopress.it\\\/2013\\\/03\\\/25\\\/linea-ferroviaria-calalzo-padova-la-proposta-dei-pendolari-del-blog-binariquotidiani\\\/#primaryimage\"},\"image\":{\"@id\":\"https:\\\/\\\/www.bellunopress.it\\\/2013\\\/03\\\/25\\\/linea-ferroviaria-calalzo-padova-la-proposta-dei-pendolari-del-blog-binariquotidiani\\\/#primaryimage\"},\"thumbnailUrl\":\"http:\\\/\\\/www.bellunopress.it\\\/wp-content\\\/uploads\\\/2009\\\/02\\\/binari-galleria.jpg\",\"datePublished\":\"2013-03-25T20:22:19+00:00\",\"breadcrumb\":{\"@id\":\"https:\\\/\\\/www.bellunopress.it\\\/2013\\\/03\\\/25\\\/linea-ferroviaria-calalzo-padova-la-proposta-dei-pendolari-del-blog-binariquotidiani\\\/#breadcrumb\"},\"inLanguage\":\"fr-FR\",\"potentialAction\":[{\"@type\":\"ReadAction\",\"target\":[\"https:\\\/\\\/www.bellunopress.it\\\/2013\\\/03\\\/25\\\/linea-ferroviaria-calalzo-padova-la-proposta-dei-pendolari-del-blog-binariquotidiani\\\/\"]}]},{\"@type\":\"ImageObject\",\"inLanguage\":\"fr-FR\",\"@id\":\"https:\\\/\\\/www.bellunopress.it\\\/2013\\\/03\\\/25\\\/linea-ferroviaria-calalzo-padova-la-proposta-dei-pendolari-del-blog-binariquotidiani\\\/#primaryimage\",\"url\":\"http:\\\/\\\/www.bellunopress.it\\\/wp-content\\\/uploads\\\/2009\\\/02\\\/binari-galleria.jpg\",\"contentUrl\":\"http:\\\/\\\/www.bellunopress.it\\\/wp-content\\\/uploads\\\/2009\\\/02\\\/binari-galleria.jpg\"},{\"@type\":\"BreadcrumbList\",\"@id\":\"https:\\\/\\\/www.bellunopress.it\\\/2013\\\/03\\\/25\\\/linea-ferroviaria-calalzo-padova-la-proposta-dei-pendolari-del-blog-binariquotidiani\\\/#breadcrumb\",\"itemListElement\":[{\"@type\":\"ListItem\",\"position\":1,\"name\":\"Home\",\"item\":\"https:\\\/\\\/www.bellunopress.it\\\/\"},{\"@type\":\"ListItem\",\"position\":2,\"name\":\"Linea ferroviaria Calalzo-Padova: la proposta dei pendolari del blog BinariQuotidiani\"}]},{\"@type\":\"WebSite\",\"@id\":\"https:\\\/\\\/www.bellunopress.it\\\/#website\",\"url\":\"https:\\\/\\\/www.bellunopress.it\\\/\",\"name\":\"Bellunopress - Dolomiti\",\"description\":\"e-mail: redazione@bellunopress.it\",\"publisher\":{\"@id\":\"https:\\\/\\\/www.bellunopress.it\\\/#organization\"},\"potentialAction\":[{\"@type\":\"SearchAction\",\"target\":{\"@type\":\"EntryPoint\",\"urlTemplate\":\"https:\\\/\\\/www.bellunopress.it\\\/?s={search_term_string}\"},\"query-input\":{\"@type\":\"PropertyValueSpecification\",\"valueRequired\":true,\"valueName\":\"search_term_string\"}}],\"inLanguage\":\"fr-FR\"},{\"@type\":\"Organization\",\"@id\":\"https:\\\/\\\/www.bellunopress.it\\\/#organization\",\"name\":\"Bellunopress\",\"url\":\"https:\\\/\\\/www.bellunopress.it\\\/\",\"logo\":{\"@type\":\"ImageObject\",\"inLanguage\":\"fr-FR\",\"@id\":\"https:\\\/\\\/www.bellunopress.it\\\/#\\\/schema\\\/logo\\\/image\\\/\",\"url\":\"https:\\\/\\\/www.bellunopress.it\\\/wp-content\\\/uploads\\\/2011\\\/05\\\/cropped-logo-bellunopress-.jpg\",\"contentUrl\":\"https:\\\/\\\/www.bellunopress.it\\\/wp-content\\\/uploads\\\/2011\\\/05\\\/cropped-logo-bellunopress-.jpg\",\"width\":512,\"height\":512,\"caption\":\"Bellunopress\"},\"image\":{\"@id\":\"https:\\\/\\\/www.bellunopress.it\\\/#\\\/schema\\\/logo\\\/image\\\/\"},\"sameAs\":[\"https:\\\/\\\/www.facebook.com\\\/profile.php?id=100008943462799\",\"https:\\\/\\\/x.com\\\/bellunopress\",\"https:\\\/\\\/www.linkedin.com\\\/hp\\\/?dnr=JBzUWaJfMUw8vbXJJ2tVW5-I3jZKvC4wsoxE&amp;amp;amp;amp;amp;amp;trk=nav_responsive_tab_home\",\"https:\\\/\\\/www.youtube.com\\\/channel\\\/UCxL0wu1uN0_3_7hGG0306cw\"]},{\"@type\":\"Person\",\"@id\":\"https:\\\/\\\/www.bellunopress.it\\\/#\\\/schema\\\/person\\\/79bb06722b37ece1c03d3e94beb30d73\",\"name\":\"redazione\",\"image\":{\"@type\":\"ImageObject\",\"inLanguage\":\"fr-FR\",\"@id\":\"https:\\\/\\\/secure.gravatar.com\\\/avatar\\\/37d968a2e67a6fd04c169c4bdef102d0bc5d31b2546345219e348575eb80e9a0?s=96&d=mm&r=g\",\"url\":\"https:\\\/\\\/secure.gravatar.com\\\/avatar\\\/37d968a2e67a6fd04c169c4bdef102d0bc5d31b2546345219e348575eb80e9a0?s=96&d=mm&r=g\",\"contentUrl\":\"https:\\\/\\\/secure.gravatar.com\\\/avatar\\\/37d968a2e67a6fd04c169c4bdef102d0bc5d31b2546345219e348575eb80e9a0?s=96&d=mm&r=g\",\"caption\":\"redazione\"},\"sameAs\":[\"http:\\\/\\\/www.bellunopress.it\",\"https:\\\/\\\/x.com\\\/bellunopress\"],\"url\":\"https:\\\/\\\/www.bellunopress.it\\\/fr\\\/author\\\/redazione\\\/\"}]}<\/script>\n<!-- \/ Yoast SEO plugin. -->","yoast_head_json":{"title":"Linea ferroviaria Calalzo-Padova: la proposta dei pendolari del blog BinariQuotidiani - Bellunopress - Dolomiti","robots":{"index":"index","follow":"follow","max-snippet":"max-snippet:-1","max-image-preview":"max-image-preview:large","max-video-preview":"max-video-preview:-1"},"canonical":"https:\/\/www.bellunopress.it\/fr\/2013\/03\/25\/linea-ferroviaria-calalzo-padova-la-proposta-dei-pendolari-del-blog-binariquotidiani\/","og_locale":"fr_FR","og_type":"article","og_title":"Linea ferroviaria Calalzo-Padova: la proposta dei pendolari del blog BinariQuotidiani - Bellunopress - Dolomiti","og_description":"I pendolari del blog BinariQuotidiani, invitano i sindaci e i consigli comunali\u00a0dei comuni della provincia di Belluno e alcuni\u00a0delle province di Treviso e Padova e Pordenone alla riflessione, dibattito e azione congiunta per favorire l&#8217;efficienza e\u00a0affidabilit\u00e0 del trasporto ferroviario nella parte pi\u00f9 settentrionale\u00a0del Veneto. &#8220;Dopo anni di pendolarismo &#8211; scrivono nella lettera ai sindaci &#8211; [&hellip;]","og_url":"https:\/\/www.bellunopress.it\/fr\/2013\/03\/25\/linea-ferroviaria-calalzo-padova-la-proposta-dei-pendolari-del-blog-binariquotidiani\/","og_site_name":"Bellunopress - Dolomiti","article_publisher":"https:\/\/www.facebook.com\/profile.php?id=100008943462799","article_published_time":"2013-03-25T20:22:19+00:00","og_image":[{"url":"http:\/\/www.bellunopress.it\/wp-content\/uploads\/2009\/02\/binari-galleria.jpg","type":"","width":"","height":""}],"author":"redazione","twitter_card":"summary_large_image","twitter_creator":"@bellunopress","twitter_site":"@bellunopress","twitter_misc":{"\u00c9crit par":"redazione","Dur\u00e9e de lecture estim\u00e9e":"6 minutes"},"schema":{"@context":"https:\/\/schema.org","@graph":[{"@type":"Article","@id":"https:\/\/www.bellunopress.it\/2013\/03\/25\/linea-ferroviaria-calalzo-padova-la-proposta-dei-pendolari-del-blog-binariquotidiani\/#article","isPartOf":{"@id":"https:\/\/www.bellunopress.it\/2013\/03\/25\/linea-ferroviaria-calalzo-padova-la-proposta-dei-pendolari-del-blog-binariquotidiani\/"},"author":{"name":"redazione","@id":"https:\/\/www.bellunopress.it\/#\/schema\/person\/79bb06722b37ece1c03d3e94beb30d73"},"headline":"Linea ferroviaria Calalzo-Padova: la proposta dei pendolari del blog BinariQuotidiani","datePublished":"2013-03-25T20:22:19+00:00","mainEntityOfPage":{"@id":"https:\/\/www.bellunopress.it\/2013\/03\/25\/linea-ferroviaria-calalzo-padova-la-proposta-dei-pendolari-del-blog-binariquotidiani\/"},"wordCount":1161,"publisher":{"@id":"https:\/\/www.bellunopress.it\/#organization"},"image":{"@id":"https:\/\/www.bellunopress.it\/2013\/03\/25\/linea-ferroviaria-calalzo-padova-la-proposta-dei-pendolari-del-blog-binariquotidiani\/#primaryimage"},"thumbnailUrl":"http:\/\/www.bellunopress.it\/wp-content\/uploads\/2009\/02\/binari-galleria.jpg","articleSection":["Prima Pagina","Societ\u00e0, Associazioni, Istituzioni"],"inLanguage":"fr-FR"},{"@type":"WebPage","@id":"https:\/\/www.bellunopress.it\/2013\/03\/25\/linea-ferroviaria-calalzo-padova-la-proposta-dei-pendolari-del-blog-binariquotidiani\/","url":"https:\/\/www.bellunopress.it\/2013\/03\/25\/linea-ferroviaria-calalzo-padova-la-proposta-dei-pendolari-del-blog-binariquotidiani\/","name":"Linea ferroviaria Calalzo-Padova: la proposta dei pendolari del blog BinariQuotidiani - Bellunopress - Dolomiti","isPartOf":{"@id":"https:\/\/www.bellunopress.it\/#website"},"primaryImageOfPage":{"@id":"https:\/\/www.bellunopress.it\/2013\/03\/25\/linea-ferroviaria-calalzo-padova-la-proposta-dei-pendolari-del-blog-binariquotidiani\/#primaryimage"},"image":{"@id":"https:\/\/www.bellunopress.it\/2013\/03\/25\/linea-ferroviaria-calalzo-padova-la-proposta-dei-pendolari-del-blog-binariquotidiani\/#primaryimage"},"thumbnailUrl":"http:\/\/www.bellunopress.it\/wp-content\/uploads\/2009\/02\/binari-galleria.jpg","datePublished":"2013-03-25T20:22:19+00:00","breadcrumb":{"@id":"https:\/\/www.bellunopress.it\/2013\/03\/25\/linea-ferroviaria-calalzo-padova-la-proposta-dei-pendolari-del-blog-binariquotidiani\/#breadcrumb"},"inLanguage":"fr-FR","potentialAction":[{"@type":"ReadAction","target":["https:\/\/www.bellunopress.it\/2013\/03\/25\/linea-ferroviaria-calalzo-padova-la-proposta-dei-pendolari-del-blog-binariquotidiani\/"]}]},{"@type":"ImageObject","inLanguage":"fr-FR","@id":"https:\/\/www.bellunopress.it\/2013\/03\/25\/linea-ferroviaria-calalzo-padova-la-proposta-dei-pendolari-del-blog-binariquotidiani\/#primaryimage","url":"http:\/\/www.bellunopress.it\/wp-content\/uploads\/2009\/02\/binari-galleria.jpg","contentUrl":"http:\/\/www.bellunopress.it\/wp-content\/uploads\/2009\/02\/binari-galleria.jpg"},{"@type":"BreadcrumbList","@id":"https:\/\/www.bellunopress.it\/2013\/03\/25\/linea-ferroviaria-calalzo-padova-la-proposta-dei-pendolari-del-blog-binariquotidiani\/#breadcrumb","itemListElement":[{"@type":"ListItem","position":1,"name":"Home","item":"https:\/\/www.bellunopress.it\/"},{"@type":"ListItem","position":2,"name":"Linea ferroviaria Calalzo-Padova: la proposta dei pendolari del blog BinariQuotidiani"}]},{"@type":"WebSite","@id":"https:\/\/www.bellunopress.it\/#website","url":"https:\/\/www.bellunopress.it\/","name":"Bellunopress - Dolomiti","description":"e-mail: redazione@bellunopress.it","publisher":{"@id":"https:\/\/www.bellunopress.it\/#organization"},"potentialAction":[{"@type":"SearchAction","target":{"@type":"EntryPoint","urlTemplate":"https:\/\/www.bellunopress.it\/?s={search_term_string}"},"query-input":{"@type":"PropertyValueSpecification","valueRequired":true,"valueName":"search_term_string"}}],"inLanguage":"fr-FR"},{"@type":"Organization","@id":"https:\/\/www.bellunopress.it\/#organization","name":"Bellunopress","url":"https:\/\/www.bellunopress.it\/","logo":{"@type":"ImageObject","inLanguage":"fr-FR","@id":"https:\/\/www.bellunopress.it\/#\/schema\/logo\/image\/","url":"https:\/\/www.bellunopress.it\/wp-content\/uploads\/2011\/05\/cropped-logo-bellunopress-.jpg","contentUrl":"https:\/\/www.bellunopress.it\/wp-content\/uploads\/2011\/05\/cropped-logo-bellunopress-.jpg","width":512,"height":512,"caption":"Bellunopress"},"image":{"@id":"https:\/\/www.bellunopress.it\/#\/schema\/logo\/image\/"},"sameAs":["https:\/\/www.facebook.com\/profile.php?id=100008943462799","https:\/\/x.com\/bellunopress","https:\/\/www.linkedin.com\/hp\/?dnr=JBzUWaJfMUw8vbXJJ2tVW5-I3jZKvC4wsoxE&amp;amp;amp;amp;amp;amp;trk=nav_responsive_tab_home","https:\/\/www.youtube.com\/channel\/UCxL0wu1uN0_3_7hGG0306cw"]},{"@type":"Person","@id":"https:\/\/www.bellunopress.it\/#\/schema\/person\/79bb06722b37ece1c03d3e94beb30d73","name":"r\u00e9daction","image":{"@type":"ImageObject","inLanguage":"fr-FR","@id":"https:\/\/secure.gravatar.com\/avatar\/37d968a2e67a6fd04c169c4bdef102d0bc5d31b2546345219e348575eb80e9a0?s=96&d=mm&r=g","url":"https:\/\/secure.gravatar.com\/avatar\/37d968a2e67a6fd04c169c4bdef102d0bc5d31b2546345219e348575eb80e9a0?s=96&d=mm&r=g","contentUrl":"https:\/\/secure.gravatar.com\/avatar\/37d968a2e67a6fd04c169c4bdef102d0bc5d31b2546345219e348575eb80e9a0?s=96&d=mm&r=g","caption":"redazione"},"sameAs":["http:\/\/www.bellunopress.it","https:\/\/x.com\/bellunopress"],"url":"https:\/\/www.bellunopress.it\/fr\/author\/redazione\/"}]}},"_links":{"self":[{"href":"https:\/\/www.bellunopress.it\/fr\/wp-json\/wp\/v2\/posts\/47923","targetHints":{"allow":["GET"]}}],"collection":[{"href":"https:\/\/www.bellunopress.it\/fr\/wp-json\/wp\/v2\/posts"}],"about":[{"href":"https:\/\/www.bellunopress.it\/fr\/wp-json\/wp\/v2\/types\/post"}],"author":[{"embeddable":true,"href":"https:\/\/www.bellunopress.it\/fr\/wp-json\/wp\/v2\/users\/2"}],"replies":[{"embeddable":true,"href":"https:\/\/www.bellunopress.it\/fr\/wp-json\/wp\/v2\/comments?post=47923"}],"version-history":[{"count":1,"href":"https:\/\/www.bellunopress.it\/fr\/wp-json\/wp\/v2\/posts\/47923\/revisions"}],"predecessor-version":[{"id":47924,"href":"https:\/\/www.bellunopress.it\/fr\/wp-json\/wp\/v2\/posts\/47923\/revisions\/47924"}],"wp:attachment":[{"href":"https:\/\/www.bellunopress.it\/fr\/wp-json\/wp\/v2\/media?parent=47923"}],"wp:term":[{"taxonomy":"category","embeddable":true,"href":"https:\/\/www.bellunopress.it\/fr\/wp-json\/wp\/v2\/categories?post=47923"},{"taxonomy":"post_tag","embeddable":true,"href":"https:\/\/www.bellunopress.it\/fr\/wp-json\/wp\/v2\/tags?post=47923"}],"curies":[{"name":"wp","href":"https:\/\/api.w.org\/{rel}","templated":true}]}}