{"id":47921,"date":"2013-03-25T20:59:36","date_gmt":"2013-03-25T19:59:36","guid":{"rendered":"http:\/\/www.bellunopress.it\/?p=47921"},"modified":"2013-03-25T20:59:36","modified_gmt":"2013-03-25T19:59:36","slug":"arianna-levorato-migliora-il-proprio-record-personale-a-riccione-nei-100-metri-rana","status":"publish","type":"post","link":"https:\/\/www.bellunopress.it\/fr\/2013\/03\/25\/arianna-levorato-migliora-il-proprio-record-personale-a-riccione-nei-100-metri-rana\/","title":{"rendered":"Arianna Levorato migliora il proprio record personale a Riccione nei 100 metri rana"},"content":{"rendered":"<figure id=\"attachment_47603\" aria-describedby=\"caption-attachment-47603\" style=\"width: 192px\" class=\"wp-caption alignleft\"><a href=\"http:\/\/www.bellunopress.it\/wp-content\/uploads\/2013\/03\/Arianna-Levorato-Copia.jpg\"><img loading=\"lazy\" decoding=\"async\" class=\"size-full wp-image-47603\" alt=\"Arianna Levorato\" src=\"http:\/\/www.bellunopress.it\/wp-content\/uploads\/2013\/03\/Arianna-Levorato-Copia.jpg\" width=\"192\" height=\"290\" \/><\/a><figcaption id=\"caption-attachment-47603\" class=\"wp-caption-text\">Arianna Levorato<\/figcaption><\/figure>\n<p>1.12.64! questo il tempo siglato da Arianna Levorato ai campionati italiani giovanili di Riccione nei 100 metri rana!<\/p>\n<p>Un piccolo ulteriore miglioramento del proprio primato personale ha permesso alla giovane nuotatrice della Sportivamente Belluno di classificarsi al 20mo posto nella categoria cadette, confermando ancora una volta l\u2019ottima crescita natatoria dell\u2019atleta allenata da Alberto Cassol.<\/p>\n<p>Una condotta di gara impeccabile e la forte determinazione al confronto con le migliori atlete italiane, ha garantito ad Arianna una performance molto soddisfacente,soprattutto in vista del proseguo della stagione con le gare in vasca da 50 metri dove la ranista gialloblu esprime al meglio le sue caratteristiche.<\/p>\n<p>Soddisfatto anche l\u2019allenatore per il riscontro ottenuto,frutto del lavoro giornaliero in vasca a Lambioi assieme a tutta la squadra della Sportivamente Belluno che si sta preparando per i campionati italiani AICS di fine aprile.<\/p>","protected":false},"excerpt":{"rendered":"<p>1.12.64! questo il tempo siglato da Arianna Levorato ai campionati italiani giovanili di Riccione nei 100 metri rana! Un piccolo ulteriore miglioramento del proprio primato personale ha permesso alla giovane nuotatrice della Sportivamente Belluno di classificarsi al 20mo posto nella categoria cadette, confermando ancora una volta l\u2019ottima crescita natatoria dell\u2019atleta allenata da Alberto Cassol. Una [&hellip;]<\/p>\n","protected":false},"author":2,"featured_media":0,"comment_status":"closed","ping_status":"open","sticky":false,"template":"","format":"standard","meta":{"footnotes":""},"categories":[26,4],"tags":[],"class_list":["post-47921","post","type-post","status-publish","format-standard","category-prima-pagina","category-sport"],"yoast_head":"<!-- This site is optimized with the Yoast SEO plugin v28.4 - https:\/\/yoast.com\/product\/yoast-seo-wordpress\/ -->\n<title>Arianna Levorato migliora il proprio record personale a Riccione nei 100 metri rana  - Bellunopress - Dolomiti<\/title>\n<meta name=\"robots\" content=\"index, follow, max-snippet:-1, max-image-preview:large, max-video-preview:-1\" \/>\n<link rel=\"canonical\" href=\"https:\/\/www.bellunopress.it\/fr\/2013\/03\/25\/arianna-levorato-migliora-il-proprio-record-personale-a-riccione-nei-100-metri-rana\/\" \/>\n<meta property=\"og:locale\" content=\"fr_FR\" \/>\n<meta property=\"og:type\" content=\"article\" \/>\n<meta property=\"og:title\" content=\"Arianna Levorato migliora il proprio record personale a Riccione nei 100 metri rana  - Bellunopress - Dolomiti\" \/>\n<meta property=\"og:description\" content=\"1.12.64! questo il tempo siglato da Arianna Levorato ai campionati italiani giovanili di Riccione nei 100 metri rana! Un piccolo ulteriore miglioramento del proprio primato personale ha permesso alla giovane nuotatrice della Sportivamente Belluno di classificarsi al 20mo posto nella categoria cadette, confermando ancora una volta l\u2019ottima crescita natatoria dell\u2019atleta allenata da Alberto Cassol. Una [&hellip;]\" \/>\n<meta property=\"og:url\" content=\"https:\/\/www.bellunopress.it\/fr\/2013\/03\/25\/arianna-levorato-migliora-il-proprio-record-personale-a-riccione-nei-100-metri-rana\/\" \/>\n<meta property=\"og:site_name\" content=\"Bellunopress - Dolomiti\" \/>\n<meta property=\"article:publisher\" content=\"https:\/\/www.facebook.com\/profile.php?id=100008943462799\" \/>\n<meta property=\"article:published_time\" content=\"2013-03-25T19:59:36+00:00\" \/>\n<meta property=\"og:image\" content=\"http:\/\/www.bellunopress.it\/wp-content\/uploads\/2013\/03\/Arianna-Levorato-Copia.jpg\" \/>\n<meta name=\"author\" content=\"redazione\" \/>\n<meta name=\"twitter:card\" content=\"summary_large_image\" \/>\n<meta name=\"twitter:creator\" content=\"@bellunopress\" \/>\n<meta name=\"twitter:site\" content=\"@bellunopress\" \/>\n<meta name=\"twitter:label1\" content=\"\u00c9crit par\" \/>\n\t<meta name=\"twitter:data1\" content=\"redazione\" \/>\n\t<meta name=\"twitter:label2\" content=\"Dur\u00e9e de lecture estim\u00e9e\" \/>\n\t<meta name=\"twitter:data2\" content=\"1 minute\" \/>\n<script type=\"application\/ld+json\" class=\"yoast-schema-graph\">{\"@context\":\"https:\\\/\\\/schema.org\",\"@graph\":[{\"@type\":\"Article\",\"@id\":\"https:\\\/\\\/www.bellunopress.it\\\/2013\\\/03\\\/25\\\/arianna-levorato-migliora-il-proprio-record-personale-a-riccione-nei-100-metri-rana\\\/#article\",\"isPartOf\":{\"@id\":\"https:\\\/\\\/www.bellunopress.it\\\/2013\\\/03\\\/25\\\/arianna-levorato-migliora-il-proprio-record-personale-a-riccione-nei-100-metri-rana\\\/\"},\"author\":{\"name\":\"redazione\",\"@id\":\"https:\\\/\\\/www.bellunopress.it\\\/#\\\/schema\\\/person\\\/79bb06722b37ece1c03d3e94beb30d73\"},\"headline\":\"Arianna Levorato migliora il proprio record personale a Riccione nei 100 metri rana\",\"datePublished\":\"2013-03-25T19:59:36+00:00\",\"mainEntityOfPage\":{\"@id\":\"https:\\\/\\\/www.bellunopress.it\\\/2013\\\/03\\\/25\\\/arianna-levorato-migliora-il-proprio-record-personale-a-riccione-nei-100-metri-rana\\\/\"},\"wordCount\":159,\"publisher\":{\"@id\":\"https:\\\/\\\/www.bellunopress.it\\\/#organization\"},\"image\":{\"@id\":\"https:\\\/\\\/www.bellunopress.it\\\/2013\\\/03\\\/25\\\/arianna-levorato-migliora-il-proprio-record-personale-a-riccione-nei-100-metri-rana\\\/#primaryimage\"},\"thumbnailUrl\":\"http:\\\/\\\/www.bellunopress.it\\\/wp-content\\\/uploads\\\/2013\\\/03\\\/Arianna-Levorato-Copia.jpg\",\"articleSection\":[\"Prima Pagina\",\"Sport, tempo libero\"],\"inLanguage\":\"fr-FR\"},{\"@type\":\"WebPage\",\"@id\":\"https:\\\/\\\/www.bellunopress.it\\\/2013\\\/03\\\/25\\\/arianna-levorato-migliora-il-proprio-record-personale-a-riccione-nei-100-metri-rana\\\/\",\"url\":\"https:\\\/\\\/www.bellunopress.it\\\/2013\\\/03\\\/25\\\/arianna-levorato-migliora-il-proprio-record-personale-a-riccione-nei-100-metri-rana\\\/\",\"name\":\"Arianna Levorato migliora il proprio record personale a Riccione nei 100 metri rana - Bellunopress - Dolomiti\",\"isPartOf\":{\"@id\":\"https:\\\/\\\/www.bellunopress.it\\\/#website\"},\"primaryImageOfPage\":{\"@id\":\"https:\\\/\\\/www.bellunopress.it\\\/2013\\\/03\\\/25\\\/arianna-levorato-migliora-il-proprio-record-personale-a-riccione-nei-100-metri-rana\\\/#primaryimage\"},\"image\":{\"@id\":\"https:\\\/\\\/www.bellunopress.it\\\/2013\\\/03\\\/25\\\/arianna-levorato-migliora-il-proprio-record-personale-a-riccione-nei-100-metri-rana\\\/#primaryimage\"},\"thumbnailUrl\":\"http:\\\/\\\/www.bellunopress.it\\\/wp-content\\\/uploads\\\/2013\\\/03\\\/Arianna-Levorato-Copia.jpg\",\"datePublished\":\"2013-03-25T19:59:36+00:00\",\"breadcrumb\":{\"@id\":\"https:\\\/\\\/www.bellunopress.it\\\/2013\\\/03\\\/25\\\/arianna-levorato-migliora-il-proprio-record-personale-a-riccione-nei-100-metri-rana\\\/#breadcrumb\"},\"inLanguage\":\"fr-FR\",\"potentialAction\":[{\"@type\":\"ReadAction\",\"target\":[\"https:\\\/\\\/www.bellunopress.it\\\/2013\\\/03\\\/25\\\/arianna-levorato-migliora-il-proprio-record-personale-a-riccione-nei-100-metri-rana\\\/\"]}]},{\"@type\":\"ImageObject\",\"inLanguage\":\"fr-FR\",\"@id\":\"https:\\\/\\\/www.bellunopress.it\\\/2013\\\/03\\\/25\\\/arianna-levorato-migliora-il-proprio-record-personale-a-riccione-nei-100-metri-rana\\\/#primaryimage\",\"url\":\"http:\\\/\\\/www.bellunopress.it\\\/wp-content\\\/uploads\\\/2013\\\/03\\\/Arianna-Levorato-Copia.jpg\",\"contentUrl\":\"http:\\\/\\\/www.bellunopress.it\\\/wp-content\\\/uploads\\\/2013\\\/03\\\/Arianna-Levorato-Copia.jpg\"},{\"@type\":\"BreadcrumbList\",\"@id\":\"https:\\\/\\\/www.bellunopress.it\\\/2013\\\/03\\\/25\\\/arianna-levorato-migliora-il-proprio-record-personale-a-riccione-nei-100-metri-rana\\\/#breadcrumb\",\"itemListElement\":[{\"@type\":\"ListItem\",\"position\":1,\"name\":\"Home\",\"item\":\"https:\\\/\\\/www.bellunopress.it\\\/\"},{\"@type\":\"ListItem\",\"position\":2,\"name\":\"Arianna Levorato migliora il proprio record personale a Riccione nei 100 metri rana\"}]},{\"@type\":\"WebSite\",\"@id\":\"https:\\\/\\\/www.bellunopress.it\\\/#website\",\"url\":\"https:\\\/\\\/www.bellunopress.it\\\/\",\"name\":\"Bellunopress - Dolomiti\",\"description\":\"e-mail: redazione@bellunopress.it\",\"publisher\":{\"@id\":\"https:\\\/\\\/www.bellunopress.it\\\/#organization\"},\"potentialAction\":[{\"@type\":\"SearchAction\",\"target\":{\"@type\":\"EntryPoint\",\"urlTemplate\":\"https:\\\/\\\/www.bellunopress.it\\\/?s={search_term_string}\"},\"query-input\":{\"@type\":\"PropertyValueSpecification\",\"valueRequired\":true,\"valueName\":\"search_term_string\"}}],\"inLanguage\":\"fr-FR\"},{\"@type\":\"Organization\",\"@id\":\"https:\\\/\\\/www.bellunopress.it\\\/#organization\",\"name\":\"Bellunopress\",\"url\":\"https:\\\/\\\/www.bellunopress.it\\\/\",\"logo\":{\"@type\":\"ImageObject\",\"inLanguage\":\"fr-FR\",\"@id\":\"https:\\\/\\\/www.bellunopress.it\\\/#\\\/schema\\\/logo\\\/image\\\/\",\"url\":\"https:\\\/\\\/www.bellunopress.it\\\/wp-content\\\/uploads\\\/2011\\\/05\\\/cropped-logo-bellunopress-.jpg\",\"contentUrl\":\"https:\\\/\\\/www.bellunopress.it\\\/wp-content\\\/uploads\\\/2011\\\/05\\\/cropped-logo-bellunopress-.jpg\",\"width\":512,\"height\":512,\"caption\":\"Bellunopress\"},\"image\":{\"@id\":\"https:\\\/\\\/www.bellunopress.it\\\/#\\\/schema\\\/logo\\\/image\\\/\"},\"sameAs\":[\"https:\\\/\\\/www.facebook.com\\\/profile.php?id=100008943462799\",\"https:\\\/\\\/x.com\\\/bellunopress\",\"https:\\\/\\\/www.linkedin.com\\\/hp\\\/?dnr=JBzUWaJfMUw8vbXJJ2tVW5-I3jZKvC4wsoxE&amp;amp;amp;amp;amp;amp;trk=nav_responsive_tab_home\",\"https:\\\/\\\/www.youtube.com\\\/channel\\\/UCxL0wu1uN0_3_7hGG0306cw\"]},{\"@type\":\"Person\",\"@id\":\"https:\\\/\\\/www.bellunopress.it\\\/#\\\/schema\\\/person\\\/79bb06722b37ece1c03d3e94beb30d73\",\"name\":\"redazione\",\"image\":{\"@type\":\"ImageObject\",\"inLanguage\":\"fr-FR\",\"@id\":\"https:\\\/\\\/secure.gravatar.com\\\/avatar\\\/37d968a2e67a6fd04c169c4bdef102d0bc5d31b2546345219e348575eb80e9a0?s=96&d=mm&r=g\",\"url\":\"https:\\\/\\\/secure.gravatar.com\\\/avatar\\\/37d968a2e67a6fd04c169c4bdef102d0bc5d31b2546345219e348575eb80e9a0?s=96&d=mm&r=g\",\"contentUrl\":\"https:\\\/\\\/secure.gravatar.com\\\/avatar\\\/37d968a2e67a6fd04c169c4bdef102d0bc5d31b2546345219e348575eb80e9a0?s=96&d=mm&r=g\",\"caption\":\"redazione\"},\"sameAs\":[\"http:\\\/\\\/www.bellunopress.it\",\"https:\\\/\\\/x.com\\\/bellunopress\"],\"url\":\"https:\\\/\\\/www.bellunopress.it\\\/fr\\\/author\\\/redazione\\\/\"}]}<\/script>\n<!-- \/ Yoast SEO plugin. -->","yoast_head_json":{"title":"Arianna Levorato migliora il proprio record personale a Riccione nei 100 metri rana  - Bellunopress - Dolomiti","robots":{"index":"index","follow":"follow","max-snippet":"max-snippet:-1","max-image-preview":"max-image-preview:large","max-video-preview":"max-video-preview:-1"},"canonical":"https:\/\/www.bellunopress.it\/fr\/2013\/03\/25\/arianna-levorato-migliora-il-proprio-record-personale-a-riccione-nei-100-metri-rana\/","og_locale":"fr_FR","og_type":"article","og_title":"Arianna Levorato migliora il proprio record personale a Riccione nei 100 metri rana  - Bellunopress - Dolomiti","og_description":"1.12.64! questo il tempo siglato da Arianna Levorato ai campionati italiani giovanili di Riccione nei 100 metri rana! Un piccolo ulteriore miglioramento del proprio primato personale ha permesso alla giovane nuotatrice della Sportivamente Belluno di classificarsi al 20mo posto nella categoria cadette, confermando ancora una volta l\u2019ottima crescita natatoria dell\u2019atleta allenata da Alberto Cassol. Una [&hellip;]","og_url":"https:\/\/www.bellunopress.it\/fr\/2013\/03\/25\/arianna-levorato-migliora-il-proprio-record-personale-a-riccione-nei-100-metri-rana\/","og_site_name":"Bellunopress - Dolomiti","article_publisher":"https:\/\/www.facebook.com\/profile.php?id=100008943462799","article_published_time":"2013-03-25T19:59:36+00:00","og_image":[{"url":"http:\/\/www.bellunopress.it\/wp-content\/uploads\/2013\/03\/Arianna-Levorato-Copia.jpg","type":"","width":"","height":""}],"author":"redazione","twitter_card":"summary_large_image","twitter_creator":"@bellunopress","twitter_site":"@bellunopress","twitter_misc":{"\u00c9crit par":"redazione","Dur\u00e9e de lecture estim\u00e9e":"1 minute"},"schema":{"@context":"https:\/\/schema.org","@graph":[{"@type":"Article","@id":"https:\/\/www.bellunopress.it\/2013\/03\/25\/arianna-levorato-migliora-il-proprio-record-personale-a-riccione-nei-100-metri-rana\/#article","isPartOf":{"@id":"https:\/\/www.bellunopress.it\/2013\/03\/25\/arianna-levorato-migliora-il-proprio-record-personale-a-riccione-nei-100-metri-rana\/"},"author":{"name":"redazione","@id":"https:\/\/www.bellunopress.it\/#\/schema\/person\/79bb06722b37ece1c03d3e94beb30d73"},"headline":"Arianna Levorato migliora il proprio record personale a Riccione nei 100 metri rana","datePublished":"2013-03-25T19:59:36+00:00","mainEntityOfPage":{"@id":"https:\/\/www.bellunopress.it\/2013\/03\/25\/arianna-levorato-migliora-il-proprio-record-personale-a-riccione-nei-100-metri-rana\/"},"wordCount":159,"publisher":{"@id":"https:\/\/www.bellunopress.it\/#organization"},"image":{"@id":"https:\/\/www.bellunopress.it\/2013\/03\/25\/arianna-levorato-migliora-il-proprio-record-personale-a-riccione-nei-100-metri-rana\/#primaryimage"},"thumbnailUrl":"http:\/\/www.bellunopress.it\/wp-content\/uploads\/2013\/03\/Arianna-Levorato-Copia.jpg","articleSection":["Prima Pagina","Sport, tempo libero"],"inLanguage":"fr-FR"},{"@type":"WebPage","@id":"https:\/\/www.bellunopress.it\/2013\/03\/25\/arianna-levorato-migliora-il-proprio-record-personale-a-riccione-nei-100-metri-rana\/","url":"https:\/\/www.bellunopress.it\/2013\/03\/25\/arianna-levorato-migliora-il-proprio-record-personale-a-riccione-nei-100-metri-rana\/","name":"Arianna Levorato migliora il proprio record personale a Riccione nei 100 metri rana - Bellunopress - Dolomiti","isPartOf":{"@id":"https:\/\/www.bellunopress.it\/#website"},"primaryImageOfPage":{"@id":"https:\/\/www.bellunopress.it\/2013\/03\/25\/arianna-levorato-migliora-il-proprio-record-personale-a-riccione-nei-100-metri-rana\/#primaryimage"},"image":{"@id":"https:\/\/www.bellunopress.it\/2013\/03\/25\/arianna-levorato-migliora-il-proprio-record-personale-a-riccione-nei-100-metri-rana\/#primaryimage"},"thumbnailUrl":"http:\/\/www.bellunopress.it\/wp-content\/uploads\/2013\/03\/Arianna-Levorato-Copia.jpg","datePublished":"2013-03-25T19:59:36+00:00","breadcrumb":{"@id":"https:\/\/www.bellunopress.it\/2013\/03\/25\/arianna-levorato-migliora-il-proprio-record-personale-a-riccione-nei-100-metri-rana\/#breadcrumb"},"inLanguage":"fr-FR","potentialAction":[{"@type":"ReadAction","target":["https:\/\/www.bellunopress.it\/2013\/03\/25\/arianna-levorato-migliora-il-proprio-record-personale-a-riccione-nei-100-metri-rana\/"]}]},{"@type":"ImageObject","inLanguage":"fr-FR","@id":"https:\/\/www.bellunopress.it\/2013\/03\/25\/arianna-levorato-migliora-il-proprio-record-personale-a-riccione-nei-100-metri-rana\/#primaryimage","url":"http:\/\/www.bellunopress.it\/wp-content\/uploads\/2013\/03\/Arianna-Levorato-Copia.jpg","contentUrl":"http:\/\/www.bellunopress.it\/wp-content\/uploads\/2013\/03\/Arianna-Levorato-Copia.jpg"},{"@type":"BreadcrumbList","@id":"https:\/\/www.bellunopress.it\/2013\/03\/25\/arianna-levorato-migliora-il-proprio-record-personale-a-riccione-nei-100-metri-rana\/#breadcrumb","itemListElement":[{"@type":"ListItem","position":1,"name":"Home","item":"https:\/\/www.bellunopress.it\/"},{"@type":"ListItem","position":2,"name":"Arianna Levorato migliora il proprio record personale a Riccione nei 100 metri rana"}]},{"@type":"WebSite","@id":"https:\/\/www.bellunopress.it\/#website","url":"https:\/\/www.bellunopress.it\/","name":"Bellunopress - Dolomiti","description":"e-mail: redazione@bellunopress.it","publisher":{"@id":"https:\/\/www.bellunopress.it\/#organization"},"potentialAction":[{"@type":"SearchAction","target":{"@type":"EntryPoint","urlTemplate":"https:\/\/www.bellunopress.it\/?s={search_term_string}"},"query-input":{"@type":"PropertyValueSpecification","valueRequired":true,"valueName":"search_term_string"}}],"inLanguage":"fr-FR"},{"@type":"Organization","@id":"https:\/\/www.bellunopress.it\/#organization","name":"Bellunopress","url":"https:\/\/www.bellunopress.it\/","logo":{"@type":"ImageObject","inLanguage":"fr-FR","@id":"https:\/\/www.bellunopress.it\/#\/schema\/logo\/image\/","url":"https:\/\/www.bellunopress.it\/wp-content\/uploads\/2011\/05\/cropped-logo-bellunopress-.jpg","contentUrl":"https:\/\/www.bellunopress.it\/wp-content\/uploads\/2011\/05\/cropped-logo-bellunopress-.jpg","width":512,"height":512,"caption":"Bellunopress"},"image":{"@id":"https:\/\/www.bellunopress.it\/#\/schema\/logo\/image\/"},"sameAs":["https:\/\/www.facebook.com\/profile.php?id=100008943462799","https:\/\/x.com\/bellunopress","https:\/\/www.linkedin.com\/hp\/?dnr=JBzUWaJfMUw8vbXJJ2tVW5-I3jZKvC4wsoxE&amp;amp;amp;amp;amp;amp;trk=nav_responsive_tab_home","https:\/\/www.youtube.com\/channel\/UCxL0wu1uN0_3_7hGG0306cw"]},{"@type":"Person","@id":"https:\/\/www.bellunopress.it\/#\/schema\/person\/79bb06722b37ece1c03d3e94beb30d73","name":"r\u00e9daction","image":{"@type":"ImageObject","inLanguage":"fr-FR","@id":"https:\/\/secure.gravatar.com\/avatar\/37d968a2e67a6fd04c169c4bdef102d0bc5d31b2546345219e348575eb80e9a0?s=96&d=mm&r=g","url":"https:\/\/secure.gravatar.com\/avatar\/37d968a2e67a6fd04c169c4bdef102d0bc5d31b2546345219e348575eb80e9a0?s=96&d=mm&r=g","contentUrl":"https:\/\/secure.gravatar.com\/avatar\/37d968a2e67a6fd04c169c4bdef102d0bc5d31b2546345219e348575eb80e9a0?s=96&d=mm&r=g","caption":"redazione"},"sameAs":["http:\/\/www.bellunopress.it","https:\/\/x.com\/bellunopress"],"url":"https:\/\/www.bellunopress.it\/fr\/author\/redazione\/"}]}},"_links":{"self":[{"href":"https:\/\/www.bellunopress.it\/fr\/wp-json\/wp\/v2\/posts\/47921","targetHints":{"allow":["GET"]}}],"collection":[{"href":"https:\/\/www.bellunopress.it\/fr\/wp-json\/wp\/v2\/posts"}],"about":[{"href":"https:\/\/www.bellunopress.it\/fr\/wp-json\/wp\/v2\/types\/post"}],"author":[{"embeddable":true,"href":"https:\/\/www.bellunopress.it\/fr\/wp-json\/wp\/v2\/users\/2"}],"replies":[{"embeddable":true,"href":"https:\/\/www.bellunopress.it\/fr\/wp-json\/wp\/v2\/comments?post=47921"}],"version-history":[{"count":1,"href":"https:\/\/www.bellunopress.it\/fr\/wp-json\/wp\/v2\/posts\/47921\/revisions"}],"predecessor-version":[{"id":47922,"href":"https:\/\/www.bellunopress.it\/fr\/wp-json\/wp\/v2\/posts\/47921\/revisions\/47922"}],"wp:attachment":[{"href":"https:\/\/www.bellunopress.it\/fr\/wp-json\/wp\/v2\/media?parent=47921"}],"wp:term":[{"taxonomy":"category","embeddable":true,"href":"https:\/\/www.bellunopress.it\/fr\/wp-json\/wp\/v2\/categories?post=47921"},{"taxonomy":"post_tag","embeddable":true,"href":"https:\/\/www.bellunopress.it\/fr\/wp-json\/wp\/v2\/tags?post=47921"}],"curies":[{"name":"wp","href":"https:\/\/api.w.org\/{rel}","templated":true}]}}