{"id":47917,"date":"2013-03-25T17:50:03","date_gmt":"2013-03-25T16:50:03","guid":{"rendered":"http:\/\/www.bellunopress.it\/?p=47917"},"modified":"2013-03-25T17:50:03","modified_gmt":"2013-03-25T16:50:03","slug":"150-imprenditori-alla-tavola-rotonda-reti-di-impresa-di-banca-popolare-volksbank","status":"publish","type":"post","link":"https:\/\/www.bellunopress.it\/fr\/2013\/03\/25\/150-imprenditori-alla-tavola-rotonda-reti-di-impresa-di-banca-popolare-volksbank\/","title":{"rendered":"150 imprenditori alla tavola rotonda \u201cReti di impresa\u201d di Banca Popolare Volksbank"},"content":{"rendered":"<figure id=\"attachment_27277\" aria-describedby=\"caption-attachment-27277\" style=\"width: 290px\" class=\"wp-caption alignleft\"><a href=\"http:\/\/www.bellunopress.it\/wp-content\/uploads\/2011\/05\/carpenada-290x190.jpg\"><img loading=\"lazy\" decoding=\"async\" class=\"size-full wp-image-27277\" alt=\"Park Hotel Villa Carpenada Belluno\" src=\"http:\/\/www.bellunopress.it\/wp-content\/uploads\/2011\/05\/carpenada-290x190.jpg\" width=\"290\" height=\"193\" \/><\/a><figcaption id=\"caption-attachment-27277\" class=\"wp-caption-text\">Park Hotel Villa Carpenada Belluno<\/figcaption><\/figure>\n<p>Circa 150 imprenditori e liberi professionisti da tutto il territorio di Belluno hanno partecipato venerd\u00ec sera alla tavola rotonda \u201cReti di impresa\u201d organizzata da Banca Popolare \u00a0Volksbank che si \u00e8 tenuta al Park Hotel Villa Carpenada di Belluno.<\/p>\n<p>L\u2019incontro \u00e8 stato un\u2019importante occasione di dialogo con professionisti ed imprenditori locali, che hanno sperimentato un nuovo approccio del \u201cmettersi insieme\u201d, per trovare nuove vie di sviluppo per la loro Azienda. \u201cReti di impresa\u201d nel concreto vuol dire condividere, attraverso una libera aggregazione tra le imprese, le specifiche competenze al fine di aumentare la capacit\u00e0 innovativa e competitiva.<\/p>\n<p>Il tema maggiormente sentito \u00e8 stata la necessit\u00e0 di ovviare alla avversione degli imprenditori a sottostare a regole e legami societari impegnativi che, attraverso questo nuovo strumento, possono gradualmente superare identificando singoli obbiettivi e processi comuni e nel contempo mantenere la propria indipendenza aziendale.<\/p>\n<p>\u201cCon l&#8217;organizzazione del convegno ci siamo posti, insieme ai relatori, l&#8217;obiettivo di sensibilizzare il mondo imprenditoriale sul tema delle reti d&#8217;impresa&#8221;, commenta Giampietro Gregori, responsabile del Centro Consulenza Corporate di Belluno. \u201cL&#8217;ampia partecipazione di pubblico ha confermato l&#8217;attualit\u00e0 e il grande interesse per l&#8217;argomento.<\/p>\n<p>Siamo quindi molto soddisfatti per avere contribuito, attraverso spunti ed esperienze pratiche, a far conoscere piu&#8217; approfonditamente i vantaggi di una forma di aggregazione in grado di aumentare la competitivit\u00e0 delle PMI facendo squadra. Auspichiamo che questo strumento possa essere messo in pratica con maggiore diffusione anche nella nostra provincia, per contribuire a riattivare il volano della crescita.\u201d<\/p>\n<p>Alla discussione hanno partecipato i seguenti relatori: Luca Castagnetti di \u201cStudio Impresa\u201d, Verona\/Trento, esperto di reti di impresa, Stefano dal Pont di \u201cXiloform Profili\u201d, Santa Giustina, Luca Galimberti della \u201cCooperativa Energia Sociale\u201d, Feltre, Alessandro Bampo e Paolo de Biasio dello \u201cStudio Bampo \u2013 dottori commercialisti\u201d Belluno e Giampietro Gregori, responsabile Centro Corporate di Banca Popolare \u2022 Volksbank.<\/p>\n<p>&nbsp;<\/p>\n<p>&nbsp;<\/p>\n<p>&nbsp;<\/p>\n<p>&nbsp;<\/p>\n<p>&nbsp;<\/p>\n<p>&nbsp;<\/p>\n<p>&nbsp;<\/p>\n<p>&nbsp;<\/p>\n<p>&nbsp;<\/p>\n<p>&nbsp;<\/p>\n<p>&nbsp;<\/p>\n<p>&nbsp;<\/p>\n<p>&nbsp;<\/p>\n<p>&nbsp;<\/p>\n<p>&nbsp;<\/p>\n<p>&nbsp;<\/p>\n<p>&nbsp;<\/p>\n<p>&nbsp;<\/p>\n<p>&nbsp;<\/p>\n<p>&nbsp;<\/p>\n<p>&nbsp;<\/p>\n<p>Dato il grande successo di \u201cReti di impresa\u201d Banca Popolare \u2022 Volksbank intende, in qualit\u00e0 di Banca del territorio, valutare e sostenere fin d&#8217;ora ogni eventuale iniziativa in questa direzione.<\/p>\n<p>&nbsp;<\/p>\n<p>&nbsp;<\/p>\n<p>Nella foto:<\/p>\n<p>il tavolo dei relatori<\/p>\n<p>&nbsp;<\/p>\n<p>&nbsp;<\/p>\n<p>&nbsp;<\/p>\n<p>&nbsp;<\/p>\n<p>&nbsp;<\/p>\n<p>&nbsp;<\/p>\n<p>&nbsp;<\/p>\n<p>&nbsp;<\/p>\n<p>&nbsp;<\/p>\n<p>&nbsp;<\/p>\n<p>&nbsp;<\/p>\n<p>&nbsp;<\/p>\n<p>Banca Popolare \u2022 Volksbank, con sede a Bolzano, \u00e8 presente come banca regionale oltre che sul mercato d\u2019origine dell\u2019Alto Adige anche nel Nord-Est d\u2019Italia nelle province di Trento, Belluno, Treviso, Pordenone e Venezia, forte del sostegno dei suoi 30.000 soci. Il personale in forza alla Banca (fondata nel 1886) \u00e8 di circa 1.100 collaboratori, mentre sono 134 le filiali complessivamente operative sul territorio.<\/p>\n<p>&nbsp;<\/p>","protected":false},"excerpt":{"rendered":"<p>Circa 150 imprenditori e liberi professionisti da tutto il territorio di Belluno hanno partecipato venerd\u00ec sera alla tavola rotonda \u201cReti di impresa\u201d organizzata da Banca Popolare \u00a0Volksbank che si \u00e8 tenuta al Park Hotel Villa Carpenada di Belluno. L\u2019incontro \u00e8 stato un\u2019importante occasione di dialogo con professionisti ed imprenditori locali, che hanno sperimentato un nuovo [&hellip;]<\/p>\n","protected":false},"author":2,"featured_media":0,"comment_status":"closed","ping_status":"open","sticky":false,"template":"","format":"standard","meta":{"footnotes":""},"categories":[36,26],"tags":[],"class_list":["post-47917","post","type-post","status-publish","format-standard","category-lavoro-economia","category-prima-pagina"],"yoast_head":"<!-- This site is optimized with the Yoast SEO plugin v28.4 - https:\/\/yoast.com\/product\/yoast-seo-wordpress\/ -->\n<title>150 imprenditori alla tavola rotonda \u201cReti di impresa\u201d di Banca Popolare Volksbank - Bellunopress - Dolomiti<\/title>\n<meta name=\"robots\" content=\"index, follow, max-snippet:-1, max-image-preview:large, max-video-preview:-1\" \/>\n<link rel=\"canonical\" href=\"https:\/\/www.bellunopress.it\/fr\/2013\/03\/25\/150-imprenditori-alla-tavola-rotonda-reti-di-impresa-di-banca-popolare-volksbank\/\" \/>\n<meta property=\"og:locale\" content=\"fr_FR\" \/>\n<meta property=\"og:type\" content=\"article\" \/>\n<meta property=\"og:title\" content=\"150 imprenditori alla tavola rotonda \u201cReti di impresa\u201d di Banca Popolare Volksbank - Bellunopress - Dolomiti\" \/>\n<meta property=\"og:description\" content=\"Circa 150 imprenditori e liberi professionisti da tutto il territorio di Belluno hanno partecipato venerd\u00ec sera alla tavola rotonda \u201cReti di impresa\u201d organizzata da Banca Popolare \u00a0Volksbank che si \u00e8 tenuta al Park Hotel Villa Carpenada di Belluno. L\u2019incontro \u00e8 stato un\u2019importante occasione di dialogo con professionisti ed imprenditori locali, che hanno sperimentato un nuovo [&hellip;]\" \/>\n<meta property=\"og:url\" content=\"https:\/\/www.bellunopress.it\/fr\/2013\/03\/25\/150-imprenditori-alla-tavola-rotonda-reti-di-impresa-di-banca-popolare-volksbank\/\" \/>\n<meta property=\"og:site_name\" content=\"Bellunopress - Dolomiti\" \/>\n<meta property=\"article:publisher\" content=\"https:\/\/www.facebook.com\/profile.php?id=100008943462799\" \/>\n<meta property=\"article:published_time\" content=\"2013-03-25T16:50:03+00:00\" \/>\n<meta property=\"og:image\" content=\"http:\/\/www.bellunopress.it\/wp-content\/uploads\/2011\/05\/carpenada-290x190.jpg\" \/>\n<meta name=\"author\" content=\"redazione\" \/>\n<meta name=\"twitter:card\" content=\"summary_large_image\" \/>\n<meta name=\"twitter:creator\" content=\"@bellunopress\" \/>\n<meta name=\"twitter:site\" content=\"@bellunopress\" \/>\n<meta name=\"twitter:label1\" content=\"\u00c9crit par\" \/>\n\t<meta name=\"twitter:data1\" content=\"redazione\" \/>\n\t<meta name=\"twitter:label2\" content=\"Dur\u00e9e de lecture estim\u00e9e\" \/>\n\t<meta name=\"twitter:data2\" content=\"2 minutes\" \/>\n<script type=\"application\/ld+json\" class=\"yoast-schema-graph\">{\"@context\":\"https:\\\/\\\/schema.org\",\"@graph\":[{\"@type\":\"Article\",\"@id\":\"https:\\\/\\\/www.bellunopress.it\\\/2013\\\/03\\\/25\\\/150-imprenditori-alla-tavola-rotonda-reti-di-impresa-di-banca-popolare-volksbank\\\/#article\",\"isPartOf\":{\"@id\":\"https:\\\/\\\/www.bellunopress.it\\\/2013\\\/03\\\/25\\\/150-imprenditori-alla-tavola-rotonda-reti-di-impresa-di-banca-popolare-volksbank\\\/\"},\"author\":{\"name\":\"redazione\",\"@id\":\"https:\\\/\\\/www.bellunopress.it\\\/#\\\/schema\\\/person\\\/79bb06722b37ece1c03d3e94beb30d73\"},\"headline\":\"150 imprenditori alla tavola rotonda \u201cReti di impresa\u201d di Banca Popolare Volksbank\",\"datePublished\":\"2013-03-25T16:50:03+00:00\",\"mainEntityOfPage\":{\"@id\":\"https:\\\/\\\/www.bellunopress.it\\\/2013\\\/03\\\/25\\\/150-imprenditori-alla-tavola-rotonda-reti-di-impresa-di-banca-popolare-volksbank\\\/\"},\"wordCount\":456,\"publisher\":{\"@id\":\"https:\\\/\\\/www.bellunopress.it\\\/#organization\"},\"image\":{\"@id\":\"https:\\\/\\\/www.bellunopress.it\\\/2013\\\/03\\\/25\\\/150-imprenditori-alla-tavola-rotonda-reti-di-impresa-di-banca-popolare-volksbank\\\/#primaryimage\"},\"thumbnailUrl\":\"http:\\\/\\\/www.bellunopress.it\\\/wp-content\\\/uploads\\\/2011\\\/05\\\/carpenada-290x190.jpg\",\"articleSection\":[\"Lavoro, Economia, Turismo\",\"Prima Pagina\"],\"inLanguage\":\"fr-FR\"},{\"@type\":\"WebPage\",\"@id\":\"https:\\\/\\\/www.bellunopress.it\\\/2013\\\/03\\\/25\\\/150-imprenditori-alla-tavola-rotonda-reti-di-impresa-di-banca-popolare-volksbank\\\/\",\"url\":\"https:\\\/\\\/www.bellunopress.it\\\/2013\\\/03\\\/25\\\/150-imprenditori-alla-tavola-rotonda-reti-di-impresa-di-banca-popolare-volksbank\\\/\",\"name\":\"150 imprenditori alla tavola rotonda \u201cReti di impresa\u201d di Banca Popolare Volksbank - Bellunopress - Dolomiti\",\"isPartOf\":{\"@id\":\"https:\\\/\\\/www.bellunopress.it\\\/#website\"},\"primaryImageOfPage\":{\"@id\":\"https:\\\/\\\/www.bellunopress.it\\\/2013\\\/03\\\/25\\\/150-imprenditori-alla-tavola-rotonda-reti-di-impresa-di-banca-popolare-volksbank\\\/#primaryimage\"},\"image\":{\"@id\":\"https:\\\/\\\/www.bellunopress.it\\\/2013\\\/03\\\/25\\\/150-imprenditori-alla-tavola-rotonda-reti-di-impresa-di-banca-popolare-volksbank\\\/#primaryimage\"},\"thumbnailUrl\":\"http:\\\/\\\/www.bellunopress.it\\\/wp-content\\\/uploads\\\/2011\\\/05\\\/carpenada-290x190.jpg\",\"datePublished\":\"2013-03-25T16:50:03+00:00\",\"breadcrumb\":{\"@id\":\"https:\\\/\\\/www.bellunopress.it\\\/2013\\\/03\\\/25\\\/150-imprenditori-alla-tavola-rotonda-reti-di-impresa-di-banca-popolare-volksbank\\\/#breadcrumb\"},\"inLanguage\":\"fr-FR\",\"potentialAction\":[{\"@type\":\"ReadAction\",\"target\":[\"https:\\\/\\\/www.bellunopress.it\\\/2013\\\/03\\\/25\\\/150-imprenditori-alla-tavola-rotonda-reti-di-impresa-di-banca-popolare-volksbank\\\/\"]}]},{\"@type\":\"ImageObject\",\"inLanguage\":\"fr-FR\",\"@id\":\"https:\\\/\\\/www.bellunopress.it\\\/2013\\\/03\\\/25\\\/150-imprenditori-alla-tavola-rotonda-reti-di-impresa-di-banca-popolare-volksbank\\\/#primaryimage\",\"url\":\"http:\\\/\\\/www.bellunopress.it\\\/wp-content\\\/uploads\\\/2011\\\/05\\\/carpenada-290x190.jpg\",\"contentUrl\":\"http:\\\/\\\/www.bellunopress.it\\\/wp-content\\\/uploads\\\/2011\\\/05\\\/carpenada-290x190.jpg\"},{\"@type\":\"BreadcrumbList\",\"@id\":\"https:\\\/\\\/www.bellunopress.it\\\/2013\\\/03\\\/25\\\/150-imprenditori-alla-tavola-rotonda-reti-di-impresa-di-banca-popolare-volksbank\\\/#breadcrumb\",\"itemListElement\":[{\"@type\":\"ListItem\",\"position\":1,\"name\":\"Home\",\"item\":\"https:\\\/\\\/www.bellunopress.it\\\/\"},{\"@type\":\"ListItem\",\"position\":2,\"name\":\"150 imprenditori alla tavola rotonda \u201cReti di impresa\u201d di Banca Popolare Volksbank\"}]},{\"@type\":\"WebSite\",\"@id\":\"https:\\\/\\\/www.bellunopress.it\\\/#website\",\"url\":\"https:\\\/\\\/www.bellunopress.it\\\/\",\"name\":\"Bellunopress - Dolomiti\",\"description\":\"e-mail: redazione@bellunopress.it\",\"publisher\":{\"@id\":\"https:\\\/\\\/www.bellunopress.it\\\/#organization\"},\"potentialAction\":[{\"@type\":\"SearchAction\",\"target\":{\"@type\":\"EntryPoint\",\"urlTemplate\":\"https:\\\/\\\/www.bellunopress.it\\\/?s={search_term_string}\"},\"query-input\":{\"@type\":\"PropertyValueSpecification\",\"valueRequired\":true,\"valueName\":\"search_term_string\"}}],\"inLanguage\":\"fr-FR\"},{\"@type\":\"Organization\",\"@id\":\"https:\\\/\\\/www.bellunopress.it\\\/#organization\",\"name\":\"Bellunopress\",\"url\":\"https:\\\/\\\/www.bellunopress.it\\\/\",\"logo\":{\"@type\":\"ImageObject\",\"inLanguage\":\"fr-FR\",\"@id\":\"https:\\\/\\\/www.bellunopress.it\\\/#\\\/schema\\\/logo\\\/image\\\/\",\"url\":\"https:\\\/\\\/www.bellunopress.it\\\/wp-content\\\/uploads\\\/2011\\\/05\\\/cropped-logo-bellunopress-.jpg\",\"contentUrl\":\"https:\\\/\\\/www.bellunopress.it\\\/wp-content\\\/uploads\\\/2011\\\/05\\\/cropped-logo-bellunopress-.jpg\",\"width\":512,\"height\":512,\"caption\":\"Bellunopress\"},\"image\":{\"@id\":\"https:\\\/\\\/www.bellunopress.it\\\/#\\\/schema\\\/logo\\\/image\\\/\"},\"sameAs\":[\"https:\\\/\\\/www.facebook.com\\\/profile.php?id=100008943462799\",\"https:\\\/\\\/x.com\\\/bellunopress\",\"https:\\\/\\\/www.linkedin.com\\\/hp\\\/?dnr=JBzUWaJfMUw8vbXJJ2tVW5-I3jZKvC4wsoxE&amp;amp;amp;amp;amp;amp;trk=nav_responsive_tab_home\",\"https:\\\/\\\/www.youtube.com\\\/channel\\\/UCxL0wu1uN0_3_7hGG0306cw\"]},{\"@type\":\"Person\",\"@id\":\"https:\\\/\\\/www.bellunopress.it\\\/#\\\/schema\\\/person\\\/79bb06722b37ece1c03d3e94beb30d73\",\"name\":\"redazione\",\"image\":{\"@type\":\"ImageObject\",\"inLanguage\":\"fr-FR\",\"@id\":\"https:\\\/\\\/secure.gravatar.com\\\/avatar\\\/37d968a2e67a6fd04c169c4bdef102d0bc5d31b2546345219e348575eb80e9a0?s=96&d=mm&r=g\",\"url\":\"https:\\\/\\\/secure.gravatar.com\\\/avatar\\\/37d968a2e67a6fd04c169c4bdef102d0bc5d31b2546345219e348575eb80e9a0?s=96&d=mm&r=g\",\"contentUrl\":\"https:\\\/\\\/secure.gravatar.com\\\/avatar\\\/37d968a2e67a6fd04c169c4bdef102d0bc5d31b2546345219e348575eb80e9a0?s=96&d=mm&r=g\",\"caption\":\"redazione\"},\"sameAs\":[\"http:\\\/\\\/www.bellunopress.it\",\"https:\\\/\\\/x.com\\\/bellunopress\"],\"url\":\"https:\\\/\\\/www.bellunopress.it\\\/fr\\\/author\\\/redazione\\\/\"}]}<\/script>\n<!-- \/ Yoast SEO plugin. -->","yoast_head_json":{"title":"150 imprenditori alla tavola rotonda \u201cReti di impresa\u201d di Banca Popolare Volksbank - Bellunopress - Dolomiti","robots":{"index":"index","follow":"follow","max-snippet":"max-snippet:-1","max-image-preview":"max-image-preview:large","max-video-preview":"max-video-preview:-1"},"canonical":"https:\/\/www.bellunopress.it\/fr\/2013\/03\/25\/150-imprenditori-alla-tavola-rotonda-reti-di-impresa-di-banca-popolare-volksbank\/","og_locale":"fr_FR","og_type":"article","og_title":"150 imprenditori alla tavola rotonda \u201cReti di impresa\u201d di Banca Popolare Volksbank - Bellunopress - Dolomiti","og_description":"Circa 150 imprenditori e liberi professionisti da tutto il territorio di Belluno hanno partecipato venerd\u00ec sera alla tavola rotonda \u201cReti di impresa\u201d organizzata da Banca Popolare \u00a0Volksbank che si \u00e8 tenuta al Park Hotel Villa Carpenada di Belluno. L\u2019incontro \u00e8 stato un\u2019importante occasione di dialogo con professionisti ed imprenditori locali, che hanno sperimentato un nuovo [&hellip;]","og_url":"https:\/\/www.bellunopress.it\/fr\/2013\/03\/25\/150-imprenditori-alla-tavola-rotonda-reti-di-impresa-di-banca-popolare-volksbank\/","og_site_name":"Bellunopress - Dolomiti","article_publisher":"https:\/\/www.facebook.com\/profile.php?id=100008943462799","article_published_time":"2013-03-25T16:50:03+00:00","og_image":[{"url":"http:\/\/www.bellunopress.it\/wp-content\/uploads\/2011\/05\/carpenada-290x190.jpg","type":"","width":"","height":""}],"author":"redazione","twitter_card":"summary_large_image","twitter_creator":"@bellunopress","twitter_site":"@bellunopress","twitter_misc":{"\u00c9crit par":"redazione","Dur\u00e9e de lecture estim\u00e9e":"2 minutes"},"schema":{"@context":"https:\/\/schema.org","@graph":[{"@type":"Article","@id":"https:\/\/www.bellunopress.it\/2013\/03\/25\/150-imprenditori-alla-tavola-rotonda-reti-di-impresa-di-banca-popolare-volksbank\/#article","isPartOf":{"@id":"https:\/\/www.bellunopress.it\/2013\/03\/25\/150-imprenditori-alla-tavola-rotonda-reti-di-impresa-di-banca-popolare-volksbank\/"},"author":{"name":"redazione","@id":"https:\/\/www.bellunopress.it\/#\/schema\/person\/79bb06722b37ece1c03d3e94beb30d73"},"headline":"150 imprenditori alla tavola rotonda \u201cReti di impresa\u201d di Banca Popolare Volksbank","datePublished":"2013-03-25T16:50:03+00:00","mainEntityOfPage":{"@id":"https:\/\/www.bellunopress.it\/2013\/03\/25\/150-imprenditori-alla-tavola-rotonda-reti-di-impresa-di-banca-popolare-volksbank\/"},"wordCount":456,"publisher":{"@id":"https:\/\/www.bellunopress.it\/#organization"},"image":{"@id":"https:\/\/www.bellunopress.it\/2013\/03\/25\/150-imprenditori-alla-tavola-rotonda-reti-di-impresa-di-banca-popolare-volksbank\/#primaryimage"},"thumbnailUrl":"http:\/\/www.bellunopress.it\/wp-content\/uploads\/2011\/05\/carpenada-290x190.jpg","articleSection":["Lavoro, Economia, Turismo","Prima Pagina"],"inLanguage":"fr-FR"},{"@type":"WebPage","@id":"https:\/\/www.bellunopress.it\/2013\/03\/25\/150-imprenditori-alla-tavola-rotonda-reti-di-impresa-di-banca-popolare-volksbank\/","url":"https:\/\/www.bellunopress.it\/2013\/03\/25\/150-imprenditori-alla-tavola-rotonda-reti-di-impresa-di-banca-popolare-volksbank\/","name":"150 imprenditori alla tavola rotonda \u201cReti di impresa\u201d di Banca Popolare Volksbank - Bellunopress - Dolomiti","isPartOf":{"@id":"https:\/\/www.bellunopress.it\/#website"},"primaryImageOfPage":{"@id":"https:\/\/www.bellunopress.it\/2013\/03\/25\/150-imprenditori-alla-tavola-rotonda-reti-di-impresa-di-banca-popolare-volksbank\/#primaryimage"},"image":{"@id":"https:\/\/www.bellunopress.it\/2013\/03\/25\/150-imprenditori-alla-tavola-rotonda-reti-di-impresa-di-banca-popolare-volksbank\/#primaryimage"},"thumbnailUrl":"http:\/\/www.bellunopress.it\/wp-content\/uploads\/2011\/05\/carpenada-290x190.jpg","datePublished":"2013-03-25T16:50:03+00:00","breadcrumb":{"@id":"https:\/\/www.bellunopress.it\/2013\/03\/25\/150-imprenditori-alla-tavola-rotonda-reti-di-impresa-di-banca-popolare-volksbank\/#breadcrumb"},"inLanguage":"fr-FR","potentialAction":[{"@type":"ReadAction","target":["https:\/\/www.bellunopress.it\/2013\/03\/25\/150-imprenditori-alla-tavola-rotonda-reti-di-impresa-di-banca-popolare-volksbank\/"]}]},{"@type":"ImageObject","inLanguage":"fr-FR","@id":"https:\/\/www.bellunopress.it\/2013\/03\/25\/150-imprenditori-alla-tavola-rotonda-reti-di-impresa-di-banca-popolare-volksbank\/#primaryimage","url":"http:\/\/www.bellunopress.it\/wp-content\/uploads\/2011\/05\/carpenada-290x190.jpg","contentUrl":"http:\/\/www.bellunopress.it\/wp-content\/uploads\/2011\/05\/carpenada-290x190.jpg"},{"@type":"BreadcrumbList","@id":"https:\/\/www.bellunopress.it\/2013\/03\/25\/150-imprenditori-alla-tavola-rotonda-reti-di-impresa-di-banca-popolare-volksbank\/#breadcrumb","itemListElement":[{"@type":"ListItem","position":1,"name":"Home","item":"https:\/\/www.bellunopress.it\/"},{"@type":"ListItem","position":2,"name":"150 imprenditori alla tavola rotonda \u201cReti di impresa\u201d di Banca Popolare Volksbank"}]},{"@type":"WebSite","@id":"https:\/\/www.bellunopress.it\/#website","url":"https:\/\/www.bellunopress.it\/","name":"Bellunopress - Dolomiti","description":"e-mail: redazione@bellunopress.it","publisher":{"@id":"https:\/\/www.bellunopress.it\/#organization"},"potentialAction":[{"@type":"SearchAction","target":{"@type":"EntryPoint","urlTemplate":"https:\/\/www.bellunopress.it\/?s={search_term_string}"},"query-input":{"@type":"PropertyValueSpecification","valueRequired":true,"valueName":"search_term_string"}}],"inLanguage":"fr-FR"},{"@type":"Organization","@id":"https:\/\/www.bellunopress.it\/#organization","name":"Bellunopress","url":"https:\/\/www.bellunopress.it\/","logo":{"@type":"ImageObject","inLanguage":"fr-FR","@id":"https:\/\/www.bellunopress.it\/#\/schema\/logo\/image\/","url":"https:\/\/www.bellunopress.it\/wp-content\/uploads\/2011\/05\/cropped-logo-bellunopress-.jpg","contentUrl":"https:\/\/www.bellunopress.it\/wp-content\/uploads\/2011\/05\/cropped-logo-bellunopress-.jpg","width":512,"height":512,"caption":"Bellunopress"},"image":{"@id":"https:\/\/www.bellunopress.it\/#\/schema\/logo\/image\/"},"sameAs":["https:\/\/www.facebook.com\/profile.php?id=100008943462799","https:\/\/x.com\/bellunopress","https:\/\/www.linkedin.com\/hp\/?dnr=JBzUWaJfMUw8vbXJJ2tVW5-I3jZKvC4wsoxE&amp;amp;amp;amp;amp;amp;trk=nav_responsive_tab_home","https:\/\/www.youtube.com\/channel\/UCxL0wu1uN0_3_7hGG0306cw"]},{"@type":"Person","@id":"https:\/\/www.bellunopress.it\/#\/schema\/person\/79bb06722b37ece1c03d3e94beb30d73","name":"r\u00e9daction","image":{"@type":"ImageObject","inLanguage":"fr-FR","@id":"https:\/\/secure.gravatar.com\/avatar\/37d968a2e67a6fd04c169c4bdef102d0bc5d31b2546345219e348575eb80e9a0?s=96&d=mm&r=g","url":"https:\/\/secure.gravatar.com\/avatar\/37d968a2e67a6fd04c169c4bdef102d0bc5d31b2546345219e348575eb80e9a0?s=96&d=mm&r=g","contentUrl":"https:\/\/secure.gravatar.com\/avatar\/37d968a2e67a6fd04c169c4bdef102d0bc5d31b2546345219e348575eb80e9a0?s=96&d=mm&r=g","caption":"redazione"},"sameAs":["http:\/\/www.bellunopress.it","https:\/\/x.com\/bellunopress"],"url":"https:\/\/www.bellunopress.it\/fr\/author\/redazione\/"}]}},"_links":{"self":[{"href":"https:\/\/www.bellunopress.it\/fr\/wp-json\/wp\/v2\/posts\/47917","targetHints":{"allow":["GET"]}}],"collection":[{"href":"https:\/\/www.bellunopress.it\/fr\/wp-json\/wp\/v2\/posts"}],"about":[{"href":"https:\/\/www.bellunopress.it\/fr\/wp-json\/wp\/v2\/types\/post"}],"author":[{"embeddable":true,"href":"https:\/\/www.bellunopress.it\/fr\/wp-json\/wp\/v2\/users\/2"}],"replies":[{"embeddable":true,"href":"https:\/\/www.bellunopress.it\/fr\/wp-json\/wp\/v2\/comments?post=47917"}],"version-history":[{"count":1,"href":"https:\/\/www.bellunopress.it\/fr\/wp-json\/wp\/v2\/posts\/47917\/revisions"}],"predecessor-version":[{"id":47918,"href":"https:\/\/www.bellunopress.it\/fr\/wp-json\/wp\/v2\/posts\/47917\/revisions\/47918"}],"wp:attachment":[{"href":"https:\/\/www.bellunopress.it\/fr\/wp-json\/wp\/v2\/media?parent=47917"}],"wp:term":[{"taxonomy":"category","embeddable":true,"href":"https:\/\/www.bellunopress.it\/fr\/wp-json\/wp\/v2\/categories?post=47917"},{"taxonomy":"post_tag","embeddable":true,"href":"https:\/\/www.bellunopress.it\/fr\/wp-json\/wp\/v2\/tags?post=47917"}],"curies":[{"name":"wp","href":"https:\/\/api.w.org\/{rel}","templated":true}]}}