{"id":47915,"date":"2013-03-25T17:30:19","date_gmt":"2013-03-25T16:30:19","guid":{"rendered":"http:\/\/www.bellunopress.it\/?p=47915"},"modified":"2013-03-25T17:30:19","modified_gmt":"2013-03-25T16:30:19","slug":"leuroparlamentare-andrea-zanoni-a-belluno-giovedi-28-marzo-ore-20-30-in-sala-bianchi-per-la-acqua-bene-comune-verso-leuropa","status":"publish","type":"post","link":"https:\/\/www.bellunopress.it\/fr\/2013\/03\/25\/leuroparlamentare-andrea-zanoni-a-belluno-giovedi-28-marzo-ore-20-30-in-sala-bianchi-per-la-acqua-bene-comune-verso-leuropa\/","title":{"rendered":"L&#8217;europarlamentare Andrea Zanoni a Belluno, gioved\u00ec 28 marzo ore 20.30 in Sala \u201cBianchi\u201d per la \u201cAcqua bene comune verso l\u2019Europa\u201d"},"content":{"rendered":"<p>&#8220;Acqua bene comune verso l\u2019Europa\u201d \u00e8 il titolo della conferenza in programma per gioved\u00ec 28 marzo 2013 alle ore 20.30, nella Sala \u201cBianchi\u201d in viale Fantuzzi numero 11 a Belluno. La serata \u00e8 organizzata dal Comitato bellunese \u201cAcqua Bene Comune\u201d.<\/p>\n<figure id=\"attachment_34303\" aria-describedby=\"caption-attachment-34303\" style=\"width: 220px\" class=\"wp-caption alignleft\"><a href=\"http:\/\/www.bellunopress.it\/wp-content\/uploads\/2012\/01\/andrea-zanoni.jpg\"><img loading=\"lazy\" decoding=\"async\" class=\"size-full wp-image-34303\" alt=\"Andrea Zanoni eurodeputato Idv\" src=\"http:\/\/www.bellunopress.it\/wp-content\/uploads\/2012\/01\/andrea-zanoni.jpg\" width=\"220\" height=\"220\" srcset=\"https:\/\/www.bellunopress.it\/wp-content\/uploads\/2012\/01\/andrea-zanoni.jpg 220w, https:\/\/www.bellunopress.it\/wp-content\/uploads\/2012\/01\/andrea-zanoni-150x150.jpg 150w\" sizes=\"auto, (max-width: 220px) 100vw, 220px\" \/><\/a><figcaption id=\"caption-attachment-34303\" class=\"wp-caption-text\">Andrea Zanoni eurodeputato Idv<\/figcaption><\/figure>\n<p>Relatori della serata saranno l\u2019europarlamentare Andrea Zanoni del gruppo ALDE (Alleanza dei Liberali e Democratici Europei), membro della Commissione ENVI Ambiente, Salute Pubblica e Sicurezza Alimentare e vice Presidente dell\u2019Intergruppo per il Benessere Animale al Parlamento europeo, l\u2019Avvocato Matteo Ceruti specialista in diritto dell\u2019ambiente, il Dottore Marco Stevanin esperto e consulente in campo ambientale e Lucia Ruffato del Comitato bellunese \u201cAcqua Bene Comune\u201d.<\/p>\n<p>\u00abI nostri corsi d\u2019acqua non godono certo di buona salute &#8211; ha affermato l\u2019Eurodeputato Zanoni &#8211; A novembre 2012, la Commissione europea, per affrontare il problema, ha messo a punto un Piano per la salvaguardia delle risorse idriche targate Ue al fine di raggiungere l\u2019obiettivo di un buono stato delle acque entro il 2015, come gi\u00e0 stabilito nella Direttiva Quadro sulle Acque. Lo scopo \u00e8 di garantire che la disponibilit\u00e0 di acqua di buona qualit\u00e0 sia sufficiente a soddisfare le esigenze dei cittadini, dell\u2019economia e dell\u2019ambiente. Le nostre acque, sia sotterranee che superficiali, sono minacciate dall\u2019inquinamento, dalla selvaggia estrazione idrica per produzione agricola ed energetica, dall\u2019irrazionale sfruttamento del suolo e dai cambiamenti climatici. Ci sono troppi progetti di centrali idroelettriche e troppo spesso vengono intubate centinaia di metri di torrenti distruggendo interi ecosistemi: solo nella provincia di Belluno si contano ben 170 domande. Una grave minaccia al delicato equilibrio dell\u2019ambiente montato\u00bb.<\/p>\n<p>Durante l\u2019incontro il Comitato bellunese illustrer\u00e0 il ricorso che sar\u00e0 presentato alla Commissione europea contro l\u2019iper sfruttamento idroelettrico del territorio.<\/p>\n<p>&nbsp;<\/p>\n<p>&nbsp;<\/p>","protected":false},"excerpt":{"rendered":"<p>&#8220;Acqua bene comune verso l\u2019Europa\u201d \u00e8 il titolo della conferenza in programma per gioved\u00ec 28 marzo 2013 alle ore 20.30, nella Sala \u201cBianchi\u201d in viale Fantuzzi numero 11 a Belluno. La serata \u00e8 organizzata dal Comitato bellunese \u201cAcqua Bene Comune\u201d. Relatori della serata saranno l\u2019europarlamentare Andrea Zanoni del gruppo ALDE (Alleanza dei Liberali e Democratici [&hellip;]<\/p>\n","protected":false},"author":2,"featured_media":0,"comment_status":"closed","ping_status":"open","sticky":false,"template":"","format":"standard","meta":{"footnotes":""},"categories":[27,5,26],"tags":[],"class_list":["post-47915","post","type-post","status-publish","format-standard","category-appuntamenti","category-cronaca","category-prima-pagina"],"yoast_head":"<!-- This site is optimized with the Yoast SEO plugin v28.4 - https:\/\/yoast.com\/product\/yoast-seo-wordpress\/ -->\n<title>L&#039;europarlamentare Andrea Zanoni a Belluno, gioved\u00ec 28 marzo ore 20.30 in Sala \u201cBianchi\u201d per la \u201cAcqua bene comune verso l\u2019Europa\u201d - Bellunopress - Dolomiti<\/title>\n<meta name=\"robots\" content=\"index, follow, max-snippet:-1, max-image-preview:large, max-video-preview:-1\" \/>\n<link rel=\"canonical\" href=\"https:\/\/www.bellunopress.it\/fr\/2013\/03\/25\/leuroparlamentare-andrea-zanoni-a-belluno-giovedi-28-marzo-ore-20-30-in-sala-bianchi-per-la-acqua-bene-comune-verso-leuropa\/\" \/>\n<meta property=\"og:locale\" content=\"fr_FR\" \/>\n<meta property=\"og:type\" content=\"article\" \/>\n<meta property=\"og:title\" content=\"L&#039;europarlamentare Andrea Zanoni a Belluno, gioved\u00ec 28 marzo ore 20.30 in Sala \u201cBianchi\u201d per la \u201cAcqua bene comune verso l\u2019Europa\u201d - Bellunopress - Dolomiti\" \/>\n<meta property=\"og:description\" content=\"&#8220;Acqua bene comune verso l\u2019Europa\u201d \u00e8 il titolo della conferenza in programma per gioved\u00ec 28 marzo 2013 alle ore 20.30, nella Sala \u201cBianchi\u201d in viale Fantuzzi numero 11 a Belluno. La serata \u00e8 organizzata dal Comitato bellunese \u201cAcqua Bene Comune\u201d. Relatori della serata saranno l\u2019europarlamentare Andrea Zanoni del gruppo ALDE (Alleanza dei Liberali e Democratici [&hellip;]\" \/>\n<meta property=\"og:url\" content=\"https:\/\/www.bellunopress.it\/fr\/2013\/03\/25\/leuroparlamentare-andrea-zanoni-a-belluno-giovedi-28-marzo-ore-20-30-in-sala-bianchi-per-la-acqua-bene-comune-verso-leuropa\/\" \/>\n<meta property=\"og:site_name\" content=\"Bellunopress - Dolomiti\" \/>\n<meta property=\"article:publisher\" content=\"https:\/\/www.facebook.com\/profile.php?id=100008943462799\" \/>\n<meta property=\"article:published_time\" content=\"2013-03-25T16:30:19+00:00\" \/>\n<meta property=\"og:image\" content=\"http:\/\/www.bellunopress.it\/wp-content\/uploads\/2012\/01\/andrea-zanoni.jpg\" \/>\n<meta name=\"author\" content=\"redazione\" \/>\n<meta name=\"twitter:card\" content=\"summary_large_image\" \/>\n<meta name=\"twitter:creator\" content=\"@bellunopress\" \/>\n<meta name=\"twitter:site\" content=\"@bellunopress\" \/>\n<meta name=\"twitter:label1\" content=\"\u00c9crit par\" \/>\n\t<meta name=\"twitter:data1\" content=\"redazione\" \/>\n\t<meta name=\"twitter:label2\" content=\"Dur\u00e9e de lecture estim\u00e9e\" \/>\n\t<meta name=\"twitter:data2\" content=\"1 minute\" \/>\n<script type=\"application\/ld+json\" class=\"yoast-schema-graph\">{\"@context\":\"https:\\\/\\\/schema.org\",\"@graph\":[{\"@type\":\"Article\",\"@id\":\"https:\\\/\\\/www.bellunopress.it\\\/2013\\\/03\\\/25\\\/leuroparlamentare-andrea-zanoni-a-belluno-giovedi-28-marzo-ore-20-30-in-sala-bianchi-per-la-acqua-bene-comune-verso-leuropa\\\/#article\",\"isPartOf\":{\"@id\":\"https:\\\/\\\/www.bellunopress.it\\\/2013\\\/03\\\/25\\\/leuroparlamentare-andrea-zanoni-a-belluno-giovedi-28-marzo-ore-20-30-in-sala-bianchi-per-la-acqua-bene-comune-verso-leuropa\\\/\"},\"author\":{\"name\":\"redazione\",\"@id\":\"https:\\\/\\\/www.bellunopress.it\\\/#\\\/schema\\\/person\\\/79bb06722b37ece1c03d3e94beb30d73\"},\"headline\":\"L&#8217;europarlamentare Andrea Zanoni a Belluno, gioved\u00ec 28 marzo ore 20.30 in Sala \u201cBianchi\u201d per la \u201cAcqua bene comune verso l\u2019Europa\u201d\",\"datePublished\":\"2013-03-25T16:30:19+00:00\",\"mainEntityOfPage\":{\"@id\":\"https:\\\/\\\/www.bellunopress.it\\\/2013\\\/03\\\/25\\\/leuroparlamentare-andrea-zanoni-a-belluno-giovedi-28-marzo-ore-20-30-in-sala-bianchi-per-la-acqua-bene-comune-verso-leuropa\\\/\"},\"wordCount\":312,\"publisher\":{\"@id\":\"https:\\\/\\\/www.bellunopress.it\\\/#organization\"},\"image\":{\"@id\":\"https:\\\/\\\/www.bellunopress.it\\\/2013\\\/03\\\/25\\\/leuroparlamentare-andrea-zanoni-a-belluno-giovedi-28-marzo-ore-20-30-in-sala-bianchi-per-la-acqua-bene-comune-verso-leuropa\\\/#primaryimage\"},\"thumbnailUrl\":\"http:\\\/\\\/www.bellunopress.it\\\/wp-content\\\/uploads\\\/2012\\\/01\\\/andrea-zanoni.jpg\",\"articleSection\":[\"Appuntamenti, Eventi\",\"Cronaca\\\/Politica\",\"Prima Pagina\"],\"inLanguage\":\"fr-FR\"},{\"@type\":\"WebPage\",\"@id\":\"https:\\\/\\\/www.bellunopress.it\\\/2013\\\/03\\\/25\\\/leuroparlamentare-andrea-zanoni-a-belluno-giovedi-28-marzo-ore-20-30-in-sala-bianchi-per-la-acqua-bene-comune-verso-leuropa\\\/\",\"url\":\"https:\\\/\\\/www.bellunopress.it\\\/2013\\\/03\\\/25\\\/leuroparlamentare-andrea-zanoni-a-belluno-giovedi-28-marzo-ore-20-30-in-sala-bianchi-per-la-acqua-bene-comune-verso-leuropa\\\/\",\"name\":\"L'europarlamentare Andrea Zanoni a Belluno, gioved\u00ec 28 marzo ore 20.30 in Sala \u201cBianchi\u201d per la \u201cAcqua bene comune verso l\u2019Europa\u201d - Bellunopress - Dolomiti\",\"isPartOf\":{\"@id\":\"https:\\\/\\\/www.bellunopress.it\\\/#website\"},\"primaryImageOfPage\":{\"@id\":\"https:\\\/\\\/www.bellunopress.it\\\/2013\\\/03\\\/25\\\/leuroparlamentare-andrea-zanoni-a-belluno-giovedi-28-marzo-ore-20-30-in-sala-bianchi-per-la-acqua-bene-comune-verso-leuropa\\\/#primaryimage\"},\"image\":{\"@id\":\"https:\\\/\\\/www.bellunopress.it\\\/2013\\\/03\\\/25\\\/leuroparlamentare-andrea-zanoni-a-belluno-giovedi-28-marzo-ore-20-30-in-sala-bianchi-per-la-acqua-bene-comune-verso-leuropa\\\/#primaryimage\"},\"thumbnailUrl\":\"http:\\\/\\\/www.bellunopress.it\\\/wp-content\\\/uploads\\\/2012\\\/01\\\/andrea-zanoni.jpg\",\"datePublished\":\"2013-03-25T16:30:19+00:00\",\"breadcrumb\":{\"@id\":\"https:\\\/\\\/www.bellunopress.it\\\/2013\\\/03\\\/25\\\/leuroparlamentare-andrea-zanoni-a-belluno-giovedi-28-marzo-ore-20-30-in-sala-bianchi-per-la-acqua-bene-comune-verso-leuropa\\\/#breadcrumb\"},\"inLanguage\":\"fr-FR\",\"potentialAction\":[{\"@type\":\"ReadAction\",\"target\":[\"https:\\\/\\\/www.bellunopress.it\\\/2013\\\/03\\\/25\\\/leuroparlamentare-andrea-zanoni-a-belluno-giovedi-28-marzo-ore-20-30-in-sala-bianchi-per-la-acqua-bene-comune-verso-leuropa\\\/\"]}]},{\"@type\":\"ImageObject\",\"inLanguage\":\"fr-FR\",\"@id\":\"https:\\\/\\\/www.bellunopress.it\\\/2013\\\/03\\\/25\\\/leuroparlamentare-andrea-zanoni-a-belluno-giovedi-28-marzo-ore-20-30-in-sala-bianchi-per-la-acqua-bene-comune-verso-leuropa\\\/#primaryimage\",\"url\":\"http:\\\/\\\/www.bellunopress.it\\\/wp-content\\\/uploads\\\/2012\\\/01\\\/andrea-zanoni.jpg\",\"contentUrl\":\"http:\\\/\\\/www.bellunopress.it\\\/wp-content\\\/uploads\\\/2012\\\/01\\\/andrea-zanoni.jpg\"},{\"@type\":\"BreadcrumbList\",\"@id\":\"https:\\\/\\\/www.bellunopress.it\\\/2013\\\/03\\\/25\\\/leuroparlamentare-andrea-zanoni-a-belluno-giovedi-28-marzo-ore-20-30-in-sala-bianchi-per-la-acqua-bene-comune-verso-leuropa\\\/#breadcrumb\",\"itemListElement\":[{\"@type\":\"ListItem\",\"position\":1,\"name\":\"Home\",\"item\":\"https:\\\/\\\/www.bellunopress.it\\\/\"},{\"@type\":\"ListItem\",\"position\":2,\"name\":\"L&#8217;europarlamentare Andrea Zanoni a Belluno, gioved\u00ec 28 marzo ore 20.30 in Sala \u201cBianchi\u201d per la \u201cAcqua bene comune verso l\u2019Europa\u201d\"}]},{\"@type\":\"WebSite\",\"@id\":\"https:\\\/\\\/www.bellunopress.it\\\/#website\",\"url\":\"https:\\\/\\\/www.bellunopress.it\\\/\",\"name\":\"Bellunopress - Dolomiti\",\"description\":\"e-mail: redazione@bellunopress.it\",\"publisher\":{\"@id\":\"https:\\\/\\\/www.bellunopress.it\\\/#organization\"},\"potentialAction\":[{\"@type\":\"SearchAction\",\"target\":{\"@type\":\"EntryPoint\",\"urlTemplate\":\"https:\\\/\\\/www.bellunopress.it\\\/?s={search_term_string}\"},\"query-input\":{\"@type\":\"PropertyValueSpecification\",\"valueRequired\":true,\"valueName\":\"search_term_string\"}}],\"inLanguage\":\"fr-FR\"},{\"@type\":\"Organization\",\"@id\":\"https:\\\/\\\/www.bellunopress.it\\\/#organization\",\"name\":\"Bellunopress\",\"url\":\"https:\\\/\\\/www.bellunopress.it\\\/\",\"logo\":{\"@type\":\"ImageObject\",\"inLanguage\":\"fr-FR\",\"@id\":\"https:\\\/\\\/www.bellunopress.it\\\/#\\\/schema\\\/logo\\\/image\\\/\",\"url\":\"https:\\\/\\\/www.bellunopress.it\\\/wp-content\\\/uploads\\\/2011\\\/05\\\/cropped-logo-bellunopress-.jpg\",\"contentUrl\":\"https:\\\/\\\/www.bellunopress.it\\\/wp-content\\\/uploads\\\/2011\\\/05\\\/cropped-logo-bellunopress-.jpg\",\"width\":512,\"height\":512,\"caption\":\"Bellunopress\"},\"image\":{\"@id\":\"https:\\\/\\\/www.bellunopress.it\\\/#\\\/schema\\\/logo\\\/image\\\/\"},\"sameAs\":[\"https:\\\/\\\/www.facebook.com\\\/profile.php?id=100008943462799\",\"https:\\\/\\\/x.com\\\/bellunopress\",\"https:\\\/\\\/www.linkedin.com\\\/hp\\\/?dnr=JBzUWaJfMUw8vbXJJ2tVW5-I3jZKvC4wsoxE&amp;amp;amp;amp;amp;amp;trk=nav_responsive_tab_home\",\"https:\\\/\\\/www.youtube.com\\\/channel\\\/UCxL0wu1uN0_3_7hGG0306cw\"]},{\"@type\":\"Person\",\"@id\":\"https:\\\/\\\/www.bellunopress.it\\\/#\\\/schema\\\/person\\\/79bb06722b37ece1c03d3e94beb30d73\",\"name\":\"redazione\",\"image\":{\"@type\":\"ImageObject\",\"inLanguage\":\"fr-FR\",\"@id\":\"https:\\\/\\\/secure.gravatar.com\\\/avatar\\\/37d968a2e67a6fd04c169c4bdef102d0bc5d31b2546345219e348575eb80e9a0?s=96&d=mm&r=g\",\"url\":\"https:\\\/\\\/secure.gravatar.com\\\/avatar\\\/37d968a2e67a6fd04c169c4bdef102d0bc5d31b2546345219e348575eb80e9a0?s=96&d=mm&r=g\",\"contentUrl\":\"https:\\\/\\\/secure.gravatar.com\\\/avatar\\\/37d968a2e67a6fd04c169c4bdef102d0bc5d31b2546345219e348575eb80e9a0?s=96&d=mm&r=g\",\"caption\":\"redazione\"},\"sameAs\":[\"http:\\\/\\\/www.bellunopress.it\",\"https:\\\/\\\/x.com\\\/bellunopress\"],\"url\":\"https:\\\/\\\/www.bellunopress.it\\\/fr\\\/author\\\/redazione\\\/\"}]}<\/script>\n<!-- \/ Yoast SEO plugin. -->","yoast_head_json":{"title":"L'europarlamentare Andrea Zanoni a Belluno, gioved\u00ec 28 marzo ore 20.30 in Sala \u201cBianchi\u201d per la \u201cAcqua bene comune verso l\u2019Europa\u201d - Bellunopress - Dolomiti","robots":{"index":"index","follow":"follow","max-snippet":"max-snippet:-1","max-image-preview":"max-image-preview:large","max-video-preview":"max-video-preview:-1"},"canonical":"https:\/\/www.bellunopress.it\/fr\/2013\/03\/25\/leuroparlamentare-andrea-zanoni-a-belluno-giovedi-28-marzo-ore-20-30-in-sala-bianchi-per-la-acqua-bene-comune-verso-leuropa\/","og_locale":"fr_FR","og_type":"article","og_title":"L'europarlamentare Andrea Zanoni a Belluno, gioved\u00ec 28 marzo ore 20.30 in Sala \u201cBianchi\u201d per la \u201cAcqua bene comune verso l\u2019Europa\u201d - Bellunopress - Dolomiti","og_description":"&#8220;Acqua bene comune verso l\u2019Europa\u201d \u00e8 il titolo della conferenza in programma per gioved\u00ec 28 marzo 2013 alle ore 20.30, nella Sala \u201cBianchi\u201d in viale Fantuzzi numero 11 a Belluno. La serata \u00e8 organizzata dal Comitato bellunese \u201cAcqua Bene Comune\u201d. Relatori della serata saranno l\u2019europarlamentare Andrea Zanoni del gruppo ALDE (Alleanza dei Liberali e Democratici [&hellip;]","og_url":"https:\/\/www.bellunopress.it\/fr\/2013\/03\/25\/leuroparlamentare-andrea-zanoni-a-belluno-giovedi-28-marzo-ore-20-30-in-sala-bianchi-per-la-acqua-bene-comune-verso-leuropa\/","og_site_name":"Bellunopress - Dolomiti","article_publisher":"https:\/\/www.facebook.com\/profile.php?id=100008943462799","article_published_time":"2013-03-25T16:30:19+00:00","og_image":[{"url":"http:\/\/www.bellunopress.it\/wp-content\/uploads\/2012\/01\/andrea-zanoni.jpg","type":"","width":"","height":""}],"author":"redazione","twitter_card":"summary_large_image","twitter_creator":"@bellunopress","twitter_site":"@bellunopress","twitter_misc":{"\u00c9crit par":"redazione","Dur\u00e9e de lecture estim\u00e9e":"1 minute"},"schema":{"@context":"https:\/\/schema.org","@graph":[{"@type":"Article","@id":"https:\/\/www.bellunopress.it\/2013\/03\/25\/leuroparlamentare-andrea-zanoni-a-belluno-giovedi-28-marzo-ore-20-30-in-sala-bianchi-per-la-acqua-bene-comune-verso-leuropa\/#article","isPartOf":{"@id":"https:\/\/www.bellunopress.it\/2013\/03\/25\/leuroparlamentare-andrea-zanoni-a-belluno-giovedi-28-marzo-ore-20-30-in-sala-bianchi-per-la-acqua-bene-comune-verso-leuropa\/"},"author":{"name":"redazione","@id":"https:\/\/www.bellunopress.it\/#\/schema\/person\/79bb06722b37ece1c03d3e94beb30d73"},"headline":"L&#8217;europarlamentare Andrea Zanoni a Belluno, gioved\u00ec 28 marzo ore 20.30 in Sala \u201cBianchi\u201d per la \u201cAcqua bene comune verso l\u2019Europa\u201d","datePublished":"2013-03-25T16:30:19+00:00","mainEntityOfPage":{"@id":"https:\/\/www.bellunopress.it\/2013\/03\/25\/leuroparlamentare-andrea-zanoni-a-belluno-giovedi-28-marzo-ore-20-30-in-sala-bianchi-per-la-acqua-bene-comune-verso-leuropa\/"},"wordCount":312,"publisher":{"@id":"https:\/\/www.bellunopress.it\/#organization"},"image":{"@id":"https:\/\/www.bellunopress.it\/2013\/03\/25\/leuroparlamentare-andrea-zanoni-a-belluno-giovedi-28-marzo-ore-20-30-in-sala-bianchi-per-la-acqua-bene-comune-verso-leuropa\/#primaryimage"},"thumbnailUrl":"http:\/\/www.bellunopress.it\/wp-content\/uploads\/2012\/01\/andrea-zanoni.jpg","articleSection":["Appuntamenti, Eventi","Cronaca\/Politica","Prima Pagina"],"inLanguage":"fr-FR"},{"@type":"WebPage","@id":"https:\/\/www.bellunopress.it\/2013\/03\/25\/leuroparlamentare-andrea-zanoni-a-belluno-giovedi-28-marzo-ore-20-30-in-sala-bianchi-per-la-acqua-bene-comune-verso-leuropa\/","url":"https:\/\/www.bellunopress.it\/2013\/03\/25\/leuroparlamentare-andrea-zanoni-a-belluno-giovedi-28-marzo-ore-20-30-in-sala-bianchi-per-la-acqua-bene-comune-verso-leuropa\/","name":"L'europarlamentare Andrea Zanoni a Belluno, gioved\u00ec 28 marzo ore 20.30 in Sala \u201cBianchi\u201d per la \u201cAcqua bene comune verso l\u2019Europa\u201d - Bellunopress - Dolomiti","isPartOf":{"@id":"https:\/\/www.bellunopress.it\/#website"},"primaryImageOfPage":{"@id":"https:\/\/www.bellunopress.it\/2013\/03\/25\/leuroparlamentare-andrea-zanoni-a-belluno-giovedi-28-marzo-ore-20-30-in-sala-bianchi-per-la-acqua-bene-comune-verso-leuropa\/#primaryimage"},"image":{"@id":"https:\/\/www.bellunopress.it\/2013\/03\/25\/leuroparlamentare-andrea-zanoni-a-belluno-giovedi-28-marzo-ore-20-30-in-sala-bianchi-per-la-acqua-bene-comune-verso-leuropa\/#primaryimage"},"thumbnailUrl":"http:\/\/www.bellunopress.it\/wp-content\/uploads\/2012\/01\/andrea-zanoni.jpg","datePublished":"2013-03-25T16:30:19+00:00","breadcrumb":{"@id":"https:\/\/www.bellunopress.it\/2013\/03\/25\/leuroparlamentare-andrea-zanoni-a-belluno-giovedi-28-marzo-ore-20-30-in-sala-bianchi-per-la-acqua-bene-comune-verso-leuropa\/#breadcrumb"},"inLanguage":"fr-FR","potentialAction":[{"@type":"ReadAction","target":["https:\/\/www.bellunopress.it\/2013\/03\/25\/leuroparlamentare-andrea-zanoni-a-belluno-giovedi-28-marzo-ore-20-30-in-sala-bianchi-per-la-acqua-bene-comune-verso-leuropa\/"]}]},{"@type":"ImageObject","inLanguage":"fr-FR","@id":"https:\/\/www.bellunopress.it\/2013\/03\/25\/leuroparlamentare-andrea-zanoni-a-belluno-giovedi-28-marzo-ore-20-30-in-sala-bianchi-per-la-acqua-bene-comune-verso-leuropa\/#primaryimage","url":"http:\/\/www.bellunopress.it\/wp-content\/uploads\/2012\/01\/andrea-zanoni.jpg","contentUrl":"http:\/\/www.bellunopress.it\/wp-content\/uploads\/2012\/01\/andrea-zanoni.jpg"},{"@type":"BreadcrumbList","@id":"https:\/\/www.bellunopress.it\/2013\/03\/25\/leuroparlamentare-andrea-zanoni-a-belluno-giovedi-28-marzo-ore-20-30-in-sala-bianchi-per-la-acqua-bene-comune-verso-leuropa\/#breadcrumb","itemListElement":[{"@type":"ListItem","position":1,"name":"Home","item":"https:\/\/www.bellunopress.it\/"},{"@type":"ListItem","position":2,"name":"L&#8217;europarlamentare Andrea Zanoni a Belluno, gioved\u00ec 28 marzo ore 20.30 in Sala \u201cBianchi\u201d per la \u201cAcqua bene comune verso l\u2019Europa\u201d"}]},{"@type":"WebSite","@id":"https:\/\/www.bellunopress.it\/#website","url":"https:\/\/www.bellunopress.it\/","name":"Bellunopress - Dolomiti","description":"e-mail: redazione@bellunopress.it","publisher":{"@id":"https:\/\/www.bellunopress.it\/#organization"},"potentialAction":[{"@type":"SearchAction","target":{"@type":"EntryPoint","urlTemplate":"https:\/\/www.bellunopress.it\/?s={search_term_string}"},"query-input":{"@type":"PropertyValueSpecification","valueRequired":true,"valueName":"search_term_string"}}],"inLanguage":"fr-FR"},{"@type":"Organization","@id":"https:\/\/www.bellunopress.it\/#organization","name":"Bellunopress","url":"https:\/\/www.bellunopress.it\/","logo":{"@type":"ImageObject","inLanguage":"fr-FR","@id":"https:\/\/www.bellunopress.it\/#\/schema\/logo\/image\/","url":"https:\/\/www.bellunopress.it\/wp-content\/uploads\/2011\/05\/cropped-logo-bellunopress-.jpg","contentUrl":"https:\/\/www.bellunopress.it\/wp-content\/uploads\/2011\/05\/cropped-logo-bellunopress-.jpg","width":512,"height":512,"caption":"Bellunopress"},"image":{"@id":"https:\/\/www.bellunopress.it\/#\/schema\/logo\/image\/"},"sameAs":["https:\/\/www.facebook.com\/profile.php?id=100008943462799","https:\/\/x.com\/bellunopress","https:\/\/www.linkedin.com\/hp\/?dnr=JBzUWaJfMUw8vbXJJ2tVW5-I3jZKvC4wsoxE&amp;amp;amp;amp;amp;amp;trk=nav_responsive_tab_home","https:\/\/www.youtube.com\/channel\/UCxL0wu1uN0_3_7hGG0306cw"]},{"@type":"Person","@id":"https:\/\/www.bellunopress.it\/#\/schema\/person\/79bb06722b37ece1c03d3e94beb30d73","name":"r\u00e9daction","image":{"@type":"ImageObject","inLanguage":"fr-FR","@id":"https:\/\/secure.gravatar.com\/avatar\/37d968a2e67a6fd04c169c4bdef102d0bc5d31b2546345219e348575eb80e9a0?s=96&d=mm&r=g","url":"https:\/\/secure.gravatar.com\/avatar\/37d968a2e67a6fd04c169c4bdef102d0bc5d31b2546345219e348575eb80e9a0?s=96&d=mm&r=g","contentUrl":"https:\/\/secure.gravatar.com\/avatar\/37d968a2e67a6fd04c169c4bdef102d0bc5d31b2546345219e348575eb80e9a0?s=96&d=mm&r=g","caption":"redazione"},"sameAs":["http:\/\/www.bellunopress.it","https:\/\/x.com\/bellunopress"],"url":"https:\/\/www.bellunopress.it\/fr\/author\/redazione\/"}]}},"_links":{"self":[{"href":"https:\/\/www.bellunopress.it\/fr\/wp-json\/wp\/v2\/posts\/47915","targetHints":{"allow":["GET"]}}],"collection":[{"href":"https:\/\/www.bellunopress.it\/fr\/wp-json\/wp\/v2\/posts"}],"about":[{"href":"https:\/\/www.bellunopress.it\/fr\/wp-json\/wp\/v2\/types\/post"}],"author":[{"embeddable":true,"href":"https:\/\/www.bellunopress.it\/fr\/wp-json\/wp\/v2\/users\/2"}],"replies":[{"embeddable":true,"href":"https:\/\/www.bellunopress.it\/fr\/wp-json\/wp\/v2\/comments?post=47915"}],"version-history":[{"count":1,"href":"https:\/\/www.bellunopress.it\/fr\/wp-json\/wp\/v2\/posts\/47915\/revisions"}],"predecessor-version":[{"id":47916,"href":"https:\/\/www.bellunopress.it\/fr\/wp-json\/wp\/v2\/posts\/47915\/revisions\/47916"}],"wp:attachment":[{"href":"https:\/\/www.bellunopress.it\/fr\/wp-json\/wp\/v2\/media?parent=47915"}],"wp:term":[{"taxonomy":"category","embeddable":true,"href":"https:\/\/www.bellunopress.it\/fr\/wp-json\/wp\/v2\/categories?post=47915"},{"taxonomy":"post_tag","embeddable":true,"href":"https:\/\/www.bellunopress.it\/fr\/wp-json\/wp\/v2\/tags?post=47915"}],"curies":[{"name":"wp","href":"https:\/\/api.w.org\/{rel}","templated":true}]}}