{"id":47913,"date":"2013-03-27T07:14:27","date_gmt":"2013-03-27T06:14:27","guid":{"rendered":"http:\/\/www.bellunopress.it\/?p=47913"},"modified":"2013-03-25T17:21:32","modified_gmt":"2013-03-25T16:21:32","slug":"i-patriots-dal-vivo-sabato-al-movida-cafe-di-seren-del-grappa","status":"publish","type":"post","link":"https:\/\/www.bellunopress.it\/fr\/2013\/03\/27\/i-patriots-dal-vivo-sabato-al-movida-cafe-di-seren-del-grappa\/","title":{"rendered":"I Patriots dal vivo sabato al Movida caf\u00e9 di Seren del Grappa"},"content":{"rendered":"<p>Sabato 30 marzo alle ore 22.30 al Movida Caf\u00e9 di Seren del Grappa in via Industrie 18\/A, si esibiranno dal vivo i Patriots. Per l\u2019occasione, il locale si trasformer\u00e0 in un talent show dove per\u00f2 potranno vincere tutti. Basta partecipare al coro!<\/p>\n<p>Il trio di musicisti dell\u2019alto trevigiano si sposta in quel di Belluno in una \u201ccampagna\u201d per la tutela della canzone popolare italiana. La ricetta \u00e8 sempre la stessa: prendete un po\u2019 di De Gregori, mescolatelo con Battiato e lasciate decantare, aggiungete un pizzico di Dalla, condite con una bella manciata di Litfiba, Mina, Gazz\u00e8, Timoria, Battisti.<\/p>\n<p>Il tutto va servito accompagnato dal caldo coro del pubblico. Si accettano anche \u201caiuto chef\u201d per cucinare meglio il repertorio\u2026. quindi preparate le corde vocali che con i Patriots canti e te la spassi.<\/p>\n<p>http:\/\/www.facebook.com\/events\/548508355180031\/<\/p>","protected":false},"excerpt":{"rendered":"<p>Sabato 30 marzo alle ore 22.30 al Movida Caf\u00e9 di Seren del Grappa in via Industrie 18\/A, si esibiranno dal vivo i Patriots. Per l\u2019occasione, il locale si trasformer\u00e0 in un talent show dove per\u00f2 potranno vincere tutti. Basta partecipare al coro! Il trio di musicisti dell\u2019alto trevigiano si sposta in quel di Belluno in [&hellip;]<\/p>\n","protected":false},"author":2,"featured_media":0,"comment_status":"closed","ping_status":"open","sticky":false,"template":"","format":"standard","meta":{"footnotes":""},"categories":[27,25],"tags":[],"class_list":["post-47913","post","type-post","status-publish","format-standard","category-appuntamenti","category-pausa-caffe"],"yoast_head":"<!-- This site is optimized with the Yoast SEO plugin v28.4 - https:\/\/yoast.com\/product\/yoast-seo-wordpress\/ -->\n<title>I Patriots dal vivo sabato al Movida caf\u00e9 di Seren del Grappa - Bellunopress - Dolomiti<\/title>\n<meta name=\"robots\" content=\"index, follow, max-snippet:-1, max-image-preview:large, max-video-preview:-1\" \/>\n<link rel=\"canonical\" href=\"https:\/\/www.bellunopress.it\/fr\/2013\/03\/27\/i-patriots-dal-vivo-sabato-al-movida-cafe-di-seren-del-grappa\/\" \/>\n<meta property=\"og:locale\" content=\"fr_FR\" \/>\n<meta property=\"og:type\" content=\"article\" \/>\n<meta property=\"og:title\" content=\"I Patriots dal vivo sabato al Movida caf\u00e9 di Seren del Grappa - Bellunopress - Dolomiti\" \/>\n<meta property=\"og:description\" content=\"Sabato 30 marzo alle ore 22.30 al Movida Caf\u00e9 di Seren del Grappa in via Industrie 18\/A, si esibiranno dal vivo i Patriots. Per l\u2019occasione, il locale si trasformer\u00e0 in un talent show dove per\u00f2 potranno vincere tutti. Basta partecipare al coro! Il trio di musicisti dell\u2019alto trevigiano si sposta in quel di Belluno in [&hellip;]\" \/>\n<meta property=\"og:url\" content=\"https:\/\/www.bellunopress.it\/fr\/2013\/03\/27\/i-patriots-dal-vivo-sabato-al-movida-cafe-di-seren-del-grappa\/\" \/>\n<meta property=\"og:site_name\" content=\"Bellunopress - Dolomiti\" \/>\n<meta property=\"article:publisher\" content=\"https:\/\/www.facebook.com\/profile.php?id=100008943462799\" \/>\n<meta property=\"article:published_time\" content=\"2013-03-27T06:14:27+00:00\" \/>\n<meta property=\"og:image\" content=\"http:\/\/www.bellunopress.it\/wp-content\/uploads\/2012\/07\/logo-bellunopress-250x250-2012.jpg\" \/>\n<meta name=\"author\" content=\"redazione\" \/>\n<meta name=\"twitter:card\" content=\"summary_large_image\" \/>\n<meta name=\"twitter:creator\" content=\"@bellunopress\" \/>\n<meta name=\"twitter:site\" content=\"@bellunopress\" \/>\n<meta name=\"twitter:label1\" content=\"\u00c9crit par\" \/>\n\t<meta name=\"twitter:data1\" content=\"redazione\" \/>\n\t<meta name=\"twitter:label2\" content=\"Dur\u00e9e de lecture estim\u00e9e\" \/>\n\t<meta name=\"twitter:data2\" content=\"1 minute\" \/>\n<script type=\"application\/ld+json\" class=\"yoast-schema-graph\">{\"@context\":\"https:\\\/\\\/schema.org\",\"@graph\":[{\"@type\":\"Article\",\"@id\":\"https:\\\/\\\/www.bellunopress.it\\\/2013\\\/03\\\/27\\\/i-patriots-dal-vivo-sabato-al-movida-cafe-di-seren-del-grappa\\\/#article\",\"isPartOf\":{\"@id\":\"https:\\\/\\\/www.bellunopress.it\\\/2013\\\/03\\\/27\\\/i-patriots-dal-vivo-sabato-al-movida-cafe-di-seren-del-grappa\\\/\"},\"author\":{\"name\":\"redazione\",\"@id\":\"https:\\\/\\\/www.bellunopress.it\\\/#\\\/schema\\\/person\\\/79bb06722b37ece1c03d3e94beb30d73\"},\"headline\":\"I Patriots dal vivo sabato al Movida caf\u00e9 di Seren del Grappa\",\"datePublished\":\"2013-03-27T06:14:27+00:00\",\"mainEntityOfPage\":{\"@id\":\"https:\\\/\\\/www.bellunopress.it\\\/2013\\\/03\\\/27\\\/i-patriots-dal-vivo-sabato-al-movida-cafe-di-seren-del-grappa\\\/\"},\"wordCount\":148,\"publisher\":{\"@id\":\"https:\\\/\\\/www.bellunopress.it\\\/#organization\"},\"articleSection\":[\"Appuntamenti, Eventi\",\"Pausa Caff\u00e8\"],\"inLanguage\":\"fr-FR\"},{\"@type\":\"WebPage\",\"@id\":\"https:\\\/\\\/www.bellunopress.it\\\/2013\\\/03\\\/27\\\/i-patriots-dal-vivo-sabato-al-movida-cafe-di-seren-del-grappa\\\/\",\"url\":\"https:\\\/\\\/www.bellunopress.it\\\/2013\\\/03\\\/27\\\/i-patriots-dal-vivo-sabato-al-movida-cafe-di-seren-del-grappa\\\/\",\"name\":\"I Patriots dal vivo sabato al Movida caf\u00e9 di Seren del Grappa - Bellunopress - Dolomiti\",\"isPartOf\":{\"@id\":\"https:\\\/\\\/www.bellunopress.it\\\/#website\"},\"datePublished\":\"2013-03-27T06:14:27+00:00\",\"breadcrumb\":{\"@id\":\"https:\\\/\\\/www.bellunopress.it\\\/2013\\\/03\\\/27\\\/i-patriots-dal-vivo-sabato-al-movida-cafe-di-seren-del-grappa\\\/#breadcrumb\"},\"inLanguage\":\"fr-FR\",\"potentialAction\":[{\"@type\":\"ReadAction\",\"target\":[\"https:\\\/\\\/www.bellunopress.it\\\/2013\\\/03\\\/27\\\/i-patriots-dal-vivo-sabato-al-movida-cafe-di-seren-del-grappa\\\/\"]}]},{\"@type\":\"BreadcrumbList\",\"@id\":\"https:\\\/\\\/www.bellunopress.it\\\/2013\\\/03\\\/27\\\/i-patriots-dal-vivo-sabato-al-movida-cafe-di-seren-del-grappa\\\/#breadcrumb\",\"itemListElement\":[{\"@type\":\"ListItem\",\"position\":1,\"name\":\"Home\",\"item\":\"https:\\\/\\\/www.bellunopress.it\\\/\"},{\"@type\":\"ListItem\",\"position\":2,\"name\":\"I Patriots dal vivo sabato al Movida caf\u00e9 di Seren del Grappa\"}]},{\"@type\":\"WebSite\",\"@id\":\"https:\\\/\\\/www.bellunopress.it\\\/#website\",\"url\":\"https:\\\/\\\/www.bellunopress.it\\\/\",\"name\":\"Bellunopress - Dolomiti\",\"description\":\"e-mail: redazione@bellunopress.it\",\"publisher\":{\"@id\":\"https:\\\/\\\/www.bellunopress.it\\\/#organization\"},\"potentialAction\":[{\"@type\":\"SearchAction\",\"target\":{\"@type\":\"EntryPoint\",\"urlTemplate\":\"https:\\\/\\\/www.bellunopress.it\\\/?s={search_term_string}\"},\"query-input\":{\"@type\":\"PropertyValueSpecification\",\"valueRequired\":true,\"valueName\":\"search_term_string\"}}],\"inLanguage\":\"fr-FR\"},{\"@type\":\"Organization\",\"@id\":\"https:\\\/\\\/www.bellunopress.it\\\/#organization\",\"name\":\"Bellunopress\",\"url\":\"https:\\\/\\\/www.bellunopress.it\\\/\",\"logo\":{\"@type\":\"ImageObject\",\"inLanguage\":\"fr-FR\",\"@id\":\"https:\\\/\\\/www.bellunopress.it\\\/#\\\/schema\\\/logo\\\/image\\\/\",\"url\":\"https:\\\/\\\/www.bellunopress.it\\\/wp-content\\\/uploads\\\/2011\\\/05\\\/cropped-logo-bellunopress-.jpg\",\"contentUrl\":\"https:\\\/\\\/www.bellunopress.it\\\/wp-content\\\/uploads\\\/2011\\\/05\\\/cropped-logo-bellunopress-.jpg\",\"width\":512,\"height\":512,\"caption\":\"Bellunopress\"},\"image\":{\"@id\":\"https:\\\/\\\/www.bellunopress.it\\\/#\\\/schema\\\/logo\\\/image\\\/\"},\"sameAs\":[\"https:\\\/\\\/www.facebook.com\\\/profile.php?id=100008943462799\",\"https:\\\/\\\/x.com\\\/bellunopress\",\"https:\\\/\\\/www.linkedin.com\\\/hp\\\/?dnr=JBzUWaJfMUw8vbXJJ2tVW5-I3jZKvC4wsoxE&amp;amp;amp;amp;amp;amp;trk=nav_responsive_tab_home\",\"https:\\\/\\\/www.youtube.com\\\/channel\\\/UCxL0wu1uN0_3_7hGG0306cw\"]},{\"@type\":\"Person\",\"@id\":\"https:\\\/\\\/www.bellunopress.it\\\/#\\\/schema\\\/person\\\/79bb06722b37ece1c03d3e94beb30d73\",\"name\":\"redazione\",\"image\":{\"@type\":\"ImageObject\",\"inLanguage\":\"fr-FR\",\"@id\":\"https:\\\/\\\/secure.gravatar.com\\\/avatar\\\/37d968a2e67a6fd04c169c4bdef102d0bc5d31b2546345219e348575eb80e9a0?s=96&d=mm&r=g\",\"url\":\"https:\\\/\\\/secure.gravatar.com\\\/avatar\\\/37d968a2e67a6fd04c169c4bdef102d0bc5d31b2546345219e348575eb80e9a0?s=96&d=mm&r=g\",\"contentUrl\":\"https:\\\/\\\/secure.gravatar.com\\\/avatar\\\/37d968a2e67a6fd04c169c4bdef102d0bc5d31b2546345219e348575eb80e9a0?s=96&d=mm&r=g\",\"caption\":\"redazione\"},\"sameAs\":[\"http:\\\/\\\/www.bellunopress.it\",\"https:\\\/\\\/x.com\\\/bellunopress\"],\"url\":\"https:\\\/\\\/www.bellunopress.it\\\/fr\\\/author\\\/redazione\\\/\"}]}<\/script>\n<!-- \/ Yoast SEO plugin. -->","yoast_head_json":{"title":"I Patriots dal vivo sabato al Movida caf\u00e9 di Seren del Grappa - Bellunopress - Dolomiti","robots":{"index":"index","follow":"follow","max-snippet":"max-snippet:-1","max-image-preview":"max-image-preview:large","max-video-preview":"max-video-preview:-1"},"canonical":"https:\/\/www.bellunopress.it\/fr\/2013\/03\/27\/i-patriots-dal-vivo-sabato-al-movida-cafe-di-seren-del-grappa\/","og_locale":"fr_FR","og_type":"article","og_title":"I Patriots dal vivo sabato al Movida caf\u00e9 di Seren del Grappa - Bellunopress - Dolomiti","og_description":"Sabato 30 marzo alle ore 22.30 al Movida Caf\u00e9 di Seren del Grappa in via Industrie 18\/A, si esibiranno dal vivo i Patriots. Per l\u2019occasione, il locale si trasformer\u00e0 in un talent show dove per\u00f2 potranno vincere tutti. Basta partecipare al coro! Il trio di musicisti dell\u2019alto trevigiano si sposta in quel di Belluno in [&hellip;]","og_url":"https:\/\/www.bellunopress.it\/fr\/2013\/03\/27\/i-patriots-dal-vivo-sabato-al-movida-cafe-di-seren-del-grappa\/","og_site_name":"Bellunopress - Dolomiti","article_publisher":"https:\/\/www.facebook.com\/profile.php?id=100008943462799","article_published_time":"2013-03-27T06:14:27+00:00","og_image":[{"url":"http:\/\/www.bellunopress.it\/wp-content\/uploads\/2012\/07\/logo-bellunopress-250x250-2012.jpg","type":"","width":"","height":""}],"author":"redazione","twitter_card":"summary_large_image","twitter_creator":"@bellunopress","twitter_site":"@bellunopress","twitter_misc":{"\u00c9crit par":"redazione","Dur\u00e9e de lecture estim\u00e9e":"1 minute"},"schema":{"@context":"https:\/\/schema.org","@graph":[{"@type":"Article","@id":"https:\/\/www.bellunopress.it\/2013\/03\/27\/i-patriots-dal-vivo-sabato-al-movida-cafe-di-seren-del-grappa\/#article","isPartOf":{"@id":"https:\/\/www.bellunopress.it\/2013\/03\/27\/i-patriots-dal-vivo-sabato-al-movida-cafe-di-seren-del-grappa\/"},"author":{"name":"redazione","@id":"https:\/\/www.bellunopress.it\/#\/schema\/person\/79bb06722b37ece1c03d3e94beb30d73"},"headline":"I Patriots dal vivo sabato al Movida caf\u00e9 di Seren del Grappa","datePublished":"2013-03-27T06:14:27+00:00","mainEntityOfPage":{"@id":"https:\/\/www.bellunopress.it\/2013\/03\/27\/i-patriots-dal-vivo-sabato-al-movida-cafe-di-seren-del-grappa\/"},"wordCount":148,"publisher":{"@id":"https:\/\/www.bellunopress.it\/#organization"},"articleSection":["Appuntamenti, Eventi","Pausa Caff\u00e8"],"inLanguage":"fr-FR"},{"@type":"WebPage","@id":"https:\/\/www.bellunopress.it\/2013\/03\/27\/i-patriots-dal-vivo-sabato-al-movida-cafe-di-seren-del-grappa\/","url":"https:\/\/www.bellunopress.it\/2013\/03\/27\/i-patriots-dal-vivo-sabato-al-movida-cafe-di-seren-del-grappa\/","name":"I Patriots dal vivo sabato al Movida caf\u00e9 di Seren del Grappa - Bellunopress - Dolomiti","isPartOf":{"@id":"https:\/\/www.bellunopress.it\/#website"},"datePublished":"2013-03-27T06:14:27+00:00","breadcrumb":{"@id":"https:\/\/www.bellunopress.it\/2013\/03\/27\/i-patriots-dal-vivo-sabato-al-movida-cafe-di-seren-del-grappa\/#breadcrumb"},"inLanguage":"fr-FR","potentialAction":[{"@type":"ReadAction","target":["https:\/\/www.bellunopress.it\/2013\/03\/27\/i-patriots-dal-vivo-sabato-al-movida-cafe-di-seren-del-grappa\/"]}]},{"@type":"BreadcrumbList","@id":"https:\/\/www.bellunopress.it\/2013\/03\/27\/i-patriots-dal-vivo-sabato-al-movida-cafe-di-seren-del-grappa\/#breadcrumb","itemListElement":[{"@type":"ListItem","position":1,"name":"Home","item":"https:\/\/www.bellunopress.it\/"},{"@type":"ListItem","position":2,"name":"I Patriots dal vivo sabato al Movida caf\u00e9 di Seren del Grappa"}]},{"@type":"WebSite","@id":"https:\/\/www.bellunopress.it\/#website","url":"https:\/\/www.bellunopress.it\/","name":"Bellunopress - Dolomiti","description":"e-mail: redazione@bellunopress.it","publisher":{"@id":"https:\/\/www.bellunopress.it\/#organization"},"potentialAction":[{"@type":"SearchAction","target":{"@type":"EntryPoint","urlTemplate":"https:\/\/www.bellunopress.it\/?s={search_term_string}"},"query-input":{"@type":"PropertyValueSpecification","valueRequired":true,"valueName":"search_term_string"}}],"inLanguage":"fr-FR"},{"@type":"Organization","@id":"https:\/\/www.bellunopress.it\/#organization","name":"Bellunopress","url":"https:\/\/www.bellunopress.it\/","logo":{"@type":"ImageObject","inLanguage":"fr-FR","@id":"https:\/\/www.bellunopress.it\/#\/schema\/logo\/image\/","url":"https:\/\/www.bellunopress.it\/wp-content\/uploads\/2011\/05\/cropped-logo-bellunopress-.jpg","contentUrl":"https:\/\/www.bellunopress.it\/wp-content\/uploads\/2011\/05\/cropped-logo-bellunopress-.jpg","width":512,"height":512,"caption":"Bellunopress"},"image":{"@id":"https:\/\/www.bellunopress.it\/#\/schema\/logo\/image\/"},"sameAs":["https:\/\/www.facebook.com\/profile.php?id=100008943462799","https:\/\/x.com\/bellunopress","https:\/\/www.linkedin.com\/hp\/?dnr=JBzUWaJfMUw8vbXJJ2tVW5-I3jZKvC4wsoxE&amp;amp;amp;amp;amp;amp;trk=nav_responsive_tab_home","https:\/\/www.youtube.com\/channel\/UCxL0wu1uN0_3_7hGG0306cw"]},{"@type":"Person","@id":"https:\/\/www.bellunopress.it\/#\/schema\/person\/79bb06722b37ece1c03d3e94beb30d73","name":"r\u00e9daction","image":{"@type":"ImageObject","inLanguage":"fr-FR","@id":"https:\/\/secure.gravatar.com\/avatar\/37d968a2e67a6fd04c169c4bdef102d0bc5d31b2546345219e348575eb80e9a0?s=96&d=mm&r=g","url":"https:\/\/secure.gravatar.com\/avatar\/37d968a2e67a6fd04c169c4bdef102d0bc5d31b2546345219e348575eb80e9a0?s=96&d=mm&r=g","contentUrl":"https:\/\/secure.gravatar.com\/avatar\/37d968a2e67a6fd04c169c4bdef102d0bc5d31b2546345219e348575eb80e9a0?s=96&d=mm&r=g","caption":"redazione"},"sameAs":["http:\/\/www.bellunopress.it","https:\/\/x.com\/bellunopress"],"url":"https:\/\/www.bellunopress.it\/fr\/author\/redazione\/"}]}},"_links":{"self":[{"href":"https:\/\/www.bellunopress.it\/fr\/wp-json\/wp\/v2\/posts\/47913","targetHints":{"allow":["GET"]}}],"collection":[{"href":"https:\/\/www.bellunopress.it\/fr\/wp-json\/wp\/v2\/posts"}],"about":[{"href":"https:\/\/www.bellunopress.it\/fr\/wp-json\/wp\/v2\/types\/post"}],"author":[{"embeddable":true,"href":"https:\/\/www.bellunopress.it\/fr\/wp-json\/wp\/v2\/users\/2"}],"replies":[{"embeddable":true,"href":"https:\/\/www.bellunopress.it\/fr\/wp-json\/wp\/v2\/comments?post=47913"}],"version-history":[{"count":1,"href":"https:\/\/www.bellunopress.it\/fr\/wp-json\/wp\/v2\/posts\/47913\/revisions"}],"predecessor-version":[{"id":47914,"href":"https:\/\/www.bellunopress.it\/fr\/wp-json\/wp\/v2\/posts\/47913\/revisions\/47914"}],"wp:attachment":[{"href":"https:\/\/www.bellunopress.it\/fr\/wp-json\/wp\/v2\/media?parent=47913"}],"wp:term":[{"taxonomy":"category","embeddable":true,"href":"https:\/\/www.bellunopress.it\/fr\/wp-json\/wp\/v2\/categories?post=47913"},{"taxonomy":"post_tag","embeddable":true,"href":"https:\/\/www.bellunopress.it\/fr\/wp-json\/wp\/v2\/tags?post=47913"}],"curies":[{"name":"wp","href":"https:\/\/api.w.org\/{rel}","templated":true}]}}