{"id":47911,"date":"2013-03-25T16:17:51","date_gmt":"2013-03-25T15:17:51","guid":{"rendered":"http:\/\/www.bellunopress.it\/?p=47911"},"modified":"2013-03-25T16:17:51","modified_gmt":"2013-03-25T15:17:51","slug":"violenza-alle-donne-nel-mondo-e-la-prima-causa-di-morte-fra-i-14-e-i-60-anni-mercoledi-a-palazzo-piloni-sergio-reolon-e-margherita-de-marchi-illustrano-la-proposta-di-legge-regionale","status":"publish","type":"post","link":"https:\/\/www.bellunopress.it\/fr\/2013\/03\/25\/violenza-alle-donne-nel-mondo-e-la-prima-causa-di-morte-fra-i-14-e-i-60-anni-mercoledi-a-palazzo-piloni-sergio-reolon-e-margherita-de-marchi-illustrano-la-proposta-di-legge-regionale\/","title":{"rendered":"Violenza alle donne: nel mondo \u00e8 la prima causa di morte fra i 14 e i 60 anni. Mercoled\u00ec a Palazzo Piloni Sergio Reolon e Margherita De Marchi illustrano la proposta di legge regionale"},"content":{"rendered":"<figure id=\"attachment_29562\" aria-describedby=\"caption-attachment-29562\" style=\"width: 300px\" class=\"wp-caption alignleft\"><a href=\"http:\/\/www.bellunopress.it\/wp-content\/uploads\/2011\/08\/palazzo-piloni-notte.jpg\"><img loading=\"lazy\" decoding=\"async\" class=\"size-full wp-image-29562\" alt=\"Palazzo Piloni sede della Provincia\" src=\"http:\/\/www.bellunopress.it\/wp-content\/uploads\/2011\/08\/palazzo-piloni-notte.jpg\" width=\"300\" height=\"236\" \/><\/a><figcaption id=\"caption-attachment-29562\" class=\"wp-caption-text\">Palazzo Piloni sede della Provincia<\/figcaption><\/figure>\n<p>Mercoled\u00ec 27 marzo 2013 alle ore 20.30 presso il Palazzo della\u00a0Provincia, Sala Affreschi, a Belluno, il Consigliere regionale del PD\u00a0Sergio Reolon e Margherita De Marchi, Associazione Belluno Donna,\u00a0coordinati da Irma Visalli (Segretaria dell&#8217;Unione Comunale del\u00a0Partito Democratico), illustrano la proposta di legge regionale per il contrasto e la prevenzione della violenza contro le donne.<\/p>\n<p>La violenza contro le donne \u00e8 un fatto drammatico, ricorrente, ampio,\u00a0radicato, terribile e pressoch\u00e9 sistematicamente ignorato che ogni\u00a0anno uccide, tortura e mutila, sia fisicamente che psicologicamente,\u00a0sessualmente ed economicamente migliaia di donne. Prima causa di morte\u00a0delle donne fra i 14 e i 60 anni in tutto il mondo, bench\u00e9\u00a0riconosciuta dalla comunit\u00e0 internazionale come una violazione dei\u00a0diritti umani fondamentali, continua a rimanere un dramma troppo\u00a0spesso consumato nel silenzio e nella solitudine. Gli stupri e le\u00a0violenze contro le donne rappresentano una inaudita forma di dominio e\u00a0di autoritarismo che gli uomini praticano con una sistematicit\u00e0\u00a0impressionante e che, in gran parte del mondo, \u00e8 ancora tollerata\u00a0quando non addirittura giustificata e contro la quale si fa comunque\u00a0troppo poco sia in termini di prevenzione che di aiuto concreto verso\u00a0le vittime di violenza.<\/p>\n<p>Servono perci\u00f2 politiche concrete ed una vera\u00a0azione di governo affinch\u00e9 si possa scongiurarne la chiusura dei\u00a0centri antiviolenza ed assicurarne il buon funzionamento, perch\u00e9 si\u00a0ratifichi la convenzione di Istanbul e si doti il nostro Paese di\u00a0politiche serie di contrasto. Il disegno di legge regionale approvato\u00a0dalla commissione sanit\u00e0 del consiglio regionale del Veneto va in\u00a0questa direzione anche se vi sono ancora punti critici sui quali\u00a0sarebbe auspicabile una modifica in aula all&#8217;atto\u00a0dell&#8217;approvazione\u00a0della legge. L&#8217;incontro ha lo scopo di illustrare la proposta e di\u00a0aprire un confronto e raccogliere osservazioni prima che essa sia\u00a0portata in consiglio per l&#8217;approvazione.<\/p>","protected":false},"excerpt":{"rendered":"<p>Mercoled\u00ec 27 marzo 2013 alle ore 20.30 presso il Palazzo della\u00a0Provincia, Sala Affreschi, a Belluno, il Consigliere regionale del PD\u00a0Sergio Reolon e Margherita De Marchi, Associazione Belluno Donna,\u00a0coordinati da Irma Visalli (Segretaria dell&#8217;Unione Comunale del\u00a0Partito Democratico), illustrano la proposta di legge regionale per il contrasto e la prevenzione della violenza contro le donne. La violenza [&hellip;]<\/p>\n","protected":false},"author":2,"featured_media":0,"comment_status":"closed","ping_status":"open","sticky":false,"template":"","format":"standard","meta":{"footnotes":""},"categories":[27,5],"tags":[],"class_list":["post-47911","post","type-post","status-publish","format-standard","category-appuntamenti","category-cronaca"],"yoast_head":"<!-- This site is optimized with the Yoast SEO plugin v28.4 - https:\/\/yoast.com\/product\/yoast-seo-wordpress\/ -->\n<title>Violenza alle donne: nel mondo \u00e8 la prima causa di morte fra i 14 e i 60 anni. Mercoled\u00ec a Palazzo Piloni Sergio Reolon e Margherita De Marchi illustrano la proposta di legge regionale - Bellunopress - Dolomiti<\/title>\n<meta name=\"robots\" content=\"index, follow, max-snippet:-1, max-image-preview:large, max-video-preview:-1\" \/>\n<link rel=\"canonical\" href=\"https:\/\/www.bellunopress.it\/fr\/2013\/03\/25\/violenza-alle-donne-nel-mondo-e-la-prima-causa-di-morte-fra-i-14-e-i-60-anni-mercoledi-a-palazzo-piloni-sergio-reolon-e-margherita-de-marchi-illustrano-la-proposta-di-legge-regionale\/\" \/>\n<meta property=\"og:locale\" content=\"fr_FR\" \/>\n<meta property=\"og:type\" content=\"article\" \/>\n<meta property=\"og:title\" content=\"Violenza alle donne: nel mondo \u00e8 la prima causa di morte fra i 14 e i 60 anni. Mercoled\u00ec a Palazzo Piloni Sergio Reolon e Margherita De Marchi illustrano la proposta di legge regionale - Bellunopress - Dolomiti\" \/>\n<meta property=\"og:description\" content=\"Mercoled\u00ec 27 marzo 2013 alle ore 20.30 presso il Palazzo della\u00a0Provincia, Sala Affreschi, a Belluno, il Consigliere regionale del PD\u00a0Sergio Reolon e Margherita De Marchi, Associazione Belluno Donna,\u00a0coordinati da Irma Visalli (Segretaria dell&#8217;Unione Comunale del\u00a0Partito Democratico), illustrano la proposta di legge regionale per il contrasto e la prevenzione della violenza contro le donne. La violenza [&hellip;]\" \/>\n<meta property=\"og:url\" content=\"https:\/\/www.bellunopress.it\/fr\/2013\/03\/25\/violenza-alle-donne-nel-mondo-e-la-prima-causa-di-morte-fra-i-14-e-i-60-anni-mercoledi-a-palazzo-piloni-sergio-reolon-e-margherita-de-marchi-illustrano-la-proposta-di-legge-regionale\/\" \/>\n<meta property=\"og:site_name\" content=\"Bellunopress - Dolomiti\" \/>\n<meta property=\"article:publisher\" content=\"https:\/\/www.facebook.com\/profile.php?id=100008943462799\" \/>\n<meta property=\"article:published_time\" content=\"2013-03-25T15:17:51+00:00\" \/>\n<meta property=\"og:image\" content=\"http:\/\/www.bellunopress.it\/wp-content\/uploads\/2011\/08\/palazzo-piloni-notte.jpg\" \/>\n<meta name=\"author\" content=\"redazione\" \/>\n<meta name=\"twitter:card\" content=\"summary_large_image\" \/>\n<meta name=\"twitter:creator\" content=\"@bellunopress\" \/>\n<meta name=\"twitter:site\" content=\"@bellunopress\" \/>\n<meta name=\"twitter:label1\" content=\"\u00c9crit par\" \/>\n\t<meta name=\"twitter:data1\" content=\"redazione\" \/>\n\t<meta name=\"twitter:label2\" content=\"Dur\u00e9e de lecture estim\u00e9e\" \/>\n\t<meta name=\"twitter:data2\" content=\"2 minutes\" \/>\n<script type=\"application\/ld+json\" class=\"yoast-schema-graph\">{\"@context\":\"https:\\\/\\\/schema.org\",\"@graph\":[{\"@type\":\"Article\",\"@id\":\"https:\\\/\\\/www.bellunopress.it\\\/2013\\\/03\\\/25\\\/violenza-alle-donne-nel-mondo-e-la-prima-causa-di-morte-fra-i-14-e-i-60-anni-mercoledi-a-palazzo-piloni-sergio-reolon-e-margherita-de-marchi-illustrano-la-proposta-di-legge-regionale\\\/#article\",\"isPartOf\":{\"@id\":\"https:\\\/\\\/www.bellunopress.it\\\/2013\\\/03\\\/25\\\/violenza-alle-donne-nel-mondo-e-la-prima-causa-di-morte-fra-i-14-e-i-60-anni-mercoledi-a-palazzo-piloni-sergio-reolon-e-margherita-de-marchi-illustrano-la-proposta-di-legge-regionale\\\/\"},\"author\":{\"name\":\"redazione\",\"@id\":\"https:\\\/\\\/www.bellunopress.it\\\/#\\\/schema\\\/person\\\/79bb06722b37ece1c03d3e94beb30d73\"},\"headline\":\"Violenza alle donne: nel mondo \u00e8 la prima causa di morte fra i 14 e i 60 anni. Mercoled\u00ec a Palazzo Piloni Sergio Reolon e Margherita De Marchi illustrano la proposta di legge regionale\",\"datePublished\":\"2013-03-25T15:17:51+00:00\",\"mainEntityOfPage\":{\"@id\":\"https:\\\/\\\/www.bellunopress.it\\\/2013\\\/03\\\/25\\\/violenza-alle-donne-nel-mondo-e-la-prima-causa-di-morte-fra-i-14-e-i-60-anni-mercoledi-a-palazzo-piloni-sergio-reolon-e-margherita-de-marchi-illustrano-la-proposta-di-legge-regionale\\\/\"},\"wordCount\":340,\"publisher\":{\"@id\":\"https:\\\/\\\/www.bellunopress.it\\\/#organization\"},\"image\":{\"@id\":\"https:\\\/\\\/www.bellunopress.it\\\/2013\\\/03\\\/25\\\/violenza-alle-donne-nel-mondo-e-la-prima-causa-di-morte-fra-i-14-e-i-60-anni-mercoledi-a-palazzo-piloni-sergio-reolon-e-margherita-de-marchi-illustrano-la-proposta-di-legge-regionale\\\/#primaryimage\"},\"thumbnailUrl\":\"http:\\\/\\\/www.bellunopress.it\\\/wp-content\\\/uploads\\\/2011\\\/08\\\/palazzo-piloni-notte.jpg\",\"articleSection\":[\"Appuntamenti, Eventi\",\"Cronaca\\\/Politica\"],\"inLanguage\":\"fr-FR\"},{\"@type\":\"WebPage\",\"@id\":\"https:\\\/\\\/www.bellunopress.it\\\/2013\\\/03\\\/25\\\/violenza-alle-donne-nel-mondo-e-la-prima-causa-di-morte-fra-i-14-e-i-60-anni-mercoledi-a-palazzo-piloni-sergio-reolon-e-margherita-de-marchi-illustrano-la-proposta-di-legge-regionale\\\/\",\"url\":\"https:\\\/\\\/www.bellunopress.it\\\/2013\\\/03\\\/25\\\/violenza-alle-donne-nel-mondo-e-la-prima-causa-di-morte-fra-i-14-e-i-60-anni-mercoledi-a-palazzo-piloni-sergio-reolon-e-margherita-de-marchi-illustrano-la-proposta-di-legge-regionale\\\/\",\"name\":\"Violenza alle donne: nel mondo \u00e8 la prima causa di morte fra i 14 e i 60 anni. Mercoled\u00ec a Palazzo Piloni Sergio Reolon e Margherita De Marchi illustrano la proposta di legge regionale - Bellunopress - Dolomiti\",\"isPartOf\":{\"@id\":\"https:\\\/\\\/www.bellunopress.it\\\/#website\"},\"primaryImageOfPage\":{\"@id\":\"https:\\\/\\\/www.bellunopress.it\\\/2013\\\/03\\\/25\\\/violenza-alle-donne-nel-mondo-e-la-prima-causa-di-morte-fra-i-14-e-i-60-anni-mercoledi-a-palazzo-piloni-sergio-reolon-e-margherita-de-marchi-illustrano-la-proposta-di-legge-regionale\\\/#primaryimage\"},\"image\":{\"@id\":\"https:\\\/\\\/www.bellunopress.it\\\/2013\\\/03\\\/25\\\/violenza-alle-donne-nel-mondo-e-la-prima-causa-di-morte-fra-i-14-e-i-60-anni-mercoledi-a-palazzo-piloni-sergio-reolon-e-margherita-de-marchi-illustrano-la-proposta-di-legge-regionale\\\/#primaryimage\"},\"thumbnailUrl\":\"http:\\\/\\\/www.bellunopress.it\\\/wp-content\\\/uploads\\\/2011\\\/08\\\/palazzo-piloni-notte.jpg\",\"datePublished\":\"2013-03-25T15:17:51+00:00\",\"breadcrumb\":{\"@id\":\"https:\\\/\\\/www.bellunopress.it\\\/2013\\\/03\\\/25\\\/violenza-alle-donne-nel-mondo-e-la-prima-causa-di-morte-fra-i-14-e-i-60-anni-mercoledi-a-palazzo-piloni-sergio-reolon-e-margherita-de-marchi-illustrano-la-proposta-di-legge-regionale\\\/#breadcrumb\"},\"inLanguage\":\"fr-FR\",\"potentialAction\":[{\"@type\":\"ReadAction\",\"target\":[\"https:\\\/\\\/www.bellunopress.it\\\/2013\\\/03\\\/25\\\/violenza-alle-donne-nel-mondo-e-la-prima-causa-di-morte-fra-i-14-e-i-60-anni-mercoledi-a-palazzo-piloni-sergio-reolon-e-margherita-de-marchi-illustrano-la-proposta-di-legge-regionale\\\/\"]}]},{\"@type\":\"ImageObject\",\"inLanguage\":\"fr-FR\",\"@id\":\"https:\\\/\\\/www.bellunopress.it\\\/2013\\\/03\\\/25\\\/violenza-alle-donne-nel-mondo-e-la-prima-causa-di-morte-fra-i-14-e-i-60-anni-mercoledi-a-palazzo-piloni-sergio-reolon-e-margherita-de-marchi-illustrano-la-proposta-di-legge-regionale\\\/#primaryimage\",\"url\":\"http:\\\/\\\/www.bellunopress.it\\\/wp-content\\\/uploads\\\/2011\\\/08\\\/palazzo-piloni-notte.jpg\",\"contentUrl\":\"http:\\\/\\\/www.bellunopress.it\\\/wp-content\\\/uploads\\\/2011\\\/08\\\/palazzo-piloni-notte.jpg\"},{\"@type\":\"BreadcrumbList\",\"@id\":\"https:\\\/\\\/www.bellunopress.it\\\/2013\\\/03\\\/25\\\/violenza-alle-donne-nel-mondo-e-la-prima-causa-di-morte-fra-i-14-e-i-60-anni-mercoledi-a-palazzo-piloni-sergio-reolon-e-margherita-de-marchi-illustrano-la-proposta-di-legge-regionale\\\/#breadcrumb\",\"itemListElement\":[{\"@type\":\"ListItem\",\"position\":1,\"name\":\"Home\",\"item\":\"https:\\\/\\\/www.bellunopress.it\\\/\"},{\"@type\":\"ListItem\",\"position\":2,\"name\":\"Violenza alle donne: nel mondo \u00e8 la prima causa di morte fra i 14 e i 60 anni. Mercoled\u00ec a Palazzo Piloni Sergio Reolon e Margherita De Marchi illustrano la proposta di legge regionale\"}]},{\"@type\":\"WebSite\",\"@id\":\"https:\\\/\\\/www.bellunopress.it\\\/#website\",\"url\":\"https:\\\/\\\/www.bellunopress.it\\\/\",\"name\":\"Bellunopress - Dolomiti\",\"description\":\"e-mail: redazione@bellunopress.it\",\"publisher\":{\"@id\":\"https:\\\/\\\/www.bellunopress.it\\\/#organization\"},\"potentialAction\":[{\"@type\":\"SearchAction\",\"target\":{\"@type\":\"EntryPoint\",\"urlTemplate\":\"https:\\\/\\\/www.bellunopress.it\\\/?s={search_term_string}\"},\"query-input\":{\"@type\":\"PropertyValueSpecification\",\"valueRequired\":true,\"valueName\":\"search_term_string\"}}],\"inLanguage\":\"fr-FR\"},{\"@type\":\"Organization\",\"@id\":\"https:\\\/\\\/www.bellunopress.it\\\/#organization\",\"name\":\"Bellunopress\",\"url\":\"https:\\\/\\\/www.bellunopress.it\\\/\",\"logo\":{\"@type\":\"ImageObject\",\"inLanguage\":\"fr-FR\",\"@id\":\"https:\\\/\\\/www.bellunopress.it\\\/#\\\/schema\\\/logo\\\/image\\\/\",\"url\":\"https:\\\/\\\/www.bellunopress.it\\\/wp-content\\\/uploads\\\/2011\\\/05\\\/cropped-logo-bellunopress-.jpg\",\"contentUrl\":\"https:\\\/\\\/www.bellunopress.it\\\/wp-content\\\/uploads\\\/2011\\\/05\\\/cropped-logo-bellunopress-.jpg\",\"width\":512,\"height\":512,\"caption\":\"Bellunopress\"},\"image\":{\"@id\":\"https:\\\/\\\/www.bellunopress.it\\\/#\\\/schema\\\/logo\\\/image\\\/\"},\"sameAs\":[\"https:\\\/\\\/www.facebook.com\\\/profile.php?id=100008943462799\",\"https:\\\/\\\/x.com\\\/bellunopress\",\"https:\\\/\\\/www.linkedin.com\\\/hp\\\/?dnr=JBzUWaJfMUw8vbXJJ2tVW5-I3jZKvC4wsoxE&amp;amp;amp;amp;amp;amp;trk=nav_responsive_tab_home\",\"https:\\\/\\\/www.youtube.com\\\/channel\\\/UCxL0wu1uN0_3_7hGG0306cw\"]},{\"@type\":\"Person\",\"@id\":\"https:\\\/\\\/www.bellunopress.it\\\/#\\\/schema\\\/person\\\/79bb06722b37ece1c03d3e94beb30d73\",\"name\":\"redazione\",\"image\":{\"@type\":\"ImageObject\",\"inLanguage\":\"fr-FR\",\"@id\":\"https:\\\/\\\/secure.gravatar.com\\\/avatar\\\/37d968a2e67a6fd04c169c4bdef102d0bc5d31b2546345219e348575eb80e9a0?s=96&d=mm&r=g\",\"url\":\"https:\\\/\\\/secure.gravatar.com\\\/avatar\\\/37d968a2e67a6fd04c169c4bdef102d0bc5d31b2546345219e348575eb80e9a0?s=96&d=mm&r=g\",\"contentUrl\":\"https:\\\/\\\/secure.gravatar.com\\\/avatar\\\/37d968a2e67a6fd04c169c4bdef102d0bc5d31b2546345219e348575eb80e9a0?s=96&d=mm&r=g\",\"caption\":\"redazione\"},\"sameAs\":[\"http:\\\/\\\/www.bellunopress.it\",\"https:\\\/\\\/x.com\\\/bellunopress\"],\"url\":\"https:\\\/\\\/www.bellunopress.it\\\/fr\\\/author\\\/redazione\\\/\"}]}<\/script>\n<!-- \/ Yoast SEO plugin. -->","yoast_head_json":{"title":"Violenza alle donne: nel mondo \u00e8 la prima causa di morte fra i 14 e i 60 anni. Mercoled\u00ec a Palazzo Piloni Sergio Reolon e Margherita De Marchi illustrano la proposta di legge regionale - Bellunopress - Dolomiti","robots":{"index":"index","follow":"follow","max-snippet":"max-snippet:-1","max-image-preview":"max-image-preview:large","max-video-preview":"max-video-preview:-1"},"canonical":"https:\/\/www.bellunopress.it\/fr\/2013\/03\/25\/violenza-alle-donne-nel-mondo-e-la-prima-causa-di-morte-fra-i-14-e-i-60-anni-mercoledi-a-palazzo-piloni-sergio-reolon-e-margherita-de-marchi-illustrano-la-proposta-di-legge-regionale\/","og_locale":"fr_FR","og_type":"article","og_title":"Violenza alle donne: nel mondo \u00e8 la prima causa di morte fra i 14 e i 60 anni. Mercoled\u00ec a Palazzo Piloni Sergio Reolon e Margherita De Marchi illustrano la proposta di legge regionale - Bellunopress - Dolomiti","og_description":"Mercoled\u00ec 27 marzo 2013 alle ore 20.30 presso il Palazzo della\u00a0Provincia, Sala Affreschi, a Belluno, il Consigliere regionale del PD\u00a0Sergio Reolon e Margherita De Marchi, Associazione Belluno Donna,\u00a0coordinati da Irma Visalli (Segretaria dell&#8217;Unione Comunale del\u00a0Partito Democratico), illustrano la proposta di legge regionale per il contrasto e la prevenzione della violenza contro le donne. La violenza [&hellip;]","og_url":"https:\/\/www.bellunopress.it\/fr\/2013\/03\/25\/violenza-alle-donne-nel-mondo-e-la-prima-causa-di-morte-fra-i-14-e-i-60-anni-mercoledi-a-palazzo-piloni-sergio-reolon-e-margherita-de-marchi-illustrano-la-proposta-di-legge-regionale\/","og_site_name":"Bellunopress - Dolomiti","article_publisher":"https:\/\/www.facebook.com\/profile.php?id=100008943462799","article_published_time":"2013-03-25T15:17:51+00:00","og_image":[{"url":"http:\/\/www.bellunopress.it\/wp-content\/uploads\/2011\/08\/palazzo-piloni-notte.jpg","type":"","width":"","height":""}],"author":"redazione","twitter_card":"summary_large_image","twitter_creator":"@bellunopress","twitter_site":"@bellunopress","twitter_misc":{"\u00c9crit par":"redazione","Dur\u00e9e de lecture estim\u00e9e":"2 minutes"},"schema":{"@context":"https:\/\/schema.org","@graph":[{"@type":"Article","@id":"https:\/\/www.bellunopress.it\/2013\/03\/25\/violenza-alle-donne-nel-mondo-e-la-prima-causa-di-morte-fra-i-14-e-i-60-anni-mercoledi-a-palazzo-piloni-sergio-reolon-e-margherita-de-marchi-illustrano-la-proposta-di-legge-regionale\/#article","isPartOf":{"@id":"https:\/\/www.bellunopress.it\/2013\/03\/25\/violenza-alle-donne-nel-mondo-e-la-prima-causa-di-morte-fra-i-14-e-i-60-anni-mercoledi-a-palazzo-piloni-sergio-reolon-e-margherita-de-marchi-illustrano-la-proposta-di-legge-regionale\/"},"author":{"name":"redazione","@id":"https:\/\/www.bellunopress.it\/#\/schema\/person\/79bb06722b37ece1c03d3e94beb30d73"},"headline":"Violenza alle donne: nel mondo \u00e8 la prima causa di morte fra i 14 e i 60 anni. Mercoled\u00ec a Palazzo Piloni Sergio Reolon e Margherita De Marchi illustrano la proposta di legge regionale","datePublished":"2013-03-25T15:17:51+00:00","mainEntityOfPage":{"@id":"https:\/\/www.bellunopress.it\/2013\/03\/25\/violenza-alle-donne-nel-mondo-e-la-prima-causa-di-morte-fra-i-14-e-i-60-anni-mercoledi-a-palazzo-piloni-sergio-reolon-e-margherita-de-marchi-illustrano-la-proposta-di-legge-regionale\/"},"wordCount":340,"publisher":{"@id":"https:\/\/www.bellunopress.it\/#organization"},"image":{"@id":"https:\/\/www.bellunopress.it\/2013\/03\/25\/violenza-alle-donne-nel-mondo-e-la-prima-causa-di-morte-fra-i-14-e-i-60-anni-mercoledi-a-palazzo-piloni-sergio-reolon-e-margherita-de-marchi-illustrano-la-proposta-di-legge-regionale\/#primaryimage"},"thumbnailUrl":"http:\/\/www.bellunopress.it\/wp-content\/uploads\/2011\/08\/palazzo-piloni-notte.jpg","articleSection":["Appuntamenti, Eventi","Cronaca\/Politica"],"inLanguage":"fr-FR"},{"@type":"WebPage","@id":"https:\/\/www.bellunopress.it\/2013\/03\/25\/violenza-alle-donne-nel-mondo-e-la-prima-causa-di-morte-fra-i-14-e-i-60-anni-mercoledi-a-palazzo-piloni-sergio-reolon-e-margherita-de-marchi-illustrano-la-proposta-di-legge-regionale\/","url":"https:\/\/www.bellunopress.it\/2013\/03\/25\/violenza-alle-donne-nel-mondo-e-la-prima-causa-di-morte-fra-i-14-e-i-60-anni-mercoledi-a-palazzo-piloni-sergio-reolon-e-margherita-de-marchi-illustrano-la-proposta-di-legge-regionale\/","name":"Violenza alle donne: nel mondo \u00e8 la prima causa di morte fra i 14 e i 60 anni. Mercoled\u00ec a Palazzo Piloni Sergio Reolon e Margherita De Marchi illustrano la proposta di legge regionale - Bellunopress - Dolomiti","isPartOf":{"@id":"https:\/\/www.bellunopress.it\/#website"},"primaryImageOfPage":{"@id":"https:\/\/www.bellunopress.it\/2013\/03\/25\/violenza-alle-donne-nel-mondo-e-la-prima-causa-di-morte-fra-i-14-e-i-60-anni-mercoledi-a-palazzo-piloni-sergio-reolon-e-margherita-de-marchi-illustrano-la-proposta-di-legge-regionale\/#primaryimage"},"image":{"@id":"https:\/\/www.bellunopress.it\/2013\/03\/25\/violenza-alle-donne-nel-mondo-e-la-prima-causa-di-morte-fra-i-14-e-i-60-anni-mercoledi-a-palazzo-piloni-sergio-reolon-e-margherita-de-marchi-illustrano-la-proposta-di-legge-regionale\/#primaryimage"},"thumbnailUrl":"http:\/\/www.bellunopress.it\/wp-content\/uploads\/2011\/08\/palazzo-piloni-notte.jpg","datePublished":"2013-03-25T15:17:51+00:00","breadcrumb":{"@id":"https:\/\/www.bellunopress.it\/2013\/03\/25\/violenza-alle-donne-nel-mondo-e-la-prima-causa-di-morte-fra-i-14-e-i-60-anni-mercoledi-a-palazzo-piloni-sergio-reolon-e-margherita-de-marchi-illustrano-la-proposta-di-legge-regionale\/#breadcrumb"},"inLanguage":"fr-FR","potentialAction":[{"@type":"ReadAction","target":["https:\/\/www.bellunopress.it\/2013\/03\/25\/violenza-alle-donne-nel-mondo-e-la-prima-causa-di-morte-fra-i-14-e-i-60-anni-mercoledi-a-palazzo-piloni-sergio-reolon-e-margherita-de-marchi-illustrano-la-proposta-di-legge-regionale\/"]}]},{"@type":"ImageObject","inLanguage":"fr-FR","@id":"https:\/\/www.bellunopress.it\/2013\/03\/25\/violenza-alle-donne-nel-mondo-e-la-prima-causa-di-morte-fra-i-14-e-i-60-anni-mercoledi-a-palazzo-piloni-sergio-reolon-e-margherita-de-marchi-illustrano-la-proposta-di-legge-regionale\/#primaryimage","url":"http:\/\/www.bellunopress.it\/wp-content\/uploads\/2011\/08\/palazzo-piloni-notte.jpg","contentUrl":"http:\/\/www.bellunopress.it\/wp-content\/uploads\/2011\/08\/palazzo-piloni-notte.jpg"},{"@type":"BreadcrumbList","@id":"https:\/\/www.bellunopress.it\/2013\/03\/25\/violenza-alle-donne-nel-mondo-e-la-prima-causa-di-morte-fra-i-14-e-i-60-anni-mercoledi-a-palazzo-piloni-sergio-reolon-e-margherita-de-marchi-illustrano-la-proposta-di-legge-regionale\/#breadcrumb","itemListElement":[{"@type":"ListItem","position":1,"name":"Home","item":"https:\/\/www.bellunopress.it\/"},{"@type":"ListItem","position":2,"name":"Violenza alle donne: nel mondo \u00e8 la prima causa di morte fra i 14 e i 60 anni. Mercoled\u00ec a Palazzo Piloni Sergio Reolon e Margherita De Marchi illustrano la proposta di legge regionale"}]},{"@type":"WebSite","@id":"https:\/\/www.bellunopress.it\/#website","url":"https:\/\/www.bellunopress.it\/","name":"Bellunopress - Dolomiti","description":"e-mail: redazione@bellunopress.it","publisher":{"@id":"https:\/\/www.bellunopress.it\/#organization"},"potentialAction":[{"@type":"SearchAction","target":{"@type":"EntryPoint","urlTemplate":"https:\/\/www.bellunopress.it\/?s={search_term_string}"},"query-input":{"@type":"PropertyValueSpecification","valueRequired":true,"valueName":"search_term_string"}}],"inLanguage":"fr-FR"},{"@type":"Organization","@id":"https:\/\/www.bellunopress.it\/#organization","name":"Bellunopress","url":"https:\/\/www.bellunopress.it\/","logo":{"@type":"ImageObject","inLanguage":"fr-FR","@id":"https:\/\/www.bellunopress.it\/#\/schema\/logo\/image\/","url":"https:\/\/www.bellunopress.it\/wp-content\/uploads\/2011\/05\/cropped-logo-bellunopress-.jpg","contentUrl":"https:\/\/www.bellunopress.it\/wp-content\/uploads\/2011\/05\/cropped-logo-bellunopress-.jpg","width":512,"height":512,"caption":"Bellunopress"},"image":{"@id":"https:\/\/www.bellunopress.it\/#\/schema\/logo\/image\/"},"sameAs":["https:\/\/www.facebook.com\/profile.php?id=100008943462799","https:\/\/x.com\/bellunopress","https:\/\/www.linkedin.com\/hp\/?dnr=JBzUWaJfMUw8vbXJJ2tVW5-I3jZKvC4wsoxE&amp;amp;amp;amp;amp;amp;trk=nav_responsive_tab_home","https:\/\/www.youtube.com\/channel\/UCxL0wu1uN0_3_7hGG0306cw"]},{"@type":"Person","@id":"https:\/\/www.bellunopress.it\/#\/schema\/person\/79bb06722b37ece1c03d3e94beb30d73","name":"r\u00e9daction","image":{"@type":"ImageObject","inLanguage":"fr-FR","@id":"https:\/\/secure.gravatar.com\/avatar\/37d968a2e67a6fd04c169c4bdef102d0bc5d31b2546345219e348575eb80e9a0?s=96&d=mm&r=g","url":"https:\/\/secure.gravatar.com\/avatar\/37d968a2e67a6fd04c169c4bdef102d0bc5d31b2546345219e348575eb80e9a0?s=96&d=mm&r=g","contentUrl":"https:\/\/secure.gravatar.com\/avatar\/37d968a2e67a6fd04c169c4bdef102d0bc5d31b2546345219e348575eb80e9a0?s=96&d=mm&r=g","caption":"redazione"},"sameAs":["http:\/\/www.bellunopress.it","https:\/\/x.com\/bellunopress"],"url":"https:\/\/www.bellunopress.it\/fr\/author\/redazione\/"}]}},"_links":{"self":[{"href":"https:\/\/www.bellunopress.it\/fr\/wp-json\/wp\/v2\/posts\/47911","targetHints":{"allow":["GET"]}}],"collection":[{"href":"https:\/\/www.bellunopress.it\/fr\/wp-json\/wp\/v2\/posts"}],"about":[{"href":"https:\/\/www.bellunopress.it\/fr\/wp-json\/wp\/v2\/types\/post"}],"author":[{"embeddable":true,"href":"https:\/\/www.bellunopress.it\/fr\/wp-json\/wp\/v2\/users\/2"}],"replies":[{"embeddable":true,"href":"https:\/\/www.bellunopress.it\/fr\/wp-json\/wp\/v2\/comments?post=47911"}],"version-history":[{"count":1,"href":"https:\/\/www.bellunopress.it\/fr\/wp-json\/wp\/v2\/posts\/47911\/revisions"}],"predecessor-version":[{"id":47912,"href":"https:\/\/www.bellunopress.it\/fr\/wp-json\/wp\/v2\/posts\/47911\/revisions\/47912"}],"wp:attachment":[{"href":"https:\/\/www.bellunopress.it\/fr\/wp-json\/wp\/v2\/media?parent=47911"}],"wp:term":[{"taxonomy":"category","embeddable":true,"href":"https:\/\/www.bellunopress.it\/fr\/wp-json\/wp\/v2\/categories?post=47911"},{"taxonomy":"post_tag","embeddable":true,"href":"https:\/\/www.bellunopress.it\/fr\/wp-json\/wp\/v2\/tags?post=47911"}],"curies":[{"name":"wp","href":"https:\/\/api.w.org\/{rel}","templated":true}]}}