{"id":4789,"date":"2009-06-13T10:50:47","date_gmt":"2009-06-13T09:50:47","guid":{"rendered":"http:\/\/www.bellunopress.it\/?p=4789"},"modified":"2009-06-13T13:34:02","modified_gmt":"2009-06-13T12:34:02","slug":"il-maiuscolo-dell%e2%80%99avventura-vittorino-mason-racconta-giuliano-de-marchi","status":"publish","type":"post","link":"https:\/\/www.bellunopress.it\/fr\/2009\/06\/13\/il-maiuscolo-dell%e2%80%99avventura-vittorino-mason-racconta-giuliano-de-marchi\/","title":{"rendered":"&#8220;Il maiuscolo dell\u2019avventura&#8221;: Vittorino Mason racconta Giuliano De Marchi"},"content":{"rendered":"<p><a href=\"http:\/\/www.bellunopress.it\/wp-content\/uploads\/2009\/06\/giuliano-in-un-momento-di-pausa-lungo-la-salita-della-karstens-ridge-sulla-mc-kinley-leggera.jpg\"><img loading=\"lazy\" decoding=\"async\" class=\"alignleft size-medium wp-image-4790\" title=\"giuliano-in-un-momento-di-pausa-lungo-la-salita-della-karstens-ridge-sulla-mc-kinley-leggera\" src=\"http:\/\/www.bellunopress.it\/wp-content\/uploads\/2009\/06\/giuliano-in-un-momento-di-pausa-lungo-la-salita-della-karstens-ridge-sulla-mc-kinley-leggera.jpg\" alt=\"\" width=\"220\" height=\"270\" \/><\/a>Non so se ci sia un tempo e un luogo per morire, di certo prima o poi si deve lasciare questa terra, diventare altro, forse ritornarvi. Di certo, se c\u2019\u00e8 un luogo dove un alpinista, un avventuriero possa desiderare di morire, questo non \u00e8 il letto di casa o peggio di una casa di riposo dimenticato da tutti. Questo pensiero mi basta solo un poco per attenuare il dolore che mi ha afflitto oggi nel venire a conoscenza della morte di un grande amico: Giuliano de Marchi. Solo qualche ora prima di ricevere la brutta notizia stavo scrivendo di lui nel capitolo di un nuovo libro, scrivevo nella speranza di saperlo magari ferito, ma vivo e in attesa dei soccorritori. Un illusione durata l\u2019attimo di qualche minuto. \u201cNe ho viste cose che voi umani non potreste immaginarvi. Navi da combattimento in fiamme al largo dei bastioni di Orione. E ho visto i raggi B balenare nel buio vicino alle porte di Tannhauser. E tutti quei momenti andranno perduti nel tempo come lacrime nella pioggia. \u00c8 tempo di morire.\u201d dice uno dei replicanti nel film \u201cBlade Runner\u201d. Anche per Giuliano \u00e8 giunto questo tempo. Lui che speriment\u00f2 cosa siano l\u2019avventura, il pericolo, il rischio, il dolore, la morte, sapeva bene che erano parte integrante della vita. Non immagino il caro Giuliano finito cos\u00ec, tra le morse o le braccia della montagna, a seconda delle prospettive, ma anche se fosse non ci sarebbe niente di male in fondo. Quello era il suo modo di cercare e andare. Non c\u2019\u00e8 niente di meglio che morire durante il cammino, dove volgevi la tua attenzione, solo, nella misericordia di quel vuoto che si fa immenso come un orizzonte senza traguardi. In un\u2019intervista che gli feci al suo ritorno dalla nord del Mc Kinley, dove si era congelato di nuovo i piedi, alla domanda se ne era valsa la pena rispose: \u201cNonostante tutto s\u00ec. Non ho rimpianti. Non si deve mai avere rimpianti di quello che si \u00e8 i non si \u00e8 fatto. Nel 1991 \u00e8 stata davvero dura perdere le dita. Ora sono come pi\u00f9 preparato, so che in una maniera o nell\u2019altra andr\u00e0 a posto e superer\u00f2 anche questa prova. L\u2019unico rammarico \u00e8 che da\u00a0 adesso in poi dovr\u00f2 stare pi\u00f9 attento a non congelarmi ancora\u201d. S\u00ec, io credo che niente al mondo avrebbe fermato Giuliano dal vivere i propri sogni, per cui in questo, che non vuole essere un necrologio, ma un ricordo di un grande amico, nessun rimpianto. <a href=\"http:\/\/www.bellunopress.it\/wp-content\/uploads\/2009\/06\/giuliano-de-marchi-dopo-lamputazione-dei-piedi-di-ritorno-dalla-nord-del-mc-kinley-foto-archivio-di-vittorino-mason-2-leggera.jpg\"><img loading=\"lazy\" decoding=\"async\" class=\"aligncenter size-medium wp-image-4791\" title=\"giuliano-de-marchi-dopo-lamputazione-dei-piedi-di-ritorno-dalla-nord-del-mc-kinley-foto-archivio-di-vittorino-mason-2-leggera\" src=\"http:\/\/www.bellunopress.it\/wp-content\/uploads\/2009\/06\/giuliano-de-marchi-dopo-lamputazione-dei-piedi-di-ritorno-dalla-nord-del-mc-kinley-foto-archivio-di-vittorino-mason-2-leggera.jpg\" alt=\"\" width=\"270\" height=\"223\" \/><\/a><br \/>\nGrande protagonista dell\u2019alpinismo dolomitico, non si \u00e8 limitato ad aprire solo vie sulle nostre montagne, ma ha cercato linee di salita in \u201csu\u201d, in \u201clungo\u201d, e in \u201cs\u00e9\u201d, non solo per realizzare i propri sogni avventurosi, ma per cercare l\u2019anima delle cose, la cultura dei popoli e l\u2019esperienza di un vivere diverso dalla quotidianit\u00e0, a contatto con una natura selvaggia, che per lui \u00e8 sempre stata come una madre, un grande richiamo per andare. Per quelli che non conoscono, che non possono capire il fuoco, lo spirito che fa muovere gli uomini verso ambienti ostili, estremi e pericolosi, anche questa morte pu\u00f2 sembrare assurda, evitabile, incomprensibile. \u201cIera mejo che el stea in ospedae a curar i maeai\u201d direbbe qualcuno, ma questo non era l\u2019unico scopo della vita di Giuliano e comunque lui si sentiva forse pi\u00f9 a casa e a suo agio nei luoghi selvaggi. Sempre durante quella intervista alla domanda se aveva avuto paura dell\u2019Alaska rispose: \u201cNo, anzi, mi esalta questo tipo di ambiente. Non c\u2019era nessuno in giro a parte noi e rimanere in completa solitudine, sapendo che devi contare solo sulle tue forze, aggiunge ancora pi\u00f9 fascino all\u2019avventura\u201d. Una sfida? gli chiesi \u201cNo. La possibilit\u00e0 di potersi ancora muovere in luoghi solitari, lontani dai campi base affollati dell\u2019Himalaya, ambienti in cui \u00e8 ancora possibile sentirsi dentro una vera Wilderness. Luoghi in cui non si viene distratti da nulla, in cui sperimentare un benessere interiore, una pace altrimenti difficile da ricercare nella quotidianit\u00e0 delle nostre citt\u00e0\u201d.<br \/>\nNon so se Giuliano credesse in un Dio, so per\u00f2 che in pi\u00f9 occasioni ha fatto suo l\u2019insegnamento di Cristo. L\u2019ho conosciuto telefonicamente e, senza neppure vederci di persona si \u00e8 dimostrato amico subito, senza chiedere niente in cambio. Si \u00e8 dimostrato altruista in pi\u00f9 occasioni con me, la mia famiglia ed amici, sempre disinteressatamente, cosa rara in questo mondo di opportunisti e truffatori. Nel 1991 ha salvato la vita a Fausto De Stefani, rinunciando per la terza volta alla cima ormai prossima e al prezzo di rimanere congelato ai piedi e vederseli poi amputare! Non ha mai fatto delle sue imprese e delle sue avventure motivo di vanto, solo cosa propria, esperienza di viaggio. <a href=\"http:\/\/www.bellunopress.it\/wp-content\/uploads\/2009\/06\/luci-speciale-sotto-la-brown-tower-alla-fine-delle-karsten-ridge-leggera.jpg\"><img loading=\"lazy\" decoding=\"async\" class=\"aligncenter size-medium wp-image-4792\" title=\"luci-speciale-sotto-la-brown-tower-alla-fine-delle-karsten-ridge-leggera\" src=\"http:\/\/www.bellunopress.it\/wp-content\/uploads\/2009\/06\/luci-speciale-sotto-la-brown-tower-alla-fine-delle-karsten-ridge-leggera.jpg\" alt=\"\" width=\"271\" height=\"180\" \/><\/a><br \/>\n\u201cSocrate\u201d amavo chiamarlo per il suo aspetto da filosofo greco, per come interpretava la vita, per il suo equilibrio nel non giudicare gli altri, nel non prendere posizione, non perch\u00e9 non ne avesse una, ma perch\u00e9 preferiva tenersi le cose dentro. Fisico statuario scolpito dallo mano di un artista, pelle bronzata, capelli ricci, per lo pi\u00f9 bianchi, barba, anch\u2019essa bianca, un uomo affascinante, dallo sguardo fiero ma sempre disponibile.<br \/>\nGiuliano era quel San Martino che si strappa il mantello per darlo al bisognoso, lo faceva senza chiedersi perch\u00e9, e forse non a caso lavorava dentro un ospedale che porta il nome del santo. Ho conosciuto pochi medici che hanno perseguito l\u2019insegnamento di Ippocrate, uno era lui.<br \/>\nLo rivedo ancora quando sono andato a trovarlo a casa dopo la scalata della parete nord del Mc Kinley, prima italiana. Comp\u00ec gli anni lass\u00f9. Sessanta! Era con i piedi fasciati per l\u2019ennesima amputazione delle dita, ma era sereno. Nel giardino davanti casa le casette e le mangiatoie per gli uccelli, che lui amava tanto. Aveva pur messo delle stringhe colorate alla finestra affinch\u00e9 questi, non accorgendosi del vetro, non andassero a sbatterci contro.<br \/>\nAppassionato di libri e di cinema, amava i viaggi e l\u2019avventura come si pu\u00f2 amare una donna con tutto s\u00e9 stesso. Di questo suo amore \u00e8 riuscito a trasmettere geni ai figli: la forza, il coraggio, la caparbiet\u00e0, la lealt\u00e0, che sono propri del rubgy, a uno, la curiosit\u00e0 di viaggiare, di conoscere, studiare,\u00a0 lavorare per e con i popoli, all\u2019altra.<br \/>\n\u201cI viaggi sono quelli per mare con le navi, non coi treni. L\u2019orizzonte dev\u2019essere vuoto e deve staccare il cielo dall\u2019acqua. Ci dev\u2019essere niente intorno e sopra deve pesare l\u2019immenso, allora \u00e8 viaggio\u201d racconta Erri De Luca dal suo \u201cIl giorno prima della felicit\u00e0\u201d. Ha ragione; forse davvero si viaggia per sentirsi piccoli, umili, poca cosa di fronte alla grandezza dell\u2019universo. \u00c8 come ritornare bambini e correre tra le braccia di un padre che poi ti alza, per portarti in alto verso le ali di un piccione che ti attraversa la strada, e pare che per un momento di leggerezza pure tu possa prendere il volo. <a href=\"http:\/\/www.bellunopress.it\/wp-content\/uploads\/2009\/06\/il-versante-nord-del-denali-leggera1.jpg\"><img loading=\"lazy\" decoding=\"async\" class=\"alignright size-medium wp-image-4795\" title=\"il-versante-nord-del-denali-leggera1\" src=\"http:\/\/www.bellunopress.it\/wp-content\/uploads\/2009\/06\/il-versante-nord-del-denali-leggera1.jpg\" alt=\"\" width=\"270\" height=\"181\" \/><\/a><br \/>\nIn quel vuoto immenso \u00e8 racchiusa la paura di scomparire, di perdersi nel mare dell\u2019esistenza, abissare come in un silenzio profondo di cui non si \u00e8 in grado di sostenere la compagnia. \u00c8 questo il grande viaggio, la prova suprema, l\u2019andare per dissolversi in ogni cosa, sentirsi parte del tutto e non pi\u00f9 padrone di un corpo o di qualcosa. Piuttosto diventare, tramutare, cambiare, che rimanere immobile in un vestiario che giorno dopo giorno invecchia e muore con noi. Lanciare uno sguardo verso l\u2019orizzonte, naufragare con un pensiero nel cielo aperto, perdersi tra i passi del giorno, ascoltare l\u2019eco delle proprie sensazioni, rabbrividire di fronte uno scoglio sconosciuto e provare emozione senza domandarsi perch\u00e9.<br \/>\nS\u00ec, il viaggio apre le porte della percezione, \u00e8 il viatico di ogni grande avventura che, finisca come finisca, vale la pena di essere vissuta. \u00c8 per questo che mentre le lettere davanti a me compongono un mosaico e fuori una comunit\u00e0 di grandi barbe bianche veleggia ingrigiendosi nella sera, penso a Giuliano sulle nevi dell\u2019Antelao.<br \/>\n\u201cLa cima \u00e8 quasi sempre il terminale delle tue emozioni in montagna, ma non \u00e8 tutto. Per me la montagna significa anche l\u2019ambiente che mi circonda, il luogo in cui esprimere la mia fisicit\u00e0, sentire un benessere interiore, trovare un\u2019armonia, una pace con me stesso e gli altri. Be\u2019, riscoprire, avere la conferma di tutto ci\u00f2 anche a sessant\u2019anni. Un\u2019esperienza cos\u00ec intensa e impegnativa sotto tutti i punti di vista ti segna in un modo indelebile. Attraversare da nord a sud questo gigante di granito \u00e8 stata una gioia infinita, ho un entusiasmo profondo, come essere tornato bambino\u201d mi disse un giorno. Di lui voglio conservare il ricordo immaginario del suo volto che, perso tra pensieri e sogni, dal vetro della finestra dell\u2019ospedale, tra un paziente e l\u2019altro, in un momento di pausa, si accosta e osserva, guarda le pareti e i diruppi della Schi\u00e0ra, si alza sulla Gus\u00e8la del Vescov\u00e0 e da l\u00ec proietta uno sguardo ancora pi\u00f9 lontano, verso un altro grande viaggio.<\/p>\n<p><strong>Descrizione completa di tutta l\u2019attivit\u00e0 alpinistica di Giuliano De Marchi<\/strong><br \/>\nNato a Conegliano nel 1947, ma bellunese d\u2019adozione, \u00e8 medico urologo all\u2019ospedale San Martino di Belluno. Ha fatto parte della Commissione medica centrale del CAI e della Commissione del Ministero della Sanit\u00e0 per lo studio\u00a0 dei problemi della sanit\u00e0 nelle aree montuose, membro del Soccorso Alpino di Belluno e Accademico del CAI. Al suo attivo oltre 900 salite su Alpi e Dolomiti tra cui 70 vie nuove, invernali e solitarie. Basterebbe questo per dare un senso e una notoriet\u00e0 in ambito nazionale a un alpinista, eppure, il Giuliano a cui piace poco mettersi in mostra, \u00e8 ancora poco conosciuto. A questo nutrito carnet si deve aggiungere un\u2019attivit\u00e0 extraeuropea davvero impressionante senza fine di continuit\u00e0 con spedizioni in ogni parte del mondo: dall\u2019Himalya al Karakorum, all\u2019Alaska, Africa, Ande, Groenlandia.<br \/>\nNel 1972 \u00e8 sulle Montagne Rocciose di Canada e Usa (salite su roccia nei gruppi di Banff, Bagaboo, Gran Teton ecc.), nel 1973 Batura Mustagh (Karakorum) cima inviolata di 5800 m, nel 1979 Cordillera Real (Bolivia): Ancohuma 6427 m \u2013 via nuova, Huayna Potosi 6100 m \u2013 diretta parete nord in solitaria, in Per\u00f9 sale il Nevado Vilcanota 5500 m per la via diretta e in solitaria. Nel 1980 sfiora la cima dell\u2019Everest (versante nepalese) fermandosi a 8769 m, nel 1982 sale il Monte McKinley 6194 m lungo la West Rib, nel 1983 \u00e8 al K2 (Karakorum cinese) dove sale lungo la cresta nord (versante cinese) giungendo fino a 8300 metri, sale anche una cima vergine di 6200 metri. Nel 1985 sale lo Shishapangma 8050 m, 1986 il Makalu 8470 m e nel 1988 il Cho Oyo 8200 m. Nel 1991 ritenta l\u2019Everest per la parete nord ma si ferma a 8400 m.<br \/>\nNel 1994 \u00e8 di nuovo all\u2019Everest lungo la cresta nord, ma giunge fino a 8650 m. Nel 1997 nella Terra di Baffin (Canada) ha salito 5 cime vergini, 1998 si ripete con 2 nuove vie di 1000 metri (difficolt\u00e0 di 7\u00b0), nel 1999 al Capitan (California) sale la Via Zodiac (5.11-A3+), nel 2000 in Groenlandia realizza l\u2019attraversata con gli sci da Est a Ovest (650Km) e nel 2002 tenta la prima attraversata completa dello Hielo Patagonico Sur da Nord a Sud.<br \/>\nNel 2004, in occasione del Cinquantesimo della salita al K2, sostituisce Da Polenza portando la squadra in vetta al K2 dal Karakorum pakistano, mentre il suo tentativo si arena a 7400 m. Nel 200.. gli viene assegnato il prestigioso \u201cPelmo d\u2019oro\u201d riconoscimento per la sua straordinaria attivit\u00e0 alpinistica.<a href=\"http:\/\/www.bellunopress.it\/wp-content\/uploads\/2009\/06\/sulla-parte-inferiore-del-muldrow-glacier-leggera.jpg\"><img loading=\"lazy\" decoding=\"async\" class=\"alignright size-medium wp-image-4793\" title=\"sulla-parte-inferiore-del-muldrow-glacier-leggera\" src=\"http:\/\/www.bellunopress.it\/wp-content\/uploads\/2009\/06\/sulla-parte-inferiore-del-muldrow-glacier-leggera.jpg\" alt=\"\" width=\"271\" height=\"180\" \/><\/a><br \/>\nNel 2005 in Iran sale con gli sci il Monte Damavand (5601 m) e nel 2006 in Turchia il Monte Argeus e altre cime sempre con li sci. Nel 2007 va a compiere sessant\u2019anni sul McKinley, a 5000 metri, lungo l\u2019impegnativa West Buttres, realizzando la prima italiana alla parete nord!L\u2019attraversata da nord a sud del McKinley 6194 m, in 17 giorni, 130 km, 5600 metri di dislivello in salita e 4000 in discesa,\u00a0 con temperature tra i meno 30, 45 gradi. Nel 2008, a pochi mesi di distanza dalla nuova amputazione delle dita dei piedi, \u00e8 in Yosemite al Capitan dove sale la via \u201c Tangerine Trip\u201d (A3-A4). Nel 2009 sale l\u2019Aconcagua (6963 m ) per la Parete nord est.<\/p>\n<p>Vittorino Mason *<\/p>\n<p>* alpinista e scrittore<\/p>\n<p>\u00a0La scheda<\/p>\n<p>Vittorino Mason \u00e8 nato a Loreggia nel 1962. Risiede e lavora a Castelfranco Veneto dove svolge anche l\u2019attivit\u00e0 di promotore culturale. \u00c8 l\u2019ideatore della rassegna di diapositive \u00abLa voce dei monti\u00bb e del premio dedicato alla montagna \u00abUna vetta per la vita\u00bb. Coordinatore del Gruppo Naturalistico \u201cLe Tracce\u201d, \u00e8 socio di Mountain Wilderness, fa parte del GISM (Gruppo Italiano Scrittori di Montagna) e scrive per riviste specializzate di montagna. Amante dei viaggi cerca sempre di unire la passione per la montagna alla conoscenza delle altre culture e popoli. Dai primi viaggi in bicicletta in Scozia, Irlanda e Bretagna, \u00e8 passato poi al lento camminare con lo zaino in spalla lungo i sentieri di vari paesi europei ed extraeuropei. Tra le montagne scalate, l\u2019Illiniza Norte 5126 m e il Cotopaxi 5897 m (Spedizione Andinistica-Umanitaria in Ecuador) nel 2002, allo Stok Kangri 6150 m (Ladakh-India) 2003, sul Nevado Pisco 5752 (Cordillera Blanda Per\u00f9) 2004, dove ha effettuato l\u2019attraversata dell\u2019Alta Via \u201cDon Bosco\u201d. Ha pubblicato due raccolte di poesie nel 1987 e nel 1995. Nello stesso anno \u00e8 uscito il libro \u00abNel gioco dei potenti speranza e libert\u00e0\u00bb. Ha pubblicato poi il libro \u00abSui sentieri dei portatori himalayani\u00bb, Piazza Editore, \u00abI racconti del Mugo\u00bb, \u00abIl profumo del t\u00e8 alla menta\u00bb, \u00abLa via dei vulcani\u00bb e \u00abCamminando sulle montagne viola\u00bb per la Nordpress Edizioni. Nel 2008 \u00e8 uscita la sua guida delle vie normali all\u2019interno del Parco Dolomiti Bellunesi \u00abSulle tracce di pionieri e camosci per la Versante Sud\u00bb.<\/p>","protected":false},"excerpt":{"rendered":"<p>Non so se ci sia un tempo e un luogo per morire, di certo prima o poi si deve lasciare questa terra, diventare altro, forse ritornarvi. Di certo, se c\u2019\u00e8 un luogo dove un alpinista, un avventuriero possa desiderare di morire, questo non \u00e8 il letto di casa o peggio di una casa di riposo [&hellip;]<\/p>\n","protected":false},"author":2,"featured_media":0,"comment_status":"closed","ping_status":"open","sticky":false,"template":"","format":"standard","meta":{"footnotes":""},"categories":[3,1,38,25],"tags":[139,63],"class_list":["post-4789","post","type-post","status-publish","format-standard","category-arte-cultura-spettacoli-scienza-archivi","category-leo","category-natura-ambiente","category-pausa-caffe","tag-belluno","tag-dolomiti"],"yoast_head":"<!-- This site is optimized with the Yoast SEO plugin v28.4 - https:\/\/yoast.com\/product\/yoast-seo-wordpress\/ -->\n<title>&quot;Il maiuscolo dell\u2019avventura&quot;: Vittorino Mason racconta Giuliano De Marchi - Bellunopress - Dolomiti<\/title>\n<meta name=\"robots\" content=\"index, follow, max-snippet:-1, max-image-preview:large, max-video-preview:-1\" \/>\n<link rel=\"canonical\" href=\"https:\/\/www.bellunopress.it\/fr\/2009\/06\/13\/il-maiuscolo-dell\u2019avventura-vittorino-mason-racconta-giuliano-de-marchi\/\" \/>\n<meta property=\"og:locale\" content=\"fr_FR\" \/>\n<meta property=\"og:type\" content=\"article\" \/>\n<meta property=\"og:title\" content=\"&quot;Il maiuscolo dell\u2019avventura&quot;: Vittorino Mason racconta Giuliano De Marchi - Bellunopress - Dolomiti\" \/>\n<meta property=\"og:description\" content=\"Non so se ci sia un tempo e un luogo per morire, di certo prima o poi si deve lasciare questa terra, diventare altro, forse ritornarvi. Di certo, se c\u2019\u00e8 un luogo dove un alpinista, un avventuriero possa desiderare di morire, questo non \u00e8 il letto di casa o peggio di una casa di riposo [&hellip;]\" \/>\n<meta property=\"og:url\" content=\"https:\/\/www.bellunopress.it\/fr\/2009\/06\/13\/il-maiuscolo-dell\u2019avventura-vittorino-mason-racconta-giuliano-de-marchi\/\" \/>\n<meta property=\"og:site_name\" content=\"Bellunopress - Dolomiti\" \/>\n<meta property=\"article:publisher\" content=\"https:\/\/www.facebook.com\/profile.php?id=100008943462799\" \/>\n<meta property=\"article:published_time\" content=\"2009-06-13T09:50:47+00:00\" \/>\n<meta property=\"article:modified_time\" content=\"2009-06-13T12:34:02+00:00\" \/>\n<meta property=\"og:image\" content=\"http:\/\/www.bellunopress.it\/wp-content\/uploads\/2009\/06\/giuliano-in-un-momento-di-pausa-lungo-la-salita-della-karstens-ridge-sulla-mc-kinley-leggera.jpg\" \/>\n<meta name=\"author\" content=\"redazione\" \/>\n<meta name=\"twitter:card\" content=\"summary_large_image\" \/>\n<meta name=\"twitter:creator\" content=\"@bellunopress\" \/>\n<meta name=\"twitter:site\" content=\"@bellunopress\" \/>\n<meta name=\"twitter:label1\" content=\"Written by\" \/>\n\t<meta name=\"twitter:data1\" content=\"redazione\" \/>\n\t<meta name=\"twitter:label2\" content=\"Est. reading time\" \/>\n\t<meta name=\"twitter:data2\" content=\"11 minutes\" \/>\n<script type=\"application\/ld+json\" class=\"yoast-schema-graph\">{\"@context\":\"https:\\\/\\\/schema.org\",\"@graph\":[{\"@type\":\"Article\",\"@id\":\"https:\\\/\\\/www.bellunopress.it\\\/2009\\\/06\\\/13\\\/il-maiuscolo-dell%e2%80%99avventura-vittorino-mason-racconta-giuliano-de-marchi\\\/#article\",\"isPartOf\":{\"@id\":\"https:\\\/\\\/www.bellunopress.it\\\/2009\\\/06\\\/13\\\/il-maiuscolo-dell%e2%80%99avventura-vittorino-mason-racconta-giuliano-de-marchi\\\/\"},\"author\":{\"name\":\"redazione\",\"@id\":\"https:\\\/\\\/www.bellunopress.it\\\/#\\\/schema\\\/person\\\/79bb06722b37ece1c03d3e94beb30d73\"},\"headline\":\"&#8220;Il maiuscolo dell\u2019avventura&#8221;: Vittorino Mason racconta Giuliano De Marchi\",\"datePublished\":\"2009-06-13T09:50:47+00:00\",\"dateModified\":\"2009-06-13T12:34:02+00:00\",\"mainEntityOfPage\":{\"@id\":\"https:\\\/\\\/www.bellunopress.it\\\/2009\\\/06\\\/13\\\/il-maiuscolo-dell%e2%80%99avventura-vittorino-mason-racconta-giuliano-de-marchi\\\/\"},\"wordCount\":2229,\"publisher\":{\"@id\":\"https:\\\/\\\/www.bellunopress.it\\\/#organization\"},\"image\":{\"@id\":\"https:\\\/\\\/www.bellunopress.it\\\/2009\\\/06\\\/13\\\/il-maiuscolo-dell%e2%80%99avventura-vittorino-mason-racconta-giuliano-de-marchi\\\/#primaryimage\"},\"thumbnailUrl\":\"http:\\\/\\\/www.bellunopress.it\\\/wp-content\\\/uploads\\\/2009\\\/06\\\/giuliano-in-un-momento-di-pausa-lungo-la-salita-della-karstens-ridge-sulla-mc-kinley-leggera.jpg\",\"keywords\":[\"Belluno\",\"Dolomiti\"],\"articleSection\":[\"Arte, Cultura, Spettacoli, Scienza\",\"Lettere Opinioni\",\"Meteo, natura, ambiente, animali\",\"Pausa Caff\u00e8\"],\"inLanguage\":\"fr-FR\"},{\"@type\":\"WebPage\",\"@id\":\"https:\\\/\\\/www.bellunopress.it\\\/2009\\\/06\\\/13\\\/il-maiuscolo-dell%e2%80%99avventura-vittorino-mason-racconta-giuliano-de-marchi\\\/\",\"url\":\"https:\\\/\\\/www.bellunopress.it\\\/2009\\\/06\\\/13\\\/il-maiuscolo-dell%e2%80%99avventura-vittorino-mason-racconta-giuliano-de-marchi\\\/\",\"name\":\"\\\"Il maiuscolo dell\u2019avventura\\\": Vittorino Mason racconta Giuliano De Marchi - Bellunopress - Dolomiti\",\"isPartOf\":{\"@id\":\"https:\\\/\\\/www.bellunopress.it\\\/#website\"},\"primaryImageOfPage\":{\"@id\":\"https:\\\/\\\/www.bellunopress.it\\\/2009\\\/06\\\/13\\\/il-maiuscolo-dell%e2%80%99avventura-vittorino-mason-racconta-giuliano-de-marchi\\\/#primaryimage\"},\"image\":{\"@id\":\"https:\\\/\\\/www.bellunopress.it\\\/2009\\\/06\\\/13\\\/il-maiuscolo-dell%e2%80%99avventura-vittorino-mason-racconta-giuliano-de-marchi\\\/#primaryimage\"},\"thumbnailUrl\":\"http:\\\/\\\/www.bellunopress.it\\\/wp-content\\\/uploads\\\/2009\\\/06\\\/giuliano-in-un-momento-di-pausa-lungo-la-salita-della-karstens-ridge-sulla-mc-kinley-leggera.jpg\",\"datePublished\":\"2009-06-13T09:50:47+00:00\",\"dateModified\":\"2009-06-13T12:34:02+00:00\",\"breadcrumb\":{\"@id\":\"https:\\\/\\\/www.bellunopress.it\\\/2009\\\/06\\\/13\\\/il-maiuscolo-dell%e2%80%99avventura-vittorino-mason-racconta-giuliano-de-marchi\\\/#breadcrumb\"},\"inLanguage\":\"fr-FR\",\"potentialAction\":[{\"@type\":\"ReadAction\",\"target\":[\"https:\\\/\\\/www.bellunopress.it\\\/2009\\\/06\\\/13\\\/il-maiuscolo-dell%e2%80%99avventura-vittorino-mason-racconta-giuliano-de-marchi\\\/\"]}]},{\"@type\":\"ImageObject\",\"inLanguage\":\"fr-FR\",\"@id\":\"https:\\\/\\\/www.bellunopress.it\\\/2009\\\/06\\\/13\\\/il-maiuscolo-dell%e2%80%99avventura-vittorino-mason-racconta-giuliano-de-marchi\\\/#primaryimage\",\"url\":\"http:\\\/\\\/www.bellunopress.it\\\/wp-content\\\/uploads\\\/2009\\\/06\\\/giuliano-in-un-momento-di-pausa-lungo-la-salita-della-karstens-ridge-sulla-mc-kinley-leggera.jpg\",\"contentUrl\":\"http:\\\/\\\/www.bellunopress.it\\\/wp-content\\\/uploads\\\/2009\\\/06\\\/giuliano-in-un-momento-di-pausa-lungo-la-salita-della-karstens-ridge-sulla-mc-kinley-leggera.jpg\"},{\"@type\":\"BreadcrumbList\",\"@id\":\"https:\\\/\\\/www.bellunopress.it\\\/2009\\\/06\\\/13\\\/il-maiuscolo-dell%e2%80%99avventura-vittorino-mason-racconta-giuliano-de-marchi\\\/#breadcrumb\",\"itemListElement\":[{\"@type\":\"ListItem\",\"position\":1,\"name\":\"Home\",\"item\":\"https:\\\/\\\/www.bellunopress.it\\\/\"},{\"@type\":\"ListItem\",\"position\":2,\"name\":\"&#8220;Il maiuscolo dell\u2019avventura&#8221;: Vittorino Mason racconta Giuliano De Marchi\"}]},{\"@type\":\"WebSite\",\"@id\":\"https:\\\/\\\/www.bellunopress.it\\\/#website\",\"url\":\"https:\\\/\\\/www.bellunopress.it\\\/\",\"name\":\"Bellunopress - Dolomiti\",\"description\":\"e-mail: redazione@bellunopress.it\",\"publisher\":{\"@id\":\"https:\\\/\\\/www.bellunopress.it\\\/#organization\"},\"potentialAction\":[{\"@type\":\"SearchAction\",\"target\":{\"@type\":\"EntryPoint\",\"urlTemplate\":\"https:\\\/\\\/www.bellunopress.it\\\/?s={search_term_string}\"},\"query-input\":{\"@type\":\"PropertyValueSpecification\",\"valueRequired\":true,\"valueName\":\"search_term_string\"}}],\"inLanguage\":\"fr-FR\"},{\"@type\":\"Organization\",\"@id\":\"https:\\\/\\\/www.bellunopress.it\\\/#organization\",\"name\":\"Bellunopress\",\"url\":\"https:\\\/\\\/www.bellunopress.it\\\/\",\"logo\":{\"@type\":\"ImageObject\",\"inLanguage\":\"fr-FR\",\"@id\":\"https:\\\/\\\/www.bellunopress.it\\\/#\\\/schema\\\/logo\\\/image\\\/\",\"url\":\"https:\\\/\\\/www.bellunopress.it\\\/wp-content\\\/uploads\\\/2011\\\/05\\\/cropped-logo-bellunopress-.jpg\",\"contentUrl\":\"https:\\\/\\\/www.bellunopress.it\\\/wp-content\\\/uploads\\\/2011\\\/05\\\/cropped-logo-bellunopress-.jpg\",\"width\":512,\"height\":512,\"caption\":\"Bellunopress\"},\"image\":{\"@id\":\"https:\\\/\\\/www.bellunopress.it\\\/#\\\/schema\\\/logo\\\/image\\\/\"},\"sameAs\":[\"https:\\\/\\\/www.facebook.com\\\/profile.php?id=100008943462799\",\"https:\\\/\\\/x.com\\\/bellunopress\",\"https:\\\/\\\/www.linkedin.com\\\/hp\\\/?dnr=JBzUWaJfMUw8vbXJJ2tVW5-I3jZKvC4wsoxE&amp;amp;amp;amp;amp;amp;trk=nav_responsive_tab_home\",\"https:\\\/\\\/www.youtube.com\\\/channel\\\/UCxL0wu1uN0_3_7hGG0306cw\"]},{\"@type\":\"Person\",\"@id\":\"https:\\\/\\\/www.bellunopress.it\\\/#\\\/schema\\\/person\\\/79bb06722b37ece1c03d3e94beb30d73\",\"name\":\"redazione\",\"image\":{\"@type\":\"ImageObject\",\"inLanguage\":\"fr-FR\",\"@id\":\"https:\\\/\\\/secure.gravatar.com\\\/avatar\\\/37d968a2e67a6fd04c169c4bdef102d0bc5d31b2546345219e348575eb80e9a0?s=96&d=mm&r=g\",\"url\":\"https:\\\/\\\/secure.gravatar.com\\\/avatar\\\/37d968a2e67a6fd04c169c4bdef102d0bc5d31b2546345219e348575eb80e9a0?s=96&d=mm&r=g\",\"contentUrl\":\"https:\\\/\\\/secure.gravatar.com\\\/avatar\\\/37d968a2e67a6fd04c169c4bdef102d0bc5d31b2546345219e348575eb80e9a0?s=96&d=mm&r=g\",\"caption\":\"redazione\"},\"sameAs\":[\"http:\\\/\\\/www.bellunopress.it\",\"https:\\\/\\\/x.com\\\/bellunopress\"],\"url\":\"https:\\\/\\\/www.bellunopress.it\\\/fr\\\/author\\\/redazione\\\/\"}]}<\/script>\n<!-- \/ Yoast SEO plugin. -->","yoast_head_json":{"title":"\"Il maiuscolo dell\u2019avventura\": Vittorino Mason racconta Giuliano De Marchi - Bellunopress - Dolomiti","robots":{"index":"index","follow":"follow","max-snippet":"max-snippet:-1","max-image-preview":"max-image-preview:large","max-video-preview":"max-video-preview:-1"},"canonical":"https:\/\/www.bellunopress.it\/fr\/2009\/06\/13\/il-maiuscolo-dell\u2019avventura-vittorino-mason-racconta-giuliano-de-marchi\/","og_locale":"fr_FR","og_type":"article","og_title":"\"Il maiuscolo dell\u2019avventura\": Vittorino Mason racconta Giuliano De Marchi - Bellunopress - Dolomiti","og_description":"Non so se ci sia un tempo e un luogo per morire, di certo prima o poi si deve lasciare questa terra, diventare altro, forse ritornarvi. Di certo, se c\u2019\u00e8 un luogo dove un alpinista, un avventuriero possa desiderare di morire, questo non \u00e8 il letto di casa o peggio di una casa di riposo [&hellip;]","og_url":"https:\/\/www.bellunopress.it\/fr\/2009\/06\/13\/il-maiuscolo-dell\u2019avventura-vittorino-mason-racconta-giuliano-de-marchi\/","og_site_name":"Bellunopress - Dolomiti","article_publisher":"https:\/\/www.facebook.com\/profile.php?id=100008943462799","article_published_time":"2009-06-13T09:50:47+00:00","article_modified_time":"2009-06-13T12:34:02+00:00","og_image":[{"url":"http:\/\/www.bellunopress.it\/wp-content\/uploads\/2009\/06\/giuliano-in-un-momento-di-pausa-lungo-la-salita-della-karstens-ridge-sulla-mc-kinley-leggera.jpg","type":"","width":"","height":""}],"author":"redazione","twitter_card":"summary_large_image","twitter_creator":"@bellunopress","twitter_site":"@bellunopress","twitter_misc":{"Written by":"redazione","Est. reading time":"11 minutes"},"schema":{"@context":"https:\/\/schema.org","@graph":[{"@type":"Article","@id":"https:\/\/www.bellunopress.it\/2009\/06\/13\/il-maiuscolo-dell%e2%80%99avventura-vittorino-mason-racconta-giuliano-de-marchi\/#article","isPartOf":{"@id":"https:\/\/www.bellunopress.it\/2009\/06\/13\/il-maiuscolo-dell%e2%80%99avventura-vittorino-mason-racconta-giuliano-de-marchi\/"},"author":{"name":"redazione","@id":"https:\/\/www.bellunopress.it\/#\/schema\/person\/79bb06722b37ece1c03d3e94beb30d73"},"headline":"&#8220;Il maiuscolo dell\u2019avventura&#8221;: Vittorino Mason racconta Giuliano De Marchi","datePublished":"2009-06-13T09:50:47+00:00","dateModified":"2009-06-13T12:34:02+00:00","mainEntityOfPage":{"@id":"https:\/\/www.bellunopress.it\/2009\/06\/13\/il-maiuscolo-dell%e2%80%99avventura-vittorino-mason-racconta-giuliano-de-marchi\/"},"wordCount":2229,"publisher":{"@id":"https:\/\/www.bellunopress.it\/#organization"},"image":{"@id":"https:\/\/www.bellunopress.it\/2009\/06\/13\/il-maiuscolo-dell%e2%80%99avventura-vittorino-mason-racconta-giuliano-de-marchi\/#primaryimage"},"thumbnailUrl":"http:\/\/www.bellunopress.it\/wp-content\/uploads\/2009\/06\/giuliano-in-un-momento-di-pausa-lungo-la-salita-della-karstens-ridge-sulla-mc-kinley-leggera.jpg","keywords":["Belluno","Dolomiti"],"articleSection":["Arte, Cultura, Spettacoli, Scienza","Lettere Opinioni","Meteo, natura, ambiente, animali","Pausa Caff\u00e8"],"inLanguage":"fr-FR"},{"@type":"WebPage","@id":"https:\/\/www.bellunopress.it\/2009\/06\/13\/il-maiuscolo-dell%e2%80%99avventura-vittorino-mason-racconta-giuliano-de-marchi\/","url":"https:\/\/www.bellunopress.it\/2009\/06\/13\/il-maiuscolo-dell%e2%80%99avventura-vittorino-mason-racconta-giuliano-de-marchi\/","name":"\"Il maiuscolo dell\u2019avventura\": Vittorino Mason racconta Giuliano De Marchi - Bellunopress - Dolomiti","isPartOf":{"@id":"https:\/\/www.bellunopress.it\/#website"},"primaryImageOfPage":{"@id":"https:\/\/www.bellunopress.it\/2009\/06\/13\/il-maiuscolo-dell%e2%80%99avventura-vittorino-mason-racconta-giuliano-de-marchi\/#primaryimage"},"image":{"@id":"https:\/\/www.bellunopress.it\/2009\/06\/13\/il-maiuscolo-dell%e2%80%99avventura-vittorino-mason-racconta-giuliano-de-marchi\/#primaryimage"},"thumbnailUrl":"http:\/\/www.bellunopress.it\/wp-content\/uploads\/2009\/06\/giuliano-in-un-momento-di-pausa-lungo-la-salita-della-karstens-ridge-sulla-mc-kinley-leggera.jpg","datePublished":"2009-06-13T09:50:47+00:00","dateModified":"2009-06-13T12:34:02+00:00","breadcrumb":{"@id":"https:\/\/www.bellunopress.it\/2009\/06\/13\/il-maiuscolo-dell%e2%80%99avventura-vittorino-mason-racconta-giuliano-de-marchi\/#breadcrumb"},"inLanguage":"fr-FR","potentialAction":[{"@type":"ReadAction","target":["https:\/\/www.bellunopress.it\/2009\/06\/13\/il-maiuscolo-dell%e2%80%99avventura-vittorino-mason-racconta-giuliano-de-marchi\/"]}]},{"@type":"ImageObject","inLanguage":"fr-FR","@id":"https:\/\/www.bellunopress.it\/2009\/06\/13\/il-maiuscolo-dell%e2%80%99avventura-vittorino-mason-racconta-giuliano-de-marchi\/#primaryimage","url":"http:\/\/www.bellunopress.it\/wp-content\/uploads\/2009\/06\/giuliano-in-un-momento-di-pausa-lungo-la-salita-della-karstens-ridge-sulla-mc-kinley-leggera.jpg","contentUrl":"http:\/\/www.bellunopress.it\/wp-content\/uploads\/2009\/06\/giuliano-in-un-momento-di-pausa-lungo-la-salita-della-karstens-ridge-sulla-mc-kinley-leggera.jpg"},{"@type":"BreadcrumbList","@id":"https:\/\/www.bellunopress.it\/2009\/06\/13\/il-maiuscolo-dell%e2%80%99avventura-vittorino-mason-racconta-giuliano-de-marchi\/#breadcrumb","itemListElement":[{"@type":"ListItem","position":1,"name":"Home","item":"https:\/\/www.bellunopress.it\/"},{"@type":"ListItem","position":2,"name":"&#8220;Il maiuscolo dell\u2019avventura&#8221;: Vittorino Mason racconta Giuliano De Marchi"}]},{"@type":"WebSite","@id":"https:\/\/www.bellunopress.it\/#website","url":"https:\/\/www.bellunopress.it\/","name":"Bellunopress - Dolomiti","description":"e-mail: redazione@bellunopress.it","publisher":{"@id":"https:\/\/www.bellunopress.it\/#organization"},"potentialAction":[{"@type":"SearchAction","target":{"@type":"EntryPoint","urlTemplate":"https:\/\/www.bellunopress.it\/?s={search_term_string}"},"query-input":{"@type":"PropertyValueSpecification","valueRequired":true,"valueName":"search_term_string"}}],"inLanguage":"fr-FR"},{"@type":"Organization","@id":"https:\/\/www.bellunopress.it\/#organization","name":"Bellunopress","url":"https:\/\/www.bellunopress.it\/","logo":{"@type":"ImageObject","inLanguage":"fr-FR","@id":"https:\/\/www.bellunopress.it\/#\/schema\/logo\/image\/","url":"https:\/\/www.bellunopress.it\/wp-content\/uploads\/2011\/05\/cropped-logo-bellunopress-.jpg","contentUrl":"https:\/\/www.bellunopress.it\/wp-content\/uploads\/2011\/05\/cropped-logo-bellunopress-.jpg","width":512,"height":512,"caption":"Bellunopress"},"image":{"@id":"https:\/\/www.bellunopress.it\/#\/schema\/logo\/image\/"},"sameAs":["https:\/\/www.facebook.com\/profile.php?id=100008943462799","https:\/\/x.com\/bellunopress","https:\/\/www.linkedin.com\/hp\/?dnr=JBzUWaJfMUw8vbXJJ2tVW5-I3jZKvC4wsoxE&amp;amp;amp;amp;amp;amp;trk=nav_responsive_tab_home","https:\/\/www.youtube.com\/channel\/UCxL0wu1uN0_3_7hGG0306cw"]},{"@type":"Person","@id":"https:\/\/www.bellunopress.it\/#\/schema\/person\/79bb06722b37ece1c03d3e94beb30d73","name":"r\u00e9daction","image":{"@type":"ImageObject","inLanguage":"fr-FR","@id":"https:\/\/secure.gravatar.com\/avatar\/37d968a2e67a6fd04c169c4bdef102d0bc5d31b2546345219e348575eb80e9a0?s=96&d=mm&r=g","url":"https:\/\/secure.gravatar.com\/avatar\/37d968a2e67a6fd04c169c4bdef102d0bc5d31b2546345219e348575eb80e9a0?s=96&d=mm&r=g","contentUrl":"https:\/\/secure.gravatar.com\/avatar\/37d968a2e67a6fd04c169c4bdef102d0bc5d31b2546345219e348575eb80e9a0?s=96&d=mm&r=g","caption":"redazione"},"sameAs":["http:\/\/www.bellunopress.it","https:\/\/x.com\/bellunopress"],"url":"https:\/\/www.bellunopress.it\/fr\/author\/redazione\/"}]}},"_links":{"self":[{"href":"https:\/\/www.bellunopress.it\/fr\/wp-json\/wp\/v2\/posts\/4789","targetHints":{"allow":["GET"]}}],"collection":[{"href":"https:\/\/www.bellunopress.it\/fr\/wp-json\/wp\/v2\/posts"}],"about":[{"href":"https:\/\/www.bellunopress.it\/fr\/wp-json\/wp\/v2\/types\/post"}],"author":[{"embeddable":true,"href":"https:\/\/www.bellunopress.it\/fr\/wp-json\/wp\/v2\/users\/2"}],"replies":[{"embeddable":true,"href":"https:\/\/www.bellunopress.it\/fr\/wp-json\/wp\/v2\/comments?post=4789"}],"version-history":[{"count":7,"href":"https:\/\/www.bellunopress.it\/fr\/wp-json\/wp\/v2\/posts\/4789\/revisions"}],"predecessor-version":[{"id":4803,"href":"https:\/\/www.bellunopress.it\/fr\/wp-json\/wp\/v2\/posts\/4789\/revisions\/4803"}],"wp:attachment":[{"href":"https:\/\/www.bellunopress.it\/fr\/wp-json\/wp\/v2\/media?parent=4789"}],"wp:term":[{"taxonomy":"category","embeddable":true,"href":"https:\/\/www.bellunopress.it\/fr\/wp-json\/wp\/v2\/categories?post=4789"},{"taxonomy":"post_tag","embeddable":true,"href":"https:\/\/www.bellunopress.it\/fr\/wp-json\/wp\/v2\/tags?post=4789"}],"curies":[{"name":"wp","href":"https:\/\/api.w.org\/{rel}","templated":true}]}}