{"id":47883,"date":"2013-03-24T14:08:05","date_gmt":"2013-03-24T13:08:05","guid":{"rendered":"http:\/\/www.bellunopress.it\/?p=47883"},"modified":"2013-03-24T14:08:05","modified_gmt":"2013-03-24T13:08:05","slug":"afghanistan-la-brigata-alpina-taurinense-cede-alla-julia-la-guida-del-regional-command-west","status":"publish","type":"post","link":"https:\/\/www.bellunopress.it\/fr\/2013\/03\/24\/afghanistan-la-brigata-alpina-taurinense-cede-alla-julia-la-guida-del-regional-command-west\/","title":{"rendered":"Afghanistan, la Brigata alpina Taurinense cede alla Julia la guida del Regional Command \u2013 West"},"content":{"rendered":"<figure id=\"attachment_47884\" aria-describedby=\"caption-attachment-47884\" style=\"width: 270px\" class=\"wp-caption alignleft\"><a href=\"http:\/\/www.bellunopress.it\/wp-content\/uploads\/2013\/03\/afghanistan-gen-Gamba-gen-Terry-a-sinistra.jpg\"><img loading=\"lazy\" decoding=\"async\" class=\"size-full wp-image-47884\" alt=\"Il generale Terry consegna la bandiera Nato al generale Gamba\" src=\"http:\/\/www.bellunopress.it\/wp-content\/uploads\/2013\/03\/afghanistan-gen-Gamba-gen-Terry-a-sinistra.jpg\" width=\"270\" height=\"270\" srcset=\"https:\/\/www.bellunopress.it\/wp-content\/uploads\/2013\/03\/afghanistan-gen-Gamba-gen-Terry-a-sinistra.jpg 270w, https:\/\/www.bellunopress.it\/wp-content\/uploads\/2013\/03\/afghanistan-gen-Gamba-gen-Terry-a-sinistra-150x150.jpg 150w\" sizes=\"auto, (max-width: 270px) 100vw, 270px\" \/><\/a><figcaption id=\"caption-attachment-47884\" class=\"wp-caption-text\">Il generale Terry consegna la bandiera Nato al generale Gamba<\/figcaption><\/figure>\n<p>Herat, 24 marzo 2013 \u2013 \u00c8 avvenuto oggi il passaggio di consegne alla guida del Regional Command \u2013 West (RC-W) tra la Brigata alpina Taurinense, comandata dal Generale Dario Ranieri, e gli alpini della Brigata Julia, al comando del Generale Ignazio Gamba. RC-W \u00e8 uno dei sei Comandi Regionali della coalizione multinazionale ISAF (International Security Force Assistance) in Afghanistan e corrisponde alla regione occidentale del Paese, nelle cui quattro province sono schierati oltre 5.500 militari di nove nazioni, 2.900 dei quali sono italiani. Alla cerimonia, svoltasi presso la base di Camp Arena, sono intervenuti l\u2019Ambasciatore d\u2019Italia in Afghanistan Luciano Pezzotti, il Capo di Stato Maggiore dell\u2019Esercito, Generale Claudio Graziano, il Comandante dell\u2019ISAF Joint Command \u2013 il Generale statunitense James L. Terry &#8211; e il Comandante delle Truppe Alpine, Generale di Corpo d\u2019Armata Alberto Primicerj, oltre alle massime autorit\u00e0 civili e militari locali.<\/p>\n<p><a href=\"http:\/\/www.bellunopress.it\/wp-content\/uploads\/2013\/03\/afghanistan.jpg\"><img loading=\"lazy\" decoding=\"async\" class=\"alignleft size-full wp-image-47885\" alt=\"afghanistan\" src=\"http:\/\/www.bellunopress.it\/wp-content\/uploads\/2013\/03\/afghanistan.jpg\" width=\"290\" height=\"192\" \/><\/a>Il mandato semestrale della Brigata alpina Taurinense conclusosi oggi si \u00e8 sviluppato nell\u2019ambito della transizione, ovvero del graduale passaggio alle autorit\u00e0 politiche e militari afghane della leadership nel campo della governance e della sicurezza. In quest\u2019ultimo settore, le forze di sicurezza locali hanno recentemente raggiunto la soglia delle 30mila unit\u00e0, triplicando la consistenza di tre anni fa e dotandosi di mezzi moderni e di un\u2019organizzazione maggiormente efficiente. Tali progressi hanno permesso tra l\u2019altro il passaggio della base operativa avanzata di Bakwa alle forze di sicurezza afghane, avvenuto lo scorso dicembre, e la riduzione del Contingente italiano da 4 mila a 2.900 unit\u00e0. Negli ultimi sei mesi \u00e8 stata sancita l\u2019assunzione della leadership sulla sicurezza in 31 dei 43 distretti della regione da parte dei militari afghani, i quali guidano oggi circa l\u201980% delle operazioni, in coordinamento con il Regional \u2013 Command West tramite appositi centri a livello regionale e provinciale. Contestualmente le forze di RC-W sono passate da un ruolo attivo ad uno di supporto, in particolare per quanto riguarda le capacit\u00e0 operative ancora in via di acquisizione da parte delle Forze afghane. In tale ottica, le unit\u00e0 di manovra sul terreno \u2013 originariamente denominate Task Force &#8211; hanno acquisito dall\u2019inizio dell\u2019anno il nome di \u2018Transition Support Units\u2019.<\/p>\n<p>Nel quadro dell\u2019evoluzione della missione ISAF, alle Transition Support Units si affiancano i Team di Advisor che accompagnano le forze di sicurezza afghane in addestramento e in operazione. Inquadrati nel Regional Command West a guida italiana operano oggi 38 nuclei denominati Military Advisor Team e Police Advisor Team &#8211; dei quali i 20 italiani appartengono ad Esercito, Marina e Carabinieri.<\/p>\n<p><a href=\"http:\/\/www.bellunopress.it\/wp-content\/uploads\/2013\/03\/Afghanistan-autocolonna-di-Lince-nel-distretto-di-Obeh.jpg\"><img loading=\"lazy\" decoding=\"async\" class=\"alignleft size-full wp-image-47733\" alt=\"Afghanistan autocolonna di Lince nel distretto di Obeh\" src=\"http:\/\/www.bellunopress.it\/wp-content\/uploads\/2013\/03\/Afghanistan-autocolonna-di-Lince-nel-distretto-di-Obeh.jpg\" width=\"212\" height=\"290\" \/><\/a>Sul fronte dello sviluppo, i quattro Provincial Reconstruction Team (PRT) del Regional Command West \u2013 forniti da USA, Spagna, Lituania e Italia &#8211; hanno realizzato un numero consistente di progetti di assistenza in favore delle autorit\u00e0 e delle comunit\u00e0 locali in tutto il territorio della regione. Il Provincial Reconstruction Team \u2013 CIMIC Detachment italiano ha operato nella provincia di Herat in sinergia con i piani di sviluppo locali, pianificando sedici progetti per l\u2019anno in corso e inaugurando numerose infrastrutture di base. Il settore prioritario di intervento nel semestre della Taurinense si \u00e8 confermato quello dell\u2019istruzione, ambito nel quale si sono registrati i progressi pi\u00f9 significativi nell\u2019ultimo decennio. Il PRT italiano ha inaugurato 13 scuole nei distretti pi\u00f9 remoti della provincia di Herat, per un totale di 120 aule che potranno ospitare in pi\u00f9 turni fino a 8.000 studenti di ambo i sessi. La provincia di Herat si colloca al primo posto in Afghanistan per la percentuale di alunne rispetto ai coetanei maschi, mentre la locale universit\u00e0 \u00e8 la seconda pi\u00f9 importante del Paese e conta circa 11 mila iscritti di cui circa 4.500 ragazze.<\/p>\n<p>Nel rivolgersi ai militari schierati, il generale Terry ha sottolineato il ruolo importante del Regional Command West nel sostenere i militari afghani, i quali \u201csono i veri protettori della popolazione\u201d.<\/p>\n<p>Il Generale Graziano ha innanzitutto ricordato il sacrificio dei Caduti in Afghanistan, auspicando al tempo stesso un pronto rientro in servizio dei militari rimasti feriti in missione. Il Capo di Stato Maggiore ha poi evidenziato come \u201clo sforzo del Contingente italiano verso la stabilit\u00e0 e la ricostruzione stia producendo i suoi frutti, con il trasferimento entro l\u2019anno della sicurezza alle forze di sicurezza afghane\u201d. Prima di rivolgersi agli alpini della Julia, esortati a \u201cnon abbassare la guardia\u201d, Il Generale Graziano ha ringraziato gli alpini della Taurinense con parole di elogio: \u201csiate orgogliosi di ci\u00f2 che avete fatto in Afghanistan\u201d.<\/p>\n<p>&nbsp;<\/p>\n<p>&nbsp;<\/p>","protected":false},"excerpt":{"rendered":"<p>Herat, 24 marzo 2013 \u2013 \u00c8 avvenuto oggi il passaggio di consegne alla guida del Regional Command \u2013 West (RC-W) tra la Brigata alpina Taurinense, comandata dal Generale Dario Ranieri, e gli alpini della Brigata Julia, al comando del Generale Ignazio Gamba. RC-W \u00e8 uno dei sei Comandi Regionali della coalizione multinazionale ISAF (International Security [&hellip;]<\/p>\n","protected":false},"author":2,"featured_media":0,"comment_status":"closed","ping_status":"open","sticky":false,"template":"","format":"standard","meta":{"footnotes":""},"categories":[1],"tags":[],"class_list":["post-47883","post","type-post","status-publish","format-standard","category-leo"],"yoast_head":"<!-- This site is optimized with the Yoast SEO plugin v28.4 - https:\/\/yoast.com\/product\/yoast-seo-wordpress\/ -->\n<title>Afghanistan, la Brigata alpina Taurinense cede alla Julia la guida del Regional Command \u2013 West - Bellunopress - Dolomiti<\/title>\n<meta name=\"robots\" content=\"index, follow, max-snippet:-1, max-image-preview:large, max-video-preview:-1\" \/>\n<link rel=\"canonical\" href=\"https:\/\/www.bellunopress.it\/fr\/2013\/03\/24\/afghanistan-la-brigata-alpina-taurinense-cede-alla-julia-la-guida-del-regional-command-west\/\" \/>\n<meta property=\"og:locale\" content=\"fr_FR\" \/>\n<meta property=\"og:type\" content=\"article\" \/>\n<meta property=\"og:title\" content=\"Afghanistan, la Brigata alpina Taurinense cede alla Julia la guida del Regional Command \u2013 West - Bellunopress - Dolomiti\" \/>\n<meta property=\"og:description\" content=\"Herat, 24 marzo 2013 \u2013 \u00c8 avvenuto oggi il passaggio di consegne alla guida del Regional Command \u2013 West (RC-W) tra la Brigata alpina Taurinense, comandata dal Generale Dario Ranieri, e gli alpini della Brigata Julia, al comando del Generale Ignazio Gamba. RC-W \u00e8 uno dei sei Comandi Regionali della coalizione multinazionale ISAF (International Security [&hellip;]\" \/>\n<meta property=\"og:url\" content=\"https:\/\/www.bellunopress.it\/fr\/2013\/03\/24\/afghanistan-la-brigata-alpina-taurinense-cede-alla-julia-la-guida-del-regional-command-west\/\" \/>\n<meta property=\"og:site_name\" content=\"Bellunopress - Dolomiti\" \/>\n<meta property=\"article:publisher\" content=\"https:\/\/www.facebook.com\/profile.php?id=100008943462799\" \/>\n<meta property=\"article:published_time\" content=\"2013-03-24T13:08:05+00:00\" \/>\n<meta property=\"og:image\" content=\"http:\/\/www.bellunopress.it\/wp-content\/uploads\/2013\/03\/afghanistan-gen-Gamba-gen-Terry-a-sinistra.jpg\" \/>\n<meta name=\"author\" content=\"redazione\" \/>\n<meta name=\"twitter:card\" content=\"summary_large_image\" \/>\n<meta name=\"twitter:creator\" content=\"@bellunopress\" \/>\n<meta name=\"twitter:site\" content=\"@bellunopress\" \/>\n<meta name=\"twitter:label1\" content=\"\u00c9crit par\" \/>\n\t<meta name=\"twitter:data1\" content=\"redazione\" \/>\n\t<meta name=\"twitter:label2\" content=\"Dur\u00e9e de lecture estim\u00e9e\" \/>\n\t<meta name=\"twitter:data2\" content=\"4 minutes\" \/>\n<script type=\"application\/ld+json\" class=\"yoast-schema-graph\">{\"@context\":\"https:\\\/\\\/schema.org\",\"@graph\":[{\"@type\":\"Article\",\"@id\":\"https:\\\/\\\/www.bellunopress.it\\\/2013\\\/03\\\/24\\\/afghanistan-la-brigata-alpina-taurinense-cede-alla-julia-la-guida-del-regional-command-west\\\/#article\",\"isPartOf\":{\"@id\":\"https:\\\/\\\/www.bellunopress.it\\\/2013\\\/03\\\/24\\\/afghanistan-la-brigata-alpina-taurinense-cede-alla-julia-la-guida-del-regional-command-west\\\/\"},\"author\":{\"name\":\"redazione\",\"@id\":\"https:\\\/\\\/www.bellunopress.it\\\/#\\\/schema\\\/person\\\/79bb06722b37ece1c03d3e94beb30d73\"},\"headline\":\"Afghanistan, la Brigata alpina Taurinense cede alla Julia la guida del Regional Command \u2013 West\",\"datePublished\":\"2013-03-24T13:08:05+00:00\",\"mainEntityOfPage\":{\"@id\":\"https:\\\/\\\/www.bellunopress.it\\\/2013\\\/03\\\/24\\\/afghanistan-la-brigata-alpina-taurinense-cede-alla-julia-la-guida-del-regional-command-west\\\/\"},\"wordCount\":745,\"publisher\":{\"@id\":\"https:\\\/\\\/www.bellunopress.it\\\/#organization\"},\"image\":{\"@id\":\"https:\\\/\\\/www.bellunopress.it\\\/2013\\\/03\\\/24\\\/afghanistan-la-brigata-alpina-taurinense-cede-alla-julia-la-guida-del-regional-command-west\\\/#primaryimage\"},\"thumbnailUrl\":\"http:\\\/\\\/www.bellunopress.it\\\/wp-content\\\/uploads\\\/2013\\\/03\\\/afghanistan-gen-Gamba-gen-Terry-a-sinistra.jpg\",\"articleSection\":[\"Lettere Opinioni\"],\"inLanguage\":\"fr-FR\"},{\"@type\":\"WebPage\",\"@id\":\"https:\\\/\\\/www.bellunopress.it\\\/2013\\\/03\\\/24\\\/afghanistan-la-brigata-alpina-taurinense-cede-alla-julia-la-guida-del-regional-command-west\\\/\",\"url\":\"https:\\\/\\\/www.bellunopress.it\\\/2013\\\/03\\\/24\\\/afghanistan-la-brigata-alpina-taurinense-cede-alla-julia-la-guida-del-regional-command-west\\\/\",\"name\":\"Afghanistan, la Brigata alpina Taurinense cede alla Julia la guida del Regional Command \u2013 West - Bellunopress - Dolomiti\",\"isPartOf\":{\"@id\":\"https:\\\/\\\/www.bellunopress.it\\\/#website\"},\"primaryImageOfPage\":{\"@id\":\"https:\\\/\\\/www.bellunopress.it\\\/2013\\\/03\\\/24\\\/afghanistan-la-brigata-alpina-taurinense-cede-alla-julia-la-guida-del-regional-command-west\\\/#primaryimage\"},\"image\":{\"@id\":\"https:\\\/\\\/www.bellunopress.it\\\/2013\\\/03\\\/24\\\/afghanistan-la-brigata-alpina-taurinense-cede-alla-julia-la-guida-del-regional-command-west\\\/#primaryimage\"},\"thumbnailUrl\":\"http:\\\/\\\/www.bellunopress.it\\\/wp-content\\\/uploads\\\/2013\\\/03\\\/afghanistan-gen-Gamba-gen-Terry-a-sinistra.jpg\",\"datePublished\":\"2013-03-24T13:08:05+00:00\",\"breadcrumb\":{\"@id\":\"https:\\\/\\\/www.bellunopress.it\\\/2013\\\/03\\\/24\\\/afghanistan-la-brigata-alpina-taurinense-cede-alla-julia-la-guida-del-regional-command-west\\\/#breadcrumb\"},\"inLanguage\":\"fr-FR\",\"potentialAction\":[{\"@type\":\"ReadAction\",\"target\":[\"https:\\\/\\\/www.bellunopress.it\\\/2013\\\/03\\\/24\\\/afghanistan-la-brigata-alpina-taurinense-cede-alla-julia-la-guida-del-regional-command-west\\\/\"]}]},{\"@type\":\"ImageObject\",\"inLanguage\":\"fr-FR\",\"@id\":\"https:\\\/\\\/www.bellunopress.it\\\/2013\\\/03\\\/24\\\/afghanistan-la-brigata-alpina-taurinense-cede-alla-julia-la-guida-del-regional-command-west\\\/#primaryimage\",\"url\":\"http:\\\/\\\/www.bellunopress.it\\\/wp-content\\\/uploads\\\/2013\\\/03\\\/afghanistan-gen-Gamba-gen-Terry-a-sinistra.jpg\",\"contentUrl\":\"http:\\\/\\\/www.bellunopress.it\\\/wp-content\\\/uploads\\\/2013\\\/03\\\/afghanistan-gen-Gamba-gen-Terry-a-sinistra.jpg\"},{\"@type\":\"BreadcrumbList\",\"@id\":\"https:\\\/\\\/www.bellunopress.it\\\/2013\\\/03\\\/24\\\/afghanistan-la-brigata-alpina-taurinense-cede-alla-julia-la-guida-del-regional-command-west\\\/#breadcrumb\",\"itemListElement\":[{\"@type\":\"ListItem\",\"position\":1,\"name\":\"Home\",\"item\":\"https:\\\/\\\/www.bellunopress.it\\\/\"},{\"@type\":\"ListItem\",\"position\":2,\"name\":\"Afghanistan, la Brigata alpina Taurinense cede alla Julia la guida del Regional Command \u2013 West\"}]},{\"@type\":\"WebSite\",\"@id\":\"https:\\\/\\\/www.bellunopress.it\\\/#website\",\"url\":\"https:\\\/\\\/www.bellunopress.it\\\/\",\"name\":\"Bellunopress - Dolomiti\",\"description\":\"e-mail: redazione@bellunopress.it\",\"publisher\":{\"@id\":\"https:\\\/\\\/www.bellunopress.it\\\/#organization\"},\"potentialAction\":[{\"@type\":\"SearchAction\",\"target\":{\"@type\":\"EntryPoint\",\"urlTemplate\":\"https:\\\/\\\/www.bellunopress.it\\\/?s={search_term_string}\"},\"query-input\":{\"@type\":\"PropertyValueSpecification\",\"valueRequired\":true,\"valueName\":\"search_term_string\"}}],\"inLanguage\":\"fr-FR\"},{\"@type\":\"Organization\",\"@id\":\"https:\\\/\\\/www.bellunopress.it\\\/#organization\",\"name\":\"Bellunopress\",\"url\":\"https:\\\/\\\/www.bellunopress.it\\\/\",\"logo\":{\"@type\":\"ImageObject\",\"inLanguage\":\"fr-FR\",\"@id\":\"https:\\\/\\\/www.bellunopress.it\\\/#\\\/schema\\\/logo\\\/image\\\/\",\"url\":\"https:\\\/\\\/www.bellunopress.it\\\/wp-content\\\/uploads\\\/2011\\\/05\\\/cropped-logo-bellunopress-.jpg\",\"contentUrl\":\"https:\\\/\\\/www.bellunopress.it\\\/wp-content\\\/uploads\\\/2011\\\/05\\\/cropped-logo-bellunopress-.jpg\",\"width\":512,\"height\":512,\"caption\":\"Bellunopress\"},\"image\":{\"@id\":\"https:\\\/\\\/www.bellunopress.it\\\/#\\\/schema\\\/logo\\\/image\\\/\"},\"sameAs\":[\"https:\\\/\\\/www.facebook.com\\\/profile.php?id=100008943462799\",\"https:\\\/\\\/x.com\\\/bellunopress\",\"https:\\\/\\\/www.linkedin.com\\\/hp\\\/?dnr=JBzUWaJfMUw8vbXJJ2tVW5-I3jZKvC4wsoxE&amp;amp;amp;amp;amp;amp;trk=nav_responsive_tab_home\",\"https:\\\/\\\/www.youtube.com\\\/channel\\\/UCxL0wu1uN0_3_7hGG0306cw\"]},{\"@type\":\"Person\",\"@id\":\"https:\\\/\\\/www.bellunopress.it\\\/#\\\/schema\\\/person\\\/79bb06722b37ece1c03d3e94beb30d73\",\"name\":\"redazione\",\"image\":{\"@type\":\"ImageObject\",\"inLanguage\":\"fr-FR\",\"@id\":\"https:\\\/\\\/secure.gravatar.com\\\/avatar\\\/37d968a2e67a6fd04c169c4bdef102d0bc5d31b2546345219e348575eb80e9a0?s=96&d=mm&r=g\",\"url\":\"https:\\\/\\\/secure.gravatar.com\\\/avatar\\\/37d968a2e67a6fd04c169c4bdef102d0bc5d31b2546345219e348575eb80e9a0?s=96&d=mm&r=g\",\"contentUrl\":\"https:\\\/\\\/secure.gravatar.com\\\/avatar\\\/37d968a2e67a6fd04c169c4bdef102d0bc5d31b2546345219e348575eb80e9a0?s=96&d=mm&r=g\",\"caption\":\"redazione\"},\"sameAs\":[\"http:\\\/\\\/www.bellunopress.it\",\"https:\\\/\\\/x.com\\\/bellunopress\"],\"url\":\"https:\\\/\\\/www.bellunopress.it\\\/fr\\\/author\\\/redazione\\\/\"}]}<\/script>\n<!-- \/ Yoast SEO plugin. -->","yoast_head_json":{"title":"Afghanistan, la Brigata alpina Taurinense cede alla Julia la guida del Regional Command \u2013 West - Bellunopress - Dolomiti","robots":{"index":"index","follow":"follow","max-snippet":"max-snippet:-1","max-image-preview":"max-image-preview:large","max-video-preview":"max-video-preview:-1"},"canonical":"https:\/\/www.bellunopress.it\/fr\/2013\/03\/24\/afghanistan-la-brigata-alpina-taurinense-cede-alla-julia-la-guida-del-regional-command-west\/","og_locale":"fr_FR","og_type":"article","og_title":"Afghanistan, la Brigata alpina Taurinense cede alla Julia la guida del Regional Command \u2013 West - Bellunopress - Dolomiti","og_description":"Herat, 24 marzo 2013 \u2013 \u00c8 avvenuto oggi il passaggio di consegne alla guida del Regional Command \u2013 West (RC-W) tra la Brigata alpina Taurinense, comandata dal Generale Dario Ranieri, e gli alpini della Brigata Julia, al comando del Generale Ignazio Gamba. RC-W \u00e8 uno dei sei Comandi Regionali della coalizione multinazionale ISAF (International Security [&hellip;]","og_url":"https:\/\/www.bellunopress.it\/fr\/2013\/03\/24\/afghanistan-la-brigata-alpina-taurinense-cede-alla-julia-la-guida-del-regional-command-west\/","og_site_name":"Bellunopress - Dolomiti","article_publisher":"https:\/\/www.facebook.com\/profile.php?id=100008943462799","article_published_time":"2013-03-24T13:08:05+00:00","og_image":[{"url":"http:\/\/www.bellunopress.it\/wp-content\/uploads\/2013\/03\/afghanistan-gen-Gamba-gen-Terry-a-sinistra.jpg","type":"","width":"","height":""}],"author":"redazione","twitter_card":"summary_large_image","twitter_creator":"@bellunopress","twitter_site":"@bellunopress","twitter_misc":{"\u00c9crit par":"redazione","Dur\u00e9e de lecture estim\u00e9e":"4 minutes"},"schema":{"@context":"https:\/\/schema.org","@graph":[{"@type":"Article","@id":"https:\/\/www.bellunopress.it\/2013\/03\/24\/afghanistan-la-brigata-alpina-taurinense-cede-alla-julia-la-guida-del-regional-command-west\/#article","isPartOf":{"@id":"https:\/\/www.bellunopress.it\/2013\/03\/24\/afghanistan-la-brigata-alpina-taurinense-cede-alla-julia-la-guida-del-regional-command-west\/"},"author":{"name":"redazione","@id":"https:\/\/www.bellunopress.it\/#\/schema\/person\/79bb06722b37ece1c03d3e94beb30d73"},"headline":"Afghanistan, la Brigata alpina Taurinense cede alla Julia la guida del Regional Command \u2013 West","datePublished":"2013-03-24T13:08:05+00:00","mainEntityOfPage":{"@id":"https:\/\/www.bellunopress.it\/2013\/03\/24\/afghanistan-la-brigata-alpina-taurinense-cede-alla-julia-la-guida-del-regional-command-west\/"},"wordCount":745,"publisher":{"@id":"https:\/\/www.bellunopress.it\/#organization"},"image":{"@id":"https:\/\/www.bellunopress.it\/2013\/03\/24\/afghanistan-la-brigata-alpina-taurinense-cede-alla-julia-la-guida-del-regional-command-west\/#primaryimage"},"thumbnailUrl":"http:\/\/www.bellunopress.it\/wp-content\/uploads\/2013\/03\/afghanistan-gen-Gamba-gen-Terry-a-sinistra.jpg","articleSection":["Lettere Opinioni"],"inLanguage":"fr-FR"},{"@type":"WebPage","@id":"https:\/\/www.bellunopress.it\/2013\/03\/24\/afghanistan-la-brigata-alpina-taurinense-cede-alla-julia-la-guida-del-regional-command-west\/","url":"https:\/\/www.bellunopress.it\/2013\/03\/24\/afghanistan-la-brigata-alpina-taurinense-cede-alla-julia-la-guida-del-regional-command-west\/","name":"Afghanistan, la Brigata alpina Taurinense cede alla Julia la guida del Regional Command \u2013 West - Bellunopress - Dolomiti","isPartOf":{"@id":"https:\/\/www.bellunopress.it\/#website"},"primaryImageOfPage":{"@id":"https:\/\/www.bellunopress.it\/2013\/03\/24\/afghanistan-la-brigata-alpina-taurinense-cede-alla-julia-la-guida-del-regional-command-west\/#primaryimage"},"image":{"@id":"https:\/\/www.bellunopress.it\/2013\/03\/24\/afghanistan-la-brigata-alpina-taurinense-cede-alla-julia-la-guida-del-regional-command-west\/#primaryimage"},"thumbnailUrl":"http:\/\/www.bellunopress.it\/wp-content\/uploads\/2013\/03\/afghanistan-gen-Gamba-gen-Terry-a-sinistra.jpg","datePublished":"2013-03-24T13:08:05+00:00","breadcrumb":{"@id":"https:\/\/www.bellunopress.it\/2013\/03\/24\/afghanistan-la-brigata-alpina-taurinense-cede-alla-julia-la-guida-del-regional-command-west\/#breadcrumb"},"inLanguage":"fr-FR","potentialAction":[{"@type":"ReadAction","target":["https:\/\/www.bellunopress.it\/2013\/03\/24\/afghanistan-la-brigata-alpina-taurinense-cede-alla-julia-la-guida-del-regional-command-west\/"]}]},{"@type":"ImageObject","inLanguage":"fr-FR","@id":"https:\/\/www.bellunopress.it\/2013\/03\/24\/afghanistan-la-brigata-alpina-taurinense-cede-alla-julia-la-guida-del-regional-command-west\/#primaryimage","url":"http:\/\/www.bellunopress.it\/wp-content\/uploads\/2013\/03\/afghanistan-gen-Gamba-gen-Terry-a-sinistra.jpg","contentUrl":"http:\/\/www.bellunopress.it\/wp-content\/uploads\/2013\/03\/afghanistan-gen-Gamba-gen-Terry-a-sinistra.jpg"},{"@type":"BreadcrumbList","@id":"https:\/\/www.bellunopress.it\/2013\/03\/24\/afghanistan-la-brigata-alpina-taurinense-cede-alla-julia-la-guida-del-regional-command-west\/#breadcrumb","itemListElement":[{"@type":"ListItem","position":1,"name":"Home","item":"https:\/\/www.bellunopress.it\/"},{"@type":"ListItem","position":2,"name":"Afghanistan, la Brigata alpina Taurinense cede alla Julia la guida del Regional Command \u2013 West"}]},{"@type":"WebSite","@id":"https:\/\/www.bellunopress.it\/#website","url":"https:\/\/www.bellunopress.it\/","name":"Bellunopress - Dolomiti","description":"e-mail: redazione@bellunopress.it","publisher":{"@id":"https:\/\/www.bellunopress.it\/#organization"},"potentialAction":[{"@type":"SearchAction","target":{"@type":"EntryPoint","urlTemplate":"https:\/\/www.bellunopress.it\/?s={search_term_string}"},"query-input":{"@type":"PropertyValueSpecification","valueRequired":true,"valueName":"search_term_string"}}],"inLanguage":"fr-FR"},{"@type":"Organization","@id":"https:\/\/www.bellunopress.it\/#organization","name":"Bellunopress","url":"https:\/\/www.bellunopress.it\/","logo":{"@type":"ImageObject","inLanguage":"fr-FR","@id":"https:\/\/www.bellunopress.it\/#\/schema\/logo\/image\/","url":"https:\/\/www.bellunopress.it\/wp-content\/uploads\/2011\/05\/cropped-logo-bellunopress-.jpg","contentUrl":"https:\/\/www.bellunopress.it\/wp-content\/uploads\/2011\/05\/cropped-logo-bellunopress-.jpg","width":512,"height":512,"caption":"Bellunopress"},"image":{"@id":"https:\/\/www.bellunopress.it\/#\/schema\/logo\/image\/"},"sameAs":["https:\/\/www.facebook.com\/profile.php?id=100008943462799","https:\/\/x.com\/bellunopress","https:\/\/www.linkedin.com\/hp\/?dnr=JBzUWaJfMUw8vbXJJ2tVW5-I3jZKvC4wsoxE&amp;amp;amp;amp;amp;amp;trk=nav_responsive_tab_home","https:\/\/www.youtube.com\/channel\/UCxL0wu1uN0_3_7hGG0306cw"]},{"@type":"Person","@id":"https:\/\/www.bellunopress.it\/#\/schema\/person\/79bb06722b37ece1c03d3e94beb30d73","name":"r\u00e9daction","image":{"@type":"ImageObject","inLanguage":"fr-FR","@id":"https:\/\/secure.gravatar.com\/avatar\/37d968a2e67a6fd04c169c4bdef102d0bc5d31b2546345219e348575eb80e9a0?s=96&d=mm&r=g","url":"https:\/\/secure.gravatar.com\/avatar\/37d968a2e67a6fd04c169c4bdef102d0bc5d31b2546345219e348575eb80e9a0?s=96&d=mm&r=g","contentUrl":"https:\/\/secure.gravatar.com\/avatar\/37d968a2e67a6fd04c169c4bdef102d0bc5d31b2546345219e348575eb80e9a0?s=96&d=mm&r=g","caption":"redazione"},"sameAs":["http:\/\/www.bellunopress.it","https:\/\/x.com\/bellunopress"],"url":"https:\/\/www.bellunopress.it\/fr\/author\/redazione\/"}]}},"_links":{"self":[{"href":"https:\/\/www.bellunopress.it\/fr\/wp-json\/wp\/v2\/posts\/47883","targetHints":{"allow":["GET"]}}],"collection":[{"href":"https:\/\/www.bellunopress.it\/fr\/wp-json\/wp\/v2\/posts"}],"about":[{"href":"https:\/\/www.bellunopress.it\/fr\/wp-json\/wp\/v2\/types\/post"}],"author":[{"embeddable":true,"href":"https:\/\/www.bellunopress.it\/fr\/wp-json\/wp\/v2\/users\/2"}],"replies":[{"embeddable":true,"href":"https:\/\/www.bellunopress.it\/fr\/wp-json\/wp\/v2\/comments?post=47883"}],"version-history":[{"count":1,"href":"https:\/\/www.bellunopress.it\/fr\/wp-json\/wp\/v2\/posts\/47883\/revisions"}],"predecessor-version":[{"id":47886,"href":"https:\/\/www.bellunopress.it\/fr\/wp-json\/wp\/v2\/posts\/47883\/revisions\/47886"}],"wp:attachment":[{"href":"https:\/\/www.bellunopress.it\/fr\/wp-json\/wp\/v2\/media?parent=47883"}],"wp:term":[{"taxonomy":"category","embeddable":true,"href":"https:\/\/www.bellunopress.it\/fr\/wp-json\/wp\/v2\/categories?post=47883"},{"taxonomy":"post_tag","embeddable":true,"href":"https:\/\/www.bellunopress.it\/fr\/wp-json\/wp\/v2\/tags?post=47883"}],"curies":[{"name":"wp","href":"https:\/\/api.w.org\/{rel}","templated":true}]}}