{"id":47878,"date":"2013-03-23T10:08:21","date_gmt":"2013-03-23T09:08:21","guid":{"rendered":"http:\/\/www.bellunopress.it\/?p=47878"},"modified":"2013-03-24T10:11:20","modified_gmt":"2013-03-24T09:11:20","slug":"domenica-si-chiude-agrimont-a-longarone-fiere","status":"publish","type":"post","link":"https:\/\/www.bellunopress.it\/fr\/2013\/03\/23\/domenica-si-chiude-agrimont-a-longarone-fiere\/","title":{"rendered":"Domenica si chiude Agrimont a Longarone fiere"},"content":{"rendered":"<p><a href=\"http:\/\/www.bellunopress.it\/wp-content\/uploads\/2011\/10\/longarone-fiere-280x210.jpg\"><img loading=\"lazy\" decoding=\"async\" class=\"alignleft size-full wp-image-31960\" alt=\"longarone fiere 280x210\" src=\"http:\/\/www.bellunopress.it\/wp-content\/uploads\/2011\/10\/longarone-fiere-280x210.jpg\" width=\"280\" height=\"210\" \/><\/a>Si chiude domani, domenica 24 marzo, nel Quartiere di Longarone Fiere Dolomiti la 34. edizione di Agrimont, la fiera dell\u2019agricoltura di montagna, CHE sar\u00e0 aperta dalle 9 alle 19.<\/p>\n<p>In fiera sono attesi operatori del mondo agricolo, ma anche famiglie alla ricerca di prodotti e informazioni per la cura dell\u2019orto, del giardino o la raccolta e preparazione della legna, oltre a macchine, prodotti e attrezzature, prodotti tipici di diverse regioni italiane e tutto ci\u00f2 che fa di Agrimont un punto di riferimento consolidato per il mondo agricolo.<\/p>\n<p>Oggi in visita in fiera anche il presidente regionale dell\u2019Arav, Luciano Pozzerle, che ha potuto ammirare la qualit\u00e0 delle rassegne zootecniche, dove fanno mostra all\u2019interno di un apposito padiglione animali di vario genere dalle razze bovine a quelle equine, oltre alle pecore, capre, razze avicole e quelle di animali meno diffusi in Provincia. Pozzerle \u00e8 intervenuto anche nell\u2019ambito dell\u2019incontro tecnico sulle malattie del cavallo e mascalcia. \u201cAgrimont \u00e8 una fiera altamente specializzata, che abbraccia tutto il nostro mondo. Esprime segnali positivi in un momento particolarmente delicato anche per il nostro settore alla ricerca di un sostegno fondamentale per far fronte alle necessit\u00e0 dell\u2019ambiente e dei comparti che lo costituiscono\u201d, ha detto Pozzerle, per le prima volta presente a Longarone.<\/p>\n<p>Si \u00e8 parlato anche di tutela delle biodiversit\u00e0 colturali e agronomiche: un\u2019opportunit\u00e0 per le produzioni territoriali in montagna, nel corso del convegno promosso dall\u2019Universit\u00e0 della Montagna di Edolo (BS) e l\u2019Istituto \u201cDella Lucia\u201d di Feltre.<\/p>\n<p>Domani, domenica 24, il programma \u00e8 quanto mai ricco di eventi, a cominciare dal seminario (ore 10) sugli eventi per la promozione dei prodotti tipici agroalimentari, nell\u2019ambito del Master in cultura del cibo e del vino organizzato dall\u2019Universit\u00e0 Ca\u2019 Foscari di Venezia, e dal tradizionale appuntamento (ore 10) con la Giornata dell\u2019apicoltura di montagna promossa da Apidolomiti Servizi. In mattinata il Casel de Mellame di Arsi\u00e8 (Feltre) all\u2019ingresso della fiera presenter\u00e0 con il locale gruppo Giovani aspiranti casari, una dimostrazione pratica di produzione di cotta di formaggio e ricotta realizzata nell\u2019antica cagliera usata \u201cdai nostri avi\u201d.<\/p>\n<p>Un momento particolarmente significativo si avr\u00e0 con la celebrazione della 1. Giornata Europea del Gelato artigianale, riconosciuta dal Parlamento Europeo, e sostenuta da Longarone Fiere Dolomiti. Ospite d\u2019onore sar\u00e0 il famoso attore Andy Luotto, showman dai tempi di \u201cQuelli della Notte\u201d e raffinato chef negli anni pi\u00f9 recenti, il quale dar\u00e0 il via al festeggiamento della Giornata Europea secondo il suo modo di intendere la cucina con i prodotti a chilometro zero.<\/p>\n<p>Dalle 15.30 alle 16.30 i visitatori di Agrimont potranno anche degustare gratuitamente il gelato al gusto \u201cFantasia d\u2019Europa\u201d, che i gelatieri di Artglace, la Federazione Europea delle loro associazioni di categoria nazionali, hanno creato appositamente per questa ricorrenza. Si tratta di un fiordilatte variegato al cioccolato fondente con mandorle pralinate \u2013 spiega Fausto Bortolot, vice-presidente di Artglace, nonch\u00e9 anche vice-presidente di Longarone Fiere \u2013 \u00e8 una novit\u00e0 assoluta e sar\u00e0 distribuito domani in tutte le gelaterie d\u2019Europa che aderiscono a questa nostra iniziativa\u201d.<\/p>\n<p>Nell\u2019ambito della Giornata verr\u00e0 anche emesso l\u2019Annullo filatelico, con cartolina dedicata ai \u201cpionieri della gelateria che dal 1800 partirono dalle vallate bellunesi alla conquista del mondo\u201d, realizzata con la collaborazione del Circolo Filatelico e Numismatico Bellunese.<\/p>\n<p>&nbsp;<\/p>","protected":false},"excerpt":{"rendered":"<p>Si chiude domani, domenica 24 marzo, nel Quartiere di Longarone Fiere Dolomiti la 34. edizione di Agrimont, la fiera dell\u2019agricoltura di montagna, CHE sar\u00e0 aperta dalle 9 alle 19. In fiera sono attesi operatori del mondo agricolo, ma anche famiglie alla ricerca di prodotti e informazioni per la cura dell\u2019orto, del giardino o la raccolta [&hellip;]<\/p>\n","protected":false},"author":2,"featured_media":0,"comment_status":"closed","ping_status":"open","sticky":false,"template":"","format":"standard","meta":{"footnotes":""},"categories":[27,26,8],"tags":[],"class_list":["post-47878","post","type-post","status-publish","format-standard","category-appuntamenti","category-prima-pagina","category-societa-istituzioni"],"yoast_head":"<!-- This site is optimized with the Yoast SEO plugin v28.4 - https:\/\/yoast.com\/product\/yoast-seo-wordpress\/ -->\n<title>Domenica si chiude Agrimont a Longarone fiere - Bellunopress - Dolomiti<\/title>\n<meta name=\"robots\" content=\"index, follow, max-snippet:-1, max-image-preview:large, max-video-preview:-1\" \/>\n<link rel=\"canonical\" href=\"https:\/\/www.bellunopress.it\/fr\/2013\/03\/23\/domenica-si-chiude-agrimont-a-longarone-fiere\/\" \/>\n<meta property=\"og:locale\" content=\"fr_FR\" \/>\n<meta property=\"og:type\" content=\"article\" \/>\n<meta property=\"og:title\" content=\"Domenica si chiude Agrimont a Longarone fiere - Bellunopress - Dolomiti\" \/>\n<meta property=\"og:description\" content=\"Si chiude domani, domenica 24 marzo, nel Quartiere di Longarone Fiere Dolomiti la 34. edizione di Agrimont, la fiera dell\u2019agricoltura di montagna, CHE sar\u00e0 aperta dalle 9 alle 19. In fiera sono attesi operatori del mondo agricolo, ma anche famiglie alla ricerca di prodotti e informazioni per la cura dell\u2019orto, del giardino o la raccolta [&hellip;]\" \/>\n<meta property=\"og:url\" content=\"https:\/\/www.bellunopress.it\/fr\/2013\/03\/23\/domenica-si-chiude-agrimont-a-longarone-fiere\/\" \/>\n<meta property=\"og:site_name\" content=\"Bellunopress - Dolomiti\" \/>\n<meta property=\"article:publisher\" content=\"https:\/\/www.facebook.com\/profile.php?id=100008943462799\" \/>\n<meta property=\"article:published_time\" content=\"2013-03-23T09:08:21+00:00\" \/>\n<meta property=\"article:modified_time\" content=\"2013-03-24T09:11:20+00:00\" \/>\n<meta property=\"og:image\" content=\"http:\/\/www.bellunopress.it\/wp-content\/uploads\/2011\/10\/longarone-fiere-280x210.jpg\" \/>\n<meta name=\"author\" content=\"redazione\" \/>\n<meta name=\"twitter:card\" content=\"summary_large_image\" \/>\n<meta name=\"twitter:creator\" content=\"@bellunopress\" \/>\n<meta name=\"twitter:site\" content=\"@bellunopress\" \/>\n<meta name=\"twitter:label1\" content=\"\u00c9crit par\" \/>\n\t<meta name=\"twitter:data1\" content=\"redazione\" \/>\n\t<meta name=\"twitter:label2\" content=\"Dur\u00e9e de lecture estim\u00e9e\" \/>\n\t<meta name=\"twitter:data2\" content=\"3 minutes\" \/>\n<script type=\"application\/ld+json\" class=\"yoast-schema-graph\">{\"@context\":\"https:\\\/\\\/schema.org\",\"@graph\":[{\"@type\":\"Article\",\"@id\":\"https:\\\/\\\/www.bellunopress.it\\\/2013\\\/03\\\/23\\\/domenica-si-chiude-agrimont-a-longarone-fiere\\\/#article\",\"isPartOf\":{\"@id\":\"https:\\\/\\\/www.bellunopress.it\\\/2013\\\/03\\\/23\\\/domenica-si-chiude-agrimont-a-longarone-fiere\\\/\"},\"author\":{\"name\":\"redazione\",\"@id\":\"https:\\\/\\\/www.bellunopress.it\\\/#\\\/schema\\\/person\\\/79bb06722b37ece1c03d3e94beb30d73\"},\"headline\":\"Domenica si chiude Agrimont a Longarone fiere\",\"datePublished\":\"2013-03-23T09:08:21+00:00\",\"dateModified\":\"2013-03-24T09:11:20+00:00\",\"mainEntityOfPage\":{\"@id\":\"https:\\\/\\\/www.bellunopress.it\\\/2013\\\/03\\\/23\\\/domenica-si-chiude-agrimont-a-longarone-fiere\\\/\"},\"wordCount\":538,\"publisher\":{\"@id\":\"https:\\\/\\\/www.bellunopress.it\\\/#organization\"},\"image\":{\"@id\":\"https:\\\/\\\/www.bellunopress.it\\\/2013\\\/03\\\/23\\\/domenica-si-chiude-agrimont-a-longarone-fiere\\\/#primaryimage\"},\"thumbnailUrl\":\"http:\\\/\\\/www.bellunopress.it\\\/wp-content\\\/uploads\\\/2011\\\/10\\\/longarone-fiere-280x210.jpg\",\"articleSection\":[\"Appuntamenti, Eventi\",\"Prima Pagina\",\"Societ\u00e0, Associazioni, Istituzioni\"],\"inLanguage\":\"fr-FR\"},{\"@type\":\"WebPage\",\"@id\":\"https:\\\/\\\/www.bellunopress.it\\\/2013\\\/03\\\/23\\\/domenica-si-chiude-agrimont-a-longarone-fiere\\\/\",\"url\":\"https:\\\/\\\/www.bellunopress.it\\\/2013\\\/03\\\/23\\\/domenica-si-chiude-agrimont-a-longarone-fiere\\\/\",\"name\":\"Domenica si chiude Agrimont a Longarone fiere - Bellunopress - Dolomiti\",\"isPartOf\":{\"@id\":\"https:\\\/\\\/www.bellunopress.it\\\/#website\"},\"primaryImageOfPage\":{\"@id\":\"https:\\\/\\\/www.bellunopress.it\\\/2013\\\/03\\\/23\\\/domenica-si-chiude-agrimont-a-longarone-fiere\\\/#primaryimage\"},\"image\":{\"@id\":\"https:\\\/\\\/www.bellunopress.it\\\/2013\\\/03\\\/23\\\/domenica-si-chiude-agrimont-a-longarone-fiere\\\/#primaryimage\"},\"thumbnailUrl\":\"http:\\\/\\\/www.bellunopress.it\\\/wp-content\\\/uploads\\\/2011\\\/10\\\/longarone-fiere-280x210.jpg\",\"datePublished\":\"2013-03-23T09:08:21+00:00\",\"dateModified\":\"2013-03-24T09:11:20+00:00\",\"breadcrumb\":{\"@id\":\"https:\\\/\\\/www.bellunopress.it\\\/2013\\\/03\\\/23\\\/domenica-si-chiude-agrimont-a-longarone-fiere\\\/#breadcrumb\"},\"inLanguage\":\"fr-FR\",\"potentialAction\":[{\"@type\":\"ReadAction\",\"target\":[\"https:\\\/\\\/www.bellunopress.it\\\/2013\\\/03\\\/23\\\/domenica-si-chiude-agrimont-a-longarone-fiere\\\/\"]}]},{\"@type\":\"ImageObject\",\"inLanguage\":\"fr-FR\",\"@id\":\"https:\\\/\\\/www.bellunopress.it\\\/2013\\\/03\\\/23\\\/domenica-si-chiude-agrimont-a-longarone-fiere\\\/#primaryimage\",\"url\":\"http:\\\/\\\/www.bellunopress.it\\\/wp-content\\\/uploads\\\/2011\\\/10\\\/longarone-fiere-280x210.jpg\",\"contentUrl\":\"http:\\\/\\\/www.bellunopress.it\\\/wp-content\\\/uploads\\\/2011\\\/10\\\/longarone-fiere-280x210.jpg\"},{\"@type\":\"BreadcrumbList\",\"@id\":\"https:\\\/\\\/www.bellunopress.it\\\/2013\\\/03\\\/23\\\/domenica-si-chiude-agrimont-a-longarone-fiere\\\/#breadcrumb\",\"itemListElement\":[{\"@type\":\"ListItem\",\"position\":1,\"name\":\"Home\",\"item\":\"https:\\\/\\\/www.bellunopress.it\\\/\"},{\"@type\":\"ListItem\",\"position\":2,\"name\":\"Domenica si chiude Agrimont a Longarone fiere\"}]},{\"@type\":\"WebSite\",\"@id\":\"https:\\\/\\\/www.bellunopress.it\\\/#website\",\"url\":\"https:\\\/\\\/www.bellunopress.it\\\/\",\"name\":\"Bellunopress - Dolomiti\",\"description\":\"e-mail: redazione@bellunopress.it\",\"publisher\":{\"@id\":\"https:\\\/\\\/www.bellunopress.it\\\/#organization\"},\"potentialAction\":[{\"@type\":\"SearchAction\",\"target\":{\"@type\":\"EntryPoint\",\"urlTemplate\":\"https:\\\/\\\/www.bellunopress.it\\\/?s={search_term_string}\"},\"query-input\":{\"@type\":\"PropertyValueSpecification\",\"valueRequired\":true,\"valueName\":\"search_term_string\"}}],\"inLanguage\":\"fr-FR\"},{\"@type\":\"Organization\",\"@id\":\"https:\\\/\\\/www.bellunopress.it\\\/#organization\",\"name\":\"Bellunopress\",\"url\":\"https:\\\/\\\/www.bellunopress.it\\\/\",\"logo\":{\"@type\":\"ImageObject\",\"inLanguage\":\"fr-FR\",\"@id\":\"https:\\\/\\\/www.bellunopress.it\\\/#\\\/schema\\\/logo\\\/image\\\/\",\"url\":\"https:\\\/\\\/www.bellunopress.it\\\/wp-content\\\/uploads\\\/2011\\\/05\\\/cropped-logo-bellunopress-.jpg\",\"contentUrl\":\"https:\\\/\\\/www.bellunopress.it\\\/wp-content\\\/uploads\\\/2011\\\/05\\\/cropped-logo-bellunopress-.jpg\",\"width\":512,\"height\":512,\"caption\":\"Bellunopress\"},\"image\":{\"@id\":\"https:\\\/\\\/www.bellunopress.it\\\/#\\\/schema\\\/logo\\\/image\\\/\"},\"sameAs\":[\"https:\\\/\\\/www.facebook.com\\\/profile.php?id=100008943462799\",\"https:\\\/\\\/x.com\\\/bellunopress\",\"https:\\\/\\\/www.linkedin.com\\\/hp\\\/?dnr=JBzUWaJfMUw8vbXJJ2tVW5-I3jZKvC4wsoxE&amp;amp;amp;amp;amp;amp;trk=nav_responsive_tab_home\",\"https:\\\/\\\/www.youtube.com\\\/channel\\\/UCxL0wu1uN0_3_7hGG0306cw\"]},{\"@type\":\"Person\",\"@id\":\"https:\\\/\\\/www.bellunopress.it\\\/#\\\/schema\\\/person\\\/79bb06722b37ece1c03d3e94beb30d73\",\"name\":\"redazione\",\"image\":{\"@type\":\"ImageObject\",\"inLanguage\":\"fr-FR\",\"@id\":\"https:\\\/\\\/secure.gravatar.com\\\/avatar\\\/37d968a2e67a6fd04c169c4bdef102d0bc5d31b2546345219e348575eb80e9a0?s=96&d=mm&r=g\",\"url\":\"https:\\\/\\\/secure.gravatar.com\\\/avatar\\\/37d968a2e67a6fd04c169c4bdef102d0bc5d31b2546345219e348575eb80e9a0?s=96&d=mm&r=g\",\"contentUrl\":\"https:\\\/\\\/secure.gravatar.com\\\/avatar\\\/37d968a2e67a6fd04c169c4bdef102d0bc5d31b2546345219e348575eb80e9a0?s=96&d=mm&r=g\",\"caption\":\"redazione\"},\"sameAs\":[\"http:\\\/\\\/www.bellunopress.it\",\"https:\\\/\\\/x.com\\\/bellunopress\"],\"url\":\"https:\\\/\\\/www.bellunopress.it\\\/fr\\\/author\\\/redazione\\\/\"}]}<\/script>\n<!-- \/ Yoast SEO plugin. -->","yoast_head_json":{"title":"Domenica si chiude Agrimont a Longarone fiere - Bellunopress - Dolomiti","robots":{"index":"index","follow":"follow","max-snippet":"max-snippet:-1","max-image-preview":"max-image-preview:large","max-video-preview":"max-video-preview:-1"},"canonical":"https:\/\/www.bellunopress.it\/fr\/2013\/03\/23\/domenica-si-chiude-agrimont-a-longarone-fiere\/","og_locale":"fr_FR","og_type":"article","og_title":"Domenica si chiude Agrimont a Longarone fiere - Bellunopress - Dolomiti","og_description":"Si chiude domani, domenica 24 marzo, nel Quartiere di Longarone Fiere Dolomiti la 34. edizione di Agrimont, la fiera dell\u2019agricoltura di montagna, CHE sar\u00e0 aperta dalle 9 alle 19. In fiera sono attesi operatori del mondo agricolo, ma anche famiglie alla ricerca di prodotti e informazioni per la cura dell\u2019orto, del giardino o la raccolta [&hellip;]","og_url":"https:\/\/www.bellunopress.it\/fr\/2013\/03\/23\/domenica-si-chiude-agrimont-a-longarone-fiere\/","og_site_name":"Bellunopress - Dolomiti","article_publisher":"https:\/\/www.facebook.com\/profile.php?id=100008943462799","article_published_time":"2013-03-23T09:08:21+00:00","article_modified_time":"2013-03-24T09:11:20+00:00","og_image":[{"url":"http:\/\/www.bellunopress.it\/wp-content\/uploads\/2011\/10\/longarone-fiere-280x210.jpg","type":"","width":"","height":""}],"author":"redazione","twitter_card":"summary_large_image","twitter_creator":"@bellunopress","twitter_site":"@bellunopress","twitter_misc":{"\u00c9crit par":"redazione","Dur\u00e9e de lecture estim\u00e9e":"3 minutes"},"schema":{"@context":"https:\/\/schema.org","@graph":[{"@type":"Article","@id":"https:\/\/www.bellunopress.it\/2013\/03\/23\/domenica-si-chiude-agrimont-a-longarone-fiere\/#article","isPartOf":{"@id":"https:\/\/www.bellunopress.it\/2013\/03\/23\/domenica-si-chiude-agrimont-a-longarone-fiere\/"},"author":{"name":"redazione","@id":"https:\/\/www.bellunopress.it\/#\/schema\/person\/79bb06722b37ece1c03d3e94beb30d73"},"headline":"Domenica si chiude Agrimont a Longarone fiere","datePublished":"2013-03-23T09:08:21+00:00","dateModified":"2013-03-24T09:11:20+00:00","mainEntityOfPage":{"@id":"https:\/\/www.bellunopress.it\/2013\/03\/23\/domenica-si-chiude-agrimont-a-longarone-fiere\/"},"wordCount":538,"publisher":{"@id":"https:\/\/www.bellunopress.it\/#organization"},"image":{"@id":"https:\/\/www.bellunopress.it\/2013\/03\/23\/domenica-si-chiude-agrimont-a-longarone-fiere\/#primaryimage"},"thumbnailUrl":"http:\/\/www.bellunopress.it\/wp-content\/uploads\/2011\/10\/longarone-fiere-280x210.jpg","articleSection":["Appuntamenti, Eventi","Prima Pagina","Societ\u00e0, Associazioni, Istituzioni"],"inLanguage":"fr-FR"},{"@type":"WebPage","@id":"https:\/\/www.bellunopress.it\/2013\/03\/23\/domenica-si-chiude-agrimont-a-longarone-fiere\/","url":"https:\/\/www.bellunopress.it\/2013\/03\/23\/domenica-si-chiude-agrimont-a-longarone-fiere\/","name":"Domenica si chiude Agrimont a Longarone fiere - Bellunopress - Dolomiti","isPartOf":{"@id":"https:\/\/www.bellunopress.it\/#website"},"primaryImageOfPage":{"@id":"https:\/\/www.bellunopress.it\/2013\/03\/23\/domenica-si-chiude-agrimont-a-longarone-fiere\/#primaryimage"},"image":{"@id":"https:\/\/www.bellunopress.it\/2013\/03\/23\/domenica-si-chiude-agrimont-a-longarone-fiere\/#primaryimage"},"thumbnailUrl":"http:\/\/www.bellunopress.it\/wp-content\/uploads\/2011\/10\/longarone-fiere-280x210.jpg","datePublished":"2013-03-23T09:08:21+00:00","dateModified":"2013-03-24T09:11:20+00:00","breadcrumb":{"@id":"https:\/\/www.bellunopress.it\/2013\/03\/23\/domenica-si-chiude-agrimont-a-longarone-fiere\/#breadcrumb"},"inLanguage":"fr-FR","potentialAction":[{"@type":"ReadAction","target":["https:\/\/www.bellunopress.it\/2013\/03\/23\/domenica-si-chiude-agrimont-a-longarone-fiere\/"]}]},{"@type":"ImageObject","inLanguage":"fr-FR","@id":"https:\/\/www.bellunopress.it\/2013\/03\/23\/domenica-si-chiude-agrimont-a-longarone-fiere\/#primaryimage","url":"http:\/\/www.bellunopress.it\/wp-content\/uploads\/2011\/10\/longarone-fiere-280x210.jpg","contentUrl":"http:\/\/www.bellunopress.it\/wp-content\/uploads\/2011\/10\/longarone-fiere-280x210.jpg"},{"@type":"BreadcrumbList","@id":"https:\/\/www.bellunopress.it\/2013\/03\/23\/domenica-si-chiude-agrimont-a-longarone-fiere\/#breadcrumb","itemListElement":[{"@type":"ListItem","position":1,"name":"Home","item":"https:\/\/www.bellunopress.it\/"},{"@type":"ListItem","position":2,"name":"Domenica si chiude Agrimont a Longarone fiere"}]},{"@type":"WebSite","@id":"https:\/\/www.bellunopress.it\/#website","url":"https:\/\/www.bellunopress.it\/","name":"Bellunopress - Dolomiti","description":"e-mail: redazione@bellunopress.it","publisher":{"@id":"https:\/\/www.bellunopress.it\/#organization"},"potentialAction":[{"@type":"SearchAction","target":{"@type":"EntryPoint","urlTemplate":"https:\/\/www.bellunopress.it\/?s={search_term_string}"},"query-input":{"@type":"PropertyValueSpecification","valueRequired":true,"valueName":"search_term_string"}}],"inLanguage":"fr-FR"},{"@type":"Organization","@id":"https:\/\/www.bellunopress.it\/#organization","name":"Bellunopress","url":"https:\/\/www.bellunopress.it\/","logo":{"@type":"ImageObject","inLanguage":"fr-FR","@id":"https:\/\/www.bellunopress.it\/#\/schema\/logo\/image\/","url":"https:\/\/www.bellunopress.it\/wp-content\/uploads\/2011\/05\/cropped-logo-bellunopress-.jpg","contentUrl":"https:\/\/www.bellunopress.it\/wp-content\/uploads\/2011\/05\/cropped-logo-bellunopress-.jpg","width":512,"height":512,"caption":"Bellunopress"},"image":{"@id":"https:\/\/www.bellunopress.it\/#\/schema\/logo\/image\/"},"sameAs":["https:\/\/www.facebook.com\/profile.php?id=100008943462799","https:\/\/x.com\/bellunopress","https:\/\/www.linkedin.com\/hp\/?dnr=JBzUWaJfMUw8vbXJJ2tVW5-I3jZKvC4wsoxE&amp;amp;amp;amp;amp;amp;trk=nav_responsive_tab_home","https:\/\/www.youtube.com\/channel\/UCxL0wu1uN0_3_7hGG0306cw"]},{"@type":"Person","@id":"https:\/\/www.bellunopress.it\/#\/schema\/person\/79bb06722b37ece1c03d3e94beb30d73","name":"r\u00e9daction","image":{"@type":"ImageObject","inLanguage":"fr-FR","@id":"https:\/\/secure.gravatar.com\/avatar\/37d968a2e67a6fd04c169c4bdef102d0bc5d31b2546345219e348575eb80e9a0?s=96&d=mm&r=g","url":"https:\/\/secure.gravatar.com\/avatar\/37d968a2e67a6fd04c169c4bdef102d0bc5d31b2546345219e348575eb80e9a0?s=96&d=mm&r=g","contentUrl":"https:\/\/secure.gravatar.com\/avatar\/37d968a2e67a6fd04c169c4bdef102d0bc5d31b2546345219e348575eb80e9a0?s=96&d=mm&r=g","caption":"redazione"},"sameAs":["http:\/\/www.bellunopress.it","https:\/\/x.com\/bellunopress"],"url":"https:\/\/www.bellunopress.it\/fr\/author\/redazione\/"}]}},"_links":{"self":[{"href":"https:\/\/www.bellunopress.it\/fr\/wp-json\/wp\/v2\/posts\/47878","targetHints":{"allow":["GET"]}}],"collection":[{"href":"https:\/\/www.bellunopress.it\/fr\/wp-json\/wp\/v2\/posts"}],"about":[{"href":"https:\/\/www.bellunopress.it\/fr\/wp-json\/wp\/v2\/types\/post"}],"author":[{"embeddable":true,"href":"https:\/\/www.bellunopress.it\/fr\/wp-json\/wp\/v2\/users\/2"}],"replies":[{"embeddable":true,"href":"https:\/\/www.bellunopress.it\/fr\/wp-json\/wp\/v2\/comments?post=47878"}],"version-history":[{"count":1,"href":"https:\/\/www.bellunopress.it\/fr\/wp-json\/wp\/v2\/posts\/47878\/revisions"}],"predecessor-version":[{"id":47879,"href":"https:\/\/www.bellunopress.it\/fr\/wp-json\/wp\/v2\/posts\/47878\/revisions\/47879"}],"wp:attachment":[{"href":"https:\/\/www.bellunopress.it\/fr\/wp-json\/wp\/v2\/media?parent=47878"}],"wp:term":[{"taxonomy":"category","embeddable":true,"href":"https:\/\/www.bellunopress.it\/fr\/wp-json\/wp\/v2\/categories?post=47878"},{"taxonomy":"post_tag","embeddable":true,"href":"https:\/\/www.bellunopress.it\/fr\/wp-json\/wp\/v2\/tags?post=47878"}],"curies":[{"name":"wp","href":"https:\/\/api.w.org\/{rel}","templated":true}]}}