{"id":47866,"date":"2013-03-24T09:45:41","date_gmt":"2013-03-24T08:45:41","guid":{"rendered":"http:\/\/www.bellunopress.it\/?p=47866"},"modified":"2013-03-24T09:45:41","modified_gmt":"2013-03-24T08:45:41","slug":"approvata-la-legge-ciambetti-per-lunione-di-vas-e-quero","status":"publish","type":"post","link":"https:\/\/www.bellunopress.it\/fr\/2013\/03\/24\/approvata-la-legge-ciambetti-per-lunione-di-vas-e-quero\/","title":{"rendered":"Approvata la &#8220;Legge Ciambetti&#8221; per l&#8217;unione di Vas e Quero"},"content":{"rendered":"<figure id=\"attachment_15094\" aria-describedby=\"caption-attachment-15094\" style=\"width: 109px\" class=\"wp-caption alignleft\"><a href=\"http:\/\/www.bellunopress.it\/wp-content\/uploads\/2010\/05\/roberto-ciambetti.jpg\"><img loading=\"lazy\" decoding=\"async\" class=\"size-full wp-image-15094\" alt=\"Roberto Ciambetti\" src=\"http:\/\/www.bellunopress.it\/wp-content\/uploads\/2010\/05\/roberto-ciambetti.jpg\" width=\"109\" height=\"160\" \/><\/a><figcaption id=\"caption-attachment-15094\" class=\"wp-caption-text\">Roberto Ciambetti<\/figcaption><\/figure>\n<p>Approvando nella notte tra gioved\u00ec e venerd\u00ec scorsi la legge proposta dall\u2019assessore regionale agli Enti locali Roberto Ciambetti, il Consiglio regionale del Veneto ha detto s\u00ec alla fusione dei Comuni bellunesi di Vas e di Quero, i quali sono ora chiamati a organizzare il referendum per chiedere alla cittadinanza di esprimersi in merito.<\/p>\n<p>\u201cIl voto del Consiglio regionale \u2013 spiega Ciambetti \u2013 segna un momento decisivo. Si tratta di una svolta significativa dopo il via libera della Giunta regionale, un segnale importante che coglie il voto espresso dai due Consigli comunali del Feltrino. Questa potrebbe essere la prima fusione realizzata per razionalizzare i servizi, abbattere i costi a carico dei contribuenti, garantendo comunque la qualit\u00e0 e le funzioni dell\u2019ente locale. Di certo, Vas e Quero hanno inaugurato una fase che in Veneto porter\u00e0 a ridisegnare la mappa del territorio lungo una via che per primi questi due Comuni hanno esplorato: siamo davanti a una vera riforma, che nasce dal basso, che ha come protagonisti i cittadini e le istituzioni a loro pi\u00f9 prossime. Unendosi i due Comuni diminuiscono le spese e ci\u00f2 consente di recuperare risorse per migliorare i servizi e dare quindi risposte alla cittadinanza. Meno poltrone, meno burocrazia, pi\u00f9 efficienza\u201d.<\/p>\n<p>L\u2019assessore ha poi rammentato come \u201cla fusione vedr\u00e0 anche un sostegno economico sia dello Stato sia della Regione, che agevola ogni processo di razionalizzazione. Stando al decreto sulla revisione della spesa pubblica, il contributo straordinario previsto dalla normativa nazionale ai municipi che si fondono \u00e8 pari al 20 per cento dei trasferimenti erariali attribuiti nel 2010. Non vanno poi dimenticati i contributi previsti dalla legge regionale n. 18 del 2012 che avevo predisposto proprio per spingere le amministrazioni locali fino a 5.000 abitanti a concentrare uffici e risorse al fine di ottenere risparmi di scala\u201d.<\/p>\n<p>Ora la parola ritorna ai cittadini che dovranno esprimersi con un referendum consultivo. \u201cLa mia speranza \u2013 continua Ciambetti \u2013 \u00e8 che si possa eleggere il nuovo Consiglio comunale nella primavera del 2014, alla naturale scadenza del mandato delle attuali amministrazioni. Questi ultimi passaggi chiudono un percorso iniziato anni or sono, ma che ha gi\u00e0 portato a grandi sinergie tra i due Comuni con risultati veramente importanti, ai quali mi auguro guardino con interesse anche altre amministrazioni. Cito un fatto che \u00e8 indicatore delle opportunit\u00e0 che nascono dalla sinergia e dal lavorare assieme: Vas e Quero, grazie a una campagna comune di informazione e coinvolgimento della cittadinanza, sono riusciti nel volgere di pochissimo tempo a passare dal 60 all\u201985 per cento di raccolta differenziata, un dato a dir poco nordeuropeo, dimostrando un livello singolare di efficienza e qualit\u00e0\u201d.<\/p>\n<p>\u201cAnche in Polesine \u2013 ha concluso l\u2019assessore \u2013 sei Comuni hanno avviato un percorso di fusione e l\u2019esperienza feltrina \u00e8 per loro un punto di riferimento. Da parte mia la soddisfazione di aver contribuito a questo processo con leggi che ho proposto grazie alla collaborazione della Direzione regionale degli Enti locali. Ma i veri protagonisti della svolta sono stati e sono, e ci\u00f2 non va dimenticato, i due sindaci di Vas e Quero, i consigli comunali dei due centri e la popolazione che ha compreso e colto lo spirito dei tempi\u201d.<\/p>\n<p>&nbsp;<\/p>\n<p>&nbsp;<\/p>","protected":false},"excerpt":{"rendered":"<p>Approvando nella notte tra gioved\u00ec e venerd\u00ec scorsi la legge proposta dall\u2019assessore regionale agli Enti locali Roberto Ciambetti, il Consiglio regionale del Veneto ha detto s\u00ec alla fusione dei Comuni bellunesi di Vas e di Quero, i quali sono ora chiamati a organizzare il referendum per chiedere alla cittadinanza di esprimersi in merito. \u201cIl voto [&hellip;]<\/p>\n","protected":false},"author":2,"featured_media":0,"comment_status":"closed","ping_status":"open","sticky":false,"template":"","format":"standard","meta":{"footnotes":""},"categories":[5,26],"tags":[],"class_list":["post-47866","post","type-post","status-publish","format-standard","category-cronaca","category-prima-pagina"],"yoast_head":"<!-- This site is optimized with the Yoast SEO plugin v28.4 - https:\/\/yoast.com\/product\/yoast-seo-wordpress\/ -->\n<title>Approvata la &quot;Legge Ciambetti&quot; per l&#039;unione di Vas e Quero - Bellunopress - Dolomiti<\/title>\n<meta name=\"robots\" content=\"index, follow, max-snippet:-1, max-image-preview:large, max-video-preview:-1\" \/>\n<link rel=\"canonical\" href=\"https:\/\/www.bellunopress.it\/fr\/2013\/03\/24\/approvata-la-legge-ciambetti-per-lunione-di-vas-e-quero\/\" \/>\n<meta property=\"og:locale\" content=\"fr_FR\" \/>\n<meta property=\"og:type\" content=\"article\" \/>\n<meta property=\"og:title\" content=\"Approvata la &quot;Legge Ciambetti&quot; per l&#039;unione di Vas e Quero - Bellunopress - Dolomiti\" \/>\n<meta property=\"og:description\" content=\"Approvando nella notte tra gioved\u00ec e venerd\u00ec scorsi la legge proposta dall\u2019assessore regionale agli Enti locali Roberto Ciambetti, il Consiglio regionale del Veneto ha detto s\u00ec alla fusione dei Comuni bellunesi di Vas e di Quero, i quali sono ora chiamati a organizzare il referendum per chiedere alla cittadinanza di esprimersi in merito. \u201cIl voto [&hellip;]\" \/>\n<meta property=\"og:url\" content=\"https:\/\/www.bellunopress.it\/fr\/2013\/03\/24\/approvata-la-legge-ciambetti-per-lunione-di-vas-e-quero\/\" \/>\n<meta property=\"og:site_name\" content=\"Bellunopress - Dolomiti\" \/>\n<meta property=\"article:publisher\" content=\"https:\/\/www.facebook.com\/profile.php?id=100008943462799\" \/>\n<meta property=\"article:published_time\" content=\"2013-03-24T08:45:41+00:00\" \/>\n<meta property=\"og:image\" content=\"http:\/\/www.bellunopress.it\/wp-content\/uploads\/2010\/05\/roberto-ciambetti.jpg\" \/>\n<meta name=\"author\" content=\"redazione\" \/>\n<meta name=\"twitter:card\" content=\"summary_large_image\" \/>\n<meta name=\"twitter:creator\" content=\"@bellunopress\" \/>\n<meta name=\"twitter:site\" content=\"@bellunopress\" \/>\n<meta name=\"twitter:label1\" content=\"\u00c9crit par\" \/>\n\t<meta name=\"twitter:data1\" content=\"redazione\" \/>\n\t<meta name=\"twitter:label2\" content=\"Dur\u00e9e de lecture estim\u00e9e\" \/>\n\t<meta name=\"twitter:data2\" content=\"3 minutes\" \/>\n<script type=\"application\/ld+json\" class=\"yoast-schema-graph\">{\"@context\":\"https:\\\/\\\/schema.org\",\"@graph\":[{\"@type\":\"Article\",\"@id\":\"https:\\\/\\\/www.bellunopress.it\\\/2013\\\/03\\\/24\\\/approvata-la-legge-ciambetti-per-lunione-di-vas-e-quero\\\/#article\",\"isPartOf\":{\"@id\":\"https:\\\/\\\/www.bellunopress.it\\\/2013\\\/03\\\/24\\\/approvata-la-legge-ciambetti-per-lunione-di-vas-e-quero\\\/\"},\"author\":{\"name\":\"redazione\",\"@id\":\"https:\\\/\\\/www.bellunopress.it\\\/#\\\/schema\\\/person\\\/79bb06722b37ece1c03d3e94beb30d73\"},\"headline\":\"Approvata la &#8220;Legge Ciambetti&#8221; per l&#8217;unione di Vas e Quero\",\"datePublished\":\"2013-03-24T08:45:41+00:00\",\"mainEntityOfPage\":{\"@id\":\"https:\\\/\\\/www.bellunopress.it\\\/2013\\\/03\\\/24\\\/approvata-la-legge-ciambetti-per-lunione-di-vas-e-quero\\\/\"},\"wordCount\":536,\"publisher\":{\"@id\":\"https:\\\/\\\/www.bellunopress.it\\\/#organization\"},\"image\":{\"@id\":\"https:\\\/\\\/www.bellunopress.it\\\/2013\\\/03\\\/24\\\/approvata-la-legge-ciambetti-per-lunione-di-vas-e-quero\\\/#primaryimage\"},\"thumbnailUrl\":\"http:\\\/\\\/www.bellunopress.it\\\/wp-content\\\/uploads\\\/2010\\\/05\\\/roberto-ciambetti.jpg\",\"articleSection\":[\"Cronaca\\\/Politica\",\"Prima Pagina\"],\"inLanguage\":\"fr-FR\"},{\"@type\":\"WebPage\",\"@id\":\"https:\\\/\\\/www.bellunopress.it\\\/2013\\\/03\\\/24\\\/approvata-la-legge-ciambetti-per-lunione-di-vas-e-quero\\\/\",\"url\":\"https:\\\/\\\/www.bellunopress.it\\\/2013\\\/03\\\/24\\\/approvata-la-legge-ciambetti-per-lunione-di-vas-e-quero\\\/\",\"name\":\"Approvata la \\\"Legge Ciambetti\\\" per l'unione di Vas e Quero - Bellunopress - Dolomiti\",\"isPartOf\":{\"@id\":\"https:\\\/\\\/www.bellunopress.it\\\/#website\"},\"primaryImageOfPage\":{\"@id\":\"https:\\\/\\\/www.bellunopress.it\\\/2013\\\/03\\\/24\\\/approvata-la-legge-ciambetti-per-lunione-di-vas-e-quero\\\/#primaryimage\"},\"image\":{\"@id\":\"https:\\\/\\\/www.bellunopress.it\\\/2013\\\/03\\\/24\\\/approvata-la-legge-ciambetti-per-lunione-di-vas-e-quero\\\/#primaryimage\"},\"thumbnailUrl\":\"http:\\\/\\\/www.bellunopress.it\\\/wp-content\\\/uploads\\\/2010\\\/05\\\/roberto-ciambetti.jpg\",\"datePublished\":\"2013-03-24T08:45:41+00:00\",\"breadcrumb\":{\"@id\":\"https:\\\/\\\/www.bellunopress.it\\\/2013\\\/03\\\/24\\\/approvata-la-legge-ciambetti-per-lunione-di-vas-e-quero\\\/#breadcrumb\"},\"inLanguage\":\"fr-FR\",\"potentialAction\":[{\"@type\":\"ReadAction\",\"target\":[\"https:\\\/\\\/www.bellunopress.it\\\/2013\\\/03\\\/24\\\/approvata-la-legge-ciambetti-per-lunione-di-vas-e-quero\\\/\"]}]},{\"@type\":\"ImageObject\",\"inLanguage\":\"fr-FR\",\"@id\":\"https:\\\/\\\/www.bellunopress.it\\\/2013\\\/03\\\/24\\\/approvata-la-legge-ciambetti-per-lunione-di-vas-e-quero\\\/#primaryimage\",\"url\":\"http:\\\/\\\/www.bellunopress.it\\\/wp-content\\\/uploads\\\/2010\\\/05\\\/roberto-ciambetti.jpg\",\"contentUrl\":\"http:\\\/\\\/www.bellunopress.it\\\/wp-content\\\/uploads\\\/2010\\\/05\\\/roberto-ciambetti.jpg\"},{\"@type\":\"BreadcrumbList\",\"@id\":\"https:\\\/\\\/www.bellunopress.it\\\/2013\\\/03\\\/24\\\/approvata-la-legge-ciambetti-per-lunione-di-vas-e-quero\\\/#breadcrumb\",\"itemListElement\":[{\"@type\":\"ListItem\",\"position\":1,\"name\":\"Home\",\"item\":\"https:\\\/\\\/www.bellunopress.it\\\/\"},{\"@type\":\"ListItem\",\"position\":2,\"name\":\"Approvata la &#8220;Legge Ciambetti&#8221; per l&#8217;unione di Vas e Quero\"}]},{\"@type\":\"WebSite\",\"@id\":\"https:\\\/\\\/www.bellunopress.it\\\/#website\",\"url\":\"https:\\\/\\\/www.bellunopress.it\\\/\",\"name\":\"Bellunopress - Dolomiti\",\"description\":\"e-mail: redazione@bellunopress.it\",\"publisher\":{\"@id\":\"https:\\\/\\\/www.bellunopress.it\\\/#organization\"},\"potentialAction\":[{\"@type\":\"SearchAction\",\"target\":{\"@type\":\"EntryPoint\",\"urlTemplate\":\"https:\\\/\\\/www.bellunopress.it\\\/?s={search_term_string}\"},\"query-input\":{\"@type\":\"PropertyValueSpecification\",\"valueRequired\":true,\"valueName\":\"search_term_string\"}}],\"inLanguage\":\"fr-FR\"},{\"@type\":\"Organization\",\"@id\":\"https:\\\/\\\/www.bellunopress.it\\\/#organization\",\"name\":\"Bellunopress\",\"url\":\"https:\\\/\\\/www.bellunopress.it\\\/\",\"logo\":{\"@type\":\"ImageObject\",\"inLanguage\":\"fr-FR\",\"@id\":\"https:\\\/\\\/www.bellunopress.it\\\/#\\\/schema\\\/logo\\\/image\\\/\",\"url\":\"https:\\\/\\\/www.bellunopress.it\\\/wp-content\\\/uploads\\\/2011\\\/05\\\/cropped-logo-bellunopress-.jpg\",\"contentUrl\":\"https:\\\/\\\/www.bellunopress.it\\\/wp-content\\\/uploads\\\/2011\\\/05\\\/cropped-logo-bellunopress-.jpg\",\"width\":512,\"height\":512,\"caption\":\"Bellunopress\"},\"image\":{\"@id\":\"https:\\\/\\\/www.bellunopress.it\\\/#\\\/schema\\\/logo\\\/image\\\/\"},\"sameAs\":[\"https:\\\/\\\/www.facebook.com\\\/profile.php?id=100008943462799\",\"https:\\\/\\\/x.com\\\/bellunopress\",\"https:\\\/\\\/www.linkedin.com\\\/hp\\\/?dnr=JBzUWaJfMUw8vbXJJ2tVW5-I3jZKvC4wsoxE&amp;amp;amp;amp;amp;amp;trk=nav_responsive_tab_home\",\"https:\\\/\\\/www.youtube.com\\\/channel\\\/UCxL0wu1uN0_3_7hGG0306cw\"]},{\"@type\":\"Person\",\"@id\":\"https:\\\/\\\/www.bellunopress.it\\\/#\\\/schema\\\/person\\\/79bb06722b37ece1c03d3e94beb30d73\",\"name\":\"redazione\",\"image\":{\"@type\":\"ImageObject\",\"inLanguage\":\"fr-FR\",\"@id\":\"https:\\\/\\\/secure.gravatar.com\\\/avatar\\\/37d968a2e67a6fd04c169c4bdef102d0bc5d31b2546345219e348575eb80e9a0?s=96&d=mm&r=g\",\"url\":\"https:\\\/\\\/secure.gravatar.com\\\/avatar\\\/37d968a2e67a6fd04c169c4bdef102d0bc5d31b2546345219e348575eb80e9a0?s=96&d=mm&r=g\",\"contentUrl\":\"https:\\\/\\\/secure.gravatar.com\\\/avatar\\\/37d968a2e67a6fd04c169c4bdef102d0bc5d31b2546345219e348575eb80e9a0?s=96&d=mm&r=g\",\"caption\":\"redazione\"},\"sameAs\":[\"http:\\\/\\\/www.bellunopress.it\",\"https:\\\/\\\/x.com\\\/bellunopress\"],\"url\":\"https:\\\/\\\/www.bellunopress.it\\\/fr\\\/author\\\/redazione\\\/\"}]}<\/script>\n<!-- \/ Yoast SEO plugin. -->","yoast_head_json":{"title":"Approvata la \"Legge Ciambetti\" per l'unione di Vas e Quero - Bellunopress - Dolomiti","robots":{"index":"index","follow":"follow","max-snippet":"max-snippet:-1","max-image-preview":"max-image-preview:large","max-video-preview":"max-video-preview:-1"},"canonical":"https:\/\/www.bellunopress.it\/fr\/2013\/03\/24\/approvata-la-legge-ciambetti-per-lunione-di-vas-e-quero\/","og_locale":"fr_FR","og_type":"article","og_title":"Approvata la \"Legge Ciambetti\" per l'unione di Vas e Quero - Bellunopress - Dolomiti","og_description":"Approvando nella notte tra gioved\u00ec e venerd\u00ec scorsi la legge proposta dall\u2019assessore regionale agli Enti locali Roberto Ciambetti, il Consiglio regionale del Veneto ha detto s\u00ec alla fusione dei Comuni bellunesi di Vas e di Quero, i quali sono ora chiamati a organizzare il referendum per chiedere alla cittadinanza di esprimersi in merito. \u201cIl voto [&hellip;]","og_url":"https:\/\/www.bellunopress.it\/fr\/2013\/03\/24\/approvata-la-legge-ciambetti-per-lunione-di-vas-e-quero\/","og_site_name":"Bellunopress - Dolomiti","article_publisher":"https:\/\/www.facebook.com\/profile.php?id=100008943462799","article_published_time":"2013-03-24T08:45:41+00:00","og_image":[{"url":"http:\/\/www.bellunopress.it\/wp-content\/uploads\/2010\/05\/roberto-ciambetti.jpg","type":"","width":"","height":""}],"author":"redazione","twitter_card":"summary_large_image","twitter_creator":"@bellunopress","twitter_site":"@bellunopress","twitter_misc":{"\u00c9crit par":"redazione","Dur\u00e9e de lecture estim\u00e9e":"3 minutes"},"schema":{"@context":"https:\/\/schema.org","@graph":[{"@type":"Article","@id":"https:\/\/www.bellunopress.it\/2013\/03\/24\/approvata-la-legge-ciambetti-per-lunione-di-vas-e-quero\/#article","isPartOf":{"@id":"https:\/\/www.bellunopress.it\/2013\/03\/24\/approvata-la-legge-ciambetti-per-lunione-di-vas-e-quero\/"},"author":{"name":"redazione","@id":"https:\/\/www.bellunopress.it\/#\/schema\/person\/79bb06722b37ece1c03d3e94beb30d73"},"headline":"Approvata la &#8220;Legge Ciambetti&#8221; per l&#8217;unione di Vas e Quero","datePublished":"2013-03-24T08:45:41+00:00","mainEntityOfPage":{"@id":"https:\/\/www.bellunopress.it\/2013\/03\/24\/approvata-la-legge-ciambetti-per-lunione-di-vas-e-quero\/"},"wordCount":536,"publisher":{"@id":"https:\/\/www.bellunopress.it\/#organization"},"image":{"@id":"https:\/\/www.bellunopress.it\/2013\/03\/24\/approvata-la-legge-ciambetti-per-lunione-di-vas-e-quero\/#primaryimage"},"thumbnailUrl":"http:\/\/www.bellunopress.it\/wp-content\/uploads\/2010\/05\/roberto-ciambetti.jpg","articleSection":["Cronaca\/Politica","Prima Pagina"],"inLanguage":"fr-FR"},{"@type":"WebPage","@id":"https:\/\/www.bellunopress.it\/2013\/03\/24\/approvata-la-legge-ciambetti-per-lunione-di-vas-e-quero\/","url":"https:\/\/www.bellunopress.it\/2013\/03\/24\/approvata-la-legge-ciambetti-per-lunione-di-vas-e-quero\/","name":"Approvata la \"Legge Ciambetti\" per l'unione di Vas e Quero - Bellunopress - Dolomiti","isPartOf":{"@id":"https:\/\/www.bellunopress.it\/#website"},"primaryImageOfPage":{"@id":"https:\/\/www.bellunopress.it\/2013\/03\/24\/approvata-la-legge-ciambetti-per-lunione-di-vas-e-quero\/#primaryimage"},"image":{"@id":"https:\/\/www.bellunopress.it\/2013\/03\/24\/approvata-la-legge-ciambetti-per-lunione-di-vas-e-quero\/#primaryimage"},"thumbnailUrl":"http:\/\/www.bellunopress.it\/wp-content\/uploads\/2010\/05\/roberto-ciambetti.jpg","datePublished":"2013-03-24T08:45:41+00:00","breadcrumb":{"@id":"https:\/\/www.bellunopress.it\/2013\/03\/24\/approvata-la-legge-ciambetti-per-lunione-di-vas-e-quero\/#breadcrumb"},"inLanguage":"fr-FR","potentialAction":[{"@type":"ReadAction","target":["https:\/\/www.bellunopress.it\/2013\/03\/24\/approvata-la-legge-ciambetti-per-lunione-di-vas-e-quero\/"]}]},{"@type":"ImageObject","inLanguage":"fr-FR","@id":"https:\/\/www.bellunopress.it\/2013\/03\/24\/approvata-la-legge-ciambetti-per-lunione-di-vas-e-quero\/#primaryimage","url":"http:\/\/www.bellunopress.it\/wp-content\/uploads\/2010\/05\/roberto-ciambetti.jpg","contentUrl":"http:\/\/www.bellunopress.it\/wp-content\/uploads\/2010\/05\/roberto-ciambetti.jpg"},{"@type":"BreadcrumbList","@id":"https:\/\/www.bellunopress.it\/2013\/03\/24\/approvata-la-legge-ciambetti-per-lunione-di-vas-e-quero\/#breadcrumb","itemListElement":[{"@type":"ListItem","position":1,"name":"Home","item":"https:\/\/www.bellunopress.it\/"},{"@type":"ListItem","position":2,"name":"Approvata la &#8220;Legge Ciambetti&#8221; per l&#8217;unione di Vas e Quero"}]},{"@type":"WebSite","@id":"https:\/\/www.bellunopress.it\/#website","url":"https:\/\/www.bellunopress.it\/","name":"Bellunopress - Dolomiti","description":"e-mail: redazione@bellunopress.it","publisher":{"@id":"https:\/\/www.bellunopress.it\/#organization"},"potentialAction":[{"@type":"SearchAction","target":{"@type":"EntryPoint","urlTemplate":"https:\/\/www.bellunopress.it\/?s={search_term_string}"},"query-input":{"@type":"PropertyValueSpecification","valueRequired":true,"valueName":"search_term_string"}}],"inLanguage":"fr-FR"},{"@type":"Organization","@id":"https:\/\/www.bellunopress.it\/#organization","name":"Bellunopress","url":"https:\/\/www.bellunopress.it\/","logo":{"@type":"ImageObject","inLanguage":"fr-FR","@id":"https:\/\/www.bellunopress.it\/#\/schema\/logo\/image\/","url":"https:\/\/www.bellunopress.it\/wp-content\/uploads\/2011\/05\/cropped-logo-bellunopress-.jpg","contentUrl":"https:\/\/www.bellunopress.it\/wp-content\/uploads\/2011\/05\/cropped-logo-bellunopress-.jpg","width":512,"height":512,"caption":"Bellunopress"},"image":{"@id":"https:\/\/www.bellunopress.it\/#\/schema\/logo\/image\/"},"sameAs":["https:\/\/www.facebook.com\/profile.php?id=100008943462799","https:\/\/x.com\/bellunopress","https:\/\/www.linkedin.com\/hp\/?dnr=JBzUWaJfMUw8vbXJJ2tVW5-I3jZKvC4wsoxE&amp;amp;amp;amp;amp;amp;trk=nav_responsive_tab_home","https:\/\/www.youtube.com\/channel\/UCxL0wu1uN0_3_7hGG0306cw"]},{"@type":"Person","@id":"https:\/\/www.bellunopress.it\/#\/schema\/person\/79bb06722b37ece1c03d3e94beb30d73","name":"r\u00e9daction","image":{"@type":"ImageObject","inLanguage":"fr-FR","@id":"https:\/\/secure.gravatar.com\/avatar\/37d968a2e67a6fd04c169c4bdef102d0bc5d31b2546345219e348575eb80e9a0?s=96&d=mm&r=g","url":"https:\/\/secure.gravatar.com\/avatar\/37d968a2e67a6fd04c169c4bdef102d0bc5d31b2546345219e348575eb80e9a0?s=96&d=mm&r=g","contentUrl":"https:\/\/secure.gravatar.com\/avatar\/37d968a2e67a6fd04c169c4bdef102d0bc5d31b2546345219e348575eb80e9a0?s=96&d=mm&r=g","caption":"redazione"},"sameAs":["http:\/\/www.bellunopress.it","https:\/\/x.com\/bellunopress"],"url":"https:\/\/www.bellunopress.it\/fr\/author\/redazione\/"}]}},"_links":{"self":[{"href":"https:\/\/www.bellunopress.it\/fr\/wp-json\/wp\/v2\/posts\/47866","targetHints":{"allow":["GET"]}}],"collection":[{"href":"https:\/\/www.bellunopress.it\/fr\/wp-json\/wp\/v2\/posts"}],"about":[{"href":"https:\/\/www.bellunopress.it\/fr\/wp-json\/wp\/v2\/types\/post"}],"author":[{"embeddable":true,"href":"https:\/\/www.bellunopress.it\/fr\/wp-json\/wp\/v2\/users\/2"}],"replies":[{"embeddable":true,"href":"https:\/\/www.bellunopress.it\/fr\/wp-json\/wp\/v2\/comments?post=47866"}],"version-history":[{"count":1,"href":"https:\/\/www.bellunopress.it\/fr\/wp-json\/wp\/v2\/posts\/47866\/revisions"}],"predecessor-version":[{"id":47867,"href":"https:\/\/www.bellunopress.it\/fr\/wp-json\/wp\/v2\/posts\/47866\/revisions\/47867"}],"wp:attachment":[{"href":"https:\/\/www.bellunopress.it\/fr\/wp-json\/wp\/v2\/media?parent=47866"}],"wp:term":[{"taxonomy":"category","embeddable":true,"href":"https:\/\/www.bellunopress.it\/fr\/wp-json\/wp\/v2\/categories?post=47866"},{"taxonomy":"post_tag","embeddable":true,"href":"https:\/\/www.bellunopress.it\/fr\/wp-json\/wp\/v2\/tags?post=47866"}],"curies":[{"name":"wp","href":"https:\/\/api.w.org\/{rel}","templated":true}]}}