{"id":47864,"date":"2013-03-23T19:35:44","date_gmt":"2013-03-23T18:35:44","guid":{"rendered":"http:\/\/www.bellunopress.it\/?p=47864"},"modified":"2013-03-23T19:35:44","modified_gmt":"2013-03-23T18:35:44","slug":"si-chiude-domani-domenica-24-marzo-la-settimana-dellambiente-veneto-visitabile-il-centro-neve-e-valanghe-di-arabba","status":"publish","type":"post","link":"https:\/\/www.bellunopress.it\/fr\/2013\/03\/23\/si-chiude-domani-domenica-24-marzo-la-settimana-dellambiente-veneto-visitabile-il-centro-neve-e-valanghe-di-arabba\/","title":{"rendered":"Si chiude domani, domenica 24 marzo la Settimana dell&#8217;ambiente veneto. Visitabile il centro neve e valanghe di Arabba"},"content":{"rendered":"<figure id=\"attachment_22951\" aria-describedby=\"caption-attachment-22951\" style=\"width: 121px\" class=\"wp-caption alignleft\"><a href=\"http:\/\/www.bellunopress.it\/wp-content\/uploads\/2011\/01\/Maurizio-Conte-150x121.jpg\"><img loading=\"lazy\" decoding=\"async\" class=\"size-full wp-image-22951\" alt=\"Maurizio Conte\" src=\"http:\/\/www.bellunopress.it\/wp-content\/uploads\/2011\/01\/Maurizio-Conte-150x121.jpg\" width=\"121\" height=\"150\" \/><\/a><figcaption id=\"caption-attachment-22951\" class=\"wp-caption-text\">Maurizio Conte<\/figcaption><\/figure>\n<p>Conclusa la sinergia con il SEP-Salone Internazionale dedicato all\u2019ambiente che si \u00e8 chiuso ieri in Fiera a Padova, anche la \u201cSettimana dell\u2019Ambiente Veneto\u201d promossa dalla Regione termina domani il suo programma di iniziative. La manifestazione si \u00e8 articolata sia in momenti di studio e discussione attraverso una serie di convegni e tavole rotonde; sia in visite a impianti e siti a valenza ambientale presenti sul territorio regionale.<\/p>\n<p>\u201cIn questa settimana \u2013 evidenzia l\u2019assessore regionale alle politiche ambientali Maurizio Conte \u2013 la Regione ha fatto da guida, con particolare attenzione al mondo della scuola, alla scoperta dei luoghi e delle azioni con cui preserviamo le risorse naturali del Veneto. Sono stati aperti al pubblico oltre cinquanta siti dedicati alla tutela dal rischio idrogeologico, alla gestione del nostro patrimonio idrico o al recupero dei rifiuti. Abbiamo indetto anche la prima edizione del concorso fotografico per le scuole \u2018Scatta l\u2019Ambiente\u2019. L\u2019obiettivo \u00e8 di rendere tutti pi\u00f9 consapevoli della strada che dobbiamo fare insieme per garantire al Veneto un futuro eco-sostenibile\u201d.<\/p>\n<p>Nell\u2019ambito della manifestazione i siti visitabili domenica 24 marzo sono:<\/p>\n<p>\u2022 Giardino vegetazionale Astego \u2014 On\u00e8 di Crespano del Grappa (TV);<\/p>\n<p>\u2022 ARPAV Centro neve e valanghe \u2014 Arabba (BL);<\/p>\n<p>\u2022 ARPAV Centro meteorologico Teolo (PD);<\/p>\n<p>\u2022 Bosco del Tartaro (VR);<\/p>\n<p>\u2022 Oasi Lycaena di Salzano (VE);<\/p>\n<p>\u2022 Risorgive Povegliano Veronese (VR);<\/p>\n<p>\u2022 Oasi naturalistica C\u00e0 di Mezzo di Codevigo (PD);<\/p>\n<p>\u2022 Museo della bonifica di San Dona\u2019 di Piave (VE);<\/p>\n<p>\u2022 Museo regionale della bonifica C\u00e0 Vendramin di Taglio di Po (RO);<\/p>\n<p>\u2022 Centro operativo polifunzionale Nichesola Rigo Caprino Veronese (VR);<\/p>\n<p>\u2022 Sorgente dell\u2019acquedotto di Schievenin (TV);<\/p>\n<p>\u2022 Centrali idroelettriche e antiche prese irrigue Localit\u00e0 San Lazzaro di Bassano del Grappa (VI).<\/p>\n<p>&nbsp;<\/p>\n<p>&nbsp;<\/p>","protected":false},"excerpt":{"rendered":"<p>Conclusa la sinergia con il SEP-Salone Internazionale dedicato all\u2019ambiente che si \u00e8 chiuso ieri in Fiera a Padova, anche la \u201cSettimana dell\u2019Ambiente Veneto\u201d promossa dalla Regione termina domani il suo programma di iniziative. La manifestazione si \u00e8 articolata sia in momenti di studio e discussione attraverso una serie di convegni e tavole rotonde; sia in [&hellip;]<\/p>\n","protected":false},"author":2,"featured_media":0,"comment_status":"closed","ping_status":"open","sticky":false,"template":"","format":"standard","meta":{"footnotes":""},"categories":[5,38],"tags":[],"class_list":["post-47864","post","type-post","status-publish","format-standard","category-cronaca","category-natura-ambiente"],"yoast_head":"<!-- This site is optimized with the Yoast SEO plugin v28.4 - https:\/\/yoast.com\/product\/yoast-seo-wordpress\/ -->\n<title>Si chiude domani, domenica 24 marzo la Settimana dell&#039;ambiente veneto. Visitabile il centro neve e valanghe di Arabba  - Bellunopress - Dolomiti<\/title>\n<meta name=\"robots\" content=\"index, follow, max-snippet:-1, max-image-preview:large, max-video-preview:-1\" \/>\n<link rel=\"canonical\" href=\"https:\/\/www.bellunopress.it\/fr\/2013\/03\/23\/si-chiude-domani-domenica-24-marzo-la-settimana-dellambiente-veneto-visitabile-il-centro-neve-e-valanghe-di-arabba\/\" \/>\n<meta property=\"og:locale\" content=\"fr_FR\" \/>\n<meta property=\"og:type\" content=\"article\" \/>\n<meta property=\"og:title\" content=\"Si chiude domani, domenica 24 marzo la Settimana dell&#039;ambiente veneto. Visitabile il centro neve e valanghe di Arabba  - Bellunopress - Dolomiti\" \/>\n<meta property=\"og:description\" content=\"Conclusa la sinergia con il SEP-Salone Internazionale dedicato all\u2019ambiente che si \u00e8 chiuso ieri in Fiera a Padova, anche la \u201cSettimana dell\u2019Ambiente Veneto\u201d promossa dalla Regione termina domani il suo programma di iniziative. La manifestazione si \u00e8 articolata sia in momenti di studio e discussione attraverso una serie di convegni e tavole rotonde; sia in [&hellip;]\" \/>\n<meta property=\"og:url\" content=\"https:\/\/www.bellunopress.it\/fr\/2013\/03\/23\/si-chiude-domani-domenica-24-marzo-la-settimana-dellambiente-veneto-visitabile-il-centro-neve-e-valanghe-di-arabba\/\" \/>\n<meta property=\"og:site_name\" content=\"Bellunopress - Dolomiti\" \/>\n<meta property=\"article:publisher\" content=\"https:\/\/www.facebook.com\/profile.php?id=100008943462799\" \/>\n<meta property=\"article:published_time\" content=\"2013-03-23T18:35:44+00:00\" \/>\n<meta property=\"og:image\" content=\"http:\/\/www.bellunopress.it\/wp-content\/uploads\/2011\/01\/Maurizio-Conte-150x121.jpg\" \/>\n<meta name=\"author\" content=\"redazione\" \/>\n<meta name=\"twitter:card\" content=\"summary_large_image\" \/>\n<meta name=\"twitter:creator\" content=\"@bellunopress\" \/>\n<meta name=\"twitter:site\" content=\"@bellunopress\" \/>\n<meta name=\"twitter:label1\" content=\"\u00c9crit par\" \/>\n\t<meta name=\"twitter:data1\" content=\"redazione\" \/>\n\t<meta name=\"twitter:label2\" content=\"Dur\u00e9e de lecture estim\u00e9e\" \/>\n\t<meta name=\"twitter:data2\" content=\"1 minute\" \/>\n<script type=\"application\/ld+json\" class=\"yoast-schema-graph\">{\"@context\":\"https:\\\/\\\/schema.org\",\"@graph\":[{\"@type\":\"Article\",\"@id\":\"https:\\\/\\\/www.bellunopress.it\\\/2013\\\/03\\\/23\\\/si-chiude-domani-domenica-24-marzo-la-settimana-dellambiente-veneto-visitabile-il-centro-neve-e-valanghe-di-arabba\\\/#article\",\"isPartOf\":{\"@id\":\"https:\\\/\\\/www.bellunopress.it\\\/2013\\\/03\\\/23\\\/si-chiude-domani-domenica-24-marzo-la-settimana-dellambiente-veneto-visitabile-il-centro-neve-e-valanghe-di-arabba\\\/\"},\"author\":{\"name\":\"redazione\",\"@id\":\"https:\\\/\\\/www.bellunopress.it\\\/#\\\/schema\\\/person\\\/79bb06722b37ece1c03d3e94beb30d73\"},\"headline\":\"Si chiude domani, domenica 24 marzo la Settimana dell&#8217;ambiente veneto. Visitabile il centro neve e valanghe di Arabba\",\"datePublished\":\"2013-03-23T18:35:44+00:00\",\"mainEntityOfPage\":{\"@id\":\"https:\\\/\\\/www.bellunopress.it\\\/2013\\\/03\\\/23\\\/si-chiude-domani-domenica-24-marzo-la-settimana-dellambiente-veneto-visitabile-il-centro-neve-e-valanghe-di-arabba\\\/\"},\"wordCount\":296,\"publisher\":{\"@id\":\"https:\\\/\\\/www.bellunopress.it\\\/#organization\"},\"image\":{\"@id\":\"https:\\\/\\\/www.bellunopress.it\\\/2013\\\/03\\\/23\\\/si-chiude-domani-domenica-24-marzo-la-settimana-dellambiente-veneto-visitabile-il-centro-neve-e-valanghe-di-arabba\\\/#primaryimage\"},\"thumbnailUrl\":\"http:\\\/\\\/www.bellunopress.it\\\/wp-content\\\/uploads\\\/2011\\\/01\\\/Maurizio-Conte-150x121.jpg\",\"articleSection\":[\"Cronaca\\\/Politica\",\"Meteo, natura, ambiente, animali\"],\"inLanguage\":\"fr-FR\"},{\"@type\":\"WebPage\",\"@id\":\"https:\\\/\\\/www.bellunopress.it\\\/2013\\\/03\\\/23\\\/si-chiude-domani-domenica-24-marzo-la-settimana-dellambiente-veneto-visitabile-il-centro-neve-e-valanghe-di-arabba\\\/\",\"url\":\"https:\\\/\\\/www.bellunopress.it\\\/2013\\\/03\\\/23\\\/si-chiude-domani-domenica-24-marzo-la-settimana-dellambiente-veneto-visitabile-il-centro-neve-e-valanghe-di-arabba\\\/\",\"name\":\"Si chiude domani, domenica 24 marzo la Settimana dell'ambiente veneto. Visitabile il centro neve e valanghe di Arabba - Bellunopress - Dolomiti\",\"isPartOf\":{\"@id\":\"https:\\\/\\\/www.bellunopress.it\\\/#website\"},\"primaryImageOfPage\":{\"@id\":\"https:\\\/\\\/www.bellunopress.it\\\/2013\\\/03\\\/23\\\/si-chiude-domani-domenica-24-marzo-la-settimana-dellambiente-veneto-visitabile-il-centro-neve-e-valanghe-di-arabba\\\/#primaryimage\"},\"image\":{\"@id\":\"https:\\\/\\\/www.bellunopress.it\\\/2013\\\/03\\\/23\\\/si-chiude-domani-domenica-24-marzo-la-settimana-dellambiente-veneto-visitabile-il-centro-neve-e-valanghe-di-arabba\\\/#primaryimage\"},\"thumbnailUrl\":\"http:\\\/\\\/www.bellunopress.it\\\/wp-content\\\/uploads\\\/2011\\\/01\\\/Maurizio-Conte-150x121.jpg\",\"datePublished\":\"2013-03-23T18:35:44+00:00\",\"breadcrumb\":{\"@id\":\"https:\\\/\\\/www.bellunopress.it\\\/2013\\\/03\\\/23\\\/si-chiude-domani-domenica-24-marzo-la-settimana-dellambiente-veneto-visitabile-il-centro-neve-e-valanghe-di-arabba\\\/#breadcrumb\"},\"inLanguage\":\"fr-FR\",\"potentialAction\":[{\"@type\":\"ReadAction\",\"target\":[\"https:\\\/\\\/www.bellunopress.it\\\/2013\\\/03\\\/23\\\/si-chiude-domani-domenica-24-marzo-la-settimana-dellambiente-veneto-visitabile-il-centro-neve-e-valanghe-di-arabba\\\/\"]}]},{\"@type\":\"ImageObject\",\"inLanguage\":\"fr-FR\",\"@id\":\"https:\\\/\\\/www.bellunopress.it\\\/2013\\\/03\\\/23\\\/si-chiude-domani-domenica-24-marzo-la-settimana-dellambiente-veneto-visitabile-il-centro-neve-e-valanghe-di-arabba\\\/#primaryimage\",\"url\":\"http:\\\/\\\/www.bellunopress.it\\\/wp-content\\\/uploads\\\/2011\\\/01\\\/Maurizio-Conte-150x121.jpg\",\"contentUrl\":\"http:\\\/\\\/www.bellunopress.it\\\/wp-content\\\/uploads\\\/2011\\\/01\\\/Maurizio-Conte-150x121.jpg\"},{\"@type\":\"BreadcrumbList\",\"@id\":\"https:\\\/\\\/www.bellunopress.it\\\/2013\\\/03\\\/23\\\/si-chiude-domani-domenica-24-marzo-la-settimana-dellambiente-veneto-visitabile-il-centro-neve-e-valanghe-di-arabba\\\/#breadcrumb\",\"itemListElement\":[{\"@type\":\"ListItem\",\"position\":1,\"name\":\"Home\",\"item\":\"https:\\\/\\\/www.bellunopress.it\\\/\"},{\"@type\":\"ListItem\",\"position\":2,\"name\":\"Si chiude domani, domenica 24 marzo la Settimana dell&#8217;ambiente veneto. Visitabile il centro neve e valanghe di Arabba\"}]},{\"@type\":\"WebSite\",\"@id\":\"https:\\\/\\\/www.bellunopress.it\\\/#website\",\"url\":\"https:\\\/\\\/www.bellunopress.it\\\/\",\"name\":\"Bellunopress - Dolomiti\",\"description\":\"e-mail: redazione@bellunopress.it\",\"publisher\":{\"@id\":\"https:\\\/\\\/www.bellunopress.it\\\/#organization\"},\"potentialAction\":[{\"@type\":\"SearchAction\",\"target\":{\"@type\":\"EntryPoint\",\"urlTemplate\":\"https:\\\/\\\/www.bellunopress.it\\\/?s={search_term_string}\"},\"query-input\":{\"@type\":\"PropertyValueSpecification\",\"valueRequired\":true,\"valueName\":\"search_term_string\"}}],\"inLanguage\":\"fr-FR\"},{\"@type\":\"Organization\",\"@id\":\"https:\\\/\\\/www.bellunopress.it\\\/#organization\",\"name\":\"Bellunopress\",\"url\":\"https:\\\/\\\/www.bellunopress.it\\\/\",\"logo\":{\"@type\":\"ImageObject\",\"inLanguage\":\"fr-FR\",\"@id\":\"https:\\\/\\\/www.bellunopress.it\\\/#\\\/schema\\\/logo\\\/image\\\/\",\"url\":\"https:\\\/\\\/www.bellunopress.it\\\/wp-content\\\/uploads\\\/2011\\\/05\\\/cropped-logo-bellunopress-.jpg\",\"contentUrl\":\"https:\\\/\\\/www.bellunopress.it\\\/wp-content\\\/uploads\\\/2011\\\/05\\\/cropped-logo-bellunopress-.jpg\",\"width\":512,\"height\":512,\"caption\":\"Bellunopress\"},\"image\":{\"@id\":\"https:\\\/\\\/www.bellunopress.it\\\/#\\\/schema\\\/logo\\\/image\\\/\"},\"sameAs\":[\"https:\\\/\\\/www.facebook.com\\\/profile.php?id=100008943462799\",\"https:\\\/\\\/x.com\\\/bellunopress\",\"https:\\\/\\\/www.linkedin.com\\\/hp\\\/?dnr=JBzUWaJfMUw8vbXJJ2tVW5-I3jZKvC4wsoxE&amp;amp;amp;amp;amp;amp;trk=nav_responsive_tab_home\",\"https:\\\/\\\/www.youtube.com\\\/channel\\\/UCxL0wu1uN0_3_7hGG0306cw\"]},{\"@type\":\"Person\",\"@id\":\"https:\\\/\\\/www.bellunopress.it\\\/#\\\/schema\\\/person\\\/79bb06722b37ece1c03d3e94beb30d73\",\"name\":\"redazione\",\"image\":{\"@type\":\"ImageObject\",\"inLanguage\":\"fr-FR\",\"@id\":\"https:\\\/\\\/secure.gravatar.com\\\/avatar\\\/37d968a2e67a6fd04c169c4bdef102d0bc5d31b2546345219e348575eb80e9a0?s=96&d=mm&r=g\",\"url\":\"https:\\\/\\\/secure.gravatar.com\\\/avatar\\\/37d968a2e67a6fd04c169c4bdef102d0bc5d31b2546345219e348575eb80e9a0?s=96&d=mm&r=g\",\"contentUrl\":\"https:\\\/\\\/secure.gravatar.com\\\/avatar\\\/37d968a2e67a6fd04c169c4bdef102d0bc5d31b2546345219e348575eb80e9a0?s=96&d=mm&r=g\",\"caption\":\"redazione\"},\"sameAs\":[\"http:\\\/\\\/www.bellunopress.it\",\"https:\\\/\\\/x.com\\\/bellunopress\"],\"url\":\"https:\\\/\\\/www.bellunopress.it\\\/fr\\\/author\\\/redazione\\\/\"}]}<\/script>\n<!-- \/ Yoast SEO plugin. -->","yoast_head_json":{"title":"Si chiude domani, domenica 24 marzo la Settimana dell'ambiente veneto. Visitabile il centro neve e valanghe di Arabba  - Bellunopress - Dolomiti","robots":{"index":"index","follow":"follow","max-snippet":"max-snippet:-1","max-image-preview":"max-image-preview:large","max-video-preview":"max-video-preview:-1"},"canonical":"https:\/\/www.bellunopress.it\/fr\/2013\/03\/23\/si-chiude-domani-domenica-24-marzo-la-settimana-dellambiente-veneto-visitabile-il-centro-neve-e-valanghe-di-arabba\/","og_locale":"fr_FR","og_type":"article","og_title":"Si chiude domani, domenica 24 marzo la Settimana dell'ambiente veneto. Visitabile il centro neve e valanghe di Arabba  - Bellunopress - Dolomiti","og_description":"Conclusa la sinergia con il SEP-Salone Internazionale dedicato all\u2019ambiente che si \u00e8 chiuso ieri in Fiera a Padova, anche la \u201cSettimana dell\u2019Ambiente Veneto\u201d promossa dalla Regione termina domani il suo programma di iniziative. La manifestazione si \u00e8 articolata sia in momenti di studio e discussione attraverso una serie di convegni e tavole rotonde; sia in [&hellip;]","og_url":"https:\/\/www.bellunopress.it\/fr\/2013\/03\/23\/si-chiude-domani-domenica-24-marzo-la-settimana-dellambiente-veneto-visitabile-il-centro-neve-e-valanghe-di-arabba\/","og_site_name":"Bellunopress - Dolomiti","article_publisher":"https:\/\/www.facebook.com\/profile.php?id=100008943462799","article_published_time":"2013-03-23T18:35:44+00:00","og_image":[{"url":"http:\/\/www.bellunopress.it\/wp-content\/uploads\/2011\/01\/Maurizio-Conte-150x121.jpg","type":"","width":"","height":""}],"author":"redazione","twitter_card":"summary_large_image","twitter_creator":"@bellunopress","twitter_site":"@bellunopress","twitter_misc":{"\u00c9crit par":"redazione","Dur\u00e9e de lecture estim\u00e9e":"1 minute"},"schema":{"@context":"https:\/\/schema.org","@graph":[{"@type":"Article","@id":"https:\/\/www.bellunopress.it\/2013\/03\/23\/si-chiude-domani-domenica-24-marzo-la-settimana-dellambiente-veneto-visitabile-il-centro-neve-e-valanghe-di-arabba\/#article","isPartOf":{"@id":"https:\/\/www.bellunopress.it\/2013\/03\/23\/si-chiude-domani-domenica-24-marzo-la-settimana-dellambiente-veneto-visitabile-il-centro-neve-e-valanghe-di-arabba\/"},"author":{"name":"redazione","@id":"https:\/\/www.bellunopress.it\/#\/schema\/person\/79bb06722b37ece1c03d3e94beb30d73"},"headline":"Si chiude domani, domenica 24 marzo la Settimana dell&#8217;ambiente veneto. Visitabile il centro neve e valanghe di Arabba","datePublished":"2013-03-23T18:35:44+00:00","mainEntityOfPage":{"@id":"https:\/\/www.bellunopress.it\/2013\/03\/23\/si-chiude-domani-domenica-24-marzo-la-settimana-dellambiente-veneto-visitabile-il-centro-neve-e-valanghe-di-arabba\/"},"wordCount":296,"publisher":{"@id":"https:\/\/www.bellunopress.it\/#organization"},"image":{"@id":"https:\/\/www.bellunopress.it\/2013\/03\/23\/si-chiude-domani-domenica-24-marzo-la-settimana-dellambiente-veneto-visitabile-il-centro-neve-e-valanghe-di-arabba\/#primaryimage"},"thumbnailUrl":"http:\/\/www.bellunopress.it\/wp-content\/uploads\/2011\/01\/Maurizio-Conte-150x121.jpg","articleSection":["Cronaca\/Politica","Meteo, natura, ambiente, animali"],"inLanguage":"fr-FR"},{"@type":"WebPage","@id":"https:\/\/www.bellunopress.it\/2013\/03\/23\/si-chiude-domani-domenica-24-marzo-la-settimana-dellambiente-veneto-visitabile-il-centro-neve-e-valanghe-di-arabba\/","url":"https:\/\/www.bellunopress.it\/2013\/03\/23\/si-chiude-domani-domenica-24-marzo-la-settimana-dellambiente-veneto-visitabile-il-centro-neve-e-valanghe-di-arabba\/","name":"Si chiude domani, domenica 24 marzo la Settimana dell'ambiente veneto. Visitabile il centro neve e valanghe di Arabba - Bellunopress - Dolomiti","isPartOf":{"@id":"https:\/\/www.bellunopress.it\/#website"},"primaryImageOfPage":{"@id":"https:\/\/www.bellunopress.it\/2013\/03\/23\/si-chiude-domani-domenica-24-marzo-la-settimana-dellambiente-veneto-visitabile-il-centro-neve-e-valanghe-di-arabba\/#primaryimage"},"image":{"@id":"https:\/\/www.bellunopress.it\/2013\/03\/23\/si-chiude-domani-domenica-24-marzo-la-settimana-dellambiente-veneto-visitabile-il-centro-neve-e-valanghe-di-arabba\/#primaryimage"},"thumbnailUrl":"http:\/\/www.bellunopress.it\/wp-content\/uploads\/2011\/01\/Maurizio-Conte-150x121.jpg","datePublished":"2013-03-23T18:35:44+00:00","breadcrumb":{"@id":"https:\/\/www.bellunopress.it\/2013\/03\/23\/si-chiude-domani-domenica-24-marzo-la-settimana-dellambiente-veneto-visitabile-il-centro-neve-e-valanghe-di-arabba\/#breadcrumb"},"inLanguage":"fr-FR","potentialAction":[{"@type":"ReadAction","target":["https:\/\/www.bellunopress.it\/2013\/03\/23\/si-chiude-domani-domenica-24-marzo-la-settimana-dellambiente-veneto-visitabile-il-centro-neve-e-valanghe-di-arabba\/"]}]},{"@type":"ImageObject","inLanguage":"fr-FR","@id":"https:\/\/www.bellunopress.it\/2013\/03\/23\/si-chiude-domani-domenica-24-marzo-la-settimana-dellambiente-veneto-visitabile-il-centro-neve-e-valanghe-di-arabba\/#primaryimage","url":"http:\/\/www.bellunopress.it\/wp-content\/uploads\/2011\/01\/Maurizio-Conte-150x121.jpg","contentUrl":"http:\/\/www.bellunopress.it\/wp-content\/uploads\/2011\/01\/Maurizio-Conte-150x121.jpg"},{"@type":"BreadcrumbList","@id":"https:\/\/www.bellunopress.it\/2013\/03\/23\/si-chiude-domani-domenica-24-marzo-la-settimana-dellambiente-veneto-visitabile-il-centro-neve-e-valanghe-di-arabba\/#breadcrumb","itemListElement":[{"@type":"ListItem","position":1,"name":"Home","item":"https:\/\/www.bellunopress.it\/"},{"@type":"ListItem","position":2,"name":"Si chiude domani, domenica 24 marzo la Settimana dell&#8217;ambiente veneto. Visitabile il centro neve e valanghe di Arabba"}]},{"@type":"WebSite","@id":"https:\/\/www.bellunopress.it\/#website","url":"https:\/\/www.bellunopress.it\/","name":"Bellunopress - Dolomiti","description":"e-mail: redazione@bellunopress.it","publisher":{"@id":"https:\/\/www.bellunopress.it\/#organization"},"potentialAction":[{"@type":"SearchAction","target":{"@type":"EntryPoint","urlTemplate":"https:\/\/www.bellunopress.it\/?s={search_term_string}"},"query-input":{"@type":"PropertyValueSpecification","valueRequired":true,"valueName":"search_term_string"}}],"inLanguage":"fr-FR"},{"@type":"Organization","@id":"https:\/\/www.bellunopress.it\/#organization","name":"Bellunopress","url":"https:\/\/www.bellunopress.it\/","logo":{"@type":"ImageObject","inLanguage":"fr-FR","@id":"https:\/\/www.bellunopress.it\/#\/schema\/logo\/image\/","url":"https:\/\/www.bellunopress.it\/wp-content\/uploads\/2011\/05\/cropped-logo-bellunopress-.jpg","contentUrl":"https:\/\/www.bellunopress.it\/wp-content\/uploads\/2011\/05\/cropped-logo-bellunopress-.jpg","width":512,"height":512,"caption":"Bellunopress"},"image":{"@id":"https:\/\/www.bellunopress.it\/#\/schema\/logo\/image\/"},"sameAs":["https:\/\/www.facebook.com\/profile.php?id=100008943462799","https:\/\/x.com\/bellunopress","https:\/\/www.linkedin.com\/hp\/?dnr=JBzUWaJfMUw8vbXJJ2tVW5-I3jZKvC4wsoxE&amp;amp;amp;amp;amp;amp;trk=nav_responsive_tab_home","https:\/\/www.youtube.com\/channel\/UCxL0wu1uN0_3_7hGG0306cw"]},{"@type":"Person","@id":"https:\/\/www.bellunopress.it\/#\/schema\/person\/79bb06722b37ece1c03d3e94beb30d73","name":"r\u00e9daction","image":{"@type":"ImageObject","inLanguage":"fr-FR","@id":"https:\/\/secure.gravatar.com\/avatar\/37d968a2e67a6fd04c169c4bdef102d0bc5d31b2546345219e348575eb80e9a0?s=96&d=mm&r=g","url":"https:\/\/secure.gravatar.com\/avatar\/37d968a2e67a6fd04c169c4bdef102d0bc5d31b2546345219e348575eb80e9a0?s=96&d=mm&r=g","contentUrl":"https:\/\/secure.gravatar.com\/avatar\/37d968a2e67a6fd04c169c4bdef102d0bc5d31b2546345219e348575eb80e9a0?s=96&d=mm&r=g","caption":"redazione"},"sameAs":["http:\/\/www.bellunopress.it","https:\/\/x.com\/bellunopress"],"url":"https:\/\/www.bellunopress.it\/fr\/author\/redazione\/"}]}},"_links":{"self":[{"href":"https:\/\/www.bellunopress.it\/fr\/wp-json\/wp\/v2\/posts\/47864","targetHints":{"allow":["GET"]}}],"collection":[{"href":"https:\/\/www.bellunopress.it\/fr\/wp-json\/wp\/v2\/posts"}],"about":[{"href":"https:\/\/www.bellunopress.it\/fr\/wp-json\/wp\/v2\/types\/post"}],"author":[{"embeddable":true,"href":"https:\/\/www.bellunopress.it\/fr\/wp-json\/wp\/v2\/users\/2"}],"replies":[{"embeddable":true,"href":"https:\/\/www.bellunopress.it\/fr\/wp-json\/wp\/v2\/comments?post=47864"}],"version-history":[{"count":1,"href":"https:\/\/www.bellunopress.it\/fr\/wp-json\/wp\/v2\/posts\/47864\/revisions"}],"predecessor-version":[{"id":47865,"href":"https:\/\/www.bellunopress.it\/fr\/wp-json\/wp\/v2\/posts\/47864\/revisions\/47865"}],"wp:attachment":[{"href":"https:\/\/www.bellunopress.it\/fr\/wp-json\/wp\/v2\/media?parent=47864"}],"wp:term":[{"taxonomy":"category","embeddable":true,"href":"https:\/\/www.bellunopress.it\/fr\/wp-json\/wp\/v2\/categories?post=47864"},{"taxonomy":"post_tag","embeddable":true,"href":"https:\/\/www.bellunopress.it\/fr\/wp-json\/wp\/v2\/tags?post=47864"}],"curies":[{"name":"wp","href":"https:\/\/api.w.org\/{rel}","templated":true}]}}