{"id":47861,"date":"2013-03-23T19:27:14","date_gmt":"2013-03-23T18:27:14","guid":{"rendered":"http:\/\/www.bellunopress.it\/?p=47861"},"modified":"2013-03-23T19:27:14","modified_gmt":"2013-03-23T18:27:14","slug":"consegnate-le-due-chevrolet-spark-ai-vincitori-della-lotteria-del-carnevale-di-sedico","status":"publish","type":"post","link":"https:\/\/www.bellunopress.it\/fr\/2013\/03\/23\/consegnate-le-due-chevrolet-spark-ai-vincitori-della-lotteria-del-carnevale-di-sedico\/","title":{"rendered":"Consegnate le due Chevrolet Spark ai vincitori della lotteria del Carnevale di Sedico"},"content":{"rendered":"<p><a href=\"http:\/\/www.bellunopress.it\/wp-content\/uploads\/2013\/03\/lotteria-carnevale-sedico.jpg\"><img loading=\"lazy\" decoding=\"async\" class=\"alignleft size-full wp-image-47862\" alt=\"lotteria carnevale sedico\" src=\"http:\/\/www.bellunopress.it\/wp-content\/uploads\/2013\/03\/lotteria-carnevale-sedico.jpg\" width=\"290\" height=\"217\" \/><\/a>Sono state consegnate luned\u00ec scorso alla concessionaria Dalla Gasperina Bettino di Feltre le due automobili Chevrolet Spark, primo e secondo premio della lotteria del Carnevale di Sedico.\u00a0Alla cerimonia di consegna, oltre ai vincitori, erano presenti il presidente della Pro Loco Rino Vedana, il consigliere Claudio Mezzavilla ed i titolari della concessionaria feltrina.<\/p>\n<p>Il primo premio \u00e8 stato vinto da Laurentiu Florescu di Sedico, che ha acquistato i biglietti della lotteria durante una delle sfilate del carnevale in piazza; il secondo premio \u00e8 stato vinto da Daniela Chenet di La Valle Agordina che ha acquistato, anche lei, i biglietti durante i corsi mascherati sedicensi.<\/p>\n<p>Una curiosit\u00e0: entrambi i vincitori si sono portati a casa i premi pi\u00f9 importanti della lotteria acquistando due soli biglietti, quindi con 2 Euro si sono portati a casa un premio del valore di oltre novemila Euro: un bel colpo di fortuna! Nel frattempo, si stanno facendo vivi alla sede della Pro Loco anche i vincitori degli altri quarantacinque premi: niente paura, comunque, perch\u00e9 ci sar\u00e0 tempo fino al 31 maggio per ritirarli; chi avesse ancora dei tagliandi e non avesse ancora controllato i numeri vincenti, potr\u00e0 farlo consultando il sito www.prolocosedico.it.<\/p>\n<p>Con la consegna delle automobili, si chiude ufficialmente per la Pro Loco il capitolo carnevale, per il quale in queste settimane si stanno facendo anche i bilanci: soddisfazione, comunque, \u00e8 gi\u00e0 stata espressa dagli organizzatori, in quanto solo la lotteria, nonostante il periodo di crisi, ha registrato la vendita di oltre 24mila biglietti, con un aumento, rispetto all\u2019anno scorso, di oltre duemila tagliandi. Senza contare le presenze nel corso di tutti gli eventi, che superano abbondantemente i 25mila spettatori.<\/p>\n<p>Un primo bilancio della manifestazione, comunque, verr\u00e0 reso noto nel corso dell\u2019assemblea annuale dei soci della Pro Loco, che \u00e8 stata convocata per marted\u00ec prossimo alle 20,30 nella sala del palazzo dei servizi.<\/p>\n<p>&nbsp;<\/p>\n<p>&nbsp;<\/p>","protected":false},"excerpt":{"rendered":"<p>Sono state consegnate luned\u00ec scorso alla concessionaria Dalla Gasperina Bettino di Feltre le due automobili Chevrolet Spark, primo e secondo premio della lotteria del Carnevale di Sedico.\u00a0Alla cerimonia di consegna, oltre ai vincitori, erano presenti il presidente della Pro Loco Rino Vedana, il consigliere Claudio Mezzavilla ed i titolari della concessionaria feltrina. Il primo premio [&hellip;]<\/p>\n","protected":false},"author":2,"featured_media":0,"comment_status":"closed","ping_status":"open","sticky":false,"template":"","format":"standard","meta":{"footnotes":""},"categories":[5,26],"tags":[],"class_list":["post-47861","post","type-post","status-publish","format-standard","category-cronaca","category-prima-pagina"],"yoast_head":"<!-- This site is optimized with the Yoast SEO plugin v28.4 - https:\/\/yoast.com\/product\/yoast-seo-wordpress\/ -->\n<title>Consegnate le due Chevrolet Spark ai vincitori della lotteria del Carnevale di Sedico - Bellunopress - Dolomiti<\/title>\n<meta name=\"robots\" content=\"index, follow, max-snippet:-1, max-image-preview:large, max-video-preview:-1\" \/>\n<link rel=\"canonical\" href=\"https:\/\/www.bellunopress.it\/fr\/2013\/03\/23\/consegnate-le-due-chevrolet-spark-ai-vincitori-della-lotteria-del-carnevale-di-sedico\/\" \/>\n<meta property=\"og:locale\" content=\"fr_FR\" \/>\n<meta property=\"og:type\" content=\"article\" \/>\n<meta property=\"og:title\" content=\"Consegnate le due Chevrolet Spark ai vincitori della lotteria del Carnevale di Sedico - Bellunopress - Dolomiti\" \/>\n<meta property=\"og:description\" content=\"Sono state consegnate luned\u00ec scorso alla concessionaria Dalla Gasperina Bettino di Feltre le due automobili Chevrolet Spark, primo e secondo premio della lotteria del Carnevale di Sedico.\u00a0Alla cerimonia di consegna, oltre ai vincitori, erano presenti il presidente della Pro Loco Rino Vedana, il consigliere Claudio Mezzavilla ed i titolari della concessionaria feltrina. Il primo premio [&hellip;]\" \/>\n<meta property=\"og:url\" content=\"https:\/\/www.bellunopress.it\/fr\/2013\/03\/23\/consegnate-le-due-chevrolet-spark-ai-vincitori-della-lotteria-del-carnevale-di-sedico\/\" \/>\n<meta property=\"og:site_name\" content=\"Bellunopress - Dolomiti\" \/>\n<meta property=\"article:publisher\" content=\"https:\/\/www.facebook.com\/profile.php?id=100008943462799\" \/>\n<meta property=\"article:published_time\" content=\"2013-03-23T18:27:14+00:00\" \/>\n<meta property=\"og:image\" content=\"http:\/\/www.bellunopress.it\/wp-content\/uploads\/2013\/03\/lotteria-carnevale-sedico.jpg\" \/>\n<meta name=\"author\" content=\"redazione\" \/>\n<meta name=\"twitter:card\" content=\"summary_large_image\" \/>\n<meta name=\"twitter:creator\" content=\"@bellunopress\" \/>\n<meta name=\"twitter:site\" content=\"@bellunopress\" \/>\n<meta name=\"twitter:label1\" content=\"\u00c9crit par\" \/>\n\t<meta name=\"twitter:data1\" content=\"redazione\" \/>\n\t<meta name=\"twitter:label2\" content=\"Dur\u00e9e de lecture estim\u00e9e\" \/>\n\t<meta name=\"twitter:data2\" content=\"2 minutes\" \/>\n<script type=\"application\/ld+json\" class=\"yoast-schema-graph\">{\"@context\":\"https:\\\/\\\/schema.org\",\"@graph\":[{\"@type\":\"Article\",\"@id\":\"https:\\\/\\\/www.bellunopress.it\\\/2013\\\/03\\\/23\\\/consegnate-le-due-chevrolet-spark-ai-vincitori-della-lotteria-del-carnevale-di-sedico\\\/#article\",\"isPartOf\":{\"@id\":\"https:\\\/\\\/www.bellunopress.it\\\/2013\\\/03\\\/23\\\/consegnate-le-due-chevrolet-spark-ai-vincitori-della-lotteria-del-carnevale-di-sedico\\\/\"},\"author\":{\"name\":\"redazione\",\"@id\":\"https:\\\/\\\/www.bellunopress.it\\\/#\\\/schema\\\/person\\\/79bb06722b37ece1c03d3e94beb30d73\"},\"headline\":\"Consegnate le due Chevrolet Spark ai vincitori della lotteria del Carnevale di Sedico\",\"datePublished\":\"2013-03-23T18:27:14+00:00\",\"mainEntityOfPage\":{\"@id\":\"https:\\\/\\\/www.bellunopress.it\\\/2013\\\/03\\\/23\\\/consegnate-le-due-chevrolet-spark-ai-vincitori-della-lotteria-del-carnevale-di-sedico\\\/\"},\"wordCount\":320,\"publisher\":{\"@id\":\"https:\\\/\\\/www.bellunopress.it\\\/#organization\"},\"image\":{\"@id\":\"https:\\\/\\\/www.bellunopress.it\\\/2013\\\/03\\\/23\\\/consegnate-le-due-chevrolet-spark-ai-vincitori-della-lotteria-del-carnevale-di-sedico\\\/#primaryimage\"},\"thumbnailUrl\":\"http:\\\/\\\/www.bellunopress.it\\\/wp-content\\\/uploads\\\/2013\\\/03\\\/lotteria-carnevale-sedico.jpg\",\"articleSection\":[\"Cronaca\\\/Politica\",\"Prima Pagina\"],\"inLanguage\":\"fr-FR\"},{\"@type\":\"WebPage\",\"@id\":\"https:\\\/\\\/www.bellunopress.it\\\/2013\\\/03\\\/23\\\/consegnate-le-due-chevrolet-spark-ai-vincitori-della-lotteria-del-carnevale-di-sedico\\\/\",\"url\":\"https:\\\/\\\/www.bellunopress.it\\\/2013\\\/03\\\/23\\\/consegnate-le-due-chevrolet-spark-ai-vincitori-della-lotteria-del-carnevale-di-sedico\\\/\",\"name\":\"Consegnate le due Chevrolet Spark ai vincitori della lotteria del Carnevale di Sedico - Bellunopress - Dolomiti\",\"isPartOf\":{\"@id\":\"https:\\\/\\\/www.bellunopress.it\\\/#website\"},\"primaryImageOfPage\":{\"@id\":\"https:\\\/\\\/www.bellunopress.it\\\/2013\\\/03\\\/23\\\/consegnate-le-due-chevrolet-spark-ai-vincitori-della-lotteria-del-carnevale-di-sedico\\\/#primaryimage\"},\"image\":{\"@id\":\"https:\\\/\\\/www.bellunopress.it\\\/2013\\\/03\\\/23\\\/consegnate-le-due-chevrolet-spark-ai-vincitori-della-lotteria-del-carnevale-di-sedico\\\/#primaryimage\"},\"thumbnailUrl\":\"http:\\\/\\\/www.bellunopress.it\\\/wp-content\\\/uploads\\\/2013\\\/03\\\/lotteria-carnevale-sedico.jpg\",\"datePublished\":\"2013-03-23T18:27:14+00:00\",\"breadcrumb\":{\"@id\":\"https:\\\/\\\/www.bellunopress.it\\\/2013\\\/03\\\/23\\\/consegnate-le-due-chevrolet-spark-ai-vincitori-della-lotteria-del-carnevale-di-sedico\\\/#breadcrumb\"},\"inLanguage\":\"fr-FR\",\"potentialAction\":[{\"@type\":\"ReadAction\",\"target\":[\"https:\\\/\\\/www.bellunopress.it\\\/2013\\\/03\\\/23\\\/consegnate-le-due-chevrolet-spark-ai-vincitori-della-lotteria-del-carnevale-di-sedico\\\/\"]}]},{\"@type\":\"ImageObject\",\"inLanguage\":\"fr-FR\",\"@id\":\"https:\\\/\\\/www.bellunopress.it\\\/2013\\\/03\\\/23\\\/consegnate-le-due-chevrolet-spark-ai-vincitori-della-lotteria-del-carnevale-di-sedico\\\/#primaryimage\",\"url\":\"http:\\\/\\\/www.bellunopress.it\\\/wp-content\\\/uploads\\\/2013\\\/03\\\/lotteria-carnevale-sedico.jpg\",\"contentUrl\":\"http:\\\/\\\/www.bellunopress.it\\\/wp-content\\\/uploads\\\/2013\\\/03\\\/lotteria-carnevale-sedico.jpg\"},{\"@type\":\"BreadcrumbList\",\"@id\":\"https:\\\/\\\/www.bellunopress.it\\\/2013\\\/03\\\/23\\\/consegnate-le-due-chevrolet-spark-ai-vincitori-della-lotteria-del-carnevale-di-sedico\\\/#breadcrumb\",\"itemListElement\":[{\"@type\":\"ListItem\",\"position\":1,\"name\":\"Home\",\"item\":\"https:\\\/\\\/www.bellunopress.it\\\/\"},{\"@type\":\"ListItem\",\"position\":2,\"name\":\"Consegnate le due Chevrolet Spark ai vincitori della lotteria del Carnevale di Sedico\"}]},{\"@type\":\"WebSite\",\"@id\":\"https:\\\/\\\/www.bellunopress.it\\\/#website\",\"url\":\"https:\\\/\\\/www.bellunopress.it\\\/\",\"name\":\"Bellunopress - Dolomiti\",\"description\":\"e-mail: redazione@bellunopress.it\",\"publisher\":{\"@id\":\"https:\\\/\\\/www.bellunopress.it\\\/#organization\"},\"potentialAction\":[{\"@type\":\"SearchAction\",\"target\":{\"@type\":\"EntryPoint\",\"urlTemplate\":\"https:\\\/\\\/www.bellunopress.it\\\/?s={search_term_string}\"},\"query-input\":{\"@type\":\"PropertyValueSpecification\",\"valueRequired\":true,\"valueName\":\"search_term_string\"}}],\"inLanguage\":\"fr-FR\"},{\"@type\":\"Organization\",\"@id\":\"https:\\\/\\\/www.bellunopress.it\\\/#organization\",\"name\":\"Bellunopress\",\"url\":\"https:\\\/\\\/www.bellunopress.it\\\/\",\"logo\":{\"@type\":\"ImageObject\",\"inLanguage\":\"fr-FR\",\"@id\":\"https:\\\/\\\/www.bellunopress.it\\\/#\\\/schema\\\/logo\\\/image\\\/\",\"url\":\"https:\\\/\\\/www.bellunopress.it\\\/wp-content\\\/uploads\\\/2011\\\/05\\\/cropped-logo-bellunopress-.jpg\",\"contentUrl\":\"https:\\\/\\\/www.bellunopress.it\\\/wp-content\\\/uploads\\\/2011\\\/05\\\/cropped-logo-bellunopress-.jpg\",\"width\":512,\"height\":512,\"caption\":\"Bellunopress\"},\"image\":{\"@id\":\"https:\\\/\\\/www.bellunopress.it\\\/#\\\/schema\\\/logo\\\/image\\\/\"},\"sameAs\":[\"https:\\\/\\\/www.facebook.com\\\/profile.php?id=100008943462799\",\"https:\\\/\\\/x.com\\\/bellunopress\",\"https:\\\/\\\/www.linkedin.com\\\/hp\\\/?dnr=JBzUWaJfMUw8vbXJJ2tVW5-I3jZKvC4wsoxE&amp;amp;amp;amp;amp;amp;trk=nav_responsive_tab_home\",\"https:\\\/\\\/www.youtube.com\\\/channel\\\/UCxL0wu1uN0_3_7hGG0306cw\"]},{\"@type\":\"Person\",\"@id\":\"https:\\\/\\\/www.bellunopress.it\\\/#\\\/schema\\\/person\\\/79bb06722b37ece1c03d3e94beb30d73\",\"name\":\"redazione\",\"image\":{\"@type\":\"ImageObject\",\"inLanguage\":\"fr-FR\",\"@id\":\"https:\\\/\\\/secure.gravatar.com\\\/avatar\\\/37d968a2e67a6fd04c169c4bdef102d0bc5d31b2546345219e348575eb80e9a0?s=96&d=mm&r=g\",\"url\":\"https:\\\/\\\/secure.gravatar.com\\\/avatar\\\/37d968a2e67a6fd04c169c4bdef102d0bc5d31b2546345219e348575eb80e9a0?s=96&d=mm&r=g\",\"contentUrl\":\"https:\\\/\\\/secure.gravatar.com\\\/avatar\\\/37d968a2e67a6fd04c169c4bdef102d0bc5d31b2546345219e348575eb80e9a0?s=96&d=mm&r=g\",\"caption\":\"redazione\"},\"sameAs\":[\"http:\\\/\\\/www.bellunopress.it\",\"https:\\\/\\\/x.com\\\/bellunopress\"],\"url\":\"https:\\\/\\\/www.bellunopress.it\\\/fr\\\/author\\\/redazione\\\/\"}]}<\/script>\n<!-- \/ Yoast SEO plugin. -->","yoast_head_json":{"title":"Consegnate le due Chevrolet Spark ai vincitori della lotteria del Carnevale di Sedico - Bellunopress - Dolomiti","robots":{"index":"index","follow":"follow","max-snippet":"max-snippet:-1","max-image-preview":"max-image-preview:large","max-video-preview":"max-video-preview:-1"},"canonical":"https:\/\/www.bellunopress.it\/fr\/2013\/03\/23\/consegnate-le-due-chevrolet-spark-ai-vincitori-della-lotteria-del-carnevale-di-sedico\/","og_locale":"fr_FR","og_type":"article","og_title":"Consegnate le due Chevrolet Spark ai vincitori della lotteria del Carnevale di Sedico - Bellunopress - Dolomiti","og_description":"Sono state consegnate luned\u00ec scorso alla concessionaria Dalla Gasperina Bettino di Feltre le due automobili Chevrolet Spark, primo e secondo premio della lotteria del Carnevale di Sedico.\u00a0Alla cerimonia di consegna, oltre ai vincitori, erano presenti il presidente della Pro Loco Rino Vedana, il consigliere Claudio Mezzavilla ed i titolari della concessionaria feltrina. Il primo premio [&hellip;]","og_url":"https:\/\/www.bellunopress.it\/fr\/2013\/03\/23\/consegnate-le-due-chevrolet-spark-ai-vincitori-della-lotteria-del-carnevale-di-sedico\/","og_site_name":"Bellunopress - Dolomiti","article_publisher":"https:\/\/www.facebook.com\/profile.php?id=100008943462799","article_published_time":"2013-03-23T18:27:14+00:00","og_image":[{"url":"http:\/\/www.bellunopress.it\/wp-content\/uploads\/2013\/03\/lotteria-carnevale-sedico.jpg","type":"","width":"","height":""}],"author":"redazione","twitter_card":"summary_large_image","twitter_creator":"@bellunopress","twitter_site":"@bellunopress","twitter_misc":{"\u00c9crit par":"redazione","Dur\u00e9e de lecture estim\u00e9e":"2 minutes"},"schema":{"@context":"https:\/\/schema.org","@graph":[{"@type":"Article","@id":"https:\/\/www.bellunopress.it\/2013\/03\/23\/consegnate-le-due-chevrolet-spark-ai-vincitori-della-lotteria-del-carnevale-di-sedico\/#article","isPartOf":{"@id":"https:\/\/www.bellunopress.it\/2013\/03\/23\/consegnate-le-due-chevrolet-spark-ai-vincitori-della-lotteria-del-carnevale-di-sedico\/"},"author":{"name":"redazione","@id":"https:\/\/www.bellunopress.it\/#\/schema\/person\/79bb06722b37ece1c03d3e94beb30d73"},"headline":"Consegnate le due Chevrolet Spark ai vincitori della lotteria del Carnevale di Sedico","datePublished":"2013-03-23T18:27:14+00:00","mainEntityOfPage":{"@id":"https:\/\/www.bellunopress.it\/2013\/03\/23\/consegnate-le-due-chevrolet-spark-ai-vincitori-della-lotteria-del-carnevale-di-sedico\/"},"wordCount":320,"publisher":{"@id":"https:\/\/www.bellunopress.it\/#organization"},"image":{"@id":"https:\/\/www.bellunopress.it\/2013\/03\/23\/consegnate-le-due-chevrolet-spark-ai-vincitori-della-lotteria-del-carnevale-di-sedico\/#primaryimage"},"thumbnailUrl":"http:\/\/www.bellunopress.it\/wp-content\/uploads\/2013\/03\/lotteria-carnevale-sedico.jpg","articleSection":["Cronaca\/Politica","Prima Pagina"],"inLanguage":"fr-FR"},{"@type":"WebPage","@id":"https:\/\/www.bellunopress.it\/2013\/03\/23\/consegnate-le-due-chevrolet-spark-ai-vincitori-della-lotteria-del-carnevale-di-sedico\/","url":"https:\/\/www.bellunopress.it\/2013\/03\/23\/consegnate-le-due-chevrolet-spark-ai-vincitori-della-lotteria-del-carnevale-di-sedico\/","name":"Consegnate le due Chevrolet Spark ai vincitori della lotteria del Carnevale di Sedico - Bellunopress - Dolomiti","isPartOf":{"@id":"https:\/\/www.bellunopress.it\/#website"},"primaryImageOfPage":{"@id":"https:\/\/www.bellunopress.it\/2013\/03\/23\/consegnate-le-due-chevrolet-spark-ai-vincitori-della-lotteria-del-carnevale-di-sedico\/#primaryimage"},"image":{"@id":"https:\/\/www.bellunopress.it\/2013\/03\/23\/consegnate-le-due-chevrolet-spark-ai-vincitori-della-lotteria-del-carnevale-di-sedico\/#primaryimage"},"thumbnailUrl":"http:\/\/www.bellunopress.it\/wp-content\/uploads\/2013\/03\/lotteria-carnevale-sedico.jpg","datePublished":"2013-03-23T18:27:14+00:00","breadcrumb":{"@id":"https:\/\/www.bellunopress.it\/2013\/03\/23\/consegnate-le-due-chevrolet-spark-ai-vincitori-della-lotteria-del-carnevale-di-sedico\/#breadcrumb"},"inLanguage":"fr-FR","potentialAction":[{"@type":"ReadAction","target":["https:\/\/www.bellunopress.it\/2013\/03\/23\/consegnate-le-due-chevrolet-spark-ai-vincitori-della-lotteria-del-carnevale-di-sedico\/"]}]},{"@type":"ImageObject","inLanguage":"fr-FR","@id":"https:\/\/www.bellunopress.it\/2013\/03\/23\/consegnate-le-due-chevrolet-spark-ai-vincitori-della-lotteria-del-carnevale-di-sedico\/#primaryimage","url":"http:\/\/www.bellunopress.it\/wp-content\/uploads\/2013\/03\/lotteria-carnevale-sedico.jpg","contentUrl":"http:\/\/www.bellunopress.it\/wp-content\/uploads\/2013\/03\/lotteria-carnevale-sedico.jpg"},{"@type":"BreadcrumbList","@id":"https:\/\/www.bellunopress.it\/2013\/03\/23\/consegnate-le-due-chevrolet-spark-ai-vincitori-della-lotteria-del-carnevale-di-sedico\/#breadcrumb","itemListElement":[{"@type":"ListItem","position":1,"name":"Home","item":"https:\/\/www.bellunopress.it\/"},{"@type":"ListItem","position":2,"name":"Consegnate le due Chevrolet Spark ai vincitori della lotteria del Carnevale di Sedico"}]},{"@type":"WebSite","@id":"https:\/\/www.bellunopress.it\/#website","url":"https:\/\/www.bellunopress.it\/","name":"Bellunopress - Dolomiti","description":"e-mail: redazione@bellunopress.it","publisher":{"@id":"https:\/\/www.bellunopress.it\/#organization"},"potentialAction":[{"@type":"SearchAction","target":{"@type":"EntryPoint","urlTemplate":"https:\/\/www.bellunopress.it\/?s={search_term_string}"},"query-input":{"@type":"PropertyValueSpecification","valueRequired":true,"valueName":"search_term_string"}}],"inLanguage":"fr-FR"},{"@type":"Organization","@id":"https:\/\/www.bellunopress.it\/#organization","name":"Bellunopress","url":"https:\/\/www.bellunopress.it\/","logo":{"@type":"ImageObject","inLanguage":"fr-FR","@id":"https:\/\/www.bellunopress.it\/#\/schema\/logo\/image\/","url":"https:\/\/www.bellunopress.it\/wp-content\/uploads\/2011\/05\/cropped-logo-bellunopress-.jpg","contentUrl":"https:\/\/www.bellunopress.it\/wp-content\/uploads\/2011\/05\/cropped-logo-bellunopress-.jpg","width":512,"height":512,"caption":"Bellunopress"},"image":{"@id":"https:\/\/www.bellunopress.it\/#\/schema\/logo\/image\/"},"sameAs":["https:\/\/www.facebook.com\/profile.php?id=100008943462799","https:\/\/x.com\/bellunopress","https:\/\/www.linkedin.com\/hp\/?dnr=JBzUWaJfMUw8vbXJJ2tVW5-I3jZKvC4wsoxE&amp;amp;amp;amp;amp;amp;trk=nav_responsive_tab_home","https:\/\/www.youtube.com\/channel\/UCxL0wu1uN0_3_7hGG0306cw"]},{"@type":"Person","@id":"https:\/\/www.bellunopress.it\/#\/schema\/person\/79bb06722b37ece1c03d3e94beb30d73","name":"r\u00e9daction","image":{"@type":"ImageObject","inLanguage":"fr-FR","@id":"https:\/\/secure.gravatar.com\/avatar\/37d968a2e67a6fd04c169c4bdef102d0bc5d31b2546345219e348575eb80e9a0?s=96&d=mm&r=g","url":"https:\/\/secure.gravatar.com\/avatar\/37d968a2e67a6fd04c169c4bdef102d0bc5d31b2546345219e348575eb80e9a0?s=96&d=mm&r=g","contentUrl":"https:\/\/secure.gravatar.com\/avatar\/37d968a2e67a6fd04c169c4bdef102d0bc5d31b2546345219e348575eb80e9a0?s=96&d=mm&r=g","caption":"redazione"},"sameAs":["http:\/\/www.bellunopress.it","https:\/\/x.com\/bellunopress"],"url":"https:\/\/www.bellunopress.it\/fr\/author\/redazione\/"}]}},"_links":{"self":[{"href":"https:\/\/www.bellunopress.it\/fr\/wp-json\/wp\/v2\/posts\/47861","targetHints":{"allow":["GET"]}}],"collection":[{"href":"https:\/\/www.bellunopress.it\/fr\/wp-json\/wp\/v2\/posts"}],"about":[{"href":"https:\/\/www.bellunopress.it\/fr\/wp-json\/wp\/v2\/types\/post"}],"author":[{"embeddable":true,"href":"https:\/\/www.bellunopress.it\/fr\/wp-json\/wp\/v2\/users\/2"}],"replies":[{"embeddable":true,"href":"https:\/\/www.bellunopress.it\/fr\/wp-json\/wp\/v2\/comments?post=47861"}],"version-history":[{"count":1,"href":"https:\/\/www.bellunopress.it\/fr\/wp-json\/wp\/v2\/posts\/47861\/revisions"}],"predecessor-version":[{"id":47863,"href":"https:\/\/www.bellunopress.it\/fr\/wp-json\/wp\/v2\/posts\/47861\/revisions\/47863"}],"wp:attachment":[{"href":"https:\/\/www.bellunopress.it\/fr\/wp-json\/wp\/v2\/media?parent=47861"}],"wp:term":[{"taxonomy":"category","embeddable":true,"href":"https:\/\/www.bellunopress.it\/fr\/wp-json\/wp\/v2\/categories?post=47861"},{"taxonomy":"post_tag","embeddable":true,"href":"https:\/\/www.bellunopress.it\/fr\/wp-json\/wp\/v2\/tags?post=47861"}],"curies":[{"name":"wp","href":"https:\/\/api.w.org\/{rel}","templated":true}]}}