{"id":47856,"date":"2013-04-03T07:06:12","date_gmt":"2013-04-03T06:06:12","guid":{"rendered":"http:\/\/www.bellunopress.it\/?p=47856"},"modified":"2013-03-23T19:08:48","modified_gmt":"2013-03-23T18:08:48","slug":"domenica-7-aprile-a-limana-torna-la-festa-del-bambino","status":"publish","type":"post","link":"https:\/\/www.bellunopress.it\/fr\/2013\/04\/03\/domenica-7-aprile-a-limana-torna-la-festa-del-bambino\/","title":{"rendered":"Domenica 7 aprile a Limana torna la Festa del bambino"},"content":{"rendered":"<p>Torna anche quest&#8217;anno a Limana la Festa del Bambino, organizzata dal Gruppo Frazionale volontari \u201cQuartiere Europa\u201d, la Pro loco di Limana in collaborazione con il patrocinio del Comune di Limana e le associazioni locali. Lo scopo di questa festa \u00e8 sempre quello di creare momenti di aggregazione tra tutti gli abitanti delle Frazioni del Comune di Limana,iniziando dai pi\u00f9 piccoli di varie estrazioni sociali e etnie.<\/p>\n<p>Un&#8217;intera giornata, domenica 7 aprile, per vivacizzare il paese, quest&#8217;anno ancor pi\u00f9 densa di appuntamenti. Si inizia alle10.30 del mattino con la celebrazione della Santa Messa nella Chiesa parrocchiale di Limana, con la presentazione alla comunit\u00e0 dei bambini e delle bambine nati nell\u2019anno 2012 e residenti a Limana.<\/p>\n<p>La festa proseguir\u00e0 nel pomeriggio al Palalimana, dalle 14,00 alle 15,30, con l&#8217;iniziativa \u201cCorri, tira, salta e gira\u201d, che vedr\u00e0 i bimbi cimentarsi in alcuni giochi di un tempo come tiro alla fune, corsa con i sacchi, \u201ccampanon\u201d, quattro cantoni, salto della scimmia, gioco del cerchio e altri bei giochi. Seguir\u00e0 alle ore 15,30 l&#8217;esibizione coreografica su pattini a rotelle con lo Skating Club di Sedico. Mentre dalle ore 16,00 un momento musicale con il Coro Arcobaleno di Limana con dei canti dello Zecchino d&#8217;Oro. Dalle ore 16,30 alle ore 17,00, sempre al Palalimana, le performance \u201cBallo Danza e Allegria\u201d con la partecipazione del corso principianti Kids e junior della palestra Giim&amp;Tonic di Feltre, con le coreografie delle insegnanti Ester De Lazzer e Serena Castelli e la direzione artistica \u00e8 affidata a Laura Zidarich.<\/p>\n<p>Si prosegue dalle ore 17,00 alle ore 18,00 \u201cEvviva la Cicogna\u201d,in particolare dei neonati nel 2012, ai quali sar\u00e0 donato un ricordino di benvenuto, offerto dalla Pro Loco e consegnato dai propri Capi Frazione, seguito dalla premiazione del concorso fotografico \u201cFotografa le 4 stagioni a Limana\u201d e poi la consegna riconoscimento ai ragazzi per le \u201cArnie\u201d dipinte in occasione della \u201cFesta del Miele 2012\u201d (Apidolomiti e Pro Loco). La festa del bambino avr\u00e0 altri momenti di aggregazione. Dalle 14 alle 19 \u201cPiccoli artigiani del legno\u201dcon Marco Meneghel e Anna Maria Reolon, , \u201cLeggere che Passione\u201d, dono di libri solo tra bambini a cura della Biblioteca comunale, \u201cGiocando con il cioccolato\u201d con Mirco Della Vecchia, \u201cMiele che bont\u00e0\u201d, assaggi di variet\u00e0 di miele per grandi e piccini, banchetto \u201cInsieme si pu\u00f2\u201d a favore delle popolazioni povere. Al termine della giornata verr\u00e0 offerto un rinfresco dai volontari del \u201cQuartiere Europa\u201d. Il programma completo della festa si pu\u00f2 trovare sul sito del Quartiere Europa di Limana, www.quartiereuropa.altervista.org<\/p>\n<p>&nbsp;<\/p>\n<p>&nbsp;<\/p>\n<p>&nbsp;<\/p>","protected":false},"excerpt":{"rendered":"<p>Torna anche quest&#8217;anno a Limana la Festa del Bambino, organizzata dal Gruppo Frazionale volontari \u201cQuartiere Europa\u201d, la Pro loco di Limana in collaborazione con il patrocinio del Comune di Limana e le associazioni locali. Lo scopo di questa festa \u00e8 sempre quello di creare momenti di aggregazione tra tutti gli abitanti delle Frazioni del Comune [&hellip;]<\/p>\n","protected":false},"author":2,"featured_media":0,"comment_status":"closed","ping_status":"open","sticky":false,"template":"","format":"standard","meta":{"footnotes":""},"categories":[27],"tags":[],"class_list":["post-47856","post","type-post","status-publish","format-standard","category-appuntamenti"],"yoast_head":"<!-- This site is optimized with the Yoast SEO plugin v28.4 - https:\/\/yoast.com\/product\/yoast-seo-wordpress\/ -->\n<title>Domenica 7 aprile a Limana torna la Festa del bambino - Bellunopress - Dolomiti<\/title>\n<meta name=\"robots\" content=\"index, follow, max-snippet:-1, max-image-preview:large, max-video-preview:-1\" \/>\n<link rel=\"canonical\" href=\"https:\/\/www.bellunopress.it\/fr\/2013\/04\/03\/domenica-7-aprile-a-limana-torna-la-festa-del-bambino\/\" \/>\n<meta property=\"og:locale\" content=\"fr_FR\" \/>\n<meta property=\"og:type\" content=\"article\" \/>\n<meta property=\"og:title\" content=\"Domenica 7 aprile a Limana torna la Festa del bambino - Bellunopress - Dolomiti\" \/>\n<meta property=\"og:description\" content=\"Torna anche quest&#8217;anno a Limana la Festa del Bambino, organizzata dal Gruppo Frazionale volontari \u201cQuartiere Europa\u201d, la Pro loco di Limana in collaborazione con il patrocinio del Comune di Limana e le associazioni locali. Lo scopo di questa festa \u00e8 sempre quello di creare momenti di aggregazione tra tutti gli abitanti delle Frazioni del Comune [&hellip;]\" \/>\n<meta property=\"og:url\" content=\"https:\/\/www.bellunopress.it\/fr\/2013\/04\/03\/domenica-7-aprile-a-limana-torna-la-festa-del-bambino\/\" \/>\n<meta property=\"og:site_name\" content=\"Bellunopress - Dolomiti\" \/>\n<meta property=\"article:publisher\" content=\"https:\/\/www.facebook.com\/profile.php?id=100008943462799\" \/>\n<meta property=\"article:published_time\" content=\"2013-04-03T06:06:12+00:00\" \/>\n<meta property=\"og:image\" content=\"http:\/\/www.bellunopress.it\/wp-content\/uploads\/2012\/07\/logo-bellunopress-250x250-2012.jpg\" \/>\n<meta name=\"author\" content=\"redazione\" \/>\n<meta name=\"twitter:card\" content=\"summary_large_image\" \/>\n<meta name=\"twitter:creator\" content=\"@bellunopress\" \/>\n<meta name=\"twitter:site\" content=\"@bellunopress\" \/>\n<meta name=\"twitter:label1\" content=\"\u00c9crit par\" \/>\n\t<meta name=\"twitter:data1\" content=\"redazione\" \/>\n\t<meta name=\"twitter:label2\" content=\"Dur\u00e9e de lecture estim\u00e9e\" \/>\n\t<meta name=\"twitter:data2\" content=\"2 minutes\" \/>\n<script type=\"application\/ld+json\" class=\"yoast-schema-graph\">{\"@context\":\"https:\\\/\\\/schema.org\",\"@graph\":[{\"@type\":\"Article\",\"@id\":\"https:\\\/\\\/www.bellunopress.it\\\/2013\\\/04\\\/03\\\/domenica-7-aprile-a-limana-torna-la-festa-del-bambino\\\/#article\",\"isPartOf\":{\"@id\":\"https:\\\/\\\/www.bellunopress.it\\\/2013\\\/04\\\/03\\\/domenica-7-aprile-a-limana-torna-la-festa-del-bambino\\\/\"},\"author\":{\"name\":\"redazione\",\"@id\":\"https:\\\/\\\/www.bellunopress.it\\\/#\\\/schema\\\/person\\\/79bb06722b37ece1c03d3e94beb30d73\"},\"headline\":\"Domenica 7 aprile a Limana torna la Festa del bambino\",\"datePublished\":\"2013-04-03T06:06:12+00:00\",\"mainEntityOfPage\":{\"@id\":\"https:\\\/\\\/www.bellunopress.it\\\/2013\\\/04\\\/03\\\/domenica-7-aprile-a-limana-torna-la-festa-del-bambino\\\/\"},\"wordCount\":421,\"publisher\":{\"@id\":\"https:\\\/\\\/www.bellunopress.it\\\/#organization\"},\"articleSection\":[\"Appuntamenti, Eventi\"],\"inLanguage\":\"fr-FR\"},{\"@type\":\"WebPage\",\"@id\":\"https:\\\/\\\/www.bellunopress.it\\\/2013\\\/04\\\/03\\\/domenica-7-aprile-a-limana-torna-la-festa-del-bambino\\\/\",\"url\":\"https:\\\/\\\/www.bellunopress.it\\\/2013\\\/04\\\/03\\\/domenica-7-aprile-a-limana-torna-la-festa-del-bambino\\\/\",\"name\":\"Domenica 7 aprile a Limana torna la Festa del bambino - Bellunopress - Dolomiti\",\"isPartOf\":{\"@id\":\"https:\\\/\\\/www.bellunopress.it\\\/#website\"},\"datePublished\":\"2013-04-03T06:06:12+00:00\",\"breadcrumb\":{\"@id\":\"https:\\\/\\\/www.bellunopress.it\\\/2013\\\/04\\\/03\\\/domenica-7-aprile-a-limana-torna-la-festa-del-bambino\\\/#breadcrumb\"},\"inLanguage\":\"fr-FR\",\"potentialAction\":[{\"@type\":\"ReadAction\",\"target\":[\"https:\\\/\\\/www.bellunopress.it\\\/2013\\\/04\\\/03\\\/domenica-7-aprile-a-limana-torna-la-festa-del-bambino\\\/\"]}]},{\"@type\":\"BreadcrumbList\",\"@id\":\"https:\\\/\\\/www.bellunopress.it\\\/2013\\\/04\\\/03\\\/domenica-7-aprile-a-limana-torna-la-festa-del-bambino\\\/#breadcrumb\",\"itemListElement\":[{\"@type\":\"ListItem\",\"position\":1,\"name\":\"Home\",\"item\":\"https:\\\/\\\/www.bellunopress.it\\\/\"},{\"@type\":\"ListItem\",\"position\":2,\"name\":\"Domenica 7 aprile a Limana torna la Festa del bambino\"}]},{\"@type\":\"WebSite\",\"@id\":\"https:\\\/\\\/www.bellunopress.it\\\/#website\",\"url\":\"https:\\\/\\\/www.bellunopress.it\\\/\",\"name\":\"Bellunopress - Dolomiti\",\"description\":\"e-mail: redazione@bellunopress.it\",\"publisher\":{\"@id\":\"https:\\\/\\\/www.bellunopress.it\\\/#organization\"},\"potentialAction\":[{\"@type\":\"SearchAction\",\"target\":{\"@type\":\"EntryPoint\",\"urlTemplate\":\"https:\\\/\\\/www.bellunopress.it\\\/?s={search_term_string}\"},\"query-input\":{\"@type\":\"PropertyValueSpecification\",\"valueRequired\":true,\"valueName\":\"search_term_string\"}}],\"inLanguage\":\"fr-FR\"},{\"@type\":\"Organization\",\"@id\":\"https:\\\/\\\/www.bellunopress.it\\\/#organization\",\"name\":\"Bellunopress\",\"url\":\"https:\\\/\\\/www.bellunopress.it\\\/\",\"logo\":{\"@type\":\"ImageObject\",\"inLanguage\":\"fr-FR\",\"@id\":\"https:\\\/\\\/www.bellunopress.it\\\/#\\\/schema\\\/logo\\\/image\\\/\",\"url\":\"https:\\\/\\\/www.bellunopress.it\\\/wp-content\\\/uploads\\\/2011\\\/05\\\/cropped-logo-bellunopress-.jpg\",\"contentUrl\":\"https:\\\/\\\/www.bellunopress.it\\\/wp-content\\\/uploads\\\/2011\\\/05\\\/cropped-logo-bellunopress-.jpg\",\"width\":512,\"height\":512,\"caption\":\"Bellunopress\"},\"image\":{\"@id\":\"https:\\\/\\\/www.bellunopress.it\\\/#\\\/schema\\\/logo\\\/image\\\/\"},\"sameAs\":[\"https:\\\/\\\/www.facebook.com\\\/profile.php?id=100008943462799\",\"https:\\\/\\\/x.com\\\/bellunopress\",\"https:\\\/\\\/www.linkedin.com\\\/hp\\\/?dnr=JBzUWaJfMUw8vbXJJ2tVW5-I3jZKvC4wsoxE&amp;amp;amp;amp;amp;amp;trk=nav_responsive_tab_home\",\"https:\\\/\\\/www.youtube.com\\\/channel\\\/UCxL0wu1uN0_3_7hGG0306cw\"]},{\"@type\":\"Person\",\"@id\":\"https:\\\/\\\/www.bellunopress.it\\\/#\\\/schema\\\/person\\\/79bb06722b37ece1c03d3e94beb30d73\",\"name\":\"redazione\",\"image\":{\"@type\":\"ImageObject\",\"inLanguage\":\"fr-FR\",\"@id\":\"https:\\\/\\\/secure.gravatar.com\\\/avatar\\\/37d968a2e67a6fd04c169c4bdef102d0bc5d31b2546345219e348575eb80e9a0?s=96&d=mm&r=g\",\"url\":\"https:\\\/\\\/secure.gravatar.com\\\/avatar\\\/37d968a2e67a6fd04c169c4bdef102d0bc5d31b2546345219e348575eb80e9a0?s=96&d=mm&r=g\",\"contentUrl\":\"https:\\\/\\\/secure.gravatar.com\\\/avatar\\\/37d968a2e67a6fd04c169c4bdef102d0bc5d31b2546345219e348575eb80e9a0?s=96&d=mm&r=g\",\"caption\":\"redazione\"},\"sameAs\":[\"http:\\\/\\\/www.bellunopress.it\",\"https:\\\/\\\/x.com\\\/bellunopress\"],\"url\":\"https:\\\/\\\/www.bellunopress.it\\\/fr\\\/author\\\/redazione\\\/\"}]}<\/script>\n<!-- \/ Yoast SEO plugin. -->","yoast_head_json":{"title":"Domenica 7 aprile a Limana torna la Festa del bambino - Bellunopress - Dolomiti","robots":{"index":"index","follow":"follow","max-snippet":"max-snippet:-1","max-image-preview":"max-image-preview:large","max-video-preview":"max-video-preview:-1"},"canonical":"https:\/\/www.bellunopress.it\/fr\/2013\/04\/03\/domenica-7-aprile-a-limana-torna-la-festa-del-bambino\/","og_locale":"fr_FR","og_type":"article","og_title":"Domenica 7 aprile a Limana torna la Festa del bambino - Bellunopress - Dolomiti","og_description":"Torna anche quest&#8217;anno a Limana la Festa del Bambino, organizzata dal Gruppo Frazionale volontari \u201cQuartiere Europa\u201d, la Pro loco di Limana in collaborazione con il patrocinio del Comune di Limana e le associazioni locali. Lo scopo di questa festa \u00e8 sempre quello di creare momenti di aggregazione tra tutti gli abitanti delle Frazioni del Comune [&hellip;]","og_url":"https:\/\/www.bellunopress.it\/fr\/2013\/04\/03\/domenica-7-aprile-a-limana-torna-la-festa-del-bambino\/","og_site_name":"Bellunopress - Dolomiti","article_publisher":"https:\/\/www.facebook.com\/profile.php?id=100008943462799","article_published_time":"2013-04-03T06:06:12+00:00","og_image":[{"url":"http:\/\/www.bellunopress.it\/wp-content\/uploads\/2012\/07\/logo-bellunopress-250x250-2012.jpg","type":"","width":"","height":""}],"author":"redazione","twitter_card":"summary_large_image","twitter_creator":"@bellunopress","twitter_site":"@bellunopress","twitter_misc":{"\u00c9crit par":"redazione","Dur\u00e9e de lecture estim\u00e9e":"2 minutes"},"schema":{"@context":"https:\/\/schema.org","@graph":[{"@type":"Article","@id":"https:\/\/www.bellunopress.it\/2013\/04\/03\/domenica-7-aprile-a-limana-torna-la-festa-del-bambino\/#article","isPartOf":{"@id":"https:\/\/www.bellunopress.it\/2013\/04\/03\/domenica-7-aprile-a-limana-torna-la-festa-del-bambino\/"},"author":{"name":"redazione","@id":"https:\/\/www.bellunopress.it\/#\/schema\/person\/79bb06722b37ece1c03d3e94beb30d73"},"headline":"Domenica 7 aprile a Limana torna la Festa del bambino","datePublished":"2013-04-03T06:06:12+00:00","mainEntityOfPage":{"@id":"https:\/\/www.bellunopress.it\/2013\/04\/03\/domenica-7-aprile-a-limana-torna-la-festa-del-bambino\/"},"wordCount":421,"publisher":{"@id":"https:\/\/www.bellunopress.it\/#organization"},"articleSection":["Appuntamenti, Eventi"],"inLanguage":"fr-FR"},{"@type":"WebPage","@id":"https:\/\/www.bellunopress.it\/2013\/04\/03\/domenica-7-aprile-a-limana-torna-la-festa-del-bambino\/","url":"https:\/\/www.bellunopress.it\/2013\/04\/03\/domenica-7-aprile-a-limana-torna-la-festa-del-bambino\/","name":"Domenica 7 aprile a Limana torna la Festa del bambino - Bellunopress - Dolomiti","isPartOf":{"@id":"https:\/\/www.bellunopress.it\/#website"},"datePublished":"2013-04-03T06:06:12+00:00","breadcrumb":{"@id":"https:\/\/www.bellunopress.it\/2013\/04\/03\/domenica-7-aprile-a-limana-torna-la-festa-del-bambino\/#breadcrumb"},"inLanguage":"fr-FR","potentialAction":[{"@type":"ReadAction","target":["https:\/\/www.bellunopress.it\/2013\/04\/03\/domenica-7-aprile-a-limana-torna-la-festa-del-bambino\/"]}]},{"@type":"BreadcrumbList","@id":"https:\/\/www.bellunopress.it\/2013\/04\/03\/domenica-7-aprile-a-limana-torna-la-festa-del-bambino\/#breadcrumb","itemListElement":[{"@type":"ListItem","position":1,"name":"Home","item":"https:\/\/www.bellunopress.it\/"},{"@type":"ListItem","position":2,"name":"Domenica 7 aprile a Limana torna la Festa del bambino"}]},{"@type":"WebSite","@id":"https:\/\/www.bellunopress.it\/#website","url":"https:\/\/www.bellunopress.it\/","name":"Bellunopress - Dolomiti","description":"e-mail: redazione@bellunopress.it","publisher":{"@id":"https:\/\/www.bellunopress.it\/#organization"},"potentialAction":[{"@type":"SearchAction","target":{"@type":"EntryPoint","urlTemplate":"https:\/\/www.bellunopress.it\/?s={search_term_string}"},"query-input":{"@type":"PropertyValueSpecification","valueRequired":true,"valueName":"search_term_string"}}],"inLanguage":"fr-FR"},{"@type":"Organization","@id":"https:\/\/www.bellunopress.it\/#organization","name":"Bellunopress","url":"https:\/\/www.bellunopress.it\/","logo":{"@type":"ImageObject","inLanguage":"fr-FR","@id":"https:\/\/www.bellunopress.it\/#\/schema\/logo\/image\/","url":"https:\/\/www.bellunopress.it\/wp-content\/uploads\/2011\/05\/cropped-logo-bellunopress-.jpg","contentUrl":"https:\/\/www.bellunopress.it\/wp-content\/uploads\/2011\/05\/cropped-logo-bellunopress-.jpg","width":512,"height":512,"caption":"Bellunopress"},"image":{"@id":"https:\/\/www.bellunopress.it\/#\/schema\/logo\/image\/"},"sameAs":["https:\/\/www.facebook.com\/profile.php?id=100008943462799","https:\/\/x.com\/bellunopress","https:\/\/www.linkedin.com\/hp\/?dnr=JBzUWaJfMUw8vbXJJ2tVW5-I3jZKvC4wsoxE&amp;amp;amp;amp;amp;amp;trk=nav_responsive_tab_home","https:\/\/www.youtube.com\/channel\/UCxL0wu1uN0_3_7hGG0306cw"]},{"@type":"Person","@id":"https:\/\/www.bellunopress.it\/#\/schema\/person\/79bb06722b37ece1c03d3e94beb30d73","name":"r\u00e9daction","image":{"@type":"ImageObject","inLanguage":"fr-FR","@id":"https:\/\/secure.gravatar.com\/avatar\/37d968a2e67a6fd04c169c4bdef102d0bc5d31b2546345219e348575eb80e9a0?s=96&d=mm&r=g","url":"https:\/\/secure.gravatar.com\/avatar\/37d968a2e67a6fd04c169c4bdef102d0bc5d31b2546345219e348575eb80e9a0?s=96&d=mm&r=g","contentUrl":"https:\/\/secure.gravatar.com\/avatar\/37d968a2e67a6fd04c169c4bdef102d0bc5d31b2546345219e348575eb80e9a0?s=96&d=mm&r=g","caption":"redazione"},"sameAs":["http:\/\/www.bellunopress.it","https:\/\/x.com\/bellunopress"],"url":"https:\/\/www.bellunopress.it\/fr\/author\/redazione\/"}]}},"_links":{"self":[{"href":"https:\/\/www.bellunopress.it\/fr\/wp-json\/wp\/v2\/posts\/47856","targetHints":{"allow":["GET"]}}],"collection":[{"href":"https:\/\/www.bellunopress.it\/fr\/wp-json\/wp\/v2\/posts"}],"about":[{"href":"https:\/\/www.bellunopress.it\/fr\/wp-json\/wp\/v2\/types\/post"}],"author":[{"embeddable":true,"href":"https:\/\/www.bellunopress.it\/fr\/wp-json\/wp\/v2\/users\/2"}],"replies":[{"embeddable":true,"href":"https:\/\/www.bellunopress.it\/fr\/wp-json\/wp\/v2\/comments?post=47856"}],"version-history":[{"count":1,"href":"https:\/\/www.bellunopress.it\/fr\/wp-json\/wp\/v2\/posts\/47856\/revisions"}],"predecessor-version":[{"id":47857,"href":"https:\/\/www.bellunopress.it\/fr\/wp-json\/wp\/v2\/posts\/47856\/revisions\/47857"}],"wp:attachment":[{"href":"https:\/\/www.bellunopress.it\/fr\/wp-json\/wp\/v2\/media?parent=47856"}],"wp:term":[{"taxonomy":"category","embeddable":true,"href":"https:\/\/www.bellunopress.it\/fr\/wp-json\/wp\/v2\/categories?post=47856"},{"taxonomy":"post_tag","embeddable":true,"href":"https:\/\/www.bellunopress.it\/fr\/wp-json\/wp\/v2\/tags?post=47856"}],"curies":[{"name":"wp","href":"https:\/\/api.w.org\/{rel}","templated":true}]}}