{"id":47851,"date":"2013-03-24T09:00:45","date_gmt":"2013-03-24T08:00:45","guid":{"rendered":"http:\/\/www.bellunopress.it\/?p=47851"},"modified":"2013-03-23T17:23:20","modified_gmt":"2013-03-23T16:23:20","slug":"si-e-conclusa-ieri-in-versi-per-le-vie-del-centro-di-belluno-la-settimana-dellamore","status":"publish","type":"post","link":"https:\/\/www.bellunopress.it\/fr\/2013\/03\/24\/si-e-conclusa-ieri-in-versi-per-le-vie-del-centro-di-belluno-la-settimana-dellamore\/","title":{"rendered":"Si \u00e8 conclusa ieri in versi, per le vie del centro di Belluno, la Settimana dell&#8217;Amore"},"content":{"rendered":"<p><a href=\"http:\/\/www.bellunopress.it\/wp-content\/uploads\/2013\/03\/amore_e_psiche-leggera.jpg\"><img loading=\"lazy\" decoding=\"async\" class=\"alignleft size-full wp-image-47852\" alt=\"amore_e_psiche leggera\" src=\"http:\/\/www.bellunopress.it\/wp-content\/uploads\/2013\/03\/amore_e_psiche-leggera.jpg\" width=\"180\" height=\"171\" \/><\/a>Chi \u00e8 Eros? Il dio dell\u2019amore sublime, o quel \u201cdaimon\u201d scapestrato che tormenta Psiche fino alle lacrime, incontenibile e bullo? E Thanatos, la morte, cosa c\u2019entra con i due? Il tema, in bilico tra psicoanalisi e mito, \u00e8 stato trattato dallo storico e umanista bellunese Francesco Piero Franchi per la \u201cSettimana dell\u2019amore\u201d, che si \u00e8 conclusa sabato a Belluno con gli slam di poesia in alcuni locali della citt\u00e0, con letture di autori diversi in pellegrinaggio amoroso per il centro. Alla tavola rotonda nella sala comunale Dal Pont, venerd\u00ec, sono intervenuti inoltre la storica e critica dell\u2019arte Lorella Gava, con l\u2019amore nell\u2019arte, descrivendo ai numerosi presenti una serie di opere celebri inneggianti all\u2019idillio, spesso dall\u2019esito fatale, e il musicista Paolo Da Col, sulle canzoni d\u2019amore \u201cbarcarole\u201d al tempo della Serenissima. Una per tutte: La \u201cbiondina in gondo\u00e8ta\u201d di Lamberti. L\u2019incontro, patrocinato dal Comune di Belluno e l\u2019assessorato alla cultura con Claudia Alpago Novello, \u00e8 stato presentato e introdotto da Mirta Amanda Barbonetti.<\/p>","protected":false},"excerpt":{"rendered":"<p>Chi \u00e8 Eros? Il dio dell\u2019amore sublime, o quel \u201cdaimon\u201d scapestrato che tormenta Psiche fino alle lacrime, incontenibile e bullo? E Thanatos, la morte, cosa c\u2019entra con i due? Il tema, in bilico tra psicoanalisi e mito, \u00e8 stato trattato dallo storico e umanista bellunese Francesco Piero Franchi per la \u201cSettimana dell\u2019amore\u201d, che si \u00e8 [&hellip;]<\/p>\n","protected":false},"author":2,"featured_media":0,"comment_status":"closed","ping_status":"open","sticky":false,"template":"","format":"standard","meta":{"footnotes":""},"categories":[3,25],"tags":[],"class_list":["post-47851","post","type-post","status-publish","format-standard","category-arte-cultura-spettacoli-scienza-archivi","category-pausa-caffe"],"yoast_head":"<!-- This site is optimized with the Yoast SEO plugin v28.4 - https:\/\/yoast.com\/product\/yoast-seo-wordpress\/ -->\n<title>Si \u00e8 conclusa ieri in versi, per le vie del centro di Belluno, la Settimana dell&#039;Amore - Bellunopress - Dolomiti<\/title>\n<meta name=\"robots\" content=\"index, follow, max-snippet:-1, max-image-preview:large, max-video-preview:-1\" \/>\n<link rel=\"canonical\" href=\"https:\/\/www.bellunopress.it\/fr\/2013\/03\/24\/si-e-conclusa-ieri-in-versi-per-le-vie-del-centro-di-belluno-la-settimana-dellamore\/\" \/>\n<meta property=\"og:locale\" content=\"fr_FR\" \/>\n<meta property=\"og:type\" content=\"article\" \/>\n<meta property=\"og:title\" content=\"Si \u00e8 conclusa ieri in versi, per le vie del centro di Belluno, la Settimana dell&#039;Amore - Bellunopress - Dolomiti\" \/>\n<meta property=\"og:description\" content=\"Chi \u00e8 Eros? Il dio dell\u2019amore sublime, o quel \u201cdaimon\u201d scapestrato che tormenta Psiche fino alle lacrime, incontenibile e bullo? E Thanatos, la morte, cosa c\u2019entra con i due? Il tema, in bilico tra psicoanalisi e mito, \u00e8 stato trattato dallo storico e umanista bellunese Francesco Piero Franchi per la \u201cSettimana dell\u2019amore\u201d, che si \u00e8 [&hellip;]\" \/>\n<meta property=\"og:url\" content=\"https:\/\/www.bellunopress.it\/fr\/2013\/03\/24\/si-e-conclusa-ieri-in-versi-per-le-vie-del-centro-di-belluno-la-settimana-dellamore\/\" \/>\n<meta property=\"og:site_name\" content=\"Bellunopress - Dolomiti\" \/>\n<meta property=\"article:publisher\" content=\"https:\/\/www.facebook.com\/profile.php?id=100008943462799\" \/>\n<meta property=\"article:published_time\" content=\"2013-03-24T08:00:45+00:00\" \/>\n<meta property=\"og:image\" content=\"http:\/\/www.bellunopress.it\/wp-content\/uploads\/2013\/03\/amore_e_psiche-leggera.jpg\" \/>\n<meta name=\"author\" content=\"redazione\" \/>\n<meta name=\"twitter:card\" content=\"summary_large_image\" \/>\n<meta name=\"twitter:creator\" content=\"@bellunopress\" \/>\n<meta name=\"twitter:site\" content=\"@bellunopress\" \/>\n<meta name=\"twitter:label1\" content=\"\u00c9crit par\" \/>\n\t<meta name=\"twitter:data1\" content=\"redazione\" \/>\n\t<meta name=\"twitter:label2\" content=\"Dur\u00e9e de lecture estim\u00e9e\" \/>\n\t<meta name=\"twitter:data2\" content=\"1 minute\" \/>\n<script type=\"application\/ld+json\" class=\"yoast-schema-graph\">{\"@context\":\"https:\\\/\\\/schema.org\",\"@graph\":[{\"@type\":\"Article\",\"@id\":\"https:\\\/\\\/www.bellunopress.it\\\/2013\\\/03\\\/24\\\/si-e-conclusa-ieri-in-versi-per-le-vie-del-centro-di-belluno-la-settimana-dellamore\\\/#article\",\"isPartOf\":{\"@id\":\"https:\\\/\\\/www.bellunopress.it\\\/2013\\\/03\\\/24\\\/si-e-conclusa-ieri-in-versi-per-le-vie-del-centro-di-belluno-la-settimana-dellamore\\\/\"},\"author\":{\"name\":\"redazione\",\"@id\":\"https:\\\/\\\/www.bellunopress.it\\\/#\\\/schema\\\/person\\\/79bb06722b37ece1c03d3e94beb30d73\"},\"headline\":\"Si \u00e8 conclusa ieri in versi, per le vie del centro di Belluno, la Settimana dell&#8217;Amore\",\"datePublished\":\"2013-03-24T08:00:45+00:00\",\"mainEntityOfPage\":{\"@id\":\"https:\\\/\\\/www.bellunopress.it\\\/2013\\\/03\\\/24\\\/si-e-conclusa-ieri-in-versi-per-le-vie-del-centro-di-belluno-la-settimana-dellamore\\\/\"},\"wordCount\":186,\"publisher\":{\"@id\":\"https:\\\/\\\/www.bellunopress.it\\\/#organization\"},\"image\":{\"@id\":\"https:\\\/\\\/www.bellunopress.it\\\/2013\\\/03\\\/24\\\/si-e-conclusa-ieri-in-versi-per-le-vie-del-centro-di-belluno-la-settimana-dellamore\\\/#primaryimage\"},\"thumbnailUrl\":\"http:\\\/\\\/www.bellunopress.it\\\/wp-content\\\/uploads\\\/2013\\\/03\\\/amore_e_psiche-leggera.jpg\",\"articleSection\":[\"Arte, Cultura, Spettacoli, Scienza\",\"Pausa Caff\u00e8\"],\"inLanguage\":\"fr-FR\"},{\"@type\":\"WebPage\",\"@id\":\"https:\\\/\\\/www.bellunopress.it\\\/2013\\\/03\\\/24\\\/si-e-conclusa-ieri-in-versi-per-le-vie-del-centro-di-belluno-la-settimana-dellamore\\\/\",\"url\":\"https:\\\/\\\/www.bellunopress.it\\\/2013\\\/03\\\/24\\\/si-e-conclusa-ieri-in-versi-per-le-vie-del-centro-di-belluno-la-settimana-dellamore\\\/\",\"name\":\"Si \u00e8 conclusa ieri in versi, per le vie del centro di Belluno, la Settimana dell'Amore - Bellunopress - Dolomiti\",\"isPartOf\":{\"@id\":\"https:\\\/\\\/www.bellunopress.it\\\/#website\"},\"primaryImageOfPage\":{\"@id\":\"https:\\\/\\\/www.bellunopress.it\\\/2013\\\/03\\\/24\\\/si-e-conclusa-ieri-in-versi-per-le-vie-del-centro-di-belluno-la-settimana-dellamore\\\/#primaryimage\"},\"image\":{\"@id\":\"https:\\\/\\\/www.bellunopress.it\\\/2013\\\/03\\\/24\\\/si-e-conclusa-ieri-in-versi-per-le-vie-del-centro-di-belluno-la-settimana-dellamore\\\/#primaryimage\"},\"thumbnailUrl\":\"http:\\\/\\\/www.bellunopress.it\\\/wp-content\\\/uploads\\\/2013\\\/03\\\/amore_e_psiche-leggera.jpg\",\"datePublished\":\"2013-03-24T08:00:45+00:00\",\"breadcrumb\":{\"@id\":\"https:\\\/\\\/www.bellunopress.it\\\/2013\\\/03\\\/24\\\/si-e-conclusa-ieri-in-versi-per-le-vie-del-centro-di-belluno-la-settimana-dellamore\\\/#breadcrumb\"},\"inLanguage\":\"fr-FR\",\"potentialAction\":[{\"@type\":\"ReadAction\",\"target\":[\"https:\\\/\\\/www.bellunopress.it\\\/2013\\\/03\\\/24\\\/si-e-conclusa-ieri-in-versi-per-le-vie-del-centro-di-belluno-la-settimana-dellamore\\\/\"]}]},{\"@type\":\"ImageObject\",\"inLanguage\":\"fr-FR\",\"@id\":\"https:\\\/\\\/www.bellunopress.it\\\/2013\\\/03\\\/24\\\/si-e-conclusa-ieri-in-versi-per-le-vie-del-centro-di-belluno-la-settimana-dellamore\\\/#primaryimage\",\"url\":\"http:\\\/\\\/www.bellunopress.it\\\/wp-content\\\/uploads\\\/2013\\\/03\\\/amore_e_psiche-leggera.jpg\",\"contentUrl\":\"http:\\\/\\\/www.bellunopress.it\\\/wp-content\\\/uploads\\\/2013\\\/03\\\/amore_e_psiche-leggera.jpg\"},{\"@type\":\"BreadcrumbList\",\"@id\":\"https:\\\/\\\/www.bellunopress.it\\\/2013\\\/03\\\/24\\\/si-e-conclusa-ieri-in-versi-per-le-vie-del-centro-di-belluno-la-settimana-dellamore\\\/#breadcrumb\",\"itemListElement\":[{\"@type\":\"ListItem\",\"position\":1,\"name\":\"Home\",\"item\":\"https:\\\/\\\/www.bellunopress.it\\\/\"},{\"@type\":\"ListItem\",\"position\":2,\"name\":\"Si \u00e8 conclusa ieri in versi, per le vie del centro di Belluno, la Settimana dell&#8217;Amore\"}]},{\"@type\":\"WebSite\",\"@id\":\"https:\\\/\\\/www.bellunopress.it\\\/#website\",\"url\":\"https:\\\/\\\/www.bellunopress.it\\\/\",\"name\":\"Bellunopress - Dolomiti\",\"description\":\"e-mail: redazione@bellunopress.it\",\"publisher\":{\"@id\":\"https:\\\/\\\/www.bellunopress.it\\\/#organization\"},\"potentialAction\":[{\"@type\":\"SearchAction\",\"target\":{\"@type\":\"EntryPoint\",\"urlTemplate\":\"https:\\\/\\\/www.bellunopress.it\\\/?s={search_term_string}\"},\"query-input\":{\"@type\":\"PropertyValueSpecification\",\"valueRequired\":true,\"valueName\":\"search_term_string\"}}],\"inLanguage\":\"fr-FR\"},{\"@type\":\"Organization\",\"@id\":\"https:\\\/\\\/www.bellunopress.it\\\/#organization\",\"name\":\"Bellunopress\",\"url\":\"https:\\\/\\\/www.bellunopress.it\\\/\",\"logo\":{\"@type\":\"ImageObject\",\"inLanguage\":\"fr-FR\",\"@id\":\"https:\\\/\\\/www.bellunopress.it\\\/#\\\/schema\\\/logo\\\/image\\\/\",\"url\":\"https:\\\/\\\/www.bellunopress.it\\\/wp-content\\\/uploads\\\/2011\\\/05\\\/cropped-logo-bellunopress-.jpg\",\"contentUrl\":\"https:\\\/\\\/www.bellunopress.it\\\/wp-content\\\/uploads\\\/2011\\\/05\\\/cropped-logo-bellunopress-.jpg\",\"width\":512,\"height\":512,\"caption\":\"Bellunopress\"},\"image\":{\"@id\":\"https:\\\/\\\/www.bellunopress.it\\\/#\\\/schema\\\/logo\\\/image\\\/\"},\"sameAs\":[\"https:\\\/\\\/www.facebook.com\\\/profile.php?id=100008943462799\",\"https:\\\/\\\/x.com\\\/bellunopress\",\"https:\\\/\\\/www.linkedin.com\\\/hp\\\/?dnr=JBzUWaJfMUw8vbXJJ2tVW5-I3jZKvC4wsoxE&amp;amp;amp;amp;amp;amp;trk=nav_responsive_tab_home\",\"https:\\\/\\\/www.youtube.com\\\/channel\\\/UCxL0wu1uN0_3_7hGG0306cw\"]},{\"@type\":\"Person\",\"@id\":\"https:\\\/\\\/www.bellunopress.it\\\/#\\\/schema\\\/person\\\/79bb06722b37ece1c03d3e94beb30d73\",\"name\":\"redazione\",\"image\":{\"@type\":\"ImageObject\",\"inLanguage\":\"fr-FR\",\"@id\":\"https:\\\/\\\/secure.gravatar.com\\\/avatar\\\/37d968a2e67a6fd04c169c4bdef102d0bc5d31b2546345219e348575eb80e9a0?s=96&d=mm&r=g\",\"url\":\"https:\\\/\\\/secure.gravatar.com\\\/avatar\\\/37d968a2e67a6fd04c169c4bdef102d0bc5d31b2546345219e348575eb80e9a0?s=96&d=mm&r=g\",\"contentUrl\":\"https:\\\/\\\/secure.gravatar.com\\\/avatar\\\/37d968a2e67a6fd04c169c4bdef102d0bc5d31b2546345219e348575eb80e9a0?s=96&d=mm&r=g\",\"caption\":\"redazione\"},\"sameAs\":[\"http:\\\/\\\/www.bellunopress.it\",\"https:\\\/\\\/x.com\\\/bellunopress\"],\"url\":\"https:\\\/\\\/www.bellunopress.it\\\/fr\\\/author\\\/redazione\\\/\"}]}<\/script>\n<!-- \/ Yoast SEO plugin. -->","yoast_head_json":{"title":"Si \u00e8 conclusa ieri in versi, per le vie del centro di Belluno, la Settimana dell'Amore - Bellunopress - Dolomiti","robots":{"index":"index","follow":"follow","max-snippet":"max-snippet:-1","max-image-preview":"max-image-preview:large","max-video-preview":"max-video-preview:-1"},"canonical":"https:\/\/www.bellunopress.it\/fr\/2013\/03\/24\/si-e-conclusa-ieri-in-versi-per-le-vie-del-centro-di-belluno-la-settimana-dellamore\/","og_locale":"fr_FR","og_type":"article","og_title":"Si \u00e8 conclusa ieri in versi, per le vie del centro di Belluno, la Settimana dell'Amore - Bellunopress - Dolomiti","og_description":"Chi \u00e8 Eros? Il dio dell\u2019amore sublime, o quel \u201cdaimon\u201d scapestrato che tormenta Psiche fino alle lacrime, incontenibile e bullo? E Thanatos, la morte, cosa c\u2019entra con i due? Il tema, in bilico tra psicoanalisi e mito, \u00e8 stato trattato dallo storico e umanista bellunese Francesco Piero Franchi per la \u201cSettimana dell\u2019amore\u201d, che si \u00e8 [&hellip;]","og_url":"https:\/\/www.bellunopress.it\/fr\/2013\/03\/24\/si-e-conclusa-ieri-in-versi-per-le-vie-del-centro-di-belluno-la-settimana-dellamore\/","og_site_name":"Bellunopress - Dolomiti","article_publisher":"https:\/\/www.facebook.com\/profile.php?id=100008943462799","article_published_time":"2013-03-24T08:00:45+00:00","og_image":[{"url":"http:\/\/www.bellunopress.it\/wp-content\/uploads\/2013\/03\/amore_e_psiche-leggera.jpg","type":"","width":"","height":""}],"author":"redazione","twitter_card":"summary_large_image","twitter_creator":"@bellunopress","twitter_site":"@bellunopress","twitter_misc":{"\u00c9crit par":"redazione","Dur\u00e9e de lecture estim\u00e9e":"1 minute"},"schema":{"@context":"https:\/\/schema.org","@graph":[{"@type":"Article","@id":"https:\/\/www.bellunopress.it\/2013\/03\/24\/si-e-conclusa-ieri-in-versi-per-le-vie-del-centro-di-belluno-la-settimana-dellamore\/#article","isPartOf":{"@id":"https:\/\/www.bellunopress.it\/2013\/03\/24\/si-e-conclusa-ieri-in-versi-per-le-vie-del-centro-di-belluno-la-settimana-dellamore\/"},"author":{"name":"redazione","@id":"https:\/\/www.bellunopress.it\/#\/schema\/person\/79bb06722b37ece1c03d3e94beb30d73"},"headline":"Si \u00e8 conclusa ieri in versi, per le vie del centro di Belluno, la Settimana dell&#8217;Amore","datePublished":"2013-03-24T08:00:45+00:00","mainEntityOfPage":{"@id":"https:\/\/www.bellunopress.it\/2013\/03\/24\/si-e-conclusa-ieri-in-versi-per-le-vie-del-centro-di-belluno-la-settimana-dellamore\/"},"wordCount":186,"publisher":{"@id":"https:\/\/www.bellunopress.it\/#organization"},"image":{"@id":"https:\/\/www.bellunopress.it\/2013\/03\/24\/si-e-conclusa-ieri-in-versi-per-le-vie-del-centro-di-belluno-la-settimana-dellamore\/#primaryimage"},"thumbnailUrl":"http:\/\/www.bellunopress.it\/wp-content\/uploads\/2013\/03\/amore_e_psiche-leggera.jpg","articleSection":["Arte, Cultura, Spettacoli, Scienza","Pausa Caff\u00e8"],"inLanguage":"fr-FR"},{"@type":"WebPage","@id":"https:\/\/www.bellunopress.it\/2013\/03\/24\/si-e-conclusa-ieri-in-versi-per-le-vie-del-centro-di-belluno-la-settimana-dellamore\/","url":"https:\/\/www.bellunopress.it\/2013\/03\/24\/si-e-conclusa-ieri-in-versi-per-le-vie-del-centro-di-belluno-la-settimana-dellamore\/","name":"Si \u00e8 conclusa ieri in versi, per le vie del centro di Belluno, la Settimana dell'Amore - Bellunopress - Dolomiti","isPartOf":{"@id":"https:\/\/www.bellunopress.it\/#website"},"primaryImageOfPage":{"@id":"https:\/\/www.bellunopress.it\/2013\/03\/24\/si-e-conclusa-ieri-in-versi-per-le-vie-del-centro-di-belluno-la-settimana-dellamore\/#primaryimage"},"image":{"@id":"https:\/\/www.bellunopress.it\/2013\/03\/24\/si-e-conclusa-ieri-in-versi-per-le-vie-del-centro-di-belluno-la-settimana-dellamore\/#primaryimage"},"thumbnailUrl":"http:\/\/www.bellunopress.it\/wp-content\/uploads\/2013\/03\/amore_e_psiche-leggera.jpg","datePublished":"2013-03-24T08:00:45+00:00","breadcrumb":{"@id":"https:\/\/www.bellunopress.it\/2013\/03\/24\/si-e-conclusa-ieri-in-versi-per-le-vie-del-centro-di-belluno-la-settimana-dellamore\/#breadcrumb"},"inLanguage":"fr-FR","potentialAction":[{"@type":"ReadAction","target":["https:\/\/www.bellunopress.it\/2013\/03\/24\/si-e-conclusa-ieri-in-versi-per-le-vie-del-centro-di-belluno-la-settimana-dellamore\/"]}]},{"@type":"ImageObject","inLanguage":"fr-FR","@id":"https:\/\/www.bellunopress.it\/2013\/03\/24\/si-e-conclusa-ieri-in-versi-per-le-vie-del-centro-di-belluno-la-settimana-dellamore\/#primaryimage","url":"http:\/\/www.bellunopress.it\/wp-content\/uploads\/2013\/03\/amore_e_psiche-leggera.jpg","contentUrl":"http:\/\/www.bellunopress.it\/wp-content\/uploads\/2013\/03\/amore_e_psiche-leggera.jpg"},{"@type":"BreadcrumbList","@id":"https:\/\/www.bellunopress.it\/2013\/03\/24\/si-e-conclusa-ieri-in-versi-per-le-vie-del-centro-di-belluno-la-settimana-dellamore\/#breadcrumb","itemListElement":[{"@type":"ListItem","position":1,"name":"Home","item":"https:\/\/www.bellunopress.it\/"},{"@type":"ListItem","position":2,"name":"Si \u00e8 conclusa ieri in versi, per le vie del centro di Belluno, la Settimana dell&#8217;Amore"}]},{"@type":"WebSite","@id":"https:\/\/www.bellunopress.it\/#website","url":"https:\/\/www.bellunopress.it\/","name":"Bellunopress - Dolomiti","description":"e-mail: redazione@bellunopress.it","publisher":{"@id":"https:\/\/www.bellunopress.it\/#organization"},"potentialAction":[{"@type":"SearchAction","target":{"@type":"EntryPoint","urlTemplate":"https:\/\/www.bellunopress.it\/?s={search_term_string}"},"query-input":{"@type":"PropertyValueSpecification","valueRequired":true,"valueName":"search_term_string"}}],"inLanguage":"fr-FR"},{"@type":"Organization","@id":"https:\/\/www.bellunopress.it\/#organization","name":"Bellunopress","url":"https:\/\/www.bellunopress.it\/","logo":{"@type":"ImageObject","inLanguage":"fr-FR","@id":"https:\/\/www.bellunopress.it\/#\/schema\/logo\/image\/","url":"https:\/\/www.bellunopress.it\/wp-content\/uploads\/2011\/05\/cropped-logo-bellunopress-.jpg","contentUrl":"https:\/\/www.bellunopress.it\/wp-content\/uploads\/2011\/05\/cropped-logo-bellunopress-.jpg","width":512,"height":512,"caption":"Bellunopress"},"image":{"@id":"https:\/\/www.bellunopress.it\/#\/schema\/logo\/image\/"},"sameAs":["https:\/\/www.facebook.com\/profile.php?id=100008943462799","https:\/\/x.com\/bellunopress","https:\/\/www.linkedin.com\/hp\/?dnr=JBzUWaJfMUw8vbXJJ2tVW5-I3jZKvC4wsoxE&amp;amp;amp;amp;amp;amp;trk=nav_responsive_tab_home","https:\/\/www.youtube.com\/channel\/UCxL0wu1uN0_3_7hGG0306cw"]},{"@type":"Person","@id":"https:\/\/www.bellunopress.it\/#\/schema\/person\/79bb06722b37ece1c03d3e94beb30d73","name":"r\u00e9daction","image":{"@type":"ImageObject","inLanguage":"fr-FR","@id":"https:\/\/secure.gravatar.com\/avatar\/37d968a2e67a6fd04c169c4bdef102d0bc5d31b2546345219e348575eb80e9a0?s=96&d=mm&r=g","url":"https:\/\/secure.gravatar.com\/avatar\/37d968a2e67a6fd04c169c4bdef102d0bc5d31b2546345219e348575eb80e9a0?s=96&d=mm&r=g","contentUrl":"https:\/\/secure.gravatar.com\/avatar\/37d968a2e67a6fd04c169c4bdef102d0bc5d31b2546345219e348575eb80e9a0?s=96&d=mm&r=g","caption":"redazione"},"sameAs":["http:\/\/www.bellunopress.it","https:\/\/x.com\/bellunopress"],"url":"https:\/\/www.bellunopress.it\/fr\/author\/redazione\/"}]}},"_links":{"self":[{"href":"https:\/\/www.bellunopress.it\/fr\/wp-json\/wp\/v2\/posts\/47851","targetHints":{"allow":["GET"]}}],"collection":[{"href":"https:\/\/www.bellunopress.it\/fr\/wp-json\/wp\/v2\/posts"}],"about":[{"href":"https:\/\/www.bellunopress.it\/fr\/wp-json\/wp\/v2\/types\/post"}],"author":[{"embeddable":true,"href":"https:\/\/www.bellunopress.it\/fr\/wp-json\/wp\/v2\/users\/2"}],"replies":[{"embeddable":true,"href":"https:\/\/www.bellunopress.it\/fr\/wp-json\/wp\/v2\/comments?post=47851"}],"version-history":[{"count":1,"href":"https:\/\/www.bellunopress.it\/fr\/wp-json\/wp\/v2\/posts\/47851\/revisions"}],"predecessor-version":[{"id":47853,"href":"https:\/\/www.bellunopress.it\/fr\/wp-json\/wp\/v2\/posts\/47851\/revisions\/47853"}],"wp:attachment":[{"href":"https:\/\/www.bellunopress.it\/fr\/wp-json\/wp\/v2\/media?parent=47851"}],"wp:term":[{"taxonomy":"category","embeddable":true,"href":"https:\/\/www.bellunopress.it\/fr\/wp-json\/wp\/v2\/categories?post=47851"},{"taxonomy":"post_tag","embeddable":true,"href":"https:\/\/www.bellunopress.it\/fr\/wp-json\/wp\/v2\/tags?post=47851"}],"curies":[{"name":"wp","href":"https:\/\/api.w.org\/{rel}","templated":true}]}}