{"id":47837,"date":"2013-03-21T08:52:55","date_gmt":"2013-03-21T07:52:55","guid":{"rendered":"http:\/\/www.bellunopress.it\/?p=47837"},"modified":"2013-03-24T09:58:00","modified_gmt":"2013-03-24T08:58:00","slug":"associazione-diabetici-bellunesi-in-assemblea-sabato-a-casa-tua-2","status":"publish","type":"post","link":"https:\/\/www.bellunopress.it\/fr\/2013\/03\/21\/associazione-diabetici-bellunesi-in-assemblea-sabato-a-casa-tua-2\/","title":{"rendered":"Associazione diabetici bellunesi in assemblea sabato a Casa Tua 2"},"content":{"rendered":"<p>Lunga e tortuosa \u00e8 la strada dell&#8217;Associazione Diabetici Bellunese, ma il direttivo non demorde e continua con forza e vigore. Infatti per la seconda volta, sabato 23 marzo l&#8217;ADB s&#8217;incontrer\u00e0 alle ore 16 nella Sala Cucchini (struttura casa Tua 2 \u2013 casa rosa) presso l&#8217;Ospedale di Belluno, per l&#8217;assemblea ordinaria. Molti i punti sui quali discutere con i soci e alcuni aspprofondimenti da fare. Da quest&#8217;anno, l&#8217;associazione \u00e8 diventata ONLUS e quindi potr\u00e0 accedere alla destinazione del 5&#215;1000 dello Stato. Tutte le persone che vorranno destinare il loro5x1000 dell&#8217;IRPEF, potr\u00e0 farlo firmando nel riquadro ad esso dedicato, indicando il seguente Codice Fiscale 93046110255. Con i soldi raccolti, l&#8217;ADB potr\u00e0 organizzare ancora pi\u00f9 incontri informativi e formativi oltre ad alcuni corsi ed uscite per far crescere insieme le persone diabetiche e non solo.<\/p>\n<p>I prossimi incontri gi\u00e0 organizzati sono: un primo nel mese di maggio, il 18, alle ore 15:30 presso la sala Consiliare del Vecchio municipio a Taibon Agordino. Molto interessante sar\u00e0 parlare di cibo e diabete con la dott.sa Gambalonga. Un secondo incontro invece si terr\u00e0 a settembre con la Podologa Casanova, altro inetressante tema, il piede e il diabete. Altri incontri sono in progetto per il 2013.<\/p>\n<p>Un punto al quale l&#8217;ADB ci tiene molto \u00e8 la commissione sul diabete, come prevista dalla legislazione vigente. Insieme all&#8217;exdirettore dell&#8217;ULSS 1. Dott. Compostella era stata creata e convocata una prima riunione. Ormai sono trascorsi alcuni mesi dall&#8217;ultimo incontro con l&#8217;ULSS e i dott. della commissione. L&#8217;associazione spera che al pi\u00f9 presto la commissione sia convocata per continuare l&#8217;impegnativa strada intrapresa che porter\u00e0 a dei risultati concreti per i pazienti diabetici e i loro famigliari.<\/p>\n<p>&nbsp;<\/p>","protected":false},"excerpt":{"rendered":"<p>Lunga e tortuosa \u00e8 la strada dell&#8217;Associazione Diabetici Bellunese, ma il direttivo non demorde e continua con forza e vigore. Infatti per la seconda volta, sabato 23 marzo l&#8217;ADB s&#8217;incontrer\u00e0 alle ore 16 nella Sala Cucchini (struttura casa Tua 2 \u2013 casa rosa) presso l&#8217;Ospedale di Belluno, per l&#8217;assemblea ordinaria. Molti i punti sui quali [&hellip;]<\/p>\n","protected":false},"author":2,"featured_media":0,"comment_status":"closed","ping_status":"open","sticky":false,"template":"","format":"standard","meta":{"footnotes":""},"categories":[25,17,8],"tags":[],"class_list":["post-47837","post","type-post","status-publish","format-standard","category-pausa-caffe","category-sanita","category-societa-istituzioni"],"yoast_head":"<!-- This site is optimized with the Yoast SEO plugin v28.4 - https:\/\/yoast.com\/product\/yoast-seo-wordpress\/ -->\n<title>Associazione diabetici bellunesi in assemblea sabato a Casa Tua 2 - Bellunopress - Dolomiti<\/title>\n<meta name=\"robots\" content=\"index, follow, max-snippet:-1, max-image-preview:large, max-video-preview:-1\" \/>\n<link rel=\"canonical\" href=\"https:\/\/www.bellunopress.it\/fr\/2013\/03\/21\/associazione-diabetici-bellunesi-in-assemblea-sabato-a-casa-tua-2\/\" \/>\n<meta property=\"og:locale\" content=\"fr_FR\" \/>\n<meta property=\"og:type\" content=\"article\" \/>\n<meta property=\"og:title\" content=\"Associazione diabetici bellunesi in assemblea sabato a Casa Tua 2 - Bellunopress - Dolomiti\" \/>\n<meta property=\"og:description\" content=\"Lunga e tortuosa \u00e8 la strada dell&#8217;Associazione Diabetici Bellunese, ma il direttivo non demorde e continua con forza e vigore. Infatti per la seconda volta, sabato 23 marzo l&#8217;ADB s&#8217;incontrer\u00e0 alle ore 16 nella Sala Cucchini (struttura casa Tua 2 \u2013 casa rosa) presso l&#8217;Ospedale di Belluno, per l&#8217;assemblea ordinaria. Molti i punti sui quali [&hellip;]\" \/>\n<meta property=\"og:url\" content=\"https:\/\/www.bellunopress.it\/fr\/2013\/03\/21\/associazione-diabetici-bellunesi-in-assemblea-sabato-a-casa-tua-2\/\" \/>\n<meta property=\"og:site_name\" content=\"Bellunopress - Dolomiti\" \/>\n<meta property=\"article:publisher\" content=\"https:\/\/www.facebook.com\/profile.php?id=100008943462799\" \/>\n<meta property=\"article:published_time\" content=\"2013-03-21T07:52:55+00:00\" \/>\n<meta property=\"article:modified_time\" content=\"2013-03-24T08:58:00+00:00\" \/>\n<meta property=\"og:image\" content=\"http:\/\/www.bellunopress.it\/wp-content\/uploads\/2012\/07\/logo-bellunopress-250x250-2012.jpg\" \/>\n<meta name=\"author\" content=\"redazione\" \/>\n<meta name=\"twitter:card\" content=\"summary_large_image\" \/>\n<meta name=\"twitter:creator\" content=\"@bellunopress\" \/>\n<meta name=\"twitter:site\" content=\"@bellunopress\" \/>\n<meta name=\"twitter:label1\" content=\"\u00c9crit par\" \/>\n\t<meta name=\"twitter:data1\" content=\"redazione\" \/>\n\t<meta name=\"twitter:label2\" content=\"Dur\u00e9e de lecture estim\u00e9e\" \/>\n\t<meta name=\"twitter:data2\" content=\"1 minute\" \/>\n<script type=\"application\/ld+json\" class=\"yoast-schema-graph\">{\"@context\":\"https:\\\/\\\/schema.org\",\"@graph\":[{\"@type\":\"Article\",\"@id\":\"https:\\\/\\\/www.bellunopress.it\\\/2013\\\/03\\\/21\\\/associazione-diabetici-bellunesi-in-assemblea-sabato-a-casa-tua-2\\\/#article\",\"isPartOf\":{\"@id\":\"https:\\\/\\\/www.bellunopress.it\\\/2013\\\/03\\\/21\\\/associazione-diabetici-bellunesi-in-assemblea-sabato-a-casa-tua-2\\\/\"},\"author\":{\"name\":\"redazione\",\"@id\":\"https:\\\/\\\/www.bellunopress.it\\\/#\\\/schema\\\/person\\\/79bb06722b37ece1c03d3e94beb30d73\"},\"headline\":\"Associazione diabetici bellunesi in assemblea sabato a Casa Tua 2\",\"datePublished\":\"2013-03-21T07:52:55+00:00\",\"dateModified\":\"2013-03-24T08:58:00+00:00\",\"mainEntityOfPage\":{\"@id\":\"https:\\\/\\\/www.bellunopress.it\\\/2013\\\/03\\\/21\\\/associazione-diabetici-bellunesi-in-assemblea-sabato-a-casa-tua-2\\\/\"},\"wordCount\":290,\"publisher\":{\"@id\":\"https:\\\/\\\/www.bellunopress.it\\\/#organization\"},\"articleSection\":[\"Pausa Caff\u00e8\",\"Sanit\u00e0 Medicina\",\"Societ\u00e0, Associazioni, Istituzioni\"],\"inLanguage\":\"fr-FR\"},{\"@type\":\"WebPage\",\"@id\":\"https:\\\/\\\/www.bellunopress.it\\\/2013\\\/03\\\/21\\\/associazione-diabetici-bellunesi-in-assemblea-sabato-a-casa-tua-2\\\/\",\"url\":\"https:\\\/\\\/www.bellunopress.it\\\/2013\\\/03\\\/21\\\/associazione-diabetici-bellunesi-in-assemblea-sabato-a-casa-tua-2\\\/\",\"name\":\"Associazione diabetici bellunesi in assemblea sabato a Casa Tua 2 - Bellunopress - Dolomiti\",\"isPartOf\":{\"@id\":\"https:\\\/\\\/www.bellunopress.it\\\/#website\"},\"datePublished\":\"2013-03-21T07:52:55+00:00\",\"dateModified\":\"2013-03-24T08:58:00+00:00\",\"breadcrumb\":{\"@id\":\"https:\\\/\\\/www.bellunopress.it\\\/2013\\\/03\\\/21\\\/associazione-diabetici-bellunesi-in-assemblea-sabato-a-casa-tua-2\\\/#breadcrumb\"},\"inLanguage\":\"fr-FR\",\"potentialAction\":[{\"@type\":\"ReadAction\",\"target\":[\"https:\\\/\\\/www.bellunopress.it\\\/2013\\\/03\\\/21\\\/associazione-diabetici-bellunesi-in-assemblea-sabato-a-casa-tua-2\\\/\"]}]},{\"@type\":\"BreadcrumbList\",\"@id\":\"https:\\\/\\\/www.bellunopress.it\\\/2013\\\/03\\\/21\\\/associazione-diabetici-bellunesi-in-assemblea-sabato-a-casa-tua-2\\\/#breadcrumb\",\"itemListElement\":[{\"@type\":\"ListItem\",\"position\":1,\"name\":\"Home\",\"item\":\"https:\\\/\\\/www.bellunopress.it\\\/\"},{\"@type\":\"ListItem\",\"position\":2,\"name\":\"Associazione diabetici bellunesi in assemblea sabato a Casa Tua 2\"}]},{\"@type\":\"WebSite\",\"@id\":\"https:\\\/\\\/www.bellunopress.it\\\/#website\",\"url\":\"https:\\\/\\\/www.bellunopress.it\\\/\",\"name\":\"Bellunopress - Dolomiti\",\"description\":\"e-mail: redazione@bellunopress.it\",\"publisher\":{\"@id\":\"https:\\\/\\\/www.bellunopress.it\\\/#organization\"},\"potentialAction\":[{\"@type\":\"SearchAction\",\"target\":{\"@type\":\"EntryPoint\",\"urlTemplate\":\"https:\\\/\\\/www.bellunopress.it\\\/?s={search_term_string}\"},\"query-input\":{\"@type\":\"PropertyValueSpecification\",\"valueRequired\":true,\"valueName\":\"search_term_string\"}}],\"inLanguage\":\"fr-FR\"},{\"@type\":\"Organization\",\"@id\":\"https:\\\/\\\/www.bellunopress.it\\\/#organization\",\"name\":\"Bellunopress\",\"url\":\"https:\\\/\\\/www.bellunopress.it\\\/\",\"logo\":{\"@type\":\"ImageObject\",\"inLanguage\":\"fr-FR\",\"@id\":\"https:\\\/\\\/www.bellunopress.it\\\/#\\\/schema\\\/logo\\\/image\\\/\",\"url\":\"https:\\\/\\\/www.bellunopress.it\\\/wp-content\\\/uploads\\\/2011\\\/05\\\/cropped-logo-bellunopress-.jpg\",\"contentUrl\":\"https:\\\/\\\/www.bellunopress.it\\\/wp-content\\\/uploads\\\/2011\\\/05\\\/cropped-logo-bellunopress-.jpg\",\"width\":512,\"height\":512,\"caption\":\"Bellunopress\"},\"image\":{\"@id\":\"https:\\\/\\\/www.bellunopress.it\\\/#\\\/schema\\\/logo\\\/image\\\/\"},\"sameAs\":[\"https:\\\/\\\/www.facebook.com\\\/profile.php?id=100008943462799\",\"https:\\\/\\\/x.com\\\/bellunopress\",\"https:\\\/\\\/www.linkedin.com\\\/hp\\\/?dnr=JBzUWaJfMUw8vbXJJ2tVW5-I3jZKvC4wsoxE&amp;amp;amp;amp;amp;amp;trk=nav_responsive_tab_home\",\"https:\\\/\\\/www.youtube.com\\\/channel\\\/UCxL0wu1uN0_3_7hGG0306cw\"]},{\"@type\":\"Person\",\"@id\":\"https:\\\/\\\/www.bellunopress.it\\\/#\\\/schema\\\/person\\\/79bb06722b37ece1c03d3e94beb30d73\",\"name\":\"redazione\",\"image\":{\"@type\":\"ImageObject\",\"inLanguage\":\"fr-FR\",\"@id\":\"https:\\\/\\\/secure.gravatar.com\\\/avatar\\\/37d968a2e67a6fd04c169c4bdef102d0bc5d31b2546345219e348575eb80e9a0?s=96&d=mm&r=g\",\"url\":\"https:\\\/\\\/secure.gravatar.com\\\/avatar\\\/37d968a2e67a6fd04c169c4bdef102d0bc5d31b2546345219e348575eb80e9a0?s=96&d=mm&r=g\",\"contentUrl\":\"https:\\\/\\\/secure.gravatar.com\\\/avatar\\\/37d968a2e67a6fd04c169c4bdef102d0bc5d31b2546345219e348575eb80e9a0?s=96&d=mm&r=g\",\"caption\":\"redazione\"},\"sameAs\":[\"http:\\\/\\\/www.bellunopress.it\",\"https:\\\/\\\/x.com\\\/bellunopress\"],\"url\":\"https:\\\/\\\/www.bellunopress.it\\\/fr\\\/author\\\/redazione\\\/\"}]}<\/script>\n<!-- \/ Yoast SEO plugin. -->","yoast_head_json":{"title":"Associazione diabetici bellunesi in assemblea sabato a Casa Tua 2 - Bellunopress - Dolomiti","robots":{"index":"index","follow":"follow","max-snippet":"max-snippet:-1","max-image-preview":"max-image-preview:large","max-video-preview":"max-video-preview:-1"},"canonical":"https:\/\/www.bellunopress.it\/fr\/2013\/03\/21\/associazione-diabetici-bellunesi-in-assemblea-sabato-a-casa-tua-2\/","og_locale":"fr_FR","og_type":"article","og_title":"Associazione diabetici bellunesi in assemblea sabato a Casa Tua 2 - Bellunopress - Dolomiti","og_description":"Lunga e tortuosa \u00e8 la strada dell&#8217;Associazione Diabetici Bellunese, ma il direttivo non demorde e continua con forza e vigore. Infatti per la seconda volta, sabato 23 marzo l&#8217;ADB s&#8217;incontrer\u00e0 alle ore 16 nella Sala Cucchini (struttura casa Tua 2 \u2013 casa rosa) presso l&#8217;Ospedale di Belluno, per l&#8217;assemblea ordinaria. Molti i punti sui quali [&hellip;]","og_url":"https:\/\/www.bellunopress.it\/fr\/2013\/03\/21\/associazione-diabetici-bellunesi-in-assemblea-sabato-a-casa-tua-2\/","og_site_name":"Bellunopress - Dolomiti","article_publisher":"https:\/\/www.facebook.com\/profile.php?id=100008943462799","article_published_time":"2013-03-21T07:52:55+00:00","article_modified_time":"2013-03-24T08:58:00+00:00","og_image":[{"url":"http:\/\/www.bellunopress.it\/wp-content\/uploads\/2012\/07\/logo-bellunopress-250x250-2012.jpg","type":"","width":"","height":""}],"author":"redazione","twitter_card":"summary_large_image","twitter_creator":"@bellunopress","twitter_site":"@bellunopress","twitter_misc":{"\u00c9crit par":"redazione","Dur\u00e9e de lecture estim\u00e9e":"1 minute"},"schema":{"@context":"https:\/\/schema.org","@graph":[{"@type":"Article","@id":"https:\/\/www.bellunopress.it\/2013\/03\/21\/associazione-diabetici-bellunesi-in-assemblea-sabato-a-casa-tua-2\/#article","isPartOf":{"@id":"https:\/\/www.bellunopress.it\/2013\/03\/21\/associazione-diabetici-bellunesi-in-assemblea-sabato-a-casa-tua-2\/"},"author":{"name":"redazione","@id":"https:\/\/www.bellunopress.it\/#\/schema\/person\/79bb06722b37ece1c03d3e94beb30d73"},"headline":"Associazione diabetici bellunesi in assemblea sabato a Casa Tua 2","datePublished":"2013-03-21T07:52:55+00:00","dateModified":"2013-03-24T08:58:00+00:00","mainEntityOfPage":{"@id":"https:\/\/www.bellunopress.it\/2013\/03\/21\/associazione-diabetici-bellunesi-in-assemblea-sabato-a-casa-tua-2\/"},"wordCount":290,"publisher":{"@id":"https:\/\/www.bellunopress.it\/#organization"},"articleSection":["Pausa Caff\u00e8","Sanit\u00e0 Medicina","Societ\u00e0, Associazioni, Istituzioni"],"inLanguage":"fr-FR"},{"@type":"WebPage","@id":"https:\/\/www.bellunopress.it\/2013\/03\/21\/associazione-diabetici-bellunesi-in-assemblea-sabato-a-casa-tua-2\/","url":"https:\/\/www.bellunopress.it\/2013\/03\/21\/associazione-diabetici-bellunesi-in-assemblea-sabato-a-casa-tua-2\/","name":"Associazione diabetici bellunesi in assemblea sabato a Casa Tua 2 - Bellunopress - Dolomiti","isPartOf":{"@id":"https:\/\/www.bellunopress.it\/#website"},"datePublished":"2013-03-21T07:52:55+00:00","dateModified":"2013-03-24T08:58:00+00:00","breadcrumb":{"@id":"https:\/\/www.bellunopress.it\/2013\/03\/21\/associazione-diabetici-bellunesi-in-assemblea-sabato-a-casa-tua-2\/#breadcrumb"},"inLanguage":"fr-FR","potentialAction":[{"@type":"ReadAction","target":["https:\/\/www.bellunopress.it\/2013\/03\/21\/associazione-diabetici-bellunesi-in-assemblea-sabato-a-casa-tua-2\/"]}]},{"@type":"BreadcrumbList","@id":"https:\/\/www.bellunopress.it\/2013\/03\/21\/associazione-diabetici-bellunesi-in-assemblea-sabato-a-casa-tua-2\/#breadcrumb","itemListElement":[{"@type":"ListItem","position":1,"name":"Home","item":"https:\/\/www.bellunopress.it\/"},{"@type":"ListItem","position":2,"name":"Associazione diabetici bellunesi in assemblea sabato a Casa Tua 2"}]},{"@type":"WebSite","@id":"https:\/\/www.bellunopress.it\/#website","url":"https:\/\/www.bellunopress.it\/","name":"Bellunopress - Dolomiti","description":"e-mail: redazione@bellunopress.it","publisher":{"@id":"https:\/\/www.bellunopress.it\/#organization"},"potentialAction":[{"@type":"SearchAction","target":{"@type":"EntryPoint","urlTemplate":"https:\/\/www.bellunopress.it\/?s={search_term_string}"},"query-input":{"@type":"PropertyValueSpecification","valueRequired":true,"valueName":"search_term_string"}}],"inLanguage":"fr-FR"},{"@type":"Organization","@id":"https:\/\/www.bellunopress.it\/#organization","name":"Bellunopress","url":"https:\/\/www.bellunopress.it\/","logo":{"@type":"ImageObject","inLanguage":"fr-FR","@id":"https:\/\/www.bellunopress.it\/#\/schema\/logo\/image\/","url":"https:\/\/www.bellunopress.it\/wp-content\/uploads\/2011\/05\/cropped-logo-bellunopress-.jpg","contentUrl":"https:\/\/www.bellunopress.it\/wp-content\/uploads\/2011\/05\/cropped-logo-bellunopress-.jpg","width":512,"height":512,"caption":"Bellunopress"},"image":{"@id":"https:\/\/www.bellunopress.it\/#\/schema\/logo\/image\/"},"sameAs":["https:\/\/www.facebook.com\/profile.php?id=100008943462799","https:\/\/x.com\/bellunopress","https:\/\/www.linkedin.com\/hp\/?dnr=JBzUWaJfMUw8vbXJJ2tVW5-I3jZKvC4wsoxE&amp;amp;amp;amp;amp;amp;trk=nav_responsive_tab_home","https:\/\/www.youtube.com\/channel\/UCxL0wu1uN0_3_7hGG0306cw"]},{"@type":"Person","@id":"https:\/\/www.bellunopress.it\/#\/schema\/person\/79bb06722b37ece1c03d3e94beb30d73","name":"r\u00e9daction","image":{"@type":"ImageObject","inLanguage":"fr-FR","@id":"https:\/\/secure.gravatar.com\/avatar\/37d968a2e67a6fd04c169c4bdef102d0bc5d31b2546345219e348575eb80e9a0?s=96&d=mm&r=g","url":"https:\/\/secure.gravatar.com\/avatar\/37d968a2e67a6fd04c169c4bdef102d0bc5d31b2546345219e348575eb80e9a0?s=96&d=mm&r=g","contentUrl":"https:\/\/secure.gravatar.com\/avatar\/37d968a2e67a6fd04c169c4bdef102d0bc5d31b2546345219e348575eb80e9a0?s=96&d=mm&r=g","caption":"redazione"},"sameAs":["http:\/\/www.bellunopress.it","https:\/\/x.com\/bellunopress"],"url":"https:\/\/www.bellunopress.it\/fr\/author\/redazione\/"}]}},"_links":{"self":[{"href":"https:\/\/www.bellunopress.it\/fr\/wp-json\/wp\/v2\/posts\/47837","targetHints":{"allow":["GET"]}}],"collection":[{"href":"https:\/\/www.bellunopress.it\/fr\/wp-json\/wp\/v2\/posts"}],"about":[{"href":"https:\/\/www.bellunopress.it\/fr\/wp-json\/wp\/v2\/types\/post"}],"author":[{"embeddable":true,"href":"https:\/\/www.bellunopress.it\/fr\/wp-json\/wp\/v2\/users\/2"}],"replies":[{"embeddable":true,"href":"https:\/\/www.bellunopress.it\/fr\/wp-json\/wp\/v2\/comments?post=47837"}],"version-history":[{"count":3,"href":"https:\/\/www.bellunopress.it\/fr\/wp-json\/wp\/v2\/posts\/47837\/revisions"}],"predecessor-version":[{"id":47839,"href":"https:\/\/www.bellunopress.it\/fr\/wp-json\/wp\/v2\/posts\/47837\/revisions\/47839"}],"wp:attachment":[{"href":"https:\/\/www.bellunopress.it\/fr\/wp-json\/wp\/v2\/media?parent=47837"}],"wp:term":[{"taxonomy":"category","embeddable":true,"href":"https:\/\/www.bellunopress.it\/fr\/wp-json\/wp\/v2\/categories?post=47837"},{"taxonomy":"post_tag","embeddable":true,"href":"https:\/\/www.bellunopress.it\/fr\/wp-json\/wp\/v2\/tags?post=47837"}],"curies":[{"name":"wp","href":"https:\/\/api.w.org\/{rel}","templated":true}]}}