{"id":4783,"date":"2009-06-13T09:17:15","date_gmt":"2009-06-13T08:17:15","guid":{"rendered":"http:\/\/www.bellunopress.it\/?p=4783"},"modified":"2009-06-13T09:17:15","modified_gmt":"2009-06-13T08:17:15","slug":"studenti-del-catullo-pionieri-in-uno-stage-formativo-in-romania","status":"publish","type":"post","link":"https:\/\/www.bellunopress.it\/fr\/2009\/06\/13\/studenti-del-catullo-pionieri-in-uno-stage-formativo-in-romania\/","title":{"rendered":"Studenti del Catullo pionieri in uno stage formativo in Romania"},"content":{"rendered":"<p><a href=\"http:\/\/www.bellunopress.it\/wp-content\/uploads\/2009\/06\/conferenza-al-catullo-leggera.jpg\"><img loading=\"lazy\" decoding=\"async\" class=\"alignleft size-medium wp-image-4784\" title=\"conferenza-al-catullo-leggera\" src=\"http:\/\/www.bellunopress.it\/wp-content\/uploads\/2009\/06\/conferenza-al-catullo-leggera.jpg\" alt=\"\" width=\"270\" height=\"217\" \/><\/a>E\u2019 la prima volta in assoluto che la Regione Veneto autorizza uno stage formativo all\u2019estero per studenti. Lo ha fatto ora per il progetto \u201cPollicino\u201d che, con l\u2019Istituto Catullo e il Centro servizi del volontariato della provincia di Belluno, prevede due settimane di attivit\u00e0 nella \u201cCasa Pollicino\u201d di Petrosani, che ospita bambini medio gravi, per ragazzi che frequentano le classi quarte E e D ad indirizzo sociale.<br \/>\n\u00abNulla \u00e8 impossibile per il volontariato\u00bb. Ha esordito cos\u00ec l\u2019assessore regionale Oscar De Bona, che oggi ha presenziato all\u2019illustrazione alla stampa dell\u2019iniziativa da parte di Morena Pavei ed Enrico Collarin del Comitato Pollicino. De Bona ha proseguito sottolineando l\u2019eccezionalit\u00e0 da parte della Regione nell\u2019accogliere la proposta bellunese: \u00abRingrazio la collega assessore all\u2019Istruzione Elena Donazzan che ha creduto nella bont\u00e0 del progetto e nella capacit\u00e0 e seriet\u00e0 organizzativa degli organismi proponenti. L\u2019opera del Pollicino in Romania \u00e8 l\u2019unica italiana realizzata in quel paese di queste dimensioni. E noi bellunesi ne siamo molto orgogliosi. Con questo stage formativo l\u2019impegno del Pollicino potr\u00e0\u00a0 un domani trovare continuit\u00e0 nelle nuove generazioni. Quando torneranno questi ragazzi saranno pi\u00f9 ricchi di prima e potranno contagiarne altri\u00bb. \u00abLe finalit\u00e0 di questo progetto con gli studenti\u00a0 &#8211; ha detto Giorgio Zampieri,\u00a0 presidente del Comitato d\u2019Intesa &#8211;\u00a0 sono importantissime e coinvolgono pi\u00f9 soggetti. Il Csv sa come opera il Comitato Pollicino, pertanto non ha incontrato nessuna difficolt\u00e0 ad appoggiare la proposta\u00bb. Soddisfazione per l\u2019iniziativa e\u00a0 riconoscenza nei confronti del Pollicino che si \u00e8 attivato in Regione per ottenere il riconoscimento dello stage \u00e8 stato espresso dal dirigente scolastico Michele Sardo. \u00abE\u2019 un progetto importante \u2013 ha fatto eco la docente Alessandra Catania \u2013 che tocca essenzialmente tre aspetti: quello culturale che fa crescere i giovani i quali possono toccare con mano i disagi; quello della solidariet\u00e0 in quanto si sono mobilitate le famiglie insieme con la scuola; quello sociale come investimento sui giovani. E poi c\u2019\u00e8 la componente turistica con visite nelle localit\u00e0 limitrofe a Petrosani\u00bb. Lo stage formativo a Petrosani comporta complessivamente una spesa di circa 10 mila euro a sostegno della quale il Centro servizi del volontariato si \u00e8 impegno per il 70 per cento della somma e il restante 30 sar\u00e0 a carico del Pollicino.\u00a0 I\u00a0 ragazzi partiranno luned\u00ec prossimo (15 giugno) con l\u2019aereo da Treviso e arriveranno a Timisoara dove troveranno un pullman che li trasferir\u00e0 a Petrosani. Saranno costantemente accompagnati da insegnati del Catullo, Alessandra Catania e Zeni Comiotto che si daranno il cambio, e a turno dai volontari del Pollicino; oltre a Pavei e Collarin, ci saranno Dino Candeago, Valerio Giozzet, Rino Iorati e Ivano Sommavilla. Alloggeranno nella elegante e nuovissima Casa Pollicino attrezzata con ogni comfort.\u00a0 Gli studenti sono 14: Alessandra Bassanello, Liubov Busuioc, Elisa Capraro, Sara De Bona, Selene Deola, Daisy Fant, Laura Fant, Valentina Luisetto, Bastian Minotto, Giannina Minotto, Francesca Orzes e Antonella Zandona del Catullo\u00a0 pi\u00f9 Deva De Pra e Gemma Neroni della IV liceo scientifico Galilei.<\/p>","protected":false},"excerpt":{"rendered":"<p>E\u2019 la prima volta in assoluto che la Regione Veneto autorizza uno stage formativo all\u2019estero per studenti. Lo ha fatto ora per il progetto \u201cPollicino\u201d che, con l\u2019Istituto Catullo e il Centro servizi del volontariato della provincia di Belluno, prevede due settimane di attivit\u00e0 nella \u201cCasa Pollicino\u201d di Petrosani, che ospita bambini medio gravi, per [&hellip;]<\/p>\n","protected":false},"author":2,"featured_media":0,"comment_status":"closed","ping_status":"open","sticky":false,"template":"","format":"standard","meta":{"footnotes":""},"categories":[25,15],"tags":[139],"class_list":["post-4783","post","type-post","status-publish","format-standard","category-pausa-caffe","category-scuola","tag-belluno"],"yoast_head":"<!-- This site is optimized with the Yoast SEO plugin v28.4 - https:\/\/yoast.com\/product\/yoast-seo-wordpress\/ -->\n<title>Studenti del Catullo pionieri in uno stage formativo in Romania - Bellunopress - Dolomiti<\/title>\n<meta name=\"robots\" content=\"index, follow, max-snippet:-1, max-image-preview:large, max-video-preview:-1\" \/>\n<link rel=\"canonical\" href=\"https:\/\/www.bellunopress.it\/fr\/2009\/06\/13\/studenti-del-catullo-pionieri-in-uno-stage-formativo-in-romania\/\" \/>\n<meta property=\"og:locale\" content=\"fr_FR\" \/>\n<meta property=\"og:type\" content=\"article\" \/>\n<meta property=\"og:title\" content=\"Studenti del Catullo pionieri in uno stage formativo in Romania - Bellunopress - Dolomiti\" \/>\n<meta property=\"og:description\" content=\"E\u2019 la prima volta in assoluto che la Regione Veneto autorizza uno stage formativo all\u2019estero per studenti. Lo ha fatto ora per il progetto \u201cPollicino\u201d che, con l\u2019Istituto Catullo e il Centro servizi del volontariato della provincia di Belluno, prevede due settimane di attivit\u00e0 nella \u201cCasa Pollicino\u201d di Petrosani, che ospita bambini medio gravi, per [&hellip;]\" \/>\n<meta property=\"og:url\" content=\"https:\/\/www.bellunopress.it\/fr\/2009\/06\/13\/studenti-del-catullo-pionieri-in-uno-stage-formativo-in-romania\/\" \/>\n<meta property=\"og:site_name\" content=\"Bellunopress - Dolomiti\" \/>\n<meta property=\"article:publisher\" content=\"https:\/\/www.facebook.com\/profile.php?id=100008943462799\" \/>\n<meta property=\"article:published_time\" content=\"2009-06-13T08:17:15+00:00\" \/>\n<meta property=\"og:image\" content=\"http:\/\/www.bellunopress.it\/wp-content\/uploads\/2009\/06\/conferenza-al-catullo-leggera.jpg\" \/>\n<meta name=\"author\" content=\"redazione\" \/>\n<meta name=\"twitter:card\" content=\"summary_large_image\" \/>\n<meta name=\"twitter:creator\" content=\"@bellunopress\" \/>\n<meta name=\"twitter:site\" content=\"@bellunopress\" \/>\n<meta name=\"twitter:label1\" content=\"Written by\" \/>\n\t<meta name=\"twitter:data1\" content=\"redazione\" \/>\n\t<meta name=\"twitter:label2\" content=\"Est. reading time\" \/>\n\t<meta name=\"twitter:data2\" content=\"2 minutes\" \/>\n<script type=\"application\/ld+json\" class=\"yoast-schema-graph\">{\"@context\":\"https:\\\/\\\/schema.org\",\"@graph\":[{\"@type\":\"Article\",\"@id\":\"https:\\\/\\\/www.bellunopress.it\\\/2009\\\/06\\\/13\\\/studenti-del-catullo-pionieri-in-uno-stage-formativo-in-romania\\\/#article\",\"isPartOf\":{\"@id\":\"https:\\\/\\\/www.bellunopress.it\\\/2009\\\/06\\\/13\\\/studenti-del-catullo-pionieri-in-uno-stage-formativo-in-romania\\\/\"},\"author\":{\"name\":\"redazione\",\"@id\":\"https:\\\/\\\/www.bellunopress.it\\\/#\\\/schema\\\/person\\\/79bb06722b37ece1c03d3e94beb30d73\"},\"headline\":\"Studenti del Catullo pionieri in uno stage formativo in Romania\",\"datePublished\":\"2009-06-13T08:17:15+00:00\",\"mainEntityOfPage\":{\"@id\":\"https:\\\/\\\/www.bellunopress.it\\\/2009\\\/06\\\/13\\\/studenti-del-catullo-pionieri-in-uno-stage-formativo-in-romania\\\/\"},\"wordCount\":497,\"publisher\":{\"@id\":\"https:\\\/\\\/www.bellunopress.it\\\/#organization\"},\"image\":{\"@id\":\"https:\\\/\\\/www.bellunopress.it\\\/2009\\\/06\\\/13\\\/studenti-del-catullo-pionieri-in-uno-stage-formativo-in-romania\\\/#primaryimage\"},\"thumbnailUrl\":\"http:\\\/\\\/www.bellunopress.it\\\/wp-content\\\/uploads\\\/2009\\\/06\\\/conferenza-al-catullo-leggera.jpg\",\"keywords\":[\"Belluno\"],\"articleSection\":[\"Pausa Caff\u00e8\",\"Scuola\"],\"inLanguage\":\"fr-FR\"},{\"@type\":\"WebPage\",\"@id\":\"https:\\\/\\\/www.bellunopress.it\\\/2009\\\/06\\\/13\\\/studenti-del-catullo-pionieri-in-uno-stage-formativo-in-romania\\\/\",\"url\":\"https:\\\/\\\/www.bellunopress.it\\\/2009\\\/06\\\/13\\\/studenti-del-catullo-pionieri-in-uno-stage-formativo-in-romania\\\/\",\"name\":\"Studenti del Catullo pionieri in uno stage formativo in Romania - Bellunopress - Dolomiti\",\"isPartOf\":{\"@id\":\"https:\\\/\\\/www.bellunopress.it\\\/#website\"},\"primaryImageOfPage\":{\"@id\":\"https:\\\/\\\/www.bellunopress.it\\\/2009\\\/06\\\/13\\\/studenti-del-catullo-pionieri-in-uno-stage-formativo-in-romania\\\/#primaryimage\"},\"image\":{\"@id\":\"https:\\\/\\\/www.bellunopress.it\\\/2009\\\/06\\\/13\\\/studenti-del-catullo-pionieri-in-uno-stage-formativo-in-romania\\\/#primaryimage\"},\"thumbnailUrl\":\"http:\\\/\\\/www.bellunopress.it\\\/wp-content\\\/uploads\\\/2009\\\/06\\\/conferenza-al-catullo-leggera.jpg\",\"datePublished\":\"2009-06-13T08:17:15+00:00\",\"breadcrumb\":{\"@id\":\"https:\\\/\\\/www.bellunopress.it\\\/2009\\\/06\\\/13\\\/studenti-del-catullo-pionieri-in-uno-stage-formativo-in-romania\\\/#breadcrumb\"},\"inLanguage\":\"fr-FR\",\"potentialAction\":[{\"@type\":\"ReadAction\",\"target\":[\"https:\\\/\\\/www.bellunopress.it\\\/2009\\\/06\\\/13\\\/studenti-del-catullo-pionieri-in-uno-stage-formativo-in-romania\\\/\"]}]},{\"@type\":\"ImageObject\",\"inLanguage\":\"fr-FR\",\"@id\":\"https:\\\/\\\/www.bellunopress.it\\\/2009\\\/06\\\/13\\\/studenti-del-catullo-pionieri-in-uno-stage-formativo-in-romania\\\/#primaryimage\",\"url\":\"http:\\\/\\\/www.bellunopress.it\\\/wp-content\\\/uploads\\\/2009\\\/06\\\/conferenza-al-catullo-leggera.jpg\",\"contentUrl\":\"http:\\\/\\\/www.bellunopress.it\\\/wp-content\\\/uploads\\\/2009\\\/06\\\/conferenza-al-catullo-leggera.jpg\"},{\"@type\":\"BreadcrumbList\",\"@id\":\"https:\\\/\\\/www.bellunopress.it\\\/2009\\\/06\\\/13\\\/studenti-del-catullo-pionieri-in-uno-stage-formativo-in-romania\\\/#breadcrumb\",\"itemListElement\":[{\"@type\":\"ListItem\",\"position\":1,\"name\":\"Home\",\"item\":\"https:\\\/\\\/www.bellunopress.it\\\/\"},{\"@type\":\"ListItem\",\"position\":2,\"name\":\"Studenti del Catullo pionieri in uno stage formativo in Romania\"}]},{\"@type\":\"WebSite\",\"@id\":\"https:\\\/\\\/www.bellunopress.it\\\/#website\",\"url\":\"https:\\\/\\\/www.bellunopress.it\\\/\",\"name\":\"Bellunopress - Dolomiti\",\"description\":\"e-mail: redazione@bellunopress.it\",\"publisher\":{\"@id\":\"https:\\\/\\\/www.bellunopress.it\\\/#organization\"},\"potentialAction\":[{\"@type\":\"SearchAction\",\"target\":{\"@type\":\"EntryPoint\",\"urlTemplate\":\"https:\\\/\\\/www.bellunopress.it\\\/?s={search_term_string}\"},\"query-input\":{\"@type\":\"PropertyValueSpecification\",\"valueRequired\":true,\"valueName\":\"search_term_string\"}}],\"inLanguage\":\"fr-FR\"},{\"@type\":\"Organization\",\"@id\":\"https:\\\/\\\/www.bellunopress.it\\\/#organization\",\"name\":\"Bellunopress\",\"url\":\"https:\\\/\\\/www.bellunopress.it\\\/\",\"logo\":{\"@type\":\"ImageObject\",\"inLanguage\":\"fr-FR\",\"@id\":\"https:\\\/\\\/www.bellunopress.it\\\/#\\\/schema\\\/logo\\\/image\\\/\",\"url\":\"https:\\\/\\\/www.bellunopress.it\\\/wp-content\\\/uploads\\\/2011\\\/05\\\/cropped-logo-bellunopress-.jpg\",\"contentUrl\":\"https:\\\/\\\/www.bellunopress.it\\\/wp-content\\\/uploads\\\/2011\\\/05\\\/cropped-logo-bellunopress-.jpg\",\"width\":512,\"height\":512,\"caption\":\"Bellunopress\"},\"image\":{\"@id\":\"https:\\\/\\\/www.bellunopress.it\\\/#\\\/schema\\\/logo\\\/image\\\/\"},\"sameAs\":[\"https:\\\/\\\/www.facebook.com\\\/profile.php?id=100008943462799\",\"https:\\\/\\\/x.com\\\/bellunopress\",\"https:\\\/\\\/www.linkedin.com\\\/hp\\\/?dnr=JBzUWaJfMUw8vbXJJ2tVW5-I3jZKvC4wsoxE&amp;amp;amp;amp;amp;amp;trk=nav_responsive_tab_home\",\"https:\\\/\\\/www.youtube.com\\\/channel\\\/UCxL0wu1uN0_3_7hGG0306cw\"]},{\"@type\":\"Person\",\"@id\":\"https:\\\/\\\/www.bellunopress.it\\\/#\\\/schema\\\/person\\\/79bb06722b37ece1c03d3e94beb30d73\",\"name\":\"redazione\",\"image\":{\"@type\":\"ImageObject\",\"inLanguage\":\"fr-FR\",\"@id\":\"https:\\\/\\\/secure.gravatar.com\\\/avatar\\\/37d968a2e67a6fd04c169c4bdef102d0bc5d31b2546345219e348575eb80e9a0?s=96&d=mm&r=g\",\"url\":\"https:\\\/\\\/secure.gravatar.com\\\/avatar\\\/37d968a2e67a6fd04c169c4bdef102d0bc5d31b2546345219e348575eb80e9a0?s=96&d=mm&r=g\",\"contentUrl\":\"https:\\\/\\\/secure.gravatar.com\\\/avatar\\\/37d968a2e67a6fd04c169c4bdef102d0bc5d31b2546345219e348575eb80e9a0?s=96&d=mm&r=g\",\"caption\":\"redazione\"},\"sameAs\":[\"http:\\\/\\\/www.bellunopress.it\",\"https:\\\/\\\/x.com\\\/bellunopress\"],\"url\":\"https:\\\/\\\/www.bellunopress.it\\\/fr\\\/author\\\/redazione\\\/\"}]}<\/script>\n<!-- \/ Yoast SEO plugin. -->","yoast_head_json":{"title":"Studenti del Catullo pionieri in uno stage formativo in Romania - Bellunopress - Dolomiti","robots":{"index":"index","follow":"follow","max-snippet":"max-snippet:-1","max-image-preview":"max-image-preview:large","max-video-preview":"max-video-preview:-1"},"canonical":"https:\/\/www.bellunopress.it\/fr\/2009\/06\/13\/studenti-del-catullo-pionieri-in-uno-stage-formativo-in-romania\/","og_locale":"fr_FR","og_type":"article","og_title":"Studenti del Catullo pionieri in uno stage formativo in Romania - Bellunopress - Dolomiti","og_description":"E\u2019 la prima volta in assoluto che la Regione Veneto autorizza uno stage formativo all\u2019estero per studenti. Lo ha fatto ora per il progetto \u201cPollicino\u201d che, con l\u2019Istituto Catullo e il Centro servizi del volontariato della provincia di Belluno, prevede due settimane di attivit\u00e0 nella \u201cCasa Pollicino\u201d di Petrosani, che ospita bambini medio gravi, per [&hellip;]","og_url":"https:\/\/www.bellunopress.it\/fr\/2009\/06\/13\/studenti-del-catullo-pionieri-in-uno-stage-formativo-in-romania\/","og_site_name":"Bellunopress - Dolomiti","article_publisher":"https:\/\/www.facebook.com\/profile.php?id=100008943462799","article_published_time":"2009-06-13T08:17:15+00:00","og_image":[{"url":"http:\/\/www.bellunopress.it\/wp-content\/uploads\/2009\/06\/conferenza-al-catullo-leggera.jpg","type":"","width":"","height":""}],"author":"redazione","twitter_card":"summary_large_image","twitter_creator":"@bellunopress","twitter_site":"@bellunopress","twitter_misc":{"Written by":"redazione","Est. reading time":"2 minutes"},"schema":{"@context":"https:\/\/schema.org","@graph":[{"@type":"Article","@id":"https:\/\/www.bellunopress.it\/2009\/06\/13\/studenti-del-catullo-pionieri-in-uno-stage-formativo-in-romania\/#article","isPartOf":{"@id":"https:\/\/www.bellunopress.it\/2009\/06\/13\/studenti-del-catullo-pionieri-in-uno-stage-formativo-in-romania\/"},"author":{"name":"redazione","@id":"https:\/\/www.bellunopress.it\/#\/schema\/person\/79bb06722b37ece1c03d3e94beb30d73"},"headline":"Studenti del Catullo pionieri in uno stage formativo in Romania","datePublished":"2009-06-13T08:17:15+00:00","mainEntityOfPage":{"@id":"https:\/\/www.bellunopress.it\/2009\/06\/13\/studenti-del-catullo-pionieri-in-uno-stage-formativo-in-romania\/"},"wordCount":497,"publisher":{"@id":"https:\/\/www.bellunopress.it\/#organization"},"image":{"@id":"https:\/\/www.bellunopress.it\/2009\/06\/13\/studenti-del-catullo-pionieri-in-uno-stage-formativo-in-romania\/#primaryimage"},"thumbnailUrl":"http:\/\/www.bellunopress.it\/wp-content\/uploads\/2009\/06\/conferenza-al-catullo-leggera.jpg","keywords":["Belluno"],"articleSection":["Pausa Caff\u00e8","Scuola"],"inLanguage":"fr-FR"},{"@type":"WebPage","@id":"https:\/\/www.bellunopress.it\/2009\/06\/13\/studenti-del-catullo-pionieri-in-uno-stage-formativo-in-romania\/","url":"https:\/\/www.bellunopress.it\/2009\/06\/13\/studenti-del-catullo-pionieri-in-uno-stage-formativo-in-romania\/","name":"Studenti del Catullo pionieri in uno stage formativo in Romania - Bellunopress - Dolomiti","isPartOf":{"@id":"https:\/\/www.bellunopress.it\/#website"},"primaryImageOfPage":{"@id":"https:\/\/www.bellunopress.it\/2009\/06\/13\/studenti-del-catullo-pionieri-in-uno-stage-formativo-in-romania\/#primaryimage"},"image":{"@id":"https:\/\/www.bellunopress.it\/2009\/06\/13\/studenti-del-catullo-pionieri-in-uno-stage-formativo-in-romania\/#primaryimage"},"thumbnailUrl":"http:\/\/www.bellunopress.it\/wp-content\/uploads\/2009\/06\/conferenza-al-catullo-leggera.jpg","datePublished":"2009-06-13T08:17:15+00:00","breadcrumb":{"@id":"https:\/\/www.bellunopress.it\/2009\/06\/13\/studenti-del-catullo-pionieri-in-uno-stage-formativo-in-romania\/#breadcrumb"},"inLanguage":"fr-FR","potentialAction":[{"@type":"ReadAction","target":["https:\/\/www.bellunopress.it\/2009\/06\/13\/studenti-del-catullo-pionieri-in-uno-stage-formativo-in-romania\/"]}]},{"@type":"ImageObject","inLanguage":"fr-FR","@id":"https:\/\/www.bellunopress.it\/2009\/06\/13\/studenti-del-catullo-pionieri-in-uno-stage-formativo-in-romania\/#primaryimage","url":"http:\/\/www.bellunopress.it\/wp-content\/uploads\/2009\/06\/conferenza-al-catullo-leggera.jpg","contentUrl":"http:\/\/www.bellunopress.it\/wp-content\/uploads\/2009\/06\/conferenza-al-catullo-leggera.jpg"},{"@type":"BreadcrumbList","@id":"https:\/\/www.bellunopress.it\/2009\/06\/13\/studenti-del-catullo-pionieri-in-uno-stage-formativo-in-romania\/#breadcrumb","itemListElement":[{"@type":"ListItem","position":1,"name":"Home","item":"https:\/\/www.bellunopress.it\/"},{"@type":"ListItem","position":2,"name":"Studenti del Catullo pionieri in uno stage formativo in Romania"}]},{"@type":"WebSite","@id":"https:\/\/www.bellunopress.it\/#website","url":"https:\/\/www.bellunopress.it\/","name":"Bellunopress - Dolomiti","description":"e-mail: redazione@bellunopress.it","publisher":{"@id":"https:\/\/www.bellunopress.it\/#organization"},"potentialAction":[{"@type":"SearchAction","target":{"@type":"EntryPoint","urlTemplate":"https:\/\/www.bellunopress.it\/?s={search_term_string}"},"query-input":{"@type":"PropertyValueSpecification","valueRequired":true,"valueName":"search_term_string"}}],"inLanguage":"fr-FR"},{"@type":"Organization","@id":"https:\/\/www.bellunopress.it\/#organization","name":"Bellunopress","url":"https:\/\/www.bellunopress.it\/","logo":{"@type":"ImageObject","inLanguage":"fr-FR","@id":"https:\/\/www.bellunopress.it\/#\/schema\/logo\/image\/","url":"https:\/\/www.bellunopress.it\/wp-content\/uploads\/2011\/05\/cropped-logo-bellunopress-.jpg","contentUrl":"https:\/\/www.bellunopress.it\/wp-content\/uploads\/2011\/05\/cropped-logo-bellunopress-.jpg","width":512,"height":512,"caption":"Bellunopress"},"image":{"@id":"https:\/\/www.bellunopress.it\/#\/schema\/logo\/image\/"},"sameAs":["https:\/\/www.facebook.com\/profile.php?id=100008943462799","https:\/\/x.com\/bellunopress","https:\/\/www.linkedin.com\/hp\/?dnr=JBzUWaJfMUw8vbXJJ2tVW5-I3jZKvC4wsoxE&amp;amp;amp;amp;amp;amp;trk=nav_responsive_tab_home","https:\/\/www.youtube.com\/channel\/UCxL0wu1uN0_3_7hGG0306cw"]},{"@type":"Person","@id":"https:\/\/www.bellunopress.it\/#\/schema\/person\/79bb06722b37ece1c03d3e94beb30d73","name":"r\u00e9daction","image":{"@type":"ImageObject","inLanguage":"fr-FR","@id":"https:\/\/secure.gravatar.com\/avatar\/37d968a2e67a6fd04c169c4bdef102d0bc5d31b2546345219e348575eb80e9a0?s=96&d=mm&r=g","url":"https:\/\/secure.gravatar.com\/avatar\/37d968a2e67a6fd04c169c4bdef102d0bc5d31b2546345219e348575eb80e9a0?s=96&d=mm&r=g","contentUrl":"https:\/\/secure.gravatar.com\/avatar\/37d968a2e67a6fd04c169c4bdef102d0bc5d31b2546345219e348575eb80e9a0?s=96&d=mm&r=g","caption":"redazione"},"sameAs":["http:\/\/www.bellunopress.it","https:\/\/x.com\/bellunopress"],"url":"https:\/\/www.bellunopress.it\/fr\/author\/redazione\/"}]}},"_links":{"self":[{"href":"https:\/\/www.bellunopress.it\/fr\/wp-json\/wp\/v2\/posts\/4783","targetHints":{"allow":["GET"]}}],"collection":[{"href":"https:\/\/www.bellunopress.it\/fr\/wp-json\/wp\/v2\/posts"}],"about":[{"href":"https:\/\/www.bellunopress.it\/fr\/wp-json\/wp\/v2\/types\/post"}],"author":[{"embeddable":true,"href":"https:\/\/www.bellunopress.it\/fr\/wp-json\/wp\/v2\/users\/2"}],"replies":[{"embeddable":true,"href":"https:\/\/www.bellunopress.it\/fr\/wp-json\/wp\/v2\/comments?post=4783"}],"version-history":[{"count":1,"href":"https:\/\/www.bellunopress.it\/fr\/wp-json\/wp\/v2\/posts\/4783\/revisions"}],"predecessor-version":[{"id":4785,"href":"https:\/\/www.bellunopress.it\/fr\/wp-json\/wp\/v2\/posts\/4783\/revisions\/4785"}],"wp:attachment":[{"href":"https:\/\/www.bellunopress.it\/fr\/wp-json\/wp\/v2\/media?parent=4783"}],"wp:term":[{"taxonomy":"category","embeddable":true,"href":"https:\/\/www.bellunopress.it\/fr\/wp-json\/wp\/v2\/categories?post=4783"},{"taxonomy":"post_tag","embeddable":true,"href":"https:\/\/www.bellunopress.it\/fr\/wp-json\/wp\/v2\/tags?post=4783"}],"curies":[{"name":"wp","href":"https:\/\/api.w.org\/{rel}","templated":true}]}}