{"id":47815,"date":"2013-03-21T11:37:50","date_gmt":"2013-03-21T10:37:50","guid":{"rendered":"http:\/\/www.bellunopress.it\/?p=47815"},"modified":"2013-03-24T09:54:13","modified_gmt":"2013-03-24T08:54:13","slug":"sabato-pomeriggio-al-centro-giovanni-23mo-si-parla-dellopus-dei","status":"publish","type":"post","link":"https:\/\/www.bellunopress.it\/fr\/2013\/03\/21\/sabato-pomeriggio-al-centro-giovanni-23mo-si-parla-dellopus-dei\/","title":{"rendered":"Sabato pomeriggio al centro Giovanni 23mo si parla dell&#8217;Opus Dei"},"content":{"rendered":"<p>Sabato 23 marzo alle ore 16,00 in Sala San Vittore del Centro Giovanni XXIII si terr\u00e0 un incontro con tema: &#8221; Amare il mondo appassionatamente&#8221; nel corso del quale si illustrer\u00e0 l&#8217;opera di Josemar\u00eda Escriv\u00e1 de Balaguer (Barbastro, 9 gennaio 1902 \u2013 Roma, 26 giugno 1975), fondatore dell&#8217;Opus Dei.<\/p>\n<p>I relatori don Francesco Cacioppo, Nicola Scopelliti e Roberto Colombo parleranno di come le circostanze ordinarie sianooccasione di incontro con Dio.<\/p>\n<p>&#8221; \u00c8 in mezzo alle cose pi\u00f9 materiali della terra che ci dobbiamo santificare, servendo Dio e tutti gli uomini&#8221; diceva San Josemar\u00eda.<\/p>\n<p>La forza del messaggio di san Jo\u00adsemar\u00eda \u00e8 che arrivava e arriva a tut\u00adti, atei e non credenti, e fa capire quanto \u00e8 straordinario vivere la vi\u00adta di ogni giorno, lottando contro ci\u00f2 che non va. L&#8217;incontro \u00e8 aperto a tutti .<\/p>\n<p>Con la pubblicazione del libro &#8220;Il codice da Vinci&#8221; nel 2003, romanzo di fantasia a sfondo storico, e l&#8217;uscita dell&#8217;omonimo film nel 2006, uno degli espedienti per creare interesse nel lettore \u00e8 la descrizione delle mortificazioni corporali che alcuni membri dell&#8217;Opus dei praticherebbero. \u00abTanto progredirai quanto farai violenza a te stesso \u00bb (Codex Iuris Particularis Operis Dei).<\/p>\n<p>I membri numerari dell&#8217;Opus Dei (membri numerari e membri aggregati, che promettono anche di essere fedeli al celibato), sono infatti chiamati, ai fini della mortificazione corporale (esaltata in pi\u00f9 punti delle sue opere dal Escriv\u00e1 de Balaguer, ed esplicitamente prescritta nel Codex Iuris Particularis Operis Dei al Titolo 3, articolo 83, ad utilizzare una cinghia di metallo con punte, chiamata cilicio, sulla coscia fino a due ore al giorno, e a frustarsi le terga ogni settimana con una frusta di corda intrecciata chiamata &#8220;disciplina&#8221;. Entrambe le prescrizioni sono definite nel documento &#8220;De Spiritu et de piis servandis consuetudinibus&#8221; del 1990 al punto 64 e nello statuto del 1950 al punto 260. (fonte: Wikipedia) <a href=\"http:\/\/it.wikipedia.org\/wiki\/Opus_Dei\">http:\/\/it.wikipedia.org\/wiki\/Opus_Dei<\/a><\/p>","protected":false},"excerpt":{"rendered":"<p>Sabato 23 marzo alle ore 16,00 in Sala San Vittore del Centro Giovanni XXIII si terr\u00e0 un incontro con tema: &#8221; Amare il mondo appassionatamente&#8221; nel corso del quale si illustrer\u00e0 l&#8217;opera di Josemar\u00eda Escriv\u00e1 de Balaguer (Barbastro, 9 gennaio 1902 \u2013 Roma, 26 giugno 1975), fondatore dell&#8217;Opus Dei. I relatori don Francesco Cacioppo, Nicola [&hellip;]<\/p>\n","protected":false},"author":2,"featured_media":0,"comment_status":"closed","ping_status":"open","sticky":false,"template":"","format":"standard","meta":{"footnotes":""},"categories":[27,3,25],"tags":[],"class_list":["post-47815","post","type-post","status-publish","format-standard","category-appuntamenti","category-arte-cultura-spettacoli-scienza-archivi","category-pausa-caffe"],"yoast_head":"<!-- This site is optimized with the Yoast SEO plugin v28.4 - https:\/\/yoast.com\/product\/yoast-seo-wordpress\/ -->\n<title>Sabato pomeriggio al centro Giovanni 23mo si parla dell&#039;Opus Dei - Bellunopress - Dolomiti<\/title>\n<meta name=\"robots\" content=\"index, follow, max-snippet:-1, max-image-preview:large, max-video-preview:-1\" \/>\n<link rel=\"canonical\" href=\"https:\/\/www.bellunopress.it\/fr\/2013\/03\/21\/sabato-pomeriggio-al-centro-giovanni-23mo-si-parla-dellopus-dei\/\" \/>\n<meta property=\"og:locale\" content=\"fr_FR\" \/>\n<meta property=\"og:type\" content=\"article\" \/>\n<meta property=\"og:title\" content=\"Sabato pomeriggio al centro Giovanni 23mo si parla dell&#039;Opus Dei - Bellunopress - Dolomiti\" \/>\n<meta property=\"og:description\" content=\"Sabato 23 marzo alle ore 16,00 in Sala San Vittore del Centro Giovanni XXIII si terr\u00e0 un incontro con tema: &#8221; Amare il mondo appassionatamente&#8221; nel corso del quale si illustrer\u00e0 l&#8217;opera di Josemar\u00eda Escriv\u00e1 de Balaguer (Barbastro, 9 gennaio 1902 \u2013 Roma, 26 giugno 1975), fondatore dell&#8217;Opus Dei. I relatori don Francesco Cacioppo, Nicola [&hellip;]\" \/>\n<meta property=\"og:url\" content=\"https:\/\/www.bellunopress.it\/fr\/2013\/03\/21\/sabato-pomeriggio-al-centro-giovanni-23mo-si-parla-dellopus-dei\/\" \/>\n<meta property=\"og:site_name\" content=\"Bellunopress - Dolomiti\" \/>\n<meta property=\"article:publisher\" content=\"https:\/\/www.facebook.com\/profile.php?id=100008943462799\" \/>\n<meta property=\"article:published_time\" content=\"2013-03-21T10:37:50+00:00\" \/>\n<meta property=\"article:modified_time\" content=\"2013-03-24T08:54:13+00:00\" \/>\n<meta property=\"og:image\" content=\"http:\/\/www.bellunopress.it\/wp-content\/uploads\/2012\/07\/logo-bellunopress-250x250-2012.jpg\" \/>\n<meta name=\"author\" content=\"redazione\" \/>\n<meta name=\"twitter:card\" content=\"summary_large_image\" \/>\n<meta name=\"twitter:creator\" content=\"@bellunopress\" \/>\n<meta name=\"twitter:site\" content=\"@bellunopress\" \/>\n<meta name=\"twitter:label1\" content=\"Written by\" \/>\n\t<meta name=\"twitter:data1\" content=\"redazione\" \/>\n\t<meta name=\"twitter:label2\" content=\"Est. reading time\" \/>\n\t<meta name=\"twitter:data2\" content=\"1 minute\" \/>\n<script type=\"application\/ld+json\" class=\"yoast-schema-graph\">{\"@context\":\"https:\\\/\\\/schema.org\",\"@graph\":[{\"@type\":\"Article\",\"@id\":\"https:\\\/\\\/www.bellunopress.it\\\/2013\\\/03\\\/21\\\/sabato-pomeriggio-al-centro-giovanni-23mo-si-parla-dellopus-dei\\\/#article\",\"isPartOf\":{\"@id\":\"https:\\\/\\\/www.bellunopress.it\\\/2013\\\/03\\\/21\\\/sabato-pomeriggio-al-centro-giovanni-23mo-si-parla-dellopus-dei\\\/\"},\"author\":{\"name\":\"redazione\",\"@id\":\"https:\\\/\\\/www.bellunopress.it\\\/#\\\/schema\\\/person\\\/79bb06722b37ece1c03d3e94beb30d73\"},\"headline\":\"Sabato pomeriggio al centro Giovanni 23mo si parla dell&#8217;Opus Dei\",\"datePublished\":\"2013-03-21T10:37:50+00:00\",\"dateModified\":\"2013-03-24T08:54:13+00:00\",\"mainEntityOfPage\":{\"@id\":\"https:\\\/\\\/www.bellunopress.it\\\/2013\\\/03\\\/21\\\/sabato-pomeriggio-al-centro-giovanni-23mo-si-parla-dellopus-dei\\\/\"},\"wordCount\":312,\"publisher\":{\"@id\":\"https:\\\/\\\/www.bellunopress.it\\\/#organization\"},\"articleSection\":[\"Appuntamenti, Eventi\",\"Arte, Cultura, Spettacoli, Scienza\",\"Pausa Caff\u00e8\"],\"inLanguage\":\"fr-FR\"},{\"@type\":\"WebPage\",\"@id\":\"https:\\\/\\\/www.bellunopress.it\\\/2013\\\/03\\\/21\\\/sabato-pomeriggio-al-centro-giovanni-23mo-si-parla-dellopus-dei\\\/\",\"url\":\"https:\\\/\\\/www.bellunopress.it\\\/2013\\\/03\\\/21\\\/sabato-pomeriggio-al-centro-giovanni-23mo-si-parla-dellopus-dei\\\/\",\"name\":\"Sabato pomeriggio al centro Giovanni 23mo si parla dell'Opus Dei - Bellunopress - Dolomiti\",\"isPartOf\":{\"@id\":\"https:\\\/\\\/www.bellunopress.it\\\/#website\"},\"datePublished\":\"2013-03-21T10:37:50+00:00\",\"dateModified\":\"2013-03-24T08:54:13+00:00\",\"breadcrumb\":{\"@id\":\"https:\\\/\\\/www.bellunopress.it\\\/2013\\\/03\\\/21\\\/sabato-pomeriggio-al-centro-giovanni-23mo-si-parla-dellopus-dei\\\/#breadcrumb\"},\"inLanguage\":\"fr-FR\",\"potentialAction\":[{\"@type\":\"ReadAction\",\"target\":[\"https:\\\/\\\/www.bellunopress.it\\\/2013\\\/03\\\/21\\\/sabato-pomeriggio-al-centro-giovanni-23mo-si-parla-dellopus-dei\\\/\"]}]},{\"@type\":\"BreadcrumbList\",\"@id\":\"https:\\\/\\\/www.bellunopress.it\\\/2013\\\/03\\\/21\\\/sabato-pomeriggio-al-centro-giovanni-23mo-si-parla-dellopus-dei\\\/#breadcrumb\",\"itemListElement\":[{\"@type\":\"ListItem\",\"position\":1,\"name\":\"Home\",\"item\":\"https:\\\/\\\/www.bellunopress.it\\\/\"},{\"@type\":\"ListItem\",\"position\":2,\"name\":\"Sabato pomeriggio al centro Giovanni 23mo si parla dell&#8217;Opus Dei\"}]},{\"@type\":\"WebSite\",\"@id\":\"https:\\\/\\\/www.bellunopress.it\\\/#website\",\"url\":\"https:\\\/\\\/www.bellunopress.it\\\/\",\"name\":\"Bellunopress - Dolomiti\",\"description\":\"e-mail: redazione@bellunopress.it\",\"publisher\":{\"@id\":\"https:\\\/\\\/www.bellunopress.it\\\/#organization\"},\"potentialAction\":[{\"@type\":\"SearchAction\",\"target\":{\"@type\":\"EntryPoint\",\"urlTemplate\":\"https:\\\/\\\/www.bellunopress.it\\\/?s={search_term_string}\"},\"query-input\":{\"@type\":\"PropertyValueSpecification\",\"valueRequired\":true,\"valueName\":\"search_term_string\"}}],\"inLanguage\":\"fr-FR\"},{\"@type\":\"Organization\",\"@id\":\"https:\\\/\\\/www.bellunopress.it\\\/#organization\",\"name\":\"Bellunopress\",\"url\":\"https:\\\/\\\/www.bellunopress.it\\\/\",\"logo\":{\"@type\":\"ImageObject\",\"inLanguage\":\"fr-FR\",\"@id\":\"https:\\\/\\\/www.bellunopress.it\\\/#\\\/schema\\\/logo\\\/image\\\/\",\"url\":\"https:\\\/\\\/www.bellunopress.it\\\/wp-content\\\/uploads\\\/2011\\\/05\\\/cropped-logo-bellunopress-.jpg\",\"contentUrl\":\"https:\\\/\\\/www.bellunopress.it\\\/wp-content\\\/uploads\\\/2011\\\/05\\\/cropped-logo-bellunopress-.jpg\",\"width\":512,\"height\":512,\"caption\":\"Bellunopress\"},\"image\":{\"@id\":\"https:\\\/\\\/www.bellunopress.it\\\/#\\\/schema\\\/logo\\\/image\\\/\"},\"sameAs\":[\"https:\\\/\\\/www.facebook.com\\\/profile.php?id=100008943462799\",\"https:\\\/\\\/x.com\\\/bellunopress\",\"https:\\\/\\\/www.linkedin.com\\\/hp\\\/?dnr=JBzUWaJfMUw8vbXJJ2tVW5-I3jZKvC4wsoxE&amp;amp;amp;amp;amp;amp;trk=nav_responsive_tab_home\",\"https:\\\/\\\/www.youtube.com\\\/channel\\\/UCxL0wu1uN0_3_7hGG0306cw\"]},{\"@type\":\"Person\",\"@id\":\"https:\\\/\\\/www.bellunopress.it\\\/#\\\/schema\\\/person\\\/79bb06722b37ece1c03d3e94beb30d73\",\"name\":\"redazione\",\"image\":{\"@type\":\"ImageObject\",\"inLanguage\":\"fr-FR\",\"@id\":\"https:\\\/\\\/secure.gravatar.com\\\/avatar\\\/37d968a2e67a6fd04c169c4bdef102d0bc5d31b2546345219e348575eb80e9a0?s=96&d=mm&r=g\",\"url\":\"https:\\\/\\\/secure.gravatar.com\\\/avatar\\\/37d968a2e67a6fd04c169c4bdef102d0bc5d31b2546345219e348575eb80e9a0?s=96&d=mm&r=g\",\"contentUrl\":\"https:\\\/\\\/secure.gravatar.com\\\/avatar\\\/37d968a2e67a6fd04c169c4bdef102d0bc5d31b2546345219e348575eb80e9a0?s=96&d=mm&r=g\",\"caption\":\"redazione\"},\"sameAs\":[\"http:\\\/\\\/www.bellunopress.it\",\"https:\\\/\\\/x.com\\\/bellunopress\"],\"url\":\"https:\\\/\\\/www.bellunopress.it\\\/fr\\\/author\\\/redazione\\\/\"}]}<\/script>\n<!-- \/ Yoast SEO plugin. -->","yoast_head_json":{"title":"Sabato pomeriggio al centro Giovanni 23mo si parla dell'Opus Dei - Bellunopress - Dolomiti","robots":{"index":"index","follow":"follow","max-snippet":"max-snippet:-1","max-image-preview":"max-image-preview:large","max-video-preview":"max-video-preview:-1"},"canonical":"https:\/\/www.bellunopress.it\/fr\/2013\/03\/21\/sabato-pomeriggio-al-centro-giovanni-23mo-si-parla-dellopus-dei\/","og_locale":"fr_FR","og_type":"article","og_title":"Sabato pomeriggio al centro Giovanni 23mo si parla dell'Opus Dei - Bellunopress - Dolomiti","og_description":"Sabato 23 marzo alle ore 16,00 in Sala San Vittore del Centro Giovanni XXIII si terr\u00e0 un incontro con tema: &#8221; Amare il mondo appassionatamente&#8221; nel corso del quale si illustrer\u00e0 l&#8217;opera di Josemar\u00eda Escriv\u00e1 de Balaguer (Barbastro, 9 gennaio 1902 \u2013 Roma, 26 giugno 1975), fondatore dell&#8217;Opus Dei. I relatori don Francesco Cacioppo, Nicola [&hellip;]","og_url":"https:\/\/www.bellunopress.it\/fr\/2013\/03\/21\/sabato-pomeriggio-al-centro-giovanni-23mo-si-parla-dellopus-dei\/","og_site_name":"Bellunopress - Dolomiti","article_publisher":"https:\/\/www.facebook.com\/profile.php?id=100008943462799","article_published_time":"2013-03-21T10:37:50+00:00","article_modified_time":"2013-03-24T08:54:13+00:00","og_image":[{"url":"http:\/\/www.bellunopress.it\/wp-content\/uploads\/2012\/07\/logo-bellunopress-250x250-2012.jpg","type":"","width":"","height":""}],"author":"redazione","twitter_card":"summary_large_image","twitter_creator":"@bellunopress","twitter_site":"@bellunopress","twitter_misc":{"Written by":"redazione","Est. reading time":"1 minute"},"schema":{"@context":"https:\/\/schema.org","@graph":[{"@type":"Article","@id":"https:\/\/www.bellunopress.it\/2013\/03\/21\/sabato-pomeriggio-al-centro-giovanni-23mo-si-parla-dellopus-dei\/#article","isPartOf":{"@id":"https:\/\/www.bellunopress.it\/2013\/03\/21\/sabato-pomeriggio-al-centro-giovanni-23mo-si-parla-dellopus-dei\/"},"author":{"name":"redazione","@id":"https:\/\/www.bellunopress.it\/#\/schema\/person\/79bb06722b37ece1c03d3e94beb30d73"},"headline":"Sabato pomeriggio al centro Giovanni 23mo si parla dell&#8217;Opus Dei","datePublished":"2013-03-21T10:37:50+00:00","dateModified":"2013-03-24T08:54:13+00:00","mainEntityOfPage":{"@id":"https:\/\/www.bellunopress.it\/2013\/03\/21\/sabato-pomeriggio-al-centro-giovanni-23mo-si-parla-dellopus-dei\/"},"wordCount":312,"publisher":{"@id":"https:\/\/www.bellunopress.it\/#organization"},"articleSection":["Appuntamenti, Eventi","Arte, Cultura, Spettacoli, Scienza","Pausa Caff\u00e8"],"inLanguage":"fr-FR"},{"@type":"WebPage","@id":"https:\/\/www.bellunopress.it\/2013\/03\/21\/sabato-pomeriggio-al-centro-giovanni-23mo-si-parla-dellopus-dei\/","url":"https:\/\/www.bellunopress.it\/2013\/03\/21\/sabato-pomeriggio-al-centro-giovanni-23mo-si-parla-dellopus-dei\/","name":"Sabato pomeriggio al centro Giovanni 23mo si parla dell'Opus Dei - Bellunopress - Dolomiti","isPartOf":{"@id":"https:\/\/www.bellunopress.it\/#website"},"datePublished":"2013-03-21T10:37:50+00:00","dateModified":"2013-03-24T08:54:13+00:00","breadcrumb":{"@id":"https:\/\/www.bellunopress.it\/2013\/03\/21\/sabato-pomeriggio-al-centro-giovanni-23mo-si-parla-dellopus-dei\/#breadcrumb"},"inLanguage":"fr-FR","potentialAction":[{"@type":"ReadAction","target":["https:\/\/www.bellunopress.it\/2013\/03\/21\/sabato-pomeriggio-al-centro-giovanni-23mo-si-parla-dellopus-dei\/"]}]},{"@type":"BreadcrumbList","@id":"https:\/\/www.bellunopress.it\/2013\/03\/21\/sabato-pomeriggio-al-centro-giovanni-23mo-si-parla-dellopus-dei\/#breadcrumb","itemListElement":[{"@type":"ListItem","position":1,"name":"Home","item":"https:\/\/www.bellunopress.it\/"},{"@type":"ListItem","position":2,"name":"Sabato pomeriggio al centro Giovanni 23mo si parla dell&#8217;Opus Dei"}]},{"@type":"WebSite","@id":"https:\/\/www.bellunopress.it\/#website","url":"https:\/\/www.bellunopress.it\/","name":"Bellunopress - Dolomiti","description":"e-mail: redazione@bellunopress.it","publisher":{"@id":"https:\/\/www.bellunopress.it\/#organization"},"potentialAction":[{"@type":"SearchAction","target":{"@type":"EntryPoint","urlTemplate":"https:\/\/www.bellunopress.it\/?s={search_term_string}"},"query-input":{"@type":"PropertyValueSpecification","valueRequired":true,"valueName":"search_term_string"}}],"inLanguage":"fr-FR"},{"@type":"Organization","@id":"https:\/\/www.bellunopress.it\/#organization","name":"Bellunopress","url":"https:\/\/www.bellunopress.it\/","logo":{"@type":"ImageObject","inLanguage":"fr-FR","@id":"https:\/\/www.bellunopress.it\/#\/schema\/logo\/image\/","url":"https:\/\/www.bellunopress.it\/wp-content\/uploads\/2011\/05\/cropped-logo-bellunopress-.jpg","contentUrl":"https:\/\/www.bellunopress.it\/wp-content\/uploads\/2011\/05\/cropped-logo-bellunopress-.jpg","width":512,"height":512,"caption":"Bellunopress"},"image":{"@id":"https:\/\/www.bellunopress.it\/#\/schema\/logo\/image\/"},"sameAs":["https:\/\/www.facebook.com\/profile.php?id=100008943462799","https:\/\/x.com\/bellunopress","https:\/\/www.linkedin.com\/hp\/?dnr=JBzUWaJfMUw8vbXJJ2tVW5-I3jZKvC4wsoxE&amp;amp;amp;amp;amp;amp;trk=nav_responsive_tab_home","https:\/\/www.youtube.com\/channel\/UCxL0wu1uN0_3_7hGG0306cw"]},{"@type":"Person","@id":"https:\/\/www.bellunopress.it\/#\/schema\/person\/79bb06722b37ece1c03d3e94beb30d73","name":"r\u00e9daction","image":{"@type":"ImageObject","inLanguage":"fr-FR","@id":"https:\/\/secure.gravatar.com\/avatar\/37d968a2e67a6fd04c169c4bdef102d0bc5d31b2546345219e348575eb80e9a0?s=96&d=mm&r=g","url":"https:\/\/secure.gravatar.com\/avatar\/37d968a2e67a6fd04c169c4bdef102d0bc5d31b2546345219e348575eb80e9a0?s=96&d=mm&r=g","contentUrl":"https:\/\/secure.gravatar.com\/avatar\/37d968a2e67a6fd04c169c4bdef102d0bc5d31b2546345219e348575eb80e9a0?s=96&d=mm&r=g","caption":"redazione"},"sameAs":["http:\/\/www.bellunopress.it","https:\/\/x.com\/bellunopress"],"url":"https:\/\/www.bellunopress.it\/fr\/author\/redazione\/"}]}},"_links":{"self":[{"href":"https:\/\/www.bellunopress.it\/fr\/wp-json\/wp\/v2\/posts\/47815","targetHints":{"allow":["GET"]}}],"collection":[{"href":"https:\/\/www.bellunopress.it\/fr\/wp-json\/wp\/v2\/posts"}],"about":[{"href":"https:\/\/www.bellunopress.it\/fr\/wp-json\/wp\/v2\/types\/post"}],"author":[{"embeddable":true,"href":"https:\/\/www.bellunopress.it\/fr\/wp-json\/wp\/v2\/users\/2"}],"replies":[{"embeddable":true,"href":"https:\/\/www.bellunopress.it\/fr\/wp-json\/wp\/v2\/comments?post=47815"}],"version-history":[{"count":2,"href":"https:\/\/www.bellunopress.it\/fr\/wp-json\/wp\/v2\/posts\/47815\/revisions"}],"predecessor-version":[{"id":47870,"href":"https:\/\/www.bellunopress.it\/fr\/wp-json\/wp\/v2\/posts\/47815\/revisions\/47870"}],"wp:attachment":[{"href":"https:\/\/www.bellunopress.it\/fr\/wp-json\/wp\/v2\/media?parent=47815"}],"wp:term":[{"taxonomy":"category","embeddable":true,"href":"https:\/\/www.bellunopress.it\/fr\/wp-json\/wp\/v2\/categories?post=47815"},{"taxonomy":"post_tag","embeddable":true,"href":"https:\/\/www.bellunopress.it\/fr\/wp-json\/wp\/v2\/tags?post=47815"}],"curies":[{"name":"wp","href":"https:\/\/api.w.org\/{rel}","templated":true}]}}