{"id":47808,"date":"2013-03-21T20:36:58","date_gmt":"2013-03-21T19:36:58","guid":{"rendered":"http:\/\/www.bellunopress.it\/?p=47808"},"modified":"2013-03-21T20:36:58","modified_gmt":"2013-03-21T19:36:58","slug":"fusione-dei-comuni-toscani-il-cadore-puo-essere-un-laboratorio-a-livello-europeo","status":"publish","type":"post","link":"https:\/\/www.bellunopress.it\/fr\/2013\/03\/21\/fusione-dei-comuni-toscani-il-cadore-puo-essere-un-laboratorio-a-livello-europeo\/","title":{"rendered":"Fusione dei comuni. Toscani: &#8220;Il Cadore pu\u00f2 essere un laboratorio a livello europeo&#8221;"},"content":{"rendered":"<p><strong>Il Vicepresidente dell\u2019assemblea regionale Toscani \u00e8 a Strasburgo per il 24^ Congresso del Consiglio d\u2019Europa: possibile sperimentare un modello amministrativo ottimale<\/strong><\/p>\n<p><a href=\"http:\/\/www.bellunopress.it\/wp-content\/uploads\/2013\/03\/Toscani-a-strasburgo.jpg\"><img loading=\"lazy\" decoding=\"async\" class=\"alignleft size-full wp-image-47809\" alt=\"Toscani a strasburgo\" src=\"http:\/\/www.bellunopress.it\/wp-content\/uploads\/2013\/03\/Toscani-a-strasburgo.jpg\" width=\"209\" height=\"270\" \/><\/a>\u00abSulla fusione dei Comuni, il Cadore pu\u00f2 diventare un laboratorio a livello europeo per la sperimentazione di un modello amministrativo ottimale\u00bb. E\u2019 quanto sostiene il vicepresidente del Consiglio regionale del Veneto Matteo Toscani, impegnato in questi giorni al 24^ Congresso del Consiglio d\u2019Europa, un\u2019organizzazione internazionale con sede a Strasburgo, nata nel 1949 con lo scopo di promuovere la democrazia, i diritti dell\u2019uomo, l&#8217;identit\u00e0 culturale europea e la ricerca di soluzioni ai problemi sociali. Oggi gli Stati membri sono 47, con ottocento milioni di abitanti e con oltre duecento mila regioni e municipalit\u00e0.<\/p>\n<p>\u00abA margine degli eventi ufficiali \u2013 spiega il consigliere della Lega Nord, a Strasburgo in rappresentanza dell\u2019assemblea regionale veneta \u2013 ho incontrato numerosi rappresentanti delle autonomie locali degli altri Paesi per affrontare il tema, pi\u00f9 che mai attuale, della fusione dei Comuni. Il panorama europeo \u00e8 molto variegato, ma con un minimo comun denominatore: la necessit\u00e0 di una razionalizzazione amministrativa che preveda l\u2019accorpamento dei piccoli municipi\u00bb. \u00abLe differenze \u2013 prosegue Matteo Toscani \u2013 sono sul metodo. Da una parte, c\u2019\u00e8 chi opta per una procedura impositiva. Dall\u2019altra, c\u2019\u00e8 chi predilige un percorso pi\u00f9 democratico, incentrato sulla volontariet\u00e0. L\u2019Italia sta a met\u00e0 tra questi due estremi\u00bb.<\/p>\n<p>\u00abIn questo processo \u2013 afferma ancora il vicepresidente del Consiglio regionale \u2013 pu\u00f2 essere interessante il rapporto di collaborazione, per il quale mi sono impegnato personalmente, tra il dipartimento per la riforma del governo locale del Consiglio d\u2019Europa e la Direzione degli Enti Locali della Regione Veneto. Ed \u00e8 proprio in quest\u2019ambito che il Cadore, forte delle sue antiche tradizioni autonomiste e democratiche e con i suoi quarantamila abitanti suddivisi in una ventina di Comuni per lo pi\u00f9 di piccole dimensioni, potrebbe essere il territorio-pilota, sempre che i sindaci vogliano cogliere i sentimenti positivi dei cittadini su questa ineludibile prospettiva\u00bb.<\/p>\n<p>&nbsp;<\/p>","protected":false},"excerpt":{"rendered":"<p>Il Vicepresidente dell\u2019assemblea regionale Toscani \u00e8 a Strasburgo per il 24^ Congresso del Consiglio d\u2019Europa: possibile sperimentare un modello amministrativo ottimale \u00abSulla fusione dei Comuni, il Cadore pu\u00f2 diventare un laboratorio a livello europeo per la sperimentazione di un modello amministrativo ottimale\u00bb. E\u2019 quanto sostiene il vicepresidente del Consiglio regionale del Veneto Matteo Toscani, impegnato [&hellip;]<\/p>\n","protected":false},"author":2,"featured_media":0,"comment_status":"closed","ping_status":"open","sticky":false,"template":"","format":"standard","meta":{"footnotes":""},"categories":[5,26],"tags":[],"class_list":["post-47808","post","type-post","status-publish","format-standard","category-cronaca","category-prima-pagina"],"yoast_head":"<!-- This site is optimized with the Yoast SEO plugin v28.4 - https:\/\/yoast.com\/product\/yoast-seo-wordpress\/ -->\n<title>Fusione dei comuni. Toscani: &quot;Il Cadore pu\u00f2 essere un laboratorio a livello europeo&quot; - Bellunopress - Dolomiti<\/title>\n<meta name=\"robots\" content=\"index, follow, max-snippet:-1, max-image-preview:large, max-video-preview:-1\" \/>\n<link rel=\"canonical\" href=\"https:\/\/www.bellunopress.it\/fr\/2013\/03\/21\/fusione-dei-comuni-toscani-il-cadore-puo-essere-un-laboratorio-a-livello-europeo\/\" \/>\n<meta property=\"og:locale\" content=\"fr_FR\" \/>\n<meta property=\"og:type\" content=\"article\" \/>\n<meta property=\"og:title\" content=\"Fusione dei comuni. Toscani: &quot;Il Cadore pu\u00f2 essere un laboratorio a livello europeo&quot; - Bellunopress - Dolomiti\" \/>\n<meta property=\"og:description\" content=\"Il Vicepresidente dell\u2019assemblea regionale Toscani \u00e8 a Strasburgo per il 24^ Congresso del Consiglio d\u2019Europa: possibile sperimentare un modello amministrativo ottimale \u00abSulla fusione dei Comuni, il Cadore pu\u00f2 diventare un laboratorio a livello europeo per la sperimentazione di un modello amministrativo ottimale\u00bb. E\u2019 quanto sostiene il vicepresidente del Consiglio regionale del Veneto Matteo Toscani, impegnato [&hellip;]\" \/>\n<meta property=\"og:url\" content=\"https:\/\/www.bellunopress.it\/fr\/2013\/03\/21\/fusione-dei-comuni-toscani-il-cadore-puo-essere-un-laboratorio-a-livello-europeo\/\" \/>\n<meta property=\"og:site_name\" content=\"Bellunopress - Dolomiti\" \/>\n<meta property=\"article:publisher\" content=\"https:\/\/www.facebook.com\/profile.php?id=100008943462799\" \/>\n<meta property=\"article:published_time\" content=\"2013-03-21T19:36:58+00:00\" \/>\n<meta property=\"og:image\" content=\"http:\/\/www.bellunopress.it\/wp-content\/uploads\/2013\/03\/Toscani-a-strasburgo.jpg\" \/>\n<meta name=\"author\" content=\"redazione\" \/>\n<meta name=\"twitter:card\" content=\"summary_large_image\" \/>\n<meta name=\"twitter:creator\" content=\"@bellunopress\" \/>\n<meta name=\"twitter:site\" content=\"@bellunopress\" \/>\n<meta name=\"twitter:label1\" content=\"Written by\" \/>\n\t<meta name=\"twitter:data1\" content=\"redazione\" \/>\n\t<meta name=\"twitter:label2\" content=\"Est. reading time\" \/>\n\t<meta name=\"twitter:data2\" content=\"2 minutes\" \/>\n<script type=\"application\/ld+json\" class=\"yoast-schema-graph\">{\"@context\":\"https:\\\/\\\/schema.org\",\"@graph\":[{\"@type\":\"Article\",\"@id\":\"https:\\\/\\\/www.bellunopress.it\\\/2013\\\/03\\\/21\\\/fusione-dei-comuni-toscani-il-cadore-puo-essere-un-laboratorio-a-livello-europeo\\\/#article\",\"isPartOf\":{\"@id\":\"https:\\\/\\\/www.bellunopress.it\\\/2013\\\/03\\\/21\\\/fusione-dei-comuni-toscani-il-cadore-puo-essere-un-laboratorio-a-livello-europeo\\\/\"},\"author\":{\"name\":\"redazione\",\"@id\":\"https:\\\/\\\/www.bellunopress.it\\\/#\\\/schema\\\/person\\\/79bb06722b37ece1c03d3e94beb30d73\"},\"headline\":\"Fusione dei comuni. Toscani: &#8220;Il Cadore pu\u00f2 essere un laboratorio a livello europeo&#8221;\",\"datePublished\":\"2013-03-21T19:36:58+00:00\",\"mainEntityOfPage\":{\"@id\":\"https:\\\/\\\/www.bellunopress.it\\\/2013\\\/03\\\/21\\\/fusione-dei-comuni-toscani-il-cadore-puo-essere-un-laboratorio-a-livello-europeo\\\/\"},\"wordCount\":331,\"publisher\":{\"@id\":\"https:\\\/\\\/www.bellunopress.it\\\/#organization\"},\"image\":{\"@id\":\"https:\\\/\\\/www.bellunopress.it\\\/2013\\\/03\\\/21\\\/fusione-dei-comuni-toscani-il-cadore-puo-essere-un-laboratorio-a-livello-europeo\\\/#primaryimage\"},\"thumbnailUrl\":\"http:\\\/\\\/www.bellunopress.it\\\/wp-content\\\/uploads\\\/2013\\\/03\\\/Toscani-a-strasburgo.jpg\",\"articleSection\":[\"Cronaca\\\/Politica\",\"Prima Pagina\"],\"inLanguage\":\"fr-FR\"},{\"@type\":\"WebPage\",\"@id\":\"https:\\\/\\\/www.bellunopress.it\\\/2013\\\/03\\\/21\\\/fusione-dei-comuni-toscani-il-cadore-puo-essere-un-laboratorio-a-livello-europeo\\\/\",\"url\":\"https:\\\/\\\/www.bellunopress.it\\\/2013\\\/03\\\/21\\\/fusione-dei-comuni-toscani-il-cadore-puo-essere-un-laboratorio-a-livello-europeo\\\/\",\"name\":\"Fusione dei comuni. Toscani: \\\"Il Cadore pu\u00f2 essere un laboratorio a livello europeo\\\" - Bellunopress - Dolomiti\",\"isPartOf\":{\"@id\":\"https:\\\/\\\/www.bellunopress.it\\\/#website\"},\"primaryImageOfPage\":{\"@id\":\"https:\\\/\\\/www.bellunopress.it\\\/2013\\\/03\\\/21\\\/fusione-dei-comuni-toscani-il-cadore-puo-essere-un-laboratorio-a-livello-europeo\\\/#primaryimage\"},\"image\":{\"@id\":\"https:\\\/\\\/www.bellunopress.it\\\/2013\\\/03\\\/21\\\/fusione-dei-comuni-toscani-il-cadore-puo-essere-un-laboratorio-a-livello-europeo\\\/#primaryimage\"},\"thumbnailUrl\":\"http:\\\/\\\/www.bellunopress.it\\\/wp-content\\\/uploads\\\/2013\\\/03\\\/Toscani-a-strasburgo.jpg\",\"datePublished\":\"2013-03-21T19:36:58+00:00\",\"breadcrumb\":{\"@id\":\"https:\\\/\\\/www.bellunopress.it\\\/2013\\\/03\\\/21\\\/fusione-dei-comuni-toscani-il-cadore-puo-essere-un-laboratorio-a-livello-europeo\\\/#breadcrumb\"},\"inLanguage\":\"fr-FR\",\"potentialAction\":[{\"@type\":\"ReadAction\",\"target\":[\"https:\\\/\\\/www.bellunopress.it\\\/2013\\\/03\\\/21\\\/fusione-dei-comuni-toscani-il-cadore-puo-essere-un-laboratorio-a-livello-europeo\\\/\"]}]},{\"@type\":\"ImageObject\",\"inLanguage\":\"fr-FR\",\"@id\":\"https:\\\/\\\/www.bellunopress.it\\\/2013\\\/03\\\/21\\\/fusione-dei-comuni-toscani-il-cadore-puo-essere-un-laboratorio-a-livello-europeo\\\/#primaryimage\",\"url\":\"http:\\\/\\\/www.bellunopress.it\\\/wp-content\\\/uploads\\\/2013\\\/03\\\/Toscani-a-strasburgo.jpg\",\"contentUrl\":\"http:\\\/\\\/www.bellunopress.it\\\/wp-content\\\/uploads\\\/2013\\\/03\\\/Toscani-a-strasburgo.jpg\"},{\"@type\":\"BreadcrumbList\",\"@id\":\"https:\\\/\\\/www.bellunopress.it\\\/2013\\\/03\\\/21\\\/fusione-dei-comuni-toscani-il-cadore-puo-essere-un-laboratorio-a-livello-europeo\\\/#breadcrumb\",\"itemListElement\":[{\"@type\":\"ListItem\",\"position\":1,\"name\":\"Home\",\"item\":\"https:\\\/\\\/www.bellunopress.it\\\/\"},{\"@type\":\"ListItem\",\"position\":2,\"name\":\"Fusione dei comuni. Toscani: &#8220;Il Cadore pu\u00f2 essere un laboratorio a livello europeo&#8221;\"}]},{\"@type\":\"WebSite\",\"@id\":\"https:\\\/\\\/www.bellunopress.it\\\/#website\",\"url\":\"https:\\\/\\\/www.bellunopress.it\\\/\",\"name\":\"Bellunopress - Dolomiti\",\"description\":\"e-mail: redazione@bellunopress.it\",\"publisher\":{\"@id\":\"https:\\\/\\\/www.bellunopress.it\\\/#organization\"},\"potentialAction\":[{\"@type\":\"SearchAction\",\"target\":{\"@type\":\"EntryPoint\",\"urlTemplate\":\"https:\\\/\\\/www.bellunopress.it\\\/?s={search_term_string}\"},\"query-input\":{\"@type\":\"PropertyValueSpecification\",\"valueRequired\":true,\"valueName\":\"search_term_string\"}}],\"inLanguage\":\"fr-FR\"},{\"@type\":\"Organization\",\"@id\":\"https:\\\/\\\/www.bellunopress.it\\\/#organization\",\"name\":\"Bellunopress\",\"url\":\"https:\\\/\\\/www.bellunopress.it\\\/\",\"logo\":{\"@type\":\"ImageObject\",\"inLanguage\":\"fr-FR\",\"@id\":\"https:\\\/\\\/www.bellunopress.it\\\/#\\\/schema\\\/logo\\\/image\\\/\",\"url\":\"https:\\\/\\\/www.bellunopress.it\\\/wp-content\\\/uploads\\\/2011\\\/05\\\/cropped-logo-bellunopress-.jpg\",\"contentUrl\":\"https:\\\/\\\/www.bellunopress.it\\\/wp-content\\\/uploads\\\/2011\\\/05\\\/cropped-logo-bellunopress-.jpg\",\"width\":512,\"height\":512,\"caption\":\"Bellunopress\"},\"image\":{\"@id\":\"https:\\\/\\\/www.bellunopress.it\\\/#\\\/schema\\\/logo\\\/image\\\/\"},\"sameAs\":[\"https:\\\/\\\/www.facebook.com\\\/profile.php?id=100008943462799\",\"https:\\\/\\\/x.com\\\/bellunopress\",\"https:\\\/\\\/www.linkedin.com\\\/hp\\\/?dnr=JBzUWaJfMUw8vbXJJ2tVW5-I3jZKvC4wsoxE&amp;amp;amp;amp;amp;amp;trk=nav_responsive_tab_home\",\"https:\\\/\\\/www.youtube.com\\\/channel\\\/UCxL0wu1uN0_3_7hGG0306cw\"]},{\"@type\":\"Person\",\"@id\":\"https:\\\/\\\/www.bellunopress.it\\\/#\\\/schema\\\/person\\\/79bb06722b37ece1c03d3e94beb30d73\",\"name\":\"redazione\",\"image\":{\"@type\":\"ImageObject\",\"inLanguage\":\"fr-FR\",\"@id\":\"https:\\\/\\\/secure.gravatar.com\\\/avatar\\\/37d968a2e67a6fd04c169c4bdef102d0bc5d31b2546345219e348575eb80e9a0?s=96&d=mm&r=g\",\"url\":\"https:\\\/\\\/secure.gravatar.com\\\/avatar\\\/37d968a2e67a6fd04c169c4bdef102d0bc5d31b2546345219e348575eb80e9a0?s=96&d=mm&r=g\",\"contentUrl\":\"https:\\\/\\\/secure.gravatar.com\\\/avatar\\\/37d968a2e67a6fd04c169c4bdef102d0bc5d31b2546345219e348575eb80e9a0?s=96&d=mm&r=g\",\"caption\":\"redazione\"},\"sameAs\":[\"http:\\\/\\\/www.bellunopress.it\",\"https:\\\/\\\/x.com\\\/bellunopress\"],\"url\":\"https:\\\/\\\/www.bellunopress.it\\\/fr\\\/author\\\/redazione\\\/\"}]}<\/script>\n<!-- \/ Yoast SEO plugin. -->","yoast_head_json":{"title":"Fusione dei comuni. Toscani: \"Il Cadore pu\u00f2 essere un laboratorio a livello europeo\" - Bellunopress - Dolomiti","robots":{"index":"index","follow":"follow","max-snippet":"max-snippet:-1","max-image-preview":"max-image-preview:large","max-video-preview":"max-video-preview:-1"},"canonical":"https:\/\/www.bellunopress.it\/fr\/2013\/03\/21\/fusione-dei-comuni-toscani-il-cadore-puo-essere-un-laboratorio-a-livello-europeo\/","og_locale":"fr_FR","og_type":"article","og_title":"Fusione dei comuni. Toscani: \"Il Cadore pu\u00f2 essere un laboratorio a livello europeo\" - Bellunopress - Dolomiti","og_description":"Il Vicepresidente dell\u2019assemblea regionale Toscani \u00e8 a Strasburgo per il 24^ Congresso del Consiglio d\u2019Europa: possibile sperimentare un modello amministrativo ottimale \u00abSulla fusione dei Comuni, il Cadore pu\u00f2 diventare un laboratorio a livello europeo per la sperimentazione di un modello amministrativo ottimale\u00bb. E\u2019 quanto sostiene il vicepresidente del Consiglio regionale del Veneto Matteo Toscani, impegnato [&hellip;]","og_url":"https:\/\/www.bellunopress.it\/fr\/2013\/03\/21\/fusione-dei-comuni-toscani-il-cadore-puo-essere-un-laboratorio-a-livello-europeo\/","og_site_name":"Bellunopress - Dolomiti","article_publisher":"https:\/\/www.facebook.com\/profile.php?id=100008943462799","article_published_time":"2013-03-21T19:36:58+00:00","og_image":[{"url":"http:\/\/www.bellunopress.it\/wp-content\/uploads\/2013\/03\/Toscani-a-strasburgo.jpg","type":"","width":"","height":""}],"author":"redazione","twitter_card":"summary_large_image","twitter_creator":"@bellunopress","twitter_site":"@bellunopress","twitter_misc":{"Written by":"redazione","Est. reading time":"2 minutes"},"schema":{"@context":"https:\/\/schema.org","@graph":[{"@type":"Article","@id":"https:\/\/www.bellunopress.it\/2013\/03\/21\/fusione-dei-comuni-toscani-il-cadore-puo-essere-un-laboratorio-a-livello-europeo\/#article","isPartOf":{"@id":"https:\/\/www.bellunopress.it\/2013\/03\/21\/fusione-dei-comuni-toscani-il-cadore-puo-essere-un-laboratorio-a-livello-europeo\/"},"author":{"name":"redazione","@id":"https:\/\/www.bellunopress.it\/#\/schema\/person\/79bb06722b37ece1c03d3e94beb30d73"},"headline":"Fusione dei comuni. Toscani: &#8220;Il Cadore pu\u00f2 essere un laboratorio a livello europeo&#8221;","datePublished":"2013-03-21T19:36:58+00:00","mainEntityOfPage":{"@id":"https:\/\/www.bellunopress.it\/2013\/03\/21\/fusione-dei-comuni-toscani-il-cadore-puo-essere-un-laboratorio-a-livello-europeo\/"},"wordCount":331,"publisher":{"@id":"https:\/\/www.bellunopress.it\/#organization"},"image":{"@id":"https:\/\/www.bellunopress.it\/2013\/03\/21\/fusione-dei-comuni-toscani-il-cadore-puo-essere-un-laboratorio-a-livello-europeo\/#primaryimage"},"thumbnailUrl":"http:\/\/www.bellunopress.it\/wp-content\/uploads\/2013\/03\/Toscani-a-strasburgo.jpg","articleSection":["Cronaca\/Politica","Prima Pagina"],"inLanguage":"fr-FR"},{"@type":"WebPage","@id":"https:\/\/www.bellunopress.it\/2013\/03\/21\/fusione-dei-comuni-toscani-il-cadore-puo-essere-un-laboratorio-a-livello-europeo\/","url":"https:\/\/www.bellunopress.it\/2013\/03\/21\/fusione-dei-comuni-toscani-il-cadore-puo-essere-un-laboratorio-a-livello-europeo\/","name":"Fusione dei comuni. Toscani: \"Il Cadore pu\u00f2 essere un laboratorio a livello europeo\" - Bellunopress - Dolomiti","isPartOf":{"@id":"https:\/\/www.bellunopress.it\/#website"},"primaryImageOfPage":{"@id":"https:\/\/www.bellunopress.it\/2013\/03\/21\/fusione-dei-comuni-toscani-il-cadore-puo-essere-un-laboratorio-a-livello-europeo\/#primaryimage"},"image":{"@id":"https:\/\/www.bellunopress.it\/2013\/03\/21\/fusione-dei-comuni-toscani-il-cadore-puo-essere-un-laboratorio-a-livello-europeo\/#primaryimage"},"thumbnailUrl":"http:\/\/www.bellunopress.it\/wp-content\/uploads\/2013\/03\/Toscani-a-strasburgo.jpg","datePublished":"2013-03-21T19:36:58+00:00","breadcrumb":{"@id":"https:\/\/www.bellunopress.it\/2013\/03\/21\/fusione-dei-comuni-toscani-il-cadore-puo-essere-un-laboratorio-a-livello-europeo\/#breadcrumb"},"inLanguage":"fr-FR","potentialAction":[{"@type":"ReadAction","target":["https:\/\/www.bellunopress.it\/2013\/03\/21\/fusione-dei-comuni-toscani-il-cadore-puo-essere-un-laboratorio-a-livello-europeo\/"]}]},{"@type":"ImageObject","inLanguage":"fr-FR","@id":"https:\/\/www.bellunopress.it\/2013\/03\/21\/fusione-dei-comuni-toscani-il-cadore-puo-essere-un-laboratorio-a-livello-europeo\/#primaryimage","url":"http:\/\/www.bellunopress.it\/wp-content\/uploads\/2013\/03\/Toscani-a-strasburgo.jpg","contentUrl":"http:\/\/www.bellunopress.it\/wp-content\/uploads\/2013\/03\/Toscani-a-strasburgo.jpg"},{"@type":"BreadcrumbList","@id":"https:\/\/www.bellunopress.it\/2013\/03\/21\/fusione-dei-comuni-toscani-il-cadore-puo-essere-un-laboratorio-a-livello-europeo\/#breadcrumb","itemListElement":[{"@type":"ListItem","position":1,"name":"Home","item":"https:\/\/www.bellunopress.it\/"},{"@type":"ListItem","position":2,"name":"Fusione dei comuni. Toscani: &#8220;Il Cadore pu\u00f2 essere un laboratorio a livello europeo&#8221;"}]},{"@type":"WebSite","@id":"https:\/\/www.bellunopress.it\/#website","url":"https:\/\/www.bellunopress.it\/","name":"Bellunopress - Dolomiti","description":"e-mail: redazione@bellunopress.it","publisher":{"@id":"https:\/\/www.bellunopress.it\/#organization"},"potentialAction":[{"@type":"SearchAction","target":{"@type":"EntryPoint","urlTemplate":"https:\/\/www.bellunopress.it\/?s={search_term_string}"},"query-input":{"@type":"PropertyValueSpecification","valueRequired":true,"valueName":"search_term_string"}}],"inLanguage":"fr-FR"},{"@type":"Organization","@id":"https:\/\/www.bellunopress.it\/#organization","name":"Bellunopress","url":"https:\/\/www.bellunopress.it\/","logo":{"@type":"ImageObject","inLanguage":"fr-FR","@id":"https:\/\/www.bellunopress.it\/#\/schema\/logo\/image\/","url":"https:\/\/www.bellunopress.it\/wp-content\/uploads\/2011\/05\/cropped-logo-bellunopress-.jpg","contentUrl":"https:\/\/www.bellunopress.it\/wp-content\/uploads\/2011\/05\/cropped-logo-bellunopress-.jpg","width":512,"height":512,"caption":"Bellunopress"},"image":{"@id":"https:\/\/www.bellunopress.it\/#\/schema\/logo\/image\/"},"sameAs":["https:\/\/www.facebook.com\/profile.php?id=100008943462799","https:\/\/x.com\/bellunopress","https:\/\/www.linkedin.com\/hp\/?dnr=JBzUWaJfMUw8vbXJJ2tVW5-I3jZKvC4wsoxE&amp;amp;amp;amp;amp;amp;trk=nav_responsive_tab_home","https:\/\/www.youtube.com\/channel\/UCxL0wu1uN0_3_7hGG0306cw"]},{"@type":"Person","@id":"https:\/\/www.bellunopress.it\/#\/schema\/person\/79bb06722b37ece1c03d3e94beb30d73","name":"r\u00e9daction","image":{"@type":"ImageObject","inLanguage":"fr-FR","@id":"https:\/\/secure.gravatar.com\/avatar\/37d968a2e67a6fd04c169c4bdef102d0bc5d31b2546345219e348575eb80e9a0?s=96&d=mm&r=g","url":"https:\/\/secure.gravatar.com\/avatar\/37d968a2e67a6fd04c169c4bdef102d0bc5d31b2546345219e348575eb80e9a0?s=96&d=mm&r=g","contentUrl":"https:\/\/secure.gravatar.com\/avatar\/37d968a2e67a6fd04c169c4bdef102d0bc5d31b2546345219e348575eb80e9a0?s=96&d=mm&r=g","caption":"redazione"},"sameAs":["http:\/\/www.bellunopress.it","https:\/\/x.com\/bellunopress"],"url":"https:\/\/www.bellunopress.it\/fr\/author\/redazione\/"}]}},"_links":{"self":[{"href":"https:\/\/www.bellunopress.it\/fr\/wp-json\/wp\/v2\/posts\/47808","targetHints":{"allow":["GET"]}}],"collection":[{"href":"https:\/\/www.bellunopress.it\/fr\/wp-json\/wp\/v2\/posts"}],"about":[{"href":"https:\/\/www.bellunopress.it\/fr\/wp-json\/wp\/v2\/types\/post"}],"author":[{"embeddable":true,"href":"https:\/\/www.bellunopress.it\/fr\/wp-json\/wp\/v2\/users\/2"}],"replies":[{"embeddable":true,"href":"https:\/\/www.bellunopress.it\/fr\/wp-json\/wp\/v2\/comments?post=47808"}],"version-history":[{"count":1,"href":"https:\/\/www.bellunopress.it\/fr\/wp-json\/wp\/v2\/posts\/47808\/revisions"}],"predecessor-version":[{"id":47810,"href":"https:\/\/www.bellunopress.it\/fr\/wp-json\/wp\/v2\/posts\/47808\/revisions\/47810"}],"wp:attachment":[{"href":"https:\/\/www.bellunopress.it\/fr\/wp-json\/wp\/v2\/media?parent=47808"}],"wp:term":[{"taxonomy":"category","embeddable":true,"href":"https:\/\/www.bellunopress.it\/fr\/wp-json\/wp\/v2\/categories?post=47808"},{"taxonomy":"post_tag","embeddable":true,"href":"https:\/\/www.bellunopress.it\/fr\/wp-json\/wp\/v2\/tags?post=47808"}],"curies":[{"name":"wp","href":"https:\/\/api.w.org\/{rel}","templated":true}]}}