{"id":47805,"date":"2013-03-21T13:26:10","date_gmt":"2013-03-21T12:26:10","guid":{"rendered":"http:\/\/www.bellunopress.it\/?p=47805"},"modified":"2013-03-21T20:31:30","modified_gmt":"2013-03-21T19:31:30","slug":"bella-prova-per-le-ragazze-della-sportivamente-belluno-domenica-a-verona","status":"publish","type":"post","link":"https:\/\/www.bellunopress.it\/fr\/2013\/03\/21\/bella-prova-per-le-ragazze-della-sportivamente-belluno-domenica-a-verona\/","title":{"rendered":"Bella prova per le ragazze della Sportivamente Belluno domenica a Verona"},"content":{"rendered":"<p>Domenica 17 marzo presso la piscina del Centro Federale di Verona, si \u00e8 svolta la giornata del Campionato regionale esordienti A di nuoto.<\/p>\n<p><a href=\"http:\/\/www.bellunopress.it\/wp-content\/uploads\/2013\/03\/sportivamente-belluno-esordienti.jpg\"><img loading=\"lazy\" decoding=\"async\" class=\"alignleft size-full wp-image-47806\" alt=\"sportivamente belluno esordienti\" src=\"http:\/\/www.bellunopress.it\/wp-content\/uploads\/2013\/03\/sportivamente-belluno-esordienti.jpg\" width=\"290\" height=\"197\" \/><\/a>Nella prima fase al mattino le ragazze della sportivamente Belluno Giulia Gamelli, Mariasole Trevisan, Letizia Cimbro e Alessandra Miari Fulcis sono scese in vasca ottenendo un buon ottavo posto assoluto nella staffetta 4&#215;50 stile libero. Ottima la frazione conclusiva di Alessandra,dopo le frazioni delle compagne comunque soddisfacenti.<\/p>\n<p>L\u2019ultima gara della mattina prevedeva la staffetta 4x 50 mista. Le ragazze giallo-blu hanno portato a casa un ancor migliore 6\u00b0 posto ,migliorando notevolmente i propri tempi nelle frazioni dei quattro stili.<\/p>\n<p>Nel pomeriggio \u00e8 scesa in acqua per la gara individuale dei 200 rana,grazie alla qualifica ottenuta nelle gare zonali, Giulia Gamelli,classe 2001. Grazie ad una condotta di gara esemplare, Giulia ha migliorato di mezzo secondo il proprio personale concludendo con 3:08:00 al 7\u00b0 posto.<\/p>\n<p>Il tecnico Thomas Lorenzi del gruppo esordienti della squadra agonistica \u201cSportivamente Belluno\u201d si ritiene alquanto soddisfatto della prova, essendo stata questa la prima volta di una finale regionale, e spera che il proseguo della stagione sia altrettanto positivo,ad iniziare dal prossimo appuntamento il 7 aprile nella piscina di Oderzo.<\/p>","protected":false},"excerpt":{"rendered":"<p>Domenica 17 marzo presso la piscina del Centro Federale di Verona, si \u00e8 svolta la giornata del Campionato regionale esordienti A di nuoto. Nella prima fase al mattino le ragazze della sportivamente Belluno Giulia Gamelli, Mariasole Trevisan, Letizia Cimbro e Alessandra Miari Fulcis sono scese in vasca ottenendo un buon ottavo posto assoluto nella staffetta [&hellip;]<\/p>\n","protected":false},"author":2,"featured_media":0,"comment_status":"closed","ping_status":"open","sticky":false,"template":"","format":"standard","meta":{"footnotes":""},"categories":[26,4],"tags":[],"class_list":["post-47805","post","type-post","status-publish","format-standard","category-prima-pagina","category-sport"],"yoast_head":"<!-- This site is optimized with the Yoast SEO plugin v28.4 - https:\/\/yoast.com\/product\/yoast-seo-wordpress\/ -->\n<title>Bella prova per le ragazze della Sportivamente Belluno domenica a Verona - Bellunopress - Dolomiti<\/title>\n<meta name=\"robots\" content=\"index, follow, max-snippet:-1, max-image-preview:large, max-video-preview:-1\" \/>\n<link rel=\"canonical\" href=\"https:\/\/www.bellunopress.it\/fr\/2013\/03\/21\/bella-prova-per-le-ragazze-della-sportivamente-belluno-domenica-a-verona\/\" \/>\n<meta property=\"og:locale\" content=\"fr_FR\" \/>\n<meta property=\"og:type\" content=\"article\" \/>\n<meta property=\"og:title\" content=\"Bella prova per le ragazze della Sportivamente Belluno domenica a Verona - Bellunopress - Dolomiti\" \/>\n<meta property=\"og:description\" content=\"Domenica 17 marzo presso la piscina del Centro Federale di Verona, si \u00e8 svolta la giornata del Campionato regionale esordienti A di nuoto. Nella prima fase al mattino le ragazze della sportivamente Belluno Giulia Gamelli, Mariasole Trevisan, Letizia Cimbro e Alessandra Miari Fulcis sono scese in vasca ottenendo un buon ottavo posto assoluto nella staffetta [&hellip;]\" \/>\n<meta property=\"og:url\" content=\"https:\/\/www.bellunopress.it\/fr\/2013\/03\/21\/bella-prova-per-le-ragazze-della-sportivamente-belluno-domenica-a-verona\/\" \/>\n<meta property=\"og:site_name\" content=\"Bellunopress - Dolomiti\" \/>\n<meta property=\"article:publisher\" content=\"https:\/\/www.facebook.com\/profile.php?id=100008943462799\" \/>\n<meta property=\"article:published_time\" content=\"2013-03-21T12:26:10+00:00\" \/>\n<meta property=\"article:modified_time\" content=\"2013-03-21T19:31:30+00:00\" \/>\n<meta property=\"og:image\" content=\"http:\/\/www.bellunopress.it\/wp-content\/uploads\/2013\/03\/sportivamente-belluno-esordienti.jpg\" \/>\n<meta name=\"author\" content=\"redazione\" \/>\n<meta name=\"twitter:card\" content=\"summary_large_image\" \/>\n<meta name=\"twitter:creator\" content=\"@bellunopress\" \/>\n<meta name=\"twitter:site\" content=\"@bellunopress\" \/>\n<meta name=\"twitter:label1\" content=\"\u00c9crit par\" \/>\n\t<meta name=\"twitter:data1\" content=\"redazione\" \/>\n\t<meta name=\"twitter:label2\" content=\"Dur\u00e9e de lecture estim\u00e9e\" \/>\n\t<meta name=\"twitter:data2\" content=\"1 minute\" \/>\n<script type=\"application\/ld+json\" class=\"yoast-schema-graph\">{\"@context\":\"https:\\\/\\\/schema.org\",\"@graph\":[{\"@type\":\"Article\",\"@id\":\"https:\\\/\\\/www.bellunopress.it\\\/2013\\\/03\\\/21\\\/bella-prova-per-le-ragazze-della-sportivamente-belluno-domenica-a-verona\\\/#article\",\"isPartOf\":{\"@id\":\"https:\\\/\\\/www.bellunopress.it\\\/2013\\\/03\\\/21\\\/bella-prova-per-le-ragazze-della-sportivamente-belluno-domenica-a-verona\\\/\"},\"author\":{\"name\":\"redazione\",\"@id\":\"https:\\\/\\\/www.bellunopress.it\\\/#\\\/schema\\\/person\\\/79bb06722b37ece1c03d3e94beb30d73\"},\"headline\":\"Bella prova per le ragazze della Sportivamente Belluno domenica a Verona\",\"datePublished\":\"2013-03-21T12:26:10+00:00\",\"dateModified\":\"2013-03-21T19:31:30+00:00\",\"mainEntityOfPage\":{\"@id\":\"https:\\\/\\\/www.bellunopress.it\\\/2013\\\/03\\\/21\\\/bella-prova-per-le-ragazze-della-sportivamente-belluno-domenica-a-verona\\\/\"},\"wordCount\":201,\"publisher\":{\"@id\":\"https:\\\/\\\/www.bellunopress.it\\\/#organization\"},\"image\":{\"@id\":\"https:\\\/\\\/www.bellunopress.it\\\/2013\\\/03\\\/21\\\/bella-prova-per-le-ragazze-della-sportivamente-belluno-domenica-a-verona\\\/#primaryimage\"},\"thumbnailUrl\":\"http:\\\/\\\/www.bellunopress.it\\\/wp-content\\\/uploads\\\/2013\\\/03\\\/sportivamente-belluno-esordienti.jpg\",\"articleSection\":[\"Prima Pagina\",\"Sport, tempo libero\"],\"inLanguage\":\"fr-FR\"},{\"@type\":\"WebPage\",\"@id\":\"https:\\\/\\\/www.bellunopress.it\\\/2013\\\/03\\\/21\\\/bella-prova-per-le-ragazze-della-sportivamente-belluno-domenica-a-verona\\\/\",\"url\":\"https:\\\/\\\/www.bellunopress.it\\\/2013\\\/03\\\/21\\\/bella-prova-per-le-ragazze-della-sportivamente-belluno-domenica-a-verona\\\/\",\"name\":\"Bella prova per le ragazze della Sportivamente Belluno domenica a Verona - Bellunopress - Dolomiti\",\"isPartOf\":{\"@id\":\"https:\\\/\\\/www.bellunopress.it\\\/#website\"},\"primaryImageOfPage\":{\"@id\":\"https:\\\/\\\/www.bellunopress.it\\\/2013\\\/03\\\/21\\\/bella-prova-per-le-ragazze-della-sportivamente-belluno-domenica-a-verona\\\/#primaryimage\"},\"image\":{\"@id\":\"https:\\\/\\\/www.bellunopress.it\\\/2013\\\/03\\\/21\\\/bella-prova-per-le-ragazze-della-sportivamente-belluno-domenica-a-verona\\\/#primaryimage\"},\"thumbnailUrl\":\"http:\\\/\\\/www.bellunopress.it\\\/wp-content\\\/uploads\\\/2013\\\/03\\\/sportivamente-belluno-esordienti.jpg\",\"datePublished\":\"2013-03-21T12:26:10+00:00\",\"dateModified\":\"2013-03-21T19:31:30+00:00\",\"breadcrumb\":{\"@id\":\"https:\\\/\\\/www.bellunopress.it\\\/2013\\\/03\\\/21\\\/bella-prova-per-le-ragazze-della-sportivamente-belluno-domenica-a-verona\\\/#breadcrumb\"},\"inLanguage\":\"fr-FR\",\"potentialAction\":[{\"@type\":\"ReadAction\",\"target\":[\"https:\\\/\\\/www.bellunopress.it\\\/2013\\\/03\\\/21\\\/bella-prova-per-le-ragazze-della-sportivamente-belluno-domenica-a-verona\\\/\"]}]},{\"@type\":\"ImageObject\",\"inLanguage\":\"fr-FR\",\"@id\":\"https:\\\/\\\/www.bellunopress.it\\\/2013\\\/03\\\/21\\\/bella-prova-per-le-ragazze-della-sportivamente-belluno-domenica-a-verona\\\/#primaryimage\",\"url\":\"http:\\\/\\\/www.bellunopress.it\\\/wp-content\\\/uploads\\\/2013\\\/03\\\/sportivamente-belluno-esordienti.jpg\",\"contentUrl\":\"http:\\\/\\\/www.bellunopress.it\\\/wp-content\\\/uploads\\\/2013\\\/03\\\/sportivamente-belluno-esordienti.jpg\"},{\"@type\":\"BreadcrumbList\",\"@id\":\"https:\\\/\\\/www.bellunopress.it\\\/2013\\\/03\\\/21\\\/bella-prova-per-le-ragazze-della-sportivamente-belluno-domenica-a-verona\\\/#breadcrumb\",\"itemListElement\":[{\"@type\":\"ListItem\",\"position\":1,\"name\":\"Home\",\"item\":\"https:\\\/\\\/www.bellunopress.it\\\/\"},{\"@type\":\"ListItem\",\"position\":2,\"name\":\"Bella prova per le ragazze della Sportivamente Belluno domenica a Verona\"}]},{\"@type\":\"WebSite\",\"@id\":\"https:\\\/\\\/www.bellunopress.it\\\/#website\",\"url\":\"https:\\\/\\\/www.bellunopress.it\\\/\",\"name\":\"Bellunopress - Dolomiti\",\"description\":\"e-mail: redazione@bellunopress.it\",\"publisher\":{\"@id\":\"https:\\\/\\\/www.bellunopress.it\\\/#organization\"},\"potentialAction\":[{\"@type\":\"SearchAction\",\"target\":{\"@type\":\"EntryPoint\",\"urlTemplate\":\"https:\\\/\\\/www.bellunopress.it\\\/?s={search_term_string}\"},\"query-input\":{\"@type\":\"PropertyValueSpecification\",\"valueRequired\":true,\"valueName\":\"search_term_string\"}}],\"inLanguage\":\"fr-FR\"},{\"@type\":\"Organization\",\"@id\":\"https:\\\/\\\/www.bellunopress.it\\\/#organization\",\"name\":\"Bellunopress\",\"url\":\"https:\\\/\\\/www.bellunopress.it\\\/\",\"logo\":{\"@type\":\"ImageObject\",\"inLanguage\":\"fr-FR\",\"@id\":\"https:\\\/\\\/www.bellunopress.it\\\/#\\\/schema\\\/logo\\\/image\\\/\",\"url\":\"https:\\\/\\\/www.bellunopress.it\\\/wp-content\\\/uploads\\\/2011\\\/05\\\/cropped-logo-bellunopress-.jpg\",\"contentUrl\":\"https:\\\/\\\/www.bellunopress.it\\\/wp-content\\\/uploads\\\/2011\\\/05\\\/cropped-logo-bellunopress-.jpg\",\"width\":512,\"height\":512,\"caption\":\"Bellunopress\"},\"image\":{\"@id\":\"https:\\\/\\\/www.bellunopress.it\\\/#\\\/schema\\\/logo\\\/image\\\/\"},\"sameAs\":[\"https:\\\/\\\/www.facebook.com\\\/profile.php?id=100008943462799\",\"https:\\\/\\\/x.com\\\/bellunopress\",\"https:\\\/\\\/www.linkedin.com\\\/hp\\\/?dnr=JBzUWaJfMUw8vbXJJ2tVW5-I3jZKvC4wsoxE&amp;amp;amp;amp;amp;amp;trk=nav_responsive_tab_home\",\"https:\\\/\\\/www.youtube.com\\\/channel\\\/UCxL0wu1uN0_3_7hGG0306cw\"]},{\"@type\":\"Person\",\"@id\":\"https:\\\/\\\/www.bellunopress.it\\\/#\\\/schema\\\/person\\\/79bb06722b37ece1c03d3e94beb30d73\",\"name\":\"redazione\",\"image\":{\"@type\":\"ImageObject\",\"inLanguage\":\"fr-FR\",\"@id\":\"https:\\\/\\\/secure.gravatar.com\\\/avatar\\\/37d968a2e67a6fd04c169c4bdef102d0bc5d31b2546345219e348575eb80e9a0?s=96&d=mm&r=g\",\"url\":\"https:\\\/\\\/secure.gravatar.com\\\/avatar\\\/37d968a2e67a6fd04c169c4bdef102d0bc5d31b2546345219e348575eb80e9a0?s=96&d=mm&r=g\",\"contentUrl\":\"https:\\\/\\\/secure.gravatar.com\\\/avatar\\\/37d968a2e67a6fd04c169c4bdef102d0bc5d31b2546345219e348575eb80e9a0?s=96&d=mm&r=g\",\"caption\":\"redazione\"},\"sameAs\":[\"http:\\\/\\\/www.bellunopress.it\",\"https:\\\/\\\/x.com\\\/bellunopress\"],\"url\":\"https:\\\/\\\/www.bellunopress.it\\\/fr\\\/author\\\/redazione\\\/\"}]}<\/script>\n<!-- \/ Yoast SEO plugin. -->","yoast_head_json":{"title":"Bella prova per le ragazze della Sportivamente Belluno domenica a Verona - Bellunopress - Dolomiti","robots":{"index":"index","follow":"follow","max-snippet":"max-snippet:-1","max-image-preview":"max-image-preview:large","max-video-preview":"max-video-preview:-1"},"canonical":"https:\/\/www.bellunopress.it\/fr\/2013\/03\/21\/bella-prova-per-le-ragazze-della-sportivamente-belluno-domenica-a-verona\/","og_locale":"fr_FR","og_type":"article","og_title":"Bella prova per le ragazze della Sportivamente Belluno domenica a Verona - Bellunopress - Dolomiti","og_description":"Domenica 17 marzo presso la piscina del Centro Federale di Verona, si \u00e8 svolta la giornata del Campionato regionale esordienti A di nuoto. Nella prima fase al mattino le ragazze della sportivamente Belluno Giulia Gamelli, Mariasole Trevisan, Letizia Cimbro e Alessandra Miari Fulcis sono scese in vasca ottenendo un buon ottavo posto assoluto nella staffetta [&hellip;]","og_url":"https:\/\/www.bellunopress.it\/fr\/2013\/03\/21\/bella-prova-per-le-ragazze-della-sportivamente-belluno-domenica-a-verona\/","og_site_name":"Bellunopress - Dolomiti","article_publisher":"https:\/\/www.facebook.com\/profile.php?id=100008943462799","article_published_time":"2013-03-21T12:26:10+00:00","article_modified_time":"2013-03-21T19:31:30+00:00","og_image":[{"url":"http:\/\/www.bellunopress.it\/wp-content\/uploads\/2013\/03\/sportivamente-belluno-esordienti.jpg","type":"","width":"","height":""}],"author":"redazione","twitter_card":"summary_large_image","twitter_creator":"@bellunopress","twitter_site":"@bellunopress","twitter_misc":{"\u00c9crit par":"redazione","Dur\u00e9e de lecture estim\u00e9e":"1 minute"},"schema":{"@context":"https:\/\/schema.org","@graph":[{"@type":"Article","@id":"https:\/\/www.bellunopress.it\/2013\/03\/21\/bella-prova-per-le-ragazze-della-sportivamente-belluno-domenica-a-verona\/#article","isPartOf":{"@id":"https:\/\/www.bellunopress.it\/2013\/03\/21\/bella-prova-per-le-ragazze-della-sportivamente-belluno-domenica-a-verona\/"},"author":{"name":"redazione","@id":"https:\/\/www.bellunopress.it\/#\/schema\/person\/79bb06722b37ece1c03d3e94beb30d73"},"headline":"Bella prova per le ragazze della Sportivamente Belluno domenica a Verona","datePublished":"2013-03-21T12:26:10+00:00","dateModified":"2013-03-21T19:31:30+00:00","mainEntityOfPage":{"@id":"https:\/\/www.bellunopress.it\/2013\/03\/21\/bella-prova-per-le-ragazze-della-sportivamente-belluno-domenica-a-verona\/"},"wordCount":201,"publisher":{"@id":"https:\/\/www.bellunopress.it\/#organization"},"image":{"@id":"https:\/\/www.bellunopress.it\/2013\/03\/21\/bella-prova-per-le-ragazze-della-sportivamente-belluno-domenica-a-verona\/#primaryimage"},"thumbnailUrl":"http:\/\/www.bellunopress.it\/wp-content\/uploads\/2013\/03\/sportivamente-belluno-esordienti.jpg","articleSection":["Prima Pagina","Sport, tempo libero"],"inLanguage":"fr-FR"},{"@type":"WebPage","@id":"https:\/\/www.bellunopress.it\/2013\/03\/21\/bella-prova-per-le-ragazze-della-sportivamente-belluno-domenica-a-verona\/","url":"https:\/\/www.bellunopress.it\/2013\/03\/21\/bella-prova-per-le-ragazze-della-sportivamente-belluno-domenica-a-verona\/","name":"Bella prova per le ragazze della Sportivamente Belluno domenica a Verona - Bellunopress - Dolomiti","isPartOf":{"@id":"https:\/\/www.bellunopress.it\/#website"},"primaryImageOfPage":{"@id":"https:\/\/www.bellunopress.it\/2013\/03\/21\/bella-prova-per-le-ragazze-della-sportivamente-belluno-domenica-a-verona\/#primaryimage"},"image":{"@id":"https:\/\/www.bellunopress.it\/2013\/03\/21\/bella-prova-per-le-ragazze-della-sportivamente-belluno-domenica-a-verona\/#primaryimage"},"thumbnailUrl":"http:\/\/www.bellunopress.it\/wp-content\/uploads\/2013\/03\/sportivamente-belluno-esordienti.jpg","datePublished":"2013-03-21T12:26:10+00:00","dateModified":"2013-03-21T19:31:30+00:00","breadcrumb":{"@id":"https:\/\/www.bellunopress.it\/2013\/03\/21\/bella-prova-per-le-ragazze-della-sportivamente-belluno-domenica-a-verona\/#breadcrumb"},"inLanguage":"fr-FR","potentialAction":[{"@type":"ReadAction","target":["https:\/\/www.bellunopress.it\/2013\/03\/21\/bella-prova-per-le-ragazze-della-sportivamente-belluno-domenica-a-verona\/"]}]},{"@type":"ImageObject","inLanguage":"fr-FR","@id":"https:\/\/www.bellunopress.it\/2013\/03\/21\/bella-prova-per-le-ragazze-della-sportivamente-belluno-domenica-a-verona\/#primaryimage","url":"http:\/\/www.bellunopress.it\/wp-content\/uploads\/2013\/03\/sportivamente-belluno-esordienti.jpg","contentUrl":"http:\/\/www.bellunopress.it\/wp-content\/uploads\/2013\/03\/sportivamente-belluno-esordienti.jpg"},{"@type":"BreadcrumbList","@id":"https:\/\/www.bellunopress.it\/2013\/03\/21\/bella-prova-per-le-ragazze-della-sportivamente-belluno-domenica-a-verona\/#breadcrumb","itemListElement":[{"@type":"ListItem","position":1,"name":"Home","item":"https:\/\/www.bellunopress.it\/"},{"@type":"ListItem","position":2,"name":"Bella prova per le ragazze della Sportivamente Belluno domenica a Verona"}]},{"@type":"WebSite","@id":"https:\/\/www.bellunopress.it\/#website","url":"https:\/\/www.bellunopress.it\/","name":"Bellunopress - Dolomiti","description":"e-mail: redazione@bellunopress.it","publisher":{"@id":"https:\/\/www.bellunopress.it\/#organization"},"potentialAction":[{"@type":"SearchAction","target":{"@type":"EntryPoint","urlTemplate":"https:\/\/www.bellunopress.it\/?s={search_term_string}"},"query-input":{"@type":"PropertyValueSpecification","valueRequired":true,"valueName":"search_term_string"}}],"inLanguage":"fr-FR"},{"@type":"Organization","@id":"https:\/\/www.bellunopress.it\/#organization","name":"Bellunopress","url":"https:\/\/www.bellunopress.it\/","logo":{"@type":"ImageObject","inLanguage":"fr-FR","@id":"https:\/\/www.bellunopress.it\/#\/schema\/logo\/image\/","url":"https:\/\/www.bellunopress.it\/wp-content\/uploads\/2011\/05\/cropped-logo-bellunopress-.jpg","contentUrl":"https:\/\/www.bellunopress.it\/wp-content\/uploads\/2011\/05\/cropped-logo-bellunopress-.jpg","width":512,"height":512,"caption":"Bellunopress"},"image":{"@id":"https:\/\/www.bellunopress.it\/#\/schema\/logo\/image\/"},"sameAs":["https:\/\/www.facebook.com\/profile.php?id=100008943462799","https:\/\/x.com\/bellunopress","https:\/\/www.linkedin.com\/hp\/?dnr=JBzUWaJfMUw8vbXJJ2tVW5-I3jZKvC4wsoxE&amp;amp;amp;amp;amp;amp;trk=nav_responsive_tab_home","https:\/\/www.youtube.com\/channel\/UCxL0wu1uN0_3_7hGG0306cw"]},{"@type":"Person","@id":"https:\/\/www.bellunopress.it\/#\/schema\/person\/79bb06722b37ece1c03d3e94beb30d73","name":"r\u00e9daction","image":{"@type":"ImageObject","inLanguage":"fr-FR","@id":"https:\/\/secure.gravatar.com\/avatar\/37d968a2e67a6fd04c169c4bdef102d0bc5d31b2546345219e348575eb80e9a0?s=96&d=mm&r=g","url":"https:\/\/secure.gravatar.com\/avatar\/37d968a2e67a6fd04c169c4bdef102d0bc5d31b2546345219e348575eb80e9a0?s=96&d=mm&r=g","contentUrl":"https:\/\/secure.gravatar.com\/avatar\/37d968a2e67a6fd04c169c4bdef102d0bc5d31b2546345219e348575eb80e9a0?s=96&d=mm&r=g","caption":"redazione"},"sameAs":["http:\/\/www.bellunopress.it","https:\/\/x.com\/bellunopress"],"url":"https:\/\/www.bellunopress.it\/fr\/author\/redazione\/"}]}},"_links":{"self":[{"href":"https:\/\/www.bellunopress.it\/fr\/wp-json\/wp\/v2\/posts\/47805","targetHints":{"allow":["GET"]}}],"collection":[{"href":"https:\/\/www.bellunopress.it\/fr\/wp-json\/wp\/v2\/posts"}],"about":[{"href":"https:\/\/www.bellunopress.it\/fr\/wp-json\/wp\/v2\/types\/post"}],"author":[{"embeddable":true,"href":"https:\/\/www.bellunopress.it\/fr\/wp-json\/wp\/v2\/users\/2"}],"replies":[{"embeddable":true,"href":"https:\/\/www.bellunopress.it\/fr\/wp-json\/wp\/v2\/comments?post=47805"}],"version-history":[{"count":1,"href":"https:\/\/www.bellunopress.it\/fr\/wp-json\/wp\/v2\/posts\/47805\/revisions"}],"predecessor-version":[{"id":47807,"href":"https:\/\/www.bellunopress.it\/fr\/wp-json\/wp\/v2\/posts\/47805\/revisions\/47807"}],"wp:attachment":[{"href":"https:\/\/www.bellunopress.it\/fr\/wp-json\/wp\/v2\/media?parent=47805"}],"wp:term":[{"taxonomy":"category","embeddable":true,"href":"https:\/\/www.bellunopress.it\/fr\/wp-json\/wp\/v2\/categories?post=47805"},{"taxonomy":"post_tag","embeddable":true,"href":"https:\/\/www.bellunopress.it\/fr\/wp-json\/wp\/v2\/tags?post=47805"}],"curies":[{"name":"wp","href":"https:\/\/api.w.org\/{rel}","templated":true}]}}