{"id":47803,"date":"2013-03-21T13:18:51","date_gmt":"2013-03-21T12:18:51","guid":{"rendered":"http:\/\/www.bellunopress.it\/?p=47803"},"modified":"2013-03-21T20:21:00","modified_gmt":"2013-03-21T19:21:00","slug":"in-occasione-della-giornata-mondiale-dellacqua-federbim-visita-il-vajont","status":"publish","type":"post","link":"https:\/\/www.bellunopress.it\/fr\/2013\/03\/21\/in-occasione-della-giornata-mondiale-dellacqua-federbim-visita-il-vajont\/","title":{"rendered":"In occasione della giornata mondiale dell&#8217;acqua Federbim visita il Vajont"},"content":{"rendered":"<p><a href=\"http:\/\/www.bellunopress.it\/wp-content\/uploads\/2013\/03\/vajont.jpg\"><img loading=\"lazy\" decoding=\"async\" class=\"alignleft size-full wp-image-47215\" alt=\"vajont\" src=\"http:\/\/www.bellunopress.it\/wp-content\/uploads\/2013\/03\/vajont.jpg\" width=\"70\" height=\"180\" \/><\/a>In occasione della Giornata Mondiale dell&#8217;Acqua del 22 marzo 2013, Federbim organizza presso il palazzo dei Conti Attimis a Maniago un convegno dal titolo \u201cL&#8217;Acqua una risorsa preziosa\u201d in collaborazione con i Consorzi BIM della Drava, del Livenza, del Piave e del Tagliamento, nel contesto di tre giornate dedicate, appunto, alla grande risorsa rappresentata dall&#8217;acqua, in occasione della riunione della propria assemblea.<\/p>\n<p>Sar\u00e0 il Presidente di Federbim nazionale, Carlo Personeni, ad aprire i lavori che raccoglieranno una serie di riflessioni sull&#8217;acqua in generale, favorite da relazioni di assoluto spessore in materia di monitoraggio dell&#8217;energia e dei consumi, approccio al mondo Water Waste Water, efficienza energetica, attivit\u00e0 di ricerca e anche relativamente alla prevenzione dei rischi derivanti dagli estremi idro-meteorologici.<\/p>\n<p>I lavori, moderati dal presidente dell&#8217;Assemblea Federbim, Giovanni Barocco, saranno conclusi dal Sen. Giovanni Piccoli, Presidente del Consorzio Bim Piave di Belluno. Nella giornata di sabato 23 marzo una delegazione dei partecipanti alla tre giorni maniaghese, accompagnata dai Sindaci dei Comuni del Vajont, Luciano Pezzin, Roberto Padrin, Franco Roccon e Felice Manarin, si recher\u00e0 sulla frana del Vajont e percorrer\u00e0 il coronamento della Diga. Sar\u00e0 un&#8217;occasione per i rappresentanti di tutti i Bacini Imbriferi Montani di visitare i luoghi della memoria del Vajont, di cui quest&#8217;anno ricorre il cinquantesimo anno del catastrofico avvenimento.<\/p>\n<p>&nbsp;<\/p>","protected":false},"excerpt":{"rendered":"<p>In occasione della Giornata Mondiale dell&#8217;Acqua del 22 marzo 2013, Federbim organizza presso il palazzo dei Conti Attimis a Maniago un convegno dal titolo \u201cL&#8217;Acqua una risorsa preziosa\u201d in collaborazione con i Consorzi BIM della Drava, del Livenza, del Piave e del Tagliamento, nel contesto di tre giornate dedicate, appunto, alla grande risorsa rappresentata dall&#8217;acqua, [&hellip;]<\/p>\n","protected":false},"author":2,"featured_media":0,"comment_status":"closed","ping_status":"open","sticky":false,"template":"","format":"standard","meta":{"footnotes":""},"categories":[27,5,26],"tags":[],"class_list":["post-47803","post","type-post","status-publish","format-standard","category-appuntamenti","category-cronaca","category-prima-pagina"],"yoast_head":"<!-- This site is optimized with the Yoast SEO plugin v28.4 - https:\/\/yoast.com\/product\/yoast-seo-wordpress\/ -->\n<title>In occasione della giornata mondiale dell&#039;acqua Federbim visita il Vajont - Bellunopress - Dolomiti<\/title>\n<meta name=\"robots\" content=\"index, follow, max-snippet:-1, max-image-preview:large, max-video-preview:-1\" \/>\n<link rel=\"canonical\" href=\"https:\/\/www.bellunopress.it\/fr\/2013\/03\/21\/in-occasione-della-giornata-mondiale-dellacqua-federbim-visita-il-vajont\/\" \/>\n<meta property=\"og:locale\" content=\"fr_FR\" \/>\n<meta property=\"og:type\" content=\"article\" \/>\n<meta property=\"og:title\" content=\"In occasione della giornata mondiale dell&#039;acqua Federbim visita il Vajont - Bellunopress - Dolomiti\" \/>\n<meta property=\"og:description\" content=\"In occasione della Giornata Mondiale dell&#8217;Acqua del 22 marzo 2013, Federbim organizza presso il palazzo dei Conti Attimis a Maniago un convegno dal titolo \u201cL&#8217;Acqua una risorsa preziosa\u201d in collaborazione con i Consorzi BIM della Drava, del Livenza, del Piave e del Tagliamento, nel contesto di tre giornate dedicate, appunto, alla grande risorsa rappresentata dall&#8217;acqua, [&hellip;]\" \/>\n<meta property=\"og:url\" content=\"https:\/\/www.bellunopress.it\/fr\/2013\/03\/21\/in-occasione-della-giornata-mondiale-dellacqua-federbim-visita-il-vajont\/\" \/>\n<meta property=\"og:site_name\" content=\"Bellunopress - Dolomiti\" \/>\n<meta property=\"article:publisher\" content=\"https:\/\/www.facebook.com\/profile.php?id=100008943462799\" \/>\n<meta property=\"article:published_time\" content=\"2013-03-21T12:18:51+00:00\" \/>\n<meta property=\"article:modified_time\" content=\"2013-03-21T19:21:00+00:00\" \/>\n<meta property=\"og:image\" content=\"http:\/\/www.bellunopress.it\/wp-content\/uploads\/2013\/03\/vajont.jpg\" \/>\n<meta name=\"author\" content=\"redazione\" \/>\n<meta name=\"twitter:card\" content=\"summary_large_image\" \/>\n<meta name=\"twitter:creator\" content=\"@bellunopress\" \/>\n<meta name=\"twitter:site\" content=\"@bellunopress\" \/>\n<meta name=\"twitter:label1\" content=\"\u00c9crit par\" \/>\n\t<meta name=\"twitter:data1\" content=\"redazione\" \/>\n\t<meta name=\"twitter:label2\" content=\"Dur\u00e9e de lecture estim\u00e9e\" \/>\n\t<meta name=\"twitter:data2\" content=\"1 minute\" \/>\n<script type=\"application\/ld+json\" class=\"yoast-schema-graph\">{\"@context\":\"https:\\\/\\\/schema.org\",\"@graph\":[{\"@type\":\"Article\",\"@id\":\"https:\\\/\\\/www.bellunopress.it\\\/2013\\\/03\\\/21\\\/in-occasione-della-giornata-mondiale-dellacqua-federbim-visita-il-vajont\\\/#article\",\"isPartOf\":{\"@id\":\"https:\\\/\\\/www.bellunopress.it\\\/2013\\\/03\\\/21\\\/in-occasione-della-giornata-mondiale-dellacqua-federbim-visita-il-vajont\\\/\"},\"author\":{\"name\":\"redazione\",\"@id\":\"https:\\\/\\\/www.bellunopress.it\\\/#\\\/schema\\\/person\\\/79bb06722b37ece1c03d3e94beb30d73\"},\"headline\":\"In occasione della giornata mondiale dell&#8217;acqua Federbim visita il Vajont\",\"datePublished\":\"2013-03-21T12:18:51+00:00\",\"dateModified\":\"2013-03-21T19:21:00+00:00\",\"mainEntityOfPage\":{\"@id\":\"https:\\\/\\\/www.bellunopress.it\\\/2013\\\/03\\\/21\\\/in-occasione-della-giornata-mondiale-dellacqua-federbim-visita-il-vajont\\\/\"},\"wordCount\":229,\"publisher\":{\"@id\":\"https:\\\/\\\/www.bellunopress.it\\\/#organization\"},\"image\":{\"@id\":\"https:\\\/\\\/www.bellunopress.it\\\/2013\\\/03\\\/21\\\/in-occasione-della-giornata-mondiale-dellacqua-federbim-visita-il-vajont\\\/#primaryimage\"},\"thumbnailUrl\":\"http:\\\/\\\/www.bellunopress.it\\\/wp-content\\\/uploads\\\/2013\\\/03\\\/vajont.jpg\",\"articleSection\":[\"Appuntamenti, Eventi\",\"Cronaca\\\/Politica\",\"Prima Pagina\"],\"inLanguage\":\"fr-FR\"},{\"@type\":\"WebPage\",\"@id\":\"https:\\\/\\\/www.bellunopress.it\\\/2013\\\/03\\\/21\\\/in-occasione-della-giornata-mondiale-dellacqua-federbim-visita-il-vajont\\\/\",\"url\":\"https:\\\/\\\/www.bellunopress.it\\\/2013\\\/03\\\/21\\\/in-occasione-della-giornata-mondiale-dellacqua-federbim-visita-il-vajont\\\/\",\"name\":\"In occasione della giornata mondiale dell'acqua Federbim visita il Vajont - Bellunopress - Dolomiti\",\"isPartOf\":{\"@id\":\"https:\\\/\\\/www.bellunopress.it\\\/#website\"},\"primaryImageOfPage\":{\"@id\":\"https:\\\/\\\/www.bellunopress.it\\\/2013\\\/03\\\/21\\\/in-occasione-della-giornata-mondiale-dellacqua-federbim-visita-il-vajont\\\/#primaryimage\"},\"image\":{\"@id\":\"https:\\\/\\\/www.bellunopress.it\\\/2013\\\/03\\\/21\\\/in-occasione-della-giornata-mondiale-dellacqua-federbim-visita-il-vajont\\\/#primaryimage\"},\"thumbnailUrl\":\"http:\\\/\\\/www.bellunopress.it\\\/wp-content\\\/uploads\\\/2013\\\/03\\\/vajont.jpg\",\"datePublished\":\"2013-03-21T12:18:51+00:00\",\"dateModified\":\"2013-03-21T19:21:00+00:00\",\"breadcrumb\":{\"@id\":\"https:\\\/\\\/www.bellunopress.it\\\/2013\\\/03\\\/21\\\/in-occasione-della-giornata-mondiale-dellacqua-federbim-visita-il-vajont\\\/#breadcrumb\"},\"inLanguage\":\"fr-FR\",\"potentialAction\":[{\"@type\":\"ReadAction\",\"target\":[\"https:\\\/\\\/www.bellunopress.it\\\/2013\\\/03\\\/21\\\/in-occasione-della-giornata-mondiale-dellacqua-federbim-visita-il-vajont\\\/\"]}]},{\"@type\":\"ImageObject\",\"inLanguage\":\"fr-FR\",\"@id\":\"https:\\\/\\\/www.bellunopress.it\\\/2013\\\/03\\\/21\\\/in-occasione-della-giornata-mondiale-dellacqua-federbim-visita-il-vajont\\\/#primaryimage\",\"url\":\"http:\\\/\\\/www.bellunopress.it\\\/wp-content\\\/uploads\\\/2013\\\/03\\\/vajont.jpg\",\"contentUrl\":\"http:\\\/\\\/www.bellunopress.it\\\/wp-content\\\/uploads\\\/2013\\\/03\\\/vajont.jpg\"},{\"@type\":\"BreadcrumbList\",\"@id\":\"https:\\\/\\\/www.bellunopress.it\\\/2013\\\/03\\\/21\\\/in-occasione-della-giornata-mondiale-dellacqua-federbim-visita-il-vajont\\\/#breadcrumb\",\"itemListElement\":[{\"@type\":\"ListItem\",\"position\":1,\"name\":\"Home\",\"item\":\"https:\\\/\\\/www.bellunopress.it\\\/\"},{\"@type\":\"ListItem\",\"position\":2,\"name\":\"In occasione della giornata mondiale dell&#8217;acqua Federbim visita il Vajont\"}]},{\"@type\":\"WebSite\",\"@id\":\"https:\\\/\\\/www.bellunopress.it\\\/#website\",\"url\":\"https:\\\/\\\/www.bellunopress.it\\\/\",\"name\":\"Bellunopress - Dolomiti\",\"description\":\"e-mail: redazione@bellunopress.it\",\"publisher\":{\"@id\":\"https:\\\/\\\/www.bellunopress.it\\\/#organization\"},\"potentialAction\":[{\"@type\":\"SearchAction\",\"target\":{\"@type\":\"EntryPoint\",\"urlTemplate\":\"https:\\\/\\\/www.bellunopress.it\\\/?s={search_term_string}\"},\"query-input\":{\"@type\":\"PropertyValueSpecification\",\"valueRequired\":true,\"valueName\":\"search_term_string\"}}],\"inLanguage\":\"fr-FR\"},{\"@type\":\"Organization\",\"@id\":\"https:\\\/\\\/www.bellunopress.it\\\/#organization\",\"name\":\"Bellunopress\",\"url\":\"https:\\\/\\\/www.bellunopress.it\\\/\",\"logo\":{\"@type\":\"ImageObject\",\"inLanguage\":\"fr-FR\",\"@id\":\"https:\\\/\\\/www.bellunopress.it\\\/#\\\/schema\\\/logo\\\/image\\\/\",\"url\":\"https:\\\/\\\/www.bellunopress.it\\\/wp-content\\\/uploads\\\/2011\\\/05\\\/cropped-logo-bellunopress-.jpg\",\"contentUrl\":\"https:\\\/\\\/www.bellunopress.it\\\/wp-content\\\/uploads\\\/2011\\\/05\\\/cropped-logo-bellunopress-.jpg\",\"width\":512,\"height\":512,\"caption\":\"Bellunopress\"},\"image\":{\"@id\":\"https:\\\/\\\/www.bellunopress.it\\\/#\\\/schema\\\/logo\\\/image\\\/\"},\"sameAs\":[\"https:\\\/\\\/www.facebook.com\\\/profile.php?id=100008943462799\",\"https:\\\/\\\/x.com\\\/bellunopress\",\"https:\\\/\\\/www.linkedin.com\\\/hp\\\/?dnr=JBzUWaJfMUw8vbXJJ2tVW5-I3jZKvC4wsoxE&amp;amp;amp;amp;amp;amp;trk=nav_responsive_tab_home\",\"https:\\\/\\\/www.youtube.com\\\/channel\\\/UCxL0wu1uN0_3_7hGG0306cw\"]},{\"@type\":\"Person\",\"@id\":\"https:\\\/\\\/www.bellunopress.it\\\/#\\\/schema\\\/person\\\/79bb06722b37ece1c03d3e94beb30d73\",\"name\":\"redazione\",\"image\":{\"@type\":\"ImageObject\",\"inLanguage\":\"fr-FR\",\"@id\":\"https:\\\/\\\/secure.gravatar.com\\\/avatar\\\/37d968a2e67a6fd04c169c4bdef102d0bc5d31b2546345219e348575eb80e9a0?s=96&d=mm&r=g\",\"url\":\"https:\\\/\\\/secure.gravatar.com\\\/avatar\\\/37d968a2e67a6fd04c169c4bdef102d0bc5d31b2546345219e348575eb80e9a0?s=96&d=mm&r=g\",\"contentUrl\":\"https:\\\/\\\/secure.gravatar.com\\\/avatar\\\/37d968a2e67a6fd04c169c4bdef102d0bc5d31b2546345219e348575eb80e9a0?s=96&d=mm&r=g\",\"caption\":\"redazione\"},\"sameAs\":[\"http:\\\/\\\/www.bellunopress.it\",\"https:\\\/\\\/x.com\\\/bellunopress\"],\"url\":\"https:\\\/\\\/www.bellunopress.it\\\/fr\\\/author\\\/redazione\\\/\"}]}<\/script>\n<!-- \/ Yoast SEO plugin. -->","yoast_head_json":{"title":"In occasione della giornata mondiale dell'acqua Federbim visita il Vajont - Bellunopress - Dolomiti","robots":{"index":"index","follow":"follow","max-snippet":"max-snippet:-1","max-image-preview":"max-image-preview:large","max-video-preview":"max-video-preview:-1"},"canonical":"https:\/\/www.bellunopress.it\/fr\/2013\/03\/21\/in-occasione-della-giornata-mondiale-dellacqua-federbim-visita-il-vajont\/","og_locale":"fr_FR","og_type":"article","og_title":"In occasione della giornata mondiale dell'acqua Federbim visita il Vajont - Bellunopress - Dolomiti","og_description":"In occasione della Giornata Mondiale dell&#8217;Acqua del 22 marzo 2013, Federbim organizza presso il palazzo dei Conti Attimis a Maniago un convegno dal titolo \u201cL&#8217;Acqua una risorsa preziosa\u201d in collaborazione con i Consorzi BIM della Drava, del Livenza, del Piave e del Tagliamento, nel contesto di tre giornate dedicate, appunto, alla grande risorsa rappresentata dall&#8217;acqua, [&hellip;]","og_url":"https:\/\/www.bellunopress.it\/fr\/2013\/03\/21\/in-occasione-della-giornata-mondiale-dellacqua-federbim-visita-il-vajont\/","og_site_name":"Bellunopress - Dolomiti","article_publisher":"https:\/\/www.facebook.com\/profile.php?id=100008943462799","article_published_time":"2013-03-21T12:18:51+00:00","article_modified_time":"2013-03-21T19:21:00+00:00","og_image":[{"url":"http:\/\/www.bellunopress.it\/wp-content\/uploads\/2013\/03\/vajont.jpg","type":"","width":"","height":""}],"author":"redazione","twitter_card":"summary_large_image","twitter_creator":"@bellunopress","twitter_site":"@bellunopress","twitter_misc":{"\u00c9crit par":"redazione","Dur\u00e9e de lecture estim\u00e9e":"1 minute"},"schema":{"@context":"https:\/\/schema.org","@graph":[{"@type":"Article","@id":"https:\/\/www.bellunopress.it\/2013\/03\/21\/in-occasione-della-giornata-mondiale-dellacqua-federbim-visita-il-vajont\/#article","isPartOf":{"@id":"https:\/\/www.bellunopress.it\/2013\/03\/21\/in-occasione-della-giornata-mondiale-dellacqua-federbim-visita-il-vajont\/"},"author":{"name":"redazione","@id":"https:\/\/www.bellunopress.it\/#\/schema\/person\/79bb06722b37ece1c03d3e94beb30d73"},"headline":"In occasione della giornata mondiale dell&#8217;acqua Federbim visita il Vajont","datePublished":"2013-03-21T12:18:51+00:00","dateModified":"2013-03-21T19:21:00+00:00","mainEntityOfPage":{"@id":"https:\/\/www.bellunopress.it\/2013\/03\/21\/in-occasione-della-giornata-mondiale-dellacqua-federbim-visita-il-vajont\/"},"wordCount":229,"publisher":{"@id":"https:\/\/www.bellunopress.it\/#organization"},"image":{"@id":"https:\/\/www.bellunopress.it\/2013\/03\/21\/in-occasione-della-giornata-mondiale-dellacqua-federbim-visita-il-vajont\/#primaryimage"},"thumbnailUrl":"http:\/\/www.bellunopress.it\/wp-content\/uploads\/2013\/03\/vajont.jpg","articleSection":["Appuntamenti, Eventi","Cronaca\/Politica","Prima Pagina"],"inLanguage":"fr-FR"},{"@type":"WebPage","@id":"https:\/\/www.bellunopress.it\/2013\/03\/21\/in-occasione-della-giornata-mondiale-dellacqua-federbim-visita-il-vajont\/","url":"https:\/\/www.bellunopress.it\/2013\/03\/21\/in-occasione-della-giornata-mondiale-dellacqua-federbim-visita-il-vajont\/","name":"In occasione della giornata mondiale dell'acqua Federbim visita il Vajont - Bellunopress - Dolomiti","isPartOf":{"@id":"https:\/\/www.bellunopress.it\/#website"},"primaryImageOfPage":{"@id":"https:\/\/www.bellunopress.it\/2013\/03\/21\/in-occasione-della-giornata-mondiale-dellacqua-federbim-visita-il-vajont\/#primaryimage"},"image":{"@id":"https:\/\/www.bellunopress.it\/2013\/03\/21\/in-occasione-della-giornata-mondiale-dellacqua-federbim-visita-il-vajont\/#primaryimage"},"thumbnailUrl":"http:\/\/www.bellunopress.it\/wp-content\/uploads\/2013\/03\/vajont.jpg","datePublished":"2013-03-21T12:18:51+00:00","dateModified":"2013-03-21T19:21:00+00:00","breadcrumb":{"@id":"https:\/\/www.bellunopress.it\/2013\/03\/21\/in-occasione-della-giornata-mondiale-dellacqua-federbim-visita-il-vajont\/#breadcrumb"},"inLanguage":"fr-FR","potentialAction":[{"@type":"ReadAction","target":["https:\/\/www.bellunopress.it\/2013\/03\/21\/in-occasione-della-giornata-mondiale-dellacqua-federbim-visita-il-vajont\/"]}]},{"@type":"ImageObject","inLanguage":"fr-FR","@id":"https:\/\/www.bellunopress.it\/2013\/03\/21\/in-occasione-della-giornata-mondiale-dellacqua-federbim-visita-il-vajont\/#primaryimage","url":"http:\/\/www.bellunopress.it\/wp-content\/uploads\/2013\/03\/vajont.jpg","contentUrl":"http:\/\/www.bellunopress.it\/wp-content\/uploads\/2013\/03\/vajont.jpg"},{"@type":"BreadcrumbList","@id":"https:\/\/www.bellunopress.it\/2013\/03\/21\/in-occasione-della-giornata-mondiale-dellacqua-federbim-visita-il-vajont\/#breadcrumb","itemListElement":[{"@type":"ListItem","position":1,"name":"Home","item":"https:\/\/www.bellunopress.it\/"},{"@type":"ListItem","position":2,"name":"In occasione della giornata mondiale dell&#8217;acqua Federbim visita il Vajont"}]},{"@type":"WebSite","@id":"https:\/\/www.bellunopress.it\/#website","url":"https:\/\/www.bellunopress.it\/","name":"Bellunopress - Dolomiti","description":"e-mail: redazione@bellunopress.it","publisher":{"@id":"https:\/\/www.bellunopress.it\/#organization"},"potentialAction":[{"@type":"SearchAction","target":{"@type":"EntryPoint","urlTemplate":"https:\/\/www.bellunopress.it\/?s={search_term_string}"},"query-input":{"@type":"PropertyValueSpecification","valueRequired":true,"valueName":"search_term_string"}}],"inLanguage":"fr-FR"},{"@type":"Organization","@id":"https:\/\/www.bellunopress.it\/#organization","name":"Bellunopress","url":"https:\/\/www.bellunopress.it\/","logo":{"@type":"ImageObject","inLanguage":"fr-FR","@id":"https:\/\/www.bellunopress.it\/#\/schema\/logo\/image\/","url":"https:\/\/www.bellunopress.it\/wp-content\/uploads\/2011\/05\/cropped-logo-bellunopress-.jpg","contentUrl":"https:\/\/www.bellunopress.it\/wp-content\/uploads\/2011\/05\/cropped-logo-bellunopress-.jpg","width":512,"height":512,"caption":"Bellunopress"},"image":{"@id":"https:\/\/www.bellunopress.it\/#\/schema\/logo\/image\/"},"sameAs":["https:\/\/www.facebook.com\/profile.php?id=100008943462799","https:\/\/x.com\/bellunopress","https:\/\/www.linkedin.com\/hp\/?dnr=JBzUWaJfMUw8vbXJJ2tVW5-I3jZKvC4wsoxE&amp;amp;amp;amp;amp;amp;trk=nav_responsive_tab_home","https:\/\/www.youtube.com\/channel\/UCxL0wu1uN0_3_7hGG0306cw"]},{"@type":"Person","@id":"https:\/\/www.bellunopress.it\/#\/schema\/person\/79bb06722b37ece1c03d3e94beb30d73","name":"r\u00e9daction","image":{"@type":"ImageObject","inLanguage":"fr-FR","@id":"https:\/\/secure.gravatar.com\/avatar\/37d968a2e67a6fd04c169c4bdef102d0bc5d31b2546345219e348575eb80e9a0?s=96&d=mm&r=g","url":"https:\/\/secure.gravatar.com\/avatar\/37d968a2e67a6fd04c169c4bdef102d0bc5d31b2546345219e348575eb80e9a0?s=96&d=mm&r=g","contentUrl":"https:\/\/secure.gravatar.com\/avatar\/37d968a2e67a6fd04c169c4bdef102d0bc5d31b2546345219e348575eb80e9a0?s=96&d=mm&r=g","caption":"redazione"},"sameAs":["http:\/\/www.bellunopress.it","https:\/\/x.com\/bellunopress"],"url":"https:\/\/www.bellunopress.it\/fr\/author\/redazione\/"}]}},"_links":{"self":[{"href":"https:\/\/www.bellunopress.it\/fr\/wp-json\/wp\/v2\/posts\/47803","targetHints":{"allow":["GET"]}}],"collection":[{"href":"https:\/\/www.bellunopress.it\/fr\/wp-json\/wp\/v2\/posts"}],"about":[{"href":"https:\/\/www.bellunopress.it\/fr\/wp-json\/wp\/v2\/types\/post"}],"author":[{"embeddable":true,"href":"https:\/\/www.bellunopress.it\/fr\/wp-json\/wp\/v2\/users\/2"}],"replies":[{"embeddable":true,"href":"https:\/\/www.bellunopress.it\/fr\/wp-json\/wp\/v2\/comments?post=47803"}],"version-history":[{"count":1,"href":"https:\/\/www.bellunopress.it\/fr\/wp-json\/wp\/v2\/posts\/47803\/revisions"}],"predecessor-version":[{"id":47804,"href":"https:\/\/www.bellunopress.it\/fr\/wp-json\/wp\/v2\/posts\/47803\/revisions\/47804"}],"wp:attachment":[{"href":"https:\/\/www.bellunopress.it\/fr\/wp-json\/wp\/v2\/media?parent=47803"}],"wp:term":[{"taxonomy":"category","embeddable":true,"href":"https:\/\/www.bellunopress.it\/fr\/wp-json\/wp\/v2\/categories?post=47803"},{"taxonomy":"post_tag","embeddable":true,"href":"https:\/\/www.bellunopress.it\/fr\/wp-json\/wp\/v2\/tags?post=47803"}],"curies":[{"name":"wp","href":"https:\/\/api.w.org\/{rel}","templated":true}]}}