{"id":47793,"date":"2013-03-21T19:57:11","date_gmt":"2013-03-21T18:57:11","guid":{"rendered":"http:\/\/www.bellunopress.it\/?p=47793"},"modified":"2013-03-21T19:59:19","modified_gmt":"2013-03-21T18:59:19","slug":"rotary-belluno-consulto-sul-turismo-sabato-mattina-al-centro-giovanni-23mo-con-lassessore-regionale-finozzi","status":"publish","type":"post","link":"https:\/\/www.bellunopress.it\/fr\/2013\/03\/21\/rotary-belluno-consulto-sul-turismo-sabato-mattina-al-centro-giovanni-23mo-con-lassessore-regionale-finozzi\/","title":{"rendered":"Rotary Belluno: consulto sul turismo sabato mattina al centro Giovanni 23mo con l&#8217;assessore regionale Finozzi"},"content":{"rendered":"<p><a href=\"http:\/\/www.bellunopress.it\/wp-content\/uploads\/2011\/03\/rotary.jpg\"><img loading=\"lazy\" decoding=\"async\" class=\"alignleft size-full wp-image-24861\" alt=\"rotary\" src=\"http:\/\/www.bellunopress.it\/wp-content\/uploads\/2011\/03\/rotary.jpg\" width=\"140\" height=\"105\" \/><\/a>Il turismo rappresenta il 25 per cento del Pil (prodotto interno lordo) della provincia di Belluno. Ma il suo stato di salute suggerisce da tempo una cura ricostituente. Da dove cominciare? Quali le prospettive e quali le potenzialit\u00e0 su cui fare leva?<\/p>\n<p>\u00c8 lo scopo del forum con il quale sabato 23 (inizio ore 10,30) i Rotary di Belluno, Feltre e Cadore-Cortina concluderanno nella Sala Muccin del Centro Giovanni XXIII un ciclo di incontri sull\u2019argomento, le cui tappe precedenti si erano svolte a Pedavena e Cortina. Al forum di Belluno parteciper\u00e0 l\u2019assessore regionale Marino Finozzi.<\/p>\n<p>Il quadro di riferimento sar\u00e0 tracciato da un confronto a pi\u00f9 voci, coordinato da Andrea Cecchella. Secondo i Rotary bellunesi, il mercato turistico nelle Dolomiti bellunesi pu\u00f2 registrare significativi miglioramenti affinando, il settore, le sue capacit\u00e0 di offerta, incrementando l\u2019orientamento verso l\u2019estero, facendo, le imprese, pi\u00f9 rete, aprendosi all\u2019era digitale. Di qui l\u2019idea di un focus, dal quale far uscire una serie di indicazioni concrete.<\/p>\n<p>Dopo l\u2019introduzione del presidente della Camera di commercio, Luigi Curto, di numeri e tendenze parler\u00e0 il presidente del Rotary di Belluno, Gino Zornitta, ordinario di statistica all\u2019Universit\u00e0 Ca\u2019 Foscari. Sulle condizioni necessarie ad intercettare la domanda straniera, interverr\u00e0 l\u2019assessore al Turismo del Comune di Belluno, Valerio Tabacchi. Due ulteriori contributi verranno dedicati, uno, all\u2019approfondimento del mercato \u201coutdoor\u201d (escursionismo, rifugi, alte vie) a cura di Marco Busa; un altro alle opportunit\u00e0 che il turismo sostenibile pu\u00f2 generare, con Cesare Micheletti, consulente scientifico della Fondazione Dolomiti Unesco.<\/p>\n<p>L\u2019incontro \u00e8 aperto alla cittadinanza e al mondo della scuola.<\/p>\n<p>PROGRAMMA<br \/>\n10.30 Saluti introduttivi<br \/>\n10.45 Luigi Curto<br \/>\nPresidente Camera di Commercio<br \/>\ndi Belluno<br \/>\nIl turismo fattore di sviluppo<br \/>\ndell\u2019economia provinciale<br \/>\n11.00 Gino Zornitta<br \/>\nPresidente Rotary Club Belluno<br \/>\nNumeri e indicatori di tendenza<br \/>\n11.15 Valerio Tabacchi<br \/>\nAssessore al Turismo<br \/>\nComune di Belluno<br \/>\nLa sfida internazionalizzazione<br \/>\n11.30 Marco Busa<br \/>\nManager dello sportsystem di montagna<br \/>\nEscursionismo, rifugi, alte vie:<br \/>\nil mercato outdoor di montagna<br \/>\n11.45 Cesare Micheletti<br \/>\nConsulente scientifico<br \/>\nFondazione Dolomiti Unesco<br \/>\nTurismo sostenibile:<br \/>\nuna porta verso il futuro<br \/>\n12.00 Interventi programmati<br \/>\n12.30 Marino Finozzi<br \/>\nAssessore al Turismo Regione Veneto<br \/>\nCoordina: Andrea Cecchella (Telebelluno)<\/p>","protected":false},"excerpt":{"rendered":"<p>Il turismo rappresenta il 25 per cento del Pil (prodotto interno lordo) della provincia di Belluno. Ma il suo stato di salute suggerisce da tempo una cura ricostituente. Da dove cominciare? Quali le prospettive e quali le potenzialit\u00e0 su cui fare leva? \u00c8 lo scopo del forum con il quale sabato 23 (inizio ore 10,30) [&hellip;]<\/p>\n","protected":false},"author":2,"featured_media":0,"comment_status":"closed","ping_status":"open","sticky":false,"template":"","format":"standard","meta":{"footnotes":""},"categories":[27,36,26],"tags":[],"class_list":["post-47793","post","type-post","status-publish","format-standard","category-appuntamenti","category-lavoro-economia","category-prima-pagina"],"yoast_head":"<!-- This site is optimized with the Yoast SEO plugin v28.4 - https:\/\/yoast.com\/product\/yoast-seo-wordpress\/ -->\n<title>Rotary Belluno: consulto sul turismo sabato mattina al centro Giovanni 23mo con l&#039;assessore regionale Finozzi  - Bellunopress - Dolomiti<\/title>\n<meta name=\"robots\" content=\"index, follow, max-snippet:-1, max-image-preview:large, max-video-preview:-1\" \/>\n<link rel=\"canonical\" href=\"https:\/\/www.bellunopress.it\/fr\/2013\/03\/21\/rotary-belluno-consulto-sul-turismo-sabato-mattina-al-centro-giovanni-23mo-con-lassessore-regionale-finozzi\/\" \/>\n<meta property=\"og:locale\" content=\"fr_FR\" \/>\n<meta property=\"og:type\" content=\"article\" \/>\n<meta property=\"og:title\" content=\"Rotary Belluno: consulto sul turismo sabato mattina al centro Giovanni 23mo con l&#039;assessore regionale Finozzi  - Bellunopress - Dolomiti\" \/>\n<meta property=\"og:description\" content=\"Il turismo rappresenta il 25 per cento del Pil (prodotto interno lordo) della provincia di Belluno. Ma il suo stato di salute suggerisce da tempo una cura ricostituente. Da dove cominciare? Quali le prospettive e quali le potenzialit\u00e0 su cui fare leva? \u00c8 lo scopo del forum con il quale sabato 23 (inizio ore 10,30) [&hellip;]\" \/>\n<meta property=\"og:url\" content=\"https:\/\/www.bellunopress.it\/fr\/2013\/03\/21\/rotary-belluno-consulto-sul-turismo-sabato-mattina-al-centro-giovanni-23mo-con-lassessore-regionale-finozzi\/\" \/>\n<meta property=\"og:site_name\" content=\"Bellunopress - Dolomiti\" \/>\n<meta property=\"article:publisher\" content=\"https:\/\/www.facebook.com\/profile.php?id=100008943462799\" \/>\n<meta property=\"article:published_time\" content=\"2013-03-21T18:57:11+00:00\" \/>\n<meta property=\"article:modified_time\" content=\"2013-03-21T18:59:19+00:00\" \/>\n<meta property=\"og:image\" content=\"http:\/\/www.bellunopress.it\/wp-content\/uploads\/2011\/03\/rotary.jpg\" \/>\n<meta name=\"author\" content=\"redazione\" \/>\n<meta name=\"twitter:card\" content=\"summary_large_image\" \/>\n<meta name=\"twitter:creator\" content=\"@bellunopress\" \/>\n<meta name=\"twitter:site\" content=\"@bellunopress\" \/>\n<meta name=\"twitter:label1\" content=\"Written by\" \/>\n\t<meta name=\"twitter:data1\" content=\"redazione\" \/>\n\t<meta name=\"twitter:label2\" content=\"Est. reading time\" \/>\n\t<meta name=\"twitter:data2\" content=\"2 minutes\" \/>\n<script type=\"application\/ld+json\" class=\"yoast-schema-graph\">{\"@context\":\"https:\\\/\\\/schema.org\",\"@graph\":[{\"@type\":\"Article\",\"@id\":\"https:\\\/\\\/www.bellunopress.it\\\/2013\\\/03\\\/21\\\/rotary-belluno-consulto-sul-turismo-sabato-mattina-al-centro-giovanni-23mo-con-lassessore-regionale-finozzi\\\/#article\",\"isPartOf\":{\"@id\":\"https:\\\/\\\/www.bellunopress.it\\\/2013\\\/03\\\/21\\\/rotary-belluno-consulto-sul-turismo-sabato-mattina-al-centro-giovanni-23mo-con-lassessore-regionale-finozzi\\\/\"},\"author\":{\"name\":\"redazione\",\"@id\":\"https:\\\/\\\/www.bellunopress.it\\\/#\\\/schema\\\/person\\\/79bb06722b37ece1c03d3e94beb30d73\"},\"headline\":\"Rotary Belluno: consulto sul turismo sabato mattina al centro Giovanni 23mo con l&#8217;assessore regionale Finozzi\",\"datePublished\":\"2013-03-21T18:57:11+00:00\",\"dateModified\":\"2013-03-21T18:59:19+00:00\",\"mainEntityOfPage\":{\"@id\":\"https:\\\/\\\/www.bellunopress.it\\\/2013\\\/03\\\/21\\\/rotary-belluno-consulto-sul-turismo-sabato-mattina-al-centro-giovanni-23mo-con-lassessore-regionale-finozzi\\\/\"},\"wordCount\":361,\"publisher\":{\"@id\":\"https:\\\/\\\/www.bellunopress.it\\\/#organization\"},\"image\":{\"@id\":\"https:\\\/\\\/www.bellunopress.it\\\/2013\\\/03\\\/21\\\/rotary-belluno-consulto-sul-turismo-sabato-mattina-al-centro-giovanni-23mo-con-lassessore-regionale-finozzi\\\/#primaryimage\"},\"thumbnailUrl\":\"http:\\\/\\\/www.bellunopress.it\\\/wp-content\\\/uploads\\\/2011\\\/03\\\/rotary.jpg\",\"articleSection\":[\"Appuntamenti, Eventi\",\"Lavoro, Economia, Turismo\",\"Prima Pagina\"],\"inLanguage\":\"fr-FR\"},{\"@type\":\"WebPage\",\"@id\":\"https:\\\/\\\/www.bellunopress.it\\\/2013\\\/03\\\/21\\\/rotary-belluno-consulto-sul-turismo-sabato-mattina-al-centro-giovanni-23mo-con-lassessore-regionale-finozzi\\\/\",\"url\":\"https:\\\/\\\/www.bellunopress.it\\\/2013\\\/03\\\/21\\\/rotary-belluno-consulto-sul-turismo-sabato-mattina-al-centro-giovanni-23mo-con-lassessore-regionale-finozzi\\\/\",\"name\":\"Rotary Belluno: consulto sul turismo sabato mattina al centro Giovanni 23mo con l'assessore regionale Finozzi - Bellunopress - Dolomiti\",\"isPartOf\":{\"@id\":\"https:\\\/\\\/www.bellunopress.it\\\/#website\"},\"primaryImageOfPage\":{\"@id\":\"https:\\\/\\\/www.bellunopress.it\\\/2013\\\/03\\\/21\\\/rotary-belluno-consulto-sul-turismo-sabato-mattina-al-centro-giovanni-23mo-con-lassessore-regionale-finozzi\\\/#primaryimage\"},\"image\":{\"@id\":\"https:\\\/\\\/www.bellunopress.it\\\/2013\\\/03\\\/21\\\/rotary-belluno-consulto-sul-turismo-sabato-mattina-al-centro-giovanni-23mo-con-lassessore-regionale-finozzi\\\/#primaryimage\"},\"thumbnailUrl\":\"http:\\\/\\\/www.bellunopress.it\\\/wp-content\\\/uploads\\\/2011\\\/03\\\/rotary.jpg\",\"datePublished\":\"2013-03-21T18:57:11+00:00\",\"dateModified\":\"2013-03-21T18:59:19+00:00\",\"breadcrumb\":{\"@id\":\"https:\\\/\\\/www.bellunopress.it\\\/2013\\\/03\\\/21\\\/rotary-belluno-consulto-sul-turismo-sabato-mattina-al-centro-giovanni-23mo-con-lassessore-regionale-finozzi\\\/#breadcrumb\"},\"inLanguage\":\"fr-FR\",\"potentialAction\":[{\"@type\":\"ReadAction\",\"target\":[\"https:\\\/\\\/www.bellunopress.it\\\/2013\\\/03\\\/21\\\/rotary-belluno-consulto-sul-turismo-sabato-mattina-al-centro-giovanni-23mo-con-lassessore-regionale-finozzi\\\/\"]}]},{\"@type\":\"ImageObject\",\"inLanguage\":\"fr-FR\",\"@id\":\"https:\\\/\\\/www.bellunopress.it\\\/2013\\\/03\\\/21\\\/rotary-belluno-consulto-sul-turismo-sabato-mattina-al-centro-giovanni-23mo-con-lassessore-regionale-finozzi\\\/#primaryimage\",\"url\":\"http:\\\/\\\/www.bellunopress.it\\\/wp-content\\\/uploads\\\/2011\\\/03\\\/rotary.jpg\",\"contentUrl\":\"http:\\\/\\\/www.bellunopress.it\\\/wp-content\\\/uploads\\\/2011\\\/03\\\/rotary.jpg\"},{\"@type\":\"BreadcrumbList\",\"@id\":\"https:\\\/\\\/www.bellunopress.it\\\/2013\\\/03\\\/21\\\/rotary-belluno-consulto-sul-turismo-sabato-mattina-al-centro-giovanni-23mo-con-lassessore-regionale-finozzi\\\/#breadcrumb\",\"itemListElement\":[{\"@type\":\"ListItem\",\"position\":1,\"name\":\"Home\",\"item\":\"https:\\\/\\\/www.bellunopress.it\\\/\"},{\"@type\":\"ListItem\",\"position\":2,\"name\":\"Rotary Belluno: consulto sul turismo sabato mattina al centro Giovanni 23mo con l&#8217;assessore regionale Finozzi\"}]},{\"@type\":\"WebSite\",\"@id\":\"https:\\\/\\\/www.bellunopress.it\\\/#website\",\"url\":\"https:\\\/\\\/www.bellunopress.it\\\/\",\"name\":\"Bellunopress - Dolomiti\",\"description\":\"e-mail: redazione@bellunopress.it\",\"publisher\":{\"@id\":\"https:\\\/\\\/www.bellunopress.it\\\/#organization\"},\"potentialAction\":[{\"@type\":\"SearchAction\",\"target\":{\"@type\":\"EntryPoint\",\"urlTemplate\":\"https:\\\/\\\/www.bellunopress.it\\\/?s={search_term_string}\"},\"query-input\":{\"@type\":\"PropertyValueSpecification\",\"valueRequired\":true,\"valueName\":\"search_term_string\"}}],\"inLanguage\":\"fr-FR\"},{\"@type\":\"Organization\",\"@id\":\"https:\\\/\\\/www.bellunopress.it\\\/#organization\",\"name\":\"Bellunopress\",\"url\":\"https:\\\/\\\/www.bellunopress.it\\\/\",\"logo\":{\"@type\":\"ImageObject\",\"inLanguage\":\"fr-FR\",\"@id\":\"https:\\\/\\\/www.bellunopress.it\\\/#\\\/schema\\\/logo\\\/image\\\/\",\"url\":\"https:\\\/\\\/www.bellunopress.it\\\/wp-content\\\/uploads\\\/2011\\\/05\\\/cropped-logo-bellunopress-.jpg\",\"contentUrl\":\"https:\\\/\\\/www.bellunopress.it\\\/wp-content\\\/uploads\\\/2011\\\/05\\\/cropped-logo-bellunopress-.jpg\",\"width\":512,\"height\":512,\"caption\":\"Bellunopress\"},\"image\":{\"@id\":\"https:\\\/\\\/www.bellunopress.it\\\/#\\\/schema\\\/logo\\\/image\\\/\"},\"sameAs\":[\"https:\\\/\\\/www.facebook.com\\\/profile.php?id=100008943462799\",\"https:\\\/\\\/x.com\\\/bellunopress\",\"https:\\\/\\\/www.linkedin.com\\\/hp\\\/?dnr=JBzUWaJfMUw8vbXJJ2tVW5-I3jZKvC4wsoxE&amp;amp;amp;amp;amp;amp;trk=nav_responsive_tab_home\",\"https:\\\/\\\/www.youtube.com\\\/channel\\\/UCxL0wu1uN0_3_7hGG0306cw\"]},{\"@type\":\"Person\",\"@id\":\"https:\\\/\\\/www.bellunopress.it\\\/#\\\/schema\\\/person\\\/79bb06722b37ece1c03d3e94beb30d73\",\"name\":\"redazione\",\"image\":{\"@type\":\"ImageObject\",\"inLanguage\":\"fr-FR\",\"@id\":\"https:\\\/\\\/secure.gravatar.com\\\/avatar\\\/37d968a2e67a6fd04c169c4bdef102d0bc5d31b2546345219e348575eb80e9a0?s=96&d=mm&r=g\",\"url\":\"https:\\\/\\\/secure.gravatar.com\\\/avatar\\\/37d968a2e67a6fd04c169c4bdef102d0bc5d31b2546345219e348575eb80e9a0?s=96&d=mm&r=g\",\"contentUrl\":\"https:\\\/\\\/secure.gravatar.com\\\/avatar\\\/37d968a2e67a6fd04c169c4bdef102d0bc5d31b2546345219e348575eb80e9a0?s=96&d=mm&r=g\",\"caption\":\"redazione\"},\"sameAs\":[\"http:\\\/\\\/www.bellunopress.it\",\"https:\\\/\\\/x.com\\\/bellunopress\"],\"url\":\"https:\\\/\\\/www.bellunopress.it\\\/fr\\\/author\\\/redazione\\\/\"}]}<\/script>\n<!-- \/ Yoast SEO plugin. -->","yoast_head_json":{"title":"Rotary Belluno: consulto sul turismo sabato mattina al centro Giovanni 23mo con l'assessore regionale Finozzi  - Bellunopress - Dolomiti","robots":{"index":"index","follow":"follow","max-snippet":"max-snippet:-1","max-image-preview":"max-image-preview:large","max-video-preview":"max-video-preview:-1"},"canonical":"https:\/\/www.bellunopress.it\/fr\/2013\/03\/21\/rotary-belluno-consulto-sul-turismo-sabato-mattina-al-centro-giovanni-23mo-con-lassessore-regionale-finozzi\/","og_locale":"fr_FR","og_type":"article","og_title":"Rotary Belluno: consulto sul turismo sabato mattina al centro Giovanni 23mo con l'assessore regionale Finozzi  - Bellunopress - Dolomiti","og_description":"Il turismo rappresenta il 25 per cento del Pil (prodotto interno lordo) della provincia di Belluno. Ma il suo stato di salute suggerisce da tempo una cura ricostituente. Da dove cominciare? Quali le prospettive e quali le potenzialit\u00e0 su cui fare leva? \u00c8 lo scopo del forum con il quale sabato 23 (inizio ore 10,30) [&hellip;]","og_url":"https:\/\/www.bellunopress.it\/fr\/2013\/03\/21\/rotary-belluno-consulto-sul-turismo-sabato-mattina-al-centro-giovanni-23mo-con-lassessore-regionale-finozzi\/","og_site_name":"Bellunopress - Dolomiti","article_publisher":"https:\/\/www.facebook.com\/profile.php?id=100008943462799","article_published_time":"2013-03-21T18:57:11+00:00","article_modified_time":"2013-03-21T18:59:19+00:00","og_image":[{"url":"http:\/\/www.bellunopress.it\/wp-content\/uploads\/2011\/03\/rotary.jpg","type":"","width":"","height":""}],"author":"redazione","twitter_card":"summary_large_image","twitter_creator":"@bellunopress","twitter_site":"@bellunopress","twitter_misc":{"Written by":"redazione","Est. reading time":"2 minutes"},"schema":{"@context":"https:\/\/schema.org","@graph":[{"@type":"Article","@id":"https:\/\/www.bellunopress.it\/2013\/03\/21\/rotary-belluno-consulto-sul-turismo-sabato-mattina-al-centro-giovanni-23mo-con-lassessore-regionale-finozzi\/#article","isPartOf":{"@id":"https:\/\/www.bellunopress.it\/2013\/03\/21\/rotary-belluno-consulto-sul-turismo-sabato-mattina-al-centro-giovanni-23mo-con-lassessore-regionale-finozzi\/"},"author":{"name":"redazione","@id":"https:\/\/www.bellunopress.it\/#\/schema\/person\/79bb06722b37ece1c03d3e94beb30d73"},"headline":"Rotary Belluno: consulto sul turismo sabato mattina al centro Giovanni 23mo con l&#8217;assessore regionale Finozzi","datePublished":"2013-03-21T18:57:11+00:00","dateModified":"2013-03-21T18:59:19+00:00","mainEntityOfPage":{"@id":"https:\/\/www.bellunopress.it\/2013\/03\/21\/rotary-belluno-consulto-sul-turismo-sabato-mattina-al-centro-giovanni-23mo-con-lassessore-regionale-finozzi\/"},"wordCount":361,"publisher":{"@id":"https:\/\/www.bellunopress.it\/#organization"},"image":{"@id":"https:\/\/www.bellunopress.it\/2013\/03\/21\/rotary-belluno-consulto-sul-turismo-sabato-mattina-al-centro-giovanni-23mo-con-lassessore-regionale-finozzi\/#primaryimage"},"thumbnailUrl":"http:\/\/www.bellunopress.it\/wp-content\/uploads\/2011\/03\/rotary.jpg","articleSection":["Appuntamenti, Eventi","Lavoro, Economia, Turismo","Prima Pagina"],"inLanguage":"fr-FR"},{"@type":"WebPage","@id":"https:\/\/www.bellunopress.it\/2013\/03\/21\/rotary-belluno-consulto-sul-turismo-sabato-mattina-al-centro-giovanni-23mo-con-lassessore-regionale-finozzi\/","url":"https:\/\/www.bellunopress.it\/2013\/03\/21\/rotary-belluno-consulto-sul-turismo-sabato-mattina-al-centro-giovanni-23mo-con-lassessore-regionale-finozzi\/","name":"Rotary Belluno: consulto sul turismo sabato mattina al centro Giovanni 23mo con l'assessore regionale Finozzi - Bellunopress - Dolomiti","isPartOf":{"@id":"https:\/\/www.bellunopress.it\/#website"},"primaryImageOfPage":{"@id":"https:\/\/www.bellunopress.it\/2013\/03\/21\/rotary-belluno-consulto-sul-turismo-sabato-mattina-al-centro-giovanni-23mo-con-lassessore-regionale-finozzi\/#primaryimage"},"image":{"@id":"https:\/\/www.bellunopress.it\/2013\/03\/21\/rotary-belluno-consulto-sul-turismo-sabato-mattina-al-centro-giovanni-23mo-con-lassessore-regionale-finozzi\/#primaryimage"},"thumbnailUrl":"http:\/\/www.bellunopress.it\/wp-content\/uploads\/2011\/03\/rotary.jpg","datePublished":"2013-03-21T18:57:11+00:00","dateModified":"2013-03-21T18:59:19+00:00","breadcrumb":{"@id":"https:\/\/www.bellunopress.it\/2013\/03\/21\/rotary-belluno-consulto-sul-turismo-sabato-mattina-al-centro-giovanni-23mo-con-lassessore-regionale-finozzi\/#breadcrumb"},"inLanguage":"fr-FR","potentialAction":[{"@type":"ReadAction","target":["https:\/\/www.bellunopress.it\/2013\/03\/21\/rotary-belluno-consulto-sul-turismo-sabato-mattina-al-centro-giovanni-23mo-con-lassessore-regionale-finozzi\/"]}]},{"@type":"ImageObject","inLanguage":"fr-FR","@id":"https:\/\/www.bellunopress.it\/2013\/03\/21\/rotary-belluno-consulto-sul-turismo-sabato-mattina-al-centro-giovanni-23mo-con-lassessore-regionale-finozzi\/#primaryimage","url":"http:\/\/www.bellunopress.it\/wp-content\/uploads\/2011\/03\/rotary.jpg","contentUrl":"http:\/\/www.bellunopress.it\/wp-content\/uploads\/2011\/03\/rotary.jpg"},{"@type":"BreadcrumbList","@id":"https:\/\/www.bellunopress.it\/2013\/03\/21\/rotary-belluno-consulto-sul-turismo-sabato-mattina-al-centro-giovanni-23mo-con-lassessore-regionale-finozzi\/#breadcrumb","itemListElement":[{"@type":"ListItem","position":1,"name":"Home","item":"https:\/\/www.bellunopress.it\/"},{"@type":"ListItem","position":2,"name":"Rotary Belluno: consulto sul turismo sabato mattina al centro Giovanni 23mo con l&#8217;assessore regionale Finozzi"}]},{"@type":"WebSite","@id":"https:\/\/www.bellunopress.it\/#website","url":"https:\/\/www.bellunopress.it\/","name":"Bellunopress - Dolomiti","description":"e-mail: redazione@bellunopress.it","publisher":{"@id":"https:\/\/www.bellunopress.it\/#organization"},"potentialAction":[{"@type":"SearchAction","target":{"@type":"EntryPoint","urlTemplate":"https:\/\/www.bellunopress.it\/?s={search_term_string}"},"query-input":{"@type":"PropertyValueSpecification","valueRequired":true,"valueName":"search_term_string"}}],"inLanguage":"fr-FR"},{"@type":"Organization","@id":"https:\/\/www.bellunopress.it\/#organization","name":"Bellunopress","url":"https:\/\/www.bellunopress.it\/","logo":{"@type":"ImageObject","inLanguage":"fr-FR","@id":"https:\/\/www.bellunopress.it\/#\/schema\/logo\/image\/","url":"https:\/\/www.bellunopress.it\/wp-content\/uploads\/2011\/05\/cropped-logo-bellunopress-.jpg","contentUrl":"https:\/\/www.bellunopress.it\/wp-content\/uploads\/2011\/05\/cropped-logo-bellunopress-.jpg","width":512,"height":512,"caption":"Bellunopress"},"image":{"@id":"https:\/\/www.bellunopress.it\/#\/schema\/logo\/image\/"},"sameAs":["https:\/\/www.facebook.com\/profile.php?id=100008943462799","https:\/\/x.com\/bellunopress","https:\/\/www.linkedin.com\/hp\/?dnr=JBzUWaJfMUw8vbXJJ2tVW5-I3jZKvC4wsoxE&amp;amp;amp;amp;amp;amp;trk=nav_responsive_tab_home","https:\/\/www.youtube.com\/channel\/UCxL0wu1uN0_3_7hGG0306cw"]},{"@type":"Person","@id":"https:\/\/www.bellunopress.it\/#\/schema\/person\/79bb06722b37ece1c03d3e94beb30d73","name":"r\u00e9daction","image":{"@type":"ImageObject","inLanguage":"fr-FR","@id":"https:\/\/secure.gravatar.com\/avatar\/37d968a2e67a6fd04c169c4bdef102d0bc5d31b2546345219e348575eb80e9a0?s=96&d=mm&r=g","url":"https:\/\/secure.gravatar.com\/avatar\/37d968a2e67a6fd04c169c4bdef102d0bc5d31b2546345219e348575eb80e9a0?s=96&d=mm&r=g","contentUrl":"https:\/\/secure.gravatar.com\/avatar\/37d968a2e67a6fd04c169c4bdef102d0bc5d31b2546345219e348575eb80e9a0?s=96&d=mm&r=g","caption":"redazione"},"sameAs":["http:\/\/www.bellunopress.it","https:\/\/x.com\/bellunopress"],"url":"https:\/\/www.bellunopress.it\/fr\/author\/redazione\/"}]}},"_links":{"self":[{"href":"https:\/\/www.bellunopress.it\/fr\/wp-json\/wp\/v2\/posts\/47793","targetHints":{"allow":["GET"]}}],"collection":[{"href":"https:\/\/www.bellunopress.it\/fr\/wp-json\/wp\/v2\/posts"}],"about":[{"href":"https:\/\/www.bellunopress.it\/fr\/wp-json\/wp\/v2\/types\/post"}],"author":[{"embeddable":true,"href":"https:\/\/www.bellunopress.it\/fr\/wp-json\/wp\/v2\/users\/2"}],"replies":[{"embeddable":true,"href":"https:\/\/www.bellunopress.it\/fr\/wp-json\/wp\/v2\/comments?post=47793"}],"version-history":[{"count":3,"href":"https:\/\/www.bellunopress.it\/fr\/wp-json\/wp\/v2\/posts\/47793\/revisions"}],"predecessor-version":[{"id":47795,"href":"https:\/\/www.bellunopress.it\/fr\/wp-json\/wp\/v2\/posts\/47793\/revisions\/47795"}],"wp:attachment":[{"href":"https:\/\/www.bellunopress.it\/fr\/wp-json\/wp\/v2\/media?parent=47793"}],"wp:term":[{"taxonomy":"category","embeddable":true,"href":"https:\/\/www.bellunopress.it\/fr\/wp-json\/wp\/v2\/categories?post=47793"},{"taxonomy":"post_tag","embeddable":true,"href":"https:\/\/www.bellunopress.it\/fr\/wp-json\/wp\/v2\/tags?post=47793"}],"curies":[{"name":"wp","href":"https:\/\/api.w.org\/{rel}","templated":true}]}}