{"id":47784,"date":"2013-03-21T14:54:04","date_gmt":"2013-03-21T13:54:04","guid":{"rendered":"http:\/\/www.bellunopress.it\/?p=47784"},"modified":"2013-03-21T14:54:04","modified_gmt":"2013-03-21T13:54:04","slug":"cerco-lavoro-131","status":"publish","type":"post","link":"https:\/\/www.bellunopress.it\/fr\/2013\/03\/21\/cerco-lavoro-131\/","title":{"rendered":"Cerco lavoro"},"content":{"rendered":"<p>In collaborazione con l&#8217;ufficio Informagiovani del Comune di Belluno, pubblichiamo l&#8217;aggiornamento setti,manale dei concorsi pubblici e bandi di mobilit\u00e0.\u00a0<\/p>\n<p>ULSS 1 \u2013 BELLUNO<\/p>\n<p>Concorso pubblico, per titoli ed esami, riservato alle categorie di cui all\u2019art. 1 della L. 12.3.1999, n. 68: \u201cNorme per il diritto al lavoro dei disabili\u201d, per l\u2019assunzione a tempo indeterminato di n. 3 Coadiutori Amministrativi Esperti (Categoria BS).<\/p>\n<p>Requisiti specifici:<\/p>\n<p>a) titolo di istruzione secondaria di primo grado;<\/p>\n<p>b) attestato di superamento di due anni di scolarit\u00e0 dopo il diploma di istruzione secondaria di primo grado;<\/p>\n<p>c) iscrizione nell\u2019elenco del collocamento obbligatorio di cui all\u2019art. 8 della L. 12.3.1999, n. 68 \u201cNorme per il diritto al lavoro dei disabili\u201d.<\/p>\n<p>Scadenza: ore 12 del 21 marzo 2013.<\/p>\n<p>&nbsp;<\/p>\n<p>CONCORSI IN DIVISA<\/p>\n<p>MINISTERO DELLA DIFESA &#8211; DIREZIONE GENERALE PER IL PERSONALE MILITARE<\/p>\n<p>1) Bando di reclutamento, per il 2013, di 6.300 volontari in ferma prefissata di un anno (vfp 1) nell&#8217;Esercito italiano.<\/p>\n<p>Ripartizione blocchi:<\/p>\n<p>&#8211; 1\u00b0 blocco, scaduto;<\/p>\n<p>&#8211; 2\u00b0 blocco,scaduto;<\/p>\n<p>&#8211; 3\u00b0 blocco, prevista incorporazione nel mese di settembre 2013, 1.300 posti.<\/p>\n<p>La domanda di partecipazione pu\u00f2 essere presentata dal 25 marzo 2013 al 23 aprile 2013, per i nati dal 23 aprile 1988 al 23 aprile 1995, estremi compresi;<\/p>\n<p>&#8211; 4\u00b0 blocco, prevista incorporazione nel mese di dicembre 2013, 1.200 posti.<\/p>\n<p>La domanda di partecipazione pu\u00f2 essere presentata dal 15 luglio 2013 al 13 agosto 2013, per i nati dal 13 agosto 1988 al 13 agosto 1995, estremi compresi.<\/p>\n<p>Requisiti:<\/p>\n<p>&#8211; cittadinanza italiana;<\/p>\n<p>&#8211; aver compiuto il 18\u00b0 anno di et\u00e0 e non aver superato il giorno del compimento del 25\u00b0 anno di et\u00e0;<\/p>\n<p>&#8211; possesso del diploma di istruzione secondaria di primo grado (ex scuola media inferiore).<\/p>\n<p>La domanda di partecipazione al concorso, il cui modello \u00e8 pubblicato sul portale dei concorsi on-line del Ministero della Difesa, dovr\u00e0 essere compilata necessariamente on-line.(art. 4 del bando).<\/p>\n<p>2) Bando di reclutamento, per il 2013, di 1.400 volontari in ferma prefissata di un anno (vfp 1) nella Marina militare di cui 450 per le categorie del Corpo Equipaggi Militari Marittimi (CEMM) e 950 per il<\/p>\n<p>Corpo delle Capitanerie di Porto (CP).<\/p>\n<p>Scadenza:<\/p>\n<p>&#8211; 1\u00b0 blocco scaduto<\/p>\n<p>&#8211; 2\u00b0 blocco scaduto<\/p>\n<p>&#8211; 3\u00b0 blocco con due distinti incorporamenti: 466 posti di cui 150 per il CEMM e 316 per le CP. La domanda di partecipazione pu\u00f2 essere presentata dal 3 aprile 2013 al 2 maggio 2013 per i nati dal 2 maggio 1988 al 2 maggio 1995, estremi compresi.<\/p>\n<p>Requisiti specifici: aver compiuto il 18\u00b0 anno di et\u00e0 e non aver superato il giorno del compimento del 25\u00b0 anno di et\u00e0;<\/p>\n<p>possesso del diploma di istruzione secondaria di primo grado (ex scuola media inferiore).<\/p>\n<p>La domanda di partecipazione al concorso, il cui modello \u00e8 pubblicato sul portale dei concorsi on-line del Ministero della Difesa, dovr\u00e0 essere compilata necessariamente on-line.<\/p>\n<p>CONCORSI NAZIONALI<\/p>\n<p>REGIONE VENETO &#8211; SERVIZIO CIVILE REGIONALE<\/p>\n<p>Bando per la selezione di 104 giovani da impiegare in progetti di servizio civile regionale L. R. 18\/2005.<\/p>\n<p>Requisiti specifici: residenti o domiciliati in Veneto dai 18 ai 28 anni.<\/p>\n<p>Scadenza: entro il 19 aprile 2013<\/p>\n<p>INVALSI &#8211; ISTITUTO NAZIONALE PER LA VALUTAZIONE DEL SISTEMA EDUCATIVO DI<\/p>\n<p>ISTRUZIONE E DI FORMAZIONE CONCORSO<\/p>\n<p>Procedura selettiva per la partecipazione a corsi formativi per esperti nella valutazione<\/p>\n<p>esterna delle scuole e osservatori dei processi di insegnamento e apprendimento.<\/p>\n<p>Requisiti: http:\/\/www.invalsi.it\/invalsi\/concorsi<\/p>\n<p>Scadenza: 25\/03\/2013<\/p>\n<p>&nbsp;<\/p>\n<p>INVALSI &#8211; ISTITUTO NAZIONALE PER LA VALUTAZIONE DEL SISTEMA EDUCATIVO DI<\/p>\n<p>ISTRUZIONE E DI FORMAZIONE CONCORSO<\/p>\n<p>-Concorso pubblico, per titoli ed esame, per la copertura, a tempo determinato, di 6 posti di ricercatore, terzo<\/p>\n<p>livello e di tre posti di tecnologo, terzo livello.<\/p>\n<p>&#8211; Concorso pubblico, per titoli ed esame, per la copertura, a tempo determinato, di 3 posti di collaboratore di<\/p>\n<p>amministrazione, settimo livello.<\/p>\n<p>&#8211; Concorso pubblico, per titoli ed esame, per la copertura, a tempo determinato, di un posto di operatore<\/p>\n<p>tecnico, ottavo livello.<\/p>\n<p>&#8211; Concorso pubblico, per titoli ed esame, per la copertura, a tempo determinato, di 15 posti di<\/p>\n<p>collaboratore tecnico enti di ricerca, sesto livello.<\/p>\n<p>Scadenza: 04\/04\/2013<\/p>\n<p>Scarica il bando: http:\/\/www.gazzettaufficiale.it\/gazzetta\/concorsi\/caricaDettaglio?dataPubblicazioneGazzetta=2013-03-<\/p>\n<p>05&amp;numeroGazzetta=18<\/p>\n<p>&nbsp;<\/p>\n<p>AVVISI DI MOBILIT\u00c0<\/p>\n<p>ULSS N. 1 \u2013 BELLUNO<\/p>\n<p>1) Avviso pubblico per acquisizione in mobilit\u00e0 di un coadiutore amministrativo (cat. B) riservato ai dipendenti di aziende ed enti del Servizio Sanitario Regionale e di enti strumentali della Regione Veneto<\/p>\n<p>2) Avviso pubblico per acquisizione mobilit\u00e0 di un assistente amministrativo (cat. C) riservato ai dipendenti di aziende ed enti del Servizio Sanitario Regionale e di enti strumentali della Regione Veneto.<\/p>\n<p>Requisiti: da bando.<\/p>\n<p>Scadenza: entro le ore 12 del 26 marzo 2013.<\/p>\n<p>&nbsp;<\/p>\n<p>&nbsp;<\/p>","protected":false},"excerpt":{"rendered":"<p>In collaborazione con l&#8217;ufficio Informagiovani del Comune di Belluno, pubblichiamo l&#8217;aggiornamento setti,manale dei concorsi pubblici e bandi di mobilit\u00e0.\u00a0 ULSS 1 \u2013 BELLUNO Concorso pubblico, per titoli ed esami, riservato alle categorie di cui all\u2019art. 1 della L. 12.3.1999, n. 68: \u201cNorme per il diritto al lavoro dei disabili\u201d, per l\u2019assunzione a tempo indeterminato di [&hellip;]<\/p>\n","protected":false},"author":2,"featured_media":0,"comment_status":"closed","ping_status":"open","sticky":false,"template":"","format":"standard","meta":{"footnotes":""},"categories":[36,26],"tags":[],"class_list":["post-47784","post","type-post","status-publish","format-standard","category-lavoro-economia","category-prima-pagina"],"yoast_head":"<!-- This site is optimized with the Yoast SEO plugin v28.4 - https:\/\/yoast.com\/product\/yoast-seo-wordpress\/ -->\n<title>Cerco lavoro - Bellunopress - Dolomiti<\/title>\n<meta name=\"robots\" content=\"index, follow, max-snippet:-1, max-image-preview:large, max-video-preview:-1\" \/>\n<link rel=\"canonical\" href=\"https:\/\/www.bellunopress.it\/fr\/2013\/03\/21\/cerco-lavoro-131\/\" \/>\n<meta property=\"og:locale\" content=\"fr_FR\" \/>\n<meta property=\"og:type\" content=\"article\" \/>\n<meta property=\"og:title\" content=\"Cerco lavoro - Bellunopress - Dolomiti\" \/>\n<meta property=\"og:description\" content=\"In collaborazione con l&#8217;ufficio Informagiovani del Comune di Belluno, pubblichiamo l&#8217;aggiornamento setti,manale dei concorsi pubblici e bandi di mobilit\u00e0.\u00a0 ULSS 1 \u2013 BELLUNO Concorso pubblico, per titoli ed esami, riservato alle categorie di cui all\u2019art. 1 della L. 12.3.1999, n. 68: \u201cNorme per il diritto al lavoro dei disabili\u201d, per l\u2019assunzione a tempo indeterminato di [&hellip;]\" \/>\n<meta property=\"og:url\" content=\"https:\/\/www.bellunopress.it\/fr\/2013\/03\/21\/cerco-lavoro-131\/\" \/>\n<meta property=\"og:site_name\" content=\"Bellunopress - Dolomiti\" \/>\n<meta property=\"article:publisher\" content=\"https:\/\/www.facebook.com\/profile.php?id=100008943462799\" \/>\n<meta property=\"article:published_time\" content=\"2013-03-21T13:54:04+00:00\" \/>\n<meta property=\"og:image\" content=\"http:\/\/www.bellunopress.it\/wp-content\/uploads\/2012\/07\/logo-bellunopress-250x250-2012.jpg\" \/>\n<meta name=\"author\" content=\"redazione\" \/>\n<meta name=\"twitter:card\" content=\"summary_large_image\" \/>\n<meta name=\"twitter:creator\" content=\"@bellunopress\" \/>\n<meta name=\"twitter:site\" content=\"@bellunopress\" \/>\n<meta name=\"twitter:label1\" content=\"\u00c9crit par\" \/>\n\t<meta name=\"twitter:data1\" content=\"redazione\" \/>\n\t<meta name=\"twitter:label2\" content=\"Dur\u00e9e de lecture estim\u00e9e\" \/>\n\t<meta name=\"twitter:data2\" content=\"3 minutes\" \/>\n<script type=\"application\/ld+json\" class=\"yoast-schema-graph\">{\"@context\":\"https:\\\/\\\/schema.org\",\"@graph\":[{\"@type\":\"Article\",\"@id\":\"https:\\\/\\\/www.bellunopress.it\\\/2013\\\/03\\\/21\\\/cerco-lavoro-131\\\/#article\",\"isPartOf\":{\"@id\":\"https:\\\/\\\/www.bellunopress.it\\\/2013\\\/03\\\/21\\\/cerco-lavoro-131\\\/\"},\"author\":{\"name\":\"redazione\",\"@id\":\"https:\\\/\\\/www.bellunopress.it\\\/#\\\/schema\\\/person\\\/79bb06722b37ece1c03d3e94beb30d73\"},\"headline\":\"Cerco lavoro\",\"datePublished\":\"2013-03-21T13:54:04+00:00\",\"mainEntityOfPage\":{\"@id\":\"https:\\\/\\\/www.bellunopress.it\\\/2013\\\/03\\\/21\\\/cerco-lavoro-131\\\/\"},\"wordCount\":701,\"publisher\":{\"@id\":\"https:\\\/\\\/www.bellunopress.it\\\/#organization\"},\"articleSection\":[\"Lavoro, Economia, Turismo\",\"Prima Pagina\"],\"inLanguage\":\"fr-FR\"},{\"@type\":\"WebPage\",\"@id\":\"https:\\\/\\\/www.bellunopress.it\\\/2013\\\/03\\\/21\\\/cerco-lavoro-131\\\/\",\"url\":\"https:\\\/\\\/www.bellunopress.it\\\/2013\\\/03\\\/21\\\/cerco-lavoro-131\\\/\",\"name\":\"Cerco lavoro - Bellunopress - Dolomiti\",\"isPartOf\":{\"@id\":\"https:\\\/\\\/www.bellunopress.it\\\/#website\"},\"datePublished\":\"2013-03-21T13:54:04+00:00\",\"breadcrumb\":{\"@id\":\"https:\\\/\\\/www.bellunopress.it\\\/2013\\\/03\\\/21\\\/cerco-lavoro-131\\\/#breadcrumb\"},\"inLanguage\":\"fr-FR\",\"potentialAction\":[{\"@type\":\"ReadAction\",\"target\":[\"https:\\\/\\\/www.bellunopress.it\\\/2013\\\/03\\\/21\\\/cerco-lavoro-131\\\/\"]}]},{\"@type\":\"BreadcrumbList\",\"@id\":\"https:\\\/\\\/www.bellunopress.it\\\/2013\\\/03\\\/21\\\/cerco-lavoro-131\\\/#breadcrumb\",\"itemListElement\":[{\"@type\":\"ListItem\",\"position\":1,\"name\":\"Home\",\"item\":\"https:\\\/\\\/www.bellunopress.it\\\/\"},{\"@type\":\"ListItem\",\"position\":2,\"name\":\"Cerco lavoro\"}]},{\"@type\":\"WebSite\",\"@id\":\"https:\\\/\\\/www.bellunopress.it\\\/#website\",\"url\":\"https:\\\/\\\/www.bellunopress.it\\\/\",\"name\":\"Bellunopress - Dolomiti\",\"description\":\"e-mail: redazione@bellunopress.it\",\"publisher\":{\"@id\":\"https:\\\/\\\/www.bellunopress.it\\\/#organization\"},\"potentialAction\":[{\"@type\":\"SearchAction\",\"target\":{\"@type\":\"EntryPoint\",\"urlTemplate\":\"https:\\\/\\\/www.bellunopress.it\\\/?s={search_term_string}\"},\"query-input\":{\"@type\":\"PropertyValueSpecification\",\"valueRequired\":true,\"valueName\":\"search_term_string\"}}],\"inLanguage\":\"fr-FR\"},{\"@type\":\"Organization\",\"@id\":\"https:\\\/\\\/www.bellunopress.it\\\/#organization\",\"name\":\"Bellunopress\",\"url\":\"https:\\\/\\\/www.bellunopress.it\\\/\",\"logo\":{\"@type\":\"ImageObject\",\"inLanguage\":\"fr-FR\",\"@id\":\"https:\\\/\\\/www.bellunopress.it\\\/#\\\/schema\\\/logo\\\/image\\\/\",\"url\":\"https:\\\/\\\/www.bellunopress.it\\\/wp-content\\\/uploads\\\/2011\\\/05\\\/cropped-logo-bellunopress-.jpg\",\"contentUrl\":\"https:\\\/\\\/www.bellunopress.it\\\/wp-content\\\/uploads\\\/2011\\\/05\\\/cropped-logo-bellunopress-.jpg\",\"width\":512,\"height\":512,\"caption\":\"Bellunopress\"},\"image\":{\"@id\":\"https:\\\/\\\/www.bellunopress.it\\\/#\\\/schema\\\/logo\\\/image\\\/\"},\"sameAs\":[\"https:\\\/\\\/www.facebook.com\\\/profile.php?id=100008943462799\",\"https:\\\/\\\/x.com\\\/bellunopress\",\"https:\\\/\\\/www.linkedin.com\\\/hp\\\/?dnr=JBzUWaJfMUw8vbXJJ2tVW5-I3jZKvC4wsoxE&amp;amp;amp;amp;amp;amp;trk=nav_responsive_tab_home\",\"https:\\\/\\\/www.youtube.com\\\/channel\\\/UCxL0wu1uN0_3_7hGG0306cw\"]},{\"@type\":\"Person\",\"@id\":\"https:\\\/\\\/www.bellunopress.it\\\/#\\\/schema\\\/person\\\/79bb06722b37ece1c03d3e94beb30d73\",\"name\":\"redazione\",\"image\":{\"@type\":\"ImageObject\",\"inLanguage\":\"fr-FR\",\"@id\":\"https:\\\/\\\/secure.gravatar.com\\\/avatar\\\/37d968a2e67a6fd04c169c4bdef102d0bc5d31b2546345219e348575eb80e9a0?s=96&d=mm&r=g\",\"url\":\"https:\\\/\\\/secure.gravatar.com\\\/avatar\\\/37d968a2e67a6fd04c169c4bdef102d0bc5d31b2546345219e348575eb80e9a0?s=96&d=mm&r=g\",\"contentUrl\":\"https:\\\/\\\/secure.gravatar.com\\\/avatar\\\/37d968a2e67a6fd04c169c4bdef102d0bc5d31b2546345219e348575eb80e9a0?s=96&d=mm&r=g\",\"caption\":\"redazione\"},\"sameAs\":[\"http:\\\/\\\/www.bellunopress.it\",\"https:\\\/\\\/x.com\\\/bellunopress\"],\"url\":\"https:\\\/\\\/www.bellunopress.it\\\/fr\\\/author\\\/redazione\\\/\"}]}<\/script>\n<!-- \/ Yoast SEO plugin. -->","yoast_head_json":{"title":"Cerco lavoro - Bellunopress - Dolomiti","robots":{"index":"index","follow":"follow","max-snippet":"max-snippet:-1","max-image-preview":"max-image-preview:large","max-video-preview":"max-video-preview:-1"},"canonical":"https:\/\/www.bellunopress.it\/fr\/2013\/03\/21\/cerco-lavoro-131\/","og_locale":"fr_FR","og_type":"article","og_title":"Cerco lavoro - Bellunopress - Dolomiti","og_description":"In collaborazione con l&#8217;ufficio Informagiovani del Comune di Belluno, pubblichiamo l&#8217;aggiornamento setti,manale dei concorsi pubblici e bandi di mobilit\u00e0.\u00a0 ULSS 1 \u2013 BELLUNO Concorso pubblico, per titoli ed esami, riservato alle categorie di cui all\u2019art. 1 della L. 12.3.1999, n. 68: \u201cNorme per il diritto al lavoro dei disabili\u201d, per l\u2019assunzione a tempo indeterminato di [&hellip;]","og_url":"https:\/\/www.bellunopress.it\/fr\/2013\/03\/21\/cerco-lavoro-131\/","og_site_name":"Bellunopress - Dolomiti","article_publisher":"https:\/\/www.facebook.com\/profile.php?id=100008943462799","article_published_time":"2013-03-21T13:54:04+00:00","og_image":[{"url":"http:\/\/www.bellunopress.it\/wp-content\/uploads\/2012\/07\/logo-bellunopress-250x250-2012.jpg","type":"","width":"","height":""}],"author":"redazione","twitter_card":"summary_large_image","twitter_creator":"@bellunopress","twitter_site":"@bellunopress","twitter_misc":{"\u00c9crit par":"redazione","Dur\u00e9e de lecture estim\u00e9e":"3 minutes"},"schema":{"@context":"https:\/\/schema.org","@graph":[{"@type":"Article","@id":"https:\/\/www.bellunopress.it\/2013\/03\/21\/cerco-lavoro-131\/#article","isPartOf":{"@id":"https:\/\/www.bellunopress.it\/2013\/03\/21\/cerco-lavoro-131\/"},"author":{"name":"redazione","@id":"https:\/\/www.bellunopress.it\/#\/schema\/person\/79bb06722b37ece1c03d3e94beb30d73"},"headline":"Cerco lavoro","datePublished":"2013-03-21T13:54:04+00:00","mainEntityOfPage":{"@id":"https:\/\/www.bellunopress.it\/2013\/03\/21\/cerco-lavoro-131\/"},"wordCount":701,"publisher":{"@id":"https:\/\/www.bellunopress.it\/#organization"},"articleSection":["Lavoro, Economia, Turismo","Prima Pagina"],"inLanguage":"fr-FR"},{"@type":"WebPage","@id":"https:\/\/www.bellunopress.it\/2013\/03\/21\/cerco-lavoro-131\/","url":"https:\/\/www.bellunopress.it\/2013\/03\/21\/cerco-lavoro-131\/","name":"Cerco lavoro - Bellunopress - Dolomiti","isPartOf":{"@id":"https:\/\/www.bellunopress.it\/#website"},"datePublished":"2013-03-21T13:54:04+00:00","breadcrumb":{"@id":"https:\/\/www.bellunopress.it\/2013\/03\/21\/cerco-lavoro-131\/#breadcrumb"},"inLanguage":"fr-FR","potentialAction":[{"@type":"ReadAction","target":["https:\/\/www.bellunopress.it\/2013\/03\/21\/cerco-lavoro-131\/"]}]},{"@type":"BreadcrumbList","@id":"https:\/\/www.bellunopress.it\/2013\/03\/21\/cerco-lavoro-131\/#breadcrumb","itemListElement":[{"@type":"ListItem","position":1,"name":"Home","item":"https:\/\/www.bellunopress.it\/"},{"@type":"ListItem","position":2,"name":"Cerco lavoro"}]},{"@type":"WebSite","@id":"https:\/\/www.bellunopress.it\/#website","url":"https:\/\/www.bellunopress.it\/","name":"Bellunopress - Dolomiti","description":"e-mail: redazione@bellunopress.it","publisher":{"@id":"https:\/\/www.bellunopress.it\/#organization"},"potentialAction":[{"@type":"SearchAction","target":{"@type":"EntryPoint","urlTemplate":"https:\/\/www.bellunopress.it\/?s={search_term_string}"},"query-input":{"@type":"PropertyValueSpecification","valueRequired":true,"valueName":"search_term_string"}}],"inLanguage":"fr-FR"},{"@type":"Organization","@id":"https:\/\/www.bellunopress.it\/#organization","name":"Bellunopress","url":"https:\/\/www.bellunopress.it\/","logo":{"@type":"ImageObject","inLanguage":"fr-FR","@id":"https:\/\/www.bellunopress.it\/#\/schema\/logo\/image\/","url":"https:\/\/www.bellunopress.it\/wp-content\/uploads\/2011\/05\/cropped-logo-bellunopress-.jpg","contentUrl":"https:\/\/www.bellunopress.it\/wp-content\/uploads\/2011\/05\/cropped-logo-bellunopress-.jpg","width":512,"height":512,"caption":"Bellunopress"},"image":{"@id":"https:\/\/www.bellunopress.it\/#\/schema\/logo\/image\/"},"sameAs":["https:\/\/www.facebook.com\/profile.php?id=100008943462799","https:\/\/x.com\/bellunopress","https:\/\/www.linkedin.com\/hp\/?dnr=JBzUWaJfMUw8vbXJJ2tVW5-I3jZKvC4wsoxE&amp;amp;amp;amp;amp;amp;trk=nav_responsive_tab_home","https:\/\/www.youtube.com\/channel\/UCxL0wu1uN0_3_7hGG0306cw"]},{"@type":"Person","@id":"https:\/\/www.bellunopress.it\/#\/schema\/person\/79bb06722b37ece1c03d3e94beb30d73","name":"r\u00e9daction","image":{"@type":"ImageObject","inLanguage":"fr-FR","@id":"https:\/\/secure.gravatar.com\/avatar\/37d968a2e67a6fd04c169c4bdef102d0bc5d31b2546345219e348575eb80e9a0?s=96&d=mm&r=g","url":"https:\/\/secure.gravatar.com\/avatar\/37d968a2e67a6fd04c169c4bdef102d0bc5d31b2546345219e348575eb80e9a0?s=96&d=mm&r=g","contentUrl":"https:\/\/secure.gravatar.com\/avatar\/37d968a2e67a6fd04c169c4bdef102d0bc5d31b2546345219e348575eb80e9a0?s=96&d=mm&r=g","caption":"redazione"},"sameAs":["http:\/\/www.bellunopress.it","https:\/\/x.com\/bellunopress"],"url":"https:\/\/www.bellunopress.it\/fr\/author\/redazione\/"}]}},"_links":{"self":[{"href":"https:\/\/www.bellunopress.it\/fr\/wp-json\/wp\/v2\/posts\/47784","targetHints":{"allow":["GET"]}}],"collection":[{"href":"https:\/\/www.bellunopress.it\/fr\/wp-json\/wp\/v2\/posts"}],"about":[{"href":"https:\/\/www.bellunopress.it\/fr\/wp-json\/wp\/v2\/types\/post"}],"author":[{"embeddable":true,"href":"https:\/\/www.bellunopress.it\/fr\/wp-json\/wp\/v2\/users\/2"}],"replies":[{"embeddable":true,"href":"https:\/\/www.bellunopress.it\/fr\/wp-json\/wp\/v2\/comments?post=47784"}],"version-history":[{"count":1,"href":"https:\/\/www.bellunopress.it\/fr\/wp-json\/wp\/v2\/posts\/47784\/revisions"}],"predecessor-version":[{"id":47785,"href":"https:\/\/www.bellunopress.it\/fr\/wp-json\/wp\/v2\/posts\/47784\/revisions\/47785"}],"wp:attachment":[{"href":"https:\/\/www.bellunopress.it\/fr\/wp-json\/wp\/v2\/media?parent=47784"}],"wp:term":[{"taxonomy":"category","embeddable":true,"href":"https:\/\/www.bellunopress.it\/fr\/wp-json\/wp\/v2\/categories?post=47784"},{"taxonomy":"post_tag","embeddable":true,"href":"https:\/\/www.bellunopress.it\/fr\/wp-json\/wp\/v2\/tags?post=47784"}],"curies":[{"name":"wp","href":"https:\/\/api.w.org\/{rel}","templated":true}]}}