{"id":47781,"date":"2013-03-21T10:15:54","date_gmt":"2013-03-21T09:15:54","guid":{"rendered":"http:\/\/www.bellunopress.it\/?p=47781"},"modified":"2013-03-21T10:15:54","modified_gmt":"2013-03-21T09:15:54","slug":"disturbi-alimentari-e-anoressia-nel-mondo-della-danza-sabato-al-centro-papa-luciani-la-testimonianza-di-mariafrancesca-garritano-ballerina-della-scala-di-milano","status":"publish","type":"post","link":"https:\/\/www.bellunopress.it\/fr\/2013\/03\/21\/disturbi-alimentari-e-anoressia-nel-mondo-della-danza-sabato-al-centro-papa-luciani-la-testimonianza-di-mariafrancesca-garritano-ballerina-della-scala-di-milano\/","title":{"rendered":"Disturbi alimentari e anoressia nel mondo della danza. Sabato al Centro Papa Luciani la testimonianza di Mariafrancesca Garritano ballerina della Scala di Milano"},"content":{"rendered":"<p>Mariafrancesca Garritano \u00e8 una ballerina de La Scala di Milano che ha scritto il libro \u201cLa verit\u00e0, vi prego, sulla danza\u201d, dove metteva a nudo la condizione delle ballerine, costrette a diete incessanti e destinate a diventare anoressiche, immerse in un mondo fatto di corruzione ed invidia, di lotta intestina tra giovani promesse. Da questa denuncia e da un\u2019intervista all\u2019Observer dove portava avanti le sue convinzioni sui disturbi alimentari delle ballerine de La Scala, \u00e8 arrivato il licenziamento.<\/p>\n<p>La sua storia sar\u00e0 raccontata sabato 23 marzo alle 20.30 al Centro Papa Luciani di Santa Giustina Bellunese. Insieme a Mariafrancesca Garritano, ci sar\u00e0 il prof. Tiziano Izzo, che parler\u00e0 del libro \u201cHai mutato il mio lamento in danza. Per una coreografia della croce\u201d. Mariafrancesca Garritano ha affermato che almeno una ballerina su cinque di quelle che frequentano La Scala sono anoressiche o hanno comunque dei forti disturbi alimentari, situazione questa che comunque non deve essere messa in connessione solo con La Scala ma con il mondo della danza in generale. La danza, e in modo particolare la danza classica, pretende infatti dei fisici non solo asciutti e muscolosi ma anche molto magri, gli unici fisici che sarebbero in grado di realizzare un balletto ad hoc, un balletto perfetto pieno di grazia ed eleganza. Mariafrancesca Garritano ha affermato di amare La Scala, la sua casa da quando aveva solo 16 anni, e di voler denunciare questa situazione proprio a causa di questo amore.<\/p>\n<p>INCONTRI AL CENTRO PAPA LUCIANI<\/p>\n<p>Sabato 23 marzo 2013 \u2013 ore 20.30<\/p>\n<p>Incontro con Mariafrancesca Garritano (Corpo di ballo del Teatro alla Scala) e il prof. Tiziano Izzo (insegnante di religione della Diocesi di Milano)<\/p>\n<p>Presentazione dei libri \u201cLa verit\u00e0, vi prego, sulla danza!\u201d e \u201cHai mutato il mio lamento in danza. Per una coreografia della croce\u201d<\/p>\n<p>Incontro con Mariafrancesca Garritano (Corpo di ballo del Teatro alla Scala) e il prof. Tiziano Izzo (insegnante di religione della Diocesi di Milano)<\/p>\n<p>Presentazione dei libri \u201cLa verit\u00e0, vi prego, sulla danza!\u201d e \u201cHai mutato il mio lamento in danza. Per una coreografia della croce\u201d<\/p>\n<p>CHI E&#8217;<\/p>\n<p>Mary Garret<\/p>\n<p>Mariafrancesca Garritano, Mary Garret nel mondo virtuale, nasce a Cosenza il 7 novembre 1978. Studia danza per gioco sin dall&#8217;et\u00e0 di tre anni nella sua citt\u00e0 natale. All&#8217;et\u00e0 di sedici anni entra nella scuola di ballo del Teatro alla Scala, dove consegue il diploma dopo due anni, ottenendo il punteggio massimo di 29\/30mi e ricevendo il premio Rotary come \u201cMiglior allievo dell&#8217;anno\u201d. Dal 1998 fa parte del Corpo di ballo del Teatro alla Scala, con cui partecipa a tutte le produzioni ricoprendo spesso ruoli principali e solistici. Interviene in numerosi Gal\u00e0 e Festival di danza tra cui Omaggio a Rudolf Nureyev e il Miami International Ballet Festival. Sin da piccola si dedica alla scrittura di diari e racconti, questo \u00e8 il primo che abbia deciso di rendere pubblico.<\/p>\n<p>IL LIBRO \u201cLa verit\u00e0, vi prego, sulla danza!\u201d<\/p>\n<p>Questo libro \u00e8 rivolto a tutti coloro che, non essendo addetti ai lavori, percepiscono il mondo dell&#8217;arte attraverso il proprio intimo sentire e che si stupiscono quando scoprono che non sempre le cose sono come sembrano. \u00c8 rivolto a coloro che avranno voglia di partecipare alla mia riflessione e che, senza attendersi grandi rivelazioni o insegnamenti, scopriranno che un libro sulla<\/p>\n<p>danza pu\u00f2 essere diverso da ci\u00f2 che ci si aspetta. \u00c8 un&#8217;esperienza che, nascendo dai miei ricordi, risente del mio punto di vista. Mentre scrivevo sapevo di non essere sola, sapevo che tutti gli artisti, i danzatori, i musicisti, gli attori, i cantanti e i pittori, almeno una volta nella vita, hanno avuto pensieri simili ai miei. L&#8217;idea di associare delle immagini alle parole sorge dall&#8217;esigenza di comunicare quanto pi\u00f9 possibile e in pi\u00f9 modi possibili. Mai avrei potuto sperare in un risultato migliore di quello ottenuto dalla fotografa Daniela Rende che, in sole quarantotto ore trascorse a contatto con i ballerini, ha colto ci\u00f2 che il tempo aveva offuscato &#8220;restituendomi&#8221;, con i suoi scatti, quella gioia della danza che avevo perduto. Spero che tutto questo riesca ad arrivare al lettore con l&#8217;intensit\u00e0 con cui l&#8217;ho vissuto io.<\/p>\n<p>CHI E&#8217;<\/p>\n<p>Tiziano Izzo<\/p>\n<p>Dopo gli studi teologici compiuti a Napoli, sotto la guida dei padri Gesuiti, si \u00e8 trasferito a Milano dove insegna religione. In questo libro raccoglie parte dell&#8217;attivit\u00e0 didattica che ha svolto lo scorso anno presso il liceo coreutico \u201cPaolo Candiani\u201d di Busto Arsizio dove, in collaborazione con alcuni insegnanti e con alcuni alunni dei corsi di danza, ha cercato di approfondire il valore che questa forma d&#8217;arte pu\u00f2 avere per esprimere il Mistero pasquale.<\/p>\n<p>IL LIBRO \u201cHai mutato il mio lamento in danza. Per una coreografia della croce\u201d<\/p>\n<p>Costruire una Via Crucis partendo dall&#8217;esperienza quotidiana di chi, danzando, accetta di trasformare il proprio corpo in uno strumento capace di comunicare emozioni profonde. Questa la sfida accettata dall&#8217;autore. Una sfida vinta, alla luce di quanto scrive Mariafrancesca Garritano nella sua prefazione: \u00abNon credo proprio che Ges\u00f9 si sarebbe offeso nel sentirsi paragonato, nel suo percorso verso la Croce, a un ballerino che usa tutto il suo corpo per comunicare ci\u00f2 che di pi\u00f9 profondo si porta dentro\u00bb. D&#8217;altra parte \u00e8 lo stesso rito della Via Crucis che, con quel suo spostarsi da una stazione all&#8217;altra, si struttura come una danza costruita per rievocare la passione di Ges\u00f9 e per dar voce al suo immenso dolore.<\/p>","protected":false},"excerpt":{"rendered":"<p>Mariafrancesca Garritano \u00e8 una ballerina de La Scala di Milano che ha scritto il libro \u201cLa verit\u00e0, vi prego, sulla danza\u201d, dove metteva a nudo la condizione delle ballerine, costrette a diete incessanti e destinate a diventare anoressiche, immerse in un mondo fatto di corruzione ed invidia, di lotta intestina tra giovani promesse. Da questa [&hellip;]<\/p>\n","protected":false},"author":2,"featured_media":0,"comment_status":"closed","ping_status":"open","sticky":false,"template":"","format":"standard","meta":{"footnotes":""},"categories":[27,3,25],"tags":[],"class_list":["post-47781","post","type-post","status-publish","format-standard","category-appuntamenti","category-arte-cultura-spettacoli-scienza-archivi","category-pausa-caffe"],"yoast_head":"<!-- This site is optimized with the Yoast SEO plugin v28.4 - https:\/\/yoast.com\/product\/yoast-seo-wordpress\/ -->\n<title>Disturbi alimentari e anoressia nel mondo della danza. Sabato al Centro Papa Luciani la testimonianza di Mariafrancesca Garritano ballerina della Scala di Milano - Bellunopress - Dolomiti<\/title>\n<meta name=\"robots\" content=\"index, follow, max-snippet:-1, max-image-preview:large, max-video-preview:-1\" \/>\n<link rel=\"canonical\" href=\"https:\/\/www.bellunopress.it\/fr\/2013\/03\/21\/disturbi-alimentari-e-anoressia-nel-mondo-della-danza-sabato-al-centro-papa-luciani-la-testimonianza-di-mariafrancesca-garritano-ballerina-della-scala-di-milano\/\" \/>\n<meta property=\"og:locale\" content=\"fr_FR\" \/>\n<meta property=\"og:type\" content=\"article\" \/>\n<meta property=\"og:title\" content=\"Disturbi alimentari e anoressia nel mondo della danza. Sabato al Centro Papa Luciani la testimonianza di Mariafrancesca Garritano ballerina della Scala di Milano - Bellunopress - Dolomiti\" \/>\n<meta property=\"og:description\" content=\"Mariafrancesca Garritano \u00e8 una ballerina de La Scala di Milano che ha scritto il libro \u201cLa verit\u00e0, vi prego, sulla danza\u201d, dove metteva a nudo la condizione delle ballerine, costrette a diete incessanti e destinate a diventare anoressiche, immerse in un mondo fatto di corruzione ed invidia, di lotta intestina tra giovani promesse. Da questa [&hellip;]\" \/>\n<meta property=\"og:url\" content=\"https:\/\/www.bellunopress.it\/fr\/2013\/03\/21\/disturbi-alimentari-e-anoressia-nel-mondo-della-danza-sabato-al-centro-papa-luciani-la-testimonianza-di-mariafrancesca-garritano-ballerina-della-scala-di-milano\/\" \/>\n<meta property=\"og:site_name\" content=\"Bellunopress - Dolomiti\" \/>\n<meta property=\"article:publisher\" content=\"https:\/\/www.facebook.com\/profile.php?id=100008943462799\" \/>\n<meta property=\"article:published_time\" content=\"2013-03-21T09:15:54+00:00\" \/>\n<meta property=\"og:image\" content=\"http:\/\/www.bellunopress.it\/wp-content\/uploads\/2012\/07\/logo-bellunopress-250x250-2012.jpg\" \/>\n<meta name=\"author\" content=\"redazione\" \/>\n<meta name=\"twitter:card\" content=\"summary_large_image\" \/>\n<meta name=\"twitter:creator\" content=\"@bellunopress\" \/>\n<meta name=\"twitter:site\" content=\"@bellunopress\" \/>\n<meta name=\"twitter:label1\" content=\"\u00c9crit par\" \/>\n\t<meta name=\"twitter:data1\" content=\"redazione\" \/>\n\t<meta name=\"twitter:label2\" content=\"Dur\u00e9e de lecture estim\u00e9e\" \/>\n\t<meta name=\"twitter:data2\" content=\"4 minutes\" \/>\n<script type=\"application\/ld+json\" class=\"yoast-schema-graph\">{\"@context\":\"https:\\\/\\\/schema.org\",\"@graph\":[{\"@type\":\"Article\",\"@id\":\"https:\\\/\\\/www.bellunopress.it\\\/2013\\\/03\\\/21\\\/disturbi-alimentari-e-anoressia-nel-mondo-della-danza-sabato-al-centro-papa-luciani-la-testimonianza-di-mariafrancesca-garritano-ballerina-della-scala-di-milano\\\/#article\",\"isPartOf\":{\"@id\":\"https:\\\/\\\/www.bellunopress.it\\\/2013\\\/03\\\/21\\\/disturbi-alimentari-e-anoressia-nel-mondo-della-danza-sabato-al-centro-papa-luciani-la-testimonianza-di-mariafrancesca-garritano-ballerina-della-scala-di-milano\\\/\"},\"author\":{\"name\":\"redazione\",\"@id\":\"https:\\\/\\\/www.bellunopress.it\\\/#\\\/schema\\\/person\\\/79bb06722b37ece1c03d3e94beb30d73\"},\"headline\":\"Disturbi alimentari e anoressia nel mondo della danza. Sabato al Centro Papa Luciani la testimonianza di Mariafrancesca Garritano ballerina della Scala di Milano\",\"datePublished\":\"2013-03-21T09:15:54+00:00\",\"mainEntityOfPage\":{\"@id\":\"https:\\\/\\\/www.bellunopress.it\\\/2013\\\/03\\\/21\\\/disturbi-alimentari-e-anoressia-nel-mondo-della-danza-sabato-al-centro-papa-luciani-la-testimonianza-di-mariafrancesca-garritano-ballerina-della-scala-di-milano\\\/\"},\"wordCount\":912,\"publisher\":{\"@id\":\"https:\\\/\\\/www.bellunopress.it\\\/#organization\"},\"articleSection\":[\"Appuntamenti, Eventi\",\"Arte, Cultura, Spettacoli, Scienza\",\"Pausa Caff\u00e8\"],\"inLanguage\":\"fr-FR\"},{\"@type\":\"WebPage\",\"@id\":\"https:\\\/\\\/www.bellunopress.it\\\/2013\\\/03\\\/21\\\/disturbi-alimentari-e-anoressia-nel-mondo-della-danza-sabato-al-centro-papa-luciani-la-testimonianza-di-mariafrancesca-garritano-ballerina-della-scala-di-milano\\\/\",\"url\":\"https:\\\/\\\/www.bellunopress.it\\\/2013\\\/03\\\/21\\\/disturbi-alimentari-e-anoressia-nel-mondo-della-danza-sabato-al-centro-papa-luciani-la-testimonianza-di-mariafrancesca-garritano-ballerina-della-scala-di-milano\\\/\",\"name\":\"Disturbi alimentari e anoressia nel mondo della danza. Sabato al Centro Papa Luciani la testimonianza di Mariafrancesca Garritano ballerina della Scala di Milano - Bellunopress - Dolomiti\",\"isPartOf\":{\"@id\":\"https:\\\/\\\/www.bellunopress.it\\\/#website\"},\"datePublished\":\"2013-03-21T09:15:54+00:00\",\"breadcrumb\":{\"@id\":\"https:\\\/\\\/www.bellunopress.it\\\/2013\\\/03\\\/21\\\/disturbi-alimentari-e-anoressia-nel-mondo-della-danza-sabato-al-centro-papa-luciani-la-testimonianza-di-mariafrancesca-garritano-ballerina-della-scala-di-milano\\\/#breadcrumb\"},\"inLanguage\":\"fr-FR\",\"potentialAction\":[{\"@type\":\"ReadAction\",\"target\":[\"https:\\\/\\\/www.bellunopress.it\\\/2013\\\/03\\\/21\\\/disturbi-alimentari-e-anoressia-nel-mondo-della-danza-sabato-al-centro-papa-luciani-la-testimonianza-di-mariafrancesca-garritano-ballerina-della-scala-di-milano\\\/\"]}]},{\"@type\":\"BreadcrumbList\",\"@id\":\"https:\\\/\\\/www.bellunopress.it\\\/2013\\\/03\\\/21\\\/disturbi-alimentari-e-anoressia-nel-mondo-della-danza-sabato-al-centro-papa-luciani-la-testimonianza-di-mariafrancesca-garritano-ballerina-della-scala-di-milano\\\/#breadcrumb\",\"itemListElement\":[{\"@type\":\"ListItem\",\"position\":1,\"name\":\"Home\",\"item\":\"https:\\\/\\\/www.bellunopress.it\\\/\"},{\"@type\":\"ListItem\",\"position\":2,\"name\":\"Disturbi alimentari e anoressia nel mondo della danza. Sabato al Centro Papa Luciani la testimonianza di Mariafrancesca Garritano ballerina della Scala di Milano\"}]},{\"@type\":\"WebSite\",\"@id\":\"https:\\\/\\\/www.bellunopress.it\\\/#website\",\"url\":\"https:\\\/\\\/www.bellunopress.it\\\/\",\"name\":\"Bellunopress - Dolomiti\",\"description\":\"e-mail: redazione@bellunopress.it\",\"publisher\":{\"@id\":\"https:\\\/\\\/www.bellunopress.it\\\/#organization\"},\"potentialAction\":[{\"@type\":\"SearchAction\",\"target\":{\"@type\":\"EntryPoint\",\"urlTemplate\":\"https:\\\/\\\/www.bellunopress.it\\\/?s={search_term_string}\"},\"query-input\":{\"@type\":\"PropertyValueSpecification\",\"valueRequired\":true,\"valueName\":\"search_term_string\"}}],\"inLanguage\":\"fr-FR\"},{\"@type\":\"Organization\",\"@id\":\"https:\\\/\\\/www.bellunopress.it\\\/#organization\",\"name\":\"Bellunopress\",\"url\":\"https:\\\/\\\/www.bellunopress.it\\\/\",\"logo\":{\"@type\":\"ImageObject\",\"inLanguage\":\"fr-FR\",\"@id\":\"https:\\\/\\\/www.bellunopress.it\\\/#\\\/schema\\\/logo\\\/image\\\/\",\"url\":\"https:\\\/\\\/www.bellunopress.it\\\/wp-content\\\/uploads\\\/2011\\\/05\\\/cropped-logo-bellunopress-.jpg\",\"contentUrl\":\"https:\\\/\\\/www.bellunopress.it\\\/wp-content\\\/uploads\\\/2011\\\/05\\\/cropped-logo-bellunopress-.jpg\",\"width\":512,\"height\":512,\"caption\":\"Bellunopress\"},\"image\":{\"@id\":\"https:\\\/\\\/www.bellunopress.it\\\/#\\\/schema\\\/logo\\\/image\\\/\"},\"sameAs\":[\"https:\\\/\\\/www.facebook.com\\\/profile.php?id=100008943462799\",\"https:\\\/\\\/x.com\\\/bellunopress\",\"https:\\\/\\\/www.linkedin.com\\\/hp\\\/?dnr=JBzUWaJfMUw8vbXJJ2tVW5-I3jZKvC4wsoxE&amp;amp;amp;amp;amp;amp;trk=nav_responsive_tab_home\",\"https:\\\/\\\/www.youtube.com\\\/channel\\\/UCxL0wu1uN0_3_7hGG0306cw\"]},{\"@type\":\"Person\",\"@id\":\"https:\\\/\\\/www.bellunopress.it\\\/#\\\/schema\\\/person\\\/79bb06722b37ece1c03d3e94beb30d73\",\"name\":\"redazione\",\"image\":{\"@type\":\"ImageObject\",\"inLanguage\":\"fr-FR\",\"@id\":\"https:\\\/\\\/secure.gravatar.com\\\/avatar\\\/37d968a2e67a6fd04c169c4bdef102d0bc5d31b2546345219e348575eb80e9a0?s=96&d=mm&r=g\",\"url\":\"https:\\\/\\\/secure.gravatar.com\\\/avatar\\\/37d968a2e67a6fd04c169c4bdef102d0bc5d31b2546345219e348575eb80e9a0?s=96&d=mm&r=g\",\"contentUrl\":\"https:\\\/\\\/secure.gravatar.com\\\/avatar\\\/37d968a2e67a6fd04c169c4bdef102d0bc5d31b2546345219e348575eb80e9a0?s=96&d=mm&r=g\",\"caption\":\"redazione\"},\"sameAs\":[\"http:\\\/\\\/www.bellunopress.it\",\"https:\\\/\\\/x.com\\\/bellunopress\"],\"url\":\"https:\\\/\\\/www.bellunopress.it\\\/fr\\\/author\\\/redazione\\\/\"}]}<\/script>\n<!-- \/ Yoast SEO plugin. -->","yoast_head_json":{"title":"Disturbi alimentari e anoressia nel mondo della danza. Sabato al Centro Papa Luciani la testimonianza di Mariafrancesca Garritano ballerina della Scala di Milano - Bellunopress - Dolomiti","robots":{"index":"index","follow":"follow","max-snippet":"max-snippet:-1","max-image-preview":"max-image-preview:large","max-video-preview":"max-video-preview:-1"},"canonical":"https:\/\/www.bellunopress.it\/fr\/2013\/03\/21\/disturbi-alimentari-e-anoressia-nel-mondo-della-danza-sabato-al-centro-papa-luciani-la-testimonianza-di-mariafrancesca-garritano-ballerina-della-scala-di-milano\/","og_locale":"fr_FR","og_type":"article","og_title":"Disturbi alimentari e anoressia nel mondo della danza. Sabato al Centro Papa Luciani la testimonianza di Mariafrancesca Garritano ballerina della Scala di Milano - Bellunopress - Dolomiti","og_description":"Mariafrancesca Garritano \u00e8 una ballerina de La Scala di Milano che ha scritto il libro \u201cLa verit\u00e0, vi prego, sulla danza\u201d, dove metteva a nudo la condizione delle ballerine, costrette a diete incessanti e destinate a diventare anoressiche, immerse in un mondo fatto di corruzione ed invidia, di lotta intestina tra giovani promesse. Da questa [&hellip;]","og_url":"https:\/\/www.bellunopress.it\/fr\/2013\/03\/21\/disturbi-alimentari-e-anoressia-nel-mondo-della-danza-sabato-al-centro-papa-luciani-la-testimonianza-di-mariafrancesca-garritano-ballerina-della-scala-di-milano\/","og_site_name":"Bellunopress - Dolomiti","article_publisher":"https:\/\/www.facebook.com\/profile.php?id=100008943462799","article_published_time":"2013-03-21T09:15:54+00:00","og_image":[{"url":"http:\/\/www.bellunopress.it\/wp-content\/uploads\/2012\/07\/logo-bellunopress-250x250-2012.jpg","type":"","width":"","height":""}],"author":"redazione","twitter_card":"summary_large_image","twitter_creator":"@bellunopress","twitter_site":"@bellunopress","twitter_misc":{"\u00c9crit par":"redazione","Dur\u00e9e de lecture estim\u00e9e":"4 minutes"},"schema":{"@context":"https:\/\/schema.org","@graph":[{"@type":"Article","@id":"https:\/\/www.bellunopress.it\/2013\/03\/21\/disturbi-alimentari-e-anoressia-nel-mondo-della-danza-sabato-al-centro-papa-luciani-la-testimonianza-di-mariafrancesca-garritano-ballerina-della-scala-di-milano\/#article","isPartOf":{"@id":"https:\/\/www.bellunopress.it\/2013\/03\/21\/disturbi-alimentari-e-anoressia-nel-mondo-della-danza-sabato-al-centro-papa-luciani-la-testimonianza-di-mariafrancesca-garritano-ballerina-della-scala-di-milano\/"},"author":{"name":"redazione","@id":"https:\/\/www.bellunopress.it\/#\/schema\/person\/79bb06722b37ece1c03d3e94beb30d73"},"headline":"Disturbi alimentari e anoressia nel mondo della danza. Sabato al Centro Papa Luciani la testimonianza di Mariafrancesca Garritano ballerina della Scala di Milano","datePublished":"2013-03-21T09:15:54+00:00","mainEntityOfPage":{"@id":"https:\/\/www.bellunopress.it\/2013\/03\/21\/disturbi-alimentari-e-anoressia-nel-mondo-della-danza-sabato-al-centro-papa-luciani-la-testimonianza-di-mariafrancesca-garritano-ballerina-della-scala-di-milano\/"},"wordCount":912,"publisher":{"@id":"https:\/\/www.bellunopress.it\/#organization"},"articleSection":["Appuntamenti, Eventi","Arte, Cultura, Spettacoli, Scienza","Pausa Caff\u00e8"],"inLanguage":"fr-FR"},{"@type":"WebPage","@id":"https:\/\/www.bellunopress.it\/2013\/03\/21\/disturbi-alimentari-e-anoressia-nel-mondo-della-danza-sabato-al-centro-papa-luciani-la-testimonianza-di-mariafrancesca-garritano-ballerina-della-scala-di-milano\/","url":"https:\/\/www.bellunopress.it\/2013\/03\/21\/disturbi-alimentari-e-anoressia-nel-mondo-della-danza-sabato-al-centro-papa-luciani-la-testimonianza-di-mariafrancesca-garritano-ballerina-della-scala-di-milano\/","name":"Disturbi alimentari e anoressia nel mondo della danza. Sabato al Centro Papa Luciani la testimonianza di Mariafrancesca Garritano ballerina della Scala di Milano - Bellunopress - Dolomiti","isPartOf":{"@id":"https:\/\/www.bellunopress.it\/#website"},"datePublished":"2013-03-21T09:15:54+00:00","breadcrumb":{"@id":"https:\/\/www.bellunopress.it\/2013\/03\/21\/disturbi-alimentari-e-anoressia-nel-mondo-della-danza-sabato-al-centro-papa-luciani-la-testimonianza-di-mariafrancesca-garritano-ballerina-della-scala-di-milano\/#breadcrumb"},"inLanguage":"fr-FR","potentialAction":[{"@type":"ReadAction","target":["https:\/\/www.bellunopress.it\/2013\/03\/21\/disturbi-alimentari-e-anoressia-nel-mondo-della-danza-sabato-al-centro-papa-luciani-la-testimonianza-di-mariafrancesca-garritano-ballerina-della-scala-di-milano\/"]}]},{"@type":"BreadcrumbList","@id":"https:\/\/www.bellunopress.it\/2013\/03\/21\/disturbi-alimentari-e-anoressia-nel-mondo-della-danza-sabato-al-centro-papa-luciani-la-testimonianza-di-mariafrancesca-garritano-ballerina-della-scala-di-milano\/#breadcrumb","itemListElement":[{"@type":"ListItem","position":1,"name":"Home","item":"https:\/\/www.bellunopress.it\/"},{"@type":"ListItem","position":2,"name":"Disturbi alimentari e anoressia nel mondo della danza. Sabato al Centro Papa Luciani la testimonianza di Mariafrancesca Garritano ballerina della Scala di Milano"}]},{"@type":"WebSite","@id":"https:\/\/www.bellunopress.it\/#website","url":"https:\/\/www.bellunopress.it\/","name":"Bellunopress - Dolomiti","description":"e-mail: redazione@bellunopress.it","publisher":{"@id":"https:\/\/www.bellunopress.it\/#organization"},"potentialAction":[{"@type":"SearchAction","target":{"@type":"EntryPoint","urlTemplate":"https:\/\/www.bellunopress.it\/?s={search_term_string}"},"query-input":{"@type":"PropertyValueSpecification","valueRequired":true,"valueName":"search_term_string"}}],"inLanguage":"fr-FR"},{"@type":"Organization","@id":"https:\/\/www.bellunopress.it\/#organization","name":"Bellunopress","url":"https:\/\/www.bellunopress.it\/","logo":{"@type":"ImageObject","inLanguage":"fr-FR","@id":"https:\/\/www.bellunopress.it\/#\/schema\/logo\/image\/","url":"https:\/\/www.bellunopress.it\/wp-content\/uploads\/2011\/05\/cropped-logo-bellunopress-.jpg","contentUrl":"https:\/\/www.bellunopress.it\/wp-content\/uploads\/2011\/05\/cropped-logo-bellunopress-.jpg","width":512,"height":512,"caption":"Bellunopress"},"image":{"@id":"https:\/\/www.bellunopress.it\/#\/schema\/logo\/image\/"},"sameAs":["https:\/\/www.facebook.com\/profile.php?id=100008943462799","https:\/\/x.com\/bellunopress","https:\/\/www.linkedin.com\/hp\/?dnr=JBzUWaJfMUw8vbXJJ2tVW5-I3jZKvC4wsoxE&amp;amp;amp;amp;amp;amp;trk=nav_responsive_tab_home","https:\/\/www.youtube.com\/channel\/UCxL0wu1uN0_3_7hGG0306cw"]},{"@type":"Person","@id":"https:\/\/www.bellunopress.it\/#\/schema\/person\/79bb06722b37ece1c03d3e94beb30d73","name":"r\u00e9daction","image":{"@type":"ImageObject","inLanguage":"fr-FR","@id":"https:\/\/secure.gravatar.com\/avatar\/37d968a2e67a6fd04c169c4bdef102d0bc5d31b2546345219e348575eb80e9a0?s=96&d=mm&r=g","url":"https:\/\/secure.gravatar.com\/avatar\/37d968a2e67a6fd04c169c4bdef102d0bc5d31b2546345219e348575eb80e9a0?s=96&d=mm&r=g","contentUrl":"https:\/\/secure.gravatar.com\/avatar\/37d968a2e67a6fd04c169c4bdef102d0bc5d31b2546345219e348575eb80e9a0?s=96&d=mm&r=g","caption":"redazione"},"sameAs":["http:\/\/www.bellunopress.it","https:\/\/x.com\/bellunopress"],"url":"https:\/\/www.bellunopress.it\/fr\/author\/redazione\/"}]}},"_links":{"self":[{"href":"https:\/\/www.bellunopress.it\/fr\/wp-json\/wp\/v2\/posts\/47781","targetHints":{"allow":["GET"]}}],"collection":[{"href":"https:\/\/www.bellunopress.it\/fr\/wp-json\/wp\/v2\/posts"}],"about":[{"href":"https:\/\/www.bellunopress.it\/fr\/wp-json\/wp\/v2\/types\/post"}],"author":[{"embeddable":true,"href":"https:\/\/www.bellunopress.it\/fr\/wp-json\/wp\/v2\/users\/2"}],"replies":[{"embeddable":true,"href":"https:\/\/www.bellunopress.it\/fr\/wp-json\/wp\/v2\/comments?post=47781"}],"version-history":[{"count":1,"href":"https:\/\/www.bellunopress.it\/fr\/wp-json\/wp\/v2\/posts\/47781\/revisions"}],"predecessor-version":[{"id":47782,"href":"https:\/\/www.bellunopress.it\/fr\/wp-json\/wp\/v2\/posts\/47781\/revisions\/47782"}],"wp:attachment":[{"href":"https:\/\/www.bellunopress.it\/fr\/wp-json\/wp\/v2\/media?parent=47781"}],"wp:term":[{"taxonomy":"category","embeddable":true,"href":"https:\/\/www.bellunopress.it\/fr\/wp-json\/wp\/v2\/categories?post=47781"},{"taxonomy":"post_tag","embeddable":true,"href":"https:\/\/www.bellunopress.it\/fr\/wp-json\/wp\/v2\/tags?post=47781"}],"curies":[{"name":"wp","href":"https:\/\/api.w.org\/{rel}","templated":true}]}}