{"id":47779,"date":"2013-03-21T09:34:08","date_gmt":"2013-03-21T08:34:08","guid":{"rendered":"http:\/\/www.bellunopress.it\/?p=47779"},"modified":"2013-03-21T09:34:08","modified_gmt":"2013-03-21T08:34:08","slug":"sabato-23-marzo-alle-ore-20-30-scocca-learth-hour-si-spengono-le-luci-il-comune-di-belluno-aderisce-alliniziativa-del-wwf","status":"publish","type":"post","link":"https:\/\/www.bellunopress.it\/fr\/2013\/03\/21\/sabato-23-marzo-alle-ore-20-30-scocca-learth-hour-si-spengono-le-luci-il-comune-di-belluno-aderisce-alliniziativa-del-wwf\/","title":{"rendered":"Sabato 23 marzo alle ore 20.30 scocca l&#8217;Earth Hour, si spengono le luci. Il Comune di Belluno aderisce all&#8217;iniziativa del Wwf"},"content":{"rendered":"<p>Mancano 3 giorni all&#8217; \u201cEarth Hour\u201d, fissato per le 20.30 di sabato 23 marzo, quando tutto il pianeta si spegner\u00e0 simbolicamente per un&#8217;ora, nel grande evento mondiale organizzato dal WWF e giunto alla sua settima edizione.<\/p>\n<p>Anche quest&#8217;anno il Comune di Belluno aderir\u00e0, con lo spegnimento della facciata di Palazzo Rosso, solitamente illuminata, in notturna, da due fari, assieme a milioni di persone che, dalle 20.30 alle 21.30, spegneranno la luce: grandi citt\u00e0 con i loro monumenti, piccoli Comuni, aziende private e singoli cittadini nelle loro case, uniti per sessanta minuti dall&#8217;evento globale del WWF.<\/p>\n<p>Un piccolo gesto, per accendere un messaggio che, seguendo i diversi fusi orari, risuoner\u00e0 in ogni angolo del Pianeta: dopo la prima edizione 2007, che ha coinvolto la sola citt\u00e0 di Sidney, la \u2018ola\u2019 di buio si \u00e8 diffusa in ogni angolo del pianeta. Nel 2012 le citt\u00e0 coinvolte sono state pi\u00f9 di 7000 in 152 paesi del mondo, con oltre 2 miliardi di partecipanti, 154 imprese coinvolte e pi\u00f9 di 4,64 milioni di visualizzazioni sul canale www.youtube\/earthhour.<\/p>\n<p>In Italia hanno partecipato 400 citt\u00e0: si sono spenti luoghi simbolo, tra cui la facciata e la Cupola della Basilica di S. Pietro, il Teatro Alla Scala di Milano, piazza S. Marco a Venezia, la Torre di Pisa, Duomo, Battistero e Ponte Vecchio a Firenze, la Mole Antonelliana a Torino, i Sassi di Matera, l\u2019Acquario di Genova e molto altro.<\/p>\n<p>L&#8217;invito per tutti, per il 2013, \u00e8 ad aderire e accettare la sfida, perch\u00e9, secondo gli studi, per mantenere l&#8217;attuale stile di vita, si stanno divorando le risorse di un pianeta e mezzo: occorre lavorare per adottare e diffondere uno stile di vita sostenibile, ponendo attenzione, per fare qualche esempio, all&#8217;alimentazione, all&#8217;energia che consumiamo e a come ci spostiamo.<\/p>\n<p>Cos\u00ec, Earth Hour diventa molto di pi\u00f9 di un\u2019azione simbolica: sar\u00e0 un gesto continuo che porta ad azioni reali, grandi e piccole, che stanno cambiando il Pianeta sul quale viviamo.<\/p>\n<p>www.earthhour.org &#8211; www.wwf.it<\/p>","protected":false},"excerpt":{"rendered":"<p>Mancano 3 giorni all&#8217; \u201cEarth Hour\u201d, fissato per le 20.30 di sabato 23 marzo, quando tutto il pianeta si spegner\u00e0 simbolicamente per un&#8217;ora, nel grande evento mondiale organizzato dal WWF e giunto alla sua settima edizione. Anche quest&#8217;anno il Comune di Belluno aderir\u00e0, con lo spegnimento della facciata di Palazzo Rosso, solitamente illuminata, in notturna, [&hellip;]<\/p>\n","protected":false},"author":2,"featured_media":0,"comment_status":"closed","ping_status":"open","sticky":false,"template":"","format":"standard","meta":{"footnotes":""},"categories":[27,25],"tags":[],"class_list":["post-47779","post","type-post","status-publish","format-standard","category-appuntamenti","category-pausa-caffe"],"yoast_head":"<!-- This site is optimized with the Yoast SEO plugin v28.4 - https:\/\/yoast.com\/product\/yoast-seo-wordpress\/ -->\n<title>Sabato 23 marzo alle ore 20.30 scocca l&#039;Earth Hour, si spengono le luci. Il Comune di Belluno aderisce all&#039;iniziativa del Wwf - Bellunopress - Dolomiti<\/title>\n<meta name=\"robots\" content=\"index, follow, max-snippet:-1, max-image-preview:large, max-video-preview:-1\" \/>\n<link rel=\"canonical\" href=\"https:\/\/www.bellunopress.it\/fr\/2013\/03\/21\/sabato-23-marzo-alle-ore-20-30-scocca-learth-hour-si-spengono-le-luci-il-comune-di-belluno-aderisce-alliniziativa-del-wwf\/\" \/>\n<meta property=\"og:locale\" content=\"fr_FR\" \/>\n<meta property=\"og:type\" content=\"article\" \/>\n<meta property=\"og:title\" content=\"Sabato 23 marzo alle ore 20.30 scocca l&#039;Earth Hour, si spengono le luci. Il Comune di Belluno aderisce all&#039;iniziativa del Wwf - Bellunopress - Dolomiti\" \/>\n<meta property=\"og:description\" content=\"Mancano 3 giorni all&#8217; \u201cEarth Hour\u201d, fissato per le 20.30 di sabato 23 marzo, quando tutto il pianeta si spegner\u00e0 simbolicamente per un&#8217;ora, nel grande evento mondiale organizzato dal WWF e giunto alla sua settima edizione. Anche quest&#8217;anno il Comune di Belluno aderir\u00e0, con lo spegnimento della facciata di Palazzo Rosso, solitamente illuminata, in notturna, [&hellip;]\" \/>\n<meta property=\"og:url\" content=\"https:\/\/www.bellunopress.it\/fr\/2013\/03\/21\/sabato-23-marzo-alle-ore-20-30-scocca-learth-hour-si-spengono-le-luci-il-comune-di-belluno-aderisce-alliniziativa-del-wwf\/\" \/>\n<meta property=\"og:site_name\" content=\"Bellunopress - Dolomiti\" \/>\n<meta property=\"article:publisher\" content=\"https:\/\/www.facebook.com\/profile.php?id=100008943462799\" \/>\n<meta property=\"article:published_time\" content=\"2013-03-21T08:34:08+00:00\" \/>\n<meta property=\"og:image\" content=\"http:\/\/www.bellunopress.it\/wp-content\/uploads\/2012\/07\/logo-bellunopress-250x250-2012.jpg\" \/>\n<meta name=\"author\" content=\"redazione\" \/>\n<meta name=\"twitter:card\" content=\"summary_large_image\" \/>\n<meta name=\"twitter:creator\" content=\"@bellunopress\" \/>\n<meta name=\"twitter:site\" content=\"@bellunopress\" \/>\n<meta name=\"twitter:label1\" content=\"Written by\" \/>\n\t<meta name=\"twitter:data1\" content=\"redazione\" \/>\n\t<meta name=\"twitter:label2\" content=\"Est. reading time\" \/>\n\t<meta name=\"twitter:data2\" content=\"2 minutes\" \/>\n<script type=\"application\/ld+json\" class=\"yoast-schema-graph\">{\"@context\":\"https:\\\/\\\/schema.org\",\"@graph\":[{\"@type\":\"Article\",\"@id\":\"https:\\\/\\\/www.bellunopress.it\\\/2013\\\/03\\\/21\\\/sabato-23-marzo-alle-ore-20-30-scocca-learth-hour-si-spengono-le-luci-il-comune-di-belluno-aderisce-alliniziativa-del-wwf\\\/#article\",\"isPartOf\":{\"@id\":\"https:\\\/\\\/www.bellunopress.it\\\/2013\\\/03\\\/21\\\/sabato-23-marzo-alle-ore-20-30-scocca-learth-hour-si-spengono-le-luci-il-comune-di-belluno-aderisce-alliniziativa-del-wwf\\\/\"},\"author\":{\"name\":\"redazione\",\"@id\":\"https:\\\/\\\/www.bellunopress.it\\\/#\\\/schema\\\/person\\\/79bb06722b37ece1c03d3e94beb30d73\"},\"headline\":\"Sabato 23 marzo alle ore 20.30 scocca l&#8217;Earth Hour, si spengono le luci. Il Comune di Belluno aderisce all&#8217;iniziativa del Wwf\",\"datePublished\":\"2013-03-21T08:34:08+00:00\",\"mainEntityOfPage\":{\"@id\":\"https:\\\/\\\/www.bellunopress.it\\\/2013\\\/03\\\/21\\\/sabato-23-marzo-alle-ore-20-30-scocca-learth-hour-si-spengono-le-luci-il-comune-di-belluno-aderisce-alliniziativa-del-wwf\\\/\"},\"wordCount\":345,\"publisher\":{\"@id\":\"https:\\\/\\\/www.bellunopress.it\\\/#organization\"},\"articleSection\":[\"Appuntamenti, Eventi\",\"Pausa Caff\u00e8\"],\"inLanguage\":\"fr-FR\"},{\"@type\":\"WebPage\",\"@id\":\"https:\\\/\\\/www.bellunopress.it\\\/2013\\\/03\\\/21\\\/sabato-23-marzo-alle-ore-20-30-scocca-learth-hour-si-spengono-le-luci-il-comune-di-belluno-aderisce-alliniziativa-del-wwf\\\/\",\"url\":\"https:\\\/\\\/www.bellunopress.it\\\/2013\\\/03\\\/21\\\/sabato-23-marzo-alle-ore-20-30-scocca-learth-hour-si-spengono-le-luci-il-comune-di-belluno-aderisce-alliniziativa-del-wwf\\\/\",\"name\":\"Sabato 23 marzo alle ore 20.30 scocca l'Earth Hour, si spengono le luci. Il Comune di Belluno aderisce all'iniziativa del Wwf - Bellunopress - Dolomiti\",\"isPartOf\":{\"@id\":\"https:\\\/\\\/www.bellunopress.it\\\/#website\"},\"datePublished\":\"2013-03-21T08:34:08+00:00\",\"breadcrumb\":{\"@id\":\"https:\\\/\\\/www.bellunopress.it\\\/2013\\\/03\\\/21\\\/sabato-23-marzo-alle-ore-20-30-scocca-learth-hour-si-spengono-le-luci-il-comune-di-belluno-aderisce-alliniziativa-del-wwf\\\/#breadcrumb\"},\"inLanguage\":\"fr-FR\",\"potentialAction\":[{\"@type\":\"ReadAction\",\"target\":[\"https:\\\/\\\/www.bellunopress.it\\\/2013\\\/03\\\/21\\\/sabato-23-marzo-alle-ore-20-30-scocca-learth-hour-si-spengono-le-luci-il-comune-di-belluno-aderisce-alliniziativa-del-wwf\\\/\"]}]},{\"@type\":\"BreadcrumbList\",\"@id\":\"https:\\\/\\\/www.bellunopress.it\\\/2013\\\/03\\\/21\\\/sabato-23-marzo-alle-ore-20-30-scocca-learth-hour-si-spengono-le-luci-il-comune-di-belluno-aderisce-alliniziativa-del-wwf\\\/#breadcrumb\",\"itemListElement\":[{\"@type\":\"ListItem\",\"position\":1,\"name\":\"Home\",\"item\":\"https:\\\/\\\/www.bellunopress.it\\\/\"},{\"@type\":\"ListItem\",\"position\":2,\"name\":\"Sabato 23 marzo alle ore 20.30 scocca l&#8217;Earth Hour, si spengono le luci. Il Comune di Belluno aderisce all&#8217;iniziativa del Wwf\"}]},{\"@type\":\"WebSite\",\"@id\":\"https:\\\/\\\/www.bellunopress.it\\\/#website\",\"url\":\"https:\\\/\\\/www.bellunopress.it\\\/\",\"name\":\"Bellunopress - Dolomiti\",\"description\":\"e-mail: redazione@bellunopress.it\",\"publisher\":{\"@id\":\"https:\\\/\\\/www.bellunopress.it\\\/#organization\"},\"potentialAction\":[{\"@type\":\"SearchAction\",\"target\":{\"@type\":\"EntryPoint\",\"urlTemplate\":\"https:\\\/\\\/www.bellunopress.it\\\/?s={search_term_string}\"},\"query-input\":{\"@type\":\"PropertyValueSpecification\",\"valueRequired\":true,\"valueName\":\"search_term_string\"}}],\"inLanguage\":\"fr-FR\"},{\"@type\":\"Organization\",\"@id\":\"https:\\\/\\\/www.bellunopress.it\\\/#organization\",\"name\":\"Bellunopress\",\"url\":\"https:\\\/\\\/www.bellunopress.it\\\/\",\"logo\":{\"@type\":\"ImageObject\",\"inLanguage\":\"fr-FR\",\"@id\":\"https:\\\/\\\/www.bellunopress.it\\\/#\\\/schema\\\/logo\\\/image\\\/\",\"url\":\"https:\\\/\\\/www.bellunopress.it\\\/wp-content\\\/uploads\\\/2011\\\/05\\\/cropped-logo-bellunopress-.jpg\",\"contentUrl\":\"https:\\\/\\\/www.bellunopress.it\\\/wp-content\\\/uploads\\\/2011\\\/05\\\/cropped-logo-bellunopress-.jpg\",\"width\":512,\"height\":512,\"caption\":\"Bellunopress\"},\"image\":{\"@id\":\"https:\\\/\\\/www.bellunopress.it\\\/#\\\/schema\\\/logo\\\/image\\\/\"},\"sameAs\":[\"https:\\\/\\\/www.facebook.com\\\/profile.php?id=100008943462799\",\"https:\\\/\\\/x.com\\\/bellunopress\",\"https:\\\/\\\/www.linkedin.com\\\/hp\\\/?dnr=JBzUWaJfMUw8vbXJJ2tVW5-I3jZKvC4wsoxE&amp;amp;amp;amp;amp;amp;trk=nav_responsive_tab_home\",\"https:\\\/\\\/www.youtube.com\\\/channel\\\/UCxL0wu1uN0_3_7hGG0306cw\"]},{\"@type\":\"Person\",\"@id\":\"https:\\\/\\\/www.bellunopress.it\\\/#\\\/schema\\\/person\\\/79bb06722b37ece1c03d3e94beb30d73\",\"name\":\"redazione\",\"image\":{\"@type\":\"ImageObject\",\"inLanguage\":\"fr-FR\",\"@id\":\"https:\\\/\\\/secure.gravatar.com\\\/avatar\\\/37d968a2e67a6fd04c169c4bdef102d0bc5d31b2546345219e348575eb80e9a0?s=96&d=mm&r=g\",\"url\":\"https:\\\/\\\/secure.gravatar.com\\\/avatar\\\/37d968a2e67a6fd04c169c4bdef102d0bc5d31b2546345219e348575eb80e9a0?s=96&d=mm&r=g\",\"contentUrl\":\"https:\\\/\\\/secure.gravatar.com\\\/avatar\\\/37d968a2e67a6fd04c169c4bdef102d0bc5d31b2546345219e348575eb80e9a0?s=96&d=mm&r=g\",\"caption\":\"redazione\"},\"sameAs\":[\"http:\\\/\\\/www.bellunopress.it\",\"https:\\\/\\\/x.com\\\/bellunopress\"],\"url\":\"https:\\\/\\\/www.bellunopress.it\\\/fr\\\/author\\\/redazione\\\/\"}]}<\/script>\n<!-- \/ Yoast SEO plugin. -->","yoast_head_json":{"title":"Sabato 23 marzo alle ore 20.30 scocca l'Earth Hour, si spengono le luci. Il Comune di Belluno aderisce all'iniziativa del Wwf - Bellunopress - Dolomiti","robots":{"index":"index","follow":"follow","max-snippet":"max-snippet:-1","max-image-preview":"max-image-preview:large","max-video-preview":"max-video-preview:-1"},"canonical":"https:\/\/www.bellunopress.it\/fr\/2013\/03\/21\/sabato-23-marzo-alle-ore-20-30-scocca-learth-hour-si-spengono-le-luci-il-comune-di-belluno-aderisce-alliniziativa-del-wwf\/","og_locale":"fr_FR","og_type":"article","og_title":"Sabato 23 marzo alle ore 20.30 scocca l'Earth Hour, si spengono le luci. Il Comune di Belluno aderisce all'iniziativa del Wwf - Bellunopress - Dolomiti","og_description":"Mancano 3 giorni all&#8217; \u201cEarth Hour\u201d, fissato per le 20.30 di sabato 23 marzo, quando tutto il pianeta si spegner\u00e0 simbolicamente per un&#8217;ora, nel grande evento mondiale organizzato dal WWF e giunto alla sua settima edizione. Anche quest&#8217;anno il Comune di Belluno aderir\u00e0, con lo spegnimento della facciata di Palazzo Rosso, solitamente illuminata, in notturna, [&hellip;]","og_url":"https:\/\/www.bellunopress.it\/fr\/2013\/03\/21\/sabato-23-marzo-alle-ore-20-30-scocca-learth-hour-si-spengono-le-luci-il-comune-di-belluno-aderisce-alliniziativa-del-wwf\/","og_site_name":"Bellunopress - Dolomiti","article_publisher":"https:\/\/www.facebook.com\/profile.php?id=100008943462799","article_published_time":"2013-03-21T08:34:08+00:00","og_image":[{"url":"http:\/\/www.bellunopress.it\/wp-content\/uploads\/2012\/07\/logo-bellunopress-250x250-2012.jpg","type":"","width":"","height":""}],"author":"redazione","twitter_card":"summary_large_image","twitter_creator":"@bellunopress","twitter_site":"@bellunopress","twitter_misc":{"Written by":"redazione","Est. reading time":"2 minutes"},"schema":{"@context":"https:\/\/schema.org","@graph":[{"@type":"Article","@id":"https:\/\/www.bellunopress.it\/2013\/03\/21\/sabato-23-marzo-alle-ore-20-30-scocca-learth-hour-si-spengono-le-luci-il-comune-di-belluno-aderisce-alliniziativa-del-wwf\/#article","isPartOf":{"@id":"https:\/\/www.bellunopress.it\/2013\/03\/21\/sabato-23-marzo-alle-ore-20-30-scocca-learth-hour-si-spengono-le-luci-il-comune-di-belluno-aderisce-alliniziativa-del-wwf\/"},"author":{"name":"redazione","@id":"https:\/\/www.bellunopress.it\/#\/schema\/person\/79bb06722b37ece1c03d3e94beb30d73"},"headline":"Sabato 23 marzo alle ore 20.30 scocca l&#8217;Earth Hour, si spengono le luci. Il Comune di Belluno aderisce all&#8217;iniziativa del Wwf","datePublished":"2013-03-21T08:34:08+00:00","mainEntityOfPage":{"@id":"https:\/\/www.bellunopress.it\/2013\/03\/21\/sabato-23-marzo-alle-ore-20-30-scocca-learth-hour-si-spengono-le-luci-il-comune-di-belluno-aderisce-alliniziativa-del-wwf\/"},"wordCount":345,"publisher":{"@id":"https:\/\/www.bellunopress.it\/#organization"},"articleSection":["Appuntamenti, Eventi","Pausa Caff\u00e8"],"inLanguage":"fr-FR"},{"@type":"WebPage","@id":"https:\/\/www.bellunopress.it\/2013\/03\/21\/sabato-23-marzo-alle-ore-20-30-scocca-learth-hour-si-spengono-le-luci-il-comune-di-belluno-aderisce-alliniziativa-del-wwf\/","url":"https:\/\/www.bellunopress.it\/2013\/03\/21\/sabato-23-marzo-alle-ore-20-30-scocca-learth-hour-si-spengono-le-luci-il-comune-di-belluno-aderisce-alliniziativa-del-wwf\/","name":"Sabato 23 marzo alle ore 20.30 scocca l'Earth Hour, si spengono le luci. Il Comune di Belluno aderisce all'iniziativa del Wwf - Bellunopress - Dolomiti","isPartOf":{"@id":"https:\/\/www.bellunopress.it\/#website"},"datePublished":"2013-03-21T08:34:08+00:00","breadcrumb":{"@id":"https:\/\/www.bellunopress.it\/2013\/03\/21\/sabato-23-marzo-alle-ore-20-30-scocca-learth-hour-si-spengono-le-luci-il-comune-di-belluno-aderisce-alliniziativa-del-wwf\/#breadcrumb"},"inLanguage":"fr-FR","potentialAction":[{"@type":"ReadAction","target":["https:\/\/www.bellunopress.it\/2013\/03\/21\/sabato-23-marzo-alle-ore-20-30-scocca-learth-hour-si-spengono-le-luci-il-comune-di-belluno-aderisce-alliniziativa-del-wwf\/"]}]},{"@type":"BreadcrumbList","@id":"https:\/\/www.bellunopress.it\/2013\/03\/21\/sabato-23-marzo-alle-ore-20-30-scocca-learth-hour-si-spengono-le-luci-il-comune-di-belluno-aderisce-alliniziativa-del-wwf\/#breadcrumb","itemListElement":[{"@type":"ListItem","position":1,"name":"Home","item":"https:\/\/www.bellunopress.it\/"},{"@type":"ListItem","position":2,"name":"Sabato 23 marzo alle ore 20.30 scocca l&#8217;Earth Hour, si spengono le luci. Il Comune di Belluno aderisce all&#8217;iniziativa del Wwf"}]},{"@type":"WebSite","@id":"https:\/\/www.bellunopress.it\/#website","url":"https:\/\/www.bellunopress.it\/","name":"Bellunopress - Dolomiti","description":"e-mail: redazione@bellunopress.it","publisher":{"@id":"https:\/\/www.bellunopress.it\/#organization"},"potentialAction":[{"@type":"SearchAction","target":{"@type":"EntryPoint","urlTemplate":"https:\/\/www.bellunopress.it\/?s={search_term_string}"},"query-input":{"@type":"PropertyValueSpecification","valueRequired":true,"valueName":"search_term_string"}}],"inLanguage":"fr-FR"},{"@type":"Organization","@id":"https:\/\/www.bellunopress.it\/#organization","name":"Bellunopress","url":"https:\/\/www.bellunopress.it\/","logo":{"@type":"ImageObject","inLanguage":"fr-FR","@id":"https:\/\/www.bellunopress.it\/#\/schema\/logo\/image\/","url":"https:\/\/www.bellunopress.it\/wp-content\/uploads\/2011\/05\/cropped-logo-bellunopress-.jpg","contentUrl":"https:\/\/www.bellunopress.it\/wp-content\/uploads\/2011\/05\/cropped-logo-bellunopress-.jpg","width":512,"height":512,"caption":"Bellunopress"},"image":{"@id":"https:\/\/www.bellunopress.it\/#\/schema\/logo\/image\/"},"sameAs":["https:\/\/www.facebook.com\/profile.php?id=100008943462799","https:\/\/x.com\/bellunopress","https:\/\/www.linkedin.com\/hp\/?dnr=JBzUWaJfMUw8vbXJJ2tVW5-I3jZKvC4wsoxE&amp;amp;amp;amp;amp;amp;trk=nav_responsive_tab_home","https:\/\/www.youtube.com\/channel\/UCxL0wu1uN0_3_7hGG0306cw"]},{"@type":"Person","@id":"https:\/\/www.bellunopress.it\/#\/schema\/person\/79bb06722b37ece1c03d3e94beb30d73","name":"r\u00e9daction","image":{"@type":"ImageObject","inLanguage":"fr-FR","@id":"https:\/\/secure.gravatar.com\/avatar\/37d968a2e67a6fd04c169c4bdef102d0bc5d31b2546345219e348575eb80e9a0?s=96&d=mm&r=g","url":"https:\/\/secure.gravatar.com\/avatar\/37d968a2e67a6fd04c169c4bdef102d0bc5d31b2546345219e348575eb80e9a0?s=96&d=mm&r=g","contentUrl":"https:\/\/secure.gravatar.com\/avatar\/37d968a2e67a6fd04c169c4bdef102d0bc5d31b2546345219e348575eb80e9a0?s=96&d=mm&r=g","caption":"redazione"},"sameAs":["http:\/\/www.bellunopress.it","https:\/\/x.com\/bellunopress"],"url":"https:\/\/www.bellunopress.it\/fr\/author\/redazione\/"}]}},"_links":{"self":[{"href":"https:\/\/www.bellunopress.it\/fr\/wp-json\/wp\/v2\/posts\/47779","targetHints":{"allow":["GET"]}}],"collection":[{"href":"https:\/\/www.bellunopress.it\/fr\/wp-json\/wp\/v2\/posts"}],"about":[{"href":"https:\/\/www.bellunopress.it\/fr\/wp-json\/wp\/v2\/types\/post"}],"author":[{"embeddable":true,"href":"https:\/\/www.bellunopress.it\/fr\/wp-json\/wp\/v2\/users\/2"}],"replies":[{"embeddable":true,"href":"https:\/\/www.bellunopress.it\/fr\/wp-json\/wp\/v2\/comments?post=47779"}],"version-history":[{"count":1,"href":"https:\/\/www.bellunopress.it\/fr\/wp-json\/wp\/v2\/posts\/47779\/revisions"}],"predecessor-version":[{"id":47780,"href":"https:\/\/www.bellunopress.it\/fr\/wp-json\/wp\/v2\/posts\/47779\/revisions\/47780"}],"wp:attachment":[{"href":"https:\/\/www.bellunopress.it\/fr\/wp-json\/wp\/v2\/media?parent=47779"}],"wp:term":[{"taxonomy":"category","embeddable":true,"href":"https:\/\/www.bellunopress.it\/fr\/wp-json\/wp\/v2\/categories?post=47779"},{"taxonomy":"post_tag","embeddable":true,"href":"https:\/\/www.bellunopress.it\/fr\/wp-json\/wp\/v2\/tags?post=47779"}],"curies":[{"name":"wp","href":"https:\/\/api.w.org\/{rel}","templated":true}]}}