{"id":47776,"date":"2013-03-20T22:25:47","date_gmt":"2013-03-20T21:25:47","guid":{"rendered":"http:\/\/www.bellunopress.it\/?p=47776"},"modified":"2013-03-20T22:25:47","modified_gmt":"2013-03-20T21:25:47","slug":"agrimont-festeggia-la-i-giornata-europea-del-gelato-artigianale-con-andy-luotto","status":"publish","type":"post","link":"https:\/\/www.bellunopress.it\/fr\/2013\/03\/20\/agrimont-festeggia-la-i-giornata-europea-del-gelato-artigianale-con-andy-luotto\/","title":{"rendered":"Agrimont festeggia la I^ Giornata Europea del Gelato Artigianale con Andy Luotto"},"content":{"rendered":"<p>Sar\u00e0 Andy Luotto, showman dai tempi di \u201cQuelli della Notte\u201d e raffinato chef negli anni pi\u00f9 recenti, a fare da padrino alla \u201cI^ Giornata Europea del Gelato Artigianale\u201d alla Fiera di Longarone, domenica prossima 24 marzo. <a href=\"http:\/\/www.bellunopress.it\/wp-content\/uploads\/2011\/03\/agrimont.jpg\"><img loading=\"lazy\" decoding=\"async\" class=\"alignleft size-full wp-image-25073\" alt=\"agrimont\" src=\"http:\/\/www.bellunopress.it\/wp-content\/uploads\/2011\/03\/agrimont.jpg\" width=\"270\" height=\"171\" \/><\/a>S\u00ec, perch\u00e9 proprio domenica si festeggia in tutta Europa il gelato artigianale e Longarone Fiere Dolomiti, che \u00e8 stata l\u2019animatrice negli ultimi tre anni delle iniziative che hanno portato il Parlamento Europeo a decretare nel luglio dello scorso anno l\u2019istituzione di questa Giornata, lo far\u00e0 all\u2019insegna della leggerezza, in maniera simpatica e gradevole per tutti gli ospiti di Agrimont.<\/p>\n<p>Attore, conduttore televisivo e cuoco professionista, Andy Luotto \u00e8 oggi un volto noto del Canale satellitare Alice per il quale ha ideato il programma &#8220;Pasta, Love e Fantasia&#8221;, che conduce insieme a Marisa Laurito. Insieme a Francesco Pannofino \u00e8 stato recentemente anche tra gli attori della serie di RAI Uno dedicata a Nero Wolfe, nella quale appunto impersonava un cuoco. La sua vera passione, la cucina, l\u2019ha scoperta non proprio giovanissimo, ma \u00e8 subito diventata il leit motiv della sua vita. A Longarone Andy Luotto sar\u00e0 presente domenica in due distinti momenti: la mattina prender\u00e0 parte all\u2019incontro, organizzato da Longarone Fiere in collaborazione con l\u2019Universit\u00e0 Ca\u2019 Foscari di Venezia, sul tema degli eventi che promozionano i prodotti tipici del territorio, nell\u2019ambito del Master in cultura del cibo e del vino, mentre, nel pomeriggio, tra il serio e il faceto com\u2019\u00e8 suo stile, dar\u00e0 il via al festeggiamento della Giornata Europea del gelato artigianale secondo il suo modo di intendere la cucina con i prodotti a chilometro zero.<\/p>\n<p>Agrimont celebrer\u00e0 la Giornata Europea del Gelato Artigianale con un\u2019iniziativa che far\u00e0 sicuramente piacere al pubblico dei suoi visitatori della domenica: verr\u00e0 proposto, infatti, in degustazione gratuita il gusto \u201cFantasia d\u2019Europa\u201d, che i gelatieri di Artglace, la Federazione Europea delle loro associazioni di categoria nazionali, hanno creato appositamente per questa ricorrenza. \u201cSi tratta di un fiordilatte variegato al cioccolato fondente con mandorle pralinate \u2013 spiega Fausto Bortolot, vice-presidente di Artglace, nonch\u00e9 anche vice-presidente di Longarone Fiere \u2013 \u00e8 una novit\u00e0 assoluta e sar\u00e0 distribuito domenica prossima in tutte le gelaterie d\u2019Europa che aderiscono a questa nostra iniziativa\u201d.<\/p>\n<p>C\u2019\u00e8 un preciso filo conduttore che lega il gelato artigianale ad Agrimont, ed \u00e8 rappresentato dall\u2019impiego in gelateria dei prodotti tipici del territorio per realizzare alcuni gusti tra i pi\u00f9 sfiziosi. Il settore delle gelaterie contribuisce in Europa al diretto impiego, soprattutto giovanile, di circa 300 mila lavoratori in circa 50 mila punti vendita; \u00e8 un mercato che, nel suo complesso, vale oltre 4 miliardi di euro. \u201cL\u2019iniziativa di Artglace \u2013 prosegue Bortolot &#8211; consiste nell\u2019organizzare un programma di eventi in contemporanea in diversi Paesi d\u2019Europa per comunicare in modo chiaro ai consumatori i valori del gelato artigianale: consigliato dai pi\u00f9 autorevoli dietologi e nutrizionisti, un buon gelato pu\u00f2 costituire un pasto completo. Tra i prodotti lattiero-caseari freschi, rappresenta un&#8217;eccellenza in termini di qualit\u00e0 e sicurezza alimentare, e pu\u00f2 valorizzare nella maniera pi\u00f9 gradevole i prodotti agro-alimentari di ogni singolo territorio\u201d.<\/p>\n<p>Nell\u2019ambito della Giornata verr\u00e0 anche emesso l\u2019Annullo filatelico, con cartolina dedicata ai \u201cpionieri della gelateria che dal 1800 partirono dalle vallate bellunesi alla conquista del mondo\u201d, realizzata con la collaborazione del Circolo Filatelico e Numismatico Bellunese.<\/p>\n<p>&nbsp;<\/p>","protected":false},"excerpt":{"rendered":"<p>Sar\u00e0 Andy Luotto, showman dai tempi di \u201cQuelli della Notte\u201d e raffinato chef negli anni pi\u00f9 recenti, a fare da padrino alla \u201cI^ Giornata Europea del Gelato Artigianale\u201d alla Fiera di Longarone, domenica prossima 24 marzo. S\u00ec, perch\u00e9 proprio domenica si festeggia in tutta Europa il gelato artigianale e Longarone Fiere Dolomiti, che \u00e8 stata [&hellip;]<\/p>\n","protected":false},"author":2,"featured_media":0,"comment_status":"closed","ping_status":"open","sticky":false,"template":"","format":"standard","meta":{"footnotes":""},"categories":[27,25],"tags":[],"class_list":["post-47776","post","type-post","status-publish","format-standard","category-appuntamenti","category-pausa-caffe"],"yoast_head":"<!-- This site is optimized with the Yoast SEO plugin v28.4 - https:\/\/yoast.com\/product\/yoast-seo-wordpress\/ -->\n<title>Agrimont festeggia la I^ Giornata Europea del Gelato Artigianale con Andy Luotto - Bellunopress - Dolomiti<\/title>\n<meta name=\"robots\" content=\"index, follow, max-snippet:-1, max-image-preview:large, max-video-preview:-1\" \/>\n<link rel=\"canonical\" href=\"https:\/\/www.bellunopress.it\/fr\/2013\/03\/20\/agrimont-festeggia-la-i-giornata-europea-del-gelato-artigianale-con-andy-luotto\/\" \/>\n<meta property=\"og:locale\" content=\"fr_FR\" \/>\n<meta property=\"og:type\" content=\"article\" \/>\n<meta property=\"og:title\" content=\"Agrimont festeggia la I^ Giornata Europea del Gelato Artigianale con Andy Luotto - Bellunopress - Dolomiti\" \/>\n<meta property=\"og:description\" content=\"Sar\u00e0 Andy Luotto, showman dai tempi di \u201cQuelli della Notte\u201d e raffinato chef negli anni pi\u00f9 recenti, a fare da padrino alla \u201cI^ Giornata Europea del Gelato Artigianale\u201d alla Fiera di Longarone, domenica prossima 24 marzo. S\u00ec, perch\u00e9 proprio domenica si festeggia in tutta Europa il gelato artigianale e Longarone Fiere Dolomiti, che \u00e8 stata [&hellip;]\" \/>\n<meta property=\"og:url\" content=\"https:\/\/www.bellunopress.it\/fr\/2013\/03\/20\/agrimont-festeggia-la-i-giornata-europea-del-gelato-artigianale-con-andy-luotto\/\" \/>\n<meta property=\"og:site_name\" content=\"Bellunopress - Dolomiti\" \/>\n<meta property=\"article:publisher\" content=\"https:\/\/www.facebook.com\/profile.php?id=100008943462799\" \/>\n<meta property=\"article:published_time\" content=\"2013-03-20T21:25:47+00:00\" \/>\n<meta property=\"og:image\" content=\"http:\/\/www.bellunopress.it\/wp-content\/uploads\/2011\/03\/agrimont.jpg\" \/>\n<meta name=\"author\" content=\"redazione\" \/>\n<meta name=\"twitter:card\" content=\"summary_large_image\" \/>\n<meta name=\"twitter:creator\" content=\"@bellunopress\" \/>\n<meta name=\"twitter:site\" content=\"@bellunopress\" \/>\n<meta name=\"twitter:label1\" content=\"\u00c9crit par\" \/>\n\t<meta name=\"twitter:data1\" content=\"redazione\" \/>\n\t<meta name=\"twitter:label2\" content=\"Dur\u00e9e de lecture estim\u00e9e\" \/>\n\t<meta name=\"twitter:data2\" content=\"3 minutes\" \/>\n<script type=\"application\/ld+json\" class=\"yoast-schema-graph\">{\"@context\":\"https:\\\/\\\/schema.org\",\"@graph\":[{\"@type\":\"Article\",\"@id\":\"https:\\\/\\\/www.bellunopress.it\\\/2013\\\/03\\\/20\\\/agrimont-festeggia-la-i-giornata-europea-del-gelato-artigianale-con-andy-luotto\\\/#article\",\"isPartOf\":{\"@id\":\"https:\\\/\\\/www.bellunopress.it\\\/2013\\\/03\\\/20\\\/agrimont-festeggia-la-i-giornata-europea-del-gelato-artigianale-con-andy-luotto\\\/\"},\"author\":{\"name\":\"redazione\",\"@id\":\"https:\\\/\\\/www.bellunopress.it\\\/#\\\/schema\\\/person\\\/79bb06722b37ece1c03d3e94beb30d73\"},\"headline\":\"Agrimont festeggia la I^ Giornata Europea del Gelato Artigianale con Andy Luotto\",\"datePublished\":\"2013-03-20T21:25:47+00:00\",\"mainEntityOfPage\":{\"@id\":\"https:\\\/\\\/www.bellunopress.it\\\/2013\\\/03\\\/20\\\/agrimont-festeggia-la-i-giornata-europea-del-gelato-artigianale-con-andy-luotto\\\/\"},\"wordCount\":551,\"publisher\":{\"@id\":\"https:\\\/\\\/www.bellunopress.it\\\/#organization\"},\"image\":{\"@id\":\"https:\\\/\\\/www.bellunopress.it\\\/2013\\\/03\\\/20\\\/agrimont-festeggia-la-i-giornata-europea-del-gelato-artigianale-con-andy-luotto\\\/#primaryimage\"},\"thumbnailUrl\":\"http:\\\/\\\/www.bellunopress.it\\\/wp-content\\\/uploads\\\/2011\\\/03\\\/agrimont.jpg\",\"articleSection\":[\"Appuntamenti, Eventi\",\"Pausa Caff\u00e8\"],\"inLanguage\":\"fr-FR\"},{\"@type\":\"WebPage\",\"@id\":\"https:\\\/\\\/www.bellunopress.it\\\/2013\\\/03\\\/20\\\/agrimont-festeggia-la-i-giornata-europea-del-gelato-artigianale-con-andy-luotto\\\/\",\"url\":\"https:\\\/\\\/www.bellunopress.it\\\/2013\\\/03\\\/20\\\/agrimont-festeggia-la-i-giornata-europea-del-gelato-artigianale-con-andy-luotto\\\/\",\"name\":\"Agrimont festeggia la I^ Giornata Europea del Gelato Artigianale con Andy Luotto - Bellunopress - Dolomiti\",\"isPartOf\":{\"@id\":\"https:\\\/\\\/www.bellunopress.it\\\/#website\"},\"primaryImageOfPage\":{\"@id\":\"https:\\\/\\\/www.bellunopress.it\\\/2013\\\/03\\\/20\\\/agrimont-festeggia-la-i-giornata-europea-del-gelato-artigianale-con-andy-luotto\\\/#primaryimage\"},\"image\":{\"@id\":\"https:\\\/\\\/www.bellunopress.it\\\/2013\\\/03\\\/20\\\/agrimont-festeggia-la-i-giornata-europea-del-gelato-artigianale-con-andy-luotto\\\/#primaryimage\"},\"thumbnailUrl\":\"http:\\\/\\\/www.bellunopress.it\\\/wp-content\\\/uploads\\\/2011\\\/03\\\/agrimont.jpg\",\"datePublished\":\"2013-03-20T21:25:47+00:00\",\"breadcrumb\":{\"@id\":\"https:\\\/\\\/www.bellunopress.it\\\/2013\\\/03\\\/20\\\/agrimont-festeggia-la-i-giornata-europea-del-gelato-artigianale-con-andy-luotto\\\/#breadcrumb\"},\"inLanguage\":\"fr-FR\",\"potentialAction\":[{\"@type\":\"ReadAction\",\"target\":[\"https:\\\/\\\/www.bellunopress.it\\\/2013\\\/03\\\/20\\\/agrimont-festeggia-la-i-giornata-europea-del-gelato-artigianale-con-andy-luotto\\\/\"]}]},{\"@type\":\"ImageObject\",\"inLanguage\":\"fr-FR\",\"@id\":\"https:\\\/\\\/www.bellunopress.it\\\/2013\\\/03\\\/20\\\/agrimont-festeggia-la-i-giornata-europea-del-gelato-artigianale-con-andy-luotto\\\/#primaryimage\",\"url\":\"http:\\\/\\\/www.bellunopress.it\\\/wp-content\\\/uploads\\\/2011\\\/03\\\/agrimont.jpg\",\"contentUrl\":\"http:\\\/\\\/www.bellunopress.it\\\/wp-content\\\/uploads\\\/2011\\\/03\\\/agrimont.jpg\"},{\"@type\":\"BreadcrumbList\",\"@id\":\"https:\\\/\\\/www.bellunopress.it\\\/2013\\\/03\\\/20\\\/agrimont-festeggia-la-i-giornata-europea-del-gelato-artigianale-con-andy-luotto\\\/#breadcrumb\",\"itemListElement\":[{\"@type\":\"ListItem\",\"position\":1,\"name\":\"Home\",\"item\":\"https:\\\/\\\/www.bellunopress.it\\\/\"},{\"@type\":\"ListItem\",\"position\":2,\"name\":\"Agrimont festeggia la I^ Giornata Europea del Gelato Artigianale con Andy Luotto\"}]},{\"@type\":\"WebSite\",\"@id\":\"https:\\\/\\\/www.bellunopress.it\\\/#website\",\"url\":\"https:\\\/\\\/www.bellunopress.it\\\/\",\"name\":\"Bellunopress - Dolomiti\",\"description\":\"e-mail: redazione@bellunopress.it\",\"publisher\":{\"@id\":\"https:\\\/\\\/www.bellunopress.it\\\/#organization\"},\"potentialAction\":[{\"@type\":\"SearchAction\",\"target\":{\"@type\":\"EntryPoint\",\"urlTemplate\":\"https:\\\/\\\/www.bellunopress.it\\\/?s={search_term_string}\"},\"query-input\":{\"@type\":\"PropertyValueSpecification\",\"valueRequired\":true,\"valueName\":\"search_term_string\"}}],\"inLanguage\":\"fr-FR\"},{\"@type\":\"Organization\",\"@id\":\"https:\\\/\\\/www.bellunopress.it\\\/#organization\",\"name\":\"Bellunopress\",\"url\":\"https:\\\/\\\/www.bellunopress.it\\\/\",\"logo\":{\"@type\":\"ImageObject\",\"inLanguage\":\"fr-FR\",\"@id\":\"https:\\\/\\\/www.bellunopress.it\\\/#\\\/schema\\\/logo\\\/image\\\/\",\"url\":\"https:\\\/\\\/www.bellunopress.it\\\/wp-content\\\/uploads\\\/2011\\\/05\\\/cropped-logo-bellunopress-.jpg\",\"contentUrl\":\"https:\\\/\\\/www.bellunopress.it\\\/wp-content\\\/uploads\\\/2011\\\/05\\\/cropped-logo-bellunopress-.jpg\",\"width\":512,\"height\":512,\"caption\":\"Bellunopress\"},\"image\":{\"@id\":\"https:\\\/\\\/www.bellunopress.it\\\/#\\\/schema\\\/logo\\\/image\\\/\"},\"sameAs\":[\"https:\\\/\\\/www.facebook.com\\\/profile.php?id=100008943462799\",\"https:\\\/\\\/x.com\\\/bellunopress\",\"https:\\\/\\\/www.linkedin.com\\\/hp\\\/?dnr=JBzUWaJfMUw8vbXJJ2tVW5-I3jZKvC4wsoxE&amp;amp;amp;amp;amp;amp;trk=nav_responsive_tab_home\",\"https:\\\/\\\/www.youtube.com\\\/channel\\\/UCxL0wu1uN0_3_7hGG0306cw\"]},{\"@type\":\"Person\",\"@id\":\"https:\\\/\\\/www.bellunopress.it\\\/#\\\/schema\\\/person\\\/79bb06722b37ece1c03d3e94beb30d73\",\"name\":\"redazione\",\"image\":{\"@type\":\"ImageObject\",\"inLanguage\":\"fr-FR\",\"@id\":\"https:\\\/\\\/secure.gravatar.com\\\/avatar\\\/37d968a2e67a6fd04c169c4bdef102d0bc5d31b2546345219e348575eb80e9a0?s=96&d=mm&r=g\",\"url\":\"https:\\\/\\\/secure.gravatar.com\\\/avatar\\\/37d968a2e67a6fd04c169c4bdef102d0bc5d31b2546345219e348575eb80e9a0?s=96&d=mm&r=g\",\"contentUrl\":\"https:\\\/\\\/secure.gravatar.com\\\/avatar\\\/37d968a2e67a6fd04c169c4bdef102d0bc5d31b2546345219e348575eb80e9a0?s=96&d=mm&r=g\",\"caption\":\"redazione\"},\"sameAs\":[\"http:\\\/\\\/www.bellunopress.it\",\"https:\\\/\\\/x.com\\\/bellunopress\"],\"url\":\"https:\\\/\\\/www.bellunopress.it\\\/fr\\\/author\\\/redazione\\\/\"}]}<\/script>\n<!-- \/ Yoast SEO plugin. -->","yoast_head_json":{"title":"Agrimont festeggia la I^ Giornata Europea del Gelato Artigianale con Andy Luotto - Bellunopress - Dolomiti","robots":{"index":"index","follow":"follow","max-snippet":"max-snippet:-1","max-image-preview":"max-image-preview:large","max-video-preview":"max-video-preview:-1"},"canonical":"https:\/\/www.bellunopress.it\/fr\/2013\/03\/20\/agrimont-festeggia-la-i-giornata-europea-del-gelato-artigianale-con-andy-luotto\/","og_locale":"fr_FR","og_type":"article","og_title":"Agrimont festeggia la I^ Giornata Europea del Gelato Artigianale con Andy Luotto - Bellunopress - Dolomiti","og_description":"Sar\u00e0 Andy Luotto, showman dai tempi di \u201cQuelli della Notte\u201d e raffinato chef negli anni pi\u00f9 recenti, a fare da padrino alla \u201cI^ Giornata Europea del Gelato Artigianale\u201d alla Fiera di Longarone, domenica prossima 24 marzo. S\u00ec, perch\u00e9 proprio domenica si festeggia in tutta Europa il gelato artigianale e Longarone Fiere Dolomiti, che \u00e8 stata [&hellip;]","og_url":"https:\/\/www.bellunopress.it\/fr\/2013\/03\/20\/agrimont-festeggia-la-i-giornata-europea-del-gelato-artigianale-con-andy-luotto\/","og_site_name":"Bellunopress - Dolomiti","article_publisher":"https:\/\/www.facebook.com\/profile.php?id=100008943462799","article_published_time":"2013-03-20T21:25:47+00:00","og_image":[{"url":"http:\/\/www.bellunopress.it\/wp-content\/uploads\/2011\/03\/agrimont.jpg","type":"","width":"","height":""}],"author":"redazione","twitter_card":"summary_large_image","twitter_creator":"@bellunopress","twitter_site":"@bellunopress","twitter_misc":{"\u00c9crit par":"redazione","Dur\u00e9e de lecture estim\u00e9e":"3 minutes"},"schema":{"@context":"https:\/\/schema.org","@graph":[{"@type":"Article","@id":"https:\/\/www.bellunopress.it\/2013\/03\/20\/agrimont-festeggia-la-i-giornata-europea-del-gelato-artigianale-con-andy-luotto\/#article","isPartOf":{"@id":"https:\/\/www.bellunopress.it\/2013\/03\/20\/agrimont-festeggia-la-i-giornata-europea-del-gelato-artigianale-con-andy-luotto\/"},"author":{"name":"redazione","@id":"https:\/\/www.bellunopress.it\/#\/schema\/person\/79bb06722b37ece1c03d3e94beb30d73"},"headline":"Agrimont festeggia la I^ Giornata Europea del Gelato Artigianale con Andy Luotto","datePublished":"2013-03-20T21:25:47+00:00","mainEntityOfPage":{"@id":"https:\/\/www.bellunopress.it\/2013\/03\/20\/agrimont-festeggia-la-i-giornata-europea-del-gelato-artigianale-con-andy-luotto\/"},"wordCount":551,"publisher":{"@id":"https:\/\/www.bellunopress.it\/#organization"},"image":{"@id":"https:\/\/www.bellunopress.it\/2013\/03\/20\/agrimont-festeggia-la-i-giornata-europea-del-gelato-artigianale-con-andy-luotto\/#primaryimage"},"thumbnailUrl":"http:\/\/www.bellunopress.it\/wp-content\/uploads\/2011\/03\/agrimont.jpg","articleSection":["Appuntamenti, Eventi","Pausa Caff\u00e8"],"inLanguage":"fr-FR"},{"@type":"WebPage","@id":"https:\/\/www.bellunopress.it\/2013\/03\/20\/agrimont-festeggia-la-i-giornata-europea-del-gelato-artigianale-con-andy-luotto\/","url":"https:\/\/www.bellunopress.it\/2013\/03\/20\/agrimont-festeggia-la-i-giornata-europea-del-gelato-artigianale-con-andy-luotto\/","name":"Agrimont festeggia la I^ Giornata Europea del Gelato Artigianale con Andy Luotto - Bellunopress - Dolomiti","isPartOf":{"@id":"https:\/\/www.bellunopress.it\/#website"},"primaryImageOfPage":{"@id":"https:\/\/www.bellunopress.it\/2013\/03\/20\/agrimont-festeggia-la-i-giornata-europea-del-gelato-artigianale-con-andy-luotto\/#primaryimage"},"image":{"@id":"https:\/\/www.bellunopress.it\/2013\/03\/20\/agrimont-festeggia-la-i-giornata-europea-del-gelato-artigianale-con-andy-luotto\/#primaryimage"},"thumbnailUrl":"http:\/\/www.bellunopress.it\/wp-content\/uploads\/2011\/03\/agrimont.jpg","datePublished":"2013-03-20T21:25:47+00:00","breadcrumb":{"@id":"https:\/\/www.bellunopress.it\/2013\/03\/20\/agrimont-festeggia-la-i-giornata-europea-del-gelato-artigianale-con-andy-luotto\/#breadcrumb"},"inLanguage":"fr-FR","potentialAction":[{"@type":"ReadAction","target":["https:\/\/www.bellunopress.it\/2013\/03\/20\/agrimont-festeggia-la-i-giornata-europea-del-gelato-artigianale-con-andy-luotto\/"]}]},{"@type":"ImageObject","inLanguage":"fr-FR","@id":"https:\/\/www.bellunopress.it\/2013\/03\/20\/agrimont-festeggia-la-i-giornata-europea-del-gelato-artigianale-con-andy-luotto\/#primaryimage","url":"http:\/\/www.bellunopress.it\/wp-content\/uploads\/2011\/03\/agrimont.jpg","contentUrl":"http:\/\/www.bellunopress.it\/wp-content\/uploads\/2011\/03\/agrimont.jpg"},{"@type":"BreadcrumbList","@id":"https:\/\/www.bellunopress.it\/2013\/03\/20\/agrimont-festeggia-la-i-giornata-europea-del-gelato-artigianale-con-andy-luotto\/#breadcrumb","itemListElement":[{"@type":"ListItem","position":1,"name":"Home","item":"https:\/\/www.bellunopress.it\/"},{"@type":"ListItem","position":2,"name":"Agrimont festeggia la I^ Giornata Europea del Gelato Artigianale con Andy Luotto"}]},{"@type":"WebSite","@id":"https:\/\/www.bellunopress.it\/#website","url":"https:\/\/www.bellunopress.it\/","name":"Bellunopress - Dolomiti","description":"e-mail: redazione@bellunopress.it","publisher":{"@id":"https:\/\/www.bellunopress.it\/#organization"},"potentialAction":[{"@type":"SearchAction","target":{"@type":"EntryPoint","urlTemplate":"https:\/\/www.bellunopress.it\/?s={search_term_string}"},"query-input":{"@type":"PropertyValueSpecification","valueRequired":true,"valueName":"search_term_string"}}],"inLanguage":"fr-FR"},{"@type":"Organization","@id":"https:\/\/www.bellunopress.it\/#organization","name":"Bellunopress","url":"https:\/\/www.bellunopress.it\/","logo":{"@type":"ImageObject","inLanguage":"fr-FR","@id":"https:\/\/www.bellunopress.it\/#\/schema\/logo\/image\/","url":"https:\/\/www.bellunopress.it\/wp-content\/uploads\/2011\/05\/cropped-logo-bellunopress-.jpg","contentUrl":"https:\/\/www.bellunopress.it\/wp-content\/uploads\/2011\/05\/cropped-logo-bellunopress-.jpg","width":512,"height":512,"caption":"Bellunopress"},"image":{"@id":"https:\/\/www.bellunopress.it\/#\/schema\/logo\/image\/"},"sameAs":["https:\/\/www.facebook.com\/profile.php?id=100008943462799","https:\/\/x.com\/bellunopress","https:\/\/www.linkedin.com\/hp\/?dnr=JBzUWaJfMUw8vbXJJ2tVW5-I3jZKvC4wsoxE&amp;amp;amp;amp;amp;amp;trk=nav_responsive_tab_home","https:\/\/www.youtube.com\/channel\/UCxL0wu1uN0_3_7hGG0306cw"]},{"@type":"Person","@id":"https:\/\/www.bellunopress.it\/#\/schema\/person\/79bb06722b37ece1c03d3e94beb30d73","name":"r\u00e9daction","image":{"@type":"ImageObject","inLanguage":"fr-FR","@id":"https:\/\/secure.gravatar.com\/avatar\/37d968a2e67a6fd04c169c4bdef102d0bc5d31b2546345219e348575eb80e9a0?s=96&d=mm&r=g","url":"https:\/\/secure.gravatar.com\/avatar\/37d968a2e67a6fd04c169c4bdef102d0bc5d31b2546345219e348575eb80e9a0?s=96&d=mm&r=g","contentUrl":"https:\/\/secure.gravatar.com\/avatar\/37d968a2e67a6fd04c169c4bdef102d0bc5d31b2546345219e348575eb80e9a0?s=96&d=mm&r=g","caption":"redazione"},"sameAs":["http:\/\/www.bellunopress.it","https:\/\/x.com\/bellunopress"],"url":"https:\/\/www.bellunopress.it\/fr\/author\/redazione\/"}]}},"_links":{"self":[{"href":"https:\/\/www.bellunopress.it\/fr\/wp-json\/wp\/v2\/posts\/47776","targetHints":{"allow":["GET"]}}],"collection":[{"href":"https:\/\/www.bellunopress.it\/fr\/wp-json\/wp\/v2\/posts"}],"about":[{"href":"https:\/\/www.bellunopress.it\/fr\/wp-json\/wp\/v2\/types\/post"}],"author":[{"embeddable":true,"href":"https:\/\/www.bellunopress.it\/fr\/wp-json\/wp\/v2\/users\/2"}],"replies":[{"embeddable":true,"href":"https:\/\/www.bellunopress.it\/fr\/wp-json\/wp\/v2\/comments?post=47776"}],"version-history":[{"count":1,"href":"https:\/\/www.bellunopress.it\/fr\/wp-json\/wp\/v2\/posts\/47776\/revisions"}],"predecessor-version":[{"id":47777,"href":"https:\/\/www.bellunopress.it\/fr\/wp-json\/wp\/v2\/posts\/47776\/revisions\/47777"}],"wp:attachment":[{"href":"https:\/\/www.bellunopress.it\/fr\/wp-json\/wp\/v2\/media?parent=47776"}],"wp:term":[{"taxonomy":"category","embeddable":true,"href":"https:\/\/www.bellunopress.it\/fr\/wp-json\/wp\/v2\/categories?post=47776"},{"taxonomy":"post_tag","embeddable":true,"href":"https:\/\/www.bellunopress.it\/fr\/wp-json\/wp\/v2\/tags?post=47776"}],"curies":[{"name":"wp","href":"https:\/\/api.w.org\/{rel}","templated":true}]}}