{"id":47774,"date":"2013-03-20T22:20:34","date_gmt":"2013-03-20T21:20:34","guid":{"rendered":"http:\/\/www.bellunopress.it\/?p=47774"},"modified":"2013-03-20T22:20:34","modified_gmt":"2013-03-20T21:20:34","slug":"belluno-feltre-run-gia-115-squadre-iscritte-alla-3x10-km-anche-silvia-serafini-e-antonio-armuzzi-al-via-della-gara-sui-30-km-che-ha-raggiunto-le-600-richieste-di-pettorale-iscrizioni-aperte-sino-a","status":"publish","type":"post","link":"https:\/\/www.bellunopress.it\/fr\/2013\/03\/20\/belluno-feltre-run-gia-115-squadre-iscritte-alla-3x10-km-anche-silvia-serafini-e-antonio-armuzzi-al-via-della-gara-sui-30-km-che-ha-raggiunto-le-600-richieste-di-pettorale-iscrizioni-aperte-sino-a\/","title":{"rendered":"Belluno-Feltre run, gi\u00e0 115 squadre iscritte alla 3&#215;10 Km. Anche Silvia Serafini e Antonio Armuzzi al via della gara sui 30 km che ha raggiunto le 600 richieste di pettorale. Iscrizioni aperte sino a gioved\u00ec"},"content":{"rendered":"<p>Il primo record \u00e8 gi\u00e0 sicuro: 115 squadre si sono iscritte alla staffetta 3&#215;10 km che domenica 24 marzo costituir\u00e0 uno dei piatti forti della sesta edizione della Belluno-Feltre Run. Le iscrizioni resteranno aperte sino a gioved\u00ec 21 marzo e qualche altra squadra potr\u00e0 decidere di partecipare all\u0092ultimo momento, ma il numero \u00e8 gi\u00e0 da primato. L\u0092anno scorso le staffette che presero il via da Belluno furono 102: il progresso \u00e8 significativo. E conferma l\u0092appeal di una formula che, sin dal debutto, nel 2011, ha incontrato ampi consensi.<\/p>\n<p>Abbinata al 3\u00b0 Trofeo Flex Piave, la prova di staffetta (a carattere non competitivo, per squadre maschili, femminili e miste, con passaggi di testimone nelle piazze di Trichiana e Lentiai) si svolger\u00e0 sul medesimo percorso della gara in linea sui 30 km, che nelle ultime ore ha raggiunto i 600 iscritti. Con due adesioni importanti: la giovane trevigiana Silvia Serafini, reduce da una stagione da protagonista assoluta nello skyrunning, dopo essere giunta sesta, in primavera, alla maratona di Padova, e il lombardo Antonio Armuzzi che ha scelto la Belluno-Feltre Run per un test in vista dei prossimi Europei della 100 km.<\/p>\n<p>La Serafini andr\u00e0 ad arricchire un cast che comprende la slovena Aleksandra Fortin, l\u0092azzurra di ultramaratona Paola Sanna, Isadora Castellani e la bellunese Paola Dal Mas, reduce dal quarto posto della Treviso Marathon. Armuzzi regaler\u00e0 un ulteriore sprazzo d\u0092azzurro ad una prova maschile incentrata sulla sfida tra il vincitore della Maratona di Treviso, Said Boudalia, a caccia del terzo successo consecutivo alla Belluno-Feltre Run, e i marocchini d\u0092adozione italiana, Khalid Ghallab e Benazzouz Slimani (a sua volta reduce dall\u0092argento della Stravicenza di domenica scorsa). Occhio inoltre a Giancarlo Simion, secondo nel 2012, a Fabio Bernardi e a Gian Marco Pitteri.<\/p>\n<p>Anche le iscrizioni per la gara sui 30 km (valida come campionato nazionale Csi e come campionato regionale assoluto e master Fidal) resteranno aperte sino a gioved\u00ec 21 marzo, mentre potranno iscriversi pure domenica mattina gli atleti che correranno la Belluno-Feltre Run in forma non competitiva.<\/p>\n<p>Sipario d\u0092apertura, sabato, alle 12, a Feltre, quando Pr\u00e0 del Moro ospiter\u00e0 la prima edizione di una 6 Ore di Nordic Walking, valida per il Trofeo Lafuma. Domenica, poi, spazio anche alla consueta 10 km trail dedicata ai walkers, con partenza e arrivo nel centro di Feltre, e alla marcia non competitiva \u0093Il cuore tra le mani\u0094, sulla distanza di 4 km, con ricavato in beneficenza.<\/p>\n<p>&nbsp;<\/p>\n<p>&nbsp;<\/p>\n<p>______________________<\/p>","protected":false},"excerpt":{"rendered":"<p>Il primo record \u00e8 gi\u00e0 sicuro: 115 squadre si sono iscritte alla staffetta 3&#215;10 km che domenica 24 marzo costituir\u00e0 uno dei piatti forti della sesta edizione della Belluno-Feltre Run. Le iscrizioni resteranno aperte sino a gioved\u00ec 21 marzo e qualche altra squadra potr\u00e0 decidere di partecipare all\u0092ultimo momento, ma il numero \u00e8 gi\u00e0 da [&hellip;]<\/p>\n","protected":false},"author":2,"featured_media":0,"comment_status":"closed","ping_status":"open","sticky":false,"template":"","format":"standard","meta":{"footnotes":""},"categories":[25,4],"tags":[],"class_list":["post-47774","post","type-post","status-publish","format-standard","category-pausa-caffe","category-sport"],"yoast_head":"<!-- This site is optimized with the Yoast SEO plugin v28.4 - https:\/\/yoast.com\/product\/yoast-seo-wordpress\/ -->\n<title>Belluno-Feltre run, gi\u00e0 115 squadre iscritte alla 3x10 Km. Anche Silvia Serafini e Antonio Armuzzi al via della gara sui 30 km che ha raggiunto le 600 richieste di pettorale. Iscrizioni aperte sino a gioved\u00ec - Bellunopress - Dolomiti<\/title>\n<meta name=\"robots\" content=\"index, follow, max-snippet:-1, max-image-preview:large, max-video-preview:-1\" \/>\n<link rel=\"canonical\" href=\"https:\/\/www.bellunopress.it\/fr\/2013\/03\/20\/belluno-feltre-run-gia-115-squadre-iscritte-alla-3x10-km-anche-silvia-serafini-e-antonio-armuzzi-al-via-della-gara-sui-30-km-che-ha-raggiunto-le-600-richieste-di-pettorale-iscrizioni-aperte-sino-a\/\" \/>\n<meta property=\"og:locale\" content=\"fr_FR\" \/>\n<meta property=\"og:type\" content=\"article\" \/>\n<meta property=\"og:title\" content=\"Belluno-Feltre run, gi\u00e0 115 squadre iscritte alla 3x10 Km. Anche Silvia Serafini e Antonio Armuzzi al via della gara sui 30 km che ha raggiunto le 600 richieste di pettorale. Iscrizioni aperte sino a gioved\u00ec - Bellunopress - Dolomiti\" \/>\n<meta property=\"og:description\" content=\"Il primo record \u00e8 gi\u00e0 sicuro: 115 squadre si sono iscritte alla staffetta 3&#215;10 km che domenica 24 marzo costituir\u00e0 uno dei piatti forti della sesta edizione della Belluno-Feltre Run. Le iscrizioni resteranno aperte sino a gioved\u00ec 21 marzo e qualche altra squadra potr\u00e0 decidere di partecipare all\u0092ultimo momento, ma il numero \u00e8 gi\u00e0 da [&hellip;]\" \/>\n<meta property=\"og:url\" content=\"https:\/\/www.bellunopress.it\/fr\/2013\/03\/20\/belluno-feltre-run-gia-115-squadre-iscritte-alla-3x10-km-anche-silvia-serafini-e-antonio-armuzzi-al-via-della-gara-sui-30-km-che-ha-raggiunto-le-600-richieste-di-pettorale-iscrizioni-aperte-sino-a\/\" \/>\n<meta property=\"og:site_name\" content=\"Bellunopress - Dolomiti\" \/>\n<meta property=\"article:publisher\" content=\"https:\/\/www.facebook.com\/profile.php?id=100008943462799\" \/>\n<meta property=\"article:published_time\" content=\"2013-03-20T21:20:34+00:00\" \/>\n<meta property=\"og:image\" content=\"http:\/\/www.bellunopress.it\/wp-content\/uploads\/2012\/07\/logo-bellunopress-250x250-2012.jpg\" \/>\n<meta name=\"author\" content=\"redazione\" \/>\n<meta name=\"twitter:card\" content=\"summary_large_image\" \/>\n<meta name=\"twitter:creator\" content=\"@bellunopress\" \/>\n<meta name=\"twitter:site\" content=\"@bellunopress\" \/>\n<meta name=\"twitter:label1\" content=\"Written by\" \/>\n\t<meta name=\"twitter:data1\" content=\"redazione\" \/>\n\t<meta name=\"twitter:label2\" content=\"Est. reading time\" \/>\n\t<meta name=\"twitter:data2\" content=\"2 minutes\" \/>\n<script type=\"application\/ld+json\" class=\"yoast-schema-graph\">{\"@context\":\"https:\\\/\\\/schema.org\",\"@graph\":[{\"@type\":\"Article\",\"@id\":\"https:\\\/\\\/www.bellunopress.it\\\/2013\\\/03\\\/20\\\/belluno-feltre-run-gia-115-squadre-iscritte-alla-3x10-km-anche-silvia-serafini-e-antonio-armuzzi-al-via-della-gara-sui-30-km-che-ha-raggiunto-le-600-richieste-di-pettorale-iscrizioni-aperte-sino-a\\\/#article\",\"isPartOf\":{\"@id\":\"https:\\\/\\\/www.bellunopress.it\\\/2013\\\/03\\\/20\\\/belluno-feltre-run-gia-115-squadre-iscritte-alla-3x10-km-anche-silvia-serafini-e-antonio-armuzzi-al-via-della-gara-sui-30-km-che-ha-raggiunto-le-600-richieste-di-pettorale-iscrizioni-aperte-sino-a\\\/\"},\"author\":{\"name\":\"redazione\",\"@id\":\"https:\\\/\\\/www.bellunopress.it\\\/#\\\/schema\\\/person\\\/79bb06722b37ece1c03d3e94beb30d73\"},\"headline\":\"Belluno-Feltre run, gi\u00e0 115 squadre iscritte alla 3&#215;10 Km. Anche Silvia Serafini e Antonio Armuzzi al via della gara sui 30 km che ha raggiunto le 600 richieste di pettorale. Iscrizioni aperte sino a gioved\u00ec\",\"datePublished\":\"2013-03-20T21:20:34+00:00\",\"mainEntityOfPage\":{\"@id\":\"https:\\\/\\\/www.bellunopress.it\\\/2013\\\/03\\\/20\\\/belluno-feltre-run-gia-115-squadre-iscritte-alla-3x10-km-anche-silvia-serafini-e-antonio-armuzzi-al-via-della-gara-sui-30-km-che-ha-raggiunto-le-600-richieste-di-pettorale-iscrizioni-aperte-sino-a\\\/\"},\"wordCount\":424,\"publisher\":{\"@id\":\"https:\\\/\\\/www.bellunopress.it\\\/#organization\"},\"articleSection\":[\"Pausa Caff\u00e8\",\"Sport, tempo libero\"],\"inLanguage\":\"fr-FR\"},{\"@type\":\"WebPage\",\"@id\":\"https:\\\/\\\/www.bellunopress.it\\\/2013\\\/03\\\/20\\\/belluno-feltre-run-gia-115-squadre-iscritte-alla-3x10-km-anche-silvia-serafini-e-antonio-armuzzi-al-via-della-gara-sui-30-km-che-ha-raggiunto-le-600-richieste-di-pettorale-iscrizioni-aperte-sino-a\\\/\",\"url\":\"https:\\\/\\\/www.bellunopress.it\\\/2013\\\/03\\\/20\\\/belluno-feltre-run-gia-115-squadre-iscritte-alla-3x10-km-anche-silvia-serafini-e-antonio-armuzzi-al-via-della-gara-sui-30-km-che-ha-raggiunto-le-600-richieste-di-pettorale-iscrizioni-aperte-sino-a\\\/\",\"name\":\"Belluno-Feltre run, gi\u00e0 115 squadre iscritte alla 3x10 Km. Anche Silvia Serafini e Antonio Armuzzi al via della gara sui 30 km che ha raggiunto le 600 richieste di pettorale. Iscrizioni aperte sino a gioved\u00ec - Bellunopress - Dolomiti\",\"isPartOf\":{\"@id\":\"https:\\\/\\\/www.bellunopress.it\\\/#website\"},\"datePublished\":\"2013-03-20T21:20:34+00:00\",\"breadcrumb\":{\"@id\":\"https:\\\/\\\/www.bellunopress.it\\\/2013\\\/03\\\/20\\\/belluno-feltre-run-gia-115-squadre-iscritte-alla-3x10-km-anche-silvia-serafini-e-antonio-armuzzi-al-via-della-gara-sui-30-km-che-ha-raggiunto-le-600-richieste-di-pettorale-iscrizioni-aperte-sino-a\\\/#breadcrumb\"},\"inLanguage\":\"fr-FR\",\"potentialAction\":[{\"@type\":\"ReadAction\",\"target\":[\"https:\\\/\\\/www.bellunopress.it\\\/2013\\\/03\\\/20\\\/belluno-feltre-run-gia-115-squadre-iscritte-alla-3x10-km-anche-silvia-serafini-e-antonio-armuzzi-al-via-della-gara-sui-30-km-che-ha-raggiunto-le-600-richieste-di-pettorale-iscrizioni-aperte-sino-a\\\/\"]}]},{\"@type\":\"BreadcrumbList\",\"@id\":\"https:\\\/\\\/www.bellunopress.it\\\/2013\\\/03\\\/20\\\/belluno-feltre-run-gia-115-squadre-iscritte-alla-3x10-km-anche-silvia-serafini-e-antonio-armuzzi-al-via-della-gara-sui-30-km-che-ha-raggiunto-le-600-richieste-di-pettorale-iscrizioni-aperte-sino-a\\\/#breadcrumb\",\"itemListElement\":[{\"@type\":\"ListItem\",\"position\":1,\"name\":\"Home\",\"item\":\"https:\\\/\\\/www.bellunopress.it\\\/\"},{\"@type\":\"ListItem\",\"position\":2,\"name\":\"Belluno-Feltre run, gi\u00e0 115 squadre iscritte alla 3&#215;10 Km. Anche Silvia Serafini e Antonio Armuzzi al via della gara sui 30 km che ha raggiunto le 600 richieste di pettorale. Iscrizioni aperte sino a gioved\u00ec\"}]},{\"@type\":\"WebSite\",\"@id\":\"https:\\\/\\\/www.bellunopress.it\\\/#website\",\"url\":\"https:\\\/\\\/www.bellunopress.it\\\/\",\"name\":\"Bellunopress - Dolomiti\",\"description\":\"e-mail: redazione@bellunopress.it\",\"publisher\":{\"@id\":\"https:\\\/\\\/www.bellunopress.it\\\/#organization\"},\"potentialAction\":[{\"@type\":\"SearchAction\",\"target\":{\"@type\":\"EntryPoint\",\"urlTemplate\":\"https:\\\/\\\/www.bellunopress.it\\\/?s={search_term_string}\"},\"query-input\":{\"@type\":\"PropertyValueSpecification\",\"valueRequired\":true,\"valueName\":\"search_term_string\"}}],\"inLanguage\":\"fr-FR\"},{\"@type\":\"Organization\",\"@id\":\"https:\\\/\\\/www.bellunopress.it\\\/#organization\",\"name\":\"Bellunopress\",\"url\":\"https:\\\/\\\/www.bellunopress.it\\\/\",\"logo\":{\"@type\":\"ImageObject\",\"inLanguage\":\"fr-FR\",\"@id\":\"https:\\\/\\\/www.bellunopress.it\\\/#\\\/schema\\\/logo\\\/image\\\/\",\"url\":\"https:\\\/\\\/www.bellunopress.it\\\/wp-content\\\/uploads\\\/2011\\\/05\\\/cropped-logo-bellunopress-.jpg\",\"contentUrl\":\"https:\\\/\\\/www.bellunopress.it\\\/wp-content\\\/uploads\\\/2011\\\/05\\\/cropped-logo-bellunopress-.jpg\",\"width\":512,\"height\":512,\"caption\":\"Bellunopress\"},\"image\":{\"@id\":\"https:\\\/\\\/www.bellunopress.it\\\/#\\\/schema\\\/logo\\\/image\\\/\"},\"sameAs\":[\"https:\\\/\\\/www.facebook.com\\\/profile.php?id=100008943462799\",\"https:\\\/\\\/x.com\\\/bellunopress\",\"https:\\\/\\\/www.linkedin.com\\\/hp\\\/?dnr=JBzUWaJfMUw8vbXJJ2tVW5-I3jZKvC4wsoxE&amp;amp;amp;amp;amp;amp;trk=nav_responsive_tab_home\",\"https:\\\/\\\/www.youtube.com\\\/channel\\\/UCxL0wu1uN0_3_7hGG0306cw\"]},{\"@type\":\"Person\",\"@id\":\"https:\\\/\\\/www.bellunopress.it\\\/#\\\/schema\\\/person\\\/79bb06722b37ece1c03d3e94beb30d73\",\"name\":\"redazione\",\"image\":{\"@type\":\"ImageObject\",\"inLanguage\":\"fr-FR\",\"@id\":\"https:\\\/\\\/secure.gravatar.com\\\/avatar\\\/37d968a2e67a6fd04c169c4bdef102d0bc5d31b2546345219e348575eb80e9a0?s=96&d=mm&r=g\",\"url\":\"https:\\\/\\\/secure.gravatar.com\\\/avatar\\\/37d968a2e67a6fd04c169c4bdef102d0bc5d31b2546345219e348575eb80e9a0?s=96&d=mm&r=g\",\"contentUrl\":\"https:\\\/\\\/secure.gravatar.com\\\/avatar\\\/37d968a2e67a6fd04c169c4bdef102d0bc5d31b2546345219e348575eb80e9a0?s=96&d=mm&r=g\",\"caption\":\"redazione\"},\"sameAs\":[\"http:\\\/\\\/www.bellunopress.it\",\"https:\\\/\\\/x.com\\\/bellunopress\"],\"url\":\"https:\\\/\\\/www.bellunopress.it\\\/fr\\\/author\\\/redazione\\\/\"}]}<\/script>\n<!-- \/ Yoast SEO plugin. -->","yoast_head_json":{"title":"Belluno-Feltre run, gi\u00e0 115 squadre iscritte alla 3x10 Km. Anche Silvia Serafini e Antonio Armuzzi al via della gara sui 30 km che ha raggiunto le 600 richieste di pettorale. Iscrizioni aperte sino a gioved\u00ec - Bellunopress - Dolomiti","robots":{"index":"index","follow":"follow","max-snippet":"max-snippet:-1","max-image-preview":"max-image-preview:large","max-video-preview":"max-video-preview:-1"},"canonical":"https:\/\/www.bellunopress.it\/fr\/2013\/03\/20\/belluno-feltre-run-gia-115-squadre-iscritte-alla-3x10-km-anche-silvia-serafini-e-antonio-armuzzi-al-via-della-gara-sui-30-km-che-ha-raggiunto-le-600-richieste-di-pettorale-iscrizioni-aperte-sino-a\/","og_locale":"fr_FR","og_type":"article","og_title":"Belluno-Feltre run, gi\u00e0 115 squadre iscritte alla 3x10 Km. Anche Silvia Serafini e Antonio Armuzzi al via della gara sui 30 km che ha raggiunto le 600 richieste di pettorale. Iscrizioni aperte sino a gioved\u00ec - Bellunopress - Dolomiti","og_description":"Il primo record \u00e8 gi\u00e0 sicuro: 115 squadre si sono iscritte alla staffetta 3&#215;10 km che domenica 24 marzo costituir\u00e0 uno dei piatti forti della sesta edizione della Belluno-Feltre Run. Le iscrizioni resteranno aperte sino a gioved\u00ec 21 marzo e qualche altra squadra potr\u00e0 decidere di partecipare all\u0092ultimo momento, ma il numero \u00e8 gi\u00e0 da [&hellip;]","og_url":"https:\/\/www.bellunopress.it\/fr\/2013\/03\/20\/belluno-feltre-run-gia-115-squadre-iscritte-alla-3x10-km-anche-silvia-serafini-e-antonio-armuzzi-al-via-della-gara-sui-30-km-che-ha-raggiunto-le-600-richieste-di-pettorale-iscrizioni-aperte-sino-a\/","og_site_name":"Bellunopress - Dolomiti","article_publisher":"https:\/\/www.facebook.com\/profile.php?id=100008943462799","article_published_time":"2013-03-20T21:20:34+00:00","og_image":[{"url":"http:\/\/www.bellunopress.it\/wp-content\/uploads\/2012\/07\/logo-bellunopress-250x250-2012.jpg","type":"","width":"","height":""}],"author":"redazione","twitter_card":"summary_large_image","twitter_creator":"@bellunopress","twitter_site":"@bellunopress","twitter_misc":{"Written by":"redazione","Est. reading time":"2 minutes"},"schema":{"@context":"https:\/\/schema.org","@graph":[{"@type":"Article","@id":"https:\/\/www.bellunopress.it\/2013\/03\/20\/belluno-feltre-run-gia-115-squadre-iscritte-alla-3x10-km-anche-silvia-serafini-e-antonio-armuzzi-al-via-della-gara-sui-30-km-che-ha-raggiunto-le-600-richieste-di-pettorale-iscrizioni-aperte-sino-a\/#article","isPartOf":{"@id":"https:\/\/www.bellunopress.it\/2013\/03\/20\/belluno-feltre-run-gia-115-squadre-iscritte-alla-3x10-km-anche-silvia-serafini-e-antonio-armuzzi-al-via-della-gara-sui-30-km-che-ha-raggiunto-le-600-richieste-di-pettorale-iscrizioni-aperte-sino-a\/"},"author":{"name":"redazione","@id":"https:\/\/www.bellunopress.it\/#\/schema\/person\/79bb06722b37ece1c03d3e94beb30d73"},"headline":"Belluno-Feltre run, gi\u00e0 115 squadre iscritte alla 3&#215;10 Km. Anche Silvia Serafini e Antonio Armuzzi al via della gara sui 30 km che ha raggiunto le 600 richieste di pettorale. Iscrizioni aperte sino a gioved\u00ec","datePublished":"2013-03-20T21:20:34+00:00","mainEntityOfPage":{"@id":"https:\/\/www.bellunopress.it\/2013\/03\/20\/belluno-feltre-run-gia-115-squadre-iscritte-alla-3x10-km-anche-silvia-serafini-e-antonio-armuzzi-al-via-della-gara-sui-30-km-che-ha-raggiunto-le-600-richieste-di-pettorale-iscrizioni-aperte-sino-a\/"},"wordCount":424,"publisher":{"@id":"https:\/\/www.bellunopress.it\/#organization"},"articleSection":["Pausa Caff\u00e8","Sport, tempo libero"],"inLanguage":"fr-FR"},{"@type":"WebPage","@id":"https:\/\/www.bellunopress.it\/2013\/03\/20\/belluno-feltre-run-gia-115-squadre-iscritte-alla-3x10-km-anche-silvia-serafini-e-antonio-armuzzi-al-via-della-gara-sui-30-km-che-ha-raggiunto-le-600-richieste-di-pettorale-iscrizioni-aperte-sino-a\/","url":"https:\/\/www.bellunopress.it\/2013\/03\/20\/belluno-feltre-run-gia-115-squadre-iscritte-alla-3x10-km-anche-silvia-serafini-e-antonio-armuzzi-al-via-della-gara-sui-30-km-che-ha-raggiunto-le-600-richieste-di-pettorale-iscrizioni-aperte-sino-a\/","name":"Belluno-Feltre run, gi\u00e0 115 squadre iscritte alla 3x10 Km. Anche Silvia Serafini e Antonio Armuzzi al via della gara sui 30 km che ha raggiunto le 600 richieste di pettorale. Iscrizioni aperte sino a gioved\u00ec - Bellunopress - Dolomiti","isPartOf":{"@id":"https:\/\/www.bellunopress.it\/#website"},"datePublished":"2013-03-20T21:20:34+00:00","breadcrumb":{"@id":"https:\/\/www.bellunopress.it\/2013\/03\/20\/belluno-feltre-run-gia-115-squadre-iscritte-alla-3x10-km-anche-silvia-serafini-e-antonio-armuzzi-al-via-della-gara-sui-30-km-che-ha-raggiunto-le-600-richieste-di-pettorale-iscrizioni-aperte-sino-a\/#breadcrumb"},"inLanguage":"fr-FR","potentialAction":[{"@type":"ReadAction","target":["https:\/\/www.bellunopress.it\/2013\/03\/20\/belluno-feltre-run-gia-115-squadre-iscritte-alla-3x10-km-anche-silvia-serafini-e-antonio-armuzzi-al-via-della-gara-sui-30-km-che-ha-raggiunto-le-600-richieste-di-pettorale-iscrizioni-aperte-sino-a\/"]}]},{"@type":"BreadcrumbList","@id":"https:\/\/www.bellunopress.it\/2013\/03\/20\/belluno-feltre-run-gia-115-squadre-iscritte-alla-3x10-km-anche-silvia-serafini-e-antonio-armuzzi-al-via-della-gara-sui-30-km-che-ha-raggiunto-le-600-richieste-di-pettorale-iscrizioni-aperte-sino-a\/#breadcrumb","itemListElement":[{"@type":"ListItem","position":1,"name":"Home","item":"https:\/\/www.bellunopress.it\/"},{"@type":"ListItem","position":2,"name":"Belluno-Feltre run, gi\u00e0 115 squadre iscritte alla 3&#215;10 Km. Anche Silvia Serafini e Antonio Armuzzi al via della gara sui 30 km che ha raggiunto le 600 richieste di pettorale. Iscrizioni aperte sino a gioved\u00ec"}]},{"@type":"WebSite","@id":"https:\/\/www.bellunopress.it\/#website","url":"https:\/\/www.bellunopress.it\/","name":"Bellunopress - Dolomiti","description":"e-mail: redazione@bellunopress.it","publisher":{"@id":"https:\/\/www.bellunopress.it\/#organization"},"potentialAction":[{"@type":"SearchAction","target":{"@type":"EntryPoint","urlTemplate":"https:\/\/www.bellunopress.it\/?s={search_term_string}"},"query-input":{"@type":"PropertyValueSpecification","valueRequired":true,"valueName":"search_term_string"}}],"inLanguage":"fr-FR"},{"@type":"Organization","@id":"https:\/\/www.bellunopress.it\/#organization","name":"Bellunopress","url":"https:\/\/www.bellunopress.it\/","logo":{"@type":"ImageObject","inLanguage":"fr-FR","@id":"https:\/\/www.bellunopress.it\/#\/schema\/logo\/image\/","url":"https:\/\/www.bellunopress.it\/wp-content\/uploads\/2011\/05\/cropped-logo-bellunopress-.jpg","contentUrl":"https:\/\/www.bellunopress.it\/wp-content\/uploads\/2011\/05\/cropped-logo-bellunopress-.jpg","width":512,"height":512,"caption":"Bellunopress"},"image":{"@id":"https:\/\/www.bellunopress.it\/#\/schema\/logo\/image\/"},"sameAs":["https:\/\/www.facebook.com\/profile.php?id=100008943462799","https:\/\/x.com\/bellunopress","https:\/\/www.linkedin.com\/hp\/?dnr=JBzUWaJfMUw8vbXJJ2tVW5-I3jZKvC4wsoxE&amp;amp;amp;amp;amp;amp;trk=nav_responsive_tab_home","https:\/\/www.youtube.com\/channel\/UCxL0wu1uN0_3_7hGG0306cw"]},{"@type":"Person","@id":"https:\/\/www.bellunopress.it\/#\/schema\/person\/79bb06722b37ece1c03d3e94beb30d73","name":"r\u00e9daction","image":{"@type":"ImageObject","inLanguage":"fr-FR","@id":"https:\/\/secure.gravatar.com\/avatar\/37d968a2e67a6fd04c169c4bdef102d0bc5d31b2546345219e348575eb80e9a0?s=96&d=mm&r=g","url":"https:\/\/secure.gravatar.com\/avatar\/37d968a2e67a6fd04c169c4bdef102d0bc5d31b2546345219e348575eb80e9a0?s=96&d=mm&r=g","contentUrl":"https:\/\/secure.gravatar.com\/avatar\/37d968a2e67a6fd04c169c4bdef102d0bc5d31b2546345219e348575eb80e9a0?s=96&d=mm&r=g","caption":"redazione"},"sameAs":["http:\/\/www.bellunopress.it","https:\/\/x.com\/bellunopress"],"url":"https:\/\/www.bellunopress.it\/fr\/author\/redazione\/"}]}},"_links":{"self":[{"href":"https:\/\/www.bellunopress.it\/fr\/wp-json\/wp\/v2\/posts\/47774","targetHints":{"allow":["GET"]}}],"collection":[{"href":"https:\/\/www.bellunopress.it\/fr\/wp-json\/wp\/v2\/posts"}],"about":[{"href":"https:\/\/www.bellunopress.it\/fr\/wp-json\/wp\/v2\/types\/post"}],"author":[{"embeddable":true,"href":"https:\/\/www.bellunopress.it\/fr\/wp-json\/wp\/v2\/users\/2"}],"replies":[{"embeddable":true,"href":"https:\/\/www.bellunopress.it\/fr\/wp-json\/wp\/v2\/comments?post=47774"}],"version-history":[{"count":1,"href":"https:\/\/www.bellunopress.it\/fr\/wp-json\/wp\/v2\/posts\/47774\/revisions"}],"predecessor-version":[{"id":47775,"href":"https:\/\/www.bellunopress.it\/fr\/wp-json\/wp\/v2\/posts\/47774\/revisions\/47775"}],"wp:attachment":[{"href":"https:\/\/www.bellunopress.it\/fr\/wp-json\/wp\/v2\/media?parent=47774"}],"wp:term":[{"taxonomy":"category","embeddable":true,"href":"https:\/\/www.bellunopress.it\/fr\/wp-json\/wp\/v2\/categories?post=47774"},{"taxonomy":"post_tag","embeddable":true,"href":"https:\/\/www.bellunopress.it\/fr\/wp-json\/wp\/v2\/tags?post=47774"}],"curies":[{"name":"wp","href":"https:\/\/api.w.org\/{rel}","templated":true}]}}