{"id":47732,"date":"2013-03-19T15:41:13","date_gmt":"2013-03-19T14:41:13","guid":{"rendered":"http:\/\/www.bellunopress.it\/?p=47732"},"modified":"2013-03-19T15:41:13","modified_gmt":"2013-03-19T14:41:13","slug":"afghanistan-il-7mo-alpini-subentra-al-3-reggimento-alpini-alla-transition-support-unit-center-di-shindand","status":"publish","type":"post","link":"https:\/\/www.bellunopress.it\/fr\/2013\/03\/19\/afghanistan-il-7mo-alpini-subentra-al-3-reggimento-alpini-alla-transition-support-unit-center-di-shindand\/","title":{"rendered":"Afghanistan: il 7mo alpini subentra al 3\u00b0 Reggimento alpini alla Transition Support Unit &#8211; Center di Shindand"},"content":{"rendered":"<p><a href=\"http:\/\/www.bellunopress.it\/wp-content\/uploads\/2013\/03\/Afghanistan-autocolonna-di-Lince-nel-distretto-di-Obeh.jpg\"><img loading=\"lazy\" decoding=\"async\" class=\"alignleft size-full wp-image-47733\" alt=\"Afghanistan autocolonna di Lince nel distretto di Obeh\" src=\"http:\/\/www.bellunopress.it\/wp-content\/uploads\/2013\/03\/Afghanistan-autocolonna-di-Lince-nel-distretto-di-Obeh.jpg\" width=\"212\" height=\"290\" \/><\/a>Afghanistan, 19 marzo 2013 \u2013 Presso FOB \u2018La Marmora\u2019 a Shindand, si \u00e8 tenuta oggi la cerimonia con cui il Colonnello Andrea Bertocchi, Comandante della Transition Support Unit \u2013 Center, ha ceduto il comando dell\u2019unit\u00e0 al Colonnello Stefano Mega.<\/p>\n<p>La TSU \u2013 Center \u00e8 l\u2019unit\u00e0 che assiste e supporta le Forze di sicurezza afghane (Esercito e Polizia) nella provincia di Herat. Costituita su base 3\u00b0 Reggimento alpini di Pinerolo e con il concorso di unit\u00e0 del 9\u00b0 Reggimento fanteria di Trani e del 32\u00b0 Reggimento genio guastatori di Torino, nel corso del proprio mandato ha vissuto un momento fondamentale nell\u2019evoluzione della missione, come ricordato anche dal Colonnello Bertocchi nel corso del suo discorso. Il passaggio di responsabilit\u00e0 alle ANSF (Afghan National Security Forces), siglato lo scorso 20 febbraio, rappresenta il culmine di sei intensi mesi di operazioni al fianco delle Forze di sicurezza afghane.<\/p>\n<p>Delle oltre 700 attivit\u00e0 svolte dalla TSU, quasi 400 sono state sviluppate insieme alle ANSF e hanno consentito di incrementarne considerevolmente il grado di autonomia operativa, come dimostrano le operazioni condotte dall\u2019Afghan National Army a livello brigata e battaglione. Queste ultime hanno consentito di arrestare numerosi insorti e sequestrare armi, munizioni ed esplosivi, estendendo al tempo stesso il controllo delle Forze di Sicurezza alla difficile area di Toraghundi, valico di confine con il Turkmenistan, e al Distretto di Shindand, l\u2019area pi\u00f9 critica della provincia di Herat.<\/p>\n<p>La Transition Support Unit \u2013 Center, congiuntamente con le Forze di sicurezza afghane, ha inoltre garantito una costante presenza su tutta l\u2019area di responsabilit\u00e0 garantendo la libert\u00e0 di movimento sulle principali vie di comunicazione e la sicurezza della popolazione. Attivit\u00e0 grazie alle quali, come ha ricordato il Colonnello Bertocchi ringraziando tutti gli uomini e le donne al suo Comando per lo straordinario lavoro svolto, si \u00e8 sviluppato un proficuo rapporto professionale con le Forze di sicurezza afghane, creando i presupposti per la transizione della sicurezza nella provincia di Herat, avvenuta a febbraio.<\/p>\n<p>&nbsp;<\/p>","protected":false},"excerpt":{"rendered":"<p>Afghanistan, 19 marzo 2013 \u2013 Presso FOB \u2018La Marmora\u2019 a Shindand, si \u00e8 tenuta oggi la cerimonia con cui il Colonnello Andrea Bertocchi, Comandante della Transition Support Unit \u2013 Center, ha ceduto il comando dell\u2019unit\u00e0 al Colonnello Stefano Mega. La TSU \u2013 Center \u00e8 l\u2019unit\u00e0 che assiste e supporta le Forze di sicurezza afghane (Esercito [&hellip;]<\/p>\n","protected":false},"author":2,"featured_media":0,"comment_status":"closed","ping_status":"open","sticky":false,"template":"","format":"standard","meta":{"footnotes":""},"categories":[1],"tags":[],"class_list":["post-47732","post","type-post","status-publish","format-standard","category-leo"],"yoast_head":"<!-- This site is optimized with the Yoast SEO plugin v28.4 - https:\/\/yoast.com\/product\/yoast-seo-wordpress\/ -->\n<title>Afghanistan: il 7mo alpini subentra al 3\u00b0 Reggimento alpini alla Transition Support Unit - Center di Shindand  - Bellunopress - Dolomiti<\/title>\n<meta name=\"robots\" content=\"index, follow, max-snippet:-1, max-image-preview:large, max-video-preview:-1\" \/>\n<link rel=\"canonical\" href=\"https:\/\/www.bellunopress.it\/fr\/2013\/03\/19\/afghanistan-il-7mo-alpini-subentra-al-3-reggimento-alpini-alla-transition-support-unit-center-di-shindand\/\" \/>\n<meta property=\"og:locale\" content=\"fr_FR\" \/>\n<meta property=\"og:type\" content=\"article\" \/>\n<meta property=\"og:title\" content=\"Afghanistan: il 7mo alpini subentra al 3\u00b0 Reggimento alpini alla Transition Support Unit - Center di Shindand  - Bellunopress - Dolomiti\" \/>\n<meta property=\"og:description\" content=\"Afghanistan, 19 marzo 2013 \u2013 Presso FOB \u2018La Marmora\u2019 a Shindand, si \u00e8 tenuta oggi la cerimonia con cui il Colonnello Andrea Bertocchi, Comandante della Transition Support Unit \u2013 Center, ha ceduto il comando dell\u2019unit\u00e0 al Colonnello Stefano Mega. La TSU \u2013 Center \u00e8 l\u2019unit\u00e0 che assiste e supporta le Forze di sicurezza afghane (Esercito [&hellip;]\" \/>\n<meta property=\"og:url\" content=\"https:\/\/www.bellunopress.it\/fr\/2013\/03\/19\/afghanistan-il-7mo-alpini-subentra-al-3-reggimento-alpini-alla-transition-support-unit-center-di-shindand\/\" \/>\n<meta property=\"og:site_name\" content=\"Bellunopress - Dolomiti\" \/>\n<meta property=\"article:publisher\" content=\"https:\/\/www.facebook.com\/profile.php?id=100008943462799\" \/>\n<meta property=\"article:published_time\" content=\"2013-03-19T14:41:13+00:00\" \/>\n<meta property=\"og:image\" content=\"http:\/\/www.bellunopress.it\/wp-content\/uploads\/2013\/03\/Afghanistan-autocolonna-di-Lince-nel-distretto-di-Obeh.jpg\" \/>\n<meta name=\"author\" content=\"redazione\" \/>\n<meta name=\"twitter:card\" content=\"summary_large_image\" \/>\n<meta name=\"twitter:creator\" content=\"@bellunopress\" \/>\n<meta name=\"twitter:site\" content=\"@bellunopress\" \/>\n<meta name=\"twitter:label1\" content=\"Written by\" \/>\n\t<meta name=\"twitter:data1\" content=\"redazione\" \/>\n\t<meta name=\"twitter:label2\" content=\"Est. reading time\" \/>\n\t<meta name=\"twitter:data2\" content=\"2 minutes\" \/>\n<script type=\"application\/ld+json\" class=\"yoast-schema-graph\">{\"@context\":\"https:\\\/\\\/schema.org\",\"@graph\":[{\"@type\":\"Article\",\"@id\":\"https:\\\/\\\/www.bellunopress.it\\\/2013\\\/03\\\/19\\\/afghanistan-il-7mo-alpini-subentra-al-3-reggimento-alpini-alla-transition-support-unit-center-di-shindand\\\/#article\",\"isPartOf\":{\"@id\":\"https:\\\/\\\/www.bellunopress.it\\\/2013\\\/03\\\/19\\\/afghanistan-il-7mo-alpini-subentra-al-3-reggimento-alpini-alla-transition-support-unit-center-di-shindand\\\/\"},\"author\":{\"name\":\"redazione\",\"@id\":\"https:\\\/\\\/www.bellunopress.it\\\/#\\\/schema\\\/person\\\/79bb06722b37ece1c03d3e94beb30d73\"},\"headline\":\"Afghanistan: il 7mo alpini subentra al 3\u00b0 Reggimento alpini alla Transition Support Unit &#8211; Center di Shindand\",\"datePublished\":\"2013-03-19T14:41:13+00:00\",\"mainEntityOfPage\":{\"@id\":\"https:\\\/\\\/www.bellunopress.it\\\/2013\\\/03\\\/19\\\/afghanistan-il-7mo-alpini-subentra-al-3-reggimento-alpini-alla-transition-support-unit-center-di-shindand\\\/\"},\"wordCount\":330,\"publisher\":{\"@id\":\"https:\\\/\\\/www.bellunopress.it\\\/#organization\"},\"image\":{\"@id\":\"https:\\\/\\\/www.bellunopress.it\\\/2013\\\/03\\\/19\\\/afghanistan-il-7mo-alpini-subentra-al-3-reggimento-alpini-alla-transition-support-unit-center-di-shindand\\\/#primaryimage\"},\"thumbnailUrl\":\"http:\\\/\\\/www.bellunopress.it\\\/wp-content\\\/uploads\\\/2013\\\/03\\\/Afghanistan-autocolonna-di-Lince-nel-distretto-di-Obeh.jpg\",\"articleSection\":[\"Lettere Opinioni\"],\"inLanguage\":\"fr-FR\"},{\"@type\":\"WebPage\",\"@id\":\"https:\\\/\\\/www.bellunopress.it\\\/2013\\\/03\\\/19\\\/afghanistan-il-7mo-alpini-subentra-al-3-reggimento-alpini-alla-transition-support-unit-center-di-shindand\\\/\",\"url\":\"https:\\\/\\\/www.bellunopress.it\\\/2013\\\/03\\\/19\\\/afghanistan-il-7mo-alpini-subentra-al-3-reggimento-alpini-alla-transition-support-unit-center-di-shindand\\\/\",\"name\":\"Afghanistan: il 7mo alpini subentra al 3\u00b0 Reggimento alpini alla Transition Support Unit - Center di Shindand - Bellunopress - Dolomiti\",\"isPartOf\":{\"@id\":\"https:\\\/\\\/www.bellunopress.it\\\/#website\"},\"primaryImageOfPage\":{\"@id\":\"https:\\\/\\\/www.bellunopress.it\\\/2013\\\/03\\\/19\\\/afghanistan-il-7mo-alpini-subentra-al-3-reggimento-alpini-alla-transition-support-unit-center-di-shindand\\\/#primaryimage\"},\"image\":{\"@id\":\"https:\\\/\\\/www.bellunopress.it\\\/2013\\\/03\\\/19\\\/afghanistan-il-7mo-alpini-subentra-al-3-reggimento-alpini-alla-transition-support-unit-center-di-shindand\\\/#primaryimage\"},\"thumbnailUrl\":\"http:\\\/\\\/www.bellunopress.it\\\/wp-content\\\/uploads\\\/2013\\\/03\\\/Afghanistan-autocolonna-di-Lince-nel-distretto-di-Obeh.jpg\",\"datePublished\":\"2013-03-19T14:41:13+00:00\",\"breadcrumb\":{\"@id\":\"https:\\\/\\\/www.bellunopress.it\\\/2013\\\/03\\\/19\\\/afghanistan-il-7mo-alpini-subentra-al-3-reggimento-alpini-alla-transition-support-unit-center-di-shindand\\\/#breadcrumb\"},\"inLanguage\":\"fr-FR\",\"potentialAction\":[{\"@type\":\"ReadAction\",\"target\":[\"https:\\\/\\\/www.bellunopress.it\\\/2013\\\/03\\\/19\\\/afghanistan-il-7mo-alpini-subentra-al-3-reggimento-alpini-alla-transition-support-unit-center-di-shindand\\\/\"]}]},{\"@type\":\"ImageObject\",\"inLanguage\":\"fr-FR\",\"@id\":\"https:\\\/\\\/www.bellunopress.it\\\/2013\\\/03\\\/19\\\/afghanistan-il-7mo-alpini-subentra-al-3-reggimento-alpini-alla-transition-support-unit-center-di-shindand\\\/#primaryimage\",\"url\":\"http:\\\/\\\/www.bellunopress.it\\\/wp-content\\\/uploads\\\/2013\\\/03\\\/Afghanistan-autocolonna-di-Lince-nel-distretto-di-Obeh.jpg\",\"contentUrl\":\"http:\\\/\\\/www.bellunopress.it\\\/wp-content\\\/uploads\\\/2013\\\/03\\\/Afghanistan-autocolonna-di-Lince-nel-distretto-di-Obeh.jpg\"},{\"@type\":\"BreadcrumbList\",\"@id\":\"https:\\\/\\\/www.bellunopress.it\\\/2013\\\/03\\\/19\\\/afghanistan-il-7mo-alpini-subentra-al-3-reggimento-alpini-alla-transition-support-unit-center-di-shindand\\\/#breadcrumb\",\"itemListElement\":[{\"@type\":\"ListItem\",\"position\":1,\"name\":\"Home\",\"item\":\"https:\\\/\\\/www.bellunopress.it\\\/\"},{\"@type\":\"ListItem\",\"position\":2,\"name\":\"Afghanistan: il 7mo alpini subentra al 3\u00b0 Reggimento alpini alla Transition Support Unit &#8211; Center di Shindand\"}]},{\"@type\":\"WebSite\",\"@id\":\"https:\\\/\\\/www.bellunopress.it\\\/#website\",\"url\":\"https:\\\/\\\/www.bellunopress.it\\\/\",\"name\":\"Bellunopress - Dolomiti\",\"description\":\"e-mail: redazione@bellunopress.it\",\"publisher\":{\"@id\":\"https:\\\/\\\/www.bellunopress.it\\\/#organization\"},\"potentialAction\":[{\"@type\":\"SearchAction\",\"target\":{\"@type\":\"EntryPoint\",\"urlTemplate\":\"https:\\\/\\\/www.bellunopress.it\\\/?s={search_term_string}\"},\"query-input\":{\"@type\":\"PropertyValueSpecification\",\"valueRequired\":true,\"valueName\":\"search_term_string\"}}],\"inLanguage\":\"fr-FR\"},{\"@type\":\"Organization\",\"@id\":\"https:\\\/\\\/www.bellunopress.it\\\/#organization\",\"name\":\"Bellunopress\",\"url\":\"https:\\\/\\\/www.bellunopress.it\\\/\",\"logo\":{\"@type\":\"ImageObject\",\"inLanguage\":\"fr-FR\",\"@id\":\"https:\\\/\\\/www.bellunopress.it\\\/#\\\/schema\\\/logo\\\/image\\\/\",\"url\":\"https:\\\/\\\/www.bellunopress.it\\\/wp-content\\\/uploads\\\/2011\\\/05\\\/cropped-logo-bellunopress-.jpg\",\"contentUrl\":\"https:\\\/\\\/www.bellunopress.it\\\/wp-content\\\/uploads\\\/2011\\\/05\\\/cropped-logo-bellunopress-.jpg\",\"width\":512,\"height\":512,\"caption\":\"Bellunopress\"},\"image\":{\"@id\":\"https:\\\/\\\/www.bellunopress.it\\\/#\\\/schema\\\/logo\\\/image\\\/\"},\"sameAs\":[\"https:\\\/\\\/www.facebook.com\\\/profile.php?id=100008943462799\",\"https:\\\/\\\/x.com\\\/bellunopress\",\"https:\\\/\\\/www.linkedin.com\\\/hp\\\/?dnr=JBzUWaJfMUw8vbXJJ2tVW5-I3jZKvC4wsoxE&amp;amp;amp;amp;amp;amp;trk=nav_responsive_tab_home\",\"https:\\\/\\\/www.youtube.com\\\/channel\\\/UCxL0wu1uN0_3_7hGG0306cw\"]},{\"@type\":\"Person\",\"@id\":\"https:\\\/\\\/www.bellunopress.it\\\/#\\\/schema\\\/person\\\/79bb06722b37ece1c03d3e94beb30d73\",\"name\":\"redazione\",\"image\":{\"@type\":\"ImageObject\",\"inLanguage\":\"fr-FR\",\"@id\":\"https:\\\/\\\/secure.gravatar.com\\\/avatar\\\/37d968a2e67a6fd04c169c4bdef102d0bc5d31b2546345219e348575eb80e9a0?s=96&d=mm&r=g\",\"url\":\"https:\\\/\\\/secure.gravatar.com\\\/avatar\\\/37d968a2e67a6fd04c169c4bdef102d0bc5d31b2546345219e348575eb80e9a0?s=96&d=mm&r=g\",\"contentUrl\":\"https:\\\/\\\/secure.gravatar.com\\\/avatar\\\/37d968a2e67a6fd04c169c4bdef102d0bc5d31b2546345219e348575eb80e9a0?s=96&d=mm&r=g\",\"caption\":\"redazione\"},\"sameAs\":[\"http:\\\/\\\/www.bellunopress.it\",\"https:\\\/\\\/x.com\\\/bellunopress\"],\"url\":\"https:\\\/\\\/www.bellunopress.it\\\/fr\\\/author\\\/redazione\\\/\"}]}<\/script>\n<!-- \/ Yoast SEO plugin. -->","yoast_head_json":{"title":"Afghanistan: il 7mo alpini subentra al 3\u00b0 Reggimento alpini alla Transition Support Unit - Center di Shindand  - Bellunopress - Dolomiti","robots":{"index":"index","follow":"follow","max-snippet":"max-snippet:-1","max-image-preview":"max-image-preview:large","max-video-preview":"max-video-preview:-1"},"canonical":"https:\/\/www.bellunopress.it\/fr\/2013\/03\/19\/afghanistan-il-7mo-alpini-subentra-al-3-reggimento-alpini-alla-transition-support-unit-center-di-shindand\/","og_locale":"fr_FR","og_type":"article","og_title":"Afghanistan: il 7mo alpini subentra al 3\u00b0 Reggimento alpini alla Transition Support Unit - Center di Shindand  - Bellunopress - Dolomiti","og_description":"Afghanistan, 19 marzo 2013 \u2013 Presso FOB \u2018La Marmora\u2019 a Shindand, si \u00e8 tenuta oggi la cerimonia con cui il Colonnello Andrea Bertocchi, Comandante della Transition Support Unit \u2013 Center, ha ceduto il comando dell\u2019unit\u00e0 al Colonnello Stefano Mega. La TSU \u2013 Center \u00e8 l\u2019unit\u00e0 che assiste e supporta le Forze di sicurezza afghane (Esercito [&hellip;]","og_url":"https:\/\/www.bellunopress.it\/fr\/2013\/03\/19\/afghanistan-il-7mo-alpini-subentra-al-3-reggimento-alpini-alla-transition-support-unit-center-di-shindand\/","og_site_name":"Bellunopress - Dolomiti","article_publisher":"https:\/\/www.facebook.com\/profile.php?id=100008943462799","article_published_time":"2013-03-19T14:41:13+00:00","og_image":[{"url":"http:\/\/www.bellunopress.it\/wp-content\/uploads\/2013\/03\/Afghanistan-autocolonna-di-Lince-nel-distretto-di-Obeh.jpg","type":"","width":"","height":""}],"author":"redazione","twitter_card":"summary_large_image","twitter_creator":"@bellunopress","twitter_site":"@bellunopress","twitter_misc":{"Written by":"redazione","Est. reading time":"2 minutes"},"schema":{"@context":"https:\/\/schema.org","@graph":[{"@type":"Article","@id":"https:\/\/www.bellunopress.it\/2013\/03\/19\/afghanistan-il-7mo-alpini-subentra-al-3-reggimento-alpini-alla-transition-support-unit-center-di-shindand\/#article","isPartOf":{"@id":"https:\/\/www.bellunopress.it\/2013\/03\/19\/afghanistan-il-7mo-alpini-subentra-al-3-reggimento-alpini-alla-transition-support-unit-center-di-shindand\/"},"author":{"name":"redazione","@id":"https:\/\/www.bellunopress.it\/#\/schema\/person\/79bb06722b37ece1c03d3e94beb30d73"},"headline":"Afghanistan: il 7mo alpini subentra al 3\u00b0 Reggimento alpini alla Transition Support Unit &#8211; Center di Shindand","datePublished":"2013-03-19T14:41:13+00:00","mainEntityOfPage":{"@id":"https:\/\/www.bellunopress.it\/2013\/03\/19\/afghanistan-il-7mo-alpini-subentra-al-3-reggimento-alpini-alla-transition-support-unit-center-di-shindand\/"},"wordCount":330,"publisher":{"@id":"https:\/\/www.bellunopress.it\/#organization"},"image":{"@id":"https:\/\/www.bellunopress.it\/2013\/03\/19\/afghanistan-il-7mo-alpini-subentra-al-3-reggimento-alpini-alla-transition-support-unit-center-di-shindand\/#primaryimage"},"thumbnailUrl":"http:\/\/www.bellunopress.it\/wp-content\/uploads\/2013\/03\/Afghanistan-autocolonna-di-Lince-nel-distretto-di-Obeh.jpg","articleSection":["Lettere Opinioni"],"inLanguage":"fr-FR"},{"@type":"WebPage","@id":"https:\/\/www.bellunopress.it\/2013\/03\/19\/afghanistan-il-7mo-alpini-subentra-al-3-reggimento-alpini-alla-transition-support-unit-center-di-shindand\/","url":"https:\/\/www.bellunopress.it\/2013\/03\/19\/afghanistan-il-7mo-alpini-subentra-al-3-reggimento-alpini-alla-transition-support-unit-center-di-shindand\/","name":"Afghanistan: il 7mo alpini subentra al 3\u00b0 Reggimento alpini alla Transition Support Unit - Center di Shindand - Bellunopress - Dolomiti","isPartOf":{"@id":"https:\/\/www.bellunopress.it\/#website"},"primaryImageOfPage":{"@id":"https:\/\/www.bellunopress.it\/2013\/03\/19\/afghanistan-il-7mo-alpini-subentra-al-3-reggimento-alpini-alla-transition-support-unit-center-di-shindand\/#primaryimage"},"image":{"@id":"https:\/\/www.bellunopress.it\/2013\/03\/19\/afghanistan-il-7mo-alpini-subentra-al-3-reggimento-alpini-alla-transition-support-unit-center-di-shindand\/#primaryimage"},"thumbnailUrl":"http:\/\/www.bellunopress.it\/wp-content\/uploads\/2013\/03\/Afghanistan-autocolonna-di-Lince-nel-distretto-di-Obeh.jpg","datePublished":"2013-03-19T14:41:13+00:00","breadcrumb":{"@id":"https:\/\/www.bellunopress.it\/2013\/03\/19\/afghanistan-il-7mo-alpini-subentra-al-3-reggimento-alpini-alla-transition-support-unit-center-di-shindand\/#breadcrumb"},"inLanguage":"fr-FR","potentialAction":[{"@type":"ReadAction","target":["https:\/\/www.bellunopress.it\/2013\/03\/19\/afghanistan-il-7mo-alpini-subentra-al-3-reggimento-alpini-alla-transition-support-unit-center-di-shindand\/"]}]},{"@type":"ImageObject","inLanguage":"fr-FR","@id":"https:\/\/www.bellunopress.it\/2013\/03\/19\/afghanistan-il-7mo-alpini-subentra-al-3-reggimento-alpini-alla-transition-support-unit-center-di-shindand\/#primaryimage","url":"http:\/\/www.bellunopress.it\/wp-content\/uploads\/2013\/03\/Afghanistan-autocolonna-di-Lince-nel-distretto-di-Obeh.jpg","contentUrl":"http:\/\/www.bellunopress.it\/wp-content\/uploads\/2013\/03\/Afghanistan-autocolonna-di-Lince-nel-distretto-di-Obeh.jpg"},{"@type":"BreadcrumbList","@id":"https:\/\/www.bellunopress.it\/2013\/03\/19\/afghanistan-il-7mo-alpini-subentra-al-3-reggimento-alpini-alla-transition-support-unit-center-di-shindand\/#breadcrumb","itemListElement":[{"@type":"ListItem","position":1,"name":"Home","item":"https:\/\/www.bellunopress.it\/"},{"@type":"ListItem","position":2,"name":"Afghanistan: il 7mo alpini subentra al 3\u00b0 Reggimento alpini alla Transition Support Unit &#8211; Center di Shindand"}]},{"@type":"WebSite","@id":"https:\/\/www.bellunopress.it\/#website","url":"https:\/\/www.bellunopress.it\/","name":"Bellunopress - Dolomiti","description":"e-mail: redazione@bellunopress.it","publisher":{"@id":"https:\/\/www.bellunopress.it\/#organization"},"potentialAction":[{"@type":"SearchAction","target":{"@type":"EntryPoint","urlTemplate":"https:\/\/www.bellunopress.it\/?s={search_term_string}"},"query-input":{"@type":"PropertyValueSpecification","valueRequired":true,"valueName":"search_term_string"}}],"inLanguage":"fr-FR"},{"@type":"Organization","@id":"https:\/\/www.bellunopress.it\/#organization","name":"Bellunopress","url":"https:\/\/www.bellunopress.it\/","logo":{"@type":"ImageObject","inLanguage":"fr-FR","@id":"https:\/\/www.bellunopress.it\/#\/schema\/logo\/image\/","url":"https:\/\/www.bellunopress.it\/wp-content\/uploads\/2011\/05\/cropped-logo-bellunopress-.jpg","contentUrl":"https:\/\/www.bellunopress.it\/wp-content\/uploads\/2011\/05\/cropped-logo-bellunopress-.jpg","width":512,"height":512,"caption":"Bellunopress"},"image":{"@id":"https:\/\/www.bellunopress.it\/#\/schema\/logo\/image\/"},"sameAs":["https:\/\/www.facebook.com\/profile.php?id=100008943462799","https:\/\/x.com\/bellunopress","https:\/\/www.linkedin.com\/hp\/?dnr=JBzUWaJfMUw8vbXJJ2tVW5-I3jZKvC4wsoxE&amp;amp;amp;amp;amp;amp;trk=nav_responsive_tab_home","https:\/\/www.youtube.com\/channel\/UCxL0wu1uN0_3_7hGG0306cw"]},{"@type":"Person","@id":"https:\/\/www.bellunopress.it\/#\/schema\/person\/79bb06722b37ece1c03d3e94beb30d73","name":"r\u00e9daction","image":{"@type":"ImageObject","inLanguage":"fr-FR","@id":"https:\/\/secure.gravatar.com\/avatar\/37d968a2e67a6fd04c169c4bdef102d0bc5d31b2546345219e348575eb80e9a0?s=96&d=mm&r=g","url":"https:\/\/secure.gravatar.com\/avatar\/37d968a2e67a6fd04c169c4bdef102d0bc5d31b2546345219e348575eb80e9a0?s=96&d=mm&r=g","contentUrl":"https:\/\/secure.gravatar.com\/avatar\/37d968a2e67a6fd04c169c4bdef102d0bc5d31b2546345219e348575eb80e9a0?s=96&d=mm&r=g","caption":"redazione"},"sameAs":["http:\/\/www.bellunopress.it","https:\/\/x.com\/bellunopress"],"url":"https:\/\/www.bellunopress.it\/fr\/author\/redazione\/"}]}},"_links":{"self":[{"href":"https:\/\/www.bellunopress.it\/fr\/wp-json\/wp\/v2\/posts\/47732","targetHints":{"allow":["GET"]}}],"collection":[{"href":"https:\/\/www.bellunopress.it\/fr\/wp-json\/wp\/v2\/posts"}],"about":[{"href":"https:\/\/www.bellunopress.it\/fr\/wp-json\/wp\/v2\/types\/post"}],"author":[{"embeddable":true,"href":"https:\/\/www.bellunopress.it\/fr\/wp-json\/wp\/v2\/users\/2"}],"replies":[{"embeddable":true,"href":"https:\/\/www.bellunopress.it\/fr\/wp-json\/wp\/v2\/comments?post=47732"}],"version-history":[{"count":1,"href":"https:\/\/www.bellunopress.it\/fr\/wp-json\/wp\/v2\/posts\/47732\/revisions"}],"predecessor-version":[{"id":47734,"href":"https:\/\/www.bellunopress.it\/fr\/wp-json\/wp\/v2\/posts\/47732\/revisions\/47734"}],"wp:attachment":[{"href":"https:\/\/www.bellunopress.it\/fr\/wp-json\/wp\/v2\/media?parent=47732"}],"wp:term":[{"taxonomy":"category","embeddable":true,"href":"https:\/\/www.bellunopress.it\/fr\/wp-json\/wp\/v2\/categories?post=47732"},{"taxonomy":"post_tag","embeddable":true,"href":"https:\/\/www.bellunopress.it\/fr\/wp-json\/wp\/v2\/tags?post=47732"}],"curies":[{"name":"wp","href":"https:\/\/api.w.org\/{rel}","templated":true}]}}