{"id":47729,"date":"2013-03-19T11:29:01","date_gmt":"2013-03-19T10:29:01","guid":{"rendered":"http:\/\/www.bellunopress.it\/?p=47729"},"modified":"2013-03-19T11:29:01","modified_gmt":"2013-03-19T10:29:01","slug":"venerdi-sera-a-limana-tutto-sugli-e-book-e-sugli-e-reader-a-cura-di-francesca-chiarelli","status":"publish","type":"post","link":"https:\/\/www.bellunopress.it\/fr\/2013\/03\/19\/venerdi-sera-a-limana-tutto-sugli-e-book-e-sugli-e-reader-a-cura-di-francesca-chiarelli\/","title":{"rendered":"Venerd\u00ec sera a Limana tutto sugli e-book e sugli e-reader a cura di Francesca Chiarelli"},"content":{"rendered":"<p>Tutto sugli e-book e sugli e-reader a cura di Francesca Chiarelli. L&#8217;assessorato alla cultura e la Biblioteca comunale di Limana organizzano venerd\u00ec 22 marzo (alle 20.30 in municipio) una serata divulgativa sull&#8217;approfondimento del tema dei libri digitali, ovvero &#8220;E-book: presente e futuro&#8221;, per offrire a tutti una sintesi sulle possibilit\u00e0 tecniche, gli strumenti in commercio, le modalit\u00e0 attuali, i pro ed i contro dei libri elettronici. La relatrice Francesca Chiarelli far\u00e0 una panoramica\u00a0generale sulla situazione attuale in Italia riguardo alla lettura e agli e-book, presenter\u00e0 i vari tipi di dispositivi per la lettura attualmente in commercio,\u00a0con chiarimenti tecnici e pratici per una scelta consapevole ed autonoma nell&#8217;eventuale acquisto. Non mancher\u00e0 inoltre una presentazione degli attuali orientamenti nelle biblioteche, nelle librerie, nel web e i pareri delle case editrici. L\u2019ingresso \u00e8 gratuito.<\/p>","protected":false},"excerpt":{"rendered":"<p>Tutto sugli e-book e sugli e-reader a cura di Francesca Chiarelli. L&#8217;assessorato alla cultura e la Biblioteca comunale di Limana organizzano venerd\u00ec 22 marzo (alle 20.30 in municipio) una serata divulgativa sull&#8217;approfondimento del tema dei libri digitali, ovvero &#8220;E-book: presente e futuro&#8221;, per offrire a tutti una sintesi sulle possibilit\u00e0 tecniche, gli strumenti in commercio, [&hellip;]<\/p>\n","protected":false},"author":2,"featured_media":0,"comment_status":"closed","ping_status":"open","sticky":false,"template":"","format":"standard","meta":{"footnotes":""},"categories":[27,3,25],"tags":[],"class_list":["post-47729","post","type-post","status-publish","format-standard","category-appuntamenti","category-arte-cultura-spettacoli-scienza-archivi","category-pausa-caffe"],"yoast_head":"<!-- This site is optimized with the Yoast SEO plugin v28.4 - https:\/\/yoast.com\/product\/yoast-seo-wordpress\/ -->\n<title>Venerd\u00ec sera a Limana tutto sugli e-book e sugli e-reader a cura di Francesca Chiarelli - Bellunopress - Dolomiti<\/title>\n<meta name=\"robots\" content=\"index, follow, max-snippet:-1, max-image-preview:large, max-video-preview:-1\" \/>\n<link rel=\"canonical\" href=\"https:\/\/www.bellunopress.it\/fr\/2013\/03\/19\/venerdi-sera-a-limana-tutto-sugli-e-book-e-sugli-e-reader-a-cura-di-francesca-chiarelli\/\" \/>\n<meta property=\"og:locale\" content=\"fr_FR\" \/>\n<meta property=\"og:type\" content=\"article\" \/>\n<meta property=\"og:title\" content=\"Venerd\u00ec sera a Limana tutto sugli e-book e sugli e-reader a cura di Francesca Chiarelli - Bellunopress - Dolomiti\" \/>\n<meta property=\"og:description\" content=\"Tutto sugli e-book e sugli e-reader a cura di Francesca Chiarelli. L&#8217;assessorato alla cultura e la Biblioteca comunale di Limana organizzano venerd\u00ec 22 marzo (alle 20.30 in municipio) una serata divulgativa sull&#8217;approfondimento del tema dei libri digitali, ovvero &#8220;E-book: presente e futuro&#8221;, per offrire a tutti una sintesi sulle possibilit\u00e0 tecniche, gli strumenti in commercio, [&hellip;]\" \/>\n<meta property=\"og:url\" content=\"https:\/\/www.bellunopress.it\/fr\/2013\/03\/19\/venerdi-sera-a-limana-tutto-sugli-e-book-e-sugli-e-reader-a-cura-di-francesca-chiarelli\/\" \/>\n<meta property=\"og:site_name\" content=\"Bellunopress - Dolomiti\" \/>\n<meta property=\"article:publisher\" content=\"https:\/\/www.facebook.com\/profile.php?id=100008943462799\" \/>\n<meta property=\"article:published_time\" content=\"2013-03-19T10:29:01+00:00\" \/>\n<meta property=\"og:image\" content=\"http:\/\/www.bellunopress.it\/wp-content\/uploads\/2012\/07\/logo-bellunopress-250x250-2012.jpg\" \/>\n<meta name=\"author\" content=\"redazione\" \/>\n<meta name=\"twitter:card\" content=\"summary_large_image\" \/>\n<meta name=\"twitter:creator\" content=\"@bellunopress\" \/>\n<meta name=\"twitter:site\" content=\"@bellunopress\" \/>\n<meta name=\"twitter:label1\" content=\"Written by\" \/>\n\t<meta name=\"twitter:data1\" content=\"redazione\" \/>\n\t<meta name=\"twitter:label2\" content=\"Est. reading time\" \/>\n\t<meta name=\"twitter:data2\" content=\"1 minute\" \/>\n<script type=\"application\/ld+json\" class=\"yoast-schema-graph\">{\"@context\":\"https:\\\/\\\/schema.org\",\"@graph\":[{\"@type\":\"Article\",\"@id\":\"https:\\\/\\\/www.bellunopress.it\\\/2013\\\/03\\\/19\\\/venerdi-sera-a-limana-tutto-sugli-e-book-e-sugli-e-reader-a-cura-di-francesca-chiarelli\\\/#article\",\"isPartOf\":{\"@id\":\"https:\\\/\\\/www.bellunopress.it\\\/2013\\\/03\\\/19\\\/venerdi-sera-a-limana-tutto-sugli-e-book-e-sugli-e-reader-a-cura-di-francesca-chiarelli\\\/\"},\"author\":{\"name\":\"redazione\",\"@id\":\"https:\\\/\\\/www.bellunopress.it\\\/#\\\/schema\\\/person\\\/79bb06722b37ece1c03d3e94beb30d73\"},\"headline\":\"Venerd\u00ec sera a Limana tutto sugli e-book e sugli e-reader a cura di Francesca Chiarelli\",\"datePublished\":\"2013-03-19T10:29:01+00:00\",\"mainEntityOfPage\":{\"@id\":\"https:\\\/\\\/www.bellunopress.it\\\/2013\\\/03\\\/19\\\/venerdi-sera-a-limana-tutto-sugli-e-book-e-sugli-e-reader-a-cura-di-francesca-chiarelli\\\/\"},\"wordCount\":149,\"publisher\":{\"@id\":\"https:\\\/\\\/www.bellunopress.it\\\/#organization\"},\"articleSection\":[\"Appuntamenti, Eventi\",\"Arte, Cultura, Spettacoli, Scienza\",\"Pausa Caff\u00e8\"],\"inLanguage\":\"fr-FR\"},{\"@type\":\"WebPage\",\"@id\":\"https:\\\/\\\/www.bellunopress.it\\\/2013\\\/03\\\/19\\\/venerdi-sera-a-limana-tutto-sugli-e-book-e-sugli-e-reader-a-cura-di-francesca-chiarelli\\\/\",\"url\":\"https:\\\/\\\/www.bellunopress.it\\\/2013\\\/03\\\/19\\\/venerdi-sera-a-limana-tutto-sugli-e-book-e-sugli-e-reader-a-cura-di-francesca-chiarelli\\\/\",\"name\":\"Venerd\u00ec sera a Limana tutto sugli e-book e sugli e-reader a cura di Francesca Chiarelli - Bellunopress - Dolomiti\",\"isPartOf\":{\"@id\":\"https:\\\/\\\/www.bellunopress.it\\\/#website\"},\"datePublished\":\"2013-03-19T10:29:01+00:00\",\"breadcrumb\":{\"@id\":\"https:\\\/\\\/www.bellunopress.it\\\/2013\\\/03\\\/19\\\/venerdi-sera-a-limana-tutto-sugli-e-book-e-sugli-e-reader-a-cura-di-francesca-chiarelli\\\/#breadcrumb\"},\"inLanguage\":\"fr-FR\",\"potentialAction\":[{\"@type\":\"ReadAction\",\"target\":[\"https:\\\/\\\/www.bellunopress.it\\\/2013\\\/03\\\/19\\\/venerdi-sera-a-limana-tutto-sugli-e-book-e-sugli-e-reader-a-cura-di-francesca-chiarelli\\\/\"]}]},{\"@type\":\"BreadcrumbList\",\"@id\":\"https:\\\/\\\/www.bellunopress.it\\\/2013\\\/03\\\/19\\\/venerdi-sera-a-limana-tutto-sugli-e-book-e-sugli-e-reader-a-cura-di-francesca-chiarelli\\\/#breadcrumb\",\"itemListElement\":[{\"@type\":\"ListItem\",\"position\":1,\"name\":\"Home\",\"item\":\"https:\\\/\\\/www.bellunopress.it\\\/\"},{\"@type\":\"ListItem\",\"position\":2,\"name\":\"Venerd\u00ec sera a Limana tutto sugli e-book e sugli e-reader a cura di Francesca Chiarelli\"}]},{\"@type\":\"WebSite\",\"@id\":\"https:\\\/\\\/www.bellunopress.it\\\/#website\",\"url\":\"https:\\\/\\\/www.bellunopress.it\\\/\",\"name\":\"Bellunopress - Dolomiti\",\"description\":\"e-mail: redazione@bellunopress.it\",\"publisher\":{\"@id\":\"https:\\\/\\\/www.bellunopress.it\\\/#organization\"},\"potentialAction\":[{\"@type\":\"SearchAction\",\"target\":{\"@type\":\"EntryPoint\",\"urlTemplate\":\"https:\\\/\\\/www.bellunopress.it\\\/?s={search_term_string}\"},\"query-input\":{\"@type\":\"PropertyValueSpecification\",\"valueRequired\":true,\"valueName\":\"search_term_string\"}}],\"inLanguage\":\"fr-FR\"},{\"@type\":\"Organization\",\"@id\":\"https:\\\/\\\/www.bellunopress.it\\\/#organization\",\"name\":\"Bellunopress\",\"url\":\"https:\\\/\\\/www.bellunopress.it\\\/\",\"logo\":{\"@type\":\"ImageObject\",\"inLanguage\":\"fr-FR\",\"@id\":\"https:\\\/\\\/www.bellunopress.it\\\/#\\\/schema\\\/logo\\\/image\\\/\",\"url\":\"https:\\\/\\\/www.bellunopress.it\\\/wp-content\\\/uploads\\\/2011\\\/05\\\/cropped-logo-bellunopress-.jpg\",\"contentUrl\":\"https:\\\/\\\/www.bellunopress.it\\\/wp-content\\\/uploads\\\/2011\\\/05\\\/cropped-logo-bellunopress-.jpg\",\"width\":512,\"height\":512,\"caption\":\"Bellunopress\"},\"image\":{\"@id\":\"https:\\\/\\\/www.bellunopress.it\\\/#\\\/schema\\\/logo\\\/image\\\/\"},\"sameAs\":[\"https:\\\/\\\/www.facebook.com\\\/profile.php?id=100008943462799\",\"https:\\\/\\\/x.com\\\/bellunopress\",\"https:\\\/\\\/www.linkedin.com\\\/hp\\\/?dnr=JBzUWaJfMUw8vbXJJ2tVW5-I3jZKvC4wsoxE&amp;amp;amp;amp;amp;amp;trk=nav_responsive_tab_home\",\"https:\\\/\\\/www.youtube.com\\\/channel\\\/UCxL0wu1uN0_3_7hGG0306cw\"]},{\"@type\":\"Person\",\"@id\":\"https:\\\/\\\/www.bellunopress.it\\\/#\\\/schema\\\/person\\\/79bb06722b37ece1c03d3e94beb30d73\",\"name\":\"redazione\",\"image\":{\"@type\":\"ImageObject\",\"inLanguage\":\"fr-FR\",\"@id\":\"https:\\\/\\\/secure.gravatar.com\\\/avatar\\\/37d968a2e67a6fd04c169c4bdef102d0bc5d31b2546345219e348575eb80e9a0?s=96&d=mm&r=g\",\"url\":\"https:\\\/\\\/secure.gravatar.com\\\/avatar\\\/37d968a2e67a6fd04c169c4bdef102d0bc5d31b2546345219e348575eb80e9a0?s=96&d=mm&r=g\",\"contentUrl\":\"https:\\\/\\\/secure.gravatar.com\\\/avatar\\\/37d968a2e67a6fd04c169c4bdef102d0bc5d31b2546345219e348575eb80e9a0?s=96&d=mm&r=g\",\"caption\":\"redazione\"},\"sameAs\":[\"http:\\\/\\\/www.bellunopress.it\",\"https:\\\/\\\/x.com\\\/bellunopress\"],\"url\":\"https:\\\/\\\/www.bellunopress.it\\\/fr\\\/author\\\/redazione\\\/\"}]}<\/script>\n<!-- \/ Yoast SEO plugin. -->","yoast_head_json":{"title":"Venerd\u00ec sera a Limana tutto sugli e-book e sugli e-reader a cura di Francesca Chiarelli - Bellunopress - Dolomiti","robots":{"index":"index","follow":"follow","max-snippet":"max-snippet:-1","max-image-preview":"max-image-preview:large","max-video-preview":"max-video-preview:-1"},"canonical":"https:\/\/www.bellunopress.it\/fr\/2013\/03\/19\/venerdi-sera-a-limana-tutto-sugli-e-book-e-sugli-e-reader-a-cura-di-francesca-chiarelli\/","og_locale":"fr_FR","og_type":"article","og_title":"Venerd\u00ec sera a Limana tutto sugli e-book e sugli e-reader a cura di Francesca Chiarelli - Bellunopress - Dolomiti","og_description":"Tutto sugli e-book e sugli e-reader a cura di Francesca Chiarelli. L&#8217;assessorato alla cultura e la Biblioteca comunale di Limana organizzano venerd\u00ec 22 marzo (alle 20.30 in municipio) una serata divulgativa sull&#8217;approfondimento del tema dei libri digitali, ovvero &#8220;E-book: presente e futuro&#8221;, per offrire a tutti una sintesi sulle possibilit\u00e0 tecniche, gli strumenti in commercio, [&hellip;]","og_url":"https:\/\/www.bellunopress.it\/fr\/2013\/03\/19\/venerdi-sera-a-limana-tutto-sugli-e-book-e-sugli-e-reader-a-cura-di-francesca-chiarelli\/","og_site_name":"Bellunopress - Dolomiti","article_publisher":"https:\/\/www.facebook.com\/profile.php?id=100008943462799","article_published_time":"2013-03-19T10:29:01+00:00","og_image":[{"url":"http:\/\/www.bellunopress.it\/wp-content\/uploads\/2012\/07\/logo-bellunopress-250x250-2012.jpg","type":"","width":"","height":""}],"author":"redazione","twitter_card":"summary_large_image","twitter_creator":"@bellunopress","twitter_site":"@bellunopress","twitter_misc":{"Written by":"redazione","Est. reading time":"1 minute"},"schema":{"@context":"https:\/\/schema.org","@graph":[{"@type":"Article","@id":"https:\/\/www.bellunopress.it\/2013\/03\/19\/venerdi-sera-a-limana-tutto-sugli-e-book-e-sugli-e-reader-a-cura-di-francesca-chiarelli\/#article","isPartOf":{"@id":"https:\/\/www.bellunopress.it\/2013\/03\/19\/venerdi-sera-a-limana-tutto-sugli-e-book-e-sugli-e-reader-a-cura-di-francesca-chiarelli\/"},"author":{"name":"redazione","@id":"https:\/\/www.bellunopress.it\/#\/schema\/person\/79bb06722b37ece1c03d3e94beb30d73"},"headline":"Venerd\u00ec sera a Limana tutto sugli e-book e sugli e-reader a cura di Francesca Chiarelli","datePublished":"2013-03-19T10:29:01+00:00","mainEntityOfPage":{"@id":"https:\/\/www.bellunopress.it\/2013\/03\/19\/venerdi-sera-a-limana-tutto-sugli-e-book-e-sugli-e-reader-a-cura-di-francesca-chiarelli\/"},"wordCount":149,"publisher":{"@id":"https:\/\/www.bellunopress.it\/#organization"},"articleSection":["Appuntamenti, Eventi","Arte, Cultura, Spettacoli, Scienza","Pausa Caff\u00e8"],"inLanguage":"fr-FR"},{"@type":"WebPage","@id":"https:\/\/www.bellunopress.it\/2013\/03\/19\/venerdi-sera-a-limana-tutto-sugli-e-book-e-sugli-e-reader-a-cura-di-francesca-chiarelli\/","url":"https:\/\/www.bellunopress.it\/2013\/03\/19\/venerdi-sera-a-limana-tutto-sugli-e-book-e-sugli-e-reader-a-cura-di-francesca-chiarelli\/","name":"Venerd\u00ec sera a Limana tutto sugli e-book e sugli e-reader a cura di Francesca Chiarelli - Bellunopress - Dolomiti","isPartOf":{"@id":"https:\/\/www.bellunopress.it\/#website"},"datePublished":"2013-03-19T10:29:01+00:00","breadcrumb":{"@id":"https:\/\/www.bellunopress.it\/2013\/03\/19\/venerdi-sera-a-limana-tutto-sugli-e-book-e-sugli-e-reader-a-cura-di-francesca-chiarelli\/#breadcrumb"},"inLanguage":"fr-FR","potentialAction":[{"@type":"ReadAction","target":["https:\/\/www.bellunopress.it\/2013\/03\/19\/venerdi-sera-a-limana-tutto-sugli-e-book-e-sugli-e-reader-a-cura-di-francesca-chiarelli\/"]}]},{"@type":"BreadcrumbList","@id":"https:\/\/www.bellunopress.it\/2013\/03\/19\/venerdi-sera-a-limana-tutto-sugli-e-book-e-sugli-e-reader-a-cura-di-francesca-chiarelli\/#breadcrumb","itemListElement":[{"@type":"ListItem","position":1,"name":"Home","item":"https:\/\/www.bellunopress.it\/"},{"@type":"ListItem","position":2,"name":"Venerd\u00ec sera a Limana tutto sugli e-book e sugli e-reader a cura di Francesca Chiarelli"}]},{"@type":"WebSite","@id":"https:\/\/www.bellunopress.it\/#website","url":"https:\/\/www.bellunopress.it\/","name":"Bellunopress - Dolomiti","description":"e-mail: redazione@bellunopress.it","publisher":{"@id":"https:\/\/www.bellunopress.it\/#organization"},"potentialAction":[{"@type":"SearchAction","target":{"@type":"EntryPoint","urlTemplate":"https:\/\/www.bellunopress.it\/?s={search_term_string}"},"query-input":{"@type":"PropertyValueSpecification","valueRequired":true,"valueName":"search_term_string"}}],"inLanguage":"fr-FR"},{"@type":"Organization","@id":"https:\/\/www.bellunopress.it\/#organization","name":"Bellunopress","url":"https:\/\/www.bellunopress.it\/","logo":{"@type":"ImageObject","inLanguage":"fr-FR","@id":"https:\/\/www.bellunopress.it\/#\/schema\/logo\/image\/","url":"https:\/\/www.bellunopress.it\/wp-content\/uploads\/2011\/05\/cropped-logo-bellunopress-.jpg","contentUrl":"https:\/\/www.bellunopress.it\/wp-content\/uploads\/2011\/05\/cropped-logo-bellunopress-.jpg","width":512,"height":512,"caption":"Bellunopress"},"image":{"@id":"https:\/\/www.bellunopress.it\/#\/schema\/logo\/image\/"},"sameAs":["https:\/\/www.facebook.com\/profile.php?id=100008943462799","https:\/\/x.com\/bellunopress","https:\/\/www.linkedin.com\/hp\/?dnr=JBzUWaJfMUw8vbXJJ2tVW5-I3jZKvC4wsoxE&amp;amp;amp;amp;amp;amp;trk=nav_responsive_tab_home","https:\/\/www.youtube.com\/channel\/UCxL0wu1uN0_3_7hGG0306cw"]},{"@type":"Person","@id":"https:\/\/www.bellunopress.it\/#\/schema\/person\/79bb06722b37ece1c03d3e94beb30d73","name":"r\u00e9daction","image":{"@type":"ImageObject","inLanguage":"fr-FR","@id":"https:\/\/secure.gravatar.com\/avatar\/37d968a2e67a6fd04c169c4bdef102d0bc5d31b2546345219e348575eb80e9a0?s=96&d=mm&r=g","url":"https:\/\/secure.gravatar.com\/avatar\/37d968a2e67a6fd04c169c4bdef102d0bc5d31b2546345219e348575eb80e9a0?s=96&d=mm&r=g","contentUrl":"https:\/\/secure.gravatar.com\/avatar\/37d968a2e67a6fd04c169c4bdef102d0bc5d31b2546345219e348575eb80e9a0?s=96&d=mm&r=g","caption":"redazione"},"sameAs":["http:\/\/www.bellunopress.it","https:\/\/x.com\/bellunopress"],"url":"https:\/\/www.bellunopress.it\/fr\/author\/redazione\/"}]}},"_links":{"self":[{"href":"https:\/\/www.bellunopress.it\/fr\/wp-json\/wp\/v2\/posts\/47729","targetHints":{"allow":["GET"]}}],"collection":[{"href":"https:\/\/www.bellunopress.it\/fr\/wp-json\/wp\/v2\/posts"}],"about":[{"href":"https:\/\/www.bellunopress.it\/fr\/wp-json\/wp\/v2\/types\/post"}],"author":[{"embeddable":true,"href":"https:\/\/www.bellunopress.it\/fr\/wp-json\/wp\/v2\/users\/2"}],"replies":[{"embeddable":true,"href":"https:\/\/www.bellunopress.it\/fr\/wp-json\/wp\/v2\/comments?post=47729"}],"version-history":[{"count":2,"href":"https:\/\/www.bellunopress.it\/fr\/wp-json\/wp\/v2\/posts\/47729\/revisions"}],"predecessor-version":[{"id":47731,"href":"https:\/\/www.bellunopress.it\/fr\/wp-json\/wp\/v2\/posts\/47729\/revisions\/47731"}],"wp:attachment":[{"href":"https:\/\/www.bellunopress.it\/fr\/wp-json\/wp\/v2\/media?parent=47729"}],"wp:term":[{"taxonomy":"category","embeddable":true,"href":"https:\/\/www.bellunopress.it\/fr\/wp-json\/wp\/v2\/categories?post=47729"},{"taxonomy":"post_tag","embeddable":true,"href":"https:\/\/www.bellunopress.it\/fr\/wp-json\/wp\/v2\/tags?post=47729"}],"curies":[{"name":"wp","href":"https:\/\/api.w.org\/{rel}","templated":true}]}}