{"id":4772,"date":"2009-06-12T21:03:12","date_gmt":"2009-06-12T20:03:12","guid":{"rendered":"http:\/\/www.bellunopress.it\/?p=4772"},"modified":"2009-06-12T22:02:59","modified_gmt":"2009-06-12T21:02:59","slug":"lassessore-marco-da-rin-zanco-difende-lassociazione-casa-durden-ma-le-perplessita-giungono-dal-web","status":"publish","type":"post","link":"https:\/\/www.bellunopress.it\/fr\/2009\/06\/12\/lassessore-marco-da-rin-zanco-difende-lassociazione-casa-durden-ma-le-perplessita-giungono-dal-web\/","title":{"rendered":"L&#8217;assessore Marco Da Rin Zanco difende l&#8217;associazione &#8220;Casa Durden&#8221;, ma le perplessit\u00e0 giungono dal web"},"content":{"rendered":"<figure id=\"attachment_4701\" aria-describedby=\"caption-attachment-4701\" style=\"width: 240px\" class=\"wp-caption alignleft\"><a href=\"http:\/\/www.bellunopress.it\/wp-content\/uploads\/2009\/06\/protesta-del-blitz.jpg\"><img loading=\"lazy\" decoding=\"async\" class=\"size-medium wp-image-4701\" title=\"protesta-del-blitz\" src=\"http:\/\/www.bellunopress.it\/wp-content\/uploads\/2009\/06\/protesta-del-blitz.jpg\" alt=\"La protesta del BL.itz a Palazzo Rosso\" width=\"240\" height=\"180\" \/><\/a><figcaption id=\"caption-attachment-4701\" class=\"wp-caption-text\">La protesta del BL.itz a Palazzo Rosso<\/figcaption><\/figure>\n<p>In merito alla protesta dei giovani del BL.itz per il patrocinio dato dal Comune di Belluno all\u2019associazione \u201cCasa Durden\u201d (dal nome del protagonista di Fight Club), l\u2019assessore alle Politiche Giovanili e al Volontariato Marco Da Rin Zanco interviene e precisa: \u201cPrima di concedere il patrocinio all&#8217;associazione \u201cCasa Durden\u201d ho fatto le verifiche che di prassi sono abituato a fare in questi casi. Ho letto lo statuto dell&#8217;associazione e ho visto che si tratta di un&#8217;associazione apolitica, apartitica e aconfessionale. Dopodich\u00e9 ho verificato le attivit\u00e0 che questa associazione svolge e ho constatato che \u00e8 stata inclusa nel registro comunale delle associazioni di volontariato nel marzo del 2006 (allora sindaco Ermano De Col). Vedo anche che l&#8217;associazione ha all&#8217;attivo collaborazioni con l&#8217;Amministrazione Provinciale (la Presidente di \u201cCasa Durden\u201d \u00e8 vicepresidente del Forum Provinciale delle associazioni giovanili) e ha anche collaborato con iniziative organizzate dall&#8217;Ufficio scolastico provinciale. Quando il BL.itz ha chiesto al Comune di Belluno la corrente gratis per una manifestazione in Piazza dei Martiri, anche a loro abbiamo detto di si perch\u00e9 le manifestazioni di libero pensiero, quando non violente, arricchiscono la nostra Citt\u00e0. Arricchir\u00e0 la nostra Citt\u00e0 anche la mostra sulla vivisezione organizzata dall&#8217;associazione sportiva \u201cCasa Durden\u201d. Qualche verifica e ricerca l\u2019abbiamo fatta anche noi via internet e il risultato \u00e8 stato aver trovato nelle pagine dei social network come My Space e nella pagina cache del sito www.dolomiaband.it\u00a0 alcuni documenti, brani di interviste e testimonianze su chi sono questi giovani che si ispirano nel loro nome a uno dei film pi\u00f9 violenti e astrusi mai visti al cinema. Ognuno cos\u00ec potr\u00e0 farsi da solo un\u2019idea di quale sia la filosofia, lo stile di vita e i simboli che li contraddistinguono e soprattutto se la loro attivit\u00e0 possa ritenersi educativa al punto di meritarsi un patrocinio pubblico e un posto d\u2019onore allo Spazio Giovani di Belluno.<br \/>\n<strong>Intervista al gruppo bellunese Dolomia Band da Skinhead Magazine (tradotta dallo spagnolo)<\/strong><br \/>\nD: Il vs nome da quel che ho capito si riferisce alla zona dove<br \/>\nabitate, potete spiegarci meglio ?<br \/>\nR: Esatto. La \u201cDolomia\u201d \u00e8 la roccia dalla particolare composizione chimica che da il nome alle Dolomiti: le montagne che circondano Belluno, la nostra citt\u00e0. Scegliendo questo nome identitario portiamo la bandiera della nostra scena quando suoniamo in giro per l\u2019Italia.<br \/>\nD: Breve storia dei Dolomia (storia e formazione)<br \/>\nR: I Dolomia nascono nel Marzo 2005 anche se era da qualche mese che tentavamo, con altri ragazzi della compagnia, di creare un gruppo. Il progetto nasce dall\u2019esigenza condivisa tra camerati di mettere in musica la nostra vita in modo tale da poter lanciare messaggi e provocazioni, creare aggregazione e condividere uno stesso cammino. La prima formazione: Fra voce, Stefano chitarra, Debby basso e Full batteria. Gli stessi personaggi registrarono \u201cDemo 2006\u201d e \u201cAntigas\u201d. Il debutto ufficiale fu a Treviso con i Civico88 ed a seguire una fortunata scia di concerti che ci hanno dato la possibilit\u00e0 di farci le ossa da Roma a Milano, Da Bologna a L\u2019Aquila partecipando ad importanti iniziative quali \u201cRitorno a Camelot III\u201d o \u201cRock per la Verit\u00e0\u201d. Nel 2007 ci sono stati un paio di cambiamenti: Stefano ha lasciato la chitarra ad Alan e Pera si \u00e8 aggiunto all\u2019avventura anch\u2019esso come chitarrista. E questa \u00e8 l\u2019attuale formazione.<br \/>\nD: Una dei Dolomia \u00e8 una ragazza, com&#8217;\u00e8 la componente femminile<br \/>\ndella scena in Italia ?<br \/>\nR: Risponde Debby: la scena femminile \u00e8 in Italia \u00e8 abbastanza scarsa e molto spesso capita di vedere ragazze per un certo periodo e poi scomparire. Io milito in U.S.G.I.(Unione Skinhaed Girl Italia) e anche se non siamo molte ci diamo da fare per far valere la componente femminile in mezzo a tutti questi uomini. Organizziamo concerti e diamo sempre una mano in caso di bisogno. Concludendo penso che pur essendo poche rispetto alla scena maschile (ma questo credo capiti in molti ambienti) siamo sempre pronte a farci valere!<br \/>\nD:E&#8217; da poco uscito il vostro CD di debutto, &#8220;Antigas&#8221;.<br \/>\nPerch\u00e8 questo titolo ?<br \/>\nR: Antigas filtra. La societ\u00e0 \u00e8 marcia, in decomposizione, e l\u2019aria \u00e8 piuttosto pesante. Gas nocivi sono ci\u00f2 che ci circonda: Antigas per respirare meglio. Mentre tutti intorno a te sono infetti, condizionati ed omologati dalla logica del sistema, serve qualcosa di pulito, radicale, forte.<br \/>\nD: Cosa puoi dirci del vs primo CD ? Qualche canzone in inglese ? Dove possiamo comprarlo ?<br \/>\nR: Le canzoni sono tutte in italiano. In inglese solo qualche cover nei live. Siamo soddisfatti del lavoro. C\u2019\u00e8 voluto un bel po\u2019 di tempo ma il risultato, sia dal punto di vista tecnico e musicale che da quello grafico, ci rende felici. Sono 12 tracce di cui 2 riprese, e leggermente cambiate, da \u201cDemo 2006\u201d. Musicalmente abbiamo cercato di spaziare dall\u2019Oi! classico al Rock pi\u00f9 vario sperimentando un pezzo Ska e usando qualche piccolo effetto qua e l\u00e0. Si pu\u00f2 acquistare da: www.oldwhitemanmusic.com, da www.barracudarecords.it oppure direttamente da noi: calciobirraoi@virgilio.it (ora presente nel sito)<br \/>\nD: So che avete suonato in molti concerti in Italia.. E fuori dall&#8217;Italia ? Qualche anedotto ?<br \/>\nR: Non abbiamo ancora suonato all\u2019estero. Ci piacerebbe molto. Aneddoti ce ne sarebbero moltissimi. Qualche ricordo: il folle pulmino per l\u2019Aquila e per Rieti, le battaglie tra le macchine al ritorno da Roma, il primo \u201cconcerto\u201d (non ufficiale) in un garage davanti a 15 amici e 2000 birre, tutte le volte che ci siamo persi, i concerti ai quali non siamo mai arrivati, le giornate passate con Simone (il padre dell\u2019alcool\u2026lui ha i poteri!) nello studio di registrazione, le notti passate a dormire in macchina con la temperatura sotto lo zero e i fianchi infilzati dalle chitarre, le sbronze vissute insieme e tutta la gente che abbiamo conosciuto viaggiando con i camerati.<br \/>\nD: Piani per il futuro ?<br \/>\nR: Ci piacerebbe continuare in questa direzione coinvolgendo pi\u00f9 gente possibile. Il sito internet sar\u00e0 pronto a breve. Stiamo lavorando ai nuovi pezzi e speriamo nel giro di un anno di fare un altro album. Anche un lavoro in vinile non sarebbe una cattiva idea.<br \/>\nD: So che ami il calcio, qual&#8217;\u00e8 la tua opinione al riguardo delle nuove leggi anti violenza in Italia ? Segui qualche squadra ?<br \/>\nR: Stanno trasformando gli stadi in dei cinema. Tutto \u00e8 cinicamente studiato a tavolino per gli interessi dei potenti. Secondo loro gli Ultras sono terroristi e l\u2019anima del calcio, evidentemente, sono puttane miliardarie, pay-tv e sponsor. E\u2019 una vergogna. Hanno tolto al calcio la passione, il colore, il calore. Hanno tolto il calcio al popolo. Attualmente vado poco allo stadio; per vari anni abbiamo avuto un gruppo al seguito dell\u2019A.C. Belluno 1905.<br \/>\nD: La scena italiana \u00e8 molto forte.. Ma ci sono poche skinzine.<br \/>\nQuali sono i motivi ? Qual&#8217;\u00e8 la tua skinzine preferita ?<br \/>\nR: Non saprei darti una motivazione precisa. Pochi anni fa mi sembra che ci fosse un giro maggiore dell\u2019attuale a livello di skinzine. In Italia la migliore? \u201cFuori dal coro\u201d senza dubbio. Anche \u201cA Modo Nostro\u201d ha fatto degli ottimi lavori.<br \/>\nD: Quali sono i problemi pi\u00f9 grossi per la giovent\u00f9 italiana secondo te ?<br \/>\nR: L\u2019omologazione. Viviamo un periodo storico dove la passione politica e le tensioni sociali sembrano ovattate e spente. In realt\u00e0 i problemi ci sono e di conseguenza anche le motivazioni per schierarsi ma la gente preferisce non vedere, non sentire e quindi evita di pensare seguendo semplicemente la massa. Quindi le vere necessit\u00e0 e soddisfazioni per i giovani sono una bella macchina, soldi facili, vestiti alla moda. In questa situazione ignoranza e conformismo trovano terreno fertile ed \u00e8 facile che si sviluppino problemi legati a droga, suicidi o dipendenza dalla societ\u00e0 moderna con i suoi finti benesseri.<br \/>\nD: Siete politicamente attivi ? Supportate partiti, organizzazioni ?<br \/>\nR: A Belluno da 5 anni \u00e8 aperta Casa Durden. Si tratta di un circolo sportivo con all\u2019interno un pub; organizziamo l\u00ec riunioni, cineforum, tornei sportivi e decidiamo le attivit\u00e0 esterne quali volantinaggi, affissione di manifesti, concerti, banchetti o conferenze. Non facciamo parte di nessun partito politico ma supportiamo ogni iniziativa gestita da camerati.<br \/>\nD: E&#8217; tutto. Se vuoi aggiungere qualcosa..<br \/>\nR: E\u2019 tutto anche per noi; grazie mille per l\u2019intervista! Un saluto a tutti i camerati spagnoli che leggeranno queste nostre righe. Ciao (fine intervista)<\/p>\n<p>Oppure per un profilo <a href=\"http:\/\/www.myspace.com\/thorium_232\">cliccate qui<\/a><br \/>\nAnche questi giovani hanno occupato un edificio pubblico\u2026<a href=\"http:\/\/www.crocemaestrale.org\/sottosfratto.htm\">croce al merito?<\/a><\/p>","protected":false},"excerpt":{"rendered":"<p>In merito alla protesta dei giovani del BL.itz per il patrocinio dato dal Comune di Belluno all\u2019associazione \u201cCasa Durden\u201d (dal nome del protagonista di Fight Club), l\u2019assessore alle Politiche Giovanili e al Volontariato Marco Da Rin Zanco interviene e precisa: \u201cPrima di concedere il patrocinio all&#8217;associazione \u201cCasa Durden\u201d ho fatto le verifiche che di prassi [&hellip;]<\/p>\n","protected":false},"author":2,"featured_media":0,"comment_status":"closed","ping_status":"open","sticky":false,"template":"","format":"standard","meta":{"footnotes":""},"categories":[5,8],"tags":[139,63],"class_list":["post-4772","post","type-post","status-publish","format-standard","category-cronaca","category-societa-istituzioni","tag-belluno","tag-dolomiti"],"yoast_head":"<!-- This site is optimized with the Yoast SEO plugin v28.4 - https:\/\/yoast.com\/product\/yoast-seo-wordpress\/ -->\n<title>L&#039;assessore Marco Da Rin Zanco difende l&#039;associazione &quot;Casa Durden&quot;, ma le perplessit\u00e0 giungono dal web - Bellunopress - Dolomiti<\/title>\n<meta name=\"robots\" content=\"index, follow, max-snippet:-1, max-image-preview:large, max-video-preview:-1\" \/>\n<link rel=\"canonical\" href=\"https:\/\/www.bellunopress.it\/fr\/2009\/06\/12\/lassessore-marco-da-rin-zanco-difende-lassociazione-casa-durden-ma-le-perplessita-giungono-dal-web\/\" \/>\n<meta property=\"og:locale\" content=\"fr_FR\" \/>\n<meta property=\"og:type\" content=\"article\" \/>\n<meta property=\"og:title\" content=\"L&#039;assessore Marco Da Rin Zanco difende l&#039;associazione &quot;Casa Durden&quot;, ma le perplessit\u00e0 giungono dal web - Bellunopress - Dolomiti\" \/>\n<meta property=\"og:description\" content=\"In merito alla protesta dei giovani del BL.itz per il patrocinio dato dal Comune di Belluno all\u2019associazione \u201cCasa Durden\u201d (dal nome del protagonista di Fight Club), l\u2019assessore alle Politiche Giovanili e al Volontariato Marco Da Rin Zanco interviene e precisa: \u201cPrima di concedere il patrocinio all&#8217;associazione \u201cCasa Durden\u201d ho fatto le verifiche che di prassi [&hellip;]\" \/>\n<meta property=\"og:url\" content=\"https:\/\/www.bellunopress.it\/fr\/2009\/06\/12\/lassessore-marco-da-rin-zanco-difende-lassociazione-casa-durden-ma-le-perplessita-giungono-dal-web\/\" \/>\n<meta property=\"og:site_name\" content=\"Bellunopress - Dolomiti\" \/>\n<meta property=\"article:publisher\" content=\"https:\/\/www.facebook.com\/profile.php?id=100008943462799\" \/>\n<meta property=\"article:published_time\" content=\"2009-06-12T20:03:12+00:00\" \/>\n<meta property=\"article:modified_time\" content=\"2009-06-12T21:02:59+00:00\" \/>\n<meta property=\"og:image\" content=\"http:\/\/www.bellunopress.it\/wp-content\/uploads\/2009\/06\/protesta-del-blitz.jpg\" \/>\n<meta name=\"author\" content=\"redazione\" \/>\n<meta name=\"twitter:card\" content=\"summary_large_image\" \/>\n<meta name=\"twitter:creator\" content=\"@bellunopress\" \/>\n<meta name=\"twitter:site\" content=\"@bellunopress\" \/>\n<meta name=\"twitter:label1\" content=\"\u00c9crit par\" \/>\n\t<meta name=\"twitter:data1\" content=\"redazione\" \/>\n\t<meta name=\"twitter:label2\" content=\"Dur\u00e9e de lecture estim\u00e9e\" \/>\n\t<meta name=\"twitter:data2\" content=\"7 minutes\" \/>\n<script type=\"application\/ld+json\" class=\"yoast-schema-graph\">{\"@context\":\"https:\\\/\\\/schema.org\",\"@graph\":[{\"@type\":\"Article\",\"@id\":\"https:\\\/\\\/www.bellunopress.it\\\/2009\\\/06\\\/12\\\/lassessore-marco-da-rin-zanco-difende-lassociazione-casa-durden-ma-le-perplessita-giungono-dal-web\\\/#article\",\"isPartOf\":{\"@id\":\"https:\\\/\\\/www.bellunopress.it\\\/2009\\\/06\\\/12\\\/lassessore-marco-da-rin-zanco-difende-lassociazione-casa-durden-ma-le-perplessita-giungono-dal-web\\\/\"},\"author\":{\"name\":\"redazione\",\"@id\":\"https:\\\/\\\/www.bellunopress.it\\\/#\\\/schema\\\/person\\\/79bb06722b37ece1c03d3e94beb30d73\"},\"headline\":\"L&#8217;assessore Marco Da Rin Zanco difende l&#8217;associazione &#8220;Casa Durden&#8221;, ma le perplessit\u00e0 giungono dal web\",\"datePublished\":\"2009-06-12T20:03:12+00:00\",\"dateModified\":\"2009-06-12T21:02:59+00:00\",\"mainEntityOfPage\":{\"@id\":\"https:\\\/\\\/www.bellunopress.it\\\/2009\\\/06\\\/12\\\/lassessore-marco-da-rin-zanco-difende-lassociazione-casa-durden-ma-le-perplessita-giungono-dal-web\\\/\"},\"wordCount\":1418,\"publisher\":{\"@id\":\"https:\\\/\\\/www.bellunopress.it\\\/#organization\"},\"image\":{\"@id\":\"https:\\\/\\\/www.bellunopress.it\\\/2009\\\/06\\\/12\\\/lassessore-marco-da-rin-zanco-difende-lassociazione-casa-durden-ma-le-perplessita-giungono-dal-web\\\/#primaryimage\"},\"thumbnailUrl\":\"http:\\\/\\\/www.bellunopress.it\\\/wp-content\\\/uploads\\\/2009\\\/06\\\/protesta-del-blitz.jpg\",\"keywords\":[\"Belluno\",\"Dolomiti\"],\"articleSection\":[\"Cronaca\\\/Politica\",\"Societ\u00e0, Associazioni, Istituzioni\"],\"inLanguage\":\"fr-FR\"},{\"@type\":\"WebPage\",\"@id\":\"https:\\\/\\\/www.bellunopress.it\\\/2009\\\/06\\\/12\\\/lassessore-marco-da-rin-zanco-difende-lassociazione-casa-durden-ma-le-perplessita-giungono-dal-web\\\/\",\"url\":\"https:\\\/\\\/www.bellunopress.it\\\/2009\\\/06\\\/12\\\/lassessore-marco-da-rin-zanco-difende-lassociazione-casa-durden-ma-le-perplessita-giungono-dal-web\\\/\",\"name\":\"L'assessore Marco Da Rin Zanco difende l'associazione \\\"Casa Durden\\\", ma le perplessit\u00e0 giungono dal web - Bellunopress - Dolomiti\",\"isPartOf\":{\"@id\":\"https:\\\/\\\/www.bellunopress.it\\\/#website\"},\"primaryImageOfPage\":{\"@id\":\"https:\\\/\\\/www.bellunopress.it\\\/2009\\\/06\\\/12\\\/lassessore-marco-da-rin-zanco-difende-lassociazione-casa-durden-ma-le-perplessita-giungono-dal-web\\\/#primaryimage\"},\"image\":{\"@id\":\"https:\\\/\\\/www.bellunopress.it\\\/2009\\\/06\\\/12\\\/lassessore-marco-da-rin-zanco-difende-lassociazione-casa-durden-ma-le-perplessita-giungono-dal-web\\\/#primaryimage\"},\"thumbnailUrl\":\"http:\\\/\\\/www.bellunopress.it\\\/wp-content\\\/uploads\\\/2009\\\/06\\\/protesta-del-blitz.jpg\",\"datePublished\":\"2009-06-12T20:03:12+00:00\",\"dateModified\":\"2009-06-12T21:02:59+00:00\",\"breadcrumb\":{\"@id\":\"https:\\\/\\\/www.bellunopress.it\\\/2009\\\/06\\\/12\\\/lassessore-marco-da-rin-zanco-difende-lassociazione-casa-durden-ma-le-perplessita-giungono-dal-web\\\/#breadcrumb\"},\"inLanguage\":\"fr-FR\",\"potentialAction\":[{\"@type\":\"ReadAction\",\"target\":[\"https:\\\/\\\/www.bellunopress.it\\\/2009\\\/06\\\/12\\\/lassessore-marco-da-rin-zanco-difende-lassociazione-casa-durden-ma-le-perplessita-giungono-dal-web\\\/\"]}]},{\"@type\":\"ImageObject\",\"inLanguage\":\"fr-FR\",\"@id\":\"https:\\\/\\\/www.bellunopress.it\\\/2009\\\/06\\\/12\\\/lassessore-marco-da-rin-zanco-difende-lassociazione-casa-durden-ma-le-perplessita-giungono-dal-web\\\/#primaryimage\",\"url\":\"http:\\\/\\\/www.bellunopress.it\\\/wp-content\\\/uploads\\\/2009\\\/06\\\/protesta-del-blitz.jpg\",\"contentUrl\":\"http:\\\/\\\/www.bellunopress.it\\\/wp-content\\\/uploads\\\/2009\\\/06\\\/protesta-del-blitz.jpg\"},{\"@type\":\"BreadcrumbList\",\"@id\":\"https:\\\/\\\/www.bellunopress.it\\\/2009\\\/06\\\/12\\\/lassessore-marco-da-rin-zanco-difende-lassociazione-casa-durden-ma-le-perplessita-giungono-dal-web\\\/#breadcrumb\",\"itemListElement\":[{\"@type\":\"ListItem\",\"position\":1,\"name\":\"Home\",\"item\":\"https:\\\/\\\/www.bellunopress.it\\\/\"},{\"@type\":\"ListItem\",\"position\":2,\"name\":\"L&#8217;assessore Marco Da Rin Zanco difende l&#8217;associazione &#8220;Casa Durden&#8221;, ma le perplessit\u00e0 giungono dal web\"}]},{\"@type\":\"WebSite\",\"@id\":\"https:\\\/\\\/www.bellunopress.it\\\/#website\",\"url\":\"https:\\\/\\\/www.bellunopress.it\\\/\",\"name\":\"Bellunopress - Dolomiti\",\"description\":\"e-mail: redazione@bellunopress.it\",\"publisher\":{\"@id\":\"https:\\\/\\\/www.bellunopress.it\\\/#organization\"},\"potentialAction\":[{\"@type\":\"SearchAction\",\"target\":{\"@type\":\"EntryPoint\",\"urlTemplate\":\"https:\\\/\\\/www.bellunopress.it\\\/?s={search_term_string}\"},\"query-input\":{\"@type\":\"PropertyValueSpecification\",\"valueRequired\":true,\"valueName\":\"search_term_string\"}}],\"inLanguage\":\"fr-FR\"},{\"@type\":\"Organization\",\"@id\":\"https:\\\/\\\/www.bellunopress.it\\\/#organization\",\"name\":\"Bellunopress\",\"url\":\"https:\\\/\\\/www.bellunopress.it\\\/\",\"logo\":{\"@type\":\"ImageObject\",\"inLanguage\":\"fr-FR\",\"@id\":\"https:\\\/\\\/www.bellunopress.it\\\/#\\\/schema\\\/logo\\\/image\\\/\",\"url\":\"https:\\\/\\\/www.bellunopress.it\\\/wp-content\\\/uploads\\\/2011\\\/05\\\/cropped-logo-bellunopress-.jpg\",\"contentUrl\":\"https:\\\/\\\/www.bellunopress.it\\\/wp-content\\\/uploads\\\/2011\\\/05\\\/cropped-logo-bellunopress-.jpg\",\"width\":512,\"height\":512,\"caption\":\"Bellunopress\"},\"image\":{\"@id\":\"https:\\\/\\\/www.bellunopress.it\\\/#\\\/schema\\\/logo\\\/image\\\/\"},\"sameAs\":[\"https:\\\/\\\/www.facebook.com\\\/profile.php?id=100008943462799\",\"https:\\\/\\\/x.com\\\/bellunopress\",\"https:\\\/\\\/www.linkedin.com\\\/hp\\\/?dnr=JBzUWaJfMUw8vbXJJ2tVW5-I3jZKvC4wsoxE&amp;amp;amp;amp;amp;amp;trk=nav_responsive_tab_home\",\"https:\\\/\\\/www.youtube.com\\\/channel\\\/UCxL0wu1uN0_3_7hGG0306cw\"]},{\"@type\":\"Person\",\"@id\":\"https:\\\/\\\/www.bellunopress.it\\\/#\\\/schema\\\/person\\\/79bb06722b37ece1c03d3e94beb30d73\",\"name\":\"redazione\",\"image\":{\"@type\":\"ImageObject\",\"inLanguage\":\"fr-FR\",\"@id\":\"https:\\\/\\\/secure.gravatar.com\\\/avatar\\\/37d968a2e67a6fd04c169c4bdef102d0bc5d31b2546345219e348575eb80e9a0?s=96&d=mm&r=g\",\"url\":\"https:\\\/\\\/secure.gravatar.com\\\/avatar\\\/37d968a2e67a6fd04c169c4bdef102d0bc5d31b2546345219e348575eb80e9a0?s=96&d=mm&r=g\",\"contentUrl\":\"https:\\\/\\\/secure.gravatar.com\\\/avatar\\\/37d968a2e67a6fd04c169c4bdef102d0bc5d31b2546345219e348575eb80e9a0?s=96&d=mm&r=g\",\"caption\":\"redazione\"},\"sameAs\":[\"http:\\\/\\\/www.bellunopress.it\",\"https:\\\/\\\/x.com\\\/bellunopress\"],\"url\":\"https:\\\/\\\/www.bellunopress.it\\\/fr\\\/author\\\/redazione\\\/\"}]}<\/script>\n<!-- \/ Yoast SEO plugin. -->","yoast_head_json":{"title":"L'assessore Marco Da Rin Zanco difende l'associazione \"Casa Durden\", ma le perplessit\u00e0 giungono dal web - Bellunopress - Dolomiti","robots":{"index":"index","follow":"follow","max-snippet":"max-snippet:-1","max-image-preview":"max-image-preview:large","max-video-preview":"max-video-preview:-1"},"canonical":"https:\/\/www.bellunopress.it\/fr\/2009\/06\/12\/lassessore-marco-da-rin-zanco-difende-lassociazione-casa-durden-ma-le-perplessita-giungono-dal-web\/","og_locale":"fr_FR","og_type":"article","og_title":"L'assessore Marco Da Rin Zanco difende l'associazione \"Casa Durden\", ma le perplessit\u00e0 giungono dal web - Bellunopress - Dolomiti","og_description":"In merito alla protesta dei giovani del BL.itz per il patrocinio dato dal Comune di Belluno all\u2019associazione \u201cCasa Durden\u201d (dal nome del protagonista di Fight Club), l\u2019assessore alle Politiche Giovanili e al Volontariato Marco Da Rin Zanco interviene e precisa: \u201cPrima di concedere il patrocinio all&#8217;associazione \u201cCasa Durden\u201d ho fatto le verifiche che di prassi [&hellip;]","og_url":"https:\/\/www.bellunopress.it\/fr\/2009\/06\/12\/lassessore-marco-da-rin-zanco-difende-lassociazione-casa-durden-ma-le-perplessita-giungono-dal-web\/","og_site_name":"Bellunopress - Dolomiti","article_publisher":"https:\/\/www.facebook.com\/profile.php?id=100008943462799","article_published_time":"2009-06-12T20:03:12+00:00","article_modified_time":"2009-06-12T21:02:59+00:00","og_image":[{"url":"http:\/\/www.bellunopress.it\/wp-content\/uploads\/2009\/06\/protesta-del-blitz.jpg","type":"","width":"","height":""}],"author":"redazione","twitter_card":"summary_large_image","twitter_creator":"@bellunopress","twitter_site":"@bellunopress","twitter_misc":{"\u00c9crit par":"redazione","Dur\u00e9e de lecture estim\u00e9e":"7 minutes"},"schema":{"@context":"https:\/\/schema.org","@graph":[{"@type":"Article","@id":"https:\/\/www.bellunopress.it\/2009\/06\/12\/lassessore-marco-da-rin-zanco-difende-lassociazione-casa-durden-ma-le-perplessita-giungono-dal-web\/#article","isPartOf":{"@id":"https:\/\/www.bellunopress.it\/2009\/06\/12\/lassessore-marco-da-rin-zanco-difende-lassociazione-casa-durden-ma-le-perplessita-giungono-dal-web\/"},"author":{"name":"redazione","@id":"https:\/\/www.bellunopress.it\/#\/schema\/person\/79bb06722b37ece1c03d3e94beb30d73"},"headline":"L&#8217;assessore Marco Da Rin Zanco difende l&#8217;associazione &#8220;Casa Durden&#8221;, ma le perplessit\u00e0 giungono dal web","datePublished":"2009-06-12T20:03:12+00:00","dateModified":"2009-06-12T21:02:59+00:00","mainEntityOfPage":{"@id":"https:\/\/www.bellunopress.it\/2009\/06\/12\/lassessore-marco-da-rin-zanco-difende-lassociazione-casa-durden-ma-le-perplessita-giungono-dal-web\/"},"wordCount":1418,"publisher":{"@id":"https:\/\/www.bellunopress.it\/#organization"},"image":{"@id":"https:\/\/www.bellunopress.it\/2009\/06\/12\/lassessore-marco-da-rin-zanco-difende-lassociazione-casa-durden-ma-le-perplessita-giungono-dal-web\/#primaryimage"},"thumbnailUrl":"http:\/\/www.bellunopress.it\/wp-content\/uploads\/2009\/06\/protesta-del-blitz.jpg","keywords":["Belluno","Dolomiti"],"articleSection":["Cronaca\/Politica","Societ\u00e0, Associazioni, Istituzioni"],"inLanguage":"fr-FR"},{"@type":"WebPage","@id":"https:\/\/www.bellunopress.it\/2009\/06\/12\/lassessore-marco-da-rin-zanco-difende-lassociazione-casa-durden-ma-le-perplessita-giungono-dal-web\/","url":"https:\/\/www.bellunopress.it\/2009\/06\/12\/lassessore-marco-da-rin-zanco-difende-lassociazione-casa-durden-ma-le-perplessita-giungono-dal-web\/","name":"L'assessore Marco Da Rin Zanco difende l'associazione \"Casa Durden\", ma le perplessit\u00e0 giungono dal web - Bellunopress - Dolomiti","isPartOf":{"@id":"https:\/\/www.bellunopress.it\/#website"},"primaryImageOfPage":{"@id":"https:\/\/www.bellunopress.it\/2009\/06\/12\/lassessore-marco-da-rin-zanco-difende-lassociazione-casa-durden-ma-le-perplessita-giungono-dal-web\/#primaryimage"},"image":{"@id":"https:\/\/www.bellunopress.it\/2009\/06\/12\/lassessore-marco-da-rin-zanco-difende-lassociazione-casa-durden-ma-le-perplessita-giungono-dal-web\/#primaryimage"},"thumbnailUrl":"http:\/\/www.bellunopress.it\/wp-content\/uploads\/2009\/06\/protesta-del-blitz.jpg","datePublished":"2009-06-12T20:03:12+00:00","dateModified":"2009-06-12T21:02:59+00:00","breadcrumb":{"@id":"https:\/\/www.bellunopress.it\/2009\/06\/12\/lassessore-marco-da-rin-zanco-difende-lassociazione-casa-durden-ma-le-perplessita-giungono-dal-web\/#breadcrumb"},"inLanguage":"fr-FR","potentialAction":[{"@type":"ReadAction","target":["https:\/\/www.bellunopress.it\/2009\/06\/12\/lassessore-marco-da-rin-zanco-difende-lassociazione-casa-durden-ma-le-perplessita-giungono-dal-web\/"]}]},{"@type":"ImageObject","inLanguage":"fr-FR","@id":"https:\/\/www.bellunopress.it\/2009\/06\/12\/lassessore-marco-da-rin-zanco-difende-lassociazione-casa-durden-ma-le-perplessita-giungono-dal-web\/#primaryimage","url":"http:\/\/www.bellunopress.it\/wp-content\/uploads\/2009\/06\/protesta-del-blitz.jpg","contentUrl":"http:\/\/www.bellunopress.it\/wp-content\/uploads\/2009\/06\/protesta-del-blitz.jpg"},{"@type":"BreadcrumbList","@id":"https:\/\/www.bellunopress.it\/2009\/06\/12\/lassessore-marco-da-rin-zanco-difende-lassociazione-casa-durden-ma-le-perplessita-giungono-dal-web\/#breadcrumb","itemListElement":[{"@type":"ListItem","position":1,"name":"Home","item":"https:\/\/www.bellunopress.it\/"},{"@type":"ListItem","position":2,"name":"L&#8217;assessore Marco Da Rin Zanco difende l&#8217;associazione &#8220;Casa Durden&#8221;, ma le perplessit\u00e0 giungono dal web"}]},{"@type":"WebSite","@id":"https:\/\/www.bellunopress.it\/#website","url":"https:\/\/www.bellunopress.it\/","name":"Bellunopress - Dolomiti","description":"e-mail: redazione@bellunopress.it","publisher":{"@id":"https:\/\/www.bellunopress.it\/#organization"},"potentialAction":[{"@type":"SearchAction","target":{"@type":"EntryPoint","urlTemplate":"https:\/\/www.bellunopress.it\/?s={search_term_string}"},"query-input":{"@type":"PropertyValueSpecification","valueRequired":true,"valueName":"search_term_string"}}],"inLanguage":"fr-FR"},{"@type":"Organization","@id":"https:\/\/www.bellunopress.it\/#organization","name":"Bellunopress","url":"https:\/\/www.bellunopress.it\/","logo":{"@type":"ImageObject","inLanguage":"fr-FR","@id":"https:\/\/www.bellunopress.it\/#\/schema\/logo\/image\/","url":"https:\/\/www.bellunopress.it\/wp-content\/uploads\/2011\/05\/cropped-logo-bellunopress-.jpg","contentUrl":"https:\/\/www.bellunopress.it\/wp-content\/uploads\/2011\/05\/cropped-logo-bellunopress-.jpg","width":512,"height":512,"caption":"Bellunopress"},"image":{"@id":"https:\/\/www.bellunopress.it\/#\/schema\/logo\/image\/"},"sameAs":["https:\/\/www.facebook.com\/profile.php?id=100008943462799","https:\/\/x.com\/bellunopress","https:\/\/www.linkedin.com\/hp\/?dnr=JBzUWaJfMUw8vbXJJ2tVW5-I3jZKvC4wsoxE&amp;amp;amp;amp;amp;amp;trk=nav_responsive_tab_home","https:\/\/www.youtube.com\/channel\/UCxL0wu1uN0_3_7hGG0306cw"]},{"@type":"Person","@id":"https:\/\/www.bellunopress.it\/#\/schema\/person\/79bb06722b37ece1c03d3e94beb30d73","name":"r\u00e9daction","image":{"@type":"ImageObject","inLanguage":"fr-FR","@id":"https:\/\/secure.gravatar.com\/avatar\/37d968a2e67a6fd04c169c4bdef102d0bc5d31b2546345219e348575eb80e9a0?s=96&d=mm&r=g","url":"https:\/\/secure.gravatar.com\/avatar\/37d968a2e67a6fd04c169c4bdef102d0bc5d31b2546345219e348575eb80e9a0?s=96&d=mm&r=g","contentUrl":"https:\/\/secure.gravatar.com\/avatar\/37d968a2e67a6fd04c169c4bdef102d0bc5d31b2546345219e348575eb80e9a0?s=96&d=mm&r=g","caption":"redazione"},"sameAs":["http:\/\/www.bellunopress.it","https:\/\/x.com\/bellunopress"],"url":"https:\/\/www.bellunopress.it\/fr\/author\/redazione\/"}]}},"_links":{"self":[{"href":"https:\/\/www.bellunopress.it\/fr\/wp-json\/wp\/v2\/posts\/4772","targetHints":{"allow":["GET"]}}],"collection":[{"href":"https:\/\/www.bellunopress.it\/fr\/wp-json\/wp\/v2\/posts"}],"about":[{"href":"https:\/\/www.bellunopress.it\/fr\/wp-json\/wp\/v2\/types\/post"}],"author":[{"embeddable":true,"href":"https:\/\/www.bellunopress.it\/fr\/wp-json\/wp\/v2\/users\/2"}],"replies":[{"embeddable":true,"href":"https:\/\/www.bellunopress.it\/fr\/wp-json\/wp\/v2\/comments?post=4772"}],"version-history":[{"count":7,"href":"https:\/\/www.bellunopress.it\/fr\/wp-json\/wp\/v2\/posts\/4772\/revisions"}],"predecessor-version":[{"id":4774,"href":"https:\/\/www.bellunopress.it\/fr\/wp-json\/wp\/v2\/posts\/4772\/revisions\/4774"}],"wp:attachment":[{"href":"https:\/\/www.bellunopress.it\/fr\/wp-json\/wp\/v2\/media?parent=4772"}],"wp:term":[{"taxonomy":"category","embeddable":true,"href":"https:\/\/www.bellunopress.it\/fr\/wp-json\/wp\/v2\/categories?post=4772"},{"taxonomy":"post_tag","embeddable":true,"href":"https:\/\/www.bellunopress.it\/fr\/wp-json\/wp\/v2\/tags?post=4772"}],"curies":[{"name":"wp","href":"https:\/\/api.w.org\/{rel}","templated":true}]}}