{"id":47712,"date":"2013-03-18T20:25:23","date_gmt":"2013-03-18T19:25:23","guid":{"rendered":"http:\/\/www.bellunopress.it\/?p=47712"},"modified":"2013-03-18T20:25:23","modified_gmt":"2013-03-18T19:25:23","slug":"venerdi-22-marzo-al-centro-giovanni-23mo-linaugurazione-del-master-universitario-in-management-sanitario-masa-per-diventare-caposala","status":"publish","type":"post","link":"https:\/\/www.bellunopress.it\/fr\/2013\/03\/18\/venerdi-22-marzo-al-centro-giovanni-23mo-linaugurazione-del-master-universitario-in-management-sanitario-masa-per-diventare-caposala\/","title":{"rendered":"Venerd\u00ec 22 marzo al Centro Giovanni 23mo l&#8217;inaugurazione del Master universitario in management sanitario (Masa) per diventare caposala"},"content":{"rendered":"<figure id=\"attachment_21840\" aria-describedby=\"caption-attachment-21840\" style=\"width: 280px\" class=\"wp-caption alignleft\"><a href=\"http:\/\/www.bellunopress.it\/wp-content\/uploads\/2010\/12\/giovanni-23.jpg\"><img loading=\"lazy\" decoding=\"async\" class=\"size-full wp-image-21840\" alt=\"Centro Giovanni 23mo Belluno\" src=\"http:\/\/www.bellunopress.it\/wp-content\/uploads\/2010\/12\/giovanni-23.jpg\" width=\"280\" height=\"233\" \/><\/a><figcaption id=\"caption-attachment-21840\" class=\"wp-caption-text\">Centro Giovanni 23mo Belluno<\/figcaption><\/figure>\n<p>Sul successo raccolto dalle prime quattro edizioni del Master, si riconferma la\u00a0collaborazione tra l\u2019Universit\u00e0 IULM di Milano, l\u2019Istituto FDE di Mantova e l\u2019IPASVI di Belluno per l\u2019attivazione\u00a0della Quinta Edizione del Master Universitario di I livello in Management Sanitario per le funzioni di\u00a0coordinamento (MASA) che partir\u00e0 a Belluno il 22 febbraio 2013, alle ore 10.00, presso il Centro Congressi di\u00a0Belluno.<\/p>\n<p>La cerimonia d\u2019inaugurazione del Master sar\u00e0 presieduta da Vincenzo Russo (Direttore Scientifico del Master, Docente\u00a0di Psicologia del Lavoro e delle Organizzazioni presso la Libera Universit\u00e0 di Lingue Comunicazione IULM e\u00a0Coordinatore Area Societ\u00e0 e Salute \u2013 Fondazione Universit\u00e0 IULM), Angelo Puccia (Coordinatore Didattico del\u00a0Master \u2013 Istituto FDE), Luigi Pais Dei Mori (Presidente IPASVI Belluno), Massimo Bustreo (coordinatore del\u00a0Master, Post-Doctoral Fellow presso l\u2019Universit\u00e0 IULM, Professore di Psicologia dei Consumi e di Psicologia del\u00a0Comportamento Economico e dei Consumi presso l\u2019Universit\u00e0 Milano-Bicocca) e Francesco Marchet (Tutor d\u2019aula\u00a0del Master MASA).<\/p>\n<p>Il MASA \u00e8 un corso di formazione di I Livello rivolto a tutte le 22 professioni sanitarie riconosciute dal SSN, e ha\u00a0l\u2019obiettivo di far acquisire competenze nel management organizzativo e gestionale per esercitare funzioni di\u00a0coordinamento delle professioni sanitarie (Legge 1 febbraio 2006 n. 43) e formare professionisti in grado di gestire\u00a0risorse umane, economiche e materiali, progettare e gestire un sistema di sviluppo delle risorse, progetti di sistema\u00a0premiante, interventi formativi e processi di miglioramento della qualit\u00e0 dei servizi sanitari e di ricerca.<\/p>\n<p>La partnership tra l\u2019Universit\u00e0 IULM di Milano e l\u2019Istituto FDE Formazione di Eccellenza di Mantova garantisce sia\u00a0un titolo accademico riconosciuto e spendibile a fini concorsuali e professionali sia un prodotto formativo di alto livello\u00a0che unisce le competenze nel campo del management, della comunicazione, dello sviluppo delle risorse umane e della\u00a0ricerca scientifica sviluppate nei decenni dall\u2019Universit\u00e0 IULM con l&#8217;esperienza manageriale dei professionisti coinvolti\u00a0dall&#8217;Istituto FDE.<\/p>\n<p>\u00c8 l\u2019innovazione della metodologia didattica l\u2019elemento che caratterizza questo corso che, a differenza di molti suoi\u00a0affini, vede nella sua faculty e tra i suoi esperti, professionisti del mondo sanitario, del management aziendale e\u00a0dello sviluppo delle risorse umane provenienti dal territorio e dall\u2019intero panorama scientifico nazionale.<\/p>\n<p>L\u2019Advisory Board \u00e8 composto da Mariachiara Santin (Azienda Feltrina per i Servizi alla Persona), Deni Dai Pr\u00e0\u00a0(IPASVI Belluno), Giovanni Muttillo (IPASVI Milano),Barbara Cittadini (AIOP Palermo), Mara Fabrizio (AUSL\u00a02 Umbria), Anna Marusca Ghizzoni (ASL MN), Vincenzo Gargano (IPASVI Palermo), Gianni Giovannoni (A.O.\u00a0MN), Giovanna Gotti (A.O. MN), Salvatore La Rosa (ISIDA), Aviano Rossi (AUSL 2 Umbria).<\/p>\n<p>In particolare, il percorso formativo \u00e8 strutturato in moduli tematici che prevedono attivit\u00e0 di didattica frontale, studio\u00a0guidato, tutorship di processo con accompagnamento all\u2019apprendimento, esperienze sul campo e una prova di tesi\u00a0finale. Le attivit\u00e0 didattiche sono cos\u00ec ripartite: attivit\u00e0 didattica frontale (400 ore), studio guidato e individuale (525\u00a0ore), apprendimento clinico\/tirocinio (500 ore), tesi (75 ore).<\/p>\n<p>L\u2019organizzazione didattica sar\u00e0 cos\u00ec articolata: Legislazione, programmazione sanitaria, Politiche di programmazione\u00a0sanitaria e sistema informativo (6 cfu), Analisi organizzativa, teorie e sviluppo delle organizzazioni, Logiche\u00a0economiche nel processo di aziendalizzazione (6 cfu), Sviluppo di qualit\u00e0 dei servizi, Qualit\u00e0 dell\u2019assistenza (8 cfu),\u00a0Metodologia della ricerca scientifica, Assistenza basata sulle evidenze (4 cfu), Processi di gestione del personale,<\/p>\n<p>Gestione e sviluppo delle risorse umane (7 cfu), Specifico professionale delle Professioni Sanitarie, Teorie e modelli\u00a0assistenziali (6 cfu), Tirocinio (20 cfu), Prova finale (3 cfu), per un totale di 60 crediti formativi universitari.<\/p>\n<p>La sede di Belluno ha accolto 26 iscritti, oltre ai 36 della IV edizione in fase di compimento, dimostrando cos\u00ec il proprio\u00a0apprezzamento verso questa importante offerta formativa. Dalla sua prima edizione e nelle quattro sedi coinvolte\u00a0(Feltre, Milano, Mantova e Palermo) oltre 400 professionisti sanitari sono stati formati dal Master MASA.<\/p>\n<p>&nbsp;<\/p>","protected":false},"excerpt":{"rendered":"<p>Sul successo raccolto dalle prime quattro edizioni del Master, si riconferma la\u00a0collaborazione tra l\u2019Universit\u00e0 IULM di Milano, l\u2019Istituto FDE di Mantova e l\u2019IPASVI di Belluno per l\u2019attivazione\u00a0della Quinta Edizione del Master Universitario di I livello in Management Sanitario per le funzioni di\u00a0coordinamento (MASA) che partir\u00e0 a Belluno il 22 febbraio 2013, alle ore 10.00, presso [&hellip;]<\/p>\n","protected":false},"author":2,"featured_media":0,"comment_status":"closed","ping_status":"open","sticky":false,"template":"","format":"standard","meta":{"footnotes":""},"categories":[36,26,17],"tags":[],"class_list":["post-47712","post","type-post","status-publish","format-standard","category-lavoro-economia","category-prima-pagina","category-sanita"],"yoast_head":"<!-- This site is optimized with the Yoast SEO plugin v28.4 - https:\/\/yoast.com\/product\/yoast-seo-wordpress\/ -->\n<title>Venerd\u00ec 22 marzo al Centro Giovanni 23mo l&#039;inaugurazione del Master universitario in management sanitario (Masa) per diventare caposala  - Bellunopress - Dolomiti<\/title>\n<meta name=\"robots\" content=\"index, follow, max-snippet:-1, max-image-preview:large, max-video-preview:-1\" \/>\n<link rel=\"canonical\" href=\"https:\/\/www.bellunopress.it\/fr\/2013\/03\/18\/venerdi-22-marzo-al-centro-giovanni-23mo-linaugurazione-del-master-universitario-in-management-sanitario-masa-per-diventare-caposala\/\" \/>\n<meta property=\"og:locale\" content=\"fr_FR\" \/>\n<meta property=\"og:type\" content=\"article\" \/>\n<meta property=\"og:title\" content=\"Venerd\u00ec 22 marzo al Centro Giovanni 23mo l&#039;inaugurazione del Master universitario in management sanitario (Masa) per diventare caposala  - Bellunopress - Dolomiti\" \/>\n<meta property=\"og:description\" content=\"Sul successo raccolto dalle prime quattro edizioni del Master, si riconferma la\u00a0collaborazione tra l\u2019Universit\u00e0 IULM di Milano, l\u2019Istituto FDE di Mantova e l\u2019IPASVI di Belluno per l\u2019attivazione\u00a0della Quinta Edizione del Master Universitario di I livello in Management Sanitario per le funzioni di\u00a0coordinamento (MASA) che partir\u00e0 a Belluno il 22 febbraio 2013, alle ore 10.00, presso [&hellip;]\" \/>\n<meta property=\"og:url\" content=\"https:\/\/www.bellunopress.it\/fr\/2013\/03\/18\/venerdi-22-marzo-al-centro-giovanni-23mo-linaugurazione-del-master-universitario-in-management-sanitario-masa-per-diventare-caposala\/\" \/>\n<meta property=\"og:site_name\" content=\"Bellunopress - Dolomiti\" \/>\n<meta property=\"article:publisher\" content=\"https:\/\/www.facebook.com\/profile.php?id=100008943462799\" \/>\n<meta property=\"article:published_time\" content=\"2013-03-18T19:25:23+00:00\" \/>\n<meta property=\"og:image\" content=\"http:\/\/www.bellunopress.it\/wp-content\/uploads\/2010\/12\/giovanni-23.jpg\" \/>\n<meta name=\"author\" content=\"redazione\" \/>\n<meta name=\"twitter:card\" content=\"summary_large_image\" \/>\n<meta name=\"twitter:creator\" content=\"@bellunopress\" \/>\n<meta name=\"twitter:site\" content=\"@bellunopress\" \/>\n<meta name=\"twitter:label1\" content=\"\u00c9crit par\" \/>\n\t<meta name=\"twitter:data1\" content=\"redazione\" \/>\n\t<meta name=\"twitter:label2\" content=\"Dur\u00e9e de lecture estim\u00e9e\" \/>\n\t<meta name=\"twitter:data2\" content=\"3 minutes\" \/>\n<script type=\"application\/ld+json\" class=\"yoast-schema-graph\">{\"@context\":\"https:\\\/\\\/schema.org\",\"@graph\":[{\"@type\":\"Article\",\"@id\":\"https:\\\/\\\/www.bellunopress.it\\\/2013\\\/03\\\/18\\\/venerdi-22-marzo-al-centro-giovanni-23mo-linaugurazione-del-master-universitario-in-management-sanitario-masa-per-diventare-caposala\\\/#article\",\"isPartOf\":{\"@id\":\"https:\\\/\\\/www.bellunopress.it\\\/2013\\\/03\\\/18\\\/venerdi-22-marzo-al-centro-giovanni-23mo-linaugurazione-del-master-universitario-in-management-sanitario-masa-per-diventare-caposala\\\/\"},\"author\":{\"name\":\"redazione\",\"@id\":\"https:\\\/\\\/www.bellunopress.it\\\/#\\\/schema\\\/person\\\/79bb06722b37ece1c03d3e94beb30d73\"},\"headline\":\"Venerd\u00ec 22 marzo al Centro Giovanni 23mo l&#8217;inaugurazione del Master universitario in management sanitario (Masa) per diventare caposala\",\"datePublished\":\"2013-03-18T19:25:23+00:00\",\"mainEntityOfPage\":{\"@id\":\"https:\\\/\\\/www.bellunopress.it\\\/2013\\\/03\\\/18\\\/venerdi-22-marzo-al-centro-giovanni-23mo-linaugurazione-del-master-universitario-in-management-sanitario-masa-per-diventare-caposala\\\/\"},\"wordCount\":633,\"publisher\":{\"@id\":\"https:\\\/\\\/www.bellunopress.it\\\/#organization\"},\"image\":{\"@id\":\"https:\\\/\\\/www.bellunopress.it\\\/2013\\\/03\\\/18\\\/venerdi-22-marzo-al-centro-giovanni-23mo-linaugurazione-del-master-universitario-in-management-sanitario-masa-per-diventare-caposala\\\/#primaryimage\"},\"thumbnailUrl\":\"http:\\\/\\\/www.bellunopress.it\\\/wp-content\\\/uploads\\\/2010\\\/12\\\/giovanni-23.jpg\",\"articleSection\":[\"Lavoro, Economia, Turismo\",\"Prima Pagina\",\"Sanit\u00e0 Medicina\"],\"inLanguage\":\"fr-FR\"},{\"@type\":\"WebPage\",\"@id\":\"https:\\\/\\\/www.bellunopress.it\\\/2013\\\/03\\\/18\\\/venerdi-22-marzo-al-centro-giovanni-23mo-linaugurazione-del-master-universitario-in-management-sanitario-masa-per-diventare-caposala\\\/\",\"url\":\"https:\\\/\\\/www.bellunopress.it\\\/2013\\\/03\\\/18\\\/venerdi-22-marzo-al-centro-giovanni-23mo-linaugurazione-del-master-universitario-in-management-sanitario-masa-per-diventare-caposala\\\/\",\"name\":\"Venerd\u00ec 22 marzo al Centro Giovanni 23mo l'inaugurazione del Master universitario in management sanitario (Masa) per diventare caposala - Bellunopress - Dolomiti\",\"isPartOf\":{\"@id\":\"https:\\\/\\\/www.bellunopress.it\\\/#website\"},\"primaryImageOfPage\":{\"@id\":\"https:\\\/\\\/www.bellunopress.it\\\/2013\\\/03\\\/18\\\/venerdi-22-marzo-al-centro-giovanni-23mo-linaugurazione-del-master-universitario-in-management-sanitario-masa-per-diventare-caposala\\\/#primaryimage\"},\"image\":{\"@id\":\"https:\\\/\\\/www.bellunopress.it\\\/2013\\\/03\\\/18\\\/venerdi-22-marzo-al-centro-giovanni-23mo-linaugurazione-del-master-universitario-in-management-sanitario-masa-per-diventare-caposala\\\/#primaryimage\"},\"thumbnailUrl\":\"http:\\\/\\\/www.bellunopress.it\\\/wp-content\\\/uploads\\\/2010\\\/12\\\/giovanni-23.jpg\",\"datePublished\":\"2013-03-18T19:25:23+00:00\",\"breadcrumb\":{\"@id\":\"https:\\\/\\\/www.bellunopress.it\\\/2013\\\/03\\\/18\\\/venerdi-22-marzo-al-centro-giovanni-23mo-linaugurazione-del-master-universitario-in-management-sanitario-masa-per-diventare-caposala\\\/#breadcrumb\"},\"inLanguage\":\"fr-FR\",\"potentialAction\":[{\"@type\":\"ReadAction\",\"target\":[\"https:\\\/\\\/www.bellunopress.it\\\/2013\\\/03\\\/18\\\/venerdi-22-marzo-al-centro-giovanni-23mo-linaugurazione-del-master-universitario-in-management-sanitario-masa-per-diventare-caposala\\\/\"]}]},{\"@type\":\"ImageObject\",\"inLanguage\":\"fr-FR\",\"@id\":\"https:\\\/\\\/www.bellunopress.it\\\/2013\\\/03\\\/18\\\/venerdi-22-marzo-al-centro-giovanni-23mo-linaugurazione-del-master-universitario-in-management-sanitario-masa-per-diventare-caposala\\\/#primaryimage\",\"url\":\"http:\\\/\\\/www.bellunopress.it\\\/wp-content\\\/uploads\\\/2010\\\/12\\\/giovanni-23.jpg\",\"contentUrl\":\"http:\\\/\\\/www.bellunopress.it\\\/wp-content\\\/uploads\\\/2010\\\/12\\\/giovanni-23.jpg\"},{\"@type\":\"BreadcrumbList\",\"@id\":\"https:\\\/\\\/www.bellunopress.it\\\/2013\\\/03\\\/18\\\/venerdi-22-marzo-al-centro-giovanni-23mo-linaugurazione-del-master-universitario-in-management-sanitario-masa-per-diventare-caposala\\\/#breadcrumb\",\"itemListElement\":[{\"@type\":\"ListItem\",\"position\":1,\"name\":\"Home\",\"item\":\"https:\\\/\\\/www.bellunopress.it\\\/\"},{\"@type\":\"ListItem\",\"position\":2,\"name\":\"Venerd\u00ec 22 marzo al Centro Giovanni 23mo l&#8217;inaugurazione del Master universitario in management sanitario (Masa) per diventare caposala\"}]},{\"@type\":\"WebSite\",\"@id\":\"https:\\\/\\\/www.bellunopress.it\\\/#website\",\"url\":\"https:\\\/\\\/www.bellunopress.it\\\/\",\"name\":\"Bellunopress - Dolomiti\",\"description\":\"e-mail: redazione@bellunopress.it\",\"publisher\":{\"@id\":\"https:\\\/\\\/www.bellunopress.it\\\/#organization\"},\"potentialAction\":[{\"@type\":\"SearchAction\",\"target\":{\"@type\":\"EntryPoint\",\"urlTemplate\":\"https:\\\/\\\/www.bellunopress.it\\\/?s={search_term_string}\"},\"query-input\":{\"@type\":\"PropertyValueSpecification\",\"valueRequired\":true,\"valueName\":\"search_term_string\"}}],\"inLanguage\":\"fr-FR\"},{\"@type\":\"Organization\",\"@id\":\"https:\\\/\\\/www.bellunopress.it\\\/#organization\",\"name\":\"Bellunopress\",\"url\":\"https:\\\/\\\/www.bellunopress.it\\\/\",\"logo\":{\"@type\":\"ImageObject\",\"inLanguage\":\"fr-FR\",\"@id\":\"https:\\\/\\\/www.bellunopress.it\\\/#\\\/schema\\\/logo\\\/image\\\/\",\"url\":\"https:\\\/\\\/www.bellunopress.it\\\/wp-content\\\/uploads\\\/2011\\\/05\\\/cropped-logo-bellunopress-.jpg\",\"contentUrl\":\"https:\\\/\\\/www.bellunopress.it\\\/wp-content\\\/uploads\\\/2011\\\/05\\\/cropped-logo-bellunopress-.jpg\",\"width\":512,\"height\":512,\"caption\":\"Bellunopress\"},\"image\":{\"@id\":\"https:\\\/\\\/www.bellunopress.it\\\/#\\\/schema\\\/logo\\\/image\\\/\"},\"sameAs\":[\"https:\\\/\\\/www.facebook.com\\\/profile.php?id=100008943462799\",\"https:\\\/\\\/x.com\\\/bellunopress\",\"https:\\\/\\\/www.linkedin.com\\\/hp\\\/?dnr=JBzUWaJfMUw8vbXJJ2tVW5-I3jZKvC4wsoxE&amp;amp;amp;amp;amp;amp;trk=nav_responsive_tab_home\",\"https:\\\/\\\/www.youtube.com\\\/channel\\\/UCxL0wu1uN0_3_7hGG0306cw\"]},{\"@type\":\"Person\",\"@id\":\"https:\\\/\\\/www.bellunopress.it\\\/#\\\/schema\\\/person\\\/79bb06722b37ece1c03d3e94beb30d73\",\"name\":\"redazione\",\"image\":{\"@type\":\"ImageObject\",\"inLanguage\":\"fr-FR\",\"@id\":\"https:\\\/\\\/secure.gravatar.com\\\/avatar\\\/37d968a2e67a6fd04c169c4bdef102d0bc5d31b2546345219e348575eb80e9a0?s=96&d=mm&r=g\",\"url\":\"https:\\\/\\\/secure.gravatar.com\\\/avatar\\\/37d968a2e67a6fd04c169c4bdef102d0bc5d31b2546345219e348575eb80e9a0?s=96&d=mm&r=g\",\"contentUrl\":\"https:\\\/\\\/secure.gravatar.com\\\/avatar\\\/37d968a2e67a6fd04c169c4bdef102d0bc5d31b2546345219e348575eb80e9a0?s=96&d=mm&r=g\",\"caption\":\"redazione\"},\"sameAs\":[\"http:\\\/\\\/www.bellunopress.it\",\"https:\\\/\\\/x.com\\\/bellunopress\"],\"url\":\"https:\\\/\\\/www.bellunopress.it\\\/fr\\\/author\\\/redazione\\\/\"}]}<\/script>\n<!-- \/ Yoast SEO plugin. -->","yoast_head_json":{"title":"Venerd\u00ec 22 marzo al Centro Giovanni 23mo l'inaugurazione del Master universitario in management sanitario (Masa) per diventare caposala  - Bellunopress - Dolomiti","robots":{"index":"index","follow":"follow","max-snippet":"max-snippet:-1","max-image-preview":"max-image-preview:large","max-video-preview":"max-video-preview:-1"},"canonical":"https:\/\/www.bellunopress.it\/fr\/2013\/03\/18\/venerdi-22-marzo-al-centro-giovanni-23mo-linaugurazione-del-master-universitario-in-management-sanitario-masa-per-diventare-caposala\/","og_locale":"fr_FR","og_type":"article","og_title":"Venerd\u00ec 22 marzo al Centro Giovanni 23mo l'inaugurazione del Master universitario in management sanitario (Masa) per diventare caposala  - Bellunopress - Dolomiti","og_description":"Sul successo raccolto dalle prime quattro edizioni del Master, si riconferma la\u00a0collaborazione tra l\u2019Universit\u00e0 IULM di Milano, l\u2019Istituto FDE di Mantova e l\u2019IPASVI di Belluno per l\u2019attivazione\u00a0della Quinta Edizione del Master Universitario di I livello in Management Sanitario per le funzioni di\u00a0coordinamento (MASA) che partir\u00e0 a Belluno il 22 febbraio 2013, alle ore 10.00, presso [&hellip;]","og_url":"https:\/\/www.bellunopress.it\/fr\/2013\/03\/18\/venerdi-22-marzo-al-centro-giovanni-23mo-linaugurazione-del-master-universitario-in-management-sanitario-masa-per-diventare-caposala\/","og_site_name":"Bellunopress - Dolomiti","article_publisher":"https:\/\/www.facebook.com\/profile.php?id=100008943462799","article_published_time":"2013-03-18T19:25:23+00:00","og_image":[{"url":"http:\/\/www.bellunopress.it\/wp-content\/uploads\/2010\/12\/giovanni-23.jpg","type":"","width":"","height":""}],"author":"redazione","twitter_card":"summary_large_image","twitter_creator":"@bellunopress","twitter_site":"@bellunopress","twitter_misc":{"\u00c9crit par":"redazione","Dur\u00e9e de lecture estim\u00e9e":"3 minutes"},"schema":{"@context":"https:\/\/schema.org","@graph":[{"@type":"Article","@id":"https:\/\/www.bellunopress.it\/2013\/03\/18\/venerdi-22-marzo-al-centro-giovanni-23mo-linaugurazione-del-master-universitario-in-management-sanitario-masa-per-diventare-caposala\/#article","isPartOf":{"@id":"https:\/\/www.bellunopress.it\/2013\/03\/18\/venerdi-22-marzo-al-centro-giovanni-23mo-linaugurazione-del-master-universitario-in-management-sanitario-masa-per-diventare-caposala\/"},"author":{"name":"redazione","@id":"https:\/\/www.bellunopress.it\/#\/schema\/person\/79bb06722b37ece1c03d3e94beb30d73"},"headline":"Venerd\u00ec 22 marzo al Centro Giovanni 23mo l&#8217;inaugurazione del Master universitario in management sanitario (Masa) per diventare caposala","datePublished":"2013-03-18T19:25:23+00:00","mainEntityOfPage":{"@id":"https:\/\/www.bellunopress.it\/2013\/03\/18\/venerdi-22-marzo-al-centro-giovanni-23mo-linaugurazione-del-master-universitario-in-management-sanitario-masa-per-diventare-caposala\/"},"wordCount":633,"publisher":{"@id":"https:\/\/www.bellunopress.it\/#organization"},"image":{"@id":"https:\/\/www.bellunopress.it\/2013\/03\/18\/venerdi-22-marzo-al-centro-giovanni-23mo-linaugurazione-del-master-universitario-in-management-sanitario-masa-per-diventare-caposala\/#primaryimage"},"thumbnailUrl":"http:\/\/www.bellunopress.it\/wp-content\/uploads\/2010\/12\/giovanni-23.jpg","articleSection":["Lavoro, Economia, Turismo","Prima Pagina","Sanit\u00e0 Medicina"],"inLanguage":"fr-FR"},{"@type":"WebPage","@id":"https:\/\/www.bellunopress.it\/2013\/03\/18\/venerdi-22-marzo-al-centro-giovanni-23mo-linaugurazione-del-master-universitario-in-management-sanitario-masa-per-diventare-caposala\/","url":"https:\/\/www.bellunopress.it\/2013\/03\/18\/venerdi-22-marzo-al-centro-giovanni-23mo-linaugurazione-del-master-universitario-in-management-sanitario-masa-per-diventare-caposala\/","name":"Venerd\u00ec 22 marzo al Centro Giovanni 23mo l'inaugurazione del Master universitario in management sanitario (Masa) per diventare caposala - Bellunopress - Dolomiti","isPartOf":{"@id":"https:\/\/www.bellunopress.it\/#website"},"primaryImageOfPage":{"@id":"https:\/\/www.bellunopress.it\/2013\/03\/18\/venerdi-22-marzo-al-centro-giovanni-23mo-linaugurazione-del-master-universitario-in-management-sanitario-masa-per-diventare-caposala\/#primaryimage"},"image":{"@id":"https:\/\/www.bellunopress.it\/2013\/03\/18\/venerdi-22-marzo-al-centro-giovanni-23mo-linaugurazione-del-master-universitario-in-management-sanitario-masa-per-diventare-caposala\/#primaryimage"},"thumbnailUrl":"http:\/\/www.bellunopress.it\/wp-content\/uploads\/2010\/12\/giovanni-23.jpg","datePublished":"2013-03-18T19:25:23+00:00","breadcrumb":{"@id":"https:\/\/www.bellunopress.it\/2013\/03\/18\/venerdi-22-marzo-al-centro-giovanni-23mo-linaugurazione-del-master-universitario-in-management-sanitario-masa-per-diventare-caposala\/#breadcrumb"},"inLanguage":"fr-FR","potentialAction":[{"@type":"ReadAction","target":["https:\/\/www.bellunopress.it\/2013\/03\/18\/venerdi-22-marzo-al-centro-giovanni-23mo-linaugurazione-del-master-universitario-in-management-sanitario-masa-per-diventare-caposala\/"]}]},{"@type":"ImageObject","inLanguage":"fr-FR","@id":"https:\/\/www.bellunopress.it\/2013\/03\/18\/venerdi-22-marzo-al-centro-giovanni-23mo-linaugurazione-del-master-universitario-in-management-sanitario-masa-per-diventare-caposala\/#primaryimage","url":"http:\/\/www.bellunopress.it\/wp-content\/uploads\/2010\/12\/giovanni-23.jpg","contentUrl":"http:\/\/www.bellunopress.it\/wp-content\/uploads\/2010\/12\/giovanni-23.jpg"},{"@type":"BreadcrumbList","@id":"https:\/\/www.bellunopress.it\/2013\/03\/18\/venerdi-22-marzo-al-centro-giovanni-23mo-linaugurazione-del-master-universitario-in-management-sanitario-masa-per-diventare-caposala\/#breadcrumb","itemListElement":[{"@type":"ListItem","position":1,"name":"Home","item":"https:\/\/www.bellunopress.it\/"},{"@type":"ListItem","position":2,"name":"Venerd\u00ec 22 marzo al Centro Giovanni 23mo l&#8217;inaugurazione del Master universitario in management sanitario (Masa) per diventare caposala"}]},{"@type":"WebSite","@id":"https:\/\/www.bellunopress.it\/#website","url":"https:\/\/www.bellunopress.it\/","name":"Bellunopress - Dolomiti","description":"e-mail: redazione@bellunopress.it","publisher":{"@id":"https:\/\/www.bellunopress.it\/#organization"},"potentialAction":[{"@type":"SearchAction","target":{"@type":"EntryPoint","urlTemplate":"https:\/\/www.bellunopress.it\/?s={search_term_string}"},"query-input":{"@type":"PropertyValueSpecification","valueRequired":true,"valueName":"search_term_string"}}],"inLanguage":"fr-FR"},{"@type":"Organization","@id":"https:\/\/www.bellunopress.it\/#organization","name":"Bellunopress","url":"https:\/\/www.bellunopress.it\/","logo":{"@type":"ImageObject","inLanguage":"fr-FR","@id":"https:\/\/www.bellunopress.it\/#\/schema\/logo\/image\/","url":"https:\/\/www.bellunopress.it\/wp-content\/uploads\/2011\/05\/cropped-logo-bellunopress-.jpg","contentUrl":"https:\/\/www.bellunopress.it\/wp-content\/uploads\/2011\/05\/cropped-logo-bellunopress-.jpg","width":512,"height":512,"caption":"Bellunopress"},"image":{"@id":"https:\/\/www.bellunopress.it\/#\/schema\/logo\/image\/"},"sameAs":["https:\/\/www.facebook.com\/profile.php?id=100008943462799","https:\/\/x.com\/bellunopress","https:\/\/www.linkedin.com\/hp\/?dnr=JBzUWaJfMUw8vbXJJ2tVW5-I3jZKvC4wsoxE&amp;amp;amp;amp;amp;amp;trk=nav_responsive_tab_home","https:\/\/www.youtube.com\/channel\/UCxL0wu1uN0_3_7hGG0306cw"]},{"@type":"Person","@id":"https:\/\/www.bellunopress.it\/#\/schema\/person\/79bb06722b37ece1c03d3e94beb30d73","name":"r\u00e9daction","image":{"@type":"ImageObject","inLanguage":"fr-FR","@id":"https:\/\/secure.gravatar.com\/avatar\/37d968a2e67a6fd04c169c4bdef102d0bc5d31b2546345219e348575eb80e9a0?s=96&d=mm&r=g","url":"https:\/\/secure.gravatar.com\/avatar\/37d968a2e67a6fd04c169c4bdef102d0bc5d31b2546345219e348575eb80e9a0?s=96&d=mm&r=g","contentUrl":"https:\/\/secure.gravatar.com\/avatar\/37d968a2e67a6fd04c169c4bdef102d0bc5d31b2546345219e348575eb80e9a0?s=96&d=mm&r=g","caption":"redazione"},"sameAs":["http:\/\/www.bellunopress.it","https:\/\/x.com\/bellunopress"],"url":"https:\/\/www.bellunopress.it\/fr\/author\/redazione\/"}]}},"_links":{"self":[{"href":"https:\/\/www.bellunopress.it\/fr\/wp-json\/wp\/v2\/posts\/47712","targetHints":{"allow":["GET"]}}],"collection":[{"href":"https:\/\/www.bellunopress.it\/fr\/wp-json\/wp\/v2\/posts"}],"about":[{"href":"https:\/\/www.bellunopress.it\/fr\/wp-json\/wp\/v2\/types\/post"}],"author":[{"embeddable":true,"href":"https:\/\/www.bellunopress.it\/fr\/wp-json\/wp\/v2\/users\/2"}],"replies":[{"embeddable":true,"href":"https:\/\/www.bellunopress.it\/fr\/wp-json\/wp\/v2\/comments?post=47712"}],"version-history":[{"count":1,"href":"https:\/\/www.bellunopress.it\/fr\/wp-json\/wp\/v2\/posts\/47712\/revisions"}],"predecessor-version":[{"id":47713,"href":"https:\/\/www.bellunopress.it\/fr\/wp-json\/wp\/v2\/posts\/47712\/revisions\/47713"}],"wp:attachment":[{"href":"https:\/\/www.bellunopress.it\/fr\/wp-json\/wp\/v2\/media?parent=47712"}],"wp:term":[{"taxonomy":"category","embeddable":true,"href":"https:\/\/www.bellunopress.it\/fr\/wp-json\/wp\/v2\/categories?post=47712"},{"taxonomy":"post_tag","embeddable":true,"href":"https:\/\/www.bellunopress.it\/fr\/wp-json\/wp\/v2\/tags?post=47712"}],"curies":[{"name":"wp","href":"https:\/\/api.w.org\/{rel}","templated":true}]}}