{"id":47704,"date":"2013-03-18T17:14:56","date_gmt":"2013-03-18T16:14:56","guid":{"rendered":"http:\/\/www.bellunopress.it\/?p=47704"},"modified":"2013-03-18T17:14:56","modified_gmt":"2013-03-18T16:14:56","slug":"indipendenza-veneto-domani-a-palazzo-balbi-il-via-alla-commissione-dei-giuristi-su-referendum-per-lautodeterminazione","status":"publish","type":"post","link":"https:\/\/www.bellunopress.it\/fr\/2013\/03\/18\/indipendenza-veneto-domani-a-palazzo-balbi-il-via-alla-commissione-dei-giuristi-su-referendum-per-lautodeterminazione\/","title":{"rendered":"Indipendenza Veneto: domani a Palazzo Balbi il via alla Commissione dei giuristi su referendum per l&#8217;autodeterminazione"},"content":{"rendered":"<figure id=\"attachment_13059\" aria-describedby=\"caption-attachment-13059\" style=\"width: 250px\" class=\"wp-caption alignleft\"><a href=\"http:\/\/www.bellunopress.it\/wp-content\/uploads\/2010\/03\/palazzo-balbi-250.jpg\"><img loading=\"lazy\" decoding=\"async\" class=\"size-full wp-image-13059\" alt=\"Palazzo Balbi\" src=\"http:\/\/www.bellunopress.it\/wp-content\/uploads\/2010\/03\/palazzo-balbi-250.jpg\" width=\"250\" height=\"250\" srcset=\"https:\/\/www.bellunopress.it\/wp-content\/uploads\/2010\/03\/palazzo-balbi-250.jpg 250w, https:\/\/www.bellunopress.it\/wp-content\/uploads\/2010\/03\/palazzo-balbi-250-150x150.jpg 150w\" sizes=\"auto, (max-width: 250px) 100vw, 250px\" \/><\/a><figcaption id=\"caption-attachment-13059\" class=\"wp-caption-text\">Palazzo Balbi<\/figcaption><\/figure>\n<p>Si insedia domani a palazzo Balbi a Venezia, la commissione tecnica composta da sei giuristi e costituzionalisti istituita dal presidente della Giunta veneta, Luca Zaia e dal presidente del Consiglio, Clodovaldo Ruffato, voluta dall\u2019assemblea regionale di palazzo Ferro-Fini, per fornire un parere consultivo sulla possibilit\u00e0 di indire un referendum tra i veneti al fine di \u201caccertarne\u201d la volont\u00e0 di autodeterminarsi come \u201cpopolo\u201d, con proprie forme di autonomia giuridica.<\/p>\n<p>La commissione \u00e8 composta da: Mario Bertolissi, ordinario di diritto costituzionale presso l\u2019Universit\u00e0 degli Studi di Padova; Luigi Benvenuti, ordinario di diritto amministrativo presso l\u2019Universit\u00e0 Ca\u2019 Foscari di Venezia; Luca Azzano Cantarutti, avvocato del foro di Rovigo; Andrea Favaro, docente incaricato presso la facolt\u00e0 di diritto canonico \u201cSan Pio X\u201d dello Studium Generale Marcianum di Venezia; Maria Patrizia Petralia, dirigente della direzione regionale affari legislativi; Alessandro Rota, dirigente responsabile della segreteria della Prima Commissione del Consiglio regionale.<\/p>\n<p>Ai sei esperti di ordinamenti e diritto costituzionale, la Regione affida il mandato di accertare la percorribilit\u00e0 giuridica, con riguardo anche al diritto comunitario e internazionale, del percorso referendario, a seguito del voto espresso il 28 novembre scorso dal Consiglio regionale.<\/p>\n<p>In quella seduta l\u2019assemblea accolse con 29 voti a favore, 5 astenuti e 2 contrari, la risoluzione n. 44 presentata da Mariangelo Foggiato e dai capigruppo di Pdl e Lega. Il documento del Consiglio impegna il Presidente del Consiglio Regionale del Veneto e il Presidente della Giunta a \u201ctutelare in ogni sede competente, nazionale e internazionale, il diritto del popolo veneto all\u2019autodeterminazione\u201d e a costituire un\u2019apposita commissione, \u201csenza alcun onere a carico della Regione\u201d, per verificare\u00a0la possibilit\u00e0 di indire una consultazione referendaria che accerti quali siano le reali intenzioni dei veneti in merito alla propria autodeterminazione.<\/p>\n<p>\u201cCon l\u2019insediamento della commissione \u2013 sottolinea il presidente Zaia \u2013 la Giunta regionale, in stretto raccordo con il Consiglio, conferma la volont\u00e0 di comprendere se e come sia possibile indire un referendum sull\u2019autodeterminazione. Si tratta di un passaggio fondamentale, perch\u00e9 vogliamo muoverci nell\u2019alveo della legalit\u00e0. Il lavoro di questi ottimi giuristi indicher\u00e0 quali strade sono giuridicamente percorribili e costituir\u00e0 la base di future iniziative. Molte regioni europee \u2013 in primis la Catalogna \u2013 hanno battuto e stanno battendo la strada dell\u2019autodeterminazione dei propri popoli. Rivolgo un augurio di buon lavoro a tutti i componenti della commissione\u201d.<\/p>\n<p>\u201cInsieme al presidente Zaia \u2013 dichiara il presidente dell\u2019assemblea consiliare Clodovaldo Ruffato \u2013 ci siamo adoperati per dare rapido adempimento alle indicazioni del Consiglio individuando figure tecniche di acclarata competenza e di grande esperienza. Nel ringraziarli tutti per la generosa disponibilit\u00e0 data a titolo gratuito, sono certo che sapranno individuare i possibili percorsi per garantire ai veneti il diritto di esprimersi sul proprio futuro, nel pieno rispetto della Costituzione italiana e del diritto internazionale, cos\u00ec come indicato dai primi due articoli del nuovo statuto regionale\u201d.<\/p>\n<p>&nbsp;<\/p>\n<p>&nbsp;<\/p>","protected":false},"excerpt":{"rendered":"<p>Si insedia domani a palazzo Balbi a Venezia, la commissione tecnica composta da sei giuristi e costituzionalisti istituita dal presidente della Giunta veneta, Luca Zaia e dal presidente del Consiglio, Clodovaldo Ruffato, voluta dall\u2019assemblea regionale di palazzo Ferro-Fini, per fornire un parere consultivo sulla possibilit\u00e0 di indire un referendum tra i veneti al fine di [&hellip;]<\/p>\n","protected":false},"author":2,"featured_media":0,"comment_status":"closed","ping_status":"open","sticky":false,"template":"","format":"standard","meta":{"footnotes":""},"categories":[5,26],"tags":[],"class_list":["post-47704","post","type-post","status-publish","format-standard","category-cronaca","category-prima-pagina"],"yoast_head":"<!-- This site is optimized with the Yoast SEO plugin v28.4 - https:\/\/yoast.com\/product\/yoast-seo-wordpress\/ -->\n<title>Indipendenza Veneto: domani a Palazzo Balbi il via alla Commissione dei giuristi su referendum per l&#039;autodeterminazione  - Bellunopress - Dolomiti<\/title>\n<meta name=\"robots\" content=\"index, follow, max-snippet:-1, max-image-preview:large, max-video-preview:-1\" \/>\n<link rel=\"canonical\" href=\"https:\/\/www.bellunopress.it\/fr\/2013\/03\/18\/indipendenza-veneto-domani-a-palazzo-balbi-il-via-alla-commissione-dei-giuristi-su-referendum-per-lautodeterminazione\/\" \/>\n<meta property=\"og:locale\" content=\"fr_FR\" \/>\n<meta property=\"og:type\" content=\"article\" \/>\n<meta property=\"og:title\" content=\"Indipendenza Veneto: domani a Palazzo Balbi il via alla Commissione dei giuristi su referendum per l&#039;autodeterminazione  - Bellunopress - Dolomiti\" \/>\n<meta property=\"og:description\" content=\"Si insedia domani a palazzo Balbi a Venezia, la commissione tecnica composta da sei giuristi e costituzionalisti istituita dal presidente della Giunta veneta, Luca Zaia e dal presidente del Consiglio, Clodovaldo Ruffato, voluta dall\u2019assemblea regionale di palazzo Ferro-Fini, per fornire un parere consultivo sulla possibilit\u00e0 di indire un referendum tra i veneti al fine di [&hellip;]\" \/>\n<meta property=\"og:url\" content=\"https:\/\/www.bellunopress.it\/fr\/2013\/03\/18\/indipendenza-veneto-domani-a-palazzo-balbi-il-via-alla-commissione-dei-giuristi-su-referendum-per-lautodeterminazione\/\" \/>\n<meta property=\"og:site_name\" content=\"Bellunopress - Dolomiti\" \/>\n<meta property=\"article:publisher\" content=\"https:\/\/www.facebook.com\/profile.php?id=100008943462799\" \/>\n<meta property=\"article:published_time\" content=\"2013-03-18T16:14:56+00:00\" \/>\n<meta property=\"og:image\" content=\"http:\/\/www.bellunopress.it\/wp-content\/uploads\/2010\/03\/palazzo-balbi-250.jpg\" \/>\n<meta name=\"author\" content=\"redazione\" \/>\n<meta name=\"twitter:card\" content=\"summary_large_image\" \/>\n<meta name=\"twitter:creator\" content=\"@bellunopress\" \/>\n<meta name=\"twitter:site\" content=\"@bellunopress\" \/>\n<meta name=\"twitter:label1\" content=\"\u00c9crit par\" \/>\n\t<meta name=\"twitter:data1\" content=\"redazione\" \/>\n\t<meta name=\"twitter:label2\" content=\"Dur\u00e9e de lecture estim\u00e9e\" \/>\n\t<meta name=\"twitter:data2\" content=\"2 minutes\" \/>\n<script type=\"application\/ld+json\" class=\"yoast-schema-graph\">{\"@context\":\"https:\\\/\\\/schema.org\",\"@graph\":[{\"@type\":\"Article\",\"@id\":\"https:\\\/\\\/www.bellunopress.it\\\/2013\\\/03\\\/18\\\/indipendenza-veneto-domani-a-palazzo-balbi-il-via-alla-commissione-dei-giuristi-su-referendum-per-lautodeterminazione\\\/#article\",\"isPartOf\":{\"@id\":\"https:\\\/\\\/www.bellunopress.it\\\/2013\\\/03\\\/18\\\/indipendenza-veneto-domani-a-palazzo-balbi-il-via-alla-commissione-dei-giuristi-su-referendum-per-lautodeterminazione\\\/\"},\"author\":{\"name\":\"redazione\",\"@id\":\"https:\\\/\\\/www.bellunopress.it\\\/#\\\/schema\\\/person\\\/79bb06722b37ece1c03d3e94beb30d73\"},\"headline\":\"Indipendenza Veneto: domani a Palazzo Balbi il via alla Commissione dei giuristi su referendum per l&#8217;autodeterminazione\",\"datePublished\":\"2013-03-18T16:14:56+00:00\",\"mainEntityOfPage\":{\"@id\":\"https:\\\/\\\/www.bellunopress.it\\\/2013\\\/03\\\/18\\\/indipendenza-veneto-domani-a-palazzo-balbi-il-via-alla-commissione-dei-giuristi-su-referendum-per-lautodeterminazione\\\/\"},\"wordCount\":491,\"publisher\":{\"@id\":\"https:\\\/\\\/www.bellunopress.it\\\/#organization\"},\"image\":{\"@id\":\"https:\\\/\\\/www.bellunopress.it\\\/2013\\\/03\\\/18\\\/indipendenza-veneto-domani-a-palazzo-balbi-il-via-alla-commissione-dei-giuristi-su-referendum-per-lautodeterminazione\\\/#primaryimage\"},\"thumbnailUrl\":\"http:\\\/\\\/www.bellunopress.it\\\/wp-content\\\/uploads\\\/2010\\\/03\\\/palazzo-balbi-250.jpg\",\"articleSection\":[\"Cronaca\\\/Politica\",\"Prima Pagina\"],\"inLanguage\":\"fr-FR\"},{\"@type\":\"WebPage\",\"@id\":\"https:\\\/\\\/www.bellunopress.it\\\/2013\\\/03\\\/18\\\/indipendenza-veneto-domani-a-palazzo-balbi-il-via-alla-commissione-dei-giuristi-su-referendum-per-lautodeterminazione\\\/\",\"url\":\"https:\\\/\\\/www.bellunopress.it\\\/2013\\\/03\\\/18\\\/indipendenza-veneto-domani-a-palazzo-balbi-il-via-alla-commissione-dei-giuristi-su-referendum-per-lautodeterminazione\\\/\",\"name\":\"Indipendenza Veneto: domani a Palazzo Balbi il via alla Commissione dei giuristi su referendum per l'autodeterminazione - Bellunopress - Dolomiti\",\"isPartOf\":{\"@id\":\"https:\\\/\\\/www.bellunopress.it\\\/#website\"},\"primaryImageOfPage\":{\"@id\":\"https:\\\/\\\/www.bellunopress.it\\\/2013\\\/03\\\/18\\\/indipendenza-veneto-domani-a-palazzo-balbi-il-via-alla-commissione-dei-giuristi-su-referendum-per-lautodeterminazione\\\/#primaryimage\"},\"image\":{\"@id\":\"https:\\\/\\\/www.bellunopress.it\\\/2013\\\/03\\\/18\\\/indipendenza-veneto-domani-a-palazzo-balbi-il-via-alla-commissione-dei-giuristi-su-referendum-per-lautodeterminazione\\\/#primaryimage\"},\"thumbnailUrl\":\"http:\\\/\\\/www.bellunopress.it\\\/wp-content\\\/uploads\\\/2010\\\/03\\\/palazzo-balbi-250.jpg\",\"datePublished\":\"2013-03-18T16:14:56+00:00\",\"breadcrumb\":{\"@id\":\"https:\\\/\\\/www.bellunopress.it\\\/2013\\\/03\\\/18\\\/indipendenza-veneto-domani-a-palazzo-balbi-il-via-alla-commissione-dei-giuristi-su-referendum-per-lautodeterminazione\\\/#breadcrumb\"},\"inLanguage\":\"fr-FR\",\"potentialAction\":[{\"@type\":\"ReadAction\",\"target\":[\"https:\\\/\\\/www.bellunopress.it\\\/2013\\\/03\\\/18\\\/indipendenza-veneto-domani-a-palazzo-balbi-il-via-alla-commissione-dei-giuristi-su-referendum-per-lautodeterminazione\\\/\"]}]},{\"@type\":\"ImageObject\",\"inLanguage\":\"fr-FR\",\"@id\":\"https:\\\/\\\/www.bellunopress.it\\\/2013\\\/03\\\/18\\\/indipendenza-veneto-domani-a-palazzo-balbi-il-via-alla-commissione-dei-giuristi-su-referendum-per-lautodeterminazione\\\/#primaryimage\",\"url\":\"http:\\\/\\\/www.bellunopress.it\\\/wp-content\\\/uploads\\\/2010\\\/03\\\/palazzo-balbi-250.jpg\",\"contentUrl\":\"http:\\\/\\\/www.bellunopress.it\\\/wp-content\\\/uploads\\\/2010\\\/03\\\/palazzo-balbi-250.jpg\"},{\"@type\":\"BreadcrumbList\",\"@id\":\"https:\\\/\\\/www.bellunopress.it\\\/2013\\\/03\\\/18\\\/indipendenza-veneto-domani-a-palazzo-balbi-il-via-alla-commissione-dei-giuristi-su-referendum-per-lautodeterminazione\\\/#breadcrumb\",\"itemListElement\":[{\"@type\":\"ListItem\",\"position\":1,\"name\":\"Home\",\"item\":\"https:\\\/\\\/www.bellunopress.it\\\/\"},{\"@type\":\"ListItem\",\"position\":2,\"name\":\"Indipendenza Veneto: domani a Palazzo Balbi il via alla Commissione dei giuristi su referendum per l&#8217;autodeterminazione\"}]},{\"@type\":\"WebSite\",\"@id\":\"https:\\\/\\\/www.bellunopress.it\\\/#website\",\"url\":\"https:\\\/\\\/www.bellunopress.it\\\/\",\"name\":\"Bellunopress - Dolomiti\",\"description\":\"e-mail: redazione@bellunopress.it\",\"publisher\":{\"@id\":\"https:\\\/\\\/www.bellunopress.it\\\/#organization\"},\"potentialAction\":[{\"@type\":\"SearchAction\",\"target\":{\"@type\":\"EntryPoint\",\"urlTemplate\":\"https:\\\/\\\/www.bellunopress.it\\\/?s={search_term_string}\"},\"query-input\":{\"@type\":\"PropertyValueSpecification\",\"valueRequired\":true,\"valueName\":\"search_term_string\"}}],\"inLanguage\":\"fr-FR\"},{\"@type\":\"Organization\",\"@id\":\"https:\\\/\\\/www.bellunopress.it\\\/#organization\",\"name\":\"Bellunopress\",\"url\":\"https:\\\/\\\/www.bellunopress.it\\\/\",\"logo\":{\"@type\":\"ImageObject\",\"inLanguage\":\"fr-FR\",\"@id\":\"https:\\\/\\\/www.bellunopress.it\\\/#\\\/schema\\\/logo\\\/image\\\/\",\"url\":\"https:\\\/\\\/www.bellunopress.it\\\/wp-content\\\/uploads\\\/2011\\\/05\\\/cropped-logo-bellunopress-.jpg\",\"contentUrl\":\"https:\\\/\\\/www.bellunopress.it\\\/wp-content\\\/uploads\\\/2011\\\/05\\\/cropped-logo-bellunopress-.jpg\",\"width\":512,\"height\":512,\"caption\":\"Bellunopress\"},\"image\":{\"@id\":\"https:\\\/\\\/www.bellunopress.it\\\/#\\\/schema\\\/logo\\\/image\\\/\"},\"sameAs\":[\"https:\\\/\\\/www.facebook.com\\\/profile.php?id=100008943462799\",\"https:\\\/\\\/x.com\\\/bellunopress\",\"https:\\\/\\\/www.linkedin.com\\\/hp\\\/?dnr=JBzUWaJfMUw8vbXJJ2tVW5-I3jZKvC4wsoxE&amp;amp;amp;amp;amp;amp;trk=nav_responsive_tab_home\",\"https:\\\/\\\/www.youtube.com\\\/channel\\\/UCxL0wu1uN0_3_7hGG0306cw\"]},{\"@type\":\"Person\",\"@id\":\"https:\\\/\\\/www.bellunopress.it\\\/#\\\/schema\\\/person\\\/79bb06722b37ece1c03d3e94beb30d73\",\"name\":\"redazione\",\"image\":{\"@type\":\"ImageObject\",\"inLanguage\":\"fr-FR\",\"@id\":\"https:\\\/\\\/secure.gravatar.com\\\/avatar\\\/37d968a2e67a6fd04c169c4bdef102d0bc5d31b2546345219e348575eb80e9a0?s=96&d=mm&r=g\",\"url\":\"https:\\\/\\\/secure.gravatar.com\\\/avatar\\\/37d968a2e67a6fd04c169c4bdef102d0bc5d31b2546345219e348575eb80e9a0?s=96&d=mm&r=g\",\"contentUrl\":\"https:\\\/\\\/secure.gravatar.com\\\/avatar\\\/37d968a2e67a6fd04c169c4bdef102d0bc5d31b2546345219e348575eb80e9a0?s=96&d=mm&r=g\",\"caption\":\"redazione\"},\"sameAs\":[\"http:\\\/\\\/www.bellunopress.it\",\"https:\\\/\\\/x.com\\\/bellunopress\"],\"url\":\"https:\\\/\\\/www.bellunopress.it\\\/fr\\\/author\\\/redazione\\\/\"}]}<\/script>\n<!-- \/ Yoast SEO plugin. -->","yoast_head_json":{"title":"Indipendenza Veneto: domani a Palazzo Balbi il via alla Commissione dei giuristi su referendum per l'autodeterminazione  - Bellunopress - Dolomiti","robots":{"index":"index","follow":"follow","max-snippet":"max-snippet:-1","max-image-preview":"max-image-preview:large","max-video-preview":"max-video-preview:-1"},"canonical":"https:\/\/www.bellunopress.it\/fr\/2013\/03\/18\/indipendenza-veneto-domani-a-palazzo-balbi-il-via-alla-commissione-dei-giuristi-su-referendum-per-lautodeterminazione\/","og_locale":"fr_FR","og_type":"article","og_title":"Indipendenza Veneto: domani a Palazzo Balbi il via alla Commissione dei giuristi su referendum per l'autodeterminazione  - Bellunopress - Dolomiti","og_description":"Si insedia domani a palazzo Balbi a Venezia, la commissione tecnica composta da sei giuristi e costituzionalisti istituita dal presidente della Giunta veneta, Luca Zaia e dal presidente del Consiglio, Clodovaldo Ruffato, voluta dall\u2019assemblea regionale di palazzo Ferro-Fini, per fornire un parere consultivo sulla possibilit\u00e0 di indire un referendum tra i veneti al fine di [&hellip;]","og_url":"https:\/\/www.bellunopress.it\/fr\/2013\/03\/18\/indipendenza-veneto-domani-a-palazzo-balbi-il-via-alla-commissione-dei-giuristi-su-referendum-per-lautodeterminazione\/","og_site_name":"Bellunopress - Dolomiti","article_publisher":"https:\/\/www.facebook.com\/profile.php?id=100008943462799","article_published_time":"2013-03-18T16:14:56+00:00","og_image":[{"url":"http:\/\/www.bellunopress.it\/wp-content\/uploads\/2010\/03\/palazzo-balbi-250.jpg","type":"","width":"","height":""}],"author":"redazione","twitter_card":"summary_large_image","twitter_creator":"@bellunopress","twitter_site":"@bellunopress","twitter_misc":{"\u00c9crit par":"redazione","Dur\u00e9e de lecture estim\u00e9e":"2 minutes"},"schema":{"@context":"https:\/\/schema.org","@graph":[{"@type":"Article","@id":"https:\/\/www.bellunopress.it\/2013\/03\/18\/indipendenza-veneto-domani-a-palazzo-balbi-il-via-alla-commissione-dei-giuristi-su-referendum-per-lautodeterminazione\/#article","isPartOf":{"@id":"https:\/\/www.bellunopress.it\/2013\/03\/18\/indipendenza-veneto-domani-a-palazzo-balbi-il-via-alla-commissione-dei-giuristi-su-referendum-per-lautodeterminazione\/"},"author":{"name":"redazione","@id":"https:\/\/www.bellunopress.it\/#\/schema\/person\/79bb06722b37ece1c03d3e94beb30d73"},"headline":"Indipendenza Veneto: domani a Palazzo Balbi il via alla Commissione dei giuristi su referendum per l&#8217;autodeterminazione","datePublished":"2013-03-18T16:14:56+00:00","mainEntityOfPage":{"@id":"https:\/\/www.bellunopress.it\/2013\/03\/18\/indipendenza-veneto-domani-a-palazzo-balbi-il-via-alla-commissione-dei-giuristi-su-referendum-per-lautodeterminazione\/"},"wordCount":491,"publisher":{"@id":"https:\/\/www.bellunopress.it\/#organization"},"image":{"@id":"https:\/\/www.bellunopress.it\/2013\/03\/18\/indipendenza-veneto-domani-a-palazzo-balbi-il-via-alla-commissione-dei-giuristi-su-referendum-per-lautodeterminazione\/#primaryimage"},"thumbnailUrl":"http:\/\/www.bellunopress.it\/wp-content\/uploads\/2010\/03\/palazzo-balbi-250.jpg","articleSection":["Cronaca\/Politica","Prima Pagina"],"inLanguage":"fr-FR"},{"@type":"WebPage","@id":"https:\/\/www.bellunopress.it\/2013\/03\/18\/indipendenza-veneto-domani-a-palazzo-balbi-il-via-alla-commissione-dei-giuristi-su-referendum-per-lautodeterminazione\/","url":"https:\/\/www.bellunopress.it\/2013\/03\/18\/indipendenza-veneto-domani-a-palazzo-balbi-il-via-alla-commissione-dei-giuristi-su-referendum-per-lautodeterminazione\/","name":"Indipendenza Veneto: domani a Palazzo Balbi il via alla Commissione dei giuristi su referendum per l'autodeterminazione - Bellunopress - Dolomiti","isPartOf":{"@id":"https:\/\/www.bellunopress.it\/#website"},"primaryImageOfPage":{"@id":"https:\/\/www.bellunopress.it\/2013\/03\/18\/indipendenza-veneto-domani-a-palazzo-balbi-il-via-alla-commissione-dei-giuristi-su-referendum-per-lautodeterminazione\/#primaryimage"},"image":{"@id":"https:\/\/www.bellunopress.it\/2013\/03\/18\/indipendenza-veneto-domani-a-palazzo-balbi-il-via-alla-commissione-dei-giuristi-su-referendum-per-lautodeterminazione\/#primaryimage"},"thumbnailUrl":"http:\/\/www.bellunopress.it\/wp-content\/uploads\/2010\/03\/palazzo-balbi-250.jpg","datePublished":"2013-03-18T16:14:56+00:00","breadcrumb":{"@id":"https:\/\/www.bellunopress.it\/2013\/03\/18\/indipendenza-veneto-domani-a-palazzo-balbi-il-via-alla-commissione-dei-giuristi-su-referendum-per-lautodeterminazione\/#breadcrumb"},"inLanguage":"fr-FR","potentialAction":[{"@type":"ReadAction","target":["https:\/\/www.bellunopress.it\/2013\/03\/18\/indipendenza-veneto-domani-a-palazzo-balbi-il-via-alla-commissione-dei-giuristi-su-referendum-per-lautodeterminazione\/"]}]},{"@type":"ImageObject","inLanguage":"fr-FR","@id":"https:\/\/www.bellunopress.it\/2013\/03\/18\/indipendenza-veneto-domani-a-palazzo-balbi-il-via-alla-commissione-dei-giuristi-su-referendum-per-lautodeterminazione\/#primaryimage","url":"http:\/\/www.bellunopress.it\/wp-content\/uploads\/2010\/03\/palazzo-balbi-250.jpg","contentUrl":"http:\/\/www.bellunopress.it\/wp-content\/uploads\/2010\/03\/palazzo-balbi-250.jpg"},{"@type":"BreadcrumbList","@id":"https:\/\/www.bellunopress.it\/2013\/03\/18\/indipendenza-veneto-domani-a-palazzo-balbi-il-via-alla-commissione-dei-giuristi-su-referendum-per-lautodeterminazione\/#breadcrumb","itemListElement":[{"@type":"ListItem","position":1,"name":"Home","item":"https:\/\/www.bellunopress.it\/"},{"@type":"ListItem","position":2,"name":"Indipendenza Veneto: domani a Palazzo Balbi il via alla Commissione dei giuristi su referendum per l&#8217;autodeterminazione"}]},{"@type":"WebSite","@id":"https:\/\/www.bellunopress.it\/#website","url":"https:\/\/www.bellunopress.it\/","name":"Bellunopress - Dolomiti","description":"e-mail: redazione@bellunopress.it","publisher":{"@id":"https:\/\/www.bellunopress.it\/#organization"},"potentialAction":[{"@type":"SearchAction","target":{"@type":"EntryPoint","urlTemplate":"https:\/\/www.bellunopress.it\/?s={search_term_string}"},"query-input":{"@type":"PropertyValueSpecification","valueRequired":true,"valueName":"search_term_string"}}],"inLanguage":"fr-FR"},{"@type":"Organization","@id":"https:\/\/www.bellunopress.it\/#organization","name":"Bellunopress","url":"https:\/\/www.bellunopress.it\/","logo":{"@type":"ImageObject","inLanguage":"fr-FR","@id":"https:\/\/www.bellunopress.it\/#\/schema\/logo\/image\/","url":"https:\/\/www.bellunopress.it\/wp-content\/uploads\/2011\/05\/cropped-logo-bellunopress-.jpg","contentUrl":"https:\/\/www.bellunopress.it\/wp-content\/uploads\/2011\/05\/cropped-logo-bellunopress-.jpg","width":512,"height":512,"caption":"Bellunopress"},"image":{"@id":"https:\/\/www.bellunopress.it\/#\/schema\/logo\/image\/"},"sameAs":["https:\/\/www.facebook.com\/profile.php?id=100008943462799","https:\/\/x.com\/bellunopress","https:\/\/www.linkedin.com\/hp\/?dnr=JBzUWaJfMUw8vbXJJ2tVW5-I3jZKvC4wsoxE&amp;amp;amp;amp;amp;amp;trk=nav_responsive_tab_home","https:\/\/www.youtube.com\/channel\/UCxL0wu1uN0_3_7hGG0306cw"]},{"@type":"Person","@id":"https:\/\/www.bellunopress.it\/#\/schema\/person\/79bb06722b37ece1c03d3e94beb30d73","name":"r\u00e9daction","image":{"@type":"ImageObject","inLanguage":"fr-FR","@id":"https:\/\/secure.gravatar.com\/avatar\/37d968a2e67a6fd04c169c4bdef102d0bc5d31b2546345219e348575eb80e9a0?s=96&d=mm&r=g","url":"https:\/\/secure.gravatar.com\/avatar\/37d968a2e67a6fd04c169c4bdef102d0bc5d31b2546345219e348575eb80e9a0?s=96&d=mm&r=g","contentUrl":"https:\/\/secure.gravatar.com\/avatar\/37d968a2e67a6fd04c169c4bdef102d0bc5d31b2546345219e348575eb80e9a0?s=96&d=mm&r=g","caption":"redazione"},"sameAs":["http:\/\/www.bellunopress.it","https:\/\/x.com\/bellunopress"],"url":"https:\/\/www.bellunopress.it\/fr\/author\/redazione\/"}]}},"_links":{"self":[{"href":"https:\/\/www.bellunopress.it\/fr\/wp-json\/wp\/v2\/posts\/47704","targetHints":{"allow":["GET"]}}],"collection":[{"href":"https:\/\/www.bellunopress.it\/fr\/wp-json\/wp\/v2\/posts"}],"about":[{"href":"https:\/\/www.bellunopress.it\/fr\/wp-json\/wp\/v2\/types\/post"}],"author":[{"embeddable":true,"href":"https:\/\/www.bellunopress.it\/fr\/wp-json\/wp\/v2\/users\/2"}],"replies":[{"embeddable":true,"href":"https:\/\/www.bellunopress.it\/fr\/wp-json\/wp\/v2\/comments?post=47704"}],"version-history":[{"count":2,"href":"https:\/\/www.bellunopress.it\/fr\/wp-json\/wp\/v2\/posts\/47704\/revisions"}],"predecessor-version":[{"id":47706,"href":"https:\/\/www.bellunopress.it\/fr\/wp-json\/wp\/v2\/posts\/47704\/revisions\/47706"}],"wp:attachment":[{"href":"https:\/\/www.bellunopress.it\/fr\/wp-json\/wp\/v2\/media?parent=47704"}],"wp:term":[{"taxonomy":"category","embeddable":true,"href":"https:\/\/www.bellunopress.it\/fr\/wp-json\/wp\/v2\/categories?post=47704"},{"taxonomy":"post_tag","embeddable":true,"href":"https:\/\/www.bellunopress.it\/fr\/wp-json\/wp\/v2\/tags?post=47704"}],"curies":[{"name":"wp","href":"https:\/\/api.w.org\/{rel}","templated":true}]}}