{"id":47666,"date":"2013-03-16T19:02:33","date_gmt":"2013-03-16T18:02:33","guid":{"rendered":"http:\/\/www.bellunopress.it\/?p=47666"},"modified":"2013-03-16T19:02:33","modified_gmt":"2013-03-16T18:02:33","slug":"nuovi-corsi-del-margine-creativo-ad-aprile-ceramica-e-tessitura-creativa","status":"publish","type":"post","link":"https:\/\/www.bellunopress.it\/fr\/2013\/03\/16\/nuovi-corsi-del-margine-creativo-ad-aprile-ceramica-e-tessitura-creativa\/","title":{"rendered":"Nuovi corsi del &#8220;Margine creativo&#8221; ad aprile: ceramica e tessitura creativa"},"content":{"rendered":"<p>Ad aprile l\u2019Associazione culturale il Margine propone due nuovi corsi rivolti ai giovani e agli adulti\u00a0nell\u2019ambito del progetto Margine creativo, patrocinato dal Comune di Belluno.<\/p>\n<p>Il primo corso a cura di Demis Marin, dedicato alla tessitura creativa, si terr\u00e0 il 6 e 7 aprile presso la sede\u00a0del Circolo Val Cicogna a Castoi, Belluno, dalle 14 alle 18. Durante il corso si potranno apprendere le\u00a0conoscenze fondamentali per imparare a tessere impiegando sia materiali tradizionali sia materiali insoliti.<\/p>\n<p>Divertendosi con la tessitura creativa si sperimenter\u00e0 l\u2019antica arte della tessitura realizzando il proprio\u00a0personale arazzo. Durante gli incontri si imparer\u00e0 a riconoscere le fibre tessili e a utilizzare diversi materiali\u00a0per la tessitura.<\/p>\n<p>Il secondo corso, curato da Paola Nard, sar\u00e0 invece dedicato alla sperimentazione di alcune tecniche della\u00a0lavorazione della ceramica per realizzare piccole installazioni parietali o oggetti tridimensionali per\u00a0personalizzare la casa, concentrandosi in ogni incontro su un diverso tema. I primi tre appuntamenti\u00a0saranno dedicati alla manipolazione, mentre negli ultimi due si passer\u00e0 alla colorazione dei lavori realizzati.<\/p>\n<p>Le 5 lezioni si terranno presso la sede del Circolo Ospedaliero Ricreativo Culturale (sotto la pediatria\u00a0dell\u2019Ospedale di Belluno) venerd\u00ec 12, 19, 26 aprile e 3, 10 maggio 2013 dalle 20.00 alle 22.00.<\/p>\n<p>I corsi sono a numero chiuso, \u00e8 pertanto richiesta l\u2019iscrizione scrivendo o chiamando i contatti sotto indicati\u00a0entro il 28 marzo per il corso di tessitura, ed entro il 9 aprile per il corso di ceramica.<\/p>\n<p>Per le informazioni dettagliate sui corsi \u00e8 possibile visitare il sito www.associazioneilmargine.eu , scrivere\u00a0all\u2019indirizzo mail info@associazioneilmargine.eu o chiamare: 347 047 2258 (Valentina) 3494296983 (Paola).<\/p>\n<p>CORSO DI TESSITURA CREATIVA, A cura di Demis Marin<\/p>\n<p>Quando: Sabato 6 e domenica 7 aprile dalle 14.00 alle 18.00<\/p>\n<p>Dove: Sede del Circolo Val Cicogna, Castoi, Belluno<\/p>\n<p>Per chi: un massimo di 10 persone, ISCRIZIONE OBBLIGATORIA entro il 28 marzo<\/p>\n<p>Materiale richiesto ai corsisti: metro da sarta, forbice, ago da lana grosso, pettine da capelli<\/p>\n<p>Materiale fornito dal corso: filati, dispensa e telaio a noleggio<\/p>\n<p>Quota di partecipazione: 70 euro comprensivi di 8 ore di lezione e del materiale fornito dal corso + 12 euro<\/p>\n<p>quota associativa per i non tesserati<\/p>\n<p>CORSO DI CERAMICA, A cura di Paola Nard<\/p>\n<p>Quando: Venerd\u00ec 12, 19, 26 aprile e 3, 10 maggio 2013 dalle 20.00 alle 22.00<\/p>\n<p>Dove: Sede del Circolo Ospedaliero Ricreativo Culturale (sotto il reparto di pediatria dell\u2019Ospedale)<\/p>\n<p>Per chi: un massimo di 15 persone ISCRIZIONE OBBLIGATORIA, entro il 9 aprile<\/p>\n<p>Materiale richiesto ai corsisti: grembiule, stracci e sacchetti di plastica della spesa<\/p>\n<p>Materiale fornito dal corso: argilla, strumenti per la lavorazione, colori, cottura dei pezzi<\/p>\n<p>Quota di partecipazione: 100 euro comprensivi di 10 ore di lezione e del materiale fornito dal corso + 12<\/p>\n<p>euro quota associativa per i non tesserati<\/p>\n<p>associazione culturale il margine &#8211; C.F. 93046540253<\/p>\n<p>info@associazioneilmargine.eu &#8211; www.associazioneilmargine.eu<\/p>\n<p>IL PROGETTO MARGINE CREATIVO<\/p>\n<p>A partire da fine febbraio l&#8217;associazione culturale il margine propone, con il Patrocinio del Comune di\u00a0Belluno, il &#8216;MARGINE CREATIVO&#8217;, una serie di corsi per adulti per sperimentare diverse tecniche artistiche e\u00a0artigianali, come il riciclo, la tessitura, la ceramica, l&#8217;illustrazione, il cucito creativo, la cosmesi naturale&#8230;<\/p>\n<p>I laboratori, articolati in un minimo di 2 incontri fino ad un massimo di 5, saranno condotti di volta in volta\u00a0da un diverso professionista, artigiano o artista e saranno itineranti in citt\u00e0. Ogni corso sar\u00e0 indipendente\u00a0dagli altri, filo conduttore lo sviluppo della manualit\u00e0 e della creativit\u00e0.<\/p>\n<p>L\u2019ASSOCIAZIONE CULTURALE IL MARGINE<\/p>\n<p>Il margine \u00e8 un&#8217;associazione culturale, affiliata all&#8217;AICS, fondata nel 2011 da un gruppo di giovani per<\/p>\n<p>promuovere, mettendo in relazione diverse discipline, la cultura, l\u2019arte, la conoscenza del territorio, la tutela\u00a0e il rispetto dell\u2019ambiente. Propone laboratori per bambini rivolti alle famiglie e alle scuole (arte, riciclo,\u00a0creativit\u00e0, manualit\u00e0\u2026), corsi per adulti (arte, artigianato, manualit\u00e0 \u2026), visite guidate a mostre e musei,\u00a0workshop, incontri, eventi.<\/p>","protected":false},"excerpt":{"rendered":"<p>Ad aprile l\u2019Associazione culturale il Margine propone due nuovi corsi rivolti ai giovani e agli adulti\u00a0nell\u2019ambito del progetto Margine creativo, patrocinato dal Comune di Belluno. Il primo corso a cura di Demis Marin, dedicato alla tessitura creativa, si terr\u00e0 il 6 e 7 aprile presso la sede\u00a0del Circolo Val Cicogna a Castoi, Belluno, dalle 14 [&hellip;]<\/p>\n","protected":false},"author":2,"featured_media":0,"comment_status":"closed","ping_status":"open","sticky":false,"template":"","format":"standard","meta":{"footnotes":""},"categories":[25,8],"tags":[],"class_list":["post-47666","post","type-post","status-publish","format-standard","category-pausa-caffe","category-societa-istituzioni"],"yoast_head":"<!-- This site is optimized with the Yoast SEO plugin v28.4 - https:\/\/yoast.com\/product\/yoast-seo-wordpress\/ -->\n<title>Nuovi corsi del &quot;Margine creativo&quot; ad aprile: ceramica e tessitura creativa - Bellunopress - Dolomiti<\/title>\n<meta name=\"robots\" content=\"index, follow, max-snippet:-1, max-image-preview:large, max-video-preview:-1\" \/>\n<link rel=\"canonical\" href=\"https:\/\/www.bellunopress.it\/fr\/2013\/03\/16\/nuovi-corsi-del-margine-creativo-ad-aprile-ceramica-e-tessitura-creativa\/\" \/>\n<meta property=\"og:locale\" content=\"fr_FR\" \/>\n<meta property=\"og:type\" content=\"article\" \/>\n<meta property=\"og:title\" content=\"Nuovi corsi del &quot;Margine creativo&quot; ad aprile: ceramica e tessitura creativa - Bellunopress - Dolomiti\" \/>\n<meta property=\"og:description\" content=\"Ad aprile l\u2019Associazione culturale il Margine propone due nuovi corsi rivolti ai giovani e agli adulti\u00a0nell\u2019ambito del progetto Margine creativo, patrocinato dal Comune di Belluno. Il primo corso a cura di Demis Marin, dedicato alla tessitura creativa, si terr\u00e0 il 6 e 7 aprile presso la sede\u00a0del Circolo Val Cicogna a Castoi, Belluno, dalle 14 [&hellip;]\" \/>\n<meta property=\"og:url\" content=\"https:\/\/www.bellunopress.it\/fr\/2013\/03\/16\/nuovi-corsi-del-margine-creativo-ad-aprile-ceramica-e-tessitura-creativa\/\" \/>\n<meta property=\"og:site_name\" content=\"Bellunopress - Dolomiti\" \/>\n<meta property=\"article:publisher\" content=\"https:\/\/www.facebook.com\/profile.php?id=100008943462799\" \/>\n<meta property=\"article:published_time\" content=\"2013-03-16T18:02:33+00:00\" \/>\n<meta property=\"og:image\" content=\"http:\/\/www.bellunopress.it\/wp-content\/uploads\/2012\/07\/logo-bellunopress-250x250-2012.jpg\" \/>\n<meta name=\"author\" content=\"redazione\" \/>\n<meta name=\"twitter:card\" content=\"summary_large_image\" \/>\n<meta name=\"twitter:creator\" content=\"@bellunopress\" \/>\n<meta name=\"twitter:site\" content=\"@bellunopress\" \/>\n<meta name=\"twitter:label1\" content=\"\u00c9crit par\" \/>\n\t<meta name=\"twitter:data1\" content=\"redazione\" \/>\n\t<meta name=\"twitter:label2\" content=\"Dur\u00e9e de lecture estim\u00e9e\" \/>\n\t<meta name=\"twitter:data2\" content=\"3 minutes\" \/>\n<script type=\"application\/ld+json\" class=\"yoast-schema-graph\">{\"@context\":\"https:\\\/\\\/schema.org\",\"@graph\":[{\"@type\":\"Article\",\"@id\":\"https:\\\/\\\/www.bellunopress.it\\\/2013\\\/03\\\/16\\\/nuovi-corsi-del-margine-creativo-ad-aprile-ceramica-e-tessitura-creativa\\\/#article\",\"isPartOf\":{\"@id\":\"https:\\\/\\\/www.bellunopress.it\\\/2013\\\/03\\\/16\\\/nuovi-corsi-del-margine-creativo-ad-aprile-ceramica-e-tessitura-creativa\\\/\"},\"author\":{\"name\":\"redazione\",\"@id\":\"https:\\\/\\\/www.bellunopress.it\\\/#\\\/schema\\\/person\\\/79bb06722b37ece1c03d3e94beb30d73\"},\"headline\":\"Nuovi corsi del &#8220;Margine creativo&#8221; ad aprile: ceramica e tessitura creativa\",\"datePublished\":\"2013-03-16T18:02:33+00:00\",\"mainEntityOfPage\":{\"@id\":\"https:\\\/\\\/www.bellunopress.it\\\/2013\\\/03\\\/16\\\/nuovi-corsi-del-margine-creativo-ad-aprile-ceramica-e-tessitura-creativa\\\/\"},\"wordCount\":617,\"publisher\":{\"@id\":\"https:\\\/\\\/www.bellunopress.it\\\/#organization\"},\"articleSection\":[\"Pausa Caff\u00e8\",\"Societ\u00e0, Associazioni, Istituzioni\"],\"inLanguage\":\"fr-FR\"},{\"@type\":\"WebPage\",\"@id\":\"https:\\\/\\\/www.bellunopress.it\\\/2013\\\/03\\\/16\\\/nuovi-corsi-del-margine-creativo-ad-aprile-ceramica-e-tessitura-creativa\\\/\",\"url\":\"https:\\\/\\\/www.bellunopress.it\\\/2013\\\/03\\\/16\\\/nuovi-corsi-del-margine-creativo-ad-aprile-ceramica-e-tessitura-creativa\\\/\",\"name\":\"Nuovi corsi del \\\"Margine creativo\\\" ad aprile: ceramica e tessitura creativa - Bellunopress - Dolomiti\",\"isPartOf\":{\"@id\":\"https:\\\/\\\/www.bellunopress.it\\\/#website\"},\"datePublished\":\"2013-03-16T18:02:33+00:00\",\"breadcrumb\":{\"@id\":\"https:\\\/\\\/www.bellunopress.it\\\/2013\\\/03\\\/16\\\/nuovi-corsi-del-margine-creativo-ad-aprile-ceramica-e-tessitura-creativa\\\/#breadcrumb\"},\"inLanguage\":\"fr-FR\",\"potentialAction\":[{\"@type\":\"ReadAction\",\"target\":[\"https:\\\/\\\/www.bellunopress.it\\\/2013\\\/03\\\/16\\\/nuovi-corsi-del-margine-creativo-ad-aprile-ceramica-e-tessitura-creativa\\\/\"]}]},{\"@type\":\"BreadcrumbList\",\"@id\":\"https:\\\/\\\/www.bellunopress.it\\\/2013\\\/03\\\/16\\\/nuovi-corsi-del-margine-creativo-ad-aprile-ceramica-e-tessitura-creativa\\\/#breadcrumb\",\"itemListElement\":[{\"@type\":\"ListItem\",\"position\":1,\"name\":\"Home\",\"item\":\"https:\\\/\\\/www.bellunopress.it\\\/\"},{\"@type\":\"ListItem\",\"position\":2,\"name\":\"Nuovi corsi del &#8220;Margine creativo&#8221; ad aprile: ceramica e tessitura creativa\"}]},{\"@type\":\"WebSite\",\"@id\":\"https:\\\/\\\/www.bellunopress.it\\\/#website\",\"url\":\"https:\\\/\\\/www.bellunopress.it\\\/\",\"name\":\"Bellunopress - Dolomiti\",\"description\":\"e-mail: redazione@bellunopress.it\",\"publisher\":{\"@id\":\"https:\\\/\\\/www.bellunopress.it\\\/#organization\"},\"potentialAction\":[{\"@type\":\"SearchAction\",\"target\":{\"@type\":\"EntryPoint\",\"urlTemplate\":\"https:\\\/\\\/www.bellunopress.it\\\/?s={search_term_string}\"},\"query-input\":{\"@type\":\"PropertyValueSpecification\",\"valueRequired\":true,\"valueName\":\"search_term_string\"}}],\"inLanguage\":\"fr-FR\"},{\"@type\":\"Organization\",\"@id\":\"https:\\\/\\\/www.bellunopress.it\\\/#organization\",\"name\":\"Bellunopress\",\"url\":\"https:\\\/\\\/www.bellunopress.it\\\/\",\"logo\":{\"@type\":\"ImageObject\",\"inLanguage\":\"fr-FR\",\"@id\":\"https:\\\/\\\/www.bellunopress.it\\\/#\\\/schema\\\/logo\\\/image\\\/\",\"url\":\"https:\\\/\\\/www.bellunopress.it\\\/wp-content\\\/uploads\\\/2011\\\/05\\\/cropped-logo-bellunopress-.jpg\",\"contentUrl\":\"https:\\\/\\\/www.bellunopress.it\\\/wp-content\\\/uploads\\\/2011\\\/05\\\/cropped-logo-bellunopress-.jpg\",\"width\":512,\"height\":512,\"caption\":\"Bellunopress\"},\"image\":{\"@id\":\"https:\\\/\\\/www.bellunopress.it\\\/#\\\/schema\\\/logo\\\/image\\\/\"},\"sameAs\":[\"https:\\\/\\\/www.facebook.com\\\/profile.php?id=100008943462799\",\"https:\\\/\\\/x.com\\\/bellunopress\",\"https:\\\/\\\/www.linkedin.com\\\/hp\\\/?dnr=JBzUWaJfMUw8vbXJJ2tVW5-I3jZKvC4wsoxE&amp;amp;amp;amp;amp;amp;trk=nav_responsive_tab_home\",\"https:\\\/\\\/www.youtube.com\\\/channel\\\/UCxL0wu1uN0_3_7hGG0306cw\"]},{\"@type\":\"Person\",\"@id\":\"https:\\\/\\\/www.bellunopress.it\\\/#\\\/schema\\\/person\\\/79bb06722b37ece1c03d3e94beb30d73\",\"name\":\"redazione\",\"image\":{\"@type\":\"ImageObject\",\"inLanguage\":\"fr-FR\",\"@id\":\"https:\\\/\\\/secure.gravatar.com\\\/avatar\\\/37d968a2e67a6fd04c169c4bdef102d0bc5d31b2546345219e348575eb80e9a0?s=96&d=mm&r=g\",\"url\":\"https:\\\/\\\/secure.gravatar.com\\\/avatar\\\/37d968a2e67a6fd04c169c4bdef102d0bc5d31b2546345219e348575eb80e9a0?s=96&d=mm&r=g\",\"contentUrl\":\"https:\\\/\\\/secure.gravatar.com\\\/avatar\\\/37d968a2e67a6fd04c169c4bdef102d0bc5d31b2546345219e348575eb80e9a0?s=96&d=mm&r=g\",\"caption\":\"redazione\"},\"sameAs\":[\"http:\\\/\\\/www.bellunopress.it\",\"https:\\\/\\\/x.com\\\/bellunopress\"],\"url\":\"https:\\\/\\\/www.bellunopress.it\\\/fr\\\/author\\\/redazione\\\/\"}]}<\/script>\n<!-- \/ Yoast SEO plugin. -->","yoast_head_json":{"title":"Nuovi corsi del \"Margine creativo\" ad aprile: ceramica e tessitura creativa - Bellunopress - Dolomiti","robots":{"index":"index","follow":"follow","max-snippet":"max-snippet:-1","max-image-preview":"max-image-preview:large","max-video-preview":"max-video-preview:-1"},"canonical":"https:\/\/www.bellunopress.it\/fr\/2013\/03\/16\/nuovi-corsi-del-margine-creativo-ad-aprile-ceramica-e-tessitura-creativa\/","og_locale":"fr_FR","og_type":"article","og_title":"Nuovi corsi del \"Margine creativo\" ad aprile: ceramica e tessitura creativa - Bellunopress - Dolomiti","og_description":"Ad aprile l\u2019Associazione culturale il Margine propone due nuovi corsi rivolti ai giovani e agli adulti\u00a0nell\u2019ambito del progetto Margine creativo, patrocinato dal Comune di Belluno. Il primo corso a cura di Demis Marin, dedicato alla tessitura creativa, si terr\u00e0 il 6 e 7 aprile presso la sede\u00a0del Circolo Val Cicogna a Castoi, Belluno, dalle 14 [&hellip;]","og_url":"https:\/\/www.bellunopress.it\/fr\/2013\/03\/16\/nuovi-corsi-del-margine-creativo-ad-aprile-ceramica-e-tessitura-creativa\/","og_site_name":"Bellunopress - Dolomiti","article_publisher":"https:\/\/www.facebook.com\/profile.php?id=100008943462799","article_published_time":"2013-03-16T18:02:33+00:00","og_image":[{"url":"http:\/\/www.bellunopress.it\/wp-content\/uploads\/2012\/07\/logo-bellunopress-250x250-2012.jpg","type":"","width":"","height":""}],"author":"redazione","twitter_card":"summary_large_image","twitter_creator":"@bellunopress","twitter_site":"@bellunopress","twitter_misc":{"\u00c9crit par":"redazione","Dur\u00e9e de lecture estim\u00e9e":"3 minutes"},"schema":{"@context":"https:\/\/schema.org","@graph":[{"@type":"Article","@id":"https:\/\/www.bellunopress.it\/2013\/03\/16\/nuovi-corsi-del-margine-creativo-ad-aprile-ceramica-e-tessitura-creativa\/#article","isPartOf":{"@id":"https:\/\/www.bellunopress.it\/2013\/03\/16\/nuovi-corsi-del-margine-creativo-ad-aprile-ceramica-e-tessitura-creativa\/"},"author":{"name":"redazione","@id":"https:\/\/www.bellunopress.it\/#\/schema\/person\/79bb06722b37ece1c03d3e94beb30d73"},"headline":"Nuovi corsi del &#8220;Margine creativo&#8221; ad aprile: ceramica e tessitura creativa","datePublished":"2013-03-16T18:02:33+00:00","mainEntityOfPage":{"@id":"https:\/\/www.bellunopress.it\/2013\/03\/16\/nuovi-corsi-del-margine-creativo-ad-aprile-ceramica-e-tessitura-creativa\/"},"wordCount":617,"publisher":{"@id":"https:\/\/www.bellunopress.it\/#organization"},"articleSection":["Pausa Caff\u00e8","Societ\u00e0, Associazioni, Istituzioni"],"inLanguage":"fr-FR"},{"@type":"WebPage","@id":"https:\/\/www.bellunopress.it\/2013\/03\/16\/nuovi-corsi-del-margine-creativo-ad-aprile-ceramica-e-tessitura-creativa\/","url":"https:\/\/www.bellunopress.it\/2013\/03\/16\/nuovi-corsi-del-margine-creativo-ad-aprile-ceramica-e-tessitura-creativa\/","name":"Nuovi corsi del \"Margine creativo\" ad aprile: ceramica e tessitura creativa - Bellunopress - Dolomiti","isPartOf":{"@id":"https:\/\/www.bellunopress.it\/#website"},"datePublished":"2013-03-16T18:02:33+00:00","breadcrumb":{"@id":"https:\/\/www.bellunopress.it\/2013\/03\/16\/nuovi-corsi-del-margine-creativo-ad-aprile-ceramica-e-tessitura-creativa\/#breadcrumb"},"inLanguage":"fr-FR","potentialAction":[{"@type":"ReadAction","target":["https:\/\/www.bellunopress.it\/2013\/03\/16\/nuovi-corsi-del-margine-creativo-ad-aprile-ceramica-e-tessitura-creativa\/"]}]},{"@type":"BreadcrumbList","@id":"https:\/\/www.bellunopress.it\/2013\/03\/16\/nuovi-corsi-del-margine-creativo-ad-aprile-ceramica-e-tessitura-creativa\/#breadcrumb","itemListElement":[{"@type":"ListItem","position":1,"name":"Home","item":"https:\/\/www.bellunopress.it\/"},{"@type":"ListItem","position":2,"name":"Nuovi corsi del &#8220;Margine creativo&#8221; ad aprile: ceramica e tessitura creativa"}]},{"@type":"WebSite","@id":"https:\/\/www.bellunopress.it\/#website","url":"https:\/\/www.bellunopress.it\/","name":"Bellunopress - Dolomiti","description":"e-mail: redazione@bellunopress.it","publisher":{"@id":"https:\/\/www.bellunopress.it\/#organization"},"potentialAction":[{"@type":"SearchAction","target":{"@type":"EntryPoint","urlTemplate":"https:\/\/www.bellunopress.it\/?s={search_term_string}"},"query-input":{"@type":"PropertyValueSpecification","valueRequired":true,"valueName":"search_term_string"}}],"inLanguage":"fr-FR"},{"@type":"Organization","@id":"https:\/\/www.bellunopress.it\/#organization","name":"Bellunopress","url":"https:\/\/www.bellunopress.it\/","logo":{"@type":"ImageObject","inLanguage":"fr-FR","@id":"https:\/\/www.bellunopress.it\/#\/schema\/logo\/image\/","url":"https:\/\/www.bellunopress.it\/wp-content\/uploads\/2011\/05\/cropped-logo-bellunopress-.jpg","contentUrl":"https:\/\/www.bellunopress.it\/wp-content\/uploads\/2011\/05\/cropped-logo-bellunopress-.jpg","width":512,"height":512,"caption":"Bellunopress"},"image":{"@id":"https:\/\/www.bellunopress.it\/#\/schema\/logo\/image\/"},"sameAs":["https:\/\/www.facebook.com\/profile.php?id=100008943462799","https:\/\/x.com\/bellunopress","https:\/\/www.linkedin.com\/hp\/?dnr=JBzUWaJfMUw8vbXJJ2tVW5-I3jZKvC4wsoxE&amp;amp;amp;amp;amp;amp;trk=nav_responsive_tab_home","https:\/\/www.youtube.com\/channel\/UCxL0wu1uN0_3_7hGG0306cw"]},{"@type":"Person","@id":"https:\/\/www.bellunopress.it\/#\/schema\/person\/79bb06722b37ece1c03d3e94beb30d73","name":"r\u00e9daction","image":{"@type":"ImageObject","inLanguage":"fr-FR","@id":"https:\/\/secure.gravatar.com\/avatar\/37d968a2e67a6fd04c169c4bdef102d0bc5d31b2546345219e348575eb80e9a0?s=96&d=mm&r=g","url":"https:\/\/secure.gravatar.com\/avatar\/37d968a2e67a6fd04c169c4bdef102d0bc5d31b2546345219e348575eb80e9a0?s=96&d=mm&r=g","contentUrl":"https:\/\/secure.gravatar.com\/avatar\/37d968a2e67a6fd04c169c4bdef102d0bc5d31b2546345219e348575eb80e9a0?s=96&d=mm&r=g","caption":"redazione"},"sameAs":["http:\/\/www.bellunopress.it","https:\/\/x.com\/bellunopress"],"url":"https:\/\/www.bellunopress.it\/fr\/author\/redazione\/"}]}},"_links":{"self":[{"href":"https:\/\/www.bellunopress.it\/fr\/wp-json\/wp\/v2\/posts\/47666","targetHints":{"allow":["GET"]}}],"collection":[{"href":"https:\/\/www.bellunopress.it\/fr\/wp-json\/wp\/v2\/posts"}],"about":[{"href":"https:\/\/www.bellunopress.it\/fr\/wp-json\/wp\/v2\/types\/post"}],"author":[{"embeddable":true,"href":"https:\/\/www.bellunopress.it\/fr\/wp-json\/wp\/v2\/users\/2"}],"replies":[{"embeddable":true,"href":"https:\/\/www.bellunopress.it\/fr\/wp-json\/wp\/v2\/comments?post=47666"}],"version-history":[{"count":2,"href":"https:\/\/www.bellunopress.it\/fr\/wp-json\/wp\/v2\/posts\/47666\/revisions"}],"predecessor-version":[{"id":47668,"href":"https:\/\/www.bellunopress.it\/fr\/wp-json\/wp\/v2\/posts\/47666\/revisions\/47668"}],"wp:attachment":[{"href":"https:\/\/www.bellunopress.it\/fr\/wp-json\/wp\/v2\/media?parent=47666"}],"wp:term":[{"taxonomy":"category","embeddable":true,"href":"https:\/\/www.bellunopress.it\/fr\/wp-json\/wp\/v2\/categories?post=47666"},{"taxonomy":"post_tag","embeddable":true,"href":"https:\/\/www.bellunopress.it\/fr\/wp-json\/wp\/v2\/tags?post=47666"}],"curies":[{"name":"wp","href":"https:\/\/api.w.org\/{rel}","templated":true}]}}