{"id":47653,"date":"2013-03-15T18:49:41","date_gmt":"2013-03-15T17:49:41","guid":{"rendered":"http:\/\/www.bellunopress.it\/?p=47653"},"modified":"2013-03-15T23:03:15","modified_gmt":"2013-03-15T22:03:15","slug":"8va-edizione-della-maratona-di-lettura-sabato-4-maggio-a-feltre","status":"publish","type":"post","link":"https:\/\/www.bellunopress.it\/fr\/2013\/03\/15\/8va-edizione-della-maratona-di-lettura-sabato-4-maggio-a-feltre\/","title":{"rendered":"8va edizione della Maratona di lettura sabato 4 maggio a Feltre"},"content":{"rendered":"<p><a href=\"http:\/\/www.bellunopress.it\/wp-content\/uploads\/2011\/06\/feltre-fiera-artigianato290x199.jpg\"><img loading=\"lazy\" decoding=\"async\" class=\"alignleft size-full wp-image-28027\" alt=\"feltre fiera artigianato290x199\" src=\"http:\/\/www.bellunopress.it\/wp-content\/uploads\/2011\/06\/feltre-fiera-artigianato290x199.jpg\" width=\"290\" height=\"199\" \/><\/a>Tra le iniziative proposte dal Servizio Cultura, rilevante importanza\u00a0riveste, ormai da anni, la maratona di lettura. Le varie edizioni sono\u00a0state dedicate a Dino Buzzati, Mario Rigoni Stern, Stefano Benni,\u00a0Fabio Volo, Carlo Lucarelli, all&#8217;Antico Testamento e a Dacia Maraini.<\/p>\n<p>Quest&#8217;anno il Comune di Feltre ha deciso che l&#8217;8^ edizione della\u00a0Maratona sar\u00e0 un omaggio a Luigi Meneghello, esattamente\u00a0nell&#8217;anniversario dei 50 anni dalla pubblicazione del suo innovativo\u00a0capolavoro \u201cLibera nos a Malo\u201d. Nel 1963, Giangiacomo Feltrinelli,\u00a0dopo un&#8217;iniziale riluttanza, si fa convincere dall&#8217;insistenza di\u00a0Giorgio Bassani e pubblica il libro che entrer\u00e0 di diritto tra i\u00a0classici della narrativa italiana del Novecento, letti in tutto il\u00a0mondo. In quel testo, Meneghello anticipa e sorpassa le avanguardie,\u00a0mescolando storia, saggio, ricordi della vita della sua adolescenza e\u00a0descrizioni di personaggi del suo paese natale, Malo.<\/p>\n<p>La formula della maratona di lettura a lui dedicata \u00e8 quella ormai\u00a0consolidata degli anni scorsi. La manifestazione centrale, preceduta\u00a0da una serata di anteprima, si svolger\u00e0 sabato 4 maggio dalle 8.00\u00a0alle 23.00 e prevede un ricco programma di appuntamenti, incentrato\u00a0principalmente sulla lettura dei libri dell&#8217;autore in ambienti e\u00a0luoghi insoliti della citt\u00e0 e delle frazioni, spesso evocativi dei\u00a0brani scelti. La lettura sar\u00e0 intervallata, nella maggior parte degli\u00a0eventi, da intermezzi corali o musicali, grazie alla collaborazione\u00a0con la Scuola di Musica e con la Banda \u201cCitt\u00e0 di Feltre\u201d, oltre\u00a0alla partecipazione di alcuni cori.<\/p>\n<p>La giornata sar\u00e0 animata anche da\u00a0conferenze, proiezioni di film, giochi. Il gran finale si svolger\u00e0\u00a0all&#8217;Auditorium dell&#8217;Istituto Canossiano di Feltre dove l&#8217;ospite\u00a0d&#8217;onore sar\u00e0 Gabriele Vacis, regista, drammaturgo, attore, autore\u00a0televisivo e cinematografico, ora anche direttore della Fondazione\u00a0\u201cI teatro di Reggio Emilia\u201d, autore di uno spettacolo teatrale su\u00a0Luigi Meneghello (Libera Nos del 2005 con Natalino Balasso) che, oltre\u00a0a leggere alcune pagine, racconter\u00e0 anche i suoi ricordi sullo\u00a0scrittore.<\/p>\n<p>La maratona di lettura \u00e8 organizzata dal Servizio Cultura in\u00a0collaborazione con il Centro internazionale del Libro Parlato\u00a0\u201cAdriano Sernagiotto\u201d, partner fondamentale fin dalla prima\u00a0edizione, e l&#8217;Associazione \u201cLuigi Meneghello\u201d di Malo, presieduta\u00a0da Valter Voltolini. Inoltre, diverse associazioni culturali,\u00a0scolastiche ed alcune formazioni teatrali, musicali e gruppi corali\u00a0prestano il proprio contributo all&#8217;iniziativa. Si pensi che negli\u00a0ultimi anni i volontari che a vario titolo collaborano per la buona\u00a0riuscita della manifestazione sono quasi 150.<\/p>\n<p>&nbsp;<\/p>\n<p>Luigi Meneghello<\/p>\n<p>Nato a Malo (VI) il 16 febbraio 1922. Alla fine della guerra vince un\u00a0concorso all&#8217;Universit\u00e0 di Reading, vicino Londra, dove si\u00a0trasferisce e fonda negli anni &#8217;60 un Dipartimento di studi italiani\u00a0di cui \u00e8 direttore fino al 1980. Nel 2004 torna in Veneto, a Thiene\u00a0(VI), dove muore il 26 giugno 2007.<\/p>\n<p>Libera nos a malo (1963) \u00e8 la prima opera di Luigi Meneghello, un\u00a0capolavoro diventato un classico della narrativa italiana del\u00a0Novecento, letto in tutto il mondo. Altri libri di Meneghello sono: I\u00a0piccoli maestri (1964), Pomo pero. Paralipomeni d\u2019un libro di\u00a0famiglia (1974), dove l\u2019autore riprende la materia di Malo, Fiori\u00a0italiani (1976), Ba\u00f9 sete (1988), Mared\u00e8, mared\u00e8\u2026Sondaggi nel\u00a0campo della volgare eloquenza, Il dispatrio (1993), Promemoria (1994)\u00a0che raccoglie una serie di articoli comparsi sulla rivista\u00a0\u201cComunit\u00e0\u201d negli anni \u201950 sulla tragedia della Shoah, La\u00a0materia di Reading e altri reperti (1997) riflessioni\u00a0dell\u2019esperienza inglese e i volumi di scritti vari Le carte I\u00a0(1999), Le carte II (2000), Le carte III (2001). A lui \u00e8 dedicato\u00a0anche un Meridiano della Mondadori.<\/p>\n<p>&nbsp;<\/p>\n<p>Gabriele Vacis<\/p>\n<p>Regista, drammaturgo, attore, autore televisivo e cinematografico,\u00a0Gabriele Vacis \u00e8 nato nel 1955 a Settimo Torinese dove ha fondato nel\u00a01982 la Cooperativa Laboratorio Teatro Settimo, teatro stabile di\u00a0innovazione per le attivit\u00e0 di ricerca. Come regista si fa conoscere\u00a0da pubblico e critica internazionale gi\u00e0 negli anni &#8217;80, periodo in\u00a0cui dirige anche diversi festival teatrali ed inizia a insegnare alla\u00a0Scuola d\u2019Arte Drammatica Paolo Grassi di Milano. Dal 1989 \u00e8 regista\u00a0anche di opere liriche, mentre nei primi anni &#8217;90 propone a teatro\u00a0rivisitazioni di classici quali La storia di Romeo e Giulietta da\u00a0Shakespeare. Vacis \u00e8 uno dei creatori del Teatro di narrazione\u00a0assieme a Marco Paolini con cui crea gli spettacoli: Adriatico (1987),\u00a0Liberi tutti (1991) e il famosissimo Il Racconto del Vajont (1994,\u00a0Premio Ubu, Premio Idi, Premio Fava). Nel 1994 Alessandro Baricco ha\u00a0scritto per lui e per Eugenio Allegri Novecento. Nel 1996 ha ricevuto\u00a0il Premio per la Regia dall&#8217;Associazione Nazionale Critici di Teatro.\u00a0Tra i suoi ultimi spettacoli teatrali ricordiamo: Libera nos (2005),\u00a0dalle opere di Luigi Meneghello con Natalino Balasso, Rusteghi \u2013 I\u00a0nemici della civit\u00e0, Zio Vanja, allestito nel 2009 per la riapertura\u00a0dello storico Teatro Carignano di Torino, Il signore del cane nero,\u00a0sulla vita di Enrico Mattei, con Laura Curino, Crociate, Supplici a\u00a0Portopalo. Insegna lettura e narrazione orale presso la Scuola Holden\u00a0di Torino dalla fondazione nel 1994. Nel 1999 Vacis ha condotto 42\u00ba\u00a0parallelo, una serie di trasmissioni televisive dedicate alla\u00a0letteratura del Novecento. Ha diretto grandi eventi come la Cerimonia\u00a0Inaugurale delle Olimpiadi invernali di Torino. E&#8217; direttore artistico\u00a0della Fondazione del Teatro Regionale Alessandrino e della Fondazione\u00a0&#8220;I teatri di Reggio Emilia&#8221;.<\/p>","protected":false},"excerpt":{"rendered":"<p>Tra le iniziative proposte dal Servizio Cultura, rilevante importanza\u00a0riveste, ormai da anni, la maratona di lettura. Le varie edizioni sono\u00a0state dedicate a Dino Buzzati, Mario Rigoni Stern, Stefano Benni,\u00a0Fabio Volo, Carlo Lucarelli, all&#8217;Antico Testamento e a Dacia Maraini. Quest&#8217;anno il Comune di Feltre ha deciso che l&#8217;8^ edizione della\u00a0Maratona sar\u00e0 un omaggio a Luigi Meneghello, [&hellip;]<\/p>\n","protected":false},"author":2,"featured_media":0,"comment_status":"closed","ping_status":"open","sticky":false,"template":"","format":"standard","meta":{"footnotes":""},"categories":[27,3,26],"tags":[],"class_list":["post-47653","post","type-post","status-publish","format-standard","category-appuntamenti","category-arte-cultura-spettacoli-scienza-archivi","category-prima-pagina"],"yoast_head":"<!-- This site is optimized with the Yoast SEO plugin v28.4 - https:\/\/yoast.com\/product\/yoast-seo-wordpress\/ -->\n<title>8va edizione della Maratona di lettura sabato 4 maggio a Feltre - Bellunopress - Dolomiti<\/title>\n<meta name=\"robots\" content=\"index, follow, max-snippet:-1, max-image-preview:large, max-video-preview:-1\" \/>\n<link rel=\"canonical\" href=\"https:\/\/www.bellunopress.it\/fr\/2013\/03\/15\/8va-edizione-della-maratona-di-lettura-sabato-4-maggio-a-feltre\/\" \/>\n<meta property=\"og:locale\" content=\"fr_FR\" \/>\n<meta property=\"og:type\" content=\"article\" \/>\n<meta property=\"og:title\" content=\"8va edizione della Maratona di lettura sabato 4 maggio a Feltre - Bellunopress - Dolomiti\" \/>\n<meta property=\"og:description\" content=\"Tra le iniziative proposte dal Servizio Cultura, rilevante importanza\u00a0riveste, ormai da anni, la maratona di lettura. Le varie edizioni sono\u00a0state dedicate a Dino Buzzati, Mario Rigoni Stern, Stefano Benni,\u00a0Fabio Volo, Carlo Lucarelli, all&#8217;Antico Testamento e a Dacia Maraini. Quest&#8217;anno il Comune di Feltre ha deciso che l&#8217;8^ edizione della\u00a0Maratona sar\u00e0 un omaggio a Luigi Meneghello, [&hellip;]\" \/>\n<meta property=\"og:url\" content=\"https:\/\/www.bellunopress.it\/fr\/2013\/03\/15\/8va-edizione-della-maratona-di-lettura-sabato-4-maggio-a-feltre\/\" \/>\n<meta property=\"og:site_name\" content=\"Bellunopress - Dolomiti\" \/>\n<meta property=\"article:publisher\" content=\"https:\/\/www.facebook.com\/profile.php?id=100008943462799\" \/>\n<meta property=\"article:published_time\" content=\"2013-03-15T17:49:41+00:00\" \/>\n<meta property=\"article:modified_time\" content=\"2013-03-15T22:03:15+00:00\" \/>\n<meta property=\"og:image\" content=\"http:\/\/www.bellunopress.it\/wp-content\/uploads\/2011\/06\/feltre-fiera-artigianato290x199.jpg\" \/>\n<meta name=\"author\" content=\"redazione\" \/>\n<meta name=\"twitter:card\" content=\"summary_large_image\" \/>\n<meta name=\"twitter:creator\" content=\"@bellunopress\" \/>\n<meta name=\"twitter:site\" content=\"@bellunopress\" \/>\n<meta name=\"twitter:label1\" content=\"Written by\" \/>\n\t<meta name=\"twitter:data1\" content=\"redazione\" \/>\n\t<meta name=\"twitter:label2\" content=\"Est. reading time\" \/>\n\t<meta name=\"twitter:data2\" content=\"4 minutes\" \/>\n<script type=\"application\/ld+json\" class=\"yoast-schema-graph\">{\"@context\":\"https:\\\/\\\/schema.org\",\"@graph\":[{\"@type\":\"Article\",\"@id\":\"https:\\\/\\\/www.bellunopress.it\\\/2013\\\/03\\\/15\\\/8va-edizione-della-maratona-di-lettura-sabato-4-maggio-a-feltre\\\/#article\",\"isPartOf\":{\"@id\":\"https:\\\/\\\/www.bellunopress.it\\\/2013\\\/03\\\/15\\\/8va-edizione-della-maratona-di-lettura-sabato-4-maggio-a-feltre\\\/\"},\"author\":{\"name\":\"redazione\",\"@id\":\"https:\\\/\\\/www.bellunopress.it\\\/#\\\/schema\\\/person\\\/79bb06722b37ece1c03d3e94beb30d73\"},\"headline\":\"8va edizione della Maratona di lettura sabato 4 maggio a Feltre\",\"datePublished\":\"2013-03-15T17:49:41+00:00\",\"dateModified\":\"2013-03-15T22:03:15+00:00\",\"mainEntityOfPage\":{\"@id\":\"https:\\\/\\\/www.bellunopress.it\\\/2013\\\/03\\\/15\\\/8va-edizione-della-maratona-di-lettura-sabato-4-maggio-a-feltre\\\/\"},\"wordCount\":823,\"publisher\":{\"@id\":\"https:\\\/\\\/www.bellunopress.it\\\/#organization\"},\"image\":{\"@id\":\"https:\\\/\\\/www.bellunopress.it\\\/2013\\\/03\\\/15\\\/8va-edizione-della-maratona-di-lettura-sabato-4-maggio-a-feltre\\\/#primaryimage\"},\"thumbnailUrl\":\"http:\\\/\\\/www.bellunopress.it\\\/wp-content\\\/uploads\\\/2011\\\/06\\\/feltre-fiera-artigianato290x199.jpg\",\"articleSection\":[\"Appuntamenti, Eventi\",\"Arte, Cultura, Spettacoli, Scienza\",\"Prima Pagina\"],\"inLanguage\":\"fr-FR\"},{\"@type\":\"WebPage\",\"@id\":\"https:\\\/\\\/www.bellunopress.it\\\/2013\\\/03\\\/15\\\/8va-edizione-della-maratona-di-lettura-sabato-4-maggio-a-feltre\\\/\",\"url\":\"https:\\\/\\\/www.bellunopress.it\\\/2013\\\/03\\\/15\\\/8va-edizione-della-maratona-di-lettura-sabato-4-maggio-a-feltre\\\/\",\"name\":\"8va edizione della Maratona di lettura sabato 4 maggio a Feltre - Bellunopress - Dolomiti\",\"isPartOf\":{\"@id\":\"https:\\\/\\\/www.bellunopress.it\\\/#website\"},\"primaryImageOfPage\":{\"@id\":\"https:\\\/\\\/www.bellunopress.it\\\/2013\\\/03\\\/15\\\/8va-edizione-della-maratona-di-lettura-sabato-4-maggio-a-feltre\\\/#primaryimage\"},\"image\":{\"@id\":\"https:\\\/\\\/www.bellunopress.it\\\/2013\\\/03\\\/15\\\/8va-edizione-della-maratona-di-lettura-sabato-4-maggio-a-feltre\\\/#primaryimage\"},\"thumbnailUrl\":\"http:\\\/\\\/www.bellunopress.it\\\/wp-content\\\/uploads\\\/2011\\\/06\\\/feltre-fiera-artigianato290x199.jpg\",\"datePublished\":\"2013-03-15T17:49:41+00:00\",\"dateModified\":\"2013-03-15T22:03:15+00:00\",\"breadcrumb\":{\"@id\":\"https:\\\/\\\/www.bellunopress.it\\\/2013\\\/03\\\/15\\\/8va-edizione-della-maratona-di-lettura-sabato-4-maggio-a-feltre\\\/#breadcrumb\"},\"inLanguage\":\"fr-FR\",\"potentialAction\":[{\"@type\":\"ReadAction\",\"target\":[\"https:\\\/\\\/www.bellunopress.it\\\/2013\\\/03\\\/15\\\/8va-edizione-della-maratona-di-lettura-sabato-4-maggio-a-feltre\\\/\"]}]},{\"@type\":\"ImageObject\",\"inLanguage\":\"fr-FR\",\"@id\":\"https:\\\/\\\/www.bellunopress.it\\\/2013\\\/03\\\/15\\\/8va-edizione-della-maratona-di-lettura-sabato-4-maggio-a-feltre\\\/#primaryimage\",\"url\":\"http:\\\/\\\/www.bellunopress.it\\\/wp-content\\\/uploads\\\/2011\\\/06\\\/feltre-fiera-artigianato290x199.jpg\",\"contentUrl\":\"http:\\\/\\\/www.bellunopress.it\\\/wp-content\\\/uploads\\\/2011\\\/06\\\/feltre-fiera-artigianato290x199.jpg\"},{\"@type\":\"BreadcrumbList\",\"@id\":\"https:\\\/\\\/www.bellunopress.it\\\/2013\\\/03\\\/15\\\/8va-edizione-della-maratona-di-lettura-sabato-4-maggio-a-feltre\\\/#breadcrumb\",\"itemListElement\":[{\"@type\":\"ListItem\",\"position\":1,\"name\":\"Home\",\"item\":\"https:\\\/\\\/www.bellunopress.it\\\/\"},{\"@type\":\"ListItem\",\"position\":2,\"name\":\"8va edizione della Maratona di lettura sabato 4 maggio a Feltre\"}]},{\"@type\":\"WebSite\",\"@id\":\"https:\\\/\\\/www.bellunopress.it\\\/#website\",\"url\":\"https:\\\/\\\/www.bellunopress.it\\\/\",\"name\":\"Bellunopress - Dolomiti\",\"description\":\"e-mail: redazione@bellunopress.it\",\"publisher\":{\"@id\":\"https:\\\/\\\/www.bellunopress.it\\\/#organization\"},\"potentialAction\":[{\"@type\":\"SearchAction\",\"target\":{\"@type\":\"EntryPoint\",\"urlTemplate\":\"https:\\\/\\\/www.bellunopress.it\\\/?s={search_term_string}\"},\"query-input\":{\"@type\":\"PropertyValueSpecification\",\"valueRequired\":true,\"valueName\":\"search_term_string\"}}],\"inLanguage\":\"fr-FR\"},{\"@type\":\"Organization\",\"@id\":\"https:\\\/\\\/www.bellunopress.it\\\/#organization\",\"name\":\"Bellunopress\",\"url\":\"https:\\\/\\\/www.bellunopress.it\\\/\",\"logo\":{\"@type\":\"ImageObject\",\"inLanguage\":\"fr-FR\",\"@id\":\"https:\\\/\\\/www.bellunopress.it\\\/#\\\/schema\\\/logo\\\/image\\\/\",\"url\":\"https:\\\/\\\/www.bellunopress.it\\\/wp-content\\\/uploads\\\/2011\\\/05\\\/cropped-logo-bellunopress-.jpg\",\"contentUrl\":\"https:\\\/\\\/www.bellunopress.it\\\/wp-content\\\/uploads\\\/2011\\\/05\\\/cropped-logo-bellunopress-.jpg\",\"width\":512,\"height\":512,\"caption\":\"Bellunopress\"},\"image\":{\"@id\":\"https:\\\/\\\/www.bellunopress.it\\\/#\\\/schema\\\/logo\\\/image\\\/\"},\"sameAs\":[\"https:\\\/\\\/www.facebook.com\\\/profile.php?id=100008943462799\",\"https:\\\/\\\/x.com\\\/bellunopress\",\"https:\\\/\\\/www.linkedin.com\\\/hp\\\/?dnr=JBzUWaJfMUw8vbXJJ2tVW5-I3jZKvC4wsoxE&amp;amp;amp;amp;amp;amp;trk=nav_responsive_tab_home\",\"https:\\\/\\\/www.youtube.com\\\/channel\\\/UCxL0wu1uN0_3_7hGG0306cw\"]},{\"@type\":\"Person\",\"@id\":\"https:\\\/\\\/www.bellunopress.it\\\/#\\\/schema\\\/person\\\/79bb06722b37ece1c03d3e94beb30d73\",\"name\":\"redazione\",\"image\":{\"@type\":\"ImageObject\",\"inLanguage\":\"fr-FR\",\"@id\":\"https:\\\/\\\/secure.gravatar.com\\\/avatar\\\/37d968a2e67a6fd04c169c4bdef102d0bc5d31b2546345219e348575eb80e9a0?s=96&d=mm&r=g\",\"url\":\"https:\\\/\\\/secure.gravatar.com\\\/avatar\\\/37d968a2e67a6fd04c169c4bdef102d0bc5d31b2546345219e348575eb80e9a0?s=96&d=mm&r=g\",\"contentUrl\":\"https:\\\/\\\/secure.gravatar.com\\\/avatar\\\/37d968a2e67a6fd04c169c4bdef102d0bc5d31b2546345219e348575eb80e9a0?s=96&d=mm&r=g\",\"caption\":\"redazione\"},\"sameAs\":[\"http:\\\/\\\/www.bellunopress.it\",\"https:\\\/\\\/x.com\\\/bellunopress\"],\"url\":\"https:\\\/\\\/www.bellunopress.it\\\/fr\\\/author\\\/redazione\\\/\"}]}<\/script>\n<!-- \/ Yoast SEO plugin. -->","yoast_head_json":{"title":"8va edizione della Maratona di lettura sabato 4 maggio a Feltre - Bellunopress - Dolomiti","robots":{"index":"index","follow":"follow","max-snippet":"max-snippet:-1","max-image-preview":"max-image-preview:large","max-video-preview":"max-video-preview:-1"},"canonical":"https:\/\/www.bellunopress.it\/fr\/2013\/03\/15\/8va-edizione-della-maratona-di-lettura-sabato-4-maggio-a-feltre\/","og_locale":"fr_FR","og_type":"article","og_title":"8va edizione della Maratona di lettura sabato 4 maggio a Feltre - Bellunopress - Dolomiti","og_description":"Tra le iniziative proposte dal Servizio Cultura, rilevante importanza\u00a0riveste, ormai da anni, la maratona di lettura. Le varie edizioni sono\u00a0state dedicate a Dino Buzzati, Mario Rigoni Stern, Stefano Benni,\u00a0Fabio Volo, Carlo Lucarelli, all&#8217;Antico Testamento e a Dacia Maraini. Quest&#8217;anno il Comune di Feltre ha deciso che l&#8217;8^ edizione della\u00a0Maratona sar\u00e0 un omaggio a Luigi Meneghello, [&hellip;]","og_url":"https:\/\/www.bellunopress.it\/fr\/2013\/03\/15\/8va-edizione-della-maratona-di-lettura-sabato-4-maggio-a-feltre\/","og_site_name":"Bellunopress - Dolomiti","article_publisher":"https:\/\/www.facebook.com\/profile.php?id=100008943462799","article_published_time":"2013-03-15T17:49:41+00:00","article_modified_time":"2013-03-15T22:03:15+00:00","og_image":[{"url":"http:\/\/www.bellunopress.it\/wp-content\/uploads\/2011\/06\/feltre-fiera-artigianato290x199.jpg","type":"","width":"","height":""}],"author":"redazione","twitter_card":"summary_large_image","twitter_creator":"@bellunopress","twitter_site":"@bellunopress","twitter_misc":{"Written by":"redazione","Est. reading time":"4 minutes"},"schema":{"@context":"https:\/\/schema.org","@graph":[{"@type":"Article","@id":"https:\/\/www.bellunopress.it\/2013\/03\/15\/8va-edizione-della-maratona-di-lettura-sabato-4-maggio-a-feltre\/#article","isPartOf":{"@id":"https:\/\/www.bellunopress.it\/2013\/03\/15\/8va-edizione-della-maratona-di-lettura-sabato-4-maggio-a-feltre\/"},"author":{"name":"redazione","@id":"https:\/\/www.bellunopress.it\/#\/schema\/person\/79bb06722b37ece1c03d3e94beb30d73"},"headline":"8va edizione della Maratona di lettura sabato 4 maggio a Feltre","datePublished":"2013-03-15T17:49:41+00:00","dateModified":"2013-03-15T22:03:15+00:00","mainEntityOfPage":{"@id":"https:\/\/www.bellunopress.it\/2013\/03\/15\/8va-edizione-della-maratona-di-lettura-sabato-4-maggio-a-feltre\/"},"wordCount":823,"publisher":{"@id":"https:\/\/www.bellunopress.it\/#organization"},"image":{"@id":"https:\/\/www.bellunopress.it\/2013\/03\/15\/8va-edizione-della-maratona-di-lettura-sabato-4-maggio-a-feltre\/#primaryimage"},"thumbnailUrl":"http:\/\/www.bellunopress.it\/wp-content\/uploads\/2011\/06\/feltre-fiera-artigianato290x199.jpg","articleSection":["Appuntamenti, Eventi","Arte, Cultura, Spettacoli, Scienza","Prima Pagina"],"inLanguage":"fr-FR"},{"@type":"WebPage","@id":"https:\/\/www.bellunopress.it\/2013\/03\/15\/8va-edizione-della-maratona-di-lettura-sabato-4-maggio-a-feltre\/","url":"https:\/\/www.bellunopress.it\/2013\/03\/15\/8va-edizione-della-maratona-di-lettura-sabato-4-maggio-a-feltre\/","name":"8va edizione della Maratona di lettura sabato 4 maggio a Feltre - Bellunopress - Dolomiti","isPartOf":{"@id":"https:\/\/www.bellunopress.it\/#website"},"primaryImageOfPage":{"@id":"https:\/\/www.bellunopress.it\/2013\/03\/15\/8va-edizione-della-maratona-di-lettura-sabato-4-maggio-a-feltre\/#primaryimage"},"image":{"@id":"https:\/\/www.bellunopress.it\/2013\/03\/15\/8va-edizione-della-maratona-di-lettura-sabato-4-maggio-a-feltre\/#primaryimage"},"thumbnailUrl":"http:\/\/www.bellunopress.it\/wp-content\/uploads\/2011\/06\/feltre-fiera-artigianato290x199.jpg","datePublished":"2013-03-15T17:49:41+00:00","dateModified":"2013-03-15T22:03:15+00:00","breadcrumb":{"@id":"https:\/\/www.bellunopress.it\/2013\/03\/15\/8va-edizione-della-maratona-di-lettura-sabato-4-maggio-a-feltre\/#breadcrumb"},"inLanguage":"fr-FR","potentialAction":[{"@type":"ReadAction","target":["https:\/\/www.bellunopress.it\/2013\/03\/15\/8va-edizione-della-maratona-di-lettura-sabato-4-maggio-a-feltre\/"]}]},{"@type":"ImageObject","inLanguage":"fr-FR","@id":"https:\/\/www.bellunopress.it\/2013\/03\/15\/8va-edizione-della-maratona-di-lettura-sabato-4-maggio-a-feltre\/#primaryimage","url":"http:\/\/www.bellunopress.it\/wp-content\/uploads\/2011\/06\/feltre-fiera-artigianato290x199.jpg","contentUrl":"http:\/\/www.bellunopress.it\/wp-content\/uploads\/2011\/06\/feltre-fiera-artigianato290x199.jpg"},{"@type":"BreadcrumbList","@id":"https:\/\/www.bellunopress.it\/2013\/03\/15\/8va-edizione-della-maratona-di-lettura-sabato-4-maggio-a-feltre\/#breadcrumb","itemListElement":[{"@type":"ListItem","position":1,"name":"Home","item":"https:\/\/www.bellunopress.it\/"},{"@type":"ListItem","position":2,"name":"8va edizione della Maratona di lettura sabato 4 maggio a Feltre"}]},{"@type":"WebSite","@id":"https:\/\/www.bellunopress.it\/#website","url":"https:\/\/www.bellunopress.it\/","name":"Bellunopress - Dolomiti","description":"e-mail: redazione@bellunopress.it","publisher":{"@id":"https:\/\/www.bellunopress.it\/#organization"},"potentialAction":[{"@type":"SearchAction","target":{"@type":"EntryPoint","urlTemplate":"https:\/\/www.bellunopress.it\/?s={search_term_string}"},"query-input":{"@type":"PropertyValueSpecification","valueRequired":true,"valueName":"search_term_string"}}],"inLanguage":"fr-FR"},{"@type":"Organization","@id":"https:\/\/www.bellunopress.it\/#organization","name":"Bellunopress","url":"https:\/\/www.bellunopress.it\/","logo":{"@type":"ImageObject","inLanguage":"fr-FR","@id":"https:\/\/www.bellunopress.it\/#\/schema\/logo\/image\/","url":"https:\/\/www.bellunopress.it\/wp-content\/uploads\/2011\/05\/cropped-logo-bellunopress-.jpg","contentUrl":"https:\/\/www.bellunopress.it\/wp-content\/uploads\/2011\/05\/cropped-logo-bellunopress-.jpg","width":512,"height":512,"caption":"Bellunopress"},"image":{"@id":"https:\/\/www.bellunopress.it\/#\/schema\/logo\/image\/"},"sameAs":["https:\/\/www.facebook.com\/profile.php?id=100008943462799","https:\/\/x.com\/bellunopress","https:\/\/www.linkedin.com\/hp\/?dnr=JBzUWaJfMUw8vbXJJ2tVW5-I3jZKvC4wsoxE&amp;amp;amp;amp;amp;amp;trk=nav_responsive_tab_home","https:\/\/www.youtube.com\/channel\/UCxL0wu1uN0_3_7hGG0306cw"]},{"@type":"Person","@id":"https:\/\/www.bellunopress.it\/#\/schema\/person\/79bb06722b37ece1c03d3e94beb30d73","name":"r\u00e9daction","image":{"@type":"ImageObject","inLanguage":"fr-FR","@id":"https:\/\/secure.gravatar.com\/avatar\/37d968a2e67a6fd04c169c4bdef102d0bc5d31b2546345219e348575eb80e9a0?s=96&d=mm&r=g","url":"https:\/\/secure.gravatar.com\/avatar\/37d968a2e67a6fd04c169c4bdef102d0bc5d31b2546345219e348575eb80e9a0?s=96&d=mm&r=g","contentUrl":"https:\/\/secure.gravatar.com\/avatar\/37d968a2e67a6fd04c169c4bdef102d0bc5d31b2546345219e348575eb80e9a0?s=96&d=mm&r=g","caption":"redazione"},"sameAs":["http:\/\/www.bellunopress.it","https:\/\/x.com\/bellunopress"],"url":"https:\/\/www.bellunopress.it\/fr\/author\/redazione\/"}]}},"_links":{"self":[{"href":"https:\/\/www.bellunopress.it\/fr\/wp-json\/wp\/v2\/posts\/47653","targetHints":{"allow":["GET"]}}],"collection":[{"href":"https:\/\/www.bellunopress.it\/fr\/wp-json\/wp\/v2\/posts"}],"about":[{"href":"https:\/\/www.bellunopress.it\/fr\/wp-json\/wp\/v2\/types\/post"}],"author":[{"embeddable":true,"href":"https:\/\/www.bellunopress.it\/fr\/wp-json\/wp\/v2\/users\/2"}],"replies":[{"embeddable":true,"href":"https:\/\/www.bellunopress.it\/fr\/wp-json\/wp\/v2\/comments?post=47653"}],"version-history":[{"count":2,"href":"https:\/\/www.bellunopress.it\/fr\/wp-json\/wp\/v2\/posts\/47653\/revisions"}],"predecessor-version":[{"id":47655,"href":"https:\/\/www.bellunopress.it\/fr\/wp-json\/wp\/v2\/posts\/47653\/revisions\/47655"}],"wp:attachment":[{"href":"https:\/\/www.bellunopress.it\/fr\/wp-json\/wp\/v2\/media?parent=47653"}],"wp:term":[{"taxonomy":"category","embeddable":true,"href":"https:\/\/www.bellunopress.it\/fr\/wp-json\/wp\/v2\/categories?post=47653"},{"taxonomy":"post_tag","embeddable":true,"href":"https:\/\/www.bellunopress.it\/fr\/wp-json\/wp\/v2\/tags?post=47653"}],"curies":[{"name":"wp","href":"https:\/\/api.w.org\/{rel}","templated":true}]}}