{"id":47650,"date":"2013-03-15T22:44:38","date_gmt":"2013-03-15T21:44:38","guid":{"rendered":"http:\/\/www.bellunopress.it\/?p=47650"},"modified":"2013-03-15T22:44:38","modified_gmt":"2013-03-15T21:44:38","slug":"inaugurata-la-34ma-edizione-di-agrimont-la-fiera-dedicata-allagricoltura-lassessore-manzato-al-taglio-del-nastro","status":"publish","type":"post","link":"https:\/\/www.bellunopress.it\/fr\/2013\/03\/15\/inaugurata-la-34ma-edizione-di-agrimont-la-fiera-dedicata-allagricoltura-lassessore-manzato-al-taglio-del-nastro\/","title":{"rendered":"Inaugurata la 34ma edizione di Agrimont, la fiera dedicata all&#8217;agricoltura. L&#8217;assessore Manzato al taglio del nastro"},"content":{"rendered":"<p><a href=\"http:\/\/www.bellunopress.it\/wp-content\/uploads\/2013\/03\/taglio-nastro-agrimont.jpg\"><img loading=\"lazy\" decoding=\"async\" class=\"alignleft size-full wp-image-47651\" alt=\"taglio nastro agrimont\" src=\"http:\/\/www.bellunopress.it\/wp-content\/uploads\/2013\/03\/taglio-nastro-agrimont.jpg\" width=\"280\" height=\"202\" \/><\/a>\u201cDobbiamo essere pronti per le nuove sfide dell\u2019agricoltura legate alla nuova programmazione legato al Piano di Sviluppo Rurale 2014\/2020. All\u2019interno \u00e8 stata inserita una sottomisura per la montagna che deve vederci allineati per poter presentare una proposta condivisa. Servono riforme strutturali, ma anche risorse da investire sul territorio e non possiamo lasciarci sfuggire questa occasione che pone sul tavolo un miliardo di euro\u201d. Con queste parole l\u2019assessore regionale all\u2019agricoltura del Veneto, Franco Manzato ha aperto oggi nel quartiere di Longarone Fiere Dolomiti la 34. edizione di Agrimont, la fiera dell\u2019agricoltura di montagna, che proseguir\u00e0 sino a domenica 17 per poi riprendere da venerd\u00ec 22 a domenica 24 marzo.<\/p>\n<p>Da parte sua il presidente di Longarone Fiere Dolomiti, Oscar De Bona ha annunciato l\u2019impegno a dar vita con la Regione del Veneto ad una Biennale delle Dolomiti collegata con Venezia che possa rappresentare le eccellenze artistiche, culturali e territoriali. \u201cDobbiamo cercare di guardare avanti con l\u2019obiettivo di dare futuro al nostro territorio attraverso iniziative di promozione che diano opportunit\u00e0 e visibilit\u00e0. Longarone in questo senso vuole diventare ancor pi\u00f9 il riferimento fieristico dell\u2019intera montagna a livello nazionale\u201d.<\/p>\n<p>Nel corso della cerimonia, dopo gli interventi del sindaco Roberto Padrin e del presidente della Camera di Commercio, Luigi Curto, \u00e8 intervenuto anche il direttore regionale di Avepa, Fabrizio Stella, il quale ha voluto mostrare le sua vicinanza ai colleghi della sede provinciale di Belluno dopo il fatto increscioso subito nei giorni scorsi. \u201cL\u2019atto infame che abbiamo subito non ci deve fermare. Nel 2012 abbiamo proceduto alla nuova fotografia del territorio veneto dal quale sono emerse diverse anomalie. Dobbiamo continuare a lavorare per trovare soluzioni e per questo la mia presenza a Belluno sar\u00e0 ancor pi\u00f9 frequente\u201d.<\/p>\n<p>Ad allietare la cerimonia, accanto alla recita di due poesie di Zanzotto e di un brano musicale da parte della poetessa Loredana Pr\u00e0 Baldi, \u00e8 stato il coro Ana di Vittorio Veneto.<\/p>\n<p>Agrimont si \u00e8 dunque aperta sotto i migliori auspici per gli espositori che presentano 230 marchi aziendali da 14 regioni italiane e 11 Paesi esteri, di prodotti, macchine e attrezzature per l\u2019agricoltura e per tutto ci\u00f2 che riguarda il mondo rurale montano, oltre agli spazi dedicati alla cura e manutenzione del territorio, ai sistemi di riscaldamento pi\u00f9 innovativi improntati sul risparmio energetico, al settore del giardinaggio e del florovivaismo e alle pi\u00f9 qualificate produzioni tipiche dell\u2019agricoltura di montagna, come formaggi, insaccati, e speck e, pi\u00f9 in generale, delle regioni italiane.<\/p>\n<p>Presenti anche importanti aziende fornitrici del comparto zootecnico che da sempre rappresenta il settore strategico per l\u2019agricoltura di montagna. Grazie alla consolidata collaborazione con l\u2019A.R.A.V. &#8211; Associazione Regionale Allevatori del Veneto, viene inoltre riproposto il padiglione con l\u2019esposizione delle principali razze di animali bovini, equini, ovicaprini, avicole e altre razze di animali meno diffusi allevati in provincia. Alla parte espositiva, si aggiunge anche il laboratorio che illustra l\u2019attivit\u00e0 di analisi sui foraggi aziendali dell\u2019Arav.<\/p>\n<p>Domani, sabato 16 marzo (l\u2019orario d\u2019apertura \u00e8 dalle 9 alle 19), la giornata si aprir\u00e0 con il convegno (ore 10, Centro Congressi) sul tema: \u201cRiordino del Sistema Fondiario Montano\u201d, promosso da Confagricoltura Belluno, nel corso del quale interverranno esperti del settore. Nel pomeriggio (ore 15) si terr\u00e0 il corso pratico di teoria e pratica dell\u2019innesto e della potatura, organizzato dall\u2019Istituto \u201cA. Della Lucia\u201d di Feltre.<\/p>\n<p>&nbsp;<\/p>","protected":false},"excerpt":{"rendered":"<p>\u201cDobbiamo essere pronti per le nuove sfide dell\u2019agricoltura legate alla nuova programmazione legato al Piano di Sviluppo Rurale 2014\/2020. All\u2019interno \u00e8 stata inserita una sottomisura per la montagna che deve vederci allineati per poter presentare una proposta condivisa. Servono riforme strutturali, ma anche risorse da investire sul territorio e non possiamo lasciarci sfuggire questa occasione [&hellip;]<\/p>\n","protected":false},"author":2,"featured_media":0,"comment_status":"closed","ping_status":"open","sticky":false,"template":"","format":"standard","meta":{"footnotes":""},"categories":[27,26],"tags":[],"class_list":["post-47650","post","type-post","status-publish","format-standard","category-appuntamenti","category-prima-pagina"],"yoast_head":"<!-- This site is optimized with the Yoast SEO plugin v28.4 - https:\/\/yoast.com\/product\/yoast-seo-wordpress\/ -->\n<title>Inaugurata la 34ma edizione di Agrimont, la fiera dedicata all&#039;agricoltura. L&#039;assessore Manzato al taglio del nastro - Bellunopress - Dolomiti<\/title>\n<meta name=\"robots\" content=\"index, follow, max-snippet:-1, max-image-preview:large, max-video-preview:-1\" \/>\n<link rel=\"canonical\" href=\"https:\/\/www.bellunopress.it\/fr\/2013\/03\/15\/inaugurata-la-34ma-edizione-di-agrimont-la-fiera-dedicata-allagricoltura-lassessore-manzato-al-taglio-del-nastro\/\" \/>\n<meta property=\"og:locale\" content=\"fr_FR\" \/>\n<meta property=\"og:type\" content=\"article\" \/>\n<meta property=\"og:title\" content=\"Inaugurata la 34ma edizione di Agrimont, la fiera dedicata all&#039;agricoltura. L&#039;assessore Manzato al taglio del nastro - Bellunopress - Dolomiti\" \/>\n<meta property=\"og:description\" content=\"\u201cDobbiamo essere pronti per le nuove sfide dell\u2019agricoltura legate alla nuova programmazione legato al Piano di Sviluppo Rurale 2014\/2020. All\u2019interno \u00e8 stata inserita una sottomisura per la montagna che deve vederci allineati per poter presentare una proposta condivisa. Servono riforme strutturali, ma anche risorse da investire sul territorio e non possiamo lasciarci sfuggire questa occasione [&hellip;]\" \/>\n<meta property=\"og:url\" content=\"https:\/\/www.bellunopress.it\/fr\/2013\/03\/15\/inaugurata-la-34ma-edizione-di-agrimont-la-fiera-dedicata-allagricoltura-lassessore-manzato-al-taglio-del-nastro\/\" \/>\n<meta property=\"og:site_name\" content=\"Bellunopress - Dolomiti\" \/>\n<meta property=\"article:publisher\" content=\"https:\/\/www.facebook.com\/profile.php?id=100008943462799\" \/>\n<meta property=\"article:published_time\" content=\"2013-03-15T21:44:38+00:00\" \/>\n<meta property=\"og:image\" content=\"http:\/\/www.bellunopress.it\/wp-content\/uploads\/2013\/03\/taglio-nastro-agrimont.jpg\" \/>\n<meta name=\"author\" content=\"redazione\" \/>\n<meta name=\"twitter:card\" content=\"summary_large_image\" \/>\n<meta name=\"twitter:creator\" content=\"@bellunopress\" \/>\n<meta name=\"twitter:site\" content=\"@bellunopress\" \/>\n<meta name=\"twitter:label1\" content=\"Written by\" \/>\n\t<meta name=\"twitter:data1\" content=\"redazione\" \/>\n\t<meta name=\"twitter:label2\" content=\"Est. reading time\" \/>\n\t<meta name=\"twitter:data2\" content=\"3 minutes\" \/>\n<script type=\"application\/ld+json\" class=\"yoast-schema-graph\">{\"@context\":\"https:\\\/\\\/schema.org\",\"@graph\":[{\"@type\":\"Article\",\"@id\":\"https:\\\/\\\/www.bellunopress.it\\\/2013\\\/03\\\/15\\\/inaugurata-la-34ma-edizione-di-agrimont-la-fiera-dedicata-allagricoltura-lassessore-manzato-al-taglio-del-nastro\\\/#article\",\"isPartOf\":{\"@id\":\"https:\\\/\\\/www.bellunopress.it\\\/2013\\\/03\\\/15\\\/inaugurata-la-34ma-edizione-di-agrimont-la-fiera-dedicata-allagricoltura-lassessore-manzato-al-taglio-del-nastro\\\/\"},\"author\":{\"name\":\"redazione\",\"@id\":\"https:\\\/\\\/www.bellunopress.it\\\/#\\\/schema\\\/person\\\/79bb06722b37ece1c03d3e94beb30d73\"},\"headline\":\"Inaugurata la 34ma edizione di Agrimont, la fiera dedicata all&#8217;agricoltura. L&#8217;assessore Manzato al taglio del nastro\",\"datePublished\":\"2013-03-15T21:44:38+00:00\",\"mainEntityOfPage\":{\"@id\":\"https:\\\/\\\/www.bellunopress.it\\\/2013\\\/03\\\/15\\\/inaugurata-la-34ma-edizione-di-agrimont-la-fiera-dedicata-allagricoltura-lassessore-manzato-al-taglio-del-nastro\\\/\"},\"wordCount\":567,\"publisher\":{\"@id\":\"https:\\\/\\\/www.bellunopress.it\\\/#organization\"},\"image\":{\"@id\":\"https:\\\/\\\/www.bellunopress.it\\\/2013\\\/03\\\/15\\\/inaugurata-la-34ma-edizione-di-agrimont-la-fiera-dedicata-allagricoltura-lassessore-manzato-al-taglio-del-nastro\\\/#primaryimage\"},\"thumbnailUrl\":\"http:\\\/\\\/www.bellunopress.it\\\/wp-content\\\/uploads\\\/2013\\\/03\\\/taglio-nastro-agrimont.jpg\",\"articleSection\":[\"Appuntamenti, Eventi\",\"Prima Pagina\"],\"inLanguage\":\"fr-FR\"},{\"@type\":\"WebPage\",\"@id\":\"https:\\\/\\\/www.bellunopress.it\\\/2013\\\/03\\\/15\\\/inaugurata-la-34ma-edizione-di-agrimont-la-fiera-dedicata-allagricoltura-lassessore-manzato-al-taglio-del-nastro\\\/\",\"url\":\"https:\\\/\\\/www.bellunopress.it\\\/2013\\\/03\\\/15\\\/inaugurata-la-34ma-edizione-di-agrimont-la-fiera-dedicata-allagricoltura-lassessore-manzato-al-taglio-del-nastro\\\/\",\"name\":\"Inaugurata la 34ma edizione di Agrimont, la fiera dedicata all'agricoltura. L'assessore Manzato al taglio del nastro - Bellunopress - Dolomiti\",\"isPartOf\":{\"@id\":\"https:\\\/\\\/www.bellunopress.it\\\/#website\"},\"primaryImageOfPage\":{\"@id\":\"https:\\\/\\\/www.bellunopress.it\\\/2013\\\/03\\\/15\\\/inaugurata-la-34ma-edizione-di-agrimont-la-fiera-dedicata-allagricoltura-lassessore-manzato-al-taglio-del-nastro\\\/#primaryimage\"},\"image\":{\"@id\":\"https:\\\/\\\/www.bellunopress.it\\\/2013\\\/03\\\/15\\\/inaugurata-la-34ma-edizione-di-agrimont-la-fiera-dedicata-allagricoltura-lassessore-manzato-al-taglio-del-nastro\\\/#primaryimage\"},\"thumbnailUrl\":\"http:\\\/\\\/www.bellunopress.it\\\/wp-content\\\/uploads\\\/2013\\\/03\\\/taglio-nastro-agrimont.jpg\",\"datePublished\":\"2013-03-15T21:44:38+00:00\",\"breadcrumb\":{\"@id\":\"https:\\\/\\\/www.bellunopress.it\\\/2013\\\/03\\\/15\\\/inaugurata-la-34ma-edizione-di-agrimont-la-fiera-dedicata-allagricoltura-lassessore-manzato-al-taglio-del-nastro\\\/#breadcrumb\"},\"inLanguage\":\"fr-FR\",\"potentialAction\":[{\"@type\":\"ReadAction\",\"target\":[\"https:\\\/\\\/www.bellunopress.it\\\/2013\\\/03\\\/15\\\/inaugurata-la-34ma-edizione-di-agrimont-la-fiera-dedicata-allagricoltura-lassessore-manzato-al-taglio-del-nastro\\\/\"]}]},{\"@type\":\"ImageObject\",\"inLanguage\":\"fr-FR\",\"@id\":\"https:\\\/\\\/www.bellunopress.it\\\/2013\\\/03\\\/15\\\/inaugurata-la-34ma-edizione-di-agrimont-la-fiera-dedicata-allagricoltura-lassessore-manzato-al-taglio-del-nastro\\\/#primaryimage\",\"url\":\"http:\\\/\\\/www.bellunopress.it\\\/wp-content\\\/uploads\\\/2013\\\/03\\\/taglio-nastro-agrimont.jpg\",\"contentUrl\":\"http:\\\/\\\/www.bellunopress.it\\\/wp-content\\\/uploads\\\/2013\\\/03\\\/taglio-nastro-agrimont.jpg\"},{\"@type\":\"BreadcrumbList\",\"@id\":\"https:\\\/\\\/www.bellunopress.it\\\/2013\\\/03\\\/15\\\/inaugurata-la-34ma-edizione-di-agrimont-la-fiera-dedicata-allagricoltura-lassessore-manzato-al-taglio-del-nastro\\\/#breadcrumb\",\"itemListElement\":[{\"@type\":\"ListItem\",\"position\":1,\"name\":\"Home\",\"item\":\"https:\\\/\\\/www.bellunopress.it\\\/\"},{\"@type\":\"ListItem\",\"position\":2,\"name\":\"Inaugurata la 34ma edizione di Agrimont, la fiera dedicata all&#8217;agricoltura. L&#8217;assessore Manzato al taglio del nastro\"}]},{\"@type\":\"WebSite\",\"@id\":\"https:\\\/\\\/www.bellunopress.it\\\/#website\",\"url\":\"https:\\\/\\\/www.bellunopress.it\\\/\",\"name\":\"Bellunopress - Dolomiti\",\"description\":\"e-mail: redazione@bellunopress.it\",\"publisher\":{\"@id\":\"https:\\\/\\\/www.bellunopress.it\\\/#organization\"},\"potentialAction\":[{\"@type\":\"SearchAction\",\"target\":{\"@type\":\"EntryPoint\",\"urlTemplate\":\"https:\\\/\\\/www.bellunopress.it\\\/?s={search_term_string}\"},\"query-input\":{\"@type\":\"PropertyValueSpecification\",\"valueRequired\":true,\"valueName\":\"search_term_string\"}}],\"inLanguage\":\"fr-FR\"},{\"@type\":\"Organization\",\"@id\":\"https:\\\/\\\/www.bellunopress.it\\\/#organization\",\"name\":\"Bellunopress\",\"url\":\"https:\\\/\\\/www.bellunopress.it\\\/\",\"logo\":{\"@type\":\"ImageObject\",\"inLanguage\":\"fr-FR\",\"@id\":\"https:\\\/\\\/www.bellunopress.it\\\/#\\\/schema\\\/logo\\\/image\\\/\",\"url\":\"https:\\\/\\\/www.bellunopress.it\\\/wp-content\\\/uploads\\\/2011\\\/05\\\/cropped-logo-bellunopress-.jpg\",\"contentUrl\":\"https:\\\/\\\/www.bellunopress.it\\\/wp-content\\\/uploads\\\/2011\\\/05\\\/cropped-logo-bellunopress-.jpg\",\"width\":512,\"height\":512,\"caption\":\"Bellunopress\"},\"image\":{\"@id\":\"https:\\\/\\\/www.bellunopress.it\\\/#\\\/schema\\\/logo\\\/image\\\/\"},\"sameAs\":[\"https:\\\/\\\/www.facebook.com\\\/profile.php?id=100008943462799\",\"https:\\\/\\\/x.com\\\/bellunopress\",\"https:\\\/\\\/www.linkedin.com\\\/hp\\\/?dnr=JBzUWaJfMUw8vbXJJ2tVW5-I3jZKvC4wsoxE&amp;amp;amp;amp;amp;amp;trk=nav_responsive_tab_home\",\"https:\\\/\\\/www.youtube.com\\\/channel\\\/UCxL0wu1uN0_3_7hGG0306cw\"]},{\"@type\":\"Person\",\"@id\":\"https:\\\/\\\/www.bellunopress.it\\\/#\\\/schema\\\/person\\\/79bb06722b37ece1c03d3e94beb30d73\",\"name\":\"redazione\",\"image\":{\"@type\":\"ImageObject\",\"inLanguage\":\"fr-FR\",\"@id\":\"https:\\\/\\\/secure.gravatar.com\\\/avatar\\\/37d968a2e67a6fd04c169c4bdef102d0bc5d31b2546345219e348575eb80e9a0?s=96&d=mm&r=g\",\"url\":\"https:\\\/\\\/secure.gravatar.com\\\/avatar\\\/37d968a2e67a6fd04c169c4bdef102d0bc5d31b2546345219e348575eb80e9a0?s=96&d=mm&r=g\",\"contentUrl\":\"https:\\\/\\\/secure.gravatar.com\\\/avatar\\\/37d968a2e67a6fd04c169c4bdef102d0bc5d31b2546345219e348575eb80e9a0?s=96&d=mm&r=g\",\"caption\":\"redazione\"},\"sameAs\":[\"http:\\\/\\\/www.bellunopress.it\",\"https:\\\/\\\/x.com\\\/bellunopress\"],\"url\":\"https:\\\/\\\/www.bellunopress.it\\\/fr\\\/author\\\/redazione\\\/\"}]}<\/script>\n<!-- \/ Yoast SEO plugin. -->","yoast_head_json":{"title":"Inaugurata la 34ma edizione di Agrimont, la fiera dedicata all'agricoltura. L'assessore Manzato al taglio del nastro - Bellunopress - Dolomiti","robots":{"index":"index","follow":"follow","max-snippet":"max-snippet:-1","max-image-preview":"max-image-preview:large","max-video-preview":"max-video-preview:-1"},"canonical":"https:\/\/www.bellunopress.it\/fr\/2013\/03\/15\/inaugurata-la-34ma-edizione-di-agrimont-la-fiera-dedicata-allagricoltura-lassessore-manzato-al-taglio-del-nastro\/","og_locale":"fr_FR","og_type":"article","og_title":"Inaugurata la 34ma edizione di Agrimont, la fiera dedicata all'agricoltura. L'assessore Manzato al taglio del nastro - Bellunopress - Dolomiti","og_description":"\u201cDobbiamo essere pronti per le nuove sfide dell\u2019agricoltura legate alla nuova programmazione legato al Piano di Sviluppo Rurale 2014\/2020. All\u2019interno \u00e8 stata inserita una sottomisura per la montagna che deve vederci allineati per poter presentare una proposta condivisa. Servono riforme strutturali, ma anche risorse da investire sul territorio e non possiamo lasciarci sfuggire questa occasione [&hellip;]","og_url":"https:\/\/www.bellunopress.it\/fr\/2013\/03\/15\/inaugurata-la-34ma-edizione-di-agrimont-la-fiera-dedicata-allagricoltura-lassessore-manzato-al-taglio-del-nastro\/","og_site_name":"Bellunopress - Dolomiti","article_publisher":"https:\/\/www.facebook.com\/profile.php?id=100008943462799","article_published_time":"2013-03-15T21:44:38+00:00","og_image":[{"url":"http:\/\/www.bellunopress.it\/wp-content\/uploads\/2013\/03\/taglio-nastro-agrimont.jpg","type":"","width":"","height":""}],"author":"redazione","twitter_card":"summary_large_image","twitter_creator":"@bellunopress","twitter_site":"@bellunopress","twitter_misc":{"Written by":"redazione","Est. reading time":"3 minutes"},"schema":{"@context":"https:\/\/schema.org","@graph":[{"@type":"Article","@id":"https:\/\/www.bellunopress.it\/2013\/03\/15\/inaugurata-la-34ma-edizione-di-agrimont-la-fiera-dedicata-allagricoltura-lassessore-manzato-al-taglio-del-nastro\/#article","isPartOf":{"@id":"https:\/\/www.bellunopress.it\/2013\/03\/15\/inaugurata-la-34ma-edizione-di-agrimont-la-fiera-dedicata-allagricoltura-lassessore-manzato-al-taglio-del-nastro\/"},"author":{"name":"redazione","@id":"https:\/\/www.bellunopress.it\/#\/schema\/person\/79bb06722b37ece1c03d3e94beb30d73"},"headline":"Inaugurata la 34ma edizione di Agrimont, la fiera dedicata all&#8217;agricoltura. L&#8217;assessore Manzato al taglio del nastro","datePublished":"2013-03-15T21:44:38+00:00","mainEntityOfPage":{"@id":"https:\/\/www.bellunopress.it\/2013\/03\/15\/inaugurata-la-34ma-edizione-di-agrimont-la-fiera-dedicata-allagricoltura-lassessore-manzato-al-taglio-del-nastro\/"},"wordCount":567,"publisher":{"@id":"https:\/\/www.bellunopress.it\/#organization"},"image":{"@id":"https:\/\/www.bellunopress.it\/2013\/03\/15\/inaugurata-la-34ma-edizione-di-agrimont-la-fiera-dedicata-allagricoltura-lassessore-manzato-al-taglio-del-nastro\/#primaryimage"},"thumbnailUrl":"http:\/\/www.bellunopress.it\/wp-content\/uploads\/2013\/03\/taglio-nastro-agrimont.jpg","articleSection":["Appuntamenti, Eventi","Prima Pagina"],"inLanguage":"fr-FR"},{"@type":"WebPage","@id":"https:\/\/www.bellunopress.it\/2013\/03\/15\/inaugurata-la-34ma-edizione-di-agrimont-la-fiera-dedicata-allagricoltura-lassessore-manzato-al-taglio-del-nastro\/","url":"https:\/\/www.bellunopress.it\/2013\/03\/15\/inaugurata-la-34ma-edizione-di-agrimont-la-fiera-dedicata-allagricoltura-lassessore-manzato-al-taglio-del-nastro\/","name":"Inaugurata la 34ma edizione di Agrimont, la fiera dedicata all'agricoltura. L'assessore Manzato al taglio del nastro - Bellunopress - Dolomiti","isPartOf":{"@id":"https:\/\/www.bellunopress.it\/#website"},"primaryImageOfPage":{"@id":"https:\/\/www.bellunopress.it\/2013\/03\/15\/inaugurata-la-34ma-edizione-di-agrimont-la-fiera-dedicata-allagricoltura-lassessore-manzato-al-taglio-del-nastro\/#primaryimage"},"image":{"@id":"https:\/\/www.bellunopress.it\/2013\/03\/15\/inaugurata-la-34ma-edizione-di-agrimont-la-fiera-dedicata-allagricoltura-lassessore-manzato-al-taglio-del-nastro\/#primaryimage"},"thumbnailUrl":"http:\/\/www.bellunopress.it\/wp-content\/uploads\/2013\/03\/taglio-nastro-agrimont.jpg","datePublished":"2013-03-15T21:44:38+00:00","breadcrumb":{"@id":"https:\/\/www.bellunopress.it\/2013\/03\/15\/inaugurata-la-34ma-edizione-di-agrimont-la-fiera-dedicata-allagricoltura-lassessore-manzato-al-taglio-del-nastro\/#breadcrumb"},"inLanguage":"fr-FR","potentialAction":[{"@type":"ReadAction","target":["https:\/\/www.bellunopress.it\/2013\/03\/15\/inaugurata-la-34ma-edizione-di-agrimont-la-fiera-dedicata-allagricoltura-lassessore-manzato-al-taglio-del-nastro\/"]}]},{"@type":"ImageObject","inLanguage":"fr-FR","@id":"https:\/\/www.bellunopress.it\/2013\/03\/15\/inaugurata-la-34ma-edizione-di-agrimont-la-fiera-dedicata-allagricoltura-lassessore-manzato-al-taglio-del-nastro\/#primaryimage","url":"http:\/\/www.bellunopress.it\/wp-content\/uploads\/2013\/03\/taglio-nastro-agrimont.jpg","contentUrl":"http:\/\/www.bellunopress.it\/wp-content\/uploads\/2013\/03\/taglio-nastro-agrimont.jpg"},{"@type":"BreadcrumbList","@id":"https:\/\/www.bellunopress.it\/2013\/03\/15\/inaugurata-la-34ma-edizione-di-agrimont-la-fiera-dedicata-allagricoltura-lassessore-manzato-al-taglio-del-nastro\/#breadcrumb","itemListElement":[{"@type":"ListItem","position":1,"name":"Home","item":"https:\/\/www.bellunopress.it\/"},{"@type":"ListItem","position":2,"name":"Inaugurata la 34ma edizione di Agrimont, la fiera dedicata all&#8217;agricoltura. L&#8217;assessore Manzato al taglio del nastro"}]},{"@type":"WebSite","@id":"https:\/\/www.bellunopress.it\/#website","url":"https:\/\/www.bellunopress.it\/","name":"Bellunopress - Dolomiti","description":"e-mail: redazione@bellunopress.it","publisher":{"@id":"https:\/\/www.bellunopress.it\/#organization"},"potentialAction":[{"@type":"SearchAction","target":{"@type":"EntryPoint","urlTemplate":"https:\/\/www.bellunopress.it\/?s={search_term_string}"},"query-input":{"@type":"PropertyValueSpecification","valueRequired":true,"valueName":"search_term_string"}}],"inLanguage":"fr-FR"},{"@type":"Organization","@id":"https:\/\/www.bellunopress.it\/#organization","name":"Bellunopress","url":"https:\/\/www.bellunopress.it\/","logo":{"@type":"ImageObject","inLanguage":"fr-FR","@id":"https:\/\/www.bellunopress.it\/#\/schema\/logo\/image\/","url":"https:\/\/www.bellunopress.it\/wp-content\/uploads\/2011\/05\/cropped-logo-bellunopress-.jpg","contentUrl":"https:\/\/www.bellunopress.it\/wp-content\/uploads\/2011\/05\/cropped-logo-bellunopress-.jpg","width":512,"height":512,"caption":"Bellunopress"},"image":{"@id":"https:\/\/www.bellunopress.it\/#\/schema\/logo\/image\/"},"sameAs":["https:\/\/www.facebook.com\/profile.php?id=100008943462799","https:\/\/x.com\/bellunopress","https:\/\/www.linkedin.com\/hp\/?dnr=JBzUWaJfMUw8vbXJJ2tVW5-I3jZKvC4wsoxE&amp;amp;amp;amp;amp;amp;trk=nav_responsive_tab_home","https:\/\/www.youtube.com\/channel\/UCxL0wu1uN0_3_7hGG0306cw"]},{"@type":"Person","@id":"https:\/\/www.bellunopress.it\/#\/schema\/person\/79bb06722b37ece1c03d3e94beb30d73","name":"r\u00e9daction","image":{"@type":"ImageObject","inLanguage":"fr-FR","@id":"https:\/\/secure.gravatar.com\/avatar\/37d968a2e67a6fd04c169c4bdef102d0bc5d31b2546345219e348575eb80e9a0?s=96&d=mm&r=g","url":"https:\/\/secure.gravatar.com\/avatar\/37d968a2e67a6fd04c169c4bdef102d0bc5d31b2546345219e348575eb80e9a0?s=96&d=mm&r=g","contentUrl":"https:\/\/secure.gravatar.com\/avatar\/37d968a2e67a6fd04c169c4bdef102d0bc5d31b2546345219e348575eb80e9a0?s=96&d=mm&r=g","caption":"redazione"},"sameAs":["http:\/\/www.bellunopress.it","https:\/\/x.com\/bellunopress"],"url":"https:\/\/www.bellunopress.it\/fr\/author\/redazione\/"}]}},"_links":{"self":[{"href":"https:\/\/www.bellunopress.it\/fr\/wp-json\/wp\/v2\/posts\/47650","targetHints":{"allow":["GET"]}}],"collection":[{"href":"https:\/\/www.bellunopress.it\/fr\/wp-json\/wp\/v2\/posts"}],"about":[{"href":"https:\/\/www.bellunopress.it\/fr\/wp-json\/wp\/v2\/types\/post"}],"author":[{"embeddable":true,"href":"https:\/\/www.bellunopress.it\/fr\/wp-json\/wp\/v2\/users\/2"}],"replies":[{"embeddable":true,"href":"https:\/\/www.bellunopress.it\/fr\/wp-json\/wp\/v2\/comments?post=47650"}],"version-history":[{"count":1,"href":"https:\/\/www.bellunopress.it\/fr\/wp-json\/wp\/v2\/posts\/47650\/revisions"}],"predecessor-version":[{"id":47652,"href":"https:\/\/www.bellunopress.it\/fr\/wp-json\/wp\/v2\/posts\/47650\/revisions\/47652"}],"wp:attachment":[{"href":"https:\/\/www.bellunopress.it\/fr\/wp-json\/wp\/v2\/media?parent=47650"}],"wp:term":[{"taxonomy":"category","embeddable":true,"href":"https:\/\/www.bellunopress.it\/fr\/wp-json\/wp\/v2\/categories?post=47650"},{"taxonomy":"post_tag","embeddable":true,"href":"https:\/\/www.bellunopress.it\/fr\/wp-json\/wp\/v2\/tags?post=47650"}],"curies":[{"name":"wp","href":"https:\/\/api.w.org\/{rel}","templated":true}]}}