{"id":47625,"date":"2013-03-15T09:42:54","date_gmt":"2013-03-15T08:42:54","guid":{"rendered":"http:\/\/www.bellunopress.it\/?p=47625"},"modified":"2013-03-15T09:42:54","modified_gmt":"2013-03-15T08:42:54","slug":"sabato-e-domenica-al-teatro-comunale-va-in-scena-lo-spettacolo-history-boys-di-alan-bennet-sul-ruolo-della-scuola","status":"publish","type":"post","link":"https:\/\/www.bellunopress.it\/fr\/2013\/03\/15\/sabato-e-domenica-al-teatro-comunale-va-in-scena-lo-spettacolo-history-boys-di-alan-bennet-sul-ruolo-della-scuola\/","title":{"rendered":"Sabato e domenica al Teatro Comunale va in scena lo spettacolo History Boys di Alan Bennet sul ruolo della scuola"},"content":{"rendered":"<p>Per la Stagione di Prosa del Teatro Comunale di Belluno \u00e8 in arrivo sabato 16 e domenica 17 marzo alle 20.45, il pluripremiato spettacolo di Ferdinando Bruni ed Elio De Capitani, History Boys di Alan Bennet, autore inglese d&#8217;eccellenza che, in questo testo, da&#8217; \u00a0vita ad un meraviglioso universo polifonico tra simposio e gag, sociologia e dialogo filosofico, sul tema della scuola.<\/p>\n<p>Scuola quale metafora di vita, in questa commedia necessaria, oggi come non mai, per scandagliare l&#8217;intima complessit\u00e0 dell&#8217;educare, affinch\u00e9 la scuola non si limiti a trasmettere nozioni, ma sia terreno di un vero e proprio rito di passaggio, di iniziazione alla vita sociale quale insieme di diritti e doveri, di conoscenza di se stessi e degli altri, in cui l&#8217;atto dell&#8217;insegnare si traduca in percorso etico di formazione della persona.<\/p>\n<p>\u00c8 una storia di oggi The history boys, commedia del 2004, vincitrice di 6 Tony Award e trasformata in film nel 2006. Ambientata in una scuola inglese, racconta di un gruppo di adolescenti alle prese con gli esami di ammissione all&#8217;Oxbrige, ovvero agli esclusivi college di Oxford e di Cambridge. Hector, il professore di inglese (Elio De Capitani) e Mrs Lintott (Debora Zuin) la professoressa di storia, hanno cercato di stimolare la loro curiosit\u00e0 oltre percorsi consueti e preconfezionati, infischiandosene del prestigio della scuola, delle tradizioni e delle convezioni. Ma il preside (Gabriele Calindri) \u00e8 di tutt&#8217;altro avviso e, per la fama del suo istituto, li vorrebbe tutti ammessi alle Universit\u00e0 pi\u00f9 prestigiose. Si apre cos\u00ec uno scontro che vede scendere in campo anche l&#8217;agguerrito professor Irwin (Marco Cacciola), incaricato di dare una &#8220;ripulita&#8221; al loro stile, renderlo raffinato, &#8220;giornalistico&#8221; e spendibile al &#8220;supermercato del sapere&#8221;. La pi\u00e8ce si sviluppa cos\u00ec sul contrasto tra il vecchio Hector, che, attraverso lezioni assai poco convenzionali e un rapporto di complicit\u00e0 con i suoi giovani allievi, si \u00e8 sempre affannato a trasmettere l&#8217;idea di un sapere disinteressato che ha in se stesso la sua soddisfazione e la sua verit\u00e0, e il giovane Irwin, spregiudicato sofista destinato a far carriera in politica, che ritiene la cultura un semplice gioco privo di verit\u00e0, di cui ci si deve servire, anche barando, per ottenere obiettivi molto concreti. C&#8217;\u00e8 il tema della responsabilit\u00e0, della trasmissione del sapere e, pi\u00f9 che mai attuale oggi in Italia, del ruolo cruciale della scuola. Si palesa un mondo di affetti ed esperienze, di pulsioni e frustrazioni, di attese e disincanto, il tutto arricchito da molta musica, con i ragazzi che cantano Edith Piaf e Doris Day o mimano Bette Davis, perch\u00e9 secondo Hector anche dai vecchi film c&#8217;\u00e8 qualcosa da imparare e persino la poesia insegna a vivere meglio! Commedia sottile e profonda, colta e immensamente divertente che da&#8217; vita ad uno spettacolo brillante, foriero di riflessioni e quanto mai attuale!<\/p>\n<p>Prima e dopo lo spettacolo, come di consueto, per l&#8217;iniziativa Buio in salvia presso il Ristorante la Nicchia, cicchetti e cena (su prenotazione t. 327-1750911) con piatto a tema collegato allo spettacolo, in questo caso piatto in cattedra (arrosto al forno con patate).<\/p>\n<p>\u00a0Info e prenotazioni: Tib Teatro 0437-943303 info@tibteatro.it www.tibteatro.it<\/p>\n<p>Biglietteria: Teatro Comunale sabato 16 e domenica 17 marzo ore 11-13 e dalle 17 alle 20.45<\/p>","protected":false},"excerpt":{"rendered":"<p>Per la Stagione di Prosa del Teatro Comunale di Belluno \u00e8 in arrivo sabato 16 e domenica 17 marzo alle 20.45, il pluripremiato spettacolo di Ferdinando Bruni ed Elio De Capitani, History Boys di Alan Bennet, autore inglese d&#8217;eccellenza che, in questo testo, da&#8217; \u00a0vita ad un meraviglioso universo polifonico tra simposio e gag, sociologia [&hellip;]<\/p>\n","protected":false},"author":2,"featured_media":0,"comment_status":"closed","ping_status":"open","sticky":false,"template":"","format":"standard","meta":{"footnotes":""},"categories":[3,5,25],"tags":[],"class_list":["post-47625","post","type-post","status-publish","format-standard","category-arte-cultura-spettacoli-scienza-archivi","category-cronaca","category-pausa-caffe"],"yoast_head":"<!-- This site is optimized with the Yoast SEO plugin v28.4 - https:\/\/yoast.com\/product\/yoast-seo-wordpress\/ -->\n<title>Sabato e domenica al Teatro Comunale va in scena lo spettacolo History Boys di Alan Bennet sul ruolo della scuola - Bellunopress - Dolomiti<\/title>\n<meta name=\"robots\" content=\"index, follow, max-snippet:-1, max-image-preview:large, max-video-preview:-1\" \/>\n<link rel=\"canonical\" href=\"https:\/\/www.bellunopress.it\/fr\/2013\/03\/15\/sabato-e-domenica-al-teatro-comunale-va-in-scena-lo-spettacolo-history-boys-di-alan-bennet-sul-ruolo-della-scuola\/\" \/>\n<meta property=\"og:locale\" content=\"fr_FR\" \/>\n<meta property=\"og:type\" content=\"article\" \/>\n<meta property=\"og:title\" content=\"Sabato e domenica al Teatro Comunale va in scena lo spettacolo History Boys di Alan Bennet sul ruolo della scuola - Bellunopress - Dolomiti\" \/>\n<meta property=\"og:description\" content=\"Per la Stagione di Prosa del Teatro Comunale di Belluno \u00e8 in arrivo sabato 16 e domenica 17 marzo alle 20.45, il pluripremiato spettacolo di Ferdinando Bruni ed Elio De Capitani, History Boys di Alan Bennet, autore inglese d&#8217;eccellenza che, in questo testo, da&#8217; \u00a0vita ad un meraviglioso universo polifonico tra simposio e gag, sociologia [&hellip;]\" \/>\n<meta property=\"og:url\" content=\"https:\/\/www.bellunopress.it\/fr\/2013\/03\/15\/sabato-e-domenica-al-teatro-comunale-va-in-scena-lo-spettacolo-history-boys-di-alan-bennet-sul-ruolo-della-scuola\/\" \/>\n<meta property=\"og:site_name\" content=\"Bellunopress - Dolomiti\" \/>\n<meta property=\"article:publisher\" content=\"https:\/\/www.facebook.com\/profile.php?id=100008943462799\" \/>\n<meta property=\"article:published_time\" content=\"2013-03-15T08:42:54+00:00\" \/>\n<meta property=\"og:image\" content=\"http:\/\/www.bellunopress.it\/wp-content\/uploads\/2012\/07\/logo-bellunopress-250x250-2012.jpg\" \/>\n<meta name=\"author\" content=\"redazione\" \/>\n<meta name=\"twitter:card\" content=\"summary_large_image\" \/>\n<meta name=\"twitter:creator\" content=\"@bellunopress\" \/>\n<meta name=\"twitter:site\" content=\"@bellunopress\" \/>\n<meta name=\"twitter:label1\" content=\"\u00c9crit par\" \/>\n\t<meta name=\"twitter:data1\" content=\"redazione\" \/>\n\t<meta name=\"twitter:label2\" content=\"Dur\u00e9e de lecture estim\u00e9e\" \/>\n\t<meta name=\"twitter:data2\" content=\"3 minutes\" \/>\n<script type=\"application\/ld+json\" class=\"yoast-schema-graph\">{\"@context\":\"https:\\\/\\\/schema.org\",\"@graph\":[{\"@type\":\"Article\",\"@id\":\"https:\\\/\\\/www.bellunopress.it\\\/2013\\\/03\\\/15\\\/sabato-e-domenica-al-teatro-comunale-va-in-scena-lo-spettacolo-history-boys-di-alan-bennet-sul-ruolo-della-scuola\\\/#article\",\"isPartOf\":{\"@id\":\"https:\\\/\\\/www.bellunopress.it\\\/2013\\\/03\\\/15\\\/sabato-e-domenica-al-teatro-comunale-va-in-scena-lo-spettacolo-history-boys-di-alan-bennet-sul-ruolo-della-scuola\\\/\"},\"author\":{\"name\":\"redazione\",\"@id\":\"https:\\\/\\\/www.bellunopress.it\\\/#\\\/schema\\\/person\\\/79bb06722b37ece1c03d3e94beb30d73\"},\"headline\":\"Sabato e domenica al Teatro Comunale va in scena lo spettacolo History Boys di Alan Bennet sul ruolo della scuola\",\"datePublished\":\"2013-03-15T08:42:54+00:00\",\"mainEntityOfPage\":{\"@id\":\"https:\\\/\\\/www.bellunopress.it\\\/2013\\\/03\\\/15\\\/sabato-e-domenica-al-teatro-comunale-va-in-scena-lo-spettacolo-history-boys-di-alan-bennet-sul-ruolo-della-scuola\\\/\"},\"wordCount\":550,\"publisher\":{\"@id\":\"https:\\\/\\\/www.bellunopress.it\\\/#organization\"},\"articleSection\":[\"Arte, Cultura, Spettacoli, Scienza\",\"Cronaca\\\/Politica\",\"Pausa Caff\u00e8\"],\"inLanguage\":\"fr-FR\"},{\"@type\":\"WebPage\",\"@id\":\"https:\\\/\\\/www.bellunopress.it\\\/2013\\\/03\\\/15\\\/sabato-e-domenica-al-teatro-comunale-va-in-scena-lo-spettacolo-history-boys-di-alan-bennet-sul-ruolo-della-scuola\\\/\",\"url\":\"https:\\\/\\\/www.bellunopress.it\\\/2013\\\/03\\\/15\\\/sabato-e-domenica-al-teatro-comunale-va-in-scena-lo-spettacolo-history-boys-di-alan-bennet-sul-ruolo-della-scuola\\\/\",\"name\":\"Sabato e domenica al Teatro Comunale va in scena lo spettacolo History Boys di Alan Bennet sul ruolo della scuola - Bellunopress - Dolomiti\",\"isPartOf\":{\"@id\":\"https:\\\/\\\/www.bellunopress.it\\\/#website\"},\"datePublished\":\"2013-03-15T08:42:54+00:00\",\"breadcrumb\":{\"@id\":\"https:\\\/\\\/www.bellunopress.it\\\/2013\\\/03\\\/15\\\/sabato-e-domenica-al-teatro-comunale-va-in-scena-lo-spettacolo-history-boys-di-alan-bennet-sul-ruolo-della-scuola\\\/#breadcrumb\"},\"inLanguage\":\"fr-FR\",\"potentialAction\":[{\"@type\":\"ReadAction\",\"target\":[\"https:\\\/\\\/www.bellunopress.it\\\/2013\\\/03\\\/15\\\/sabato-e-domenica-al-teatro-comunale-va-in-scena-lo-spettacolo-history-boys-di-alan-bennet-sul-ruolo-della-scuola\\\/\"]}]},{\"@type\":\"BreadcrumbList\",\"@id\":\"https:\\\/\\\/www.bellunopress.it\\\/2013\\\/03\\\/15\\\/sabato-e-domenica-al-teatro-comunale-va-in-scena-lo-spettacolo-history-boys-di-alan-bennet-sul-ruolo-della-scuola\\\/#breadcrumb\",\"itemListElement\":[{\"@type\":\"ListItem\",\"position\":1,\"name\":\"Home\",\"item\":\"https:\\\/\\\/www.bellunopress.it\\\/\"},{\"@type\":\"ListItem\",\"position\":2,\"name\":\"Sabato e domenica al Teatro Comunale va in scena lo spettacolo History Boys di Alan Bennet sul ruolo della scuola\"}]},{\"@type\":\"WebSite\",\"@id\":\"https:\\\/\\\/www.bellunopress.it\\\/#website\",\"url\":\"https:\\\/\\\/www.bellunopress.it\\\/\",\"name\":\"Bellunopress - Dolomiti\",\"description\":\"e-mail: redazione@bellunopress.it\",\"publisher\":{\"@id\":\"https:\\\/\\\/www.bellunopress.it\\\/#organization\"},\"potentialAction\":[{\"@type\":\"SearchAction\",\"target\":{\"@type\":\"EntryPoint\",\"urlTemplate\":\"https:\\\/\\\/www.bellunopress.it\\\/?s={search_term_string}\"},\"query-input\":{\"@type\":\"PropertyValueSpecification\",\"valueRequired\":true,\"valueName\":\"search_term_string\"}}],\"inLanguage\":\"fr-FR\"},{\"@type\":\"Organization\",\"@id\":\"https:\\\/\\\/www.bellunopress.it\\\/#organization\",\"name\":\"Bellunopress\",\"url\":\"https:\\\/\\\/www.bellunopress.it\\\/\",\"logo\":{\"@type\":\"ImageObject\",\"inLanguage\":\"fr-FR\",\"@id\":\"https:\\\/\\\/www.bellunopress.it\\\/#\\\/schema\\\/logo\\\/image\\\/\",\"url\":\"https:\\\/\\\/www.bellunopress.it\\\/wp-content\\\/uploads\\\/2011\\\/05\\\/cropped-logo-bellunopress-.jpg\",\"contentUrl\":\"https:\\\/\\\/www.bellunopress.it\\\/wp-content\\\/uploads\\\/2011\\\/05\\\/cropped-logo-bellunopress-.jpg\",\"width\":512,\"height\":512,\"caption\":\"Bellunopress\"},\"image\":{\"@id\":\"https:\\\/\\\/www.bellunopress.it\\\/#\\\/schema\\\/logo\\\/image\\\/\"},\"sameAs\":[\"https:\\\/\\\/www.facebook.com\\\/profile.php?id=100008943462799\",\"https:\\\/\\\/x.com\\\/bellunopress\",\"https:\\\/\\\/www.linkedin.com\\\/hp\\\/?dnr=JBzUWaJfMUw8vbXJJ2tVW5-I3jZKvC4wsoxE&amp;amp;amp;amp;amp;amp;trk=nav_responsive_tab_home\",\"https:\\\/\\\/www.youtube.com\\\/channel\\\/UCxL0wu1uN0_3_7hGG0306cw\"]},{\"@type\":\"Person\",\"@id\":\"https:\\\/\\\/www.bellunopress.it\\\/#\\\/schema\\\/person\\\/79bb06722b37ece1c03d3e94beb30d73\",\"name\":\"redazione\",\"image\":{\"@type\":\"ImageObject\",\"inLanguage\":\"fr-FR\",\"@id\":\"https:\\\/\\\/secure.gravatar.com\\\/avatar\\\/37d968a2e67a6fd04c169c4bdef102d0bc5d31b2546345219e348575eb80e9a0?s=96&d=mm&r=g\",\"url\":\"https:\\\/\\\/secure.gravatar.com\\\/avatar\\\/37d968a2e67a6fd04c169c4bdef102d0bc5d31b2546345219e348575eb80e9a0?s=96&d=mm&r=g\",\"contentUrl\":\"https:\\\/\\\/secure.gravatar.com\\\/avatar\\\/37d968a2e67a6fd04c169c4bdef102d0bc5d31b2546345219e348575eb80e9a0?s=96&d=mm&r=g\",\"caption\":\"redazione\"},\"sameAs\":[\"http:\\\/\\\/www.bellunopress.it\",\"https:\\\/\\\/x.com\\\/bellunopress\"],\"url\":\"https:\\\/\\\/www.bellunopress.it\\\/fr\\\/author\\\/redazione\\\/\"}]}<\/script>\n<!-- \/ Yoast SEO plugin. -->","yoast_head_json":{"title":"Sabato e domenica al Teatro Comunale va in scena lo spettacolo History Boys di Alan Bennet sul ruolo della scuola - Bellunopress - Dolomiti","robots":{"index":"index","follow":"follow","max-snippet":"max-snippet:-1","max-image-preview":"max-image-preview:large","max-video-preview":"max-video-preview:-1"},"canonical":"https:\/\/www.bellunopress.it\/fr\/2013\/03\/15\/sabato-e-domenica-al-teatro-comunale-va-in-scena-lo-spettacolo-history-boys-di-alan-bennet-sul-ruolo-della-scuola\/","og_locale":"fr_FR","og_type":"article","og_title":"Sabato e domenica al Teatro Comunale va in scena lo spettacolo History Boys di Alan Bennet sul ruolo della scuola - Bellunopress - Dolomiti","og_description":"Per la Stagione di Prosa del Teatro Comunale di Belluno \u00e8 in arrivo sabato 16 e domenica 17 marzo alle 20.45, il pluripremiato spettacolo di Ferdinando Bruni ed Elio De Capitani, History Boys di Alan Bennet, autore inglese d&#8217;eccellenza che, in questo testo, da&#8217; \u00a0vita ad un meraviglioso universo polifonico tra simposio e gag, sociologia [&hellip;]","og_url":"https:\/\/www.bellunopress.it\/fr\/2013\/03\/15\/sabato-e-domenica-al-teatro-comunale-va-in-scena-lo-spettacolo-history-boys-di-alan-bennet-sul-ruolo-della-scuola\/","og_site_name":"Bellunopress - Dolomiti","article_publisher":"https:\/\/www.facebook.com\/profile.php?id=100008943462799","article_published_time":"2013-03-15T08:42:54+00:00","og_image":[{"url":"http:\/\/www.bellunopress.it\/wp-content\/uploads\/2012\/07\/logo-bellunopress-250x250-2012.jpg","type":"","width":"","height":""}],"author":"redazione","twitter_card":"summary_large_image","twitter_creator":"@bellunopress","twitter_site":"@bellunopress","twitter_misc":{"\u00c9crit par":"redazione","Dur\u00e9e de lecture estim\u00e9e":"3 minutes"},"schema":{"@context":"https:\/\/schema.org","@graph":[{"@type":"Article","@id":"https:\/\/www.bellunopress.it\/2013\/03\/15\/sabato-e-domenica-al-teatro-comunale-va-in-scena-lo-spettacolo-history-boys-di-alan-bennet-sul-ruolo-della-scuola\/#article","isPartOf":{"@id":"https:\/\/www.bellunopress.it\/2013\/03\/15\/sabato-e-domenica-al-teatro-comunale-va-in-scena-lo-spettacolo-history-boys-di-alan-bennet-sul-ruolo-della-scuola\/"},"author":{"name":"redazione","@id":"https:\/\/www.bellunopress.it\/#\/schema\/person\/79bb06722b37ece1c03d3e94beb30d73"},"headline":"Sabato e domenica al Teatro Comunale va in scena lo spettacolo History Boys di Alan Bennet sul ruolo della scuola","datePublished":"2013-03-15T08:42:54+00:00","mainEntityOfPage":{"@id":"https:\/\/www.bellunopress.it\/2013\/03\/15\/sabato-e-domenica-al-teatro-comunale-va-in-scena-lo-spettacolo-history-boys-di-alan-bennet-sul-ruolo-della-scuola\/"},"wordCount":550,"publisher":{"@id":"https:\/\/www.bellunopress.it\/#organization"},"articleSection":["Arte, Cultura, Spettacoli, Scienza","Cronaca\/Politica","Pausa Caff\u00e8"],"inLanguage":"fr-FR"},{"@type":"WebPage","@id":"https:\/\/www.bellunopress.it\/2013\/03\/15\/sabato-e-domenica-al-teatro-comunale-va-in-scena-lo-spettacolo-history-boys-di-alan-bennet-sul-ruolo-della-scuola\/","url":"https:\/\/www.bellunopress.it\/2013\/03\/15\/sabato-e-domenica-al-teatro-comunale-va-in-scena-lo-spettacolo-history-boys-di-alan-bennet-sul-ruolo-della-scuola\/","name":"Sabato e domenica al Teatro Comunale va in scena lo spettacolo History Boys di Alan Bennet sul ruolo della scuola - Bellunopress - Dolomiti","isPartOf":{"@id":"https:\/\/www.bellunopress.it\/#website"},"datePublished":"2013-03-15T08:42:54+00:00","breadcrumb":{"@id":"https:\/\/www.bellunopress.it\/2013\/03\/15\/sabato-e-domenica-al-teatro-comunale-va-in-scena-lo-spettacolo-history-boys-di-alan-bennet-sul-ruolo-della-scuola\/#breadcrumb"},"inLanguage":"fr-FR","potentialAction":[{"@type":"ReadAction","target":["https:\/\/www.bellunopress.it\/2013\/03\/15\/sabato-e-domenica-al-teatro-comunale-va-in-scena-lo-spettacolo-history-boys-di-alan-bennet-sul-ruolo-della-scuola\/"]}]},{"@type":"BreadcrumbList","@id":"https:\/\/www.bellunopress.it\/2013\/03\/15\/sabato-e-domenica-al-teatro-comunale-va-in-scena-lo-spettacolo-history-boys-di-alan-bennet-sul-ruolo-della-scuola\/#breadcrumb","itemListElement":[{"@type":"ListItem","position":1,"name":"Home","item":"https:\/\/www.bellunopress.it\/"},{"@type":"ListItem","position":2,"name":"Sabato e domenica al Teatro Comunale va in scena lo spettacolo History Boys di Alan Bennet sul ruolo della scuola"}]},{"@type":"WebSite","@id":"https:\/\/www.bellunopress.it\/#website","url":"https:\/\/www.bellunopress.it\/","name":"Bellunopress - Dolomiti","description":"e-mail: redazione@bellunopress.it","publisher":{"@id":"https:\/\/www.bellunopress.it\/#organization"},"potentialAction":[{"@type":"SearchAction","target":{"@type":"EntryPoint","urlTemplate":"https:\/\/www.bellunopress.it\/?s={search_term_string}"},"query-input":{"@type":"PropertyValueSpecification","valueRequired":true,"valueName":"search_term_string"}}],"inLanguage":"fr-FR"},{"@type":"Organization","@id":"https:\/\/www.bellunopress.it\/#organization","name":"Bellunopress","url":"https:\/\/www.bellunopress.it\/","logo":{"@type":"ImageObject","inLanguage":"fr-FR","@id":"https:\/\/www.bellunopress.it\/#\/schema\/logo\/image\/","url":"https:\/\/www.bellunopress.it\/wp-content\/uploads\/2011\/05\/cropped-logo-bellunopress-.jpg","contentUrl":"https:\/\/www.bellunopress.it\/wp-content\/uploads\/2011\/05\/cropped-logo-bellunopress-.jpg","width":512,"height":512,"caption":"Bellunopress"},"image":{"@id":"https:\/\/www.bellunopress.it\/#\/schema\/logo\/image\/"},"sameAs":["https:\/\/www.facebook.com\/profile.php?id=100008943462799","https:\/\/x.com\/bellunopress","https:\/\/www.linkedin.com\/hp\/?dnr=JBzUWaJfMUw8vbXJJ2tVW5-I3jZKvC4wsoxE&amp;amp;amp;amp;amp;amp;trk=nav_responsive_tab_home","https:\/\/www.youtube.com\/channel\/UCxL0wu1uN0_3_7hGG0306cw"]},{"@type":"Person","@id":"https:\/\/www.bellunopress.it\/#\/schema\/person\/79bb06722b37ece1c03d3e94beb30d73","name":"r\u00e9daction","image":{"@type":"ImageObject","inLanguage":"fr-FR","@id":"https:\/\/secure.gravatar.com\/avatar\/37d968a2e67a6fd04c169c4bdef102d0bc5d31b2546345219e348575eb80e9a0?s=96&d=mm&r=g","url":"https:\/\/secure.gravatar.com\/avatar\/37d968a2e67a6fd04c169c4bdef102d0bc5d31b2546345219e348575eb80e9a0?s=96&d=mm&r=g","contentUrl":"https:\/\/secure.gravatar.com\/avatar\/37d968a2e67a6fd04c169c4bdef102d0bc5d31b2546345219e348575eb80e9a0?s=96&d=mm&r=g","caption":"redazione"},"sameAs":["http:\/\/www.bellunopress.it","https:\/\/x.com\/bellunopress"],"url":"https:\/\/www.bellunopress.it\/fr\/author\/redazione\/"}]}},"_links":{"self":[{"href":"https:\/\/www.bellunopress.it\/fr\/wp-json\/wp\/v2\/posts\/47625","targetHints":{"allow":["GET"]}}],"collection":[{"href":"https:\/\/www.bellunopress.it\/fr\/wp-json\/wp\/v2\/posts"}],"about":[{"href":"https:\/\/www.bellunopress.it\/fr\/wp-json\/wp\/v2\/types\/post"}],"author":[{"embeddable":true,"href":"https:\/\/www.bellunopress.it\/fr\/wp-json\/wp\/v2\/users\/2"}],"replies":[{"embeddable":true,"href":"https:\/\/www.bellunopress.it\/fr\/wp-json\/wp\/v2\/comments?post=47625"}],"version-history":[{"count":1,"href":"https:\/\/www.bellunopress.it\/fr\/wp-json\/wp\/v2\/posts\/47625\/revisions"}],"predecessor-version":[{"id":47626,"href":"https:\/\/www.bellunopress.it\/fr\/wp-json\/wp\/v2\/posts\/47625\/revisions\/47626"}],"wp:attachment":[{"href":"https:\/\/www.bellunopress.it\/fr\/wp-json\/wp\/v2\/media?parent=47625"}],"wp:term":[{"taxonomy":"category","embeddable":true,"href":"https:\/\/www.bellunopress.it\/fr\/wp-json\/wp\/v2\/categories?post=47625"},{"taxonomy":"post_tag","embeddable":true,"href":"https:\/\/www.bellunopress.it\/fr\/wp-json\/wp\/v2\/tags?post=47625"}],"curies":[{"name":"wp","href":"https:\/\/api.w.org\/{rel}","templated":true}]}}