{"id":47618,"date":"2013-03-14T19:04:37","date_gmt":"2013-03-14T18:04:37","guid":{"rendered":"http:\/\/www.bellunopress.it\/?p=47618"},"modified":"2013-03-14T19:05:50","modified_gmt":"2013-03-14T18:05:50","slug":"la-bandiera-di-guerra-del-7-reggimento-alpini-a-herat-in-afgnanistan","status":"publish","type":"post","link":"https:\/\/www.bellunopress.it\/fr\/2013\/03\/14\/la-bandiera-di-guerra-del-7-reggimento-alpini-a-herat-in-afgnanistan\/","title":{"rendered":"La Bandiera di Guerra del 7\u00b0 Reggimento alpini a Herat in Afghanistan"},"content":{"rendered":"<p><a href=\"http:\/\/www.bellunopress.it\/wp-content\/uploads\/2013\/03\/Bandiera-di-Guerra-7-Rgt.-Alp.-di-Belluno-in-afghanistan-Copia.jpg\"><img loading=\"lazy\" decoding=\"async\" class=\"alignleft size-full wp-image-47619\" alt=\"Bandiera di Guerra 7 Rgt. Alp. di Belluno in afghanistan - Copia\" src=\"http:\/\/www.bellunopress.it\/wp-content\/uploads\/2013\/03\/Bandiera-di-Guerra-7-Rgt.-Alp.-di-Belluno-in-afghanistan-Copia.jpg\" width=\"290\" height=\"224\" \/><\/a>Herat, 14 marzo 2013 \u2013 La Bandiera di Guerra del 7\u00b0 Reggimento alpini di Belluno \u00e8 giunta oggi alla base Camp Arena di Herat, sede del Regional Command \u2013 West, l\u2019area occidentale dell\u2019Afghanistan in cui opera il Contingente italiano. Il Reggimento costituir\u00e0 l\u2019ossatura della Transition Support Unit \u2013 Center di Shindand, subentrando al 3\u00b0 Reggimento alpini di Pinerolo, giunto in Teatro Operativo nel settembre 2013.<\/p>\n<p>Il passaggio di consegne si inserisce nel contesto dell\u2019avvicendamento in corso tra la Brigata alpina Taurinense e la Brigata alpina Julia alla guida del Regional Command \u2013 West. La Transition Support Unit \u2013 Center ha sede nella base operativa avanzata \u2018La Marmora\u2019 di Shindand e supporta le Forze di sicurezza afghane nella provincia di Herat.<\/p>\n<p>La Bandiera di Guerra del 7\u00b0 Reggimento alpini \u00e8 decorata di due Ordini Militari d&#8217;Italia, cinque Medaglie d&#8217;Argento e due di Bronzo al Valor Militare, una Medaglia d&#8217;Oro al Valor Civile, una d&#8217;Argento di Benemerenza ed una di Bronzo al Merito della Croce Rossa. Il 7\u00b0 inquadra il battaglione \u2018Feltre\u2019 e ha ereditato le tradizioni dei battaglioni alpini \u2018Monte Pavione\u2019, \u2018Marmolada\u2019 e \u2018Uok Amba\u2019.<\/p>","protected":false},"excerpt":{"rendered":"<p>Herat, 14 marzo 2013 \u2013 La Bandiera di Guerra del 7\u00b0 Reggimento alpini di Belluno \u00e8 giunta oggi alla base Camp Arena di Herat, sede del Regional Command \u2013 West, l\u2019area occidentale dell\u2019Afghanistan in cui opera il Contingente italiano. Il Reggimento costituir\u00e0 l\u2019ossatura della Transition Support Unit \u2013 Center di Shindand, subentrando al 3\u00b0 Reggimento [&hellip;]<\/p>\n","protected":false},"author":2,"featured_media":0,"comment_status":"closed","ping_status":"open","sticky":false,"template":"","format":"standard","meta":{"footnotes":""},"categories":[5,26],"tags":[],"class_list":["post-47618","post","type-post","status-publish","format-standard","category-cronaca","category-prima-pagina"],"yoast_head":"<!-- This site is optimized with the Yoast SEO plugin v28.4 - https:\/\/yoast.com\/product\/yoast-seo-wordpress\/ -->\n<title>La Bandiera di Guerra del 7\u00b0 Reggimento alpini a Herat in Afghanistan - Bellunopress - Dolomiti<\/title>\n<meta name=\"robots\" content=\"index, follow, max-snippet:-1, max-image-preview:large, max-video-preview:-1\" \/>\n<link rel=\"canonical\" href=\"https:\/\/www.bellunopress.it\/fr\/2013\/03\/14\/la-bandiera-di-guerra-del-7-reggimento-alpini-a-herat-in-afgnanistan\/\" \/>\n<meta property=\"og:locale\" content=\"fr_FR\" \/>\n<meta property=\"og:type\" content=\"article\" \/>\n<meta property=\"og:title\" content=\"La Bandiera di Guerra del 7\u00b0 Reggimento alpini a Herat in Afghanistan - Bellunopress - Dolomiti\" \/>\n<meta property=\"og:description\" content=\"Herat, 14 marzo 2013 \u2013 La Bandiera di Guerra del 7\u00b0 Reggimento alpini di Belluno \u00e8 giunta oggi alla base Camp Arena di Herat, sede del Regional Command \u2013 West, l\u2019area occidentale dell\u2019Afghanistan in cui opera il Contingente italiano. Il Reggimento costituir\u00e0 l\u2019ossatura della Transition Support Unit \u2013 Center di Shindand, subentrando al 3\u00b0 Reggimento [&hellip;]\" \/>\n<meta property=\"og:url\" content=\"https:\/\/www.bellunopress.it\/fr\/2013\/03\/14\/la-bandiera-di-guerra-del-7-reggimento-alpini-a-herat-in-afgnanistan\/\" \/>\n<meta property=\"og:site_name\" content=\"Bellunopress - Dolomiti\" \/>\n<meta property=\"article:publisher\" content=\"https:\/\/www.facebook.com\/profile.php?id=100008943462799\" \/>\n<meta property=\"article:published_time\" content=\"2013-03-14T18:04:37+00:00\" \/>\n<meta property=\"article:modified_time\" content=\"2013-03-14T18:05:50+00:00\" \/>\n<meta property=\"og:image\" content=\"http:\/\/www.bellunopress.it\/wp-content\/uploads\/2013\/03\/Bandiera-di-Guerra-7-Rgt.-Alp.-di-Belluno-in-afghanistan-Copia.jpg\" \/>\n<meta name=\"author\" content=\"redazione\" \/>\n<meta name=\"twitter:card\" content=\"summary_large_image\" \/>\n<meta name=\"twitter:creator\" content=\"@bellunopress\" \/>\n<meta name=\"twitter:site\" content=\"@bellunopress\" \/>\n<meta name=\"twitter:label1\" content=\"\u00c9crit par\" \/>\n\t<meta name=\"twitter:data1\" content=\"redazione\" \/>\n\t<meta name=\"twitter:label2\" content=\"Dur\u00e9e de lecture estim\u00e9e\" \/>\n\t<meta name=\"twitter:data2\" content=\"1 minute\" \/>\n<script type=\"application\/ld+json\" class=\"yoast-schema-graph\">{\"@context\":\"https:\\\/\\\/schema.org\",\"@graph\":[{\"@type\":\"Article\",\"@id\":\"https:\\\/\\\/www.bellunopress.it\\\/2013\\\/03\\\/14\\\/la-bandiera-di-guerra-del-7-reggimento-alpini-a-herat-in-afgnanistan\\\/#article\",\"isPartOf\":{\"@id\":\"https:\\\/\\\/www.bellunopress.it\\\/2013\\\/03\\\/14\\\/la-bandiera-di-guerra-del-7-reggimento-alpini-a-herat-in-afgnanistan\\\/\"},\"author\":{\"name\":\"redazione\",\"@id\":\"https:\\\/\\\/www.bellunopress.it\\\/#\\\/schema\\\/person\\\/79bb06722b37ece1c03d3e94beb30d73\"},\"headline\":\"La Bandiera di Guerra del 7\u00b0 Reggimento alpini a Herat in Afghanistan\",\"datePublished\":\"2013-03-14T18:04:37+00:00\",\"dateModified\":\"2013-03-14T18:05:50+00:00\",\"mainEntityOfPage\":{\"@id\":\"https:\\\/\\\/www.bellunopress.it\\\/2013\\\/03\\\/14\\\/la-bandiera-di-guerra-del-7-reggimento-alpini-a-herat-in-afgnanistan\\\/\"},\"wordCount\":189,\"publisher\":{\"@id\":\"https:\\\/\\\/www.bellunopress.it\\\/#organization\"},\"image\":{\"@id\":\"https:\\\/\\\/www.bellunopress.it\\\/2013\\\/03\\\/14\\\/la-bandiera-di-guerra-del-7-reggimento-alpini-a-herat-in-afgnanistan\\\/#primaryimage\"},\"thumbnailUrl\":\"http:\\\/\\\/www.bellunopress.it\\\/wp-content\\\/uploads\\\/2013\\\/03\\\/Bandiera-di-Guerra-7-Rgt.-Alp.-di-Belluno-in-afghanistan-Copia.jpg\",\"articleSection\":[\"Cronaca\\\/Politica\",\"Prima Pagina\"],\"inLanguage\":\"fr-FR\"},{\"@type\":\"WebPage\",\"@id\":\"https:\\\/\\\/www.bellunopress.it\\\/2013\\\/03\\\/14\\\/la-bandiera-di-guerra-del-7-reggimento-alpini-a-herat-in-afgnanistan\\\/\",\"url\":\"https:\\\/\\\/www.bellunopress.it\\\/2013\\\/03\\\/14\\\/la-bandiera-di-guerra-del-7-reggimento-alpini-a-herat-in-afgnanistan\\\/\",\"name\":\"La Bandiera di Guerra del 7\u00b0 Reggimento alpini a Herat in Afghanistan - Bellunopress - Dolomiti\",\"isPartOf\":{\"@id\":\"https:\\\/\\\/www.bellunopress.it\\\/#website\"},\"primaryImageOfPage\":{\"@id\":\"https:\\\/\\\/www.bellunopress.it\\\/2013\\\/03\\\/14\\\/la-bandiera-di-guerra-del-7-reggimento-alpini-a-herat-in-afgnanistan\\\/#primaryimage\"},\"image\":{\"@id\":\"https:\\\/\\\/www.bellunopress.it\\\/2013\\\/03\\\/14\\\/la-bandiera-di-guerra-del-7-reggimento-alpini-a-herat-in-afgnanistan\\\/#primaryimage\"},\"thumbnailUrl\":\"http:\\\/\\\/www.bellunopress.it\\\/wp-content\\\/uploads\\\/2013\\\/03\\\/Bandiera-di-Guerra-7-Rgt.-Alp.-di-Belluno-in-afghanistan-Copia.jpg\",\"datePublished\":\"2013-03-14T18:04:37+00:00\",\"dateModified\":\"2013-03-14T18:05:50+00:00\",\"breadcrumb\":{\"@id\":\"https:\\\/\\\/www.bellunopress.it\\\/2013\\\/03\\\/14\\\/la-bandiera-di-guerra-del-7-reggimento-alpini-a-herat-in-afgnanistan\\\/#breadcrumb\"},\"inLanguage\":\"fr-FR\",\"potentialAction\":[{\"@type\":\"ReadAction\",\"target\":[\"https:\\\/\\\/www.bellunopress.it\\\/2013\\\/03\\\/14\\\/la-bandiera-di-guerra-del-7-reggimento-alpini-a-herat-in-afgnanistan\\\/\"]}]},{\"@type\":\"ImageObject\",\"inLanguage\":\"fr-FR\",\"@id\":\"https:\\\/\\\/www.bellunopress.it\\\/2013\\\/03\\\/14\\\/la-bandiera-di-guerra-del-7-reggimento-alpini-a-herat-in-afgnanistan\\\/#primaryimage\",\"url\":\"http:\\\/\\\/www.bellunopress.it\\\/wp-content\\\/uploads\\\/2013\\\/03\\\/Bandiera-di-Guerra-7-Rgt.-Alp.-di-Belluno-in-afghanistan-Copia.jpg\",\"contentUrl\":\"http:\\\/\\\/www.bellunopress.it\\\/wp-content\\\/uploads\\\/2013\\\/03\\\/Bandiera-di-Guerra-7-Rgt.-Alp.-di-Belluno-in-afghanistan-Copia.jpg\"},{\"@type\":\"BreadcrumbList\",\"@id\":\"https:\\\/\\\/www.bellunopress.it\\\/2013\\\/03\\\/14\\\/la-bandiera-di-guerra-del-7-reggimento-alpini-a-herat-in-afgnanistan\\\/#breadcrumb\",\"itemListElement\":[{\"@type\":\"ListItem\",\"position\":1,\"name\":\"Home\",\"item\":\"https:\\\/\\\/www.bellunopress.it\\\/\"},{\"@type\":\"ListItem\",\"position\":2,\"name\":\"La Bandiera di Guerra del 7\u00b0 Reggimento alpini a Herat in Afghanistan\"}]},{\"@type\":\"WebSite\",\"@id\":\"https:\\\/\\\/www.bellunopress.it\\\/#website\",\"url\":\"https:\\\/\\\/www.bellunopress.it\\\/\",\"name\":\"Bellunopress - Dolomiti\",\"description\":\"e-mail: redazione@bellunopress.it\",\"publisher\":{\"@id\":\"https:\\\/\\\/www.bellunopress.it\\\/#organization\"},\"potentialAction\":[{\"@type\":\"SearchAction\",\"target\":{\"@type\":\"EntryPoint\",\"urlTemplate\":\"https:\\\/\\\/www.bellunopress.it\\\/?s={search_term_string}\"},\"query-input\":{\"@type\":\"PropertyValueSpecification\",\"valueRequired\":true,\"valueName\":\"search_term_string\"}}],\"inLanguage\":\"fr-FR\"},{\"@type\":\"Organization\",\"@id\":\"https:\\\/\\\/www.bellunopress.it\\\/#organization\",\"name\":\"Bellunopress\",\"url\":\"https:\\\/\\\/www.bellunopress.it\\\/\",\"logo\":{\"@type\":\"ImageObject\",\"inLanguage\":\"fr-FR\",\"@id\":\"https:\\\/\\\/www.bellunopress.it\\\/#\\\/schema\\\/logo\\\/image\\\/\",\"url\":\"https:\\\/\\\/www.bellunopress.it\\\/wp-content\\\/uploads\\\/2011\\\/05\\\/cropped-logo-bellunopress-.jpg\",\"contentUrl\":\"https:\\\/\\\/www.bellunopress.it\\\/wp-content\\\/uploads\\\/2011\\\/05\\\/cropped-logo-bellunopress-.jpg\",\"width\":512,\"height\":512,\"caption\":\"Bellunopress\"},\"image\":{\"@id\":\"https:\\\/\\\/www.bellunopress.it\\\/#\\\/schema\\\/logo\\\/image\\\/\"},\"sameAs\":[\"https:\\\/\\\/www.facebook.com\\\/profile.php?id=100008943462799\",\"https:\\\/\\\/x.com\\\/bellunopress\",\"https:\\\/\\\/www.linkedin.com\\\/hp\\\/?dnr=JBzUWaJfMUw8vbXJJ2tVW5-I3jZKvC4wsoxE&amp;amp;amp;amp;amp;amp;trk=nav_responsive_tab_home\",\"https:\\\/\\\/www.youtube.com\\\/channel\\\/UCxL0wu1uN0_3_7hGG0306cw\"]},{\"@type\":\"Person\",\"@id\":\"https:\\\/\\\/www.bellunopress.it\\\/#\\\/schema\\\/person\\\/79bb06722b37ece1c03d3e94beb30d73\",\"name\":\"redazione\",\"image\":{\"@type\":\"ImageObject\",\"inLanguage\":\"fr-FR\",\"@id\":\"https:\\\/\\\/secure.gravatar.com\\\/avatar\\\/37d968a2e67a6fd04c169c4bdef102d0bc5d31b2546345219e348575eb80e9a0?s=96&d=mm&r=g\",\"url\":\"https:\\\/\\\/secure.gravatar.com\\\/avatar\\\/37d968a2e67a6fd04c169c4bdef102d0bc5d31b2546345219e348575eb80e9a0?s=96&d=mm&r=g\",\"contentUrl\":\"https:\\\/\\\/secure.gravatar.com\\\/avatar\\\/37d968a2e67a6fd04c169c4bdef102d0bc5d31b2546345219e348575eb80e9a0?s=96&d=mm&r=g\",\"caption\":\"redazione\"},\"sameAs\":[\"http:\\\/\\\/www.bellunopress.it\",\"https:\\\/\\\/x.com\\\/bellunopress\"],\"url\":\"https:\\\/\\\/www.bellunopress.it\\\/fr\\\/author\\\/redazione\\\/\"}]}<\/script>\n<!-- \/ Yoast SEO plugin. -->","yoast_head_json":{"title":"La Bandiera di Guerra del 7\u00b0 Reggimento alpini a Herat in Afghanistan - Bellunopress - Dolomiti","robots":{"index":"index","follow":"follow","max-snippet":"max-snippet:-1","max-image-preview":"max-image-preview:large","max-video-preview":"max-video-preview:-1"},"canonical":"https:\/\/www.bellunopress.it\/fr\/2013\/03\/14\/la-bandiera-di-guerra-del-7-reggimento-alpini-a-herat-in-afgnanistan\/","og_locale":"fr_FR","og_type":"article","og_title":"La Bandiera di Guerra del 7\u00b0 Reggimento alpini a Herat in Afghanistan - Bellunopress - Dolomiti","og_description":"Herat, 14 marzo 2013 \u2013 La Bandiera di Guerra del 7\u00b0 Reggimento alpini di Belluno \u00e8 giunta oggi alla base Camp Arena di Herat, sede del Regional Command \u2013 West, l\u2019area occidentale dell\u2019Afghanistan in cui opera il Contingente italiano. Il Reggimento costituir\u00e0 l\u2019ossatura della Transition Support Unit \u2013 Center di Shindand, subentrando al 3\u00b0 Reggimento [&hellip;]","og_url":"https:\/\/www.bellunopress.it\/fr\/2013\/03\/14\/la-bandiera-di-guerra-del-7-reggimento-alpini-a-herat-in-afgnanistan\/","og_site_name":"Bellunopress - Dolomiti","article_publisher":"https:\/\/www.facebook.com\/profile.php?id=100008943462799","article_published_time":"2013-03-14T18:04:37+00:00","article_modified_time":"2013-03-14T18:05:50+00:00","og_image":[{"url":"http:\/\/www.bellunopress.it\/wp-content\/uploads\/2013\/03\/Bandiera-di-Guerra-7-Rgt.-Alp.-di-Belluno-in-afghanistan-Copia.jpg","type":"","width":"","height":""}],"author":"redazione","twitter_card":"summary_large_image","twitter_creator":"@bellunopress","twitter_site":"@bellunopress","twitter_misc":{"\u00c9crit par":"redazione","Dur\u00e9e de lecture estim\u00e9e":"1 minute"},"schema":{"@context":"https:\/\/schema.org","@graph":[{"@type":"Article","@id":"https:\/\/www.bellunopress.it\/2013\/03\/14\/la-bandiera-di-guerra-del-7-reggimento-alpini-a-herat-in-afgnanistan\/#article","isPartOf":{"@id":"https:\/\/www.bellunopress.it\/2013\/03\/14\/la-bandiera-di-guerra-del-7-reggimento-alpini-a-herat-in-afgnanistan\/"},"author":{"name":"redazione","@id":"https:\/\/www.bellunopress.it\/#\/schema\/person\/79bb06722b37ece1c03d3e94beb30d73"},"headline":"La Bandiera di Guerra del 7\u00b0 Reggimento alpini a Herat in Afghanistan","datePublished":"2013-03-14T18:04:37+00:00","dateModified":"2013-03-14T18:05:50+00:00","mainEntityOfPage":{"@id":"https:\/\/www.bellunopress.it\/2013\/03\/14\/la-bandiera-di-guerra-del-7-reggimento-alpini-a-herat-in-afgnanistan\/"},"wordCount":189,"publisher":{"@id":"https:\/\/www.bellunopress.it\/#organization"},"image":{"@id":"https:\/\/www.bellunopress.it\/2013\/03\/14\/la-bandiera-di-guerra-del-7-reggimento-alpini-a-herat-in-afgnanistan\/#primaryimage"},"thumbnailUrl":"http:\/\/www.bellunopress.it\/wp-content\/uploads\/2013\/03\/Bandiera-di-Guerra-7-Rgt.-Alp.-di-Belluno-in-afghanistan-Copia.jpg","articleSection":["Cronaca\/Politica","Prima Pagina"],"inLanguage":"fr-FR"},{"@type":"WebPage","@id":"https:\/\/www.bellunopress.it\/2013\/03\/14\/la-bandiera-di-guerra-del-7-reggimento-alpini-a-herat-in-afgnanistan\/","url":"https:\/\/www.bellunopress.it\/2013\/03\/14\/la-bandiera-di-guerra-del-7-reggimento-alpini-a-herat-in-afgnanistan\/","name":"La Bandiera di Guerra del 7\u00b0 Reggimento alpini a Herat in Afghanistan - Bellunopress - Dolomiti","isPartOf":{"@id":"https:\/\/www.bellunopress.it\/#website"},"primaryImageOfPage":{"@id":"https:\/\/www.bellunopress.it\/2013\/03\/14\/la-bandiera-di-guerra-del-7-reggimento-alpini-a-herat-in-afgnanistan\/#primaryimage"},"image":{"@id":"https:\/\/www.bellunopress.it\/2013\/03\/14\/la-bandiera-di-guerra-del-7-reggimento-alpini-a-herat-in-afgnanistan\/#primaryimage"},"thumbnailUrl":"http:\/\/www.bellunopress.it\/wp-content\/uploads\/2013\/03\/Bandiera-di-Guerra-7-Rgt.-Alp.-di-Belluno-in-afghanistan-Copia.jpg","datePublished":"2013-03-14T18:04:37+00:00","dateModified":"2013-03-14T18:05:50+00:00","breadcrumb":{"@id":"https:\/\/www.bellunopress.it\/2013\/03\/14\/la-bandiera-di-guerra-del-7-reggimento-alpini-a-herat-in-afgnanistan\/#breadcrumb"},"inLanguage":"fr-FR","potentialAction":[{"@type":"ReadAction","target":["https:\/\/www.bellunopress.it\/2013\/03\/14\/la-bandiera-di-guerra-del-7-reggimento-alpini-a-herat-in-afgnanistan\/"]}]},{"@type":"ImageObject","inLanguage":"fr-FR","@id":"https:\/\/www.bellunopress.it\/2013\/03\/14\/la-bandiera-di-guerra-del-7-reggimento-alpini-a-herat-in-afgnanistan\/#primaryimage","url":"http:\/\/www.bellunopress.it\/wp-content\/uploads\/2013\/03\/Bandiera-di-Guerra-7-Rgt.-Alp.-di-Belluno-in-afghanistan-Copia.jpg","contentUrl":"http:\/\/www.bellunopress.it\/wp-content\/uploads\/2013\/03\/Bandiera-di-Guerra-7-Rgt.-Alp.-di-Belluno-in-afghanistan-Copia.jpg"},{"@type":"BreadcrumbList","@id":"https:\/\/www.bellunopress.it\/2013\/03\/14\/la-bandiera-di-guerra-del-7-reggimento-alpini-a-herat-in-afgnanistan\/#breadcrumb","itemListElement":[{"@type":"ListItem","position":1,"name":"Home","item":"https:\/\/www.bellunopress.it\/"},{"@type":"ListItem","position":2,"name":"La Bandiera di Guerra del 7\u00b0 Reggimento alpini a Herat in Afghanistan"}]},{"@type":"WebSite","@id":"https:\/\/www.bellunopress.it\/#website","url":"https:\/\/www.bellunopress.it\/","name":"Bellunopress - Dolomiti","description":"e-mail: redazione@bellunopress.it","publisher":{"@id":"https:\/\/www.bellunopress.it\/#organization"},"potentialAction":[{"@type":"SearchAction","target":{"@type":"EntryPoint","urlTemplate":"https:\/\/www.bellunopress.it\/?s={search_term_string}"},"query-input":{"@type":"PropertyValueSpecification","valueRequired":true,"valueName":"search_term_string"}}],"inLanguage":"fr-FR"},{"@type":"Organization","@id":"https:\/\/www.bellunopress.it\/#organization","name":"Bellunopress","url":"https:\/\/www.bellunopress.it\/","logo":{"@type":"ImageObject","inLanguage":"fr-FR","@id":"https:\/\/www.bellunopress.it\/#\/schema\/logo\/image\/","url":"https:\/\/www.bellunopress.it\/wp-content\/uploads\/2011\/05\/cropped-logo-bellunopress-.jpg","contentUrl":"https:\/\/www.bellunopress.it\/wp-content\/uploads\/2011\/05\/cropped-logo-bellunopress-.jpg","width":512,"height":512,"caption":"Bellunopress"},"image":{"@id":"https:\/\/www.bellunopress.it\/#\/schema\/logo\/image\/"},"sameAs":["https:\/\/www.facebook.com\/profile.php?id=100008943462799","https:\/\/x.com\/bellunopress","https:\/\/www.linkedin.com\/hp\/?dnr=JBzUWaJfMUw8vbXJJ2tVW5-I3jZKvC4wsoxE&amp;amp;amp;amp;amp;amp;trk=nav_responsive_tab_home","https:\/\/www.youtube.com\/channel\/UCxL0wu1uN0_3_7hGG0306cw"]},{"@type":"Person","@id":"https:\/\/www.bellunopress.it\/#\/schema\/person\/79bb06722b37ece1c03d3e94beb30d73","name":"r\u00e9daction","image":{"@type":"ImageObject","inLanguage":"fr-FR","@id":"https:\/\/secure.gravatar.com\/avatar\/37d968a2e67a6fd04c169c4bdef102d0bc5d31b2546345219e348575eb80e9a0?s=96&d=mm&r=g","url":"https:\/\/secure.gravatar.com\/avatar\/37d968a2e67a6fd04c169c4bdef102d0bc5d31b2546345219e348575eb80e9a0?s=96&d=mm&r=g","contentUrl":"https:\/\/secure.gravatar.com\/avatar\/37d968a2e67a6fd04c169c4bdef102d0bc5d31b2546345219e348575eb80e9a0?s=96&d=mm&r=g","caption":"redazione"},"sameAs":["http:\/\/www.bellunopress.it","https:\/\/x.com\/bellunopress"],"url":"https:\/\/www.bellunopress.it\/fr\/author\/redazione\/"}]}},"_links":{"self":[{"href":"https:\/\/www.bellunopress.it\/fr\/wp-json\/wp\/v2\/posts\/47618","targetHints":{"allow":["GET"]}}],"collection":[{"href":"https:\/\/www.bellunopress.it\/fr\/wp-json\/wp\/v2\/posts"}],"about":[{"href":"https:\/\/www.bellunopress.it\/fr\/wp-json\/wp\/v2\/types\/post"}],"author":[{"embeddable":true,"href":"https:\/\/www.bellunopress.it\/fr\/wp-json\/wp\/v2\/users\/2"}],"replies":[{"embeddable":true,"href":"https:\/\/www.bellunopress.it\/fr\/wp-json\/wp\/v2\/comments?post=47618"}],"version-history":[{"count":2,"href":"https:\/\/www.bellunopress.it\/fr\/wp-json\/wp\/v2\/posts\/47618\/revisions"}],"predecessor-version":[{"id":47622,"href":"https:\/\/www.bellunopress.it\/fr\/wp-json\/wp\/v2\/posts\/47618\/revisions\/47622"}],"wp:attachment":[{"href":"https:\/\/www.bellunopress.it\/fr\/wp-json\/wp\/v2\/media?parent=47618"}],"wp:term":[{"taxonomy":"category","embeddable":true,"href":"https:\/\/www.bellunopress.it\/fr\/wp-json\/wp\/v2\/categories?post=47618"},{"taxonomy":"post_tag","embeddable":true,"href":"https:\/\/www.bellunopress.it\/fr\/wp-json\/wp\/v2\/tags?post=47618"}],"curies":[{"name":"wp","href":"https:\/\/api.w.org\/{rel}","templated":true}]}}