{"id":47615,"date":"2013-03-14T18:54:24","date_gmt":"2013-03-14T17:54:24","guid":{"rendered":"http:\/\/www.bellunopress.it\/?p=47615"},"modified":"2013-03-14T18:54:24","modified_gmt":"2013-03-14T17:54:24","slug":"venerdi-a-longarone-fiere-apre-la-34ma-edizione-di-agrimont-la-fiera-dedicata-allagricoltura-di-montagna","status":"publish","type":"post","link":"https:\/\/www.bellunopress.it\/fr\/2013\/03\/14\/venerdi-a-longarone-fiere-apre-la-34ma-edizione-di-agrimont-la-fiera-dedicata-allagricoltura-di-montagna\/","title":{"rendered":"Venerd\u00ec a Longarone fiere apre la 34ma edizione di Agrimont, la fiera dedicata all&#8217;agricoltura di montagna"},"content":{"rendered":"<p><a href=\"http:\/\/www.bellunopress.it\/wp-content\/uploads\/2011\/10\/longarone-fiere-280x210.jpg\"><img loading=\"lazy\" decoding=\"async\" class=\"alignleft size-full wp-image-31960\" alt=\"longarone fiere 280x210\" src=\"http:\/\/www.bellunopress.it\/wp-content\/uploads\/2011\/10\/longarone-fiere-280x210.jpg\" width=\"280\" height=\"210\" \/><\/a>Si apre domani, venerd\u00ec 15 marzo, nel quartiere di Longarone Fiere Dolomiti la 34. edizione di Agrimont, la fiera dell\u2019agricoltura di montagna, che proseguir\u00e0 sino a domenica 17 per poi riprendere da venerd\u00ec 22 a domenica 24 marzo. Alla cerimonia inaugurale (ore 15) interverr\u00e0 l\u2019assessore regionale all\u2019agricoltura del Veneto, Franco Manzato. Ad allietare la cerimonia la presenza del coro Ana di Vittorio Veneto.<\/p>\n<p>Agrimont registra anche quest\u2019anno il tutto esaurito per quanto riguarda gli spazi espositivi, confermando il suo ruolo di punto di riferimento per un settore fondamentale per la tutela e lo sviluppo del territorio montano. Presenti 230 marchi aziendali da 14 regioni italiane e 11 Paesi esteri. Per i prodotti, le macchine e attrezzature per l\u2019agricoltura e per tutto ci\u00f2 che riguarda il mondo rurale montano Agrimont si conferma come l\u2019evento di riferimento: un appuntamento per alimentare una fiducia per il futuro attraverso interventi legati alla cura e manutenzione del territorio. In fiera i visitatori potranno trovare in particolare una vasta gamma di attrezzature per la raccolta, la preparazione, il trasporto e lo stoccaggio della legna fino ai sistemi di riscaldamento pi\u00f9 innovativi improntati sul risparmio energetico. Presenti anche diverse aziende legate al settore del giardinaggio e del florovivaismo con un\u2019ampia variet\u00e0 di prodotti e piccole attrezzature da utilizzare nella cura dell\u2019orto e del giardino di casa, e gli stand dove ci sar\u00e0 la possibilit\u00e0 di acquistare le pi\u00f9 qualificate produzioni tipiche dell\u2019agricoltura di montagna, come formaggi, insaccati, e speck e, pi\u00f9 in generale, delle regioni italiane.<\/p>\n<p>Non mancheranno, a livello espositivo, anche importanti aziende fornitrici del comparto zootecnico che da sempre rappresenta il settore strategico per l\u2019agricoltura di montagna. Grazie alla consolidata collaborazione con l\u2019A.R.A.V. &#8211; Associazione Regionale Allevatori del Veneto, viene inoltre riproposto il padiglione con l\u2019esposizione delle principali razze di animali bovini, equini, ovicaprini, avicole e altre razze di animali meno diffusi allevati in provincia. Alla parte espositiva, si aggiungeranno il laboratorio che illustrer\u00e0 l\u2019attivit\u00e0 di analisi sui foraggi aziendali dell\u2019Arav e l\u2019incontro tecnico (sabato 23, ore 10) sulle malattie del cavallo e mascalcia.<\/p>\n<p>Anche quest\u2019anno Agrimont dedica un\u2019attenzione particolare alla produzione di miele protagonista nel convegno di domenica 17 marzo (ore 9.30), a cura dell\u2019associazione Apimarca sul tema: \u201cMantenere l\u2019alveare in equilibrio per contrastare le emergenze attuali\u201d e domenica 24 (ore 10) con Apidolomiti che organizza la tradizionale giornata dell\u2019Apicoltura di montagna.<\/p>\n<p>Tra le attrazioni di questa edizione di Agrimont, oltre al corso pratico di teoria e pratica dell\u2019innesto e della potatura, organizzato dall\u2019Istituto \u201cA. Della Lucia\u201d di Feltre, in programma nelle due giornate di sabato 16 e 23, spicca la celebrazione domenica 24 marzo della 1. Giornata Europea del Gelato artigianale, riconosciuta dal Parlamento Europeo, attraverso l\u2019incontro sul tema &#8220;Il gelato artigianale strumento di valorizzazione dei prodotti agroalimentari e del territorio&#8221;, la distribuzione del gelato \u201cFantasia d\u2019Europa\u201d e l\u2019Annullo filatelico, con la collaborazione del Circolo Filatelico e Numismatico Bellunese.<\/p>\n<p>La 34. Agrimont sar\u00e0 infine arricchita da convegni e momenti di approfondimento, organizzati dalle associazioni di categoria, che affronteranno temi d\u2019attualit\u00e0, dal riordino del Sistema Fondiario Montano (sabato 16, ore 9.30) alla tutela delle biodiversit\u00e0 colturali e agronomiche (sabato 23, ore 10). In programma anche due seminari promossi dal Master in cultura del cibo e del vino dell\u2019Universit\u00e0 Ca\u2019 Foscari di Venezia.<\/p>\n<p>Ricordiamo che Agrimont 2013 sar\u00e0 aperta il venerd\u00ec dalle 14.30 alle 19, sabato e domenica dalle 9 alle 19.<\/p>\n<p>&nbsp;<\/p>","protected":false},"excerpt":{"rendered":"<p>Si apre domani, venerd\u00ec 15 marzo, nel quartiere di Longarone Fiere Dolomiti la 34. edizione di Agrimont, la fiera dell\u2019agricoltura di montagna, che proseguir\u00e0 sino a domenica 17 per poi riprendere da venerd\u00ec 22 a domenica 24 marzo. Alla cerimonia inaugurale (ore 15) interverr\u00e0 l\u2019assessore regionale all\u2019agricoltura del Veneto, Franco Manzato. Ad allietare la cerimonia [&hellip;]<\/p>\n","protected":false},"author":2,"featured_media":0,"comment_status":"closed","ping_status":"open","sticky":false,"template":"","format":"standard","meta":{"footnotes":""},"categories":[27,38,26,8],"tags":[],"class_list":["post-47615","post","type-post","status-publish","format-standard","category-appuntamenti","category-natura-ambiente","category-prima-pagina","category-societa-istituzioni"],"yoast_head":"<!-- This site is optimized with the Yoast SEO plugin v28.4 - https:\/\/yoast.com\/product\/yoast-seo-wordpress\/ -->\n<title>Venerd\u00ec a Longarone fiere apre la 34ma edizione di Agrimont, la fiera dedicata all&#039;agricoltura di montagna - Bellunopress - Dolomiti<\/title>\n<meta name=\"robots\" content=\"index, follow, max-snippet:-1, max-image-preview:large, max-video-preview:-1\" \/>\n<link rel=\"canonical\" href=\"https:\/\/www.bellunopress.it\/fr\/2013\/03\/14\/venerdi-a-longarone-fiere-apre-la-34ma-edizione-di-agrimont-la-fiera-dedicata-allagricoltura-di-montagna\/\" \/>\n<meta property=\"og:locale\" content=\"fr_FR\" \/>\n<meta property=\"og:type\" content=\"article\" \/>\n<meta property=\"og:title\" content=\"Venerd\u00ec a Longarone fiere apre la 34ma edizione di Agrimont, la fiera dedicata all&#039;agricoltura di montagna - Bellunopress - Dolomiti\" \/>\n<meta property=\"og:description\" content=\"Si apre domani, venerd\u00ec 15 marzo, nel quartiere di Longarone Fiere Dolomiti la 34. edizione di Agrimont, la fiera dell\u2019agricoltura di montagna, che proseguir\u00e0 sino a domenica 17 per poi riprendere da venerd\u00ec 22 a domenica 24 marzo. Alla cerimonia inaugurale (ore 15) interverr\u00e0 l\u2019assessore regionale all\u2019agricoltura del Veneto, Franco Manzato. Ad allietare la cerimonia [&hellip;]\" \/>\n<meta property=\"og:url\" content=\"https:\/\/www.bellunopress.it\/fr\/2013\/03\/14\/venerdi-a-longarone-fiere-apre-la-34ma-edizione-di-agrimont-la-fiera-dedicata-allagricoltura-di-montagna\/\" \/>\n<meta property=\"og:site_name\" content=\"Bellunopress - Dolomiti\" \/>\n<meta property=\"article:publisher\" content=\"https:\/\/www.facebook.com\/profile.php?id=100008943462799\" \/>\n<meta property=\"article:published_time\" content=\"2013-03-14T17:54:24+00:00\" \/>\n<meta property=\"og:image\" content=\"http:\/\/www.bellunopress.it\/wp-content\/uploads\/2011\/10\/longarone-fiere-280x210.jpg\" \/>\n<meta name=\"author\" content=\"redazione\" \/>\n<meta name=\"twitter:card\" content=\"summary_large_image\" \/>\n<meta name=\"twitter:creator\" content=\"@bellunopress\" \/>\n<meta name=\"twitter:site\" content=\"@bellunopress\" \/>\n<meta name=\"twitter:label1\" content=\"\u00c9crit par\" \/>\n\t<meta name=\"twitter:data1\" content=\"redazione\" \/>\n\t<meta name=\"twitter:label2\" content=\"Dur\u00e9e de lecture estim\u00e9e\" \/>\n\t<meta name=\"twitter:data2\" content=\"3 minutes\" \/>\n<script type=\"application\/ld+json\" class=\"yoast-schema-graph\">{\"@context\":\"https:\\\/\\\/schema.org\",\"@graph\":[{\"@type\":\"Article\",\"@id\":\"https:\\\/\\\/www.bellunopress.it\\\/2013\\\/03\\\/14\\\/venerdi-a-longarone-fiere-apre-la-34ma-edizione-di-agrimont-la-fiera-dedicata-allagricoltura-di-montagna\\\/#article\",\"isPartOf\":{\"@id\":\"https:\\\/\\\/www.bellunopress.it\\\/2013\\\/03\\\/14\\\/venerdi-a-longarone-fiere-apre-la-34ma-edizione-di-agrimont-la-fiera-dedicata-allagricoltura-di-montagna\\\/\"},\"author\":{\"name\":\"redazione\",\"@id\":\"https:\\\/\\\/www.bellunopress.it\\\/#\\\/schema\\\/person\\\/79bb06722b37ece1c03d3e94beb30d73\"},\"headline\":\"Venerd\u00ec a Longarone fiere apre la 34ma edizione di Agrimont, la fiera dedicata all&#8217;agricoltura di montagna\",\"datePublished\":\"2013-03-14T17:54:24+00:00\",\"mainEntityOfPage\":{\"@id\":\"https:\\\/\\\/www.bellunopress.it\\\/2013\\\/03\\\/14\\\/venerdi-a-longarone-fiere-apre-la-34ma-edizione-di-agrimont-la-fiera-dedicata-allagricoltura-di-montagna\\\/\"},\"wordCount\":576,\"publisher\":{\"@id\":\"https:\\\/\\\/www.bellunopress.it\\\/#organization\"},\"image\":{\"@id\":\"https:\\\/\\\/www.bellunopress.it\\\/2013\\\/03\\\/14\\\/venerdi-a-longarone-fiere-apre-la-34ma-edizione-di-agrimont-la-fiera-dedicata-allagricoltura-di-montagna\\\/#primaryimage\"},\"thumbnailUrl\":\"http:\\\/\\\/www.bellunopress.it\\\/wp-content\\\/uploads\\\/2011\\\/10\\\/longarone-fiere-280x210.jpg\",\"articleSection\":[\"Appuntamenti, Eventi\",\"Meteo, natura, ambiente, animali\",\"Prima Pagina\",\"Societ\u00e0, Associazioni, Istituzioni\"],\"inLanguage\":\"fr-FR\"},{\"@type\":\"WebPage\",\"@id\":\"https:\\\/\\\/www.bellunopress.it\\\/2013\\\/03\\\/14\\\/venerdi-a-longarone-fiere-apre-la-34ma-edizione-di-agrimont-la-fiera-dedicata-allagricoltura-di-montagna\\\/\",\"url\":\"https:\\\/\\\/www.bellunopress.it\\\/2013\\\/03\\\/14\\\/venerdi-a-longarone-fiere-apre-la-34ma-edizione-di-agrimont-la-fiera-dedicata-allagricoltura-di-montagna\\\/\",\"name\":\"Venerd\u00ec a Longarone fiere apre la 34ma edizione di Agrimont, la fiera dedicata all'agricoltura di montagna - Bellunopress - Dolomiti\",\"isPartOf\":{\"@id\":\"https:\\\/\\\/www.bellunopress.it\\\/#website\"},\"primaryImageOfPage\":{\"@id\":\"https:\\\/\\\/www.bellunopress.it\\\/2013\\\/03\\\/14\\\/venerdi-a-longarone-fiere-apre-la-34ma-edizione-di-agrimont-la-fiera-dedicata-allagricoltura-di-montagna\\\/#primaryimage\"},\"image\":{\"@id\":\"https:\\\/\\\/www.bellunopress.it\\\/2013\\\/03\\\/14\\\/venerdi-a-longarone-fiere-apre-la-34ma-edizione-di-agrimont-la-fiera-dedicata-allagricoltura-di-montagna\\\/#primaryimage\"},\"thumbnailUrl\":\"http:\\\/\\\/www.bellunopress.it\\\/wp-content\\\/uploads\\\/2011\\\/10\\\/longarone-fiere-280x210.jpg\",\"datePublished\":\"2013-03-14T17:54:24+00:00\",\"breadcrumb\":{\"@id\":\"https:\\\/\\\/www.bellunopress.it\\\/2013\\\/03\\\/14\\\/venerdi-a-longarone-fiere-apre-la-34ma-edizione-di-agrimont-la-fiera-dedicata-allagricoltura-di-montagna\\\/#breadcrumb\"},\"inLanguage\":\"fr-FR\",\"potentialAction\":[{\"@type\":\"ReadAction\",\"target\":[\"https:\\\/\\\/www.bellunopress.it\\\/2013\\\/03\\\/14\\\/venerdi-a-longarone-fiere-apre-la-34ma-edizione-di-agrimont-la-fiera-dedicata-allagricoltura-di-montagna\\\/\"]}]},{\"@type\":\"ImageObject\",\"inLanguage\":\"fr-FR\",\"@id\":\"https:\\\/\\\/www.bellunopress.it\\\/2013\\\/03\\\/14\\\/venerdi-a-longarone-fiere-apre-la-34ma-edizione-di-agrimont-la-fiera-dedicata-allagricoltura-di-montagna\\\/#primaryimage\",\"url\":\"http:\\\/\\\/www.bellunopress.it\\\/wp-content\\\/uploads\\\/2011\\\/10\\\/longarone-fiere-280x210.jpg\",\"contentUrl\":\"http:\\\/\\\/www.bellunopress.it\\\/wp-content\\\/uploads\\\/2011\\\/10\\\/longarone-fiere-280x210.jpg\"},{\"@type\":\"BreadcrumbList\",\"@id\":\"https:\\\/\\\/www.bellunopress.it\\\/2013\\\/03\\\/14\\\/venerdi-a-longarone-fiere-apre-la-34ma-edizione-di-agrimont-la-fiera-dedicata-allagricoltura-di-montagna\\\/#breadcrumb\",\"itemListElement\":[{\"@type\":\"ListItem\",\"position\":1,\"name\":\"Home\",\"item\":\"https:\\\/\\\/www.bellunopress.it\\\/\"},{\"@type\":\"ListItem\",\"position\":2,\"name\":\"Venerd\u00ec a Longarone fiere apre la 34ma edizione di Agrimont, la fiera dedicata all&#8217;agricoltura di montagna\"}]},{\"@type\":\"WebSite\",\"@id\":\"https:\\\/\\\/www.bellunopress.it\\\/#website\",\"url\":\"https:\\\/\\\/www.bellunopress.it\\\/\",\"name\":\"Bellunopress - Dolomiti\",\"description\":\"e-mail: redazione@bellunopress.it\",\"publisher\":{\"@id\":\"https:\\\/\\\/www.bellunopress.it\\\/#organization\"},\"potentialAction\":[{\"@type\":\"SearchAction\",\"target\":{\"@type\":\"EntryPoint\",\"urlTemplate\":\"https:\\\/\\\/www.bellunopress.it\\\/?s={search_term_string}\"},\"query-input\":{\"@type\":\"PropertyValueSpecification\",\"valueRequired\":true,\"valueName\":\"search_term_string\"}}],\"inLanguage\":\"fr-FR\"},{\"@type\":\"Organization\",\"@id\":\"https:\\\/\\\/www.bellunopress.it\\\/#organization\",\"name\":\"Bellunopress\",\"url\":\"https:\\\/\\\/www.bellunopress.it\\\/\",\"logo\":{\"@type\":\"ImageObject\",\"inLanguage\":\"fr-FR\",\"@id\":\"https:\\\/\\\/www.bellunopress.it\\\/#\\\/schema\\\/logo\\\/image\\\/\",\"url\":\"https:\\\/\\\/www.bellunopress.it\\\/wp-content\\\/uploads\\\/2011\\\/05\\\/cropped-logo-bellunopress-.jpg\",\"contentUrl\":\"https:\\\/\\\/www.bellunopress.it\\\/wp-content\\\/uploads\\\/2011\\\/05\\\/cropped-logo-bellunopress-.jpg\",\"width\":512,\"height\":512,\"caption\":\"Bellunopress\"},\"image\":{\"@id\":\"https:\\\/\\\/www.bellunopress.it\\\/#\\\/schema\\\/logo\\\/image\\\/\"},\"sameAs\":[\"https:\\\/\\\/www.facebook.com\\\/profile.php?id=100008943462799\",\"https:\\\/\\\/x.com\\\/bellunopress\",\"https:\\\/\\\/www.linkedin.com\\\/hp\\\/?dnr=JBzUWaJfMUw8vbXJJ2tVW5-I3jZKvC4wsoxE&amp;amp;amp;amp;amp;amp;trk=nav_responsive_tab_home\",\"https:\\\/\\\/www.youtube.com\\\/channel\\\/UCxL0wu1uN0_3_7hGG0306cw\"]},{\"@type\":\"Person\",\"@id\":\"https:\\\/\\\/www.bellunopress.it\\\/#\\\/schema\\\/person\\\/79bb06722b37ece1c03d3e94beb30d73\",\"name\":\"redazione\",\"image\":{\"@type\":\"ImageObject\",\"inLanguage\":\"fr-FR\",\"@id\":\"https:\\\/\\\/secure.gravatar.com\\\/avatar\\\/37d968a2e67a6fd04c169c4bdef102d0bc5d31b2546345219e348575eb80e9a0?s=96&d=mm&r=g\",\"url\":\"https:\\\/\\\/secure.gravatar.com\\\/avatar\\\/37d968a2e67a6fd04c169c4bdef102d0bc5d31b2546345219e348575eb80e9a0?s=96&d=mm&r=g\",\"contentUrl\":\"https:\\\/\\\/secure.gravatar.com\\\/avatar\\\/37d968a2e67a6fd04c169c4bdef102d0bc5d31b2546345219e348575eb80e9a0?s=96&d=mm&r=g\",\"caption\":\"redazione\"},\"sameAs\":[\"http:\\\/\\\/www.bellunopress.it\",\"https:\\\/\\\/x.com\\\/bellunopress\"],\"url\":\"https:\\\/\\\/www.bellunopress.it\\\/fr\\\/author\\\/redazione\\\/\"}]}<\/script>\n<!-- \/ Yoast SEO plugin. -->","yoast_head_json":{"title":"Venerd\u00ec a Longarone fiere apre la 34ma edizione di Agrimont, la fiera dedicata all'agricoltura di montagna - Bellunopress - Dolomiti","robots":{"index":"index","follow":"follow","max-snippet":"max-snippet:-1","max-image-preview":"max-image-preview:large","max-video-preview":"max-video-preview:-1"},"canonical":"https:\/\/www.bellunopress.it\/fr\/2013\/03\/14\/venerdi-a-longarone-fiere-apre-la-34ma-edizione-di-agrimont-la-fiera-dedicata-allagricoltura-di-montagna\/","og_locale":"fr_FR","og_type":"article","og_title":"Venerd\u00ec a Longarone fiere apre la 34ma edizione di Agrimont, la fiera dedicata all'agricoltura di montagna - Bellunopress - Dolomiti","og_description":"Si apre domani, venerd\u00ec 15 marzo, nel quartiere di Longarone Fiere Dolomiti la 34. edizione di Agrimont, la fiera dell\u2019agricoltura di montagna, che proseguir\u00e0 sino a domenica 17 per poi riprendere da venerd\u00ec 22 a domenica 24 marzo. Alla cerimonia inaugurale (ore 15) interverr\u00e0 l\u2019assessore regionale all\u2019agricoltura del Veneto, Franco Manzato. Ad allietare la cerimonia [&hellip;]","og_url":"https:\/\/www.bellunopress.it\/fr\/2013\/03\/14\/venerdi-a-longarone-fiere-apre-la-34ma-edizione-di-agrimont-la-fiera-dedicata-allagricoltura-di-montagna\/","og_site_name":"Bellunopress - Dolomiti","article_publisher":"https:\/\/www.facebook.com\/profile.php?id=100008943462799","article_published_time":"2013-03-14T17:54:24+00:00","og_image":[{"url":"http:\/\/www.bellunopress.it\/wp-content\/uploads\/2011\/10\/longarone-fiere-280x210.jpg","type":"","width":"","height":""}],"author":"redazione","twitter_card":"summary_large_image","twitter_creator":"@bellunopress","twitter_site":"@bellunopress","twitter_misc":{"\u00c9crit par":"redazione","Dur\u00e9e de lecture estim\u00e9e":"3 minutes"},"schema":{"@context":"https:\/\/schema.org","@graph":[{"@type":"Article","@id":"https:\/\/www.bellunopress.it\/2013\/03\/14\/venerdi-a-longarone-fiere-apre-la-34ma-edizione-di-agrimont-la-fiera-dedicata-allagricoltura-di-montagna\/#article","isPartOf":{"@id":"https:\/\/www.bellunopress.it\/2013\/03\/14\/venerdi-a-longarone-fiere-apre-la-34ma-edizione-di-agrimont-la-fiera-dedicata-allagricoltura-di-montagna\/"},"author":{"name":"redazione","@id":"https:\/\/www.bellunopress.it\/#\/schema\/person\/79bb06722b37ece1c03d3e94beb30d73"},"headline":"Venerd\u00ec a Longarone fiere apre la 34ma edizione di Agrimont, la fiera dedicata all&#8217;agricoltura di montagna","datePublished":"2013-03-14T17:54:24+00:00","mainEntityOfPage":{"@id":"https:\/\/www.bellunopress.it\/2013\/03\/14\/venerdi-a-longarone-fiere-apre-la-34ma-edizione-di-agrimont-la-fiera-dedicata-allagricoltura-di-montagna\/"},"wordCount":576,"publisher":{"@id":"https:\/\/www.bellunopress.it\/#organization"},"image":{"@id":"https:\/\/www.bellunopress.it\/2013\/03\/14\/venerdi-a-longarone-fiere-apre-la-34ma-edizione-di-agrimont-la-fiera-dedicata-allagricoltura-di-montagna\/#primaryimage"},"thumbnailUrl":"http:\/\/www.bellunopress.it\/wp-content\/uploads\/2011\/10\/longarone-fiere-280x210.jpg","articleSection":["Appuntamenti, Eventi","Meteo, natura, ambiente, animali","Prima Pagina","Societ\u00e0, Associazioni, Istituzioni"],"inLanguage":"fr-FR"},{"@type":"WebPage","@id":"https:\/\/www.bellunopress.it\/2013\/03\/14\/venerdi-a-longarone-fiere-apre-la-34ma-edizione-di-agrimont-la-fiera-dedicata-allagricoltura-di-montagna\/","url":"https:\/\/www.bellunopress.it\/2013\/03\/14\/venerdi-a-longarone-fiere-apre-la-34ma-edizione-di-agrimont-la-fiera-dedicata-allagricoltura-di-montagna\/","name":"Venerd\u00ec a Longarone fiere apre la 34ma edizione di Agrimont, la fiera dedicata all'agricoltura di montagna - Bellunopress - Dolomiti","isPartOf":{"@id":"https:\/\/www.bellunopress.it\/#website"},"primaryImageOfPage":{"@id":"https:\/\/www.bellunopress.it\/2013\/03\/14\/venerdi-a-longarone-fiere-apre-la-34ma-edizione-di-agrimont-la-fiera-dedicata-allagricoltura-di-montagna\/#primaryimage"},"image":{"@id":"https:\/\/www.bellunopress.it\/2013\/03\/14\/venerdi-a-longarone-fiere-apre-la-34ma-edizione-di-agrimont-la-fiera-dedicata-allagricoltura-di-montagna\/#primaryimage"},"thumbnailUrl":"http:\/\/www.bellunopress.it\/wp-content\/uploads\/2011\/10\/longarone-fiere-280x210.jpg","datePublished":"2013-03-14T17:54:24+00:00","breadcrumb":{"@id":"https:\/\/www.bellunopress.it\/2013\/03\/14\/venerdi-a-longarone-fiere-apre-la-34ma-edizione-di-agrimont-la-fiera-dedicata-allagricoltura-di-montagna\/#breadcrumb"},"inLanguage":"fr-FR","potentialAction":[{"@type":"ReadAction","target":["https:\/\/www.bellunopress.it\/2013\/03\/14\/venerdi-a-longarone-fiere-apre-la-34ma-edizione-di-agrimont-la-fiera-dedicata-allagricoltura-di-montagna\/"]}]},{"@type":"ImageObject","inLanguage":"fr-FR","@id":"https:\/\/www.bellunopress.it\/2013\/03\/14\/venerdi-a-longarone-fiere-apre-la-34ma-edizione-di-agrimont-la-fiera-dedicata-allagricoltura-di-montagna\/#primaryimage","url":"http:\/\/www.bellunopress.it\/wp-content\/uploads\/2011\/10\/longarone-fiere-280x210.jpg","contentUrl":"http:\/\/www.bellunopress.it\/wp-content\/uploads\/2011\/10\/longarone-fiere-280x210.jpg"},{"@type":"BreadcrumbList","@id":"https:\/\/www.bellunopress.it\/2013\/03\/14\/venerdi-a-longarone-fiere-apre-la-34ma-edizione-di-agrimont-la-fiera-dedicata-allagricoltura-di-montagna\/#breadcrumb","itemListElement":[{"@type":"ListItem","position":1,"name":"Home","item":"https:\/\/www.bellunopress.it\/"},{"@type":"ListItem","position":2,"name":"Venerd\u00ec a Longarone fiere apre la 34ma edizione di Agrimont, la fiera dedicata all&#8217;agricoltura di montagna"}]},{"@type":"WebSite","@id":"https:\/\/www.bellunopress.it\/#website","url":"https:\/\/www.bellunopress.it\/","name":"Bellunopress - Dolomiti","description":"e-mail: redazione@bellunopress.it","publisher":{"@id":"https:\/\/www.bellunopress.it\/#organization"},"potentialAction":[{"@type":"SearchAction","target":{"@type":"EntryPoint","urlTemplate":"https:\/\/www.bellunopress.it\/?s={search_term_string}"},"query-input":{"@type":"PropertyValueSpecification","valueRequired":true,"valueName":"search_term_string"}}],"inLanguage":"fr-FR"},{"@type":"Organization","@id":"https:\/\/www.bellunopress.it\/#organization","name":"Bellunopress","url":"https:\/\/www.bellunopress.it\/","logo":{"@type":"ImageObject","inLanguage":"fr-FR","@id":"https:\/\/www.bellunopress.it\/#\/schema\/logo\/image\/","url":"https:\/\/www.bellunopress.it\/wp-content\/uploads\/2011\/05\/cropped-logo-bellunopress-.jpg","contentUrl":"https:\/\/www.bellunopress.it\/wp-content\/uploads\/2011\/05\/cropped-logo-bellunopress-.jpg","width":512,"height":512,"caption":"Bellunopress"},"image":{"@id":"https:\/\/www.bellunopress.it\/#\/schema\/logo\/image\/"},"sameAs":["https:\/\/www.facebook.com\/profile.php?id=100008943462799","https:\/\/x.com\/bellunopress","https:\/\/www.linkedin.com\/hp\/?dnr=JBzUWaJfMUw8vbXJJ2tVW5-I3jZKvC4wsoxE&amp;amp;amp;amp;amp;amp;trk=nav_responsive_tab_home","https:\/\/www.youtube.com\/channel\/UCxL0wu1uN0_3_7hGG0306cw"]},{"@type":"Person","@id":"https:\/\/www.bellunopress.it\/#\/schema\/person\/79bb06722b37ece1c03d3e94beb30d73","name":"r\u00e9daction","image":{"@type":"ImageObject","inLanguage":"fr-FR","@id":"https:\/\/secure.gravatar.com\/avatar\/37d968a2e67a6fd04c169c4bdef102d0bc5d31b2546345219e348575eb80e9a0?s=96&d=mm&r=g","url":"https:\/\/secure.gravatar.com\/avatar\/37d968a2e67a6fd04c169c4bdef102d0bc5d31b2546345219e348575eb80e9a0?s=96&d=mm&r=g","contentUrl":"https:\/\/secure.gravatar.com\/avatar\/37d968a2e67a6fd04c169c4bdef102d0bc5d31b2546345219e348575eb80e9a0?s=96&d=mm&r=g","caption":"redazione"},"sameAs":["http:\/\/www.bellunopress.it","https:\/\/x.com\/bellunopress"],"url":"https:\/\/www.bellunopress.it\/fr\/author\/redazione\/"}]}},"_links":{"self":[{"href":"https:\/\/www.bellunopress.it\/fr\/wp-json\/wp\/v2\/posts\/47615","targetHints":{"allow":["GET"]}}],"collection":[{"href":"https:\/\/www.bellunopress.it\/fr\/wp-json\/wp\/v2\/posts"}],"about":[{"href":"https:\/\/www.bellunopress.it\/fr\/wp-json\/wp\/v2\/types\/post"}],"author":[{"embeddable":true,"href":"https:\/\/www.bellunopress.it\/fr\/wp-json\/wp\/v2\/users\/2"}],"replies":[{"embeddable":true,"href":"https:\/\/www.bellunopress.it\/fr\/wp-json\/wp\/v2\/comments?post=47615"}],"version-history":[{"count":2,"href":"https:\/\/www.bellunopress.it\/fr\/wp-json\/wp\/v2\/posts\/47615\/revisions"}],"predecessor-version":[{"id":47617,"href":"https:\/\/www.bellunopress.it\/fr\/wp-json\/wp\/v2\/posts\/47615\/revisions\/47617"}],"wp:attachment":[{"href":"https:\/\/www.bellunopress.it\/fr\/wp-json\/wp\/v2\/media?parent=47615"}],"wp:term":[{"taxonomy":"category","embeddable":true,"href":"https:\/\/www.bellunopress.it\/fr\/wp-json\/wp\/v2\/categories?post=47615"},{"taxonomy":"post_tag","embeddable":true,"href":"https:\/\/www.bellunopress.it\/fr\/wp-json\/wp\/v2\/tags?post=47615"}],"curies":[{"name":"wp","href":"https:\/\/api.w.org\/{rel}","templated":true}]}}