{"id":47611,"date":"2013-03-14T15:32:46","date_gmt":"2013-03-14T14:32:46","guid":{"rendered":"http:\/\/www.bellunopress.it\/?p=47611"},"modified":"2013-03-14T18:35:36","modified_gmt":"2013-03-14T17:35:36","slug":"successo-alle-medie-ricci-per-il-concerto-degli-studenti-per-la-festa-della-donna","status":"publish","type":"post","link":"https:\/\/www.bellunopress.it\/fr\/2013\/03\/14\/successo-alle-medie-ricci-per-il-concerto-degli-studenti-per-la-festa-della-donna\/","title":{"rendered":"Successo alle Medie Ricci per il concerto degli studenti per la Festa della donna"},"content":{"rendered":"<figure id=\"attachment_42226\" aria-describedby=\"caption-attachment-42226\" style=\"width: 150px\" class=\"wp-caption alignleft\"><a href=\"http:\/\/www.bellunopress.it\/wp-content\/uploads\/2012\/09\/Scuola-media-Ricci.jpg\"><img loading=\"lazy\" decoding=\"async\" class=\"size-full wp-image-42226\" alt=\"Scuola media Ricci\" src=\"http:\/\/www.bellunopress.it\/wp-content\/uploads\/2012\/09\/Scuola-media-Ricci.jpg\" width=\"150\" height=\"150\" \/><\/a><figcaption id=\"caption-attachment-42226\" class=\"wp-caption-text\">Scuola media Ricci<\/figcaption><\/figure>\n<p>L\u2019atrio della scuola media \u2018Ricci\u2019 non \u00e8 riuscita a contenere il pubblico intervenuto al \u2018Femineus concentus\u2019, presentato da FIDAPA-BPW Italy, in occasione della Festa della donna. I musicisti erano tutti studenti dell\u2019indirizzo musicale della \u2018Ricci\u2019, ed hanno proposto brani classici e moderni legati alla figura della donna, proprio come omaggio per la giornata della donna.<\/p>\n<p>I giovani talenti si sono esibiti con grande impegno e seriet\u00e0, grazie alla preparazione impartita da un gruppo di insegnanti competenti e appassionati del loro lavoro, quali Mauro Bortolato e Vittorino Nalato per la chitarra, Alessandro Muscatello per il clarinetto, Giorgia Reolon per il flauto traverso e Gisella Galat\u00e0 per il pianoforte.<\/p>\n<p>Gli alunni delle classi prime, seconde e terze, si sono alternati alla presentazione dei brani, arrivando in scena disinvolti e sicuri, o impacciati e timidi, ma una volta imbracciato lo strumento o seduti al piano si sono trasformati nel volto, e con sguardo serio, concentrato sullo spartito, si sono calati con grande seriet\u00e0 e forza in un\u2019altra dimensione, diventando \u2018veri musicisti\u2019.<\/p>\n<p>Una serata , quindi , di grande emozione e intensit\u00e0, per gli alunni e per le famiglie ed il pubblico intervenuti. Purtroppo una felicit\u00e0 spenta brutalmente la mattina successiva, alla notizia del dramma che ha fatto loro perdere la compagna di scuola Martina, in un tragico incidente.<\/p>\n<p>&nbsp;<\/p>","protected":false},"excerpt":{"rendered":"<p>L\u2019atrio della scuola media \u2018Ricci\u2019 non \u00e8 riuscita a contenere il pubblico intervenuto al \u2018Femineus concentus\u2019, presentato da FIDAPA-BPW Italy, in occasione della Festa della donna. I musicisti erano tutti studenti dell\u2019indirizzo musicale della \u2018Ricci\u2019, ed hanno proposto brani classici e moderni legati alla figura della donna, proprio come omaggio per la giornata della donna. [&hellip;]<\/p>\n","protected":false},"author":2,"featured_media":0,"comment_status":"closed","ping_status":"open","sticky":false,"template":"","format":"standard","meta":{"footnotes":""},"categories":[26,15],"tags":[],"class_list":["post-47611","post","type-post","status-publish","format-standard","category-prima-pagina","category-scuola"],"yoast_head":"<!-- This site is optimized with the Yoast SEO plugin v28.4 - https:\/\/yoast.com\/product\/yoast-seo-wordpress\/ -->\n<title>Successo alle Medie Ricci per il concerto degli studenti per la Festa della donna - Bellunopress - Dolomiti<\/title>\n<meta name=\"robots\" content=\"index, follow, max-snippet:-1, max-image-preview:large, max-video-preview:-1\" \/>\n<link rel=\"canonical\" href=\"https:\/\/www.bellunopress.it\/fr\/2013\/03\/14\/successo-alle-medie-ricci-per-il-concerto-degli-studenti-per-la-festa-della-donna\/\" \/>\n<meta property=\"og:locale\" content=\"fr_FR\" \/>\n<meta property=\"og:type\" content=\"article\" \/>\n<meta property=\"og:title\" content=\"Successo alle Medie Ricci per il concerto degli studenti per la Festa della donna - Bellunopress - Dolomiti\" \/>\n<meta property=\"og:description\" content=\"L\u2019atrio della scuola media \u2018Ricci\u2019 non \u00e8 riuscita a contenere il pubblico intervenuto al \u2018Femineus concentus\u2019, presentato da FIDAPA-BPW Italy, in occasione della Festa della donna. I musicisti erano tutti studenti dell\u2019indirizzo musicale della \u2018Ricci\u2019, ed hanno proposto brani classici e moderni legati alla figura della donna, proprio come omaggio per la giornata della donna. [&hellip;]\" \/>\n<meta property=\"og:url\" content=\"https:\/\/www.bellunopress.it\/fr\/2013\/03\/14\/successo-alle-medie-ricci-per-il-concerto-degli-studenti-per-la-festa-della-donna\/\" \/>\n<meta property=\"og:site_name\" content=\"Bellunopress - Dolomiti\" \/>\n<meta property=\"article:publisher\" content=\"https:\/\/www.facebook.com\/profile.php?id=100008943462799\" \/>\n<meta property=\"article:published_time\" content=\"2013-03-14T14:32:46+00:00\" \/>\n<meta property=\"article:modified_time\" content=\"2013-03-14T17:35:36+00:00\" \/>\n<meta property=\"og:image\" content=\"http:\/\/www.bellunopress.it\/wp-content\/uploads\/2012\/09\/Scuola-media-Ricci.jpg\" \/>\n<meta name=\"author\" content=\"redazione\" \/>\n<meta name=\"twitter:card\" content=\"summary_large_image\" \/>\n<meta name=\"twitter:creator\" content=\"@bellunopress\" \/>\n<meta name=\"twitter:site\" content=\"@bellunopress\" \/>\n<meta name=\"twitter:label1\" content=\"\u00c9crit par\" \/>\n\t<meta name=\"twitter:data1\" content=\"redazione\" \/>\n\t<meta name=\"twitter:label2\" content=\"Dur\u00e9e de lecture estim\u00e9e\" \/>\n\t<meta name=\"twitter:data2\" content=\"1 minute\" \/>\n<script type=\"application\/ld+json\" class=\"yoast-schema-graph\">{\"@context\":\"https:\\\/\\\/schema.org\",\"@graph\":[{\"@type\":\"Article\",\"@id\":\"https:\\\/\\\/www.bellunopress.it\\\/2013\\\/03\\\/14\\\/successo-alle-medie-ricci-per-il-concerto-degli-studenti-per-la-festa-della-donna\\\/#article\",\"isPartOf\":{\"@id\":\"https:\\\/\\\/www.bellunopress.it\\\/2013\\\/03\\\/14\\\/successo-alle-medie-ricci-per-il-concerto-degli-studenti-per-la-festa-della-donna\\\/\"},\"author\":{\"name\":\"redazione\",\"@id\":\"https:\\\/\\\/www.bellunopress.it\\\/#\\\/schema\\\/person\\\/79bb06722b37ece1c03d3e94beb30d73\"},\"headline\":\"Successo alle Medie Ricci per il concerto degli studenti per la Festa della donna\",\"datePublished\":\"2013-03-14T14:32:46+00:00\",\"dateModified\":\"2013-03-14T17:35:36+00:00\",\"mainEntityOfPage\":{\"@id\":\"https:\\\/\\\/www.bellunopress.it\\\/2013\\\/03\\\/14\\\/successo-alle-medie-ricci-per-il-concerto-degli-studenti-per-la-festa-della-donna\\\/\"},\"wordCount\":240,\"publisher\":{\"@id\":\"https:\\\/\\\/www.bellunopress.it\\\/#organization\"},\"image\":{\"@id\":\"https:\\\/\\\/www.bellunopress.it\\\/2013\\\/03\\\/14\\\/successo-alle-medie-ricci-per-il-concerto-degli-studenti-per-la-festa-della-donna\\\/#primaryimage\"},\"thumbnailUrl\":\"http:\\\/\\\/www.bellunopress.it\\\/wp-content\\\/uploads\\\/2012\\\/09\\\/Scuola-media-Ricci.jpg\",\"articleSection\":[\"Prima Pagina\",\"Scuola\"],\"inLanguage\":\"fr-FR\"},{\"@type\":\"WebPage\",\"@id\":\"https:\\\/\\\/www.bellunopress.it\\\/2013\\\/03\\\/14\\\/successo-alle-medie-ricci-per-il-concerto-degli-studenti-per-la-festa-della-donna\\\/\",\"url\":\"https:\\\/\\\/www.bellunopress.it\\\/2013\\\/03\\\/14\\\/successo-alle-medie-ricci-per-il-concerto-degli-studenti-per-la-festa-della-donna\\\/\",\"name\":\"Successo alle Medie Ricci per il concerto degli studenti per la Festa della donna - Bellunopress - Dolomiti\",\"isPartOf\":{\"@id\":\"https:\\\/\\\/www.bellunopress.it\\\/#website\"},\"primaryImageOfPage\":{\"@id\":\"https:\\\/\\\/www.bellunopress.it\\\/2013\\\/03\\\/14\\\/successo-alle-medie-ricci-per-il-concerto-degli-studenti-per-la-festa-della-donna\\\/#primaryimage\"},\"image\":{\"@id\":\"https:\\\/\\\/www.bellunopress.it\\\/2013\\\/03\\\/14\\\/successo-alle-medie-ricci-per-il-concerto-degli-studenti-per-la-festa-della-donna\\\/#primaryimage\"},\"thumbnailUrl\":\"http:\\\/\\\/www.bellunopress.it\\\/wp-content\\\/uploads\\\/2012\\\/09\\\/Scuola-media-Ricci.jpg\",\"datePublished\":\"2013-03-14T14:32:46+00:00\",\"dateModified\":\"2013-03-14T17:35:36+00:00\",\"breadcrumb\":{\"@id\":\"https:\\\/\\\/www.bellunopress.it\\\/2013\\\/03\\\/14\\\/successo-alle-medie-ricci-per-il-concerto-degli-studenti-per-la-festa-della-donna\\\/#breadcrumb\"},\"inLanguage\":\"fr-FR\",\"potentialAction\":[{\"@type\":\"ReadAction\",\"target\":[\"https:\\\/\\\/www.bellunopress.it\\\/2013\\\/03\\\/14\\\/successo-alle-medie-ricci-per-il-concerto-degli-studenti-per-la-festa-della-donna\\\/\"]}]},{\"@type\":\"ImageObject\",\"inLanguage\":\"fr-FR\",\"@id\":\"https:\\\/\\\/www.bellunopress.it\\\/2013\\\/03\\\/14\\\/successo-alle-medie-ricci-per-il-concerto-degli-studenti-per-la-festa-della-donna\\\/#primaryimage\",\"url\":\"http:\\\/\\\/www.bellunopress.it\\\/wp-content\\\/uploads\\\/2012\\\/09\\\/Scuola-media-Ricci.jpg\",\"contentUrl\":\"http:\\\/\\\/www.bellunopress.it\\\/wp-content\\\/uploads\\\/2012\\\/09\\\/Scuola-media-Ricci.jpg\"},{\"@type\":\"BreadcrumbList\",\"@id\":\"https:\\\/\\\/www.bellunopress.it\\\/2013\\\/03\\\/14\\\/successo-alle-medie-ricci-per-il-concerto-degli-studenti-per-la-festa-della-donna\\\/#breadcrumb\",\"itemListElement\":[{\"@type\":\"ListItem\",\"position\":1,\"name\":\"Home\",\"item\":\"https:\\\/\\\/www.bellunopress.it\\\/\"},{\"@type\":\"ListItem\",\"position\":2,\"name\":\"Successo alle Medie Ricci per il concerto degli studenti per la Festa della donna\"}]},{\"@type\":\"WebSite\",\"@id\":\"https:\\\/\\\/www.bellunopress.it\\\/#website\",\"url\":\"https:\\\/\\\/www.bellunopress.it\\\/\",\"name\":\"Bellunopress - Dolomiti\",\"description\":\"e-mail: redazione@bellunopress.it\",\"publisher\":{\"@id\":\"https:\\\/\\\/www.bellunopress.it\\\/#organization\"},\"potentialAction\":[{\"@type\":\"SearchAction\",\"target\":{\"@type\":\"EntryPoint\",\"urlTemplate\":\"https:\\\/\\\/www.bellunopress.it\\\/?s={search_term_string}\"},\"query-input\":{\"@type\":\"PropertyValueSpecification\",\"valueRequired\":true,\"valueName\":\"search_term_string\"}}],\"inLanguage\":\"fr-FR\"},{\"@type\":\"Organization\",\"@id\":\"https:\\\/\\\/www.bellunopress.it\\\/#organization\",\"name\":\"Bellunopress\",\"url\":\"https:\\\/\\\/www.bellunopress.it\\\/\",\"logo\":{\"@type\":\"ImageObject\",\"inLanguage\":\"fr-FR\",\"@id\":\"https:\\\/\\\/www.bellunopress.it\\\/#\\\/schema\\\/logo\\\/image\\\/\",\"url\":\"https:\\\/\\\/www.bellunopress.it\\\/wp-content\\\/uploads\\\/2011\\\/05\\\/cropped-logo-bellunopress-.jpg\",\"contentUrl\":\"https:\\\/\\\/www.bellunopress.it\\\/wp-content\\\/uploads\\\/2011\\\/05\\\/cropped-logo-bellunopress-.jpg\",\"width\":512,\"height\":512,\"caption\":\"Bellunopress\"},\"image\":{\"@id\":\"https:\\\/\\\/www.bellunopress.it\\\/#\\\/schema\\\/logo\\\/image\\\/\"},\"sameAs\":[\"https:\\\/\\\/www.facebook.com\\\/profile.php?id=100008943462799\",\"https:\\\/\\\/x.com\\\/bellunopress\",\"https:\\\/\\\/www.linkedin.com\\\/hp\\\/?dnr=JBzUWaJfMUw8vbXJJ2tVW5-I3jZKvC4wsoxE&amp;amp;amp;amp;amp;amp;trk=nav_responsive_tab_home\",\"https:\\\/\\\/www.youtube.com\\\/channel\\\/UCxL0wu1uN0_3_7hGG0306cw\"]},{\"@type\":\"Person\",\"@id\":\"https:\\\/\\\/www.bellunopress.it\\\/#\\\/schema\\\/person\\\/79bb06722b37ece1c03d3e94beb30d73\",\"name\":\"redazione\",\"image\":{\"@type\":\"ImageObject\",\"inLanguage\":\"fr-FR\",\"@id\":\"https:\\\/\\\/secure.gravatar.com\\\/avatar\\\/37d968a2e67a6fd04c169c4bdef102d0bc5d31b2546345219e348575eb80e9a0?s=96&d=mm&r=g\",\"url\":\"https:\\\/\\\/secure.gravatar.com\\\/avatar\\\/37d968a2e67a6fd04c169c4bdef102d0bc5d31b2546345219e348575eb80e9a0?s=96&d=mm&r=g\",\"contentUrl\":\"https:\\\/\\\/secure.gravatar.com\\\/avatar\\\/37d968a2e67a6fd04c169c4bdef102d0bc5d31b2546345219e348575eb80e9a0?s=96&d=mm&r=g\",\"caption\":\"redazione\"},\"sameAs\":[\"http:\\\/\\\/www.bellunopress.it\",\"https:\\\/\\\/x.com\\\/bellunopress\"],\"url\":\"https:\\\/\\\/www.bellunopress.it\\\/fr\\\/author\\\/redazione\\\/\"}]}<\/script>\n<!-- \/ Yoast SEO plugin. -->","yoast_head_json":{"title":"Successo alle Medie Ricci per il concerto degli studenti per la Festa della donna - Bellunopress - Dolomiti","robots":{"index":"index","follow":"follow","max-snippet":"max-snippet:-1","max-image-preview":"max-image-preview:large","max-video-preview":"max-video-preview:-1"},"canonical":"https:\/\/www.bellunopress.it\/fr\/2013\/03\/14\/successo-alle-medie-ricci-per-il-concerto-degli-studenti-per-la-festa-della-donna\/","og_locale":"fr_FR","og_type":"article","og_title":"Successo alle Medie Ricci per il concerto degli studenti per la Festa della donna - Bellunopress - Dolomiti","og_description":"L\u2019atrio della scuola media \u2018Ricci\u2019 non \u00e8 riuscita a contenere il pubblico intervenuto al \u2018Femineus concentus\u2019, presentato da FIDAPA-BPW Italy, in occasione della Festa della donna. I musicisti erano tutti studenti dell\u2019indirizzo musicale della \u2018Ricci\u2019, ed hanno proposto brani classici e moderni legati alla figura della donna, proprio come omaggio per la giornata della donna. [&hellip;]","og_url":"https:\/\/www.bellunopress.it\/fr\/2013\/03\/14\/successo-alle-medie-ricci-per-il-concerto-degli-studenti-per-la-festa-della-donna\/","og_site_name":"Bellunopress - Dolomiti","article_publisher":"https:\/\/www.facebook.com\/profile.php?id=100008943462799","article_published_time":"2013-03-14T14:32:46+00:00","article_modified_time":"2013-03-14T17:35:36+00:00","og_image":[{"url":"http:\/\/www.bellunopress.it\/wp-content\/uploads\/2012\/09\/Scuola-media-Ricci.jpg","type":"","width":"","height":""}],"author":"redazione","twitter_card":"summary_large_image","twitter_creator":"@bellunopress","twitter_site":"@bellunopress","twitter_misc":{"\u00c9crit par":"redazione","Dur\u00e9e de lecture estim\u00e9e":"1 minute"},"schema":{"@context":"https:\/\/schema.org","@graph":[{"@type":"Article","@id":"https:\/\/www.bellunopress.it\/2013\/03\/14\/successo-alle-medie-ricci-per-il-concerto-degli-studenti-per-la-festa-della-donna\/#article","isPartOf":{"@id":"https:\/\/www.bellunopress.it\/2013\/03\/14\/successo-alle-medie-ricci-per-il-concerto-degli-studenti-per-la-festa-della-donna\/"},"author":{"name":"redazione","@id":"https:\/\/www.bellunopress.it\/#\/schema\/person\/79bb06722b37ece1c03d3e94beb30d73"},"headline":"Successo alle Medie Ricci per il concerto degli studenti per la Festa della donna","datePublished":"2013-03-14T14:32:46+00:00","dateModified":"2013-03-14T17:35:36+00:00","mainEntityOfPage":{"@id":"https:\/\/www.bellunopress.it\/2013\/03\/14\/successo-alle-medie-ricci-per-il-concerto-degli-studenti-per-la-festa-della-donna\/"},"wordCount":240,"publisher":{"@id":"https:\/\/www.bellunopress.it\/#organization"},"image":{"@id":"https:\/\/www.bellunopress.it\/2013\/03\/14\/successo-alle-medie-ricci-per-il-concerto-degli-studenti-per-la-festa-della-donna\/#primaryimage"},"thumbnailUrl":"http:\/\/www.bellunopress.it\/wp-content\/uploads\/2012\/09\/Scuola-media-Ricci.jpg","articleSection":["Prima Pagina","Scuola"],"inLanguage":"fr-FR"},{"@type":"WebPage","@id":"https:\/\/www.bellunopress.it\/2013\/03\/14\/successo-alle-medie-ricci-per-il-concerto-degli-studenti-per-la-festa-della-donna\/","url":"https:\/\/www.bellunopress.it\/2013\/03\/14\/successo-alle-medie-ricci-per-il-concerto-degli-studenti-per-la-festa-della-donna\/","name":"Successo alle Medie Ricci per il concerto degli studenti per la Festa della donna - Bellunopress - Dolomiti","isPartOf":{"@id":"https:\/\/www.bellunopress.it\/#website"},"primaryImageOfPage":{"@id":"https:\/\/www.bellunopress.it\/2013\/03\/14\/successo-alle-medie-ricci-per-il-concerto-degli-studenti-per-la-festa-della-donna\/#primaryimage"},"image":{"@id":"https:\/\/www.bellunopress.it\/2013\/03\/14\/successo-alle-medie-ricci-per-il-concerto-degli-studenti-per-la-festa-della-donna\/#primaryimage"},"thumbnailUrl":"http:\/\/www.bellunopress.it\/wp-content\/uploads\/2012\/09\/Scuola-media-Ricci.jpg","datePublished":"2013-03-14T14:32:46+00:00","dateModified":"2013-03-14T17:35:36+00:00","breadcrumb":{"@id":"https:\/\/www.bellunopress.it\/2013\/03\/14\/successo-alle-medie-ricci-per-il-concerto-degli-studenti-per-la-festa-della-donna\/#breadcrumb"},"inLanguage":"fr-FR","potentialAction":[{"@type":"ReadAction","target":["https:\/\/www.bellunopress.it\/2013\/03\/14\/successo-alle-medie-ricci-per-il-concerto-degli-studenti-per-la-festa-della-donna\/"]}]},{"@type":"ImageObject","inLanguage":"fr-FR","@id":"https:\/\/www.bellunopress.it\/2013\/03\/14\/successo-alle-medie-ricci-per-il-concerto-degli-studenti-per-la-festa-della-donna\/#primaryimage","url":"http:\/\/www.bellunopress.it\/wp-content\/uploads\/2012\/09\/Scuola-media-Ricci.jpg","contentUrl":"http:\/\/www.bellunopress.it\/wp-content\/uploads\/2012\/09\/Scuola-media-Ricci.jpg"},{"@type":"BreadcrumbList","@id":"https:\/\/www.bellunopress.it\/2013\/03\/14\/successo-alle-medie-ricci-per-il-concerto-degli-studenti-per-la-festa-della-donna\/#breadcrumb","itemListElement":[{"@type":"ListItem","position":1,"name":"Home","item":"https:\/\/www.bellunopress.it\/"},{"@type":"ListItem","position":2,"name":"Successo alle Medie Ricci per il concerto degli studenti per la Festa della donna"}]},{"@type":"WebSite","@id":"https:\/\/www.bellunopress.it\/#website","url":"https:\/\/www.bellunopress.it\/","name":"Bellunopress - Dolomiti","description":"e-mail: redazione@bellunopress.it","publisher":{"@id":"https:\/\/www.bellunopress.it\/#organization"},"potentialAction":[{"@type":"SearchAction","target":{"@type":"EntryPoint","urlTemplate":"https:\/\/www.bellunopress.it\/?s={search_term_string}"},"query-input":{"@type":"PropertyValueSpecification","valueRequired":true,"valueName":"search_term_string"}}],"inLanguage":"fr-FR"},{"@type":"Organization","@id":"https:\/\/www.bellunopress.it\/#organization","name":"Bellunopress","url":"https:\/\/www.bellunopress.it\/","logo":{"@type":"ImageObject","inLanguage":"fr-FR","@id":"https:\/\/www.bellunopress.it\/#\/schema\/logo\/image\/","url":"https:\/\/www.bellunopress.it\/wp-content\/uploads\/2011\/05\/cropped-logo-bellunopress-.jpg","contentUrl":"https:\/\/www.bellunopress.it\/wp-content\/uploads\/2011\/05\/cropped-logo-bellunopress-.jpg","width":512,"height":512,"caption":"Bellunopress"},"image":{"@id":"https:\/\/www.bellunopress.it\/#\/schema\/logo\/image\/"},"sameAs":["https:\/\/www.facebook.com\/profile.php?id=100008943462799","https:\/\/x.com\/bellunopress","https:\/\/www.linkedin.com\/hp\/?dnr=JBzUWaJfMUw8vbXJJ2tVW5-I3jZKvC4wsoxE&amp;amp;amp;amp;amp;amp;trk=nav_responsive_tab_home","https:\/\/www.youtube.com\/channel\/UCxL0wu1uN0_3_7hGG0306cw"]},{"@type":"Person","@id":"https:\/\/www.bellunopress.it\/#\/schema\/person\/79bb06722b37ece1c03d3e94beb30d73","name":"r\u00e9daction","image":{"@type":"ImageObject","inLanguage":"fr-FR","@id":"https:\/\/secure.gravatar.com\/avatar\/37d968a2e67a6fd04c169c4bdef102d0bc5d31b2546345219e348575eb80e9a0?s=96&d=mm&r=g","url":"https:\/\/secure.gravatar.com\/avatar\/37d968a2e67a6fd04c169c4bdef102d0bc5d31b2546345219e348575eb80e9a0?s=96&d=mm&r=g","contentUrl":"https:\/\/secure.gravatar.com\/avatar\/37d968a2e67a6fd04c169c4bdef102d0bc5d31b2546345219e348575eb80e9a0?s=96&d=mm&r=g","caption":"redazione"},"sameAs":["http:\/\/www.bellunopress.it","https:\/\/x.com\/bellunopress"],"url":"https:\/\/www.bellunopress.it\/fr\/author\/redazione\/"}]}},"_links":{"self":[{"href":"https:\/\/www.bellunopress.it\/fr\/wp-json\/wp\/v2\/posts\/47611","targetHints":{"allow":["GET"]}}],"collection":[{"href":"https:\/\/www.bellunopress.it\/fr\/wp-json\/wp\/v2\/posts"}],"about":[{"href":"https:\/\/www.bellunopress.it\/fr\/wp-json\/wp\/v2\/types\/post"}],"author":[{"embeddable":true,"href":"https:\/\/www.bellunopress.it\/fr\/wp-json\/wp\/v2\/users\/2"}],"replies":[{"embeddable":true,"href":"https:\/\/www.bellunopress.it\/fr\/wp-json\/wp\/v2\/comments?post=47611"}],"version-history":[{"count":1,"href":"https:\/\/www.bellunopress.it\/fr\/wp-json\/wp\/v2\/posts\/47611\/revisions"}],"predecessor-version":[{"id":47612,"href":"https:\/\/www.bellunopress.it\/fr\/wp-json\/wp\/v2\/posts\/47611\/revisions\/47612"}],"wp:attachment":[{"href":"https:\/\/www.bellunopress.it\/fr\/wp-json\/wp\/v2\/media?parent=47611"}],"wp:term":[{"taxonomy":"category","embeddable":true,"href":"https:\/\/www.bellunopress.it\/fr\/wp-json\/wp\/v2\/categories?post=47611"},{"taxonomy":"post_tag","embeddable":true,"href":"https:\/\/www.bellunopress.it\/fr\/wp-json\/wp\/v2\/tags?post=47611"}],"curies":[{"name":"wp","href":"https:\/\/api.w.org\/{rel}","templated":true}]}}