{"id":47607,"date":"2013-03-14T18:09:11","date_gmt":"2013-03-14T17:09:11","guid":{"rendered":"http:\/\/www.bellunopress.it\/?p=47607"},"modified":"2013-03-14T18:09:11","modified_gmt":"2013-03-14T17:09:11","slug":"lesecutivo-dei-sindaci-sul-codivilla-di-cortina-presto-un-altro-incontro-con-i-consiglieri-regionali-bellunesi-e-la-direzione-strategica-della-ulss-1-di-belluno","status":"publish","type":"post","link":"https:\/\/www.bellunopress.it\/fr\/2013\/03\/14\/lesecutivo-dei-sindaci-sul-codivilla-di-cortina-presto-un-altro-incontro-con-i-consiglieri-regionali-bellunesi-e-la-direzione-strategica-della-ulss-1-di-belluno\/","title":{"rendered":"L&#8217;esecutivo dei sindaci sul Codivilla di Cortina. Presto un altro incontro con i consiglieri regionali bellunesi e la direzione strategica della Ulss 1 di Belluno"},"content":{"rendered":"<p><a href=\"http:\/\/www.bellunopress.it\/wp-content\/uploads\/2010\/01\/ospedale.jpg\"><img loading=\"lazy\" decoding=\"async\" class=\"alignleft size-full wp-image-11690\" alt=\"ospedale\" src=\"http:\/\/www.bellunopress.it\/wp-content\/uploads\/2010\/01\/ospedale.jpg\" width=\"130\" height=\"130\" \/><\/a>L&#8217;esecutivo dei sindaci della Ulss 1 di Belluno si \u00e8 riunito oggi d&#8217;urgenza a seguito della fine della sperimentazione della forma gestionale mista pubblico\/privato del Codivilla di Cortina, stabilita dal Consiglio regionale veneto.<\/p>\n<p>L&#8217;esecutivo, che non \u00e8 entrato nel merito delle scelte del Consiglio regionale, ritiene per\u00f2 importante ribadire le indicazioni che erano state espresse nel 2011 nel documento \u201cUna provincia di montagna, una sanit\u00e0 di montagna\u201d, allegato alle osservazioni sul Piano socio sanitario regionale 2012-2014.<\/p>\n<p>Tali indicazioni prevedevano che l&#8217;eventuale ritorno al pubblico del Codivilla Putti fosse subordinato al mantenimento del numero dei posti letto degli altri ospedali della Ulss 1 di Belluno.<\/p>\n<p>Il documento, infatti, ribadiva la necessit\u00e0 di mantenere un modello sanitario policentrico che valorizzasse le eccellenze del territorio e salvaguardasse al tempo stesso il diritto dei cittadini ad un&#8217;accessibilit\u00e0 delle strutture sanitarie pi\u00f9 ampia possibile.<\/p>\n<p>L&#8217;esecutivo ha in programma di riconvocarsi quanto prima, invitando i tre consiglieri regionali bellunesi e la direzione strategica della Ulss 1, per conoscere le valutazioni alla base delle decisioni prese dal Consiglio regionale prese e per considerare le ricadute che il nuovo assetto del Codivilla avr\u00e0 sulla qualit\u00e0 dei servizi sanitari offerti dal territorio, senza dimenticare i legittimi timori riguardo le prospettive di impiego dei molti lavoratori della struttura.<\/p>\n<p>&nbsp;<\/p>","protected":false},"excerpt":{"rendered":"<p>L&#8217;esecutivo dei sindaci della Ulss 1 di Belluno si \u00e8 riunito oggi d&#8217;urgenza a seguito della fine della sperimentazione della forma gestionale mista pubblico\/privato del Codivilla di Cortina, stabilita dal Consiglio regionale veneto. L&#8217;esecutivo, che non \u00e8 entrato nel merito delle scelte del Consiglio regionale, ritiene per\u00f2 importante ribadire le indicazioni che erano state espresse [&hellip;]<\/p>\n","protected":false},"author":2,"featured_media":0,"comment_status":"closed","ping_status":"open","sticky":false,"template":"","format":"standard","meta":{"footnotes":""},"categories":[5,17],"tags":[],"class_list":["post-47607","post","type-post","status-publish","format-standard","category-cronaca","category-sanita"],"yoast_head":"<!-- This site is optimized with the Yoast SEO plugin v28.4 - https:\/\/yoast.com\/product\/yoast-seo-wordpress\/ -->\n<title>L&#039;esecutivo dei sindaci sul Codivilla di Cortina. Presto un altro incontro con i consiglieri regionali bellunesi e la direzione strategica della Ulss 1 di Belluno - Bellunopress - Dolomiti<\/title>\n<meta name=\"robots\" content=\"index, follow, max-snippet:-1, max-image-preview:large, max-video-preview:-1\" \/>\n<link rel=\"canonical\" href=\"https:\/\/www.bellunopress.it\/fr\/2013\/03\/14\/lesecutivo-dei-sindaci-sul-codivilla-di-cortina-presto-un-altro-incontro-con-i-consiglieri-regionali-bellunesi-e-la-direzione-strategica-della-ulss-1-di-belluno\/\" \/>\n<meta property=\"og:locale\" content=\"fr_FR\" \/>\n<meta property=\"og:type\" content=\"article\" \/>\n<meta property=\"og:title\" content=\"L&#039;esecutivo dei sindaci sul Codivilla di Cortina. Presto un altro incontro con i consiglieri regionali bellunesi e la direzione strategica della Ulss 1 di Belluno - Bellunopress - Dolomiti\" \/>\n<meta property=\"og:description\" content=\"L&#8217;esecutivo dei sindaci della Ulss 1 di Belluno si \u00e8 riunito oggi d&#8217;urgenza a seguito della fine della sperimentazione della forma gestionale mista pubblico\/privato del Codivilla di Cortina, stabilita dal Consiglio regionale veneto. L&#8217;esecutivo, che non \u00e8 entrato nel merito delle scelte del Consiglio regionale, ritiene per\u00f2 importante ribadire le indicazioni che erano state espresse [&hellip;]\" \/>\n<meta property=\"og:url\" content=\"https:\/\/www.bellunopress.it\/fr\/2013\/03\/14\/lesecutivo-dei-sindaci-sul-codivilla-di-cortina-presto-un-altro-incontro-con-i-consiglieri-regionali-bellunesi-e-la-direzione-strategica-della-ulss-1-di-belluno\/\" \/>\n<meta property=\"og:site_name\" content=\"Bellunopress - Dolomiti\" \/>\n<meta property=\"article:publisher\" content=\"https:\/\/www.facebook.com\/profile.php?id=100008943462799\" \/>\n<meta property=\"article:published_time\" content=\"2013-03-14T17:09:11+00:00\" \/>\n<meta property=\"og:image\" content=\"http:\/\/www.bellunopress.it\/wp-content\/uploads\/2010\/01\/ospedale.jpg\" \/>\n<meta name=\"author\" content=\"redazione\" \/>\n<meta name=\"twitter:card\" content=\"summary_large_image\" \/>\n<meta name=\"twitter:creator\" content=\"@bellunopress\" \/>\n<meta name=\"twitter:site\" content=\"@bellunopress\" \/>\n<meta name=\"twitter:label1\" content=\"\u00c9crit par\" \/>\n\t<meta name=\"twitter:data1\" content=\"redazione\" \/>\n\t<meta name=\"twitter:label2\" content=\"Dur\u00e9e de lecture estim\u00e9e\" \/>\n\t<meta name=\"twitter:data2\" content=\"1 minute\" \/>\n<script type=\"application\/ld+json\" class=\"yoast-schema-graph\">{\"@context\":\"https:\\\/\\\/schema.org\",\"@graph\":[{\"@type\":\"Article\",\"@id\":\"https:\\\/\\\/www.bellunopress.it\\\/2013\\\/03\\\/14\\\/lesecutivo-dei-sindaci-sul-codivilla-di-cortina-presto-un-altro-incontro-con-i-consiglieri-regionali-bellunesi-e-la-direzione-strategica-della-ulss-1-di-belluno\\\/#article\",\"isPartOf\":{\"@id\":\"https:\\\/\\\/www.bellunopress.it\\\/2013\\\/03\\\/14\\\/lesecutivo-dei-sindaci-sul-codivilla-di-cortina-presto-un-altro-incontro-con-i-consiglieri-regionali-bellunesi-e-la-direzione-strategica-della-ulss-1-di-belluno\\\/\"},\"author\":{\"name\":\"redazione\",\"@id\":\"https:\\\/\\\/www.bellunopress.it\\\/#\\\/schema\\\/person\\\/79bb06722b37ece1c03d3e94beb30d73\"},\"headline\":\"L&#8217;esecutivo dei sindaci sul Codivilla di Cortina. Presto un altro incontro con i consiglieri regionali bellunesi e la direzione strategica della Ulss 1 di Belluno\",\"datePublished\":\"2013-03-14T17:09:11+00:00\",\"mainEntityOfPage\":{\"@id\":\"https:\\\/\\\/www.bellunopress.it\\\/2013\\\/03\\\/14\\\/lesecutivo-dei-sindaci-sul-codivilla-di-cortina-presto-un-altro-incontro-con-i-consiglieri-regionali-bellunesi-e-la-direzione-strategica-della-ulss-1-di-belluno\\\/\"},\"wordCount\":235,\"publisher\":{\"@id\":\"https:\\\/\\\/www.bellunopress.it\\\/#organization\"},\"image\":{\"@id\":\"https:\\\/\\\/www.bellunopress.it\\\/2013\\\/03\\\/14\\\/lesecutivo-dei-sindaci-sul-codivilla-di-cortina-presto-un-altro-incontro-con-i-consiglieri-regionali-bellunesi-e-la-direzione-strategica-della-ulss-1-di-belluno\\\/#primaryimage\"},\"thumbnailUrl\":\"http:\\\/\\\/www.bellunopress.it\\\/wp-content\\\/uploads\\\/2010\\\/01\\\/ospedale.jpg\",\"articleSection\":[\"Cronaca\\\/Politica\",\"Sanit\u00e0 Medicina\"],\"inLanguage\":\"fr-FR\"},{\"@type\":\"WebPage\",\"@id\":\"https:\\\/\\\/www.bellunopress.it\\\/2013\\\/03\\\/14\\\/lesecutivo-dei-sindaci-sul-codivilla-di-cortina-presto-un-altro-incontro-con-i-consiglieri-regionali-bellunesi-e-la-direzione-strategica-della-ulss-1-di-belluno\\\/\",\"url\":\"https:\\\/\\\/www.bellunopress.it\\\/2013\\\/03\\\/14\\\/lesecutivo-dei-sindaci-sul-codivilla-di-cortina-presto-un-altro-incontro-con-i-consiglieri-regionali-bellunesi-e-la-direzione-strategica-della-ulss-1-di-belluno\\\/\",\"name\":\"L'esecutivo dei sindaci sul Codivilla di Cortina. Presto un altro incontro con i consiglieri regionali bellunesi e la direzione strategica della Ulss 1 di Belluno - Bellunopress - Dolomiti\",\"isPartOf\":{\"@id\":\"https:\\\/\\\/www.bellunopress.it\\\/#website\"},\"primaryImageOfPage\":{\"@id\":\"https:\\\/\\\/www.bellunopress.it\\\/2013\\\/03\\\/14\\\/lesecutivo-dei-sindaci-sul-codivilla-di-cortina-presto-un-altro-incontro-con-i-consiglieri-regionali-bellunesi-e-la-direzione-strategica-della-ulss-1-di-belluno\\\/#primaryimage\"},\"image\":{\"@id\":\"https:\\\/\\\/www.bellunopress.it\\\/2013\\\/03\\\/14\\\/lesecutivo-dei-sindaci-sul-codivilla-di-cortina-presto-un-altro-incontro-con-i-consiglieri-regionali-bellunesi-e-la-direzione-strategica-della-ulss-1-di-belluno\\\/#primaryimage\"},\"thumbnailUrl\":\"http:\\\/\\\/www.bellunopress.it\\\/wp-content\\\/uploads\\\/2010\\\/01\\\/ospedale.jpg\",\"datePublished\":\"2013-03-14T17:09:11+00:00\",\"breadcrumb\":{\"@id\":\"https:\\\/\\\/www.bellunopress.it\\\/2013\\\/03\\\/14\\\/lesecutivo-dei-sindaci-sul-codivilla-di-cortina-presto-un-altro-incontro-con-i-consiglieri-regionali-bellunesi-e-la-direzione-strategica-della-ulss-1-di-belluno\\\/#breadcrumb\"},\"inLanguage\":\"fr-FR\",\"potentialAction\":[{\"@type\":\"ReadAction\",\"target\":[\"https:\\\/\\\/www.bellunopress.it\\\/2013\\\/03\\\/14\\\/lesecutivo-dei-sindaci-sul-codivilla-di-cortina-presto-un-altro-incontro-con-i-consiglieri-regionali-bellunesi-e-la-direzione-strategica-della-ulss-1-di-belluno\\\/\"]}]},{\"@type\":\"ImageObject\",\"inLanguage\":\"fr-FR\",\"@id\":\"https:\\\/\\\/www.bellunopress.it\\\/2013\\\/03\\\/14\\\/lesecutivo-dei-sindaci-sul-codivilla-di-cortina-presto-un-altro-incontro-con-i-consiglieri-regionali-bellunesi-e-la-direzione-strategica-della-ulss-1-di-belluno\\\/#primaryimage\",\"url\":\"http:\\\/\\\/www.bellunopress.it\\\/wp-content\\\/uploads\\\/2010\\\/01\\\/ospedale.jpg\",\"contentUrl\":\"http:\\\/\\\/www.bellunopress.it\\\/wp-content\\\/uploads\\\/2010\\\/01\\\/ospedale.jpg\"},{\"@type\":\"BreadcrumbList\",\"@id\":\"https:\\\/\\\/www.bellunopress.it\\\/2013\\\/03\\\/14\\\/lesecutivo-dei-sindaci-sul-codivilla-di-cortina-presto-un-altro-incontro-con-i-consiglieri-regionali-bellunesi-e-la-direzione-strategica-della-ulss-1-di-belluno\\\/#breadcrumb\",\"itemListElement\":[{\"@type\":\"ListItem\",\"position\":1,\"name\":\"Home\",\"item\":\"https:\\\/\\\/www.bellunopress.it\\\/\"},{\"@type\":\"ListItem\",\"position\":2,\"name\":\"L&#8217;esecutivo dei sindaci sul Codivilla di Cortina. Presto un altro incontro con i consiglieri regionali bellunesi e la direzione strategica della Ulss 1 di Belluno\"}]},{\"@type\":\"WebSite\",\"@id\":\"https:\\\/\\\/www.bellunopress.it\\\/#website\",\"url\":\"https:\\\/\\\/www.bellunopress.it\\\/\",\"name\":\"Bellunopress - Dolomiti\",\"description\":\"e-mail: redazione@bellunopress.it\",\"publisher\":{\"@id\":\"https:\\\/\\\/www.bellunopress.it\\\/#organization\"},\"potentialAction\":[{\"@type\":\"SearchAction\",\"target\":{\"@type\":\"EntryPoint\",\"urlTemplate\":\"https:\\\/\\\/www.bellunopress.it\\\/?s={search_term_string}\"},\"query-input\":{\"@type\":\"PropertyValueSpecification\",\"valueRequired\":true,\"valueName\":\"search_term_string\"}}],\"inLanguage\":\"fr-FR\"},{\"@type\":\"Organization\",\"@id\":\"https:\\\/\\\/www.bellunopress.it\\\/#organization\",\"name\":\"Bellunopress\",\"url\":\"https:\\\/\\\/www.bellunopress.it\\\/\",\"logo\":{\"@type\":\"ImageObject\",\"inLanguage\":\"fr-FR\",\"@id\":\"https:\\\/\\\/www.bellunopress.it\\\/#\\\/schema\\\/logo\\\/image\\\/\",\"url\":\"https:\\\/\\\/www.bellunopress.it\\\/wp-content\\\/uploads\\\/2011\\\/05\\\/cropped-logo-bellunopress-.jpg\",\"contentUrl\":\"https:\\\/\\\/www.bellunopress.it\\\/wp-content\\\/uploads\\\/2011\\\/05\\\/cropped-logo-bellunopress-.jpg\",\"width\":512,\"height\":512,\"caption\":\"Bellunopress\"},\"image\":{\"@id\":\"https:\\\/\\\/www.bellunopress.it\\\/#\\\/schema\\\/logo\\\/image\\\/\"},\"sameAs\":[\"https:\\\/\\\/www.facebook.com\\\/profile.php?id=100008943462799\",\"https:\\\/\\\/x.com\\\/bellunopress\",\"https:\\\/\\\/www.linkedin.com\\\/hp\\\/?dnr=JBzUWaJfMUw8vbXJJ2tVW5-I3jZKvC4wsoxE&amp;amp;amp;amp;amp;amp;trk=nav_responsive_tab_home\",\"https:\\\/\\\/www.youtube.com\\\/channel\\\/UCxL0wu1uN0_3_7hGG0306cw\"]},{\"@type\":\"Person\",\"@id\":\"https:\\\/\\\/www.bellunopress.it\\\/#\\\/schema\\\/person\\\/79bb06722b37ece1c03d3e94beb30d73\",\"name\":\"redazione\",\"image\":{\"@type\":\"ImageObject\",\"inLanguage\":\"fr-FR\",\"@id\":\"https:\\\/\\\/secure.gravatar.com\\\/avatar\\\/37d968a2e67a6fd04c169c4bdef102d0bc5d31b2546345219e348575eb80e9a0?s=96&d=mm&r=g\",\"url\":\"https:\\\/\\\/secure.gravatar.com\\\/avatar\\\/37d968a2e67a6fd04c169c4bdef102d0bc5d31b2546345219e348575eb80e9a0?s=96&d=mm&r=g\",\"contentUrl\":\"https:\\\/\\\/secure.gravatar.com\\\/avatar\\\/37d968a2e67a6fd04c169c4bdef102d0bc5d31b2546345219e348575eb80e9a0?s=96&d=mm&r=g\",\"caption\":\"redazione\"},\"sameAs\":[\"http:\\\/\\\/www.bellunopress.it\",\"https:\\\/\\\/x.com\\\/bellunopress\"],\"url\":\"https:\\\/\\\/www.bellunopress.it\\\/fr\\\/author\\\/redazione\\\/\"}]}<\/script>\n<!-- \/ Yoast SEO plugin. -->","yoast_head_json":{"title":"L'esecutivo dei sindaci sul Codivilla di Cortina. Presto un altro incontro con i consiglieri regionali bellunesi e la direzione strategica della Ulss 1 di Belluno - Bellunopress - Dolomiti","robots":{"index":"index","follow":"follow","max-snippet":"max-snippet:-1","max-image-preview":"max-image-preview:large","max-video-preview":"max-video-preview:-1"},"canonical":"https:\/\/www.bellunopress.it\/fr\/2013\/03\/14\/lesecutivo-dei-sindaci-sul-codivilla-di-cortina-presto-un-altro-incontro-con-i-consiglieri-regionali-bellunesi-e-la-direzione-strategica-della-ulss-1-di-belluno\/","og_locale":"fr_FR","og_type":"article","og_title":"L'esecutivo dei sindaci sul Codivilla di Cortina. Presto un altro incontro con i consiglieri regionali bellunesi e la direzione strategica della Ulss 1 di Belluno - Bellunopress - Dolomiti","og_description":"L&#8217;esecutivo dei sindaci della Ulss 1 di Belluno si \u00e8 riunito oggi d&#8217;urgenza a seguito della fine della sperimentazione della forma gestionale mista pubblico\/privato del Codivilla di Cortina, stabilita dal Consiglio regionale veneto. L&#8217;esecutivo, che non \u00e8 entrato nel merito delle scelte del Consiglio regionale, ritiene per\u00f2 importante ribadire le indicazioni che erano state espresse [&hellip;]","og_url":"https:\/\/www.bellunopress.it\/fr\/2013\/03\/14\/lesecutivo-dei-sindaci-sul-codivilla-di-cortina-presto-un-altro-incontro-con-i-consiglieri-regionali-bellunesi-e-la-direzione-strategica-della-ulss-1-di-belluno\/","og_site_name":"Bellunopress - Dolomiti","article_publisher":"https:\/\/www.facebook.com\/profile.php?id=100008943462799","article_published_time":"2013-03-14T17:09:11+00:00","og_image":[{"url":"http:\/\/www.bellunopress.it\/wp-content\/uploads\/2010\/01\/ospedale.jpg","type":"","width":"","height":""}],"author":"redazione","twitter_card":"summary_large_image","twitter_creator":"@bellunopress","twitter_site":"@bellunopress","twitter_misc":{"\u00c9crit par":"redazione","Dur\u00e9e de lecture estim\u00e9e":"1 minute"},"schema":{"@context":"https:\/\/schema.org","@graph":[{"@type":"Article","@id":"https:\/\/www.bellunopress.it\/2013\/03\/14\/lesecutivo-dei-sindaci-sul-codivilla-di-cortina-presto-un-altro-incontro-con-i-consiglieri-regionali-bellunesi-e-la-direzione-strategica-della-ulss-1-di-belluno\/#article","isPartOf":{"@id":"https:\/\/www.bellunopress.it\/2013\/03\/14\/lesecutivo-dei-sindaci-sul-codivilla-di-cortina-presto-un-altro-incontro-con-i-consiglieri-regionali-bellunesi-e-la-direzione-strategica-della-ulss-1-di-belluno\/"},"author":{"name":"redazione","@id":"https:\/\/www.bellunopress.it\/#\/schema\/person\/79bb06722b37ece1c03d3e94beb30d73"},"headline":"L&#8217;esecutivo dei sindaci sul Codivilla di Cortina. Presto un altro incontro con i consiglieri regionali bellunesi e la direzione strategica della Ulss 1 di Belluno","datePublished":"2013-03-14T17:09:11+00:00","mainEntityOfPage":{"@id":"https:\/\/www.bellunopress.it\/2013\/03\/14\/lesecutivo-dei-sindaci-sul-codivilla-di-cortina-presto-un-altro-incontro-con-i-consiglieri-regionali-bellunesi-e-la-direzione-strategica-della-ulss-1-di-belluno\/"},"wordCount":235,"publisher":{"@id":"https:\/\/www.bellunopress.it\/#organization"},"image":{"@id":"https:\/\/www.bellunopress.it\/2013\/03\/14\/lesecutivo-dei-sindaci-sul-codivilla-di-cortina-presto-un-altro-incontro-con-i-consiglieri-regionali-bellunesi-e-la-direzione-strategica-della-ulss-1-di-belluno\/#primaryimage"},"thumbnailUrl":"http:\/\/www.bellunopress.it\/wp-content\/uploads\/2010\/01\/ospedale.jpg","articleSection":["Cronaca\/Politica","Sanit\u00e0 Medicina"],"inLanguage":"fr-FR"},{"@type":"WebPage","@id":"https:\/\/www.bellunopress.it\/2013\/03\/14\/lesecutivo-dei-sindaci-sul-codivilla-di-cortina-presto-un-altro-incontro-con-i-consiglieri-regionali-bellunesi-e-la-direzione-strategica-della-ulss-1-di-belluno\/","url":"https:\/\/www.bellunopress.it\/2013\/03\/14\/lesecutivo-dei-sindaci-sul-codivilla-di-cortina-presto-un-altro-incontro-con-i-consiglieri-regionali-bellunesi-e-la-direzione-strategica-della-ulss-1-di-belluno\/","name":"L'esecutivo dei sindaci sul Codivilla di Cortina. Presto un altro incontro con i consiglieri regionali bellunesi e la direzione strategica della Ulss 1 di Belluno - Bellunopress - Dolomiti","isPartOf":{"@id":"https:\/\/www.bellunopress.it\/#website"},"primaryImageOfPage":{"@id":"https:\/\/www.bellunopress.it\/2013\/03\/14\/lesecutivo-dei-sindaci-sul-codivilla-di-cortina-presto-un-altro-incontro-con-i-consiglieri-regionali-bellunesi-e-la-direzione-strategica-della-ulss-1-di-belluno\/#primaryimage"},"image":{"@id":"https:\/\/www.bellunopress.it\/2013\/03\/14\/lesecutivo-dei-sindaci-sul-codivilla-di-cortina-presto-un-altro-incontro-con-i-consiglieri-regionali-bellunesi-e-la-direzione-strategica-della-ulss-1-di-belluno\/#primaryimage"},"thumbnailUrl":"http:\/\/www.bellunopress.it\/wp-content\/uploads\/2010\/01\/ospedale.jpg","datePublished":"2013-03-14T17:09:11+00:00","breadcrumb":{"@id":"https:\/\/www.bellunopress.it\/2013\/03\/14\/lesecutivo-dei-sindaci-sul-codivilla-di-cortina-presto-un-altro-incontro-con-i-consiglieri-regionali-bellunesi-e-la-direzione-strategica-della-ulss-1-di-belluno\/#breadcrumb"},"inLanguage":"fr-FR","potentialAction":[{"@type":"ReadAction","target":["https:\/\/www.bellunopress.it\/2013\/03\/14\/lesecutivo-dei-sindaci-sul-codivilla-di-cortina-presto-un-altro-incontro-con-i-consiglieri-regionali-bellunesi-e-la-direzione-strategica-della-ulss-1-di-belluno\/"]}]},{"@type":"ImageObject","inLanguage":"fr-FR","@id":"https:\/\/www.bellunopress.it\/2013\/03\/14\/lesecutivo-dei-sindaci-sul-codivilla-di-cortina-presto-un-altro-incontro-con-i-consiglieri-regionali-bellunesi-e-la-direzione-strategica-della-ulss-1-di-belluno\/#primaryimage","url":"http:\/\/www.bellunopress.it\/wp-content\/uploads\/2010\/01\/ospedale.jpg","contentUrl":"http:\/\/www.bellunopress.it\/wp-content\/uploads\/2010\/01\/ospedale.jpg"},{"@type":"BreadcrumbList","@id":"https:\/\/www.bellunopress.it\/2013\/03\/14\/lesecutivo-dei-sindaci-sul-codivilla-di-cortina-presto-un-altro-incontro-con-i-consiglieri-regionali-bellunesi-e-la-direzione-strategica-della-ulss-1-di-belluno\/#breadcrumb","itemListElement":[{"@type":"ListItem","position":1,"name":"Home","item":"https:\/\/www.bellunopress.it\/"},{"@type":"ListItem","position":2,"name":"L&#8217;esecutivo dei sindaci sul Codivilla di Cortina. Presto un altro incontro con i consiglieri regionali bellunesi e la direzione strategica della Ulss 1 di Belluno"}]},{"@type":"WebSite","@id":"https:\/\/www.bellunopress.it\/#website","url":"https:\/\/www.bellunopress.it\/","name":"Bellunopress - Dolomiti","description":"e-mail: redazione@bellunopress.it","publisher":{"@id":"https:\/\/www.bellunopress.it\/#organization"},"potentialAction":[{"@type":"SearchAction","target":{"@type":"EntryPoint","urlTemplate":"https:\/\/www.bellunopress.it\/?s={search_term_string}"},"query-input":{"@type":"PropertyValueSpecification","valueRequired":true,"valueName":"search_term_string"}}],"inLanguage":"fr-FR"},{"@type":"Organization","@id":"https:\/\/www.bellunopress.it\/#organization","name":"Bellunopress","url":"https:\/\/www.bellunopress.it\/","logo":{"@type":"ImageObject","inLanguage":"fr-FR","@id":"https:\/\/www.bellunopress.it\/#\/schema\/logo\/image\/","url":"https:\/\/www.bellunopress.it\/wp-content\/uploads\/2011\/05\/cropped-logo-bellunopress-.jpg","contentUrl":"https:\/\/www.bellunopress.it\/wp-content\/uploads\/2011\/05\/cropped-logo-bellunopress-.jpg","width":512,"height":512,"caption":"Bellunopress"},"image":{"@id":"https:\/\/www.bellunopress.it\/#\/schema\/logo\/image\/"},"sameAs":["https:\/\/www.facebook.com\/profile.php?id=100008943462799","https:\/\/x.com\/bellunopress","https:\/\/www.linkedin.com\/hp\/?dnr=JBzUWaJfMUw8vbXJJ2tVW5-I3jZKvC4wsoxE&amp;amp;amp;amp;amp;amp;trk=nav_responsive_tab_home","https:\/\/www.youtube.com\/channel\/UCxL0wu1uN0_3_7hGG0306cw"]},{"@type":"Person","@id":"https:\/\/www.bellunopress.it\/#\/schema\/person\/79bb06722b37ece1c03d3e94beb30d73","name":"r\u00e9daction","image":{"@type":"ImageObject","inLanguage":"fr-FR","@id":"https:\/\/secure.gravatar.com\/avatar\/37d968a2e67a6fd04c169c4bdef102d0bc5d31b2546345219e348575eb80e9a0?s=96&d=mm&r=g","url":"https:\/\/secure.gravatar.com\/avatar\/37d968a2e67a6fd04c169c4bdef102d0bc5d31b2546345219e348575eb80e9a0?s=96&d=mm&r=g","contentUrl":"https:\/\/secure.gravatar.com\/avatar\/37d968a2e67a6fd04c169c4bdef102d0bc5d31b2546345219e348575eb80e9a0?s=96&d=mm&r=g","caption":"redazione"},"sameAs":["http:\/\/www.bellunopress.it","https:\/\/x.com\/bellunopress"],"url":"https:\/\/www.bellunopress.it\/fr\/author\/redazione\/"}]}},"_links":{"self":[{"href":"https:\/\/www.bellunopress.it\/fr\/wp-json\/wp\/v2\/posts\/47607","targetHints":{"allow":["GET"]}}],"collection":[{"href":"https:\/\/www.bellunopress.it\/fr\/wp-json\/wp\/v2\/posts"}],"about":[{"href":"https:\/\/www.bellunopress.it\/fr\/wp-json\/wp\/v2\/types\/post"}],"author":[{"embeddable":true,"href":"https:\/\/www.bellunopress.it\/fr\/wp-json\/wp\/v2\/users\/2"}],"replies":[{"embeddable":true,"href":"https:\/\/www.bellunopress.it\/fr\/wp-json\/wp\/v2\/comments?post=47607"}],"version-history":[{"count":1,"href":"https:\/\/www.bellunopress.it\/fr\/wp-json\/wp\/v2\/posts\/47607\/revisions"}],"predecessor-version":[{"id":47608,"href":"https:\/\/www.bellunopress.it\/fr\/wp-json\/wp\/v2\/posts\/47607\/revisions\/47608"}],"wp:attachment":[{"href":"https:\/\/www.bellunopress.it\/fr\/wp-json\/wp\/v2\/media?parent=47607"}],"wp:term":[{"taxonomy":"category","embeddable":true,"href":"https:\/\/www.bellunopress.it\/fr\/wp-json\/wp\/v2\/categories?post=47607"},{"taxonomy":"post_tag","embeddable":true,"href":"https:\/\/www.bellunopress.it\/fr\/wp-json\/wp\/v2\/tags?post=47607"}],"curies":[{"name":"wp","href":"https:\/\/api.w.org\/{rel}","templated":true}]}}