{"id":47598,"date":"2013-03-14T15:34:11","date_gmt":"2013-03-14T14:34:11","guid":{"rendered":"http:\/\/www.bellunopress.it\/?p=47598"},"modified":"2013-03-14T15:34:11","modified_gmt":"2013-03-14T14:34:11","slug":"costruzioni-iv-trimestre-28-peggiornao-le-previsioni-degli-imprenditori-ordini-3-occupazione-17-a-rovigo-treviso-e-padova-le-maggiori-sofferenze","status":"publish","type":"post","link":"https:\/\/www.bellunopress.it\/fr\/2013\/03\/14\/costruzioni-iv-trimestre-28-peggiornao-le-previsioni-degli-imprenditori-ordini-3-occupazione-17-a-rovigo-treviso-e-padova-le-maggiori-sofferenze\/","title":{"rendered":"Costruzioni: IV Trimestre &#8211; 2,8%, peggiornao le previsioni degli imprenditori. Ordini -3%, occupazione -1,7%. A Rovigo, Treviso e Padova le maggiori sofferenze"},"content":{"rendered":"<p>Nel quarto trimestre 2012, sulla base dell\u2019indagine VenetoCongiuntura, il fatturato delle imprese di costruzioni ha registrato una flessione del -2,8% rispetto allo stesso periodo del 2011. L\u2019analisi congiunturale sul settore delle costruzioni, promossa congiuntamente da CEAV (Cassa Edile Artigiana Veneta) e Unioncamere del Veneto, \u00e8 stata effettuata su un campione di 600 imprese con almeno un dipendente.<\/p>\n<p>Nonostante gli indicatori tendenziali abbiano registrato un leggero miglioramento rispetto al trimestre precedente (-3,3%), le prospettive di ripresa e rientro dalla crisi si fanno sempre pi\u00f9 difficili. Il fatturato ha segnato una diminuzione del -1,4% nelle imprese non artigiane, in risalita rispetto al -3,4% del trimestre precedente, mentre le imprese artigiane hanno mostrato una sostanziale stabilit\u00e0 con -3,1% (-3,3% precedente). Dal punto di vista territoriale il volume d\u2019affari ha dimostrato dinamiche negative in tutte le province con un calo pi\u00f9 limitato a Venezia (-1,6%) e Verona (-1,9%). Particolarmente negativi gli indicatori per Rovigo (-4,9%), Treviso (-3,6%) e Padova (-3,4%). A livello dimensionale si \u00e8 evidenziata una significativa differenza tra le dinamiche delle imprese di piccola e media dimensione, rispettivamente -2,8% e -4,9%, e di grandi dimensioni (-1,8%) che hanno registrato la dinamica migliore.<\/p>\n<p><strong><img decoding=\"async\" alt=\"\" src=\"http:\/\/www.bellunopress.it\/wp-content\/uploads\/2012\/02\/alessandro-bianchi-unioncamenre-veneto.jpg\" \/>Alessandro Bianchi, presidente Unioncamere del Veneto<\/strong><\/p>\n<p>\u00abIl settore delle costruzioni sta attraversando un momento di fortissima crisi, con investimenti che, secondo il CRESME, nel 2012 si ridurranno ulteriormente del 7% su base annua a causa della contrazione del segmento relativo alle nuove abitazioni. Tuttavia, dopo un primo semestre in frenata, nel periodo ottobre-dicembre 2012 la flessione del fatturato nelle costruzioni \u00e8 stata meno marcata, grazie ad un recupero del comparto non artigiano. Notizie negative giungono invece dalle aspettative degli imprenditori che, come nel caso del settore industriale e commerciale, stanno evidenziando segnali poco incoraggianti di inversione della tendenza in atto. I segnali di ripresa attesi da tempo stanno tardando ad arrivare. Gli incentivi statali relativi alle energie rinnovabili e alle ristrutturazioni non sembrano aver innescato, nel 2012, significative inversioni di tendenza rispetto al 2011 per effetto dei ritardi con cui sono stati rinnovati, ossia tra giugno e luglio 2012. Tuttavia, se le ristrutturazioni edilizie sono rimaste pressoch\u00e9 stabili, a mostrare un rallentamento pi\u00f9 significativo dopo l\u2019eccellente 2011 \u00e8 proprio il settore della riqualificazione energica. Gli incentivi statali potrebbero invece essere un driver per le costruzioni se fossero rispettati con pi\u00f9 rigore i tempi di rinnovo e il periodo di applicazione\u00bb.<\/p>\n<p><strong>Virginio Piva e Leonardo Zucchini, presidente e vicepresidente CEAV<\/strong><\/p>\n<p>\u00abRiqualificazione del territorio, riuso delle aree dismesse, nuove esigenze urbane dovute alla crescita della popolazione nelle citt\u00e0. Queste le &#8220;domande&#8221; che, in un quadro congiunturale drammatico del settore, animano ancora il mercato ma che oggi non trovano risposta adeguata sia per mancanza di fiducia e investimenti, ma soprattutto per mancanza di un chiaro quadro di riferimento a lungo termine che metta il settore nelle condizioni di programmare la sua trasformazione in termini di filiera e capacit\u00e0 operativa e produttiva. Nonostante la crisi, le imprese artigiane stanno facendo di tutto per limitare i danni. C\u2019\u00e8 la necessit\u00e0 di avere adeguati supporti finanziari e strumenti formativi che consentano di riorientare l&#8217;attivit\u00e0 in base alle mutate esigenze del mercato (CEAV ha gi\u00e0 iniziato grazie anche a contributi regionali). Dal nuovo Governo e dalla Regione ci aspettiamo una pi\u00f9 attenta lettura delle modalit\u00e0 programmatorie del mercato dell&#8217;edilizia, che non pu\u00f2 giovarsi dei sistemi \u201ca scadenza\u201d, con norme approvate spesso in ritardo e con scadenze che non permettono al mercato di avviarsi e di poter mettere in pratica gli investimenti potenziali. Nel nostro territorio c&#8217;\u00e8 molto da fare, a partire dall&#8217;efficientamento energetico degli edifici pubblici, dalla riqualificazione urbana, dal riuso delle aree dismesse, dalla riqualificazione energetica degli alloggi\u00bb.<\/p>\n<p><strong>Ordini<\/strong><\/p>\n<p>In linea col trimestre precedente (-2,8%), gli ordini hanno subito un rallentamento del -3%. Rilevante per\u00f2 la differenza fra imprese artigiane (-2,8%) e non artigiane (-4,2%). Non uniforme la distribuzione per dimensione: -2,8% per le imprese di piccola e grande dimensione, -3,6% per quelle di medie dimensioni. A livello territoriale tutte le province evidenziano difficolt\u00e0, con punte particolarmente negative a Rovigo (-4,5%) e Treviso (-3,5%).<\/p>\n<p><strong>Prezzi<\/strong><\/p>\n<p>Dopo l\u2019aumento (+2,8%) nel secondo trimestre, i prezzi sono cresciuti del +3,4%. L\u2019aumento \u00e8 sentito in modo uniforme dalle imprese anche se quelle di piccola dimensione presentano una dinamica migliore (+3,1%) rispetto a quelle di grandi dimensioni (+4,4%). Il perdurare della crisi, associato alla riduzione di ordini e incremento dei prezzi, ha causato il persistere di una situazione critica e una reale difficolt\u00e0 per le imprese nei confronti del mercato dei materiali.<\/p>\n<p><strong>Occupazione<\/strong><\/p>\n<p>Ancora negativo l\u2019indicatore dell\u2019occupazione con una flessione del -1,7%, in linea con quella del trimestre precedente, ma con una differenziazione accentuata tra settore artigiano (-1,6%) e non artigiano (-2,5%). A fronte di una dinamica fortemente negativa per le imprese di piccola e media dimensione (-2,4% e -3%), si conferma la sostanziale stabilit\u00e0 per le imprese di grandi dimensioni. Dal punto di vista territoriale, l\u2019unica provincia con segno positivo risulta Belluno (+1,8%), mentre quella coi valori occupazionali pi\u00f9 negativi \u00e8 Vicenza (-4,5%).<\/p>\n<p><strong>Previsioni<\/strong><\/p>\n<p>Prosegue la tendenza negativa con un ulteriore inasprimento dell\u2019indicatore generale. Rispetto al saldo del terzo trimestre (-27,2 p.p.), il quarto trimestre ha fatto registrare un -31,4 punti percentuali. Confermate le aspettative negative per ordini (-21,5 p.p.) e occupazione (-4 p.p.).<\/p>\n<p><strong>Focus piano casa<\/strong><\/p>\n<p>Nel 16,4% dei casi le imprese artigiane hanno indicato di aver gi\u00e0 realizzato o avere in corso di realizzazione interventi relativi alla normativa, mentre nel settore non artigiano il valore \u00e8 inferiore al 4,8%. Per entrambi i comparti circa il 7% delle imprese ha dichiarato di aver proposto preventivi, mentre le restanti imprese hanno affermato di non aver ancora avuto richieste (il 53,1% artigiane, il 61,7% non artigiane). Per quanto riguarda la dimensione, il 42,7% degli interventi riguarda importi fino a 20.000 euro, il 24,6% da 20 a 30mila euro, il 32,7% superiori a 30mila euro. Nel 77,4% dei casi le imprese hanno realizzato fino a tre interventi (72% nel primo trimestre), il rimanente oltre quattro interventi.<\/p>","protected":false},"excerpt":{"rendered":"<p>Nel quarto trimestre 2012, sulla base dell\u2019indagine VenetoCongiuntura, il fatturato delle imprese di costruzioni ha registrato una flessione del -2,8% rispetto allo stesso periodo del 2011. L\u2019analisi congiunturale sul settore delle costruzioni, promossa congiuntamente da CEAV (Cassa Edile Artigiana Veneta) e Unioncamere del Veneto, \u00e8 stata effettuata su un campione di 600 imprese con almeno [&hellip;]<\/p>\n","protected":false},"author":2,"featured_media":0,"comment_status":"closed","ping_status":"open","sticky":false,"template":"","format":"standard","meta":{"footnotes":""},"categories":[36,26],"tags":[],"class_list":["post-47598","post","type-post","status-publish","format-standard","category-lavoro-economia","category-prima-pagina"],"yoast_head":"<!-- This site is optimized with the Yoast SEO plugin v28.4 - https:\/\/yoast.com\/product\/yoast-seo-wordpress\/ -->\n<title>Costruzioni: IV Trimestre - 2,8%, peggiornao le previsioni degli imprenditori. Ordini -3%, occupazione -1,7%. A Rovigo, Treviso e Padova le maggiori sofferenze - Bellunopress - Dolomiti<\/title>\n<meta name=\"robots\" content=\"index, follow, max-snippet:-1, max-image-preview:large, max-video-preview:-1\" \/>\n<link rel=\"canonical\" href=\"https:\/\/www.bellunopress.it\/fr\/2013\/03\/14\/costruzioni-iv-trimestre-28-peggiornao-le-previsioni-degli-imprenditori-ordini-3-occupazione-17-a-rovigo-treviso-e-padova-le-maggiori-sofferenze\/\" \/>\n<meta property=\"og:locale\" content=\"fr_FR\" \/>\n<meta property=\"og:type\" content=\"article\" \/>\n<meta property=\"og:title\" content=\"Costruzioni: IV Trimestre - 2,8%, peggiornao le previsioni degli imprenditori. Ordini -3%, occupazione -1,7%. A Rovigo, Treviso e Padova le maggiori sofferenze - Bellunopress - Dolomiti\" \/>\n<meta property=\"og:description\" content=\"Nel quarto trimestre 2012, sulla base dell\u2019indagine VenetoCongiuntura, il fatturato delle imprese di costruzioni ha registrato una flessione del -2,8% rispetto allo stesso periodo del 2011. L\u2019analisi congiunturale sul settore delle costruzioni, promossa congiuntamente da CEAV (Cassa Edile Artigiana Veneta) e Unioncamere del Veneto, \u00e8 stata effettuata su un campione di 600 imprese con almeno [&hellip;]\" \/>\n<meta property=\"og:url\" content=\"https:\/\/www.bellunopress.it\/fr\/2013\/03\/14\/costruzioni-iv-trimestre-28-peggiornao-le-previsioni-degli-imprenditori-ordini-3-occupazione-17-a-rovigo-treviso-e-padova-le-maggiori-sofferenze\/\" \/>\n<meta property=\"og:site_name\" content=\"Bellunopress - Dolomiti\" \/>\n<meta property=\"article:publisher\" content=\"https:\/\/www.facebook.com\/profile.php?id=100008943462799\" \/>\n<meta property=\"article:published_time\" content=\"2013-03-14T14:34:11+00:00\" \/>\n<meta property=\"og:image\" content=\"http:\/\/www.bellunopress.it\/wp-content\/uploads\/2012\/02\/alessandro-bianchi-unioncamenre-veneto.jpg\" \/>\n<meta name=\"author\" content=\"redazione\" \/>\n<meta name=\"twitter:card\" content=\"summary_large_image\" \/>\n<meta name=\"twitter:creator\" content=\"@bellunopress\" \/>\n<meta name=\"twitter:site\" content=\"@bellunopress\" \/>\n<meta name=\"twitter:label1\" content=\"\u00c9crit par\" \/>\n\t<meta name=\"twitter:data1\" content=\"redazione\" \/>\n\t<meta name=\"twitter:label2\" content=\"Dur\u00e9e de lecture estim\u00e9e\" \/>\n\t<meta name=\"twitter:data2\" content=\"5 minutes\" \/>\n<script type=\"application\/ld+json\" class=\"yoast-schema-graph\">{\"@context\":\"https:\\\/\\\/schema.org\",\"@graph\":[{\"@type\":\"Article\",\"@id\":\"https:\\\/\\\/www.bellunopress.it\\\/2013\\\/03\\\/14\\\/costruzioni-iv-trimestre-28-peggiornao-le-previsioni-degli-imprenditori-ordini-3-occupazione-17-a-rovigo-treviso-e-padova-le-maggiori-sofferenze\\\/#article\",\"isPartOf\":{\"@id\":\"https:\\\/\\\/www.bellunopress.it\\\/2013\\\/03\\\/14\\\/costruzioni-iv-trimestre-28-peggiornao-le-previsioni-degli-imprenditori-ordini-3-occupazione-17-a-rovigo-treviso-e-padova-le-maggiori-sofferenze\\\/\"},\"author\":{\"name\":\"redazione\",\"@id\":\"https:\\\/\\\/www.bellunopress.it\\\/#\\\/schema\\\/person\\\/79bb06722b37ece1c03d3e94beb30d73\"},\"headline\":\"Costruzioni: IV Trimestre &#8211; 2,8%, peggiornao le previsioni degli imprenditori. Ordini -3%, occupazione -1,7%. A Rovigo, Treviso e Padova le maggiori sofferenze\",\"datePublished\":\"2013-03-14T14:34:11+00:00\",\"mainEntityOfPage\":{\"@id\":\"https:\\\/\\\/www.bellunopress.it\\\/2013\\\/03\\\/14\\\/costruzioni-iv-trimestre-28-peggiornao-le-previsioni-degli-imprenditori-ordini-3-occupazione-17-a-rovigo-treviso-e-padova-le-maggiori-sofferenze\\\/\"},\"wordCount\":987,\"publisher\":{\"@id\":\"https:\\\/\\\/www.bellunopress.it\\\/#organization\"},\"image\":{\"@id\":\"https:\\\/\\\/www.bellunopress.it\\\/2013\\\/03\\\/14\\\/costruzioni-iv-trimestre-28-peggiornao-le-previsioni-degli-imprenditori-ordini-3-occupazione-17-a-rovigo-treviso-e-padova-le-maggiori-sofferenze\\\/#primaryimage\"},\"thumbnailUrl\":\"http:\\\/\\\/www.bellunopress.it\\\/wp-content\\\/uploads\\\/2012\\\/02\\\/alessandro-bianchi-unioncamenre-veneto.jpg\",\"articleSection\":[\"Lavoro, Economia, Turismo\",\"Prima Pagina\"],\"inLanguage\":\"fr-FR\"},{\"@type\":\"WebPage\",\"@id\":\"https:\\\/\\\/www.bellunopress.it\\\/2013\\\/03\\\/14\\\/costruzioni-iv-trimestre-28-peggiornao-le-previsioni-degli-imprenditori-ordini-3-occupazione-17-a-rovigo-treviso-e-padova-le-maggiori-sofferenze\\\/\",\"url\":\"https:\\\/\\\/www.bellunopress.it\\\/2013\\\/03\\\/14\\\/costruzioni-iv-trimestre-28-peggiornao-le-previsioni-degli-imprenditori-ordini-3-occupazione-17-a-rovigo-treviso-e-padova-le-maggiori-sofferenze\\\/\",\"name\":\"Costruzioni: IV Trimestre - 2,8%, peggiornao le previsioni degli imprenditori. Ordini -3%, occupazione -1,7%. A Rovigo, Treviso e Padova le maggiori sofferenze - Bellunopress - Dolomiti\",\"isPartOf\":{\"@id\":\"https:\\\/\\\/www.bellunopress.it\\\/#website\"},\"primaryImageOfPage\":{\"@id\":\"https:\\\/\\\/www.bellunopress.it\\\/2013\\\/03\\\/14\\\/costruzioni-iv-trimestre-28-peggiornao-le-previsioni-degli-imprenditori-ordini-3-occupazione-17-a-rovigo-treviso-e-padova-le-maggiori-sofferenze\\\/#primaryimage\"},\"image\":{\"@id\":\"https:\\\/\\\/www.bellunopress.it\\\/2013\\\/03\\\/14\\\/costruzioni-iv-trimestre-28-peggiornao-le-previsioni-degli-imprenditori-ordini-3-occupazione-17-a-rovigo-treviso-e-padova-le-maggiori-sofferenze\\\/#primaryimage\"},\"thumbnailUrl\":\"http:\\\/\\\/www.bellunopress.it\\\/wp-content\\\/uploads\\\/2012\\\/02\\\/alessandro-bianchi-unioncamenre-veneto.jpg\",\"datePublished\":\"2013-03-14T14:34:11+00:00\",\"breadcrumb\":{\"@id\":\"https:\\\/\\\/www.bellunopress.it\\\/2013\\\/03\\\/14\\\/costruzioni-iv-trimestre-28-peggiornao-le-previsioni-degli-imprenditori-ordini-3-occupazione-17-a-rovigo-treviso-e-padova-le-maggiori-sofferenze\\\/#breadcrumb\"},\"inLanguage\":\"fr-FR\",\"potentialAction\":[{\"@type\":\"ReadAction\",\"target\":[\"https:\\\/\\\/www.bellunopress.it\\\/2013\\\/03\\\/14\\\/costruzioni-iv-trimestre-28-peggiornao-le-previsioni-degli-imprenditori-ordini-3-occupazione-17-a-rovigo-treviso-e-padova-le-maggiori-sofferenze\\\/\"]}]},{\"@type\":\"ImageObject\",\"inLanguage\":\"fr-FR\",\"@id\":\"https:\\\/\\\/www.bellunopress.it\\\/2013\\\/03\\\/14\\\/costruzioni-iv-trimestre-28-peggiornao-le-previsioni-degli-imprenditori-ordini-3-occupazione-17-a-rovigo-treviso-e-padova-le-maggiori-sofferenze\\\/#primaryimage\",\"url\":\"http:\\\/\\\/www.bellunopress.it\\\/wp-content\\\/uploads\\\/2012\\\/02\\\/alessandro-bianchi-unioncamenre-veneto.jpg\",\"contentUrl\":\"http:\\\/\\\/www.bellunopress.it\\\/wp-content\\\/uploads\\\/2012\\\/02\\\/alessandro-bianchi-unioncamenre-veneto.jpg\"},{\"@type\":\"BreadcrumbList\",\"@id\":\"https:\\\/\\\/www.bellunopress.it\\\/2013\\\/03\\\/14\\\/costruzioni-iv-trimestre-28-peggiornao-le-previsioni-degli-imprenditori-ordini-3-occupazione-17-a-rovigo-treviso-e-padova-le-maggiori-sofferenze\\\/#breadcrumb\",\"itemListElement\":[{\"@type\":\"ListItem\",\"position\":1,\"name\":\"Home\",\"item\":\"https:\\\/\\\/www.bellunopress.it\\\/\"},{\"@type\":\"ListItem\",\"position\":2,\"name\":\"Costruzioni: IV Trimestre &#8211; 2,8%, peggiornao le previsioni degli imprenditori. Ordini -3%, occupazione -1,7%. A Rovigo, Treviso e Padova le maggiori sofferenze\"}]},{\"@type\":\"WebSite\",\"@id\":\"https:\\\/\\\/www.bellunopress.it\\\/#website\",\"url\":\"https:\\\/\\\/www.bellunopress.it\\\/\",\"name\":\"Bellunopress - Dolomiti\",\"description\":\"e-mail: redazione@bellunopress.it\",\"publisher\":{\"@id\":\"https:\\\/\\\/www.bellunopress.it\\\/#organization\"},\"potentialAction\":[{\"@type\":\"SearchAction\",\"target\":{\"@type\":\"EntryPoint\",\"urlTemplate\":\"https:\\\/\\\/www.bellunopress.it\\\/?s={search_term_string}\"},\"query-input\":{\"@type\":\"PropertyValueSpecification\",\"valueRequired\":true,\"valueName\":\"search_term_string\"}}],\"inLanguage\":\"fr-FR\"},{\"@type\":\"Organization\",\"@id\":\"https:\\\/\\\/www.bellunopress.it\\\/#organization\",\"name\":\"Bellunopress\",\"url\":\"https:\\\/\\\/www.bellunopress.it\\\/\",\"logo\":{\"@type\":\"ImageObject\",\"inLanguage\":\"fr-FR\",\"@id\":\"https:\\\/\\\/www.bellunopress.it\\\/#\\\/schema\\\/logo\\\/image\\\/\",\"url\":\"https:\\\/\\\/www.bellunopress.it\\\/wp-content\\\/uploads\\\/2011\\\/05\\\/cropped-logo-bellunopress-.jpg\",\"contentUrl\":\"https:\\\/\\\/www.bellunopress.it\\\/wp-content\\\/uploads\\\/2011\\\/05\\\/cropped-logo-bellunopress-.jpg\",\"width\":512,\"height\":512,\"caption\":\"Bellunopress\"},\"image\":{\"@id\":\"https:\\\/\\\/www.bellunopress.it\\\/#\\\/schema\\\/logo\\\/image\\\/\"},\"sameAs\":[\"https:\\\/\\\/www.facebook.com\\\/profile.php?id=100008943462799\",\"https:\\\/\\\/x.com\\\/bellunopress\",\"https:\\\/\\\/www.linkedin.com\\\/hp\\\/?dnr=JBzUWaJfMUw8vbXJJ2tVW5-I3jZKvC4wsoxE&amp;amp;amp;amp;amp;amp;trk=nav_responsive_tab_home\",\"https:\\\/\\\/www.youtube.com\\\/channel\\\/UCxL0wu1uN0_3_7hGG0306cw\"]},{\"@type\":\"Person\",\"@id\":\"https:\\\/\\\/www.bellunopress.it\\\/#\\\/schema\\\/person\\\/79bb06722b37ece1c03d3e94beb30d73\",\"name\":\"redazione\",\"image\":{\"@type\":\"ImageObject\",\"inLanguage\":\"fr-FR\",\"@id\":\"https:\\\/\\\/secure.gravatar.com\\\/avatar\\\/37d968a2e67a6fd04c169c4bdef102d0bc5d31b2546345219e348575eb80e9a0?s=96&d=mm&r=g\",\"url\":\"https:\\\/\\\/secure.gravatar.com\\\/avatar\\\/37d968a2e67a6fd04c169c4bdef102d0bc5d31b2546345219e348575eb80e9a0?s=96&d=mm&r=g\",\"contentUrl\":\"https:\\\/\\\/secure.gravatar.com\\\/avatar\\\/37d968a2e67a6fd04c169c4bdef102d0bc5d31b2546345219e348575eb80e9a0?s=96&d=mm&r=g\",\"caption\":\"redazione\"},\"sameAs\":[\"http:\\\/\\\/www.bellunopress.it\",\"https:\\\/\\\/x.com\\\/bellunopress\"],\"url\":\"https:\\\/\\\/www.bellunopress.it\\\/fr\\\/author\\\/redazione\\\/\"}]}<\/script>\n<!-- \/ Yoast SEO plugin. -->","yoast_head_json":{"title":"Costruzioni: IV Trimestre - 2,8%, peggiornao le previsioni degli imprenditori. Ordini -3%, occupazione -1,7%. A Rovigo, Treviso e Padova le maggiori sofferenze - Bellunopress - Dolomiti","robots":{"index":"index","follow":"follow","max-snippet":"max-snippet:-1","max-image-preview":"max-image-preview:large","max-video-preview":"max-video-preview:-1"},"canonical":"https:\/\/www.bellunopress.it\/fr\/2013\/03\/14\/costruzioni-iv-trimestre-28-peggiornao-le-previsioni-degli-imprenditori-ordini-3-occupazione-17-a-rovigo-treviso-e-padova-le-maggiori-sofferenze\/","og_locale":"fr_FR","og_type":"article","og_title":"Costruzioni: IV Trimestre - 2,8%, peggiornao le previsioni degli imprenditori. Ordini -3%, occupazione -1,7%. A Rovigo, Treviso e Padova le maggiori sofferenze - Bellunopress - Dolomiti","og_description":"Nel quarto trimestre 2012, sulla base dell\u2019indagine VenetoCongiuntura, il fatturato delle imprese di costruzioni ha registrato una flessione del -2,8% rispetto allo stesso periodo del 2011. L\u2019analisi congiunturale sul settore delle costruzioni, promossa congiuntamente da CEAV (Cassa Edile Artigiana Veneta) e Unioncamere del Veneto, \u00e8 stata effettuata su un campione di 600 imprese con almeno [&hellip;]","og_url":"https:\/\/www.bellunopress.it\/fr\/2013\/03\/14\/costruzioni-iv-trimestre-28-peggiornao-le-previsioni-degli-imprenditori-ordini-3-occupazione-17-a-rovigo-treviso-e-padova-le-maggiori-sofferenze\/","og_site_name":"Bellunopress - Dolomiti","article_publisher":"https:\/\/www.facebook.com\/profile.php?id=100008943462799","article_published_time":"2013-03-14T14:34:11+00:00","og_image":[{"url":"http:\/\/www.bellunopress.it\/wp-content\/uploads\/2012\/02\/alessandro-bianchi-unioncamenre-veneto.jpg","type":"","width":"","height":""}],"author":"redazione","twitter_card":"summary_large_image","twitter_creator":"@bellunopress","twitter_site":"@bellunopress","twitter_misc":{"\u00c9crit par":"redazione","Dur\u00e9e de lecture estim\u00e9e":"5 minutes"},"schema":{"@context":"https:\/\/schema.org","@graph":[{"@type":"Article","@id":"https:\/\/www.bellunopress.it\/2013\/03\/14\/costruzioni-iv-trimestre-28-peggiornao-le-previsioni-degli-imprenditori-ordini-3-occupazione-17-a-rovigo-treviso-e-padova-le-maggiori-sofferenze\/#article","isPartOf":{"@id":"https:\/\/www.bellunopress.it\/2013\/03\/14\/costruzioni-iv-trimestre-28-peggiornao-le-previsioni-degli-imprenditori-ordini-3-occupazione-17-a-rovigo-treviso-e-padova-le-maggiori-sofferenze\/"},"author":{"name":"redazione","@id":"https:\/\/www.bellunopress.it\/#\/schema\/person\/79bb06722b37ece1c03d3e94beb30d73"},"headline":"Costruzioni: IV Trimestre &#8211; 2,8%, peggiornao le previsioni degli imprenditori. Ordini -3%, occupazione -1,7%. A Rovigo, Treviso e Padova le maggiori sofferenze","datePublished":"2013-03-14T14:34:11+00:00","mainEntityOfPage":{"@id":"https:\/\/www.bellunopress.it\/2013\/03\/14\/costruzioni-iv-trimestre-28-peggiornao-le-previsioni-degli-imprenditori-ordini-3-occupazione-17-a-rovigo-treviso-e-padova-le-maggiori-sofferenze\/"},"wordCount":987,"publisher":{"@id":"https:\/\/www.bellunopress.it\/#organization"},"image":{"@id":"https:\/\/www.bellunopress.it\/2013\/03\/14\/costruzioni-iv-trimestre-28-peggiornao-le-previsioni-degli-imprenditori-ordini-3-occupazione-17-a-rovigo-treviso-e-padova-le-maggiori-sofferenze\/#primaryimage"},"thumbnailUrl":"http:\/\/www.bellunopress.it\/wp-content\/uploads\/2012\/02\/alessandro-bianchi-unioncamenre-veneto.jpg","articleSection":["Lavoro, Economia, Turismo","Prima Pagina"],"inLanguage":"fr-FR"},{"@type":"WebPage","@id":"https:\/\/www.bellunopress.it\/2013\/03\/14\/costruzioni-iv-trimestre-28-peggiornao-le-previsioni-degli-imprenditori-ordini-3-occupazione-17-a-rovigo-treviso-e-padova-le-maggiori-sofferenze\/","url":"https:\/\/www.bellunopress.it\/2013\/03\/14\/costruzioni-iv-trimestre-28-peggiornao-le-previsioni-degli-imprenditori-ordini-3-occupazione-17-a-rovigo-treviso-e-padova-le-maggiori-sofferenze\/","name":"Costruzioni: IV Trimestre - 2,8%, peggiornao le previsioni degli imprenditori. Ordini -3%, occupazione -1,7%. A Rovigo, Treviso e Padova le maggiori sofferenze - Bellunopress - Dolomiti","isPartOf":{"@id":"https:\/\/www.bellunopress.it\/#website"},"primaryImageOfPage":{"@id":"https:\/\/www.bellunopress.it\/2013\/03\/14\/costruzioni-iv-trimestre-28-peggiornao-le-previsioni-degli-imprenditori-ordini-3-occupazione-17-a-rovigo-treviso-e-padova-le-maggiori-sofferenze\/#primaryimage"},"image":{"@id":"https:\/\/www.bellunopress.it\/2013\/03\/14\/costruzioni-iv-trimestre-28-peggiornao-le-previsioni-degli-imprenditori-ordini-3-occupazione-17-a-rovigo-treviso-e-padova-le-maggiori-sofferenze\/#primaryimage"},"thumbnailUrl":"http:\/\/www.bellunopress.it\/wp-content\/uploads\/2012\/02\/alessandro-bianchi-unioncamenre-veneto.jpg","datePublished":"2013-03-14T14:34:11+00:00","breadcrumb":{"@id":"https:\/\/www.bellunopress.it\/2013\/03\/14\/costruzioni-iv-trimestre-28-peggiornao-le-previsioni-degli-imprenditori-ordini-3-occupazione-17-a-rovigo-treviso-e-padova-le-maggiori-sofferenze\/#breadcrumb"},"inLanguage":"fr-FR","potentialAction":[{"@type":"ReadAction","target":["https:\/\/www.bellunopress.it\/2013\/03\/14\/costruzioni-iv-trimestre-28-peggiornao-le-previsioni-degli-imprenditori-ordini-3-occupazione-17-a-rovigo-treviso-e-padova-le-maggiori-sofferenze\/"]}]},{"@type":"ImageObject","inLanguage":"fr-FR","@id":"https:\/\/www.bellunopress.it\/2013\/03\/14\/costruzioni-iv-trimestre-28-peggiornao-le-previsioni-degli-imprenditori-ordini-3-occupazione-17-a-rovigo-treviso-e-padova-le-maggiori-sofferenze\/#primaryimage","url":"http:\/\/www.bellunopress.it\/wp-content\/uploads\/2012\/02\/alessandro-bianchi-unioncamenre-veneto.jpg","contentUrl":"http:\/\/www.bellunopress.it\/wp-content\/uploads\/2012\/02\/alessandro-bianchi-unioncamenre-veneto.jpg"},{"@type":"BreadcrumbList","@id":"https:\/\/www.bellunopress.it\/2013\/03\/14\/costruzioni-iv-trimestre-28-peggiornao-le-previsioni-degli-imprenditori-ordini-3-occupazione-17-a-rovigo-treviso-e-padova-le-maggiori-sofferenze\/#breadcrumb","itemListElement":[{"@type":"ListItem","position":1,"name":"Home","item":"https:\/\/www.bellunopress.it\/"},{"@type":"ListItem","position":2,"name":"Costruzioni: IV Trimestre &#8211; 2,8%, peggiornao le previsioni degli imprenditori. Ordini -3%, occupazione -1,7%. A Rovigo, Treviso e Padova le maggiori sofferenze"}]},{"@type":"WebSite","@id":"https:\/\/www.bellunopress.it\/#website","url":"https:\/\/www.bellunopress.it\/","name":"Bellunopress - Dolomiti","description":"e-mail: redazione@bellunopress.it","publisher":{"@id":"https:\/\/www.bellunopress.it\/#organization"},"potentialAction":[{"@type":"SearchAction","target":{"@type":"EntryPoint","urlTemplate":"https:\/\/www.bellunopress.it\/?s={search_term_string}"},"query-input":{"@type":"PropertyValueSpecification","valueRequired":true,"valueName":"search_term_string"}}],"inLanguage":"fr-FR"},{"@type":"Organization","@id":"https:\/\/www.bellunopress.it\/#organization","name":"Bellunopress","url":"https:\/\/www.bellunopress.it\/","logo":{"@type":"ImageObject","inLanguage":"fr-FR","@id":"https:\/\/www.bellunopress.it\/#\/schema\/logo\/image\/","url":"https:\/\/www.bellunopress.it\/wp-content\/uploads\/2011\/05\/cropped-logo-bellunopress-.jpg","contentUrl":"https:\/\/www.bellunopress.it\/wp-content\/uploads\/2011\/05\/cropped-logo-bellunopress-.jpg","width":512,"height":512,"caption":"Bellunopress"},"image":{"@id":"https:\/\/www.bellunopress.it\/#\/schema\/logo\/image\/"},"sameAs":["https:\/\/www.facebook.com\/profile.php?id=100008943462799","https:\/\/x.com\/bellunopress","https:\/\/www.linkedin.com\/hp\/?dnr=JBzUWaJfMUw8vbXJJ2tVW5-I3jZKvC4wsoxE&amp;amp;amp;amp;amp;amp;trk=nav_responsive_tab_home","https:\/\/www.youtube.com\/channel\/UCxL0wu1uN0_3_7hGG0306cw"]},{"@type":"Person","@id":"https:\/\/www.bellunopress.it\/#\/schema\/person\/79bb06722b37ece1c03d3e94beb30d73","name":"r\u00e9daction","image":{"@type":"ImageObject","inLanguage":"fr-FR","@id":"https:\/\/secure.gravatar.com\/avatar\/37d968a2e67a6fd04c169c4bdef102d0bc5d31b2546345219e348575eb80e9a0?s=96&d=mm&r=g","url":"https:\/\/secure.gravatar.com\/avatar\/37d968a2e67a6fd04c169c4bdef102d0bc5d31b2546345219e348575eb80e9a0?s=96&d=mm&r=g","contentUrl":"https:\/\/secure.gravatar.com\/avatar\/37d968a2e67a6fd04c169c4bdef102d0bc5d31b2546345219e348575eb80e9a0?s=96&d=mm&r=g","caption":"redazione"},"sameAs":["http:\/\/www.bellunopress.it","https:\/\/x.com\/bellunopress"],"url":"https:\/\/www.bellunopress.it\/fr\/author\/redazione\/"}]}},"_links":{"self":[{"href":"https:\/\/www.bellunopress.it\/fr\/wp-json\/wp\/v2\/posts\/47598","targetHints":{"allow":["GET"]}}],"collection":[{"href":"https:\/\/www.bellunopress.it\/fr\/wp-json\/wp\/v2\/posts"}],"about":[{"href":"https:\/\/www.bellunopress.it\/fr\/wp-json\/wp\/v2\/types\/post"}],"author":[{"embeddable":true,"href":"https:\/\/www.bellunopress.it\/fr\/wp-json\/wp\/v2\/users\/2"}],"replies":[{"embeddable":true,"href":"https:\/\/www.bellunopress.it\/fr\/wp-json\/wp\/v2\/comments?post=47598"}],"version-history":[{"count":2,"href":"https:\/\/www.bellunopress.it\/fr\/wp-json\/wp\/v2\/posts\/47598\/revisions"}],"predecessor-version":[{"id":47600,"href":"https:\/\/www.bellunopress.it\/fr\/wp-json\/wp\/v2\/posts\/47598\/revisions\/47600"}],"wp:attachment":[{"href":"https:\/\/www.bellunopress.it\/fr\/wp-json\/wp\/v2\/media?parent=47598"}],"wp:term":[{"taxonomy":"category","embeddable":true,"href":"https:\/\/www.bellunopress.it\/fr\/wp-json\/wp\/v2\/categories?post=47598"},{"taxonomy":"post_tag","embeddable":true,"href":"https:\/\/www.bellunopress.it\/fr\/wp-json\/wp\/v2\/tags?post=47598"}],"curies":[{"name":"wp","href":"https:\/\/api.w.org\/{rel}","templated":true}]}}