{"id":47594,"date":"2013-03-14T15:19:09","date_gmt":"2013-03-14T14:19:09","guid":{"rendered":"http:\/\/www.bellunopress.it\/?p=47594"},"modified":"2013-03-14T15:24:21","modified_gmt":"2013-03-14T14:24:21","slug":"gli-amici-della-biciletta-chiedono-maggior-sicurezza-sulle-strade-per-l-utenza-debole-sabato-sera-a-salce-la-fiaccolata-di-solidarieta","status":"publish","type":"post","link":"https:\/\/www.bellunopress.it\/fr\/2013\/03\/14\/gli-amici-della-biciletta-chiedono-maggior-sicurezza-sulle-strade-per-l-utenza-debole-sabato-sera-a-salce-la-fiaccolata-di-solidarieta\/","title":{"rendered":"Gli Amici della biciletta chiedono maggior sicurezza sulle strade per l&#8217; &#8220;utenza debole&#8221;. Sabato sera la comunit\u00e0 di Salce organizza la fiaccolata di solidariet\u00e0"},"content":{"rendered":"<p>Gli Amici della Bicicletta di Belluno sono costernati, addolorati, attoniti davanti all\u2019ennesima vittima delle nostre strade insicure: Martina Bonavera di 13 anni.<\/p>\n<p>Martina \u00e8 morta, investita da un furgone, mentre andava a prendere l\u2019autobus per recarsi a scuola. Andava a piedi.<\/p>\n<p>Nel 2012 in Italia sono morti cos\u00ec, investiti dalle auto, oltre 600 pedoni e oltre 200 ciclisti. Utenti deboli della strada, colpiti come birilli da auto sempre pi\u00f9 potenti e veloci. L\u2019Italia dal 2009 \u00e8 il primo paese europeo in cui gli incidenti che vedono coinvolta la cosiddetta \u201cutenza debole\u201d, cio\u00e8 pedoni e ciclisti, hanno superato quelli dell&#8217;utenza motorizzata a quattro ruote.<\/p>\n<p>\u00c8 una strage di cui non ci rendiamo conto finch\u00e9 la Morte stessa non ci strappa dal torpore, perch\u00e9 oggi \u00e8 un banco di scuola della nostra citt\u00e0 a restare vuoto. Da anni i cittadini di Salce, come di tante altre parti della citt\u00e0, chiedono sicurezza. Dov\u2019erano e dove sono le autorit\u00e0 competenti?<\/p>\n<p>Cosa hanno fatto, cosa fanno e cosa faranno?<\/p>\n<p>Non chiediamo la Luna. Chiediamo marciapiedi fatti in modo sensato (non come quelli sciaguratamente \u201cdi moda\u201d oggi, che s&#8217;abbassano a ogni passo carraio per proteggere&#8230; le macchine!), attraversamenti pedonali sicuri, con scivoli per le carrozzelle e semaforo a chiamata dov&#8217;\u00e8 necessario, percorsi sicuri per i ciclisti, moderazione del traffico, cio\u00e8 pi\u00f9 spazi per le persone e meno velocit\u00e0, meno velocit\u00e0, meno velocit\u00e0!<\/p>\n<p>Il Direttivo dell&#8217;associazione Amici della Bicicletta-FIAB di Belluno<\/p>\n<p>&nbsp;<\/p>\n<p><strong><span style=\"font-family: tahoma, arial, helvetica, sans-serif;\">La comunit\u00e0 di Salce organizza per sabato 16 marzo una fiaccolata di solidariet\u00e0 alla famiglia Bonavera. E di sensibilizzazione per la sicurezza stradale della zona di Salce.\u00a0<\/span><\/strong><\/p>\n<div>Il ritrovo \u00e8 alle ore 19.30 dinanzi alla chiesa di Col di Salce. \u00a0<\/div>\n<div>Percorso: Zuppani (Salce), incrocio Renault SS 50 fino al \u201cCristo\u201d a Giamosa, salita per Via Giamosa, giro di Giamosa, passaggio davanti casa Bonavera e discesa per via Silva, arrivo all\u2019incrocio tra via Silva, Via Giamosa e strada della Corte. Scioglimento della manifestazione.<\/div>\n<div><span style=\"font-family: tahoma, arial, helvetica, sans-serif;\">A tutti i partecipanti gli organizzatori chiedono di munirsi di candele, fiaccole, torce (anche elettriche).<\/span><\/div>\n<p><!-- DO NOT REMOVE THIS USED TO CALC LENGHT OF PAGE --><\/p>\n<p>&nbsp;<\/p>\n<p>&nbsp;<\/p>\n<p>&nbsp;<\/p>","protected":false},"excerpt":{"rendered":"<p>Gli Amici della Bicicletta di Belluno sono costernati, addolorati, attoniti davanti all\u2019ennesima vittima delle nostre strade insicure: Martina Bonavera di 13 anni. Martina \u00e8 morta, investita da un furgone, mentre andava a prendere l\u2019autobus per recarsi a scuola. Andava a piedi. Nel 2012 in Italia sono morti cos\u00ec, investiti dalle auto, oltre 600 pedoni e [&hellip;]<\/p>\n","protected":false},"author":2,"featured_media":0,"comment_status":"closed","ping_status":"open","sticky":false,"template":"","format":"standard","meta":{"footnotes":""},"categories":[1,26],"tags":[],"class_list":["post-47594","post","type-post","status-publish","format-standard","category-leo","category-prima-pagina"],"yoast_head":"<!-- This site is optimized with the Yoast SEO plugin v28.4 - https:\/\/yoast.com\/product\/yoast-seo-wordpress\/ -->\n<title>Gli Amici della biciletta chiedono maggior sicurezza sulle strade per l&#039; &quot;utenza debole&quot;. Sabato sera la comunit\u00e0 di Salce organizza la fiaccolata di solidariet\u00e0   - Bellunopress - Dolomiti<\/title>\n<meta name=\"robots\" content=\"index, follow, max-snippet:-1, max-image-preview:large, max-video-preview:-1\" \/>\n<link rel=\"canonical\" href=\"https:\/\/www.bellunopress.it\/fr\/2013\/03\/14\/gli-amici-della-biciletta-chiedono-maggior-sicurezza-sulle-strade-per-l-utenza-debole-sabato-sera-a-salce-la-fiaccolata-di-solidarieta\/\" \/>\n<meta property=\"og:locale\" content=\"fr_FR\" \/>\n<meta property=\"og:type\" content=\"article\" \/>\n<meta property=\"og:title\" content=\"Gli Amici della biciletta chiedono maggior sicurezza sulle strade per l&#039; &quot;utenza debole&quot;. Sabato sera la comunit\u00e0 di Salce organizza la fiaccolata di solidariet\u00e0   - Bellunopress - Dolomiti\" \/>\n<meta property=\"og:description\" content=\"Gli Amici della Bicicletta di Belluno sono costernati, addolorati, attoniti davanti all\u2019ennesima vittima delle nostre strade insicure: Martina Bonavera di 13 anni. Martina \u00e8 morta, investita da un furgone, mentre andava a prendere l\u2019autobus per recarsi a scuola. Andava a piedi. Nel 2012 in Italia sono morti cos\u00ec, investiti dalle auto, oltre 600 pedoni e [&hellip;]\" \/>\n<meta property=\"og:url\" content=\"https:\/\/www.bellunopress.it\/fr\/2013\/03\/14\/gli-amici-della-biciletta-chiedono-maggior-sicurezza-sulle-strade-per-l-utenza-debole-sabato-sera-a-salce-la-fiaccolata-di-solidarieta\/\" \/>\n<meta property=\"og:site_name\" content=\"Bellunopress - Dolomiti\" \/>\n<meta property=\"article:publisher\" content=\"https:\/\/www.facebook.com\/profile.php?id=100008943462799\" \/>\n<meta property=\"article:published_time\" content=\"2013-03-14T14:19:09+00:00\" \/>\n<meta property=\"article:modified_time\" content=\"2013-03-14T14:24:21+00:00\" \/>\n<meta property=\"og:image\" content=\"http:\/\/www.bellunopress.it\/wp-content\/uploads\/2012\/07\/logo-bellunopress-250x250-2012.jpg\" \/>\n<meta name=\"author\" content=\"redazione\" \/>\n<meta name=\"twitter:card\" content=\"summary_large_image\" \/>\n<meta name=\"twitter:creator\" content=\"@bellunopress\" \/>\n<meta name=\"twitter:site\" content=\"@bellunopress\" \/>\n<meta name=\"twitter:label1\" content=\"Written by\" \/>\n\t<meta name=\"twitter:data1\" content=\"redazione\" \/>\n\t<meta name=\"twitter:label2\" content=\"Est. reading time\" \/>\n\t<meta name=\"twitter:data2\" content=\"2 minutes\" \/>\n<script type=\"application\/ld+json\" class=\"yoast-schema-graph\">{\"@context\":\"https:\\\/\\\/schema.org\",\"@graph\":[{\"@type\":\"Article\",\"@id\":\"https:\\\/\\\/www.bellunopress.it\\\/2013\\\/03\\\/14\\\/gli-amici-della-biciletta-chiedono-maggior-sicurezza-sulle-strade-per-l-utenza-debole-sabato-sera-a-salce-la-fiaccolata-di-solidarieta\\\/#article\",\"isPartOf\":{\"@id\":\"https:\\\/\\\/www.bellunopress.it\\\/2013\\\/03\\\/14\\\/gli-amici-della-biciletta-chiedono-maggior-sicurezza-sulle-strade-per-l-utenza-debole-sabato-sera-a-salce-la-fiaccolata-di-solidarieta\\\/\"},\"author\":{\"name\":\"redazione\",\"@id\":\"https:\\\/\\\/www.bellunopress.it\\\/#\\\/schema\\\/person\\\/79bb06722b37ece1c03d3e94beb30d73\"},\"headline\":\"Gli Amici della biciletta chiedono maggior sicurezza sulle strade per l&#8217; &#8220;utenza debole&#8221;. Sabato sera la comunit\u00e0 di Salce organizza la fiaccolata di solidariet\u00e0\",\"datePublished\":\"2013-03-14T14:19:09+00:00\",\"dateModified\":\"2013-03-14T14:24:21+00:00\",\"mainEntityOfPage\":{\"@id\":\"https:\\\/\\\/www.bellunopress.it\\\/2013\\\/03\\\/14\\\/gli-amici-della-biciletta-chiedono-maggior-sicurezza-sulle-strade-per-l-utenza-debole-sabato-sera-a-salce-la-fiaccolata-di-solidarieta\\\/\"},\"wordCount\":354,\"publisher\":{\"@id\":\"https:\\\/\\\/www.bellunopress.it\\\/#organization\"},\"articleSection\":[\"Lettere Opinioni\",\"Prima Pagina\"],\"inLanguage\":\"fr-FR\"},{\"@type\":\"WebPage\",\"@id\":\"https:\\\/\\\/www.bellunopress.it\\\/2013\\\/03\\\/14\\\/gli-amici-della-biciletta-chiedono-maggior-sicurezza-sulle-strade-per-l-utenza-debole-sabato-sera-a-salce-la-fiaccolata-di-solidarieta\\\/\",\"url\":\"https:\\\/\\\/www.bellunopress.it\\\/2013\\\/03\\\/14\\\/gli-amici-della-biciletta-chiedono-maggior-sicurezza-sulle-strade-per-l-utenza-debole-sabato-sera-a-salce-la-fiaccolata-di-solidarieta\\\/\",\"name\":\"Gli Amici della biciletta chiedono maggior sicurezza sulle strade per l' \\\"utenza debole\\\". Sabato sera la comunit\u00e0 di Salce organizza la fiaccolata di solidariet\u00e0 - Bellunopress - Dolomiti\",\"isPartOf\":{\"@id\":\"https:\\\/\\\/www.bellunopress.it\\\/#website\"},\"datePublished\":\"2013-03-14T14:19:09+00:00\",\"dateModified\":\"2013-03-14T14:24:21+00:00\",\"breadcrumb\":{\"@id\":\"https:\\\/\\\/www.bellunopress.it\\\/2013\\\/03\\\/14\\\/gli-amici-della-biciletta-chiedono-maggior-sicurezza-sulle-strade-per-l-utenza-debole-sabato-sera-a-salce-la-fiaccolata-di-solidarieta\\\/#breadcrumb\"},\"inLanguage\":\"fr-FR\",\"potentialAction\":[{\"@type\":\"ReadAction\",\"target\":[\"https:\\\/\\\/www.bellunopress.it\\\/2013\\\/03\\\/14\\\/gli-amici-della-biciletta-chiedono-maggior-sicurezza-sulle-strade-per-l-utenza-debole-sabato-sera-a-salce-la-fiaccolata-di-solidarieta\\\/\"]}]},{\"@type\":\"BreadcrumbList\",\"@id\":\"https:\\\/\\\/www.bellunopress.it\\\/2013\\\/03\\\/14\\\/gli-amici-della-biciletta-chiedono-maggior-sicurezza-sulle-strade-per-l-utenza-debole-sabato-sera-a-salce-la-fiaccolata-di-solidarieta\\\/#breadcrumb\",\"itemListElement\":[{\"@type\":\"ListItem\",\"position\":1,\"name\":\"Home\",\"item\":\"https:\\\/\\\/www.bellunopress.it\\\/\"},{\"@type\":\"ListItem\",\"position\":2,\"name\":\"Gli Amici della biciletta chiedono maggior sicurezza sulle strade per l&#8217; &#8220;utenza debole&#8221;. Sabato sera la comunit\u00e0 di Salce organizza la fiaccolata di solidariet\u00e0\"}]},{\"@type\":\"WebSite\",\"@id\":\"https:\\\/\\\/www.bellunopress.it\\\/#website\",\"url\":\"https:\\\/\\\/www.bellunopress.it\\\/\",\"name\":\"Bellunopress - Dolomiti\",\"description\":\"e-mail: redazione@bellunopress.it\",\"publisher\":{\"@id\":\"https:\\\/\\\/www.bellunopress.it\\\/#organization\"},\"potentialAction\":[{\"@type\":\"SearchAction\",\"target\":{\"@type\":\"EntryPoint\",\"urlTemplate\":\"https:\\\/\\\/www.bellunopress.it\\\/?s={search_term_string}\"},\"query-input\":{\"@type\":\"PropertyValueSpecification\",\"valueRequired\":true,\"valueName\":\"search_term_string\"}}],\"inLanguage\":\"fr-FR\"},{\"@type\":\"Organization\",\"@id\":\"https:\\\/\\\/www.bellunopress.it\\\/#organization\",\"name\":\"Bellunopress\",\"url\":\"https:\\\/\\\/www.bellunopress.it\\\/\",\"logo\":{\"@type\":\"ImageObject\",\"inLanguage\":\"fr-FR\",\"@id\":\"https:\\\/\\\/www.bellunopress.it\\\/#\\\/schema\\\/logo\\\/image\\\/\",\"url\":\"https:\\\/\\\/www.bellunopress.it\\\/wp-content\\\/uploads\\\/2011\\\/05\\\/cropped-logo-bellunopress-.jpg\",\"contentUrl\":\"https:\\\/\\\/www.bellunopress.it\\\/wp-content\\\/uploads\\\/2011\\\/05\\\/cropped-logo-bellunopress-.jpg\",\"width\":512,\"height\":512,\"caption\":\"Bellunopress\"},\"image\":{\"@id\":\"https:\\\/\\\/www.bellunopress.it\\\/#\\\/schema\\\/logo\\\/image\\\/\"},\"sameAs\":[\"https:\\\/\\\/www.facebook.com\\\/profile.php?id=100008943462799\",\"https:\\\/\\\/x.com\\\/bellunopress\",\"https:\\\/\\\/www.linkedin.com\\\/hp\\\/?dnr=JBzUWaJfMUw8vbXJJ2tVW5-I3jZKvC4wsoxE&amp;amp;amp;amp;amp;amp;trk=nav_responsive_tab_home\",\"https:\\\/\\\/www.youtube.com\\\/channel\\\/UCxL0wu1uN0_3_7hGG0306cw\"]},{\"@type\":\"Person\",\"@id\":\"https:\\\/\\\/www.bellunopress.it\\\/#\\\/schema\\\/person\\\/79bb06722b37ece1c03d3e94beb30d73\",\"name\":\"redazione\",\"image\":{\"@type\":\"ImageObject\",\"inLanguage\":\"fr-FR\",\"@id\":\"https:\\\/\\\/secure.gravatar.com\\\/avatar\\\/37d968a2e67a6fd04c169c4bdef102d0bc5d31b2546345219e348575eb80e9a0?s=96&d=mm&r=g\",\"url\":\"https:\\\/\\\/secure.gravatar.com\\\/avatar\\\/37d968a2e67a6fd04c169c4bdef102d0bc5d31b2546345219e348575eb80e9a0?s=96&d=mm&r=g\",\"contentUrl\":\"https:\\\/\\\/secure.gravatar.com\\\/avatar\\\/37d968a2e67a6fd04c169c4bdef102d0bc5d31b2546345219e348575eb80e9a0?s=96&d=mm&r=g\",\"caption\":\"redazione\"},\"sameAs\":[\"http:\\\/\\\/www.bellunopress.it\",\"https:\\\/\\\/x.com\\\/bellunopress\"],\"url\":\"https:\\\/\\\/www.bellunopress.it\\\/fr\\\/author\\\/redazione\\\/\"}]}<\/script>\n<!-- \/ Yoast SEO plugin. -->","yoast_head_json":{"title":"Gli Amici della biciletta chiedono maggior sicurezza sulle strade per l' \"utenza debole\". Sabato sera la comunit\u00e0 di Salce organizza la fiaccolata di solidariet\u00e0   - Bellunopress - Dolomiti","robots":{"index":"index","follow":"follow","max-snippet":"max-snippet:-1","max-image-preview":"max-image-preview:large","max-video-preview":"max-video-preview:-1"},"canonical":"https:\/\/www.bellunopress.it\/fr\/2013\/03\/14\/gli-amici-della-biciletta-chiedono-maggior-sicurezza-sulle-strade-per-l-utenza-debole-sabato-sera-a-salce-la-fiaccolata-di-solidarieta\/","og_locale":"fr_FR","og_type":"article","og_title":"Gli Amici della biciletta chiedono maggior sicurezza sulle strade per l' \"utenza debole\". Sabato sera la comunit\u00e0 di Salce organizza la fiaccolata di solidariet\u00e0   - Bellunopress - Dolomiti","og_description":"Gli Amici della Bicicletta di Belluno sono costernati, addolorati, attoniti davanti all\u2019ennesima vittima delle nostre strade insicure: Martina Bonavera di 13 anni. Martina \u00e8 morta, investita da un furgone, mentre andava a prendere l\u2019autobus per recarsi a scuola. Andava a piedi. Nel 2012 in Italia sono morti cos\u00ec, investiti dalle auto, oltre 600 pedoni e [&hellip;]","og_url":"https:\/\/www.bellunopress.it\/fr\/2013\/03\/14\/gli-amici-della-biciletta-chiedono-maggior-sicurezza-sulle-strade-per-l-utenza-debole-sabato-sera-a-salce-la-fiaccolata-di-solidarieta\/","og_site_name":"Bellunopress - Dolomiti","article_publisher":"https:\/\/www.facebook.com\/profile.php?id=100008943462799","article_published_time":"2013-03-14T14:19:09+00:00","article_modified_time":"2013-03-14T14:24:21+00:00","og_image":[{"url":"http:\/\/www.bellunopress.it\/wp-content\/uploads\/2012\/07\/logo-bellunopress-250x250-2012.jpg","type":"","width":"","height":""}],"author":"redazione","twitter_card":"summary_large_image","twitter_creator":"@bellunopress","twitter_site":"@bellunopress","twitter_misc":{"Written by":"redazione","Est. reading time":"2 minutes"},"schema":{"@context":"https:\/\/schema.org","@graph":[{"@type":"Article","@id":"https:\/\/www.bellunopress.it\/2013\/03\/14\/gli-amici-della-biciletta-chiedono-maggior-sicurezza-sulle-strade-per-l-utenza-debole-sabato-sera-a-salce-la-fiaccolata-di-solidarieta\/#article","isPartOf":{"@id":"https:\/\/www.bellunopress.it\/2013\/03\/14\/gli-amici-della-biciletta-chiedono-maggior-sicurezza-sulle-strade-per-l-utenza-debole-sabato-sera-a-salce-la-fiaccolata-di-solidarieta\/"},"author":{"name":"redazione","@id":"https:\/\/www.bellunopress.it\/#\/schema\/person\/79bb06722b37ece1c03d3e94beb30d73"},"headline":"Gli Amici della biciletta chiedono maggior sicurezza sulle strade per l&#8217; &#8220;utenza debole&#8221;. Sabato sera la comunit\u00e0 di Salce organizza la fiaccolata di solidariet\u00e0","datePublished":"2013-03-14T14:19:09+00:00","dateModified":"2013-03-14T14:24:21+00:00","mainEntityOfPage":{"@id":"https:\/\/www.bellunopress.it\/2013\/03\/14\/gli-amici-della-biciletta-chiedono-maggior-sicurezza-sulle-strade-per-l-utenza-debole-sabato-sera-a-salce-la-fiaccolata-di-solidarieta\/"},"wordCount":354,"publisher":{"@id":"https:\/\/www.bellunopress.it\/#organization"},"articleSection":["Lettere Opinioni","Prima Pagina"],"inLanguage":"fr-FR"},{"@type":"WebPage","@id":"https:\/\/www.bellunopress.it\/2013\/03\/14\/gli-amici-della-biciletta-chiedono-maggior-sicurezza-sulle-strade-per-l-utenza-debole-sabato-sera-a-salce-la-fiaccolata-di-solidarieta\/","url":"https:\/\/www.bellunopress.it\/2013\/03\/14\/gli-amici-della-biciletta-chiedono-maggior-sicurezza-sulle-strade-per-l-utenza-debole-sabato-sera-a-salce-la-fiaccolata-di-solidarieta\/","name":"Gli Amici della biciletta chiedono maggior sicurezza sulle strade per l' \"utenza debole\". Sabato sera la comunit\u00e0 di Salce organizza la fiaccolata di solidariet\u00e0 - Bellunopress - Dolomiti","isPartOf":{"@id":"https:\/\/www.bellunopress.it\/#website"},"datePublished":"2013-03-14T14:19:09+00:00","dateModified":"2013-03-14T14:24:21+00:00","breadcrumb":{"@id":"https:\/\/www.bellunopress.it\/2013\/03\/14\/gli-amici-della-biciletta-chiedono-maggior-sicurezza-sulle-strade-per-l-utenza-debole-sabato-sera-a-salce-la-fiaccolata-di-solidarieta\/#breadcrumb"},"inLanguage":"fr-FR","potentialAction":[{"@type":"ReadAction","target":["https:\/\/www.bellunopress.it\/2013\/03\/14\/gli-amici-della-biciletta-chiedono-maggior-sicurezza-sulle-strade-per-l-utenza-debole-sabato-sera-a-salce-la-fiaccolata-di-solidarieta\/"]}]},{"@type":"BreadcrumbList","@id":"https:\/\/www.bellunopress.it\/2013\/03\/14\/gli-amici-della-biciletta-chiedono-maggior-sicurezza-sulle-strade-per-l-utenza-debole-sabato-sera-a-salce-la-fiaccolata-di-solidarieta\/#breadcrumb","itemListElement":[{"@type":"ListItem","position":1,"name":"Home","item":"https:\/\/www.bellunopress.it\/"},{"@type":"ListItem","position":2,"name":"Gli Amici della biciletta chiedono maggior sicurezza sulle strade per l&#8217; &#8220;utenza debole&#8221;. Sabato sera la comunit\u00e0 di Salce organizza la fiaccolata di solidariet\u00e0"}]},{"@type":"WebSite","@id":"https:\/\/www.bellunopress.it\/#website","url":"https:\/\/www.bellunopress.it\/","name":"Bellunopress - Dolomiti","description":"e-mail: redazione@bellunopress.it","publisher":{"@id":"https:\/\/www.bellunopress.it\/#organization"},"potentialAction":[{"@type":"SearchAction","target":{"@type":"EntryPoint","urlTemplate":"https:\/\/www.bellunopress.it\/?s={search_term_string}"},"query-input":{"@type":"PropertyValueSpecification","valueRequired":true,"valueName":"search_term_string"}}],"inLanguage":"fr-FR"},{"@type":"Organization","@id":"https:\/\/www.bellunopress.it\/#organization","name":"Bellunopress","url":"https:\/\/www.bellunopress.it\/","logo":{"@type":"ImageObject","inLanguage":"fr-FR","@id":"https:\/\/www.bellunopress.it\/#\/schema\/logo\/image\/","url":"https:\/\/www.bellunopress.it\/wp-content\/uploads\/2011\/05\/cropped-logo-bellunopress-.jpg","contentUrl":"https:\/\/www.bellunopress.it\/wp-content\/uploads\/2011\/05\/cropped-logo-bellunopress-.jpg","width":512,"height":512,"caption":"Bellunopress"},"image":{"@id":"https:\/\/www.bellunopress.it\/#\/schema\/logo\/image\/"},"sameAs":["https:\/\/www.facebook.com\/profile.php?id=100008943462799","https:\/\/x.com\/bellunopress","https:\/\/www.linkedin.com\/hp\/?dnr=JBzUWaJfMUw8vbXJJ2tVW5-I3jZKvC4wsoxE&amp;amp;amp;amp;amp;amp;trk=nav_responsive_tab_home","https:\/\/www.youtube.com\/channel\/UCxL0wu1uN0_3_7hGG0306cw"]},{"@type":"Person","@id":"https:\/\/www.bellunopress.it\/#\/schema\/person\/79bb06722b37ece1c03d3e94beb30d73","name":"r\u00e9daction","image":{"@type":"ImageObject","inLanguage":"fr-FR","@id":"https:\/\/secure.gravatar.com\/avatar\/37d968a2e67a6fd04c169c4bdef102d0bc5d31b2546345219e348575eb80e9a0?s=96&d=mm&r=g","url":"https:\/\/secure.gravatar.com\/avatar\/37d968a2e67a6fd04c169c4bdef102d0bc5d31b2546345219e348575eb80e9a0?s=96&d=mm&r=g","contentUrl":"https:\/\/secure.gravatar.com\/avatar\/37d968a2e67a6fd04c169c4bdef102d0bc5d31b2546345219e348575eb80e9a0?s=96&d=mm&r=g","caption":"redazione"},"sameAs":["http:\/\/www.bellunopress.it","https:\/\/x.com\/bellunopress"],"url":"https:\/\/www.bellunopress.it\/fr\/author\/redazione\/"}]}},"_links":{"self":[{"href":"https:\/\/www.bellunopress.it\/fr\/wp-json\/wp\/v2\/posts\/47594","targetHints":{"allow":["GET"]}}],"collection":[{"href":"https:\/\/www.bellunopress.it\/fr\/wp-json\/wp\/v2\/posts"}],"about":[{"href":"https:\/\/www.bellunopress.it\/fr\/wp-json\/wp\/v2\/types\/post"}],"author":[{"embeddable":true,"href":"https:\/\/www.bellunopress.it\/fr\/wp-json\/wp\/v2\/users\/2"}],"replies":[{"embeddable":true,"href":"https:\/\/www.bellunopress.it\/fr\/wp-json\/wp\/v2\/comments?post=47594"}],"version-history":[{"count":3,"href":"https:\/\/www.bellunopress.it\/fr\/wp-json\/wp\/v2\/posts\/47594\/revisions"}],"predecessor-version":[{"id":47596,"href":"https:\/\/www.bellunopress.it\/fr\/wp-json\/wp\/v2\/posts\/47594\/revisions\/47596"}],"wp:attachment":[{"href":"https:\/\/www.bellunopress.it\/fr\/wp-json\/wp\/v2\/media?parent=47594"}],"wp:term":[{"taxonomy":"category","embeddable":true,"href":"https:\/\/www.bellunopress.it\/fr\/wp-json\/wp\/v2\/categories?post=47594"},{"taxonomy":"post_tag","embeddable":true,"href":"https:\/\/www.bellunopress.it\/fr\/wp-json\/wp\/v2\/tags?post=47594"}],"curies":[{"name":"wp","href":"https:\/\/api.w.org\/{rel}","templated":true}]}}